{"id":225027,"date":"2025-02-08T12:00:00","date_gmt":"2025-02-08T15:00:00","guid":{"rendered":"https:\/\/www.gaveanews.com\/?p=225027"},"modified":"2025-02-08T11:10:58","modified_gmt":"2025-02-08T14:10:58","slug":"a-declaracao-de-zinho-direcionada-ao-flamengo","status":"publish","type":"post","link":"https:\/\/www.gaveanews.com\/index.php\/2025\/02\/08\/a-declaracao-de-zinho-direcionada-ao-flamengo\/","title":{"rendered":"A declara\u00e7\u00e3o de Zinho direcionada ao Flamengo"},"content":{"rendered":"\n<p>Ex-jogador de destaque no futebol brasileiro, Zinho reafirmou sua forte liga\u00e7\u00e3o com o Flamengo durante o programa \u201cESPN FC\u201d. Com uma trajet\u00f3ria marcante no clube que o revelou, o ex-meia fez quest\u00e3o de exaltar sua gratid\u00e3o pelo Rubro-Negro, relembrando os momentos vividos e sua longa rela\u00e7\u00e3o com a equipe carioca.&nbsp;<\/p>\n\n\n\n<h2 class=\"wp-block-heading\" id=\"h-zinho-declara-sua-gratidao-pelo-flamengo\">Zinho declara sua gratid\u00e3o pelo Flamengo<\/h2>\n\n\n\n<p>Durante o programa da ESPN, Zinho fez quest\u00e3o de ressaltar sua gratid\u00e3o ao clube que o revelou, ele destacou o impacto do Flamengo em sua carreira:<\/p>\n\n\n\n<p>\u201cO look n\u00e3o \u00e9 preto, \u00e9 azul marinho, mas lembra o vermelho e preto, que eu vesti por 470 vezes, a camisa do Meng\u00e3o. Ent\u00e3o, sempre que poss\u00edvel, eu gosto de homenagear o Flamengo sim. \u00c9 muita gratid\u00e3o. Sou muito grato ao Flamengo, que me formou, me fez brilhar na carreira.\u201d<\/p>\n\n\n\n<p>Al\u00e9m disso, ele refor\u00e7ou que sua liga\u00e7\u00e3o com o clube vai muito al\u00e9m do tempo em que esteve em campo, porque foram mais de 16 anos construindo uma hist\u00f3ria na G\u00e1vea.<\/p>\n\n\n\n<h2 class=\"wp-block-heading\" id=\"h-numeros-de-zinho-pelo-flamengo\">N\u00fameros de Zinho pelo Flamengo<\/h2>\n\n\n\n<p>De acordo com o portal \u201cFla Estat\u00edstica\u201d, Zinho disputou 469 partidas e balan\u00e7ou as redes 63 vezes. Sendo assim, seu nome est\u00e1 eternizado na hist\u00f3ria do clube.<\/p>\n\n\n\n<p>Ele viveu duas passagens pela G\u00e1vea: a primeira, entre 1986 e 1992, e a segunda, j\u00e1 pr\u00f3ximo do fim da carreira, em 2004. Com isso, seu legado no Flamengo permanece vivo, principalmente entre os torcedores que acompanharam seu futebol refinado.<\/p>\n\n\n\n<h2 class=\"wp-block-heading\" id=\"h-o-flamengo-na-luta-pela-lideranca\">O Flamengo na luta pela lideran\u00e7a<\/h2>\n\n\n\n<p>Enquanto isso, o Flamengo segue sua busca pela ponta da tabela no Campeonato Carioca. Atualmente, o time ocupa a vice-lideran\u00e7a, com um jogo a menos que o Volta Redonda. Portanto, os pr\u00f3ximos compromissos ser\u00e3o decisivos para assumir a dianteira.<\/p>\n\n\n\n<p>O elenco de Filipe Lu\u00eds ter\u00e1 uma sequ\u00eancia intensa, enfrentando Fluminense, Botafogo e Vasco antes do fim da primeira fase. Por isso, cada ponto ser\u00e1 fundamental na briga pelo topo da tabela.<\/p>\n","protected":false},"excerpt":{"rendered":"<p>Ex-jogador de destaque no futebol brasileiro, Zinho reafirmou sua forte liga\u00e7\u00e3o com o Flamengo durante o programa \u201cESPN FC\u201d. Com uma trajet\u00f3ria marcante no clube que o revelou, o ex-meia fez quest\u00e3o de exaltar sua gratid\u00e3o pelo Rubro-Negro, relembrando os momentos vividos e sua longa rela\u00e7\u00e3o com a equipe carioca.&nbsp; Zinho declara sua gratid\u00e3o pelo [&hellip;]<\/p>\n","protected":false},"author":25,"featured_media":128167,"comment_status":"open","ping_status":"closed","sticky":false,"template":"","format":"standard","meta":{"footnotes":""},"categories":[1],"tags":[],"class_list":["post-225027","post","type-post","status-publish","format-standard","has-post-thumbnail","hentry","category-flamengo"],"yoast_head":"<!-- This site is optimized with the Yoast SEO Premium plugin v24.2 (Yoast SEO v26.9) - https:\/\/yoast.com\/product\/yoast-seo-premium-wordpress\/ -->\n<title>A declara\u00e7\u00e3o de Zinho direcionada ao Flamengo<\/title>\n<meta name=\"robots\" content=\"index, follow, max-snippet:-1, max-image-preview:large, max-video-preview:-1\" \/>\n<link rel=\"canonical\" href=\"https:\/\/www.gaveanews.com\/index.php\/2025\/02\/08\/a-declaracao-de-zinho-direcionada-ao-flamengo\/\" \/>\n<meta property=\"og:locale\" content=\"pt_BR\" \/>\n<meta property=\"og:type\" content=\"article\" \/>\n<meta property=\"og:title\" content=\"A declara\u00e7\u00e3o de Zinho direcionada ao Flamengo\" \/>\n<meta property=\"og:description\" content=\"Ex-jogador de destaque no futebol brasileiro, Zinho reafirmou sua forte liga\u00e7\u00e3o com o Flamengo durante o programa \u201cESPN FC\u201d. Com uma trajet\u00f3ria marcante no clube que o revelou, o ex-meia fez quest\u00e3o de exaltar sua gratid\u00e3o pelo Rubro-Negro, relembrando os momentos vividos e sua longa rela\u00e7\u00e3o com a equipe carioca.&nbsp; Zinho declara sua gratid\u00e3o pelo [&hellip;]\" \/>\n<meta property=\"og:url\" content=\"https:\/\/www.gaveanews.com\/index.php\/2025\/02\/08\/a-declaracao-de-zinho-direcionada-ao-flamengo\/\" \/>\n<meta property=\"og:site_name\" content=\"G\u00e1vea News\" \/>\n<meta property=\"article:publisher\" content=\"https:\/\/facebook.com\/gaveaNews\/\" \/>\n<meta property=\"article:published_time\" content=\"2025-02-08T15:00:00+00:00\" \/>\n<meta property=\"og:image\" content=\"https:\/\/www.gaveanews.com\/wp-content\/uploads\/Zinho-ex-jogador-e-comentarista-esportivo.webp\" \/>\n\t<meta property=\"og:image:width\" content=\"800\" \/>\n\t<meta property=\"og:image:height\" content=\"450\" \/>\n\t<meta property=\"og:image:type\" content=\"image\/webp\" \/>\n<meta name=\"author\" content=\"Rafaela Ladeira\" \/>\n<meta name=\"twitter:card\" content=\"summary_large_image\" \/>\n<meta name=\"twitter:label1\" content=\"Escrito por\" \/>\n\t<meta name=\"twitter:data1\" content=\"Rafaela Ladeira\" \/>\n\t<meta name=\"twitter:label2\" content=\"Est. tempo de leitura\" \/>\n\t<meta name=\"twitter:data2\" content=\"2 minutos\" \/>\n<script type=\"application\/ld+json\" class=\"yoast-schema-graph\">{\"@context\":\"https:\/\/schema.org\",\"@graph\":[{\"@type\":\"NewsArticle\",\"@id\":\"https:\/\/www.gaveanews.com\/index.php\/2025\/02\/08\/a-declaracao-de-zinho-direcionada-ao-flamengo\/#article\",\"isPartOf\":{\"@id\":\"https:\/\/www.gaveanews.com\/index.php\/2025\/02\/08\/a-declaracao-de-zinho-direcionada-ao-flamengo\/\"},\"author\":{\"name\":\"Rafaela Ladeira\",\"@id\":\"https:\/\/www.gaveanews.com\/#\/schema\/person\/0eb3e3fe1754f0205218538adbe8f5ed\"},\"headline\":\"A declara\u00e7\u00e3o de Zinho direcionada ao Flamengo\",\"datePublished\":\"2025-02-08T15:00:00+00:00\",\"mainEntityOfPage\":{\"@id\":\"https:\/\/www.gaveanews.com\/index.php\/2025\/02\/08\/a-declaracao-de-zinho-direcionada-ao-flamengo\/\"},\"wordCount\":343,\"commentCount\":0,\"image\":{\"@id\":\"https:\/\/www.gaveanews.com\/index.php\/2025\/02\/08\/a-declaracao-de-zinho-direcionada-ao-flamengo\/#primaryimage\"},\"thumbnailUrl\":\"https:\/\/www.gaveanews.com\/wp-content\/uploads\/Zinho-ex-jogador-e-comentarista-esportivo.webp\",\"articleSection\":[\"Flamengo\"],\"inLanguage\":\"pt-BR\",\"potentialAction\":[{\"@type\":\"CommentAction\",\"name\":\"Comment\",\"target\":[\"https:\/\/www.gaveanews.com\/index.php\/2025\/02\/08\/a-declaracao-de-zinho-direcionada-ao-flamengo\/#respond\"]}],\"copyrightYear\":\"2025\",\"copyrightHolder\":{\"@id\":\"https:\/\/www.gaveanews.com\/#organization\"}},{\"@type\":\"WebPage\",\"@id\":\"https:\/\/www.gaveanews.com\/index.php\/2025\/02\/08\/a-declaracao-de-zinho-direcionada-ao-flamengo\/\",\"url\":\"https:\/\/www.gaveanews.com\/index.php\/2025\/02\/08\/a-declaracao-de-zinho-direcionada-ao-flamengo\/\",\"name\":\"A declara\u00e7\u00e3o de Zinho direcionada ao Flamengo\",\"isPartOf\":{\"@id\":\"https:\/\/www.gaveanews.com\/#website\"},\"primaryImageOfPage\":{\"@id\":\"https:\/\/www.gaveanews.com\/index.php\/2025\/02\/08\/a-declaracao-de-zinho-direcionada-ao-flamengo\/#primaryimage\"},\"image\":{\"@id\":\"https:\/\/www.gaveanews.com\/index.php\/2025\/02\/08\/a-declaracao-de-zinho-direcionada-ao-flamengo\/#primaryimage\"},\"thumbnailUrl\":\"https:\/\/www.gaveanews.com\/wp-content\/uploads\/Zinho-ex-jogador-e-comentarista-esportivo.webp\",\"datePublished\":\"2025-02-08T15:00:00+00:00\",\"author\":{\"@id\":\"https:\/\/www.gaveanews.com\/#\/schema\/person\/0eb3e3fe1754f0205218538adbe8f5ed\"},\"breadcrumb\":{\"@id\":\"https:\/\/www.gaveanews.com\/index.php\/2025\/02\/08\/a-declaracao-de-zinho-direcionada-ao-flamengo\/#breadcrumb\"},\"inLanguage\":\"pt-BR\",\"potentialAction\":[{\"@type\":\"ReadAction\",\"target\":[\"https:\/\/www.gaveanews.com\/index.php\/2025\/02\/08\/a-declaracao-de-zinho-direcionada-ao-flamengo\/\"]}]},{\"@type\":\"ImageObject\",\"inLanguage\":\"pt-BR\",\"@id\":\"https:\/\/www.gaveanews.com\/index.php\/2025\/02\/08\/a-declaracao-de-zinho-direcionada-ao-flamengo\/#primaryimage\",\"url\":\"https:\/\/www.gaveanews.com\/wp-content\/uploads\/Zinho-ex-jogador-e-comentarista-esportivo.webp\",\"contentUrl\":\"https:\/\/www.gaveanews.com\/wp-content\/uploads\/Zinho-ex-jogador-e-comentarista-esportivo.webp\",\"width\":800,\"height\":450,\"caption\":\"Zinho ex-jogador e comentarista esportivo - Foto: Divulga\u00e7\u00e3o\"},{\"@type\":\"BreadcrumbList\",\"@id\":\"https:\/\/www.gaveanews.com\/index.php\/2025\/02\/08\/a-declaracao-de-zinho-direcionada-ao-flamengo\/#breadcrumb\",\"itemListElement\":[{\"@type\":\"ListItem\",\"position\":1,\"name\":\"Home\",\"item\":\"https:\/\/www.gaveanews.com\/\"},{\"@type\":\"ListItem\",\"position\":2,\"name\":\"A declara\u00e7\u00e3o de Zinho direcionada ao Flamengo\"}]},{\"@type\":\"WebSite\",\"@id\":\"https:\/\/www.gaveanews.com\/#website\",\"url\":\"https:\/\/www.gaveanews.com\/\",\"name\":\"G\u00e1vea News\",\"description\":\"Veja todas as not\u00edcias sobre o Flamengo: Contrata\u00e7\u00f5es, categorias de base, resultados das partidas, tabela de classifica\u00e7\u00e3o, pr\u00f3ximos jogos!\",\"potentialAction\":[{\"@type\":\"SearchAction\",\"target\":{\"@type\":\"EntryPoint\",\"urlTemplate\":\"https:\/\/www.gaveanews.com\/?s={search_term_string}\"},\"query-input\":{\"@type\":\"PropertyValueSpecification\",\"valueRequired\":true,\"valueName\":\"search_term_string\"}}],\"inLanguage\":\"pt-BR\"},{\"@type\":\"Person\",\"@id\":\"https:\/\/www.gaveanews.com\/#\/schema\/person\/0eb3e3fe1754f0205218538adbe8f5ed\",\"name\":\"Rafaela Ladeira\",\"image\":{\"@type\":\"ImageObject\",\"inLanguage\":\"pt-BR\",\"@id\":\"https:\/\/www.gaveanews.com\/#\/schema\/person\/image\/\",\"url\":\"https:\/\/secure.gravatar.com\/avatar\/c31f513acffd85eacab5730cbdfdbbf59f21ba5aeada8cd890acea879fbb2455?s=96&d=mm&r=g\",\"contentUrl\":\"https:\/\/secure.gravatar.com\/avatar\/c31f513acffd85eacab5730cbdfdbbf59f21ba5aeada8cd890acea879fbb2455?s=96&d=mm&r=g\",\"caption\":\"Rafaela Ladeira\"}}]}<\/script>\n<!-- \/ Yoast SEO Premium plugin. -->","yoast_head_json":{"title":"A declara\u00e7\u00e3o de Zinho direcionada ao Flamengo","robots":{"index":"index","follow":"follow","max-snippet":"max-snippet:-1","max-image-preview":"max-image-preview:large","max-video-preview":"max-video-preview:-1"},"canonical":"https:\/\/www.gaveanews.com\/index.php\/2025\/02\/08\/a-declaracao-de-zinho-direcionada-ao-flamengo\/","og_locale":"pt_BR","og_type":"article","og_title":"A declara\u00e7\u00e3o de Zinho direcionada ao Flamengo","og_description":"Ex-jogador de destaque no futebol brasileiro, Zinho reafirmou sua forte liga\u00e7\u00e3o com o Flamengo durante o programa \u201cESPN FC\u201d. Com uma trajet\u00f3ria marcante no clube que o revelou, o ex-meia fez quest\u00e3o de exaltar sua gratid\u00e3o pelo Rubro-Negro, relembrando os momentos vividos e sua longa rela\u00e7\u00e3o com a equipe carioca.&nbsp; Zinho declara sua gratid\u00e3o pelo [&hellip;]","og_url":"https:\/\/www.gaveanews.com\/index.php\/2025\/02\/08\/a-declaracao-de-zinho-direcionada-ao-flamengo\/","og_site_name":"G\u00e1vea News","article_publisher":"https:\/\/facebook.com\/gaveaNews\/","article_published_time":"2025-02-08T15:00:00+00:00","og_image":[{"width":800,"height":450,"url":"https:\/\/www.gaveanews.com\/wp-content\/uploads\/Zinho-ex-jogador-e-comentarista-esportivo.webp","type":"image\/webp"}],"author":"Rafaela Ladeira","twitter_card":"summary_large_image","twitter_misc":{"Escrito por":"Rafaela Ladeira","Est. tempo de leitura":"2 minutos"},"schema":{"@context":"https:\/\/schema.org","@graph":[{"@type":"NewsArticle","@id":"https:\/\/www.gaveanews.com\/index.php\/2025\/02\/08\/a-declaracao-de-zinho-direcionada-ao-flamengo\/#article","isPartOf":{"@id":"https:\/\/www.gaveanews.com\/index.php\/2025\/02\/08\/a-declaracao-de-zinho-direcionada-ao-flamengo\/"},"author":{"name":"Rafaela Ladeira","@id":"https:\/\/www.gaveanews.com\/#\/schema\/person\/0eb3e3fe1754f0205218538adbe8f5ed"},"headline":"A declara\u00e7\u00e3o de Zinho direcionada ao Flamengo","datePublished":"2025-02-08T15:00:00+00:00","mainEntityOfPage":{"@id":"https:\/\/www.gaveanews.com\/index.php\/2025\/02\/08\/a-declaracao-de-zinho-direcionada-ao-flamengo\/"},"wordCount":343,"commentCount":0,"image":{"@id":"https:\/\/www.gaveanews.com\/index.php\/2025\/02\/08\/a-declaracao-de-zinho-direcionada-ao-flamengo\/#primaryimage"},"thumbnailUrl":"https:\/\/www.gaveanews.com\/wp-content\/uploads\/Zinho-ex-jogador-e-comentarista-esportivo.webp","articleSection":["Flamengo"],"inLanguage":"pt-BR","potentialAction":[{"@type":"CommentAction","name":"Comment","target":["https:\/\/www.gaveanews.com\/index.php\/2025\/02\/08\/a-declaracao-de-zinho-direcionada-ao-flamengo\/#respond"]}],"copyrightYear":"2025","copyrightHolder":{"@id":"https:\/\/www.gaveanews.com\/#organization"}},{"@type":"WebPage","@id":"https:\/\/www.gaveanews.com\/index.php\/2025\/02\/08\/a-declaracao-de-zinho-direcionada-ao-flamengo\/","url":"https:\/\/www.gaveanews.com\/index.php\/2025\/02\/08\/a-declaracao-de-zinho-direcionada-ao-flamengo\/","name":"A declara\u00e7\u00e3o de Zinho direcionada ao Flamengo","isPartOf":{"@id":"https:\/\/www.gaveanews.com\/#website"},"primaryImageOfPage":{"@id":"https:\/\/www.gaveanews.com\/index.php\/2025\/02\/08\/a-declaracao-de-zinho-direcionada-ao-flamengo\/#primaryimage"},"image":{"@id":"https:\/\/www.gaveanews.com\/index.php\/2025\/02\/08\/a-declaracao-de-zinho-direcionada-ao-flamengo\/#primaryimage"},"thumbnailUrl":"https:\/\/www.gaveanews.com\/wp-content\/uploads\/Zinho-ex-jogador-e-comentarista-esportivo.webp","datePublished":"2025-02-08T15:00:00+00:00","author":{"@id":"https:\/\/www.gaveanews.com\/#\/schema\/person\/0eb3e3fe1754f0205218538adbe8f5ed"},"breadcrumb":{"@id":"https:\/\/www.gaveanews.com\/index.php\/2025\/02\/08\/a-declaracao-de-zinho-direcionada-ao-flamengo\/#breadcrumb"},"inLanguage":"pt-BR","potentialAction":[{"@type":"ReadAction","target":["https:\/\/www.gaveanews.com\/index.php\/2025\/02\/08\/a-declaracao-de-zinho-direcionada-ao-flamengo\/"]}]},{"@type":"ImageObject","inLanguage":"pt-BR","@id":"https:\/\/www.gaveanews.com\/index.php\/2025\/02\/08\/a-declaracao-de-zinho-direcionada-ao-flamengo\/#primaryimage","url":"https:\/\/www.gaveanews.com\/wp-content\/uploads\/Zinho-ex-jogador-e-comentarista-esportivo.webp","contentUrl":"https:\/\/www.gaveanews.com\/wp-content\/uploads\/Zinho-ex-jogador-e-comentarista-esportivo.webp","width":800,"height":450,"caption":"Zinho ex-jogador e comentarista esportivo - Foto: Divulga\u00e7\u00e3o"},{"@type":"BreadcrumbList","@id":"https:\/\/www.gaveanews.com\/index.php\/2025\/02\/08\/a-declaracao-de-zinho-direcionada-ao-flamengo\/#breadcrumb","itemListElement":[{"@type":"ListItem","position":1,"name":"Home","item":"https:\/\/www.gaveanews.com\/"},{"@type":"ListItem","position":2,"name":"A declara\u00e7\u00e3o de Zinho direcionada ao Flamengo"}]},{"@type":"WebSite","@id":"https:\/\/www.gaveanews.com\/#website","url":"https:\/\/www.gaveanews.com\/","name":"G\u00e1vea News","description":"Veja todas as not\u00edcias sobre o Flamengo: Contrata\u00e7\u00f5es, categorias de base, resultados das partidas, tabela de classifica\u00e7\u00e3o, pr\u00f3ximos jogos!","potentialAction":[{"@type":"SearchAction","target":{"@type":"EntryPoint","urlTemplate":"https:\/\/www.gaveanews.com\/?s={search_term_string}"},"query-input":{"@type":"PropertyValueSpecification","valueRequired":true,"valueName":"search_term_string"}}],"inLanguage":"pt-BR"},{"@type":"Person","@id":"https:\/\/www.gaveanews.com\/#\/schema\/person\/0eb3e3fe1754f0205218538adbe8f5ed","name":"Rafaela Ladeira","image":{"@type":"ImageObject","inLanguage":"pt-BR","@id":"https:\/\/www.gaveanews.com\/#\/schema\/person\/image\/","url":"https:\/\/secure.gravatar.com\/avatar\/c31f513acffd85eacab5730cbdfdbbf59f21ba5aeada8cd890acea879fbb2455?s=96&d=mm&r=g","contentUrl":"https:\/\/secure.gravatar.com\/avatar\/c31f513acffd85eacab5730cbdfdbbf59f21ba5aeada8cd890acea879fbb2455?s=96&d=mm&r=g","caption":"Rafaela Ladeira"}}]}},"_links":{"self":[{"href":"https:\/\/www.gaveanews.com\/index.php\/wp-json\/wp\/v2\/posts\/225027","targetHints":{"allow":["GET"]}}],"collection":[{"href":"https:\/\/www.gaveanews.com\/index.php\/wp-json\/wp\/v2\/posts"}],"about":[{"href":"https:\/\/www.gaveanews.com\/index.php\/wp-json\/wp\/v2\/types\/post"}],"author":[{"embeddable":true,"href":"https:\/\/www.gaveanews.com\/index.php\/wp-json\/wp\/v2\/users\/25"}],"replies":[{"embeddable":true,"href":"https:\/\/www.gaveanews.com\/index.php\/wp-json\/wp\/v2\/comments?post=225027"}],"version-history":[{"count":1,"href":"https:\/\/www.gaveanews.com\/index.php\/wp-json\/wp\/v2\/posts\/225027\/revisions"}],"predecessor-version":[{"id":225028,"href":"https:\/\/www.gaveanews.com\/index.php\/wp-json\/wp\/v2\/posts\/225027\/revisions\/225028"}],"wp:featuredmedia":[{"embeddable":true,"href":"https:\/\/www.gaveanews.com\/index.php\/wp-json\/wp\/v2\/media\/128167"}],"wp:attachment":[{"href":"https:\/\/www.gaveanews.com\/index.php\/wp-json\/wp\/v2\/media?parent=225027"}],"wp:term":[{"taxonomy":"category","embeddable":true,"href":"https:\/\/www.gaveanews.com\/index.php\/wp-json\/wp\/v2\/categories?post=225027"},{"taxonomy":"post_tag","embeddable":true,"href":"https:\/\/www.gaveanews.com\/index.php\/wp-json\/wp\/v2\/tags?post=225027"}],"curies":[{"name":"wp","href":"https:\/\/api.w.org\/{rel}","templated":true}]}}