{"id":225044,"date":"2025-02-08T11:35:00","date_gmt":"2025-02-08T14:35:00","guid":{"rendered":"https:\/\/www.gaveanews.com\/?p=225044"},"modified":"2025-02-08T11:07:11","modified_gmt":"2025-02-08T14:07:11","slug":"federacao-bahiana-nega-pedido-do-vitoria","status":"publish","type":"post","link":"https:\/\/www.gaveanews.com\/index.php\/2025\/02\/08\/federacao-bahiana-nega-pedido-do-vitoria\/","title":{"rendered":"Federa\u00e7\u00e3o Bahiana nega pedido do Vit\u00f3ria"},"content":{"rendered":"\n<p>A Federa\u00e7\u00e3o Bahiana de Futebol (FBF) tomou uma decis\u00e3o que gerou repercuss\u00e3o no cen\u00e1rio esportivo baiano. Em resposta \u00e0 solicita\u00e7\u00e3o do Vit\u00f3ria, a entidade manteve a programa\u00e7\u00e3o do jogo entre Barcelona de Ilh\u00e9us e Bahia no Barrad\u00e3o, v\u00e1lido pela oitava rodada do Campeonato Baiano. O confronto, marcado para o pr\u00f3ximo dia 15, foi inicialmente objeto de um pedido do presidente do Vit\u00f3ria, F\u00e1bio Mota, que solicitou a mudan\u00e7a de local devido a preocupa\u00e7\u00f5es com \u201camea\u00e7as de depreda\u00e7\u00e3o\u201d compartilhadas nas redes sociais.<\/p>\n\n\n\n<h2 class=\"wp-block-heading\" id=\"h-a-resposta-da-fbf\">A resposta da FBF<\/h2>\n\n\n\n<p>Em um of\u00edcio enviado na \u00faltima ter\u00e7a-feira, a FBF esclareceu os motivos para manter a partida no Barrad\u00e3o. Al\u00e9m disso, a Federa\u00e7\u00e3o ressaltou que a designa\u00e7\u00e3o do est\u00e1dio para o confronto foi fruto de um acordo entre as partes envolvidas, o que tamb\u00e9m possibilitou a realiza\u00e7\u00e3o do jogo entre Colo-Colo e Vit\u00f3ria na Fonte Nova. Isso porque o est\u00e1dio M\u00e1rio Pessoa, em Ilh\u00e9us, n\u00e3o oferece as condi\u00e7\u00f5es necess\u00e1rias para receber jogos de clubes da cidade, dificultando a defini\u00e7\u00e3o das rodadas do Campeonato Baiano.<\/p>\n\n\n\n<p>Vale destacar que, ap\u00f3s o pedido do Vit\u00f3ria, a FBF entrou em contato com a Pol\u00edcia Militar, que assegurou que o jogo ocorrer\u00e1 com todo o aparato de seguran\u00e7a necess\u00e1rio. Sendo assim, a Federa\u00e7\u00e3o garantiu a prote\u00e7\u00e3o dos envolvidos e a normalidade da partida, sem a necessidade de mudan\u00e7as no local.<\/p>\n\n\n\n<h2 class=\"wp-block-heading\" id=\"h-joia-da-princesa-surge-como-possibilidade\">Joia da Princesa surge como possibilidade<\/h2>\n\n\n\n<p>Embora o Barrad\u00e3o tenha sido mantido como palco do confronto, a FBF n\u00e3o descartou a possibilidade de altera\u00e7\u00e3o de local. Uma das op\u00e7\u00f5es seria o est\u00e1dio Joia da Princesa, em Feira de Santana, que passou recentemente por uma revitaliza\u00e7\u00e3o do gramado e ainda n\u00e3o foi utilizado nesta temporada. O Barcelona de Ilh\u00e9us, inclusive, chegou a consultar a Prefeitura de Feira de Santana sobre a viabilidade de realizar o jogo no est\u00e1dio. <\/p>\n\n\n\n<p>Segundo a prefeitura, o Joia da Princesa est\u00e1 liberado para receber partidas e poderia ser uma alternativa, caso necess\u00e1rio. A FBF aproveitou para ressaltar a import\u00e2ncia da colabora\u00e7\u00e3o entre os clubes da Bahia, especialmente quando se trata de equipes de menor porte. <\/p>\n\n\n\n<p>O of\u00edcio finalizou com um apelo \u00e0 sensibilidade dos clubes maiores, destacando que o esp\u00edrito do Campeonato Baiano deve ser o de uni\u00e3o, em que todos busquem ajudar uns aos outros, como demonstrado pela ajuda m\u00fatua nas partidas entre Vit\u00f3ria e Colo-Colo. Isso porque, com a defini\u00e7\u00e3o do jogo no Barrad\u00e3o, a log\u00edstica do Barcelona de Ilh\u00e9us foi mantida, e o clube confia na renda da partida para fortalecer suas finan\u00e7as, como aconteceu com o Colo-Colo.<\/p>\n\n\n\n<h2 class=\"wp-block-heading\" id=\"h-nota-da-fbf-enviada-ao-vitoria\">Nota da FBF enviada ao Vit\u00f3ria<\/h2>\n\n\n\n<p>&#8220;Acusamos a formaliza\u00e7\u00e3o do pleito de transfer\u00eancia da partida entre as equipes do BARCELONA Futebol Clube e Esporte Clube BAHIA, programada para o pr\u00f3ximo dia 15\/02\/2025, \u00e0s 16:00h, no est\u00e1dio Manoel Barradas (Barrad\u00e3o), com mando de campo da primeira. Inicialmente, lembramos que a designa\u00e7\u00e3o do jogo para o Barrad\u00e3o foi fruto de uma composi\u00e7\u00e3o entre partes, que, inclusive, possibilitou tamb\u00e9m a realiza\u00e7\u00e3o da partida entre COLO COLO e o VIT\u00d3RIA na Fonte Nova, porque, como \u00e9 de conhecimento maci\u00e7o, infelizmente as equipes do munic\u00edpio de Ilh\u00e9us\/BA n\u00e3o est\u00e3o podendo utilizar o est\u00e1dio M\u00e1rio Pessoa, o que vem dificultando imensamente a defini\u00e7\u00e3o das rodadas do Campeonato Baiano em curso, cuja montagem de tabelas \u00e9 sempre dificultada pela impossibilidade de conflitos com jogos de outras competi\u00e7\u00f5es, como Copa do Brasil e do Nordeste, e, neste ano, Sul Americana e Libertadores da Am\u00e9rica.<\/p>\n\n\n\n<p>Nesta linha de enormes dificuldades, imediatamente ap\u00f3s o recebimento do vosso pleito, mantivemos contato com a Pol\u00edcia Militar, \u00e0 qual encaminhamos o vosso of\u00edcio, e que, atrav\u00e9s do documento anexo, assegurou a realiza\u00e7\u00e3o da partida em quest\u00e3o com todo o aparato necess\u00e1rio e pronta atua\u00e7\u00e3o dos agentes p\u00fablicos de seguran\u00e7a. Aliado a tudo isso est\u00e1 a aus\u00eancia de outra pra\u00e7a esportiva para realiza\u00e7\u00e3o da supracitada partida, e ainda a log\u00edstica j\u00e1 desenvolvida pelo clube interiorano, que, por igual, confia na renda para colaborar com suas finan\u00e7as, a exemplo do que ocorreu com o COLO COLO. Pensamos, com a devida licen\u00e7a, que este deve ser sempre o esp\u00edrito do BAHIA e do VIT\u00d3RIA ao disputarem o Campeonato Baiano, tendo sensibilidade e procurando colaborar com as equipes de menor porte. Por fim, reiteramos manifesta\u00e7\u00f5es anteriores, enaltecendo vossa preocupa\u00e7\u00e3o com os temas relativos ao VIT\u00d3RIA, mas esclarecemos que o jogo est\u00e1 mantido conforme composi\u00e7\u00e3o anteriormente realizada entre os clubes e de acordo com o posicionamento de PM\/BA, contando assim com a vossa indispens\u00e1vel compreens\u00e3o&#8221;, diz a nota.<\/p>\n\n\n\n<p><\/p>\n","protected":false},"excerpt":{"rendered":"<p>A Federa\u00e7\u00e3o Bahiana de Futebol (FBF) tomou uma decis\u00e3o que gerou repercuss\u00e3o no cen\u00e1rio esportivo baiano. Em resposta \u00e0 solicita\u00e7\u00e3o do Vit\u00f3ria, a entidade manteve a programa\u00e7\u00e3o do jogo entre Barcelona de Ilh\u00e9us e Bahia no Barrad\u00e3o, v\u00e1lido pela oitava rodada do Campeonato Baiano. O confronto, marcado para o pr\u00f3ximo dia 15, foi inicialmente objeto [&hellip;]<\/p>\n","protected":false},"author":24,"featured_media":197944,"comment_status":"open","ping_status":"closed","sticky":false,"template":"","format":"standard","meta":{"footnotes":""},"categories":[153],"tags":[],"class_list":["post-225044","post","type-post","status-publish","format-standard","has-post-thumbnail","hentry","category-vitoria"],"yoast_head":"<!-- This site is optimized with the Yoast SEO Premium plugin v24.2 (Yoast SEO v26.9) - https:\/\/yoast.com\/product\/yoast-seo-premium-wordpress\/ -->\n<title>Federa\u00e7\u00e3o Bahiana nega pedido do Vit\u00f3ria<\/title>\n<meta name=\"robots\" content=\"index, follow, max-snippet:-1, max-image-preview:large, max-video-preview:-1\" \/>\n<link rel=\"canonical\" href=\"https:\/\/www.gaveanews.com\/index.php\/2025\/02\/08\/federacao-bahiana-nega-pedido-do-vitoria\/\" \/>\n<meta property=\"og:locale\" content=\"pt_BR\" \/>\n<meta property=\"og:type\" content=\"article\" \/>\n<meta property=\"og:title\" content=\"Federa\u00e7\u00e3o Bahiana nega pedido do Vit\u00f3ria\" \/>\n<meta property=\"og:description\" content=\"A Federa\u00e7\u00e3o Bahiana de Futebol (FBF) tomou uma decis\u00e3o que gerou repercuss\u00e3o no cen\u00e1rio esportivo baiano. Em resposta \u00e0 solicita\u00e7\u00e3o do Vit\u00f3ria, a entidade manteve a programa\u00e7\u00e3o do jogo entre Barcelona de Ilh\u00e9us e Bahia no Barrad\u00e3o, v\u00e1lido pela oitava rodada do Campeonato Baiano. O confronto, marcado para o pr\u00f3ximo dia 15, foi inicialmente objeto [&hellip;]\" \/>\n<meta property=\"og:url\" content=\"https:\/\/www.gaveanews.com\/index.php\/2025\/02\/08\/federacao-bahiana-nega-pedido-do-vitoria\/\" \/>\n<meta property=\"og:site_name\" content=\"G\u00e1vea News\" \/>\n<meta property=\"article:publisher\" content=\"https:\/\/facebook.com\/gaveaNews\/\" \/>\n<meta property=\"article:published_time\" content=\"2025-02-08T14:35:00+00:00\" \/>\n<meta property=\"og:image\" content=\"https:\/\/www.gaveanews.com\/wp-content\/uploads\/Vitoria-EC.webp\" \/>\n\t<meta property=\"og:image:width\" content=\"1024\" \/>\n\t<meta property=\"og:image:height\" content=\"576\" \/>\n\t<meta property=\"og:image:type\" content=\"image\/jpeg\" \/>\n<meta name=\"author\" content=\"Leandro Cardoso\" \/>\n<meta name=\"twitter:card\" content=\"summary_large_image\" \/>\n<meta name=\"twitter:label1\" content=\"Escrito por\" \/>\n\t<meta name=\"twitter:data1\" content=\"Leandro Cardoso\" \/>\n\t<meta name=\"twitter:label2\" content=\"Est. tempo de leitura\" \/>\n\t<meta name=\"twitter:data2\" content=\"5 minutos\" \/>\n<script type=\"application\/ld+json\" class=\"yoast-schema-graph\">{\"@context\":\"https:\/\/schema.org\",\"@graph\":[{\"@type\":\"NewsArticle\",\"@id\":\"https:\/\/www.gaveanews.com\/index.php\/2025\/02\/08\/federacao-bahiana-nega-pedido-do-vitoria\/#article\",\"isPartOf\":{\"@id\":\"https:\/\/www.gaveanews.com\/index.php\/2025\/02\/08\/federacao-bahiana-nega-pedido-do-vitoria\/\"},\"author\":{\"name\":\"Leandro Cardoso\",\"@id\":\"https:\/\/www.gaveanews.com\/#\/schema\/person\/2424ec6409bc3f068411fc5e4e9b6168\"},\"headline\":\"Federa\u00e7\u00e3o Bahiana nega pedido do Vit\u00f3ria\",\"datePublished\":\"2025-02-08T14:35:00+00:00\",\"mainEntityOfPage\":{\"@id\":\"https:\/\/www.gaveanews.com\/index.php\/2025\/02\/08\/federacao-bahiana-nega-pedido-do-vitoria\/\"},\"wordCount\":847,\"commentCount\":0,\"image\":{\"@id\":\"https:\/\/www.gaveanews.com\/index.php\/2025\/02\/08\/federacao-bahiana-nega-pedido-do-vitoria\/#primaryimage\"},\"thumbnailUrl\":\"https:\/\/www.gaveanews.com\/wp-content\/uploads\/Vitoria-EC.webp\",\"articleSection\":[\"Vit\u00f3ria\"],\"inLanguage\":\"pt-BR\",\"potentialAction\":[{\"@type\":\"CommentAction\",\"name\":\"Comment\",\"target\":[\"https:\/\/www.gaveanews.com\/index.php\/2025\/02\/08\/federacao-bahiana-nega-pedido-do-vitoria\/#respond\"]}],\"copyrightYear\":\"2025\",\"copyrightHolder\":{\"@id\":\"https:\/\/www.gaveanews.com\/#organization\"}},{\"@type\":\"WebPage\",\"@id\":\"https:\/\/www.gaveanews.com\/index.php\/2025\/02\/08\/federacao-bahiana-nega-pedido-do-vitoria\/\",\"url\":\"https:\/\/www.gaveanews.com\/index.php\/2025\/02\/08\/federacao-bahiana-nega-pedido-do-vitoria\/\",\"name\":\"Federa\u00e7\u00e3o Bahiana nega pedido do Vit\u00f3ria\",\"isPartOf\":{\"@id\":\"https:\/\/www.gaveanews.com\/#website\"},\"primaryImageOfPage\":{\"@id\":\"https:\/\/www.gaveanews.com\/index.php\/2025\/02\/08\/federacao-bahiana-nega-pedido-do-vitoria\/#primaryimage\"},\"image\":{\"@id\":\"https:\/\/www.gaveanews.com\/index.php\/2025\/02\/08\/federacao-bahiana-nega-pedido-do-vitoria\/#primaryimage\"},\"thumbnailUrl\":\"https:\/\/www.gaveanews.com\/wp-content\/uploads\/Vitoria-EC.webp\",\"datePublished\":\"2025-02-08T14:35:00+00:00\",\"author\":{\"@id\":\"https:\/\/www.gaveanews.com\/#\/schema\/person\/2424ec6409bc3f068411fc5e4e9b6168\"},\"breadcrumb\":{\"@id\":\"https:\/\/www.gaveanews.com\/index.php\/2025\/02\/08\/federacao-bahiana-nega-pedido-do-vitoria\/#breadcrumb\"},\"inLanguage\":\"pt-BR\",\"potentialAction\":[{\"@type\":\"ReadAction\",\"target\":[\"https:\/\/www.gaveanews.com\/index.php\/2025\/02\/08\/federacao-bahiana-nega-pedido-do-vitoria\/\"]}]},{\"@type\":\"ImageObject\",\"inLanguage\":\"pt-BR\",\"@id\":\"https:\/\/www.gaveanews.com\/index.php\/2025\/02\/08\/federacao-bahiana-nega-pedido-do-vitoria\/#primaryimage\",\"url\":\"https:\/\/www.gaveanews.com\/wp-content\/uploads\/Vitoria-EC.webp\",\"contentUrl\":\"https:\/\/www.gaveanews.com\/wp-content\/uploads\/Vitoria-EC.webp\",\"width\":1024,\"height\":576,\"caption\":\"Vit\u00f3ria EC (Foto: Twitter Vit\u00f3ria)\"},{\"@type\":\"BreadcrumbList\",\"@id\":\"https:\/\/www.gaveanews.com\/index.php\/2025\/02\/08\/federacao-bahiana-nega-pedido-do-vitoria\/#breadcrumb\",\"itemListElement\":[{\"@type\":\"ListItem\",\"position\":1,\"name\":\"Home\",\"item\":\"https:\/\/www.gaveanews.com\/\"},{\"@type\":\"ListItem\",\"position\":2,\"name\":\"Federa\u00e7\u00e3o Bahiana nega pedido do Vit\u00f3ria\"}]},{\"@type\":\"WebSite\",\"@id\":\"https:\/\/www.gaveanews.com\/#website\",\"url\":\"https:\/\/www.gaveanews.com\/\",\"name\":\"G\u00e1vea News\",\"description\":\"Veja todas as not\u00edcias sobre o Flamengo: Contrata\u00e7\u00f5es, categorias de base, resultados das partidas, tabela de classifica\u00e7\u00e3o, pr\u00f3ximos jogos!\",\"potentialAction\":[{\"@type\":\"SearchAction\",\"target\":{\"@type\":\"EntryPoint\",\"urlTemplate\":\"https:\/\/www.gaveanews.com\/?s={search_term_string}\"},\"query-input\":{\"@type\":\"PropertyValueSpecification\",\"valueRequired\":true,\"valueName\":\"search_term_string\"}}],\"inLanguage\":\"pt-BR\"},{\"@type\":\"Person\",\"@id\":\"https:\/\/www.gaveanews.com\/#\/schema\/person\/2424ec6409bc3f068411fc5e4e9b6168\",\"name\":\"Leandro Cardoso\",\"image\":{\"@type\":\"ImageObject\",\"inLanguage\":\"pt-BR\",\"@id\":\"https:\/\/www.gaveanews.com\/#\/schema\/person\/image\/\",\"url\":\"https:\/\/secure.gravatar.com\/avatar\/8ca179f9b55eefe9f376f5493ef25475bfa59fbc28ce937f6076ce20e523098f?s=96&d=mm&r=g\",\"contentUrl\":\"https:\/\/secure.gravatar.com\/avatar\/8ca179f9b55eefe9f376f5493ef25475bfa59fbc28ce937f6076ce20e523098f?s=96&d=mm&r=g\",\"caption\":\"Leandro Cardoso\"}}]}<\/script>\n<!-- \/ Yoast SEO Premium plugin. -->","yoast_head_json":{"title":"Federa\u00e7\u00e3o Bahiana nega pedido do Vit\u00f3ria","robots":{"index":"index","follow":"follow","max-snippet":"max-snippet:-1","max-image-preview":"max-image-preview:large","max-video-preview":"max-video-preview:-1"},"canonical":"https:\/\/www.gaveanews.com\/index.php\/2025\/02\/08\/federacao-bahiana-nega-pedido-do-vitoria\/","og_locale":"pt_BR","og_type":"article","og_title":"Federa\u00e7\u00e3o Bahiana nega pedido do Vit\u00f3ria","og_description":"A Federa\u00e7\u00e3o Bahiana de Futebol (FBF) tomou uma decis\u00e3o que gerou repercuss\u00e3o no cen\u00e1rio esportivo baiano. Em resposta \u00e0 solicita\u00e7\u00e3o do Vit\u00f3ria, a entidade manteve a programa\u00e7\u00e3o do jogo entre Barcelona de Ilh\u00e9us e Bahia no Barrad\u00e3o, v\u00e1lido pela oitava rodada do Campeonato Baiano. O confronto, marcado para o pr\u00f3ximo dia 15, foi inicialmente objeto [&hellip;]","og_url":"https:\/\/www.gaveanews.com\/index.php\/2025\/02\/08\/federacao-bahiana-nega-pedido-do-vitoria\/","og_site_name":"G\u00e1vea News","article_publisher":"https:\/\/facebook.com\/gaveaNews\/","article_published_time":"2025-02-08T14:35:00+00:00","og_image":[{"width":1024,"height":576,"url":"https:\/\/www.gaveanews.com\/wp-content\/uploads\/Vitoria-EC.webp","type":"image\/jpeg"}],"author":"Leandro Cardoso","twitter_card":"summary_large_image","twitter_misc":{"Escrito por":"Leandro Cardoso","Est. tempo de leitura":"5 minutos"},"schema":{"@context":"https:\/\/schema.org","@graph":[{"@type":"NewsArticle","@id":"https:\/\/www.gaveanews.com\/index.php\/2025\/02\/08\/federacao-bahiana-nega-pedido-do-vitoria\/#article","isPartOf":{"@id":"https:\/\/www.gaveanews.com\/index.php\/2025\/02\/08\/federacao-bahiana-nega-pedido-do-vitoria\/"},"author":{"name":"Leandro Cardoso","@id":"https:\/\/www.gaveanews.com\/#\/schema\/person\/2424ec6409bc3f068411fc5e4e9b6168"},"headline":"Federa\u00e7\u00e3o Bahiana nega pedido do Vit\u00f3ria","datePublished":"2025-02-08T14:35:00+00:00","mainEntityOfPage":{"@id":"https:\/\/www.gaveanews.com\/index.php\/2025\/02\/08\/federacao-bahiana-nega-pedido-do-vitoria\/"},"wordCount":847,"commentCount":0,"image":{"@id":"https:\/\/www.gaveanews.com\/index.php\/2025\/02\/08\/federacao-bahiana-nega-pedido-do-vitoria\/#primaryimage"},"thumbnailUrl":"https:\/\/www.gaveanews.com\/wp-content\/uploads\/Vitoria-EC.webp","articleSection":["Vit\u00f3ria"],"inLanguage":"pt-BR","potentialAction":[{"@type":"CommentAction","name":"Comment","target":["https:\/\/www.gaveanews.com\/index.php\/2025\/02\/08\/federacao-bahiana-nega-pedido-do-vitoria\/#respond"]}],"copyrightYear":"2025","copyrightHolder":{"@id":"https:\/\/www.gaveanews.com\/#organization"}},{"@type":"WebPage","@id":"https:\/\/www.gaveanews.com\/index.php\/2025\/02\/08\/federacao-bahiana-nega-pedido-do-vitoria\/","url":"https:\/\/www.gaveanews.com\/index.php\/2025\/02\/08\/federacao-bahiana-nega-pedido-do-vitoria\/","name":"Federa\u00e7\u00e3o Bahiana nega pedido do Vit\u00f3ria","isPartOf":{"@id":"https:\/\/www.gaveanews.com\/#website"},"primaryImageOfPage":{"@id":"https:\/\/www.gaveanews.com\/index.php\/2025\/02\/08\/federacao-bahiana-nega-pedido-do-vitoria\/#primaryimage"},"image":{"@id":"https:\/\/www.gaveanews.com\/index.php\/2025\/02\/08\/federacao-bahiana-nega-pedido-do-vitoria\/#primaryimage"},"thumbnailUrl":"https:\/\/www.gaveanews.com\/wp-content\/uploads\/Vitoria-EC.webp","datePublished":"2025-02-08T14:35:00+00:00","author":{"@id":"https:\/\/www.gaveanews.com\/#\/schema\/person\/2424ec6409bc3f068411fc5e4e9b6168"},"breadcrumb":{"@id":"https:\/\/www.gaveanews.com\/index.php\/2025\/02\/08\/federacao-bahiana-nega-pedido-do-vitoria\/#breadcrumb"},"inLanguage":"pt-BR","potentialAction":[{"@type":"ReadAction","target":["https:\/\/www.gaveanews.com\/index.php\/2025\/02\/08\/federacao-bahiana-nega-pedido-do-vitoria\/"]}]},{"@type":"ImageObject","inLanguage":"pt-BR","@id":"https:\/\/www.gaveanews.com\/index.php\/2025\/02\/08\/federacao-bahiana-nega-pedido-do-vitoria\/#primaryimage","url":"https:\/\/www.gaveanews.com\/wp-content\/uploads\/Vitoria-EC.webp","contentUrl":"https:\/\/www.gaveanews.com\/wp-content\/uploads\/Vitoria-EC.webp","width":1024,"height":576,"caption":"Vit\u00f3ria EC (Foto: Twitter Vit\u00f3ria)"},{"@type":"BreadcrumbList","@id":"https:\/\/www.gaveanews.com\/index.php\/2025\/02\/08\/federacao-bahiana-nega-pedido-do-vitoria\/#breadcrumb","itemListElement":[{"@type":"ListItem","position":1,"name":"Home","item":"https:\/\/www.gaveanews.com\/"},{"@type":"ListItem","position":2,"name":"Federa\u00e7\u00e3o Bahiana nega pedido do Vit\u00f3ria"}]},{"@type":"WebSite","@id":"https:\/\/www.gaveanews.com\/#website","url":"https:\/\/www.gaveanews.com\/","name":"G\u00e1vea News","description":"Veja todas as not\u00edcias sobre o Flamengo: Contrata\u00e7\u00f5es, categorias de base, resultados das partidas, tabela de classifica\u00e7\u00e3o, pr\u00f3ximos jogos!","potentialAction":[{"@type":"SearchAction","target":{"@type":"EntryPoint","urlTemplate":"https:\/\/www.gaveanews.com\/?s={search_term_string}"},"query-input":{"@type":"PropertyValueSpecification","valueRequired":true,"valueName":"search_term_string"}}],"inLanguage":"pt-BR"},{"@type":"Person","@id":"https:\/\/www.gaveanews.com\/#\/schema\/person\/2424ec6409bc3f068411fc5e4e9b6168","name":"Leandro Cardoso","image":{"@type":"ImageObject","inLanguage":"pt-BR","@id":"https:\/\/www.gaveanews.com\/#\/schema\/person\/image\/","url":"https:\/\/secure.gravatar.com\/avatar\/8ca179f9b55eefe9f376f5493ef25475bfa59fbc28ce937f6076ce20e523098f?s=96&d=mm&r=g","contentUrl":"https:\/\/secure.gravatar.com\/avatar\/8ca179f9b55eefe9f376f5493ef25475bfa59fbc28ce937f6076ce20e523098f?s=96&d=mm&r=g","caption":"Leandro Cardoso"}}]}},"_links":{"self":[{"href":"https:\/\/www.gaveanews.com\/index.php\/wp-json\/wp\/v2\/posts\/225044","targetHints":{"allow":["GET"]}}],"collection":[{"href":"https:\/\/www.gaveanews.com\/index.php\/wp-json\/wp\/v2\/posts"}],"about":[{"href":"https:\/\/www.gaveanews.com\/index.php\/wp-json\/wp\/v2\/types\/post"}],"author":[{"embeddable":true,"href":"https:\/\/www.gaveanews.com\/index.php\/wp-json\/wp\/v2\/users\/24"}],"replies":[{"embeddable":true,"href":"https:\/\/www.gaveanews.com\/index.php\/wp-json\/wp\/v2\/comments?post=225044"}],"version-history":[{"count":2,"href":"https:\/\/www.gaveanews.com\/index.php\/wp-json\/wp\/v2\/posts\/225044\/revisions"}],"predecessor-version":[{"id":225071,"href":"https:\/\/www.gaveanews.com\/index.php\/wp-json\/wp\/v2\/posts\/225044\/revisions\/225071"}],"wp:featuredmedia":[{"embeddable":true,"href":"https:\/\/www.gaveanews.com\/index.php\/wp-json\/wp\/v2\/media\/197944"}],"wp:attachment":[{"href":"https:\/\/www.gaveanews.com\/index.php\/wp-json\/wp\/v2\/media?parent=225044"}],"wp:term":[{"taxonomy":"category","embeddable":true,"href":"https:\/\/www.gaveanews.com\/index.php\/wp-json\/wp\/v2\/categories?post=225044"},{"taxonomy":"post_tag","embeddable":true,"href":"https:\/\/www.gaveanews.com\/index.php\/wp-json\/wp\/v2\/tags?post=225044"}],"curies":[{"name":"wp","href":"https:\/\/api.w.org\/{rel}","templated":true}]}}