{"id":225045,"date":"2025-02-08T11:05:00","date_gmt":"2025-02-08T14:05:00","guid":{"rendered":"https:\/\/www.gaveanews.com\/?p=225045"},"modified":"2025-02-08T11:04:09","modified_gmt":"2025-02-08T14:04:09","slug":"neymar-faz-pedido-e-santos-busca-atender-desejo-do-craque","status":"publish","type":"post","link":"https:\/\/www.gaveanews.com\/index.php\/2025\/02\/08\/neymar-faz-pedido-e-santos-busca-atender-desejo-do-craque\/","title":{"rendered":"Neymar faz pedido, e Santos busca atender desejo do craque"},"content":{"rendered":"\n<p>O Santos est\u00e1 fazendo movimentos estrat\u00e9gicos para explorar ao m\u00e1ximo a popularidade de Neymar em seu elenco. O presidente do clube, Marcelo Teixeira, entrou em contato com Augusto Melo, presidente do Corinthians, para discutir a possibilidade de transferir o jogo contra o \u00c1gua Santa, no dia 16 de fevereiro, para a Neo Qu\u00edmica Arena. <\/p>\n\n\n\n<p>Sendo assim, o Corinthians ainda avalia o pedido do rival e deve dar uma resposta em breve.<\/p>\n\n\n\n<h2 class=\"wp-block-heading\" id=\"h-neymar-deseja-jogar-em-estadios-com-grama-natural\">Neymar deseja jogar em est\u00e1dios com grama natural<\/h2>\n\n\n\n<p>Al\u00e9m disso, o Santos busca atender a um pedido de Neymar. O craque, que voltou ao Peixe recentemente, tem prefer\u00eancia por atuar em campos com grama natural, ao inv\u00e9s de grama sint\u00e9tica, como \u00e9 o caso do Pacaembu. <\/p>\n\n\n\n<p>Isso porque Neymar acredita que a grama natural oferece melhores condi\u00e7\u00f5es para o seu desempenho. Por isso, a solicita\u00e7\u00e3o do Santos \u00e9 que os jogos do time sejam disputados em est\u00e1dios que atendam a esse requisito.<\/p>\n\n\n\n<h2 class=\"wp-block-heading\">Neo Qu\u00edmica Arena como op\u00e7\u00e3o<\/h2>\n\n\n\n<p>Caso o Corinthians aceite o pedido do Santos, a Neo Qu\u00edmica Arena seria alugada ao rival para o confronto contra o \u00c1gua Santa. Dessa maneira, a transfer\u00eancia para o est\u00e1dio do Tim\u00e3o possibilitaria ao Santos um campo com grama natural, como Neymar prefere. <\/p>\n\n\n\n<p>A informa\u00e7\u00e3o sobre a negocia\u00e7\u00e3o foi confirmada pela reportagem do GE e foi inicialmente divulgada pela TNT.<\/p>\n\n\n\n<h2 class=\"wp-block-heading\">Hist\u00f3rico de parceria entre Santos e Corinthians<\/h2>\n\n\n\n<p>Vale destacar que esse n\u00e3o seria o primeiro encontro entre as duas equipes em um est\u00e1dio corintiano. No Campeonato Paulista do ano passado, o Alvinegro cedeu sua casa ao Santos para a disputa da semifinal, em que os santistas venceram o Red Bull Bragantino por 3 a 1. <\/p>\n\n\n\n<p>Desse jeito, a parceria entre os clubes j\u00e1 mostrou bons resultados, com a presen\u00e7a de mais de 44 mil torcedores no est\u00e1dio.<\/p>\n\n\n\n<h2 class=\"wp-block-heading\" id=\"h-jogo-contra-o-agua-santa\">Jogo contra o \u00c1gua Santa<\/h2>\n\n\n\n<p>O jogo contra o \u00c1gua Santa, v\u00e1lido pela 10\u00aa rodada da fase de grupos do Campeonato Paulista, est\u00e1 inicialmente marcado para a Vila Belmiro, mas o pedido de Neymar pode mudar esse cen\u00e1rio. <\/p>\n\n\n\n<p>Portanto, resta aguardar a decis\u00e3o final do Corinthians sobre a solicita\u00e7\u00e3o do Santos.<\/p>\n","protected":false},"excerpt":{"rendered":"<p>O Santos est\u00e1 fazendo movimentos estrat\u00e9gicos para explorar ao m\u00e1ximo a popularidade de Neymar em seu elenco. O presidente do clube, Marcelo Teixeira, entrou em contato com Augusto Melo, presidente do Corinthians, para discutir a possibilidade de transferir o jogo contra o \u00c1gua Santa, no dia 16 de fevereiro, para a Neo Qu\u00edmica Arena. Sendo [&hellip;]<\/p>\n","protected":false},"author":25,"featured_media":221596,"comment_status":"open","ping_status":"closed","sticky":false,"template":"","format":"standard","meta":{"footnotes":""},"categories":[139],"tags":[],"class_list":["post-225045","post","type-post","status-publish","format-standard","has-post-thumbnail","hentry","category-santos"],"yoast_head":"<!-- This site is optimized with the Yoast SEO Premium plugin v24.2 (Yoast SEO v26.9) - https:\/\/yoast.com\/product\/yoast-seo-premium-wordpress\/ -->\n<title>Neymar faz pedido, e Santos busca atender desejo do craque<\/title>\n<meta name=\"robots\" content=\"index, follow, max-snippet:-1, max-image-preview:large, max-video-preview:-1\" \/>\n<link rel=\"canonical\" href=\"https:\/\/www.gaveanews.com\/index.php\/2025\/02\/08\/neymar-faz-pedido-e-santos-busca-atender-desejo-do-craque\/\" \/>\n<meta property=\"og:locale\" content=\"pt_BR\" \/>\n<meta property=\"og:type\" content=\"article\" \/>\n<meta property=\"og:title\" content=\"Neymar faz pedido, e Santos busca atender desejo do craque\" \/>\n<meta property=\"og:description\" content=\"O Santos est\u00e1 fazendo movimentos estrat\u00e9gicos para explorar ao m\u00e1ximo a popularidade de Neymar em seu elenco. O presidente do clube, Marcelo Teixeira, entrou em contato com Augusto Melo, presidente do Corinthians, para discutir a possibilidade de transferir o jogo contra o \u00c1gua Santa, no dia 16 de fevereiro, para a Neo Qu\u00edmica Arena. Sendo [&hellip;]\" \/>\n<meta property=\"og:url\" content=\"https:\/\/www.gaveanews.com\/index.php\/2025\/02\/08\/neymar-faz-pedido-e-santos-busca-atender-desejo-do-craque\/\" \/>\n<meta property=\"og:site_name\" content=\"G\u00e1vea News\" \/>\n<meta property=\"article:publisher\" content=\"https:\/\/facebook.com\/gaveaNews\/\" \/>\n<meta property=\"article:published_time\" content=\"2025-02-08T14:05:00+00:00\" \/>\n<meta property=\"og:image\" content=\"http:\/\/www.gaveanews.com\/wp-content\/uploads\/Neymar-pelo-Santos.webp\" \/>\n\t<meta property=\"og:image:width\" content=\"517\" \/>\n\t<meta property=\"og:image:height\" content=\"689\" \/>\n\t<meta property=\"og:image:type\" content=\"image\/jpeg\" \/>\n<meta name=\"author\" content=\"Rafaela Ladeira\" \/>\n<meta name=\"twitter:card\" content=\"summary_large_image\" \/>\n<meta name=\"twitter:label1\" content=\"Escrito por\" \/>\n\t<meta name=\"twitter:data1\" content=\"Rafaela Ladeira\" \/>\n\t<meta name=\"twitter:label2\" content=\"Est. tempo de leitura\" \/>\n\t<meta name=\"twitter:data2\" content=\"3 minutos\" \/>\n<script type=\"application\/ld+json\" class=\"yoast-schema-graph\">{\"@context\":\"https:\/\/schema.org\",\"@graph\":[{\"@type\":\"NewsArticle\",\"@id\":\"https:\/\/www.gaveanews.com\/index.php\/2025\/02\/08\/neymar-faz-pedido-e-santos-busca-atender-desejo-do-craque\/#article\",\"isPartOf\":{\"@id\":\"https:\/\/www.gaveanews.com\/index.php\/2025\/02\/08\/neymar-faz-pedido-e-santos-busca-atender-desejo-do-craque\/\"},\"author\":{\"name\":\"Rafaela Ladeira\",\"@id\":\"https:\/\/www.gaveanews.com\/#\/schema\/person\/0eb3e3fe1754f0205218538adbe8f5ed\"},\"headline\":\"Neymar faz pedido, e Santos busca atender desejo do craque\",\"datePublished\":\"2025-02-08T14:05:00+00:00\",\"mainEntityOfPage\":{\"@id\":\"https:\/\/www.gaveanews.com\/index.php\/2025\/02\/08\/neymar-faz-pedido-e-santos-busca-atender-desejo-do-craque\/\"},\"wordCount\":377,\"commentCount\":0,\"image\":{\"@id\":\"https:\/\/www.gaveanews.com\/index.php\/2025\/02\/08\/neymar-faz-pedido-e-santos-busca-atender-desejo-do-craque\/#primaryimage\"},\"thumbnailUrl\":\"https:\/\/www.gaveanews.com\/wp-content\/uploads\/Neymar-pelo-Santos.webp\",\"articleSection\":[\"Santos\"],\"inLanguage\":\"pt-BR\",\"potentialAction\":[{\"@type\":\"CommentAction\",\"name\":\"Comment\",\"target\":[\"https:\/\/www.gaveanews.com\/index.php\/2025\/02\/08\/neymar-faz-pedido-e-santos-busca-atender-desejo-do-craque\/#respond\"]}],\"copyrightYear\":\"2025\",\"copyrightHolder\":{\"@id\":\"https:\/\/www.gaveanews.com\/#organization\"}},{\"@type\":\"WebPage\",\"@id\":\"https:\/\/www.gaveanews.com\/index.php\/2025\/02\/08\/neymar-faz-pedido-e-santos-busca-atender-desejo-do-craque\/\",\"url\":\"https:\/\/www.gaveanews.com\/index.php\/2025\/02\/08\/neymar-faz-pedido-e-santos-busca-atender-desejo-do-craque\/\",\"name\":\"Neymar faz pedido, e Santos busca atender desejo do craque\",\"isPartOf\":{\"@id\":\"https:\/\/www.gaveanews.com\/#website\"},\"primaryImageOfPage\":{\"@id\":\"https:\/\/www.gaveanews.com\/index.php\/2025\/02\/08\/neymar-faz-pedido-e-santos-busca-atender-desejo-do-craque\/#primaryimage\"},\"image\":{\"@id\":\"https:\/\/www.gaveanews.com\/index.php\/2025\/02\/08\/neymar-faz-pedido-e-santos-busca-atender-desejo-do-craque\/#primaryimage\"},\"thumbnailUrl\":\"https:\/\/www.gaveanews.com\/wp-content\/uploads\/Neymar-pelo-Santos.webp\",\"datePublished\":\"2025-02-08T14:05:00+00:00\",\"author\":{\"@id\":\"https:\/\/www.gaveanews.com\/#\/schema\/person\/0eb3e3fe1754f0205218538adbe8f5ed\"},\"breadcrumb\":{\"@id\":\"https:\/\/www.gaveanews.com\/index.php\/2025\/02\/08\/neymar-faz-pedido-e-santos-busca-atender-desejo-do-craque\/#breadcrumb\"},\"inLanguage\":\"pt-BR\",\"potentialAction\":[{\"@type\":\"ReadAction\",\"target\":[\"https:\/\/www.gaveanews.com\/index.php\/2025\/02\/08\/neymar-faz-pedido-e-santos-busca-atender-desejo-do-craque\/\"]}]},{\"@type\":\"ImageObject\",\"inLanguage\":\"pt-BR\",\"@id\":\"https:\/\/www.gaveanews.com\/index.php\/2025\/02\/08\/neymar-faz-pedido-e-santos-busca-atender-desejo-do-craque\/#primaryimage\",\"url\":\"https:\/\/www.gaveanews.com\/wp-content\/uploads\/Neymar-pelo-Santos.webp\",\"contentUrl\":\"https:\/\/www.gaveanews.com\/wp-content\/uploads\/Neymar-pelo-Santos.webp\",\"width\":517,\"height\":689,\"caption\":\"Neymar pelo Santos (Foto: GuilhermeKastner \/ Santos FC)\"},{\"@type\":\"BreadcrumbList\",\"@id\":\"https:\/\/www.gaveanews.com\/index.php\/2025\/02\/08\/neymar-faz-pedido-e-santos-busca-atender-desejo-do-craque\/#breadcrumb\",\"itemListElement\":[{\"@type\":\"ListItem\",\"position\":1,\"name\":\"Home\",\"item\":\"https:\/\/www.gaveanews.com\/\"},{\"@type\":\"ListItem\",\"position\":2,\"name\":\"Neymar faz pedido, e Santos busca atender desejo do craque\"}]},{\"@type\":\"WebSite\",\"@id\":\"https:\/\/www.gaveanews.com\/#website\",\"url\":\"https:\/\/www.gaveanews.com\/\",\"name\":\"G\u00e1vea News\",\"description\":\"Veja todas as not\u00edcias sobre o Flamengo: Contrata\u00e7\u00f5es, categorias de base, resultados das partidas, tabela de classifica\u00e7\u00e3o, pr\u00f3ximos jogos!\",\"potentialAction\":[{\"@type\":\"SearchAction\",\"target\":{\"@type\":\"EntryPoint\",\"urlTemplate\":\"https:\/\/www.gaveanews.com\/?s={search_term_string}\"},\"query-input\":{\"@type\":\"PropertyValueSpecification\",\"valueRequired\":true,\"valueName\":\"search_term_string\"}}],\"inLanguage\":\"pt-BR\"},{\"@type\":\"Person\",\"@id\":\"https:\/\/www.gaveanews.com\/#\/schema\/person\/0eb3e3fe1754f0205218538adbe8f5ed\",\"name\":\"Rafaela Ladeira\",\"image\":{\"@type\":\"ImageObject\",\"inLanguage\":\"pt-BR\",\"@id\":\"https:\/\/www.gaveanews.com\/#\/schema\/person\/image\/\",\"url\":\"https:\/\/secure.gravatar.com\/avatar\/c31f513acffd85eacab5730cbdfdbbf59f21ba5aeada8cd890acea879fbb2455?s=96&d=mm&r=g\",\"contentUrl\":\"https:\/\/secure.gravatar.com\/avatar\/c31f513acffd85eacab5730cbdfdbbf59f21ba5aeada8cd890acea879fbb2455?s=96&d=mm&r=g\",\"caption\":\"Rafaela Ladeira\"}}]}<\/script>\n<!-- \/ Yoast SEO Premium plugin. -->","yoast_head_json":{"title":"Neymar faz pedido, e Santos busca atender desejo do craque","robots":{"index":"index","follow":"follow","max-snippet":"max-snippet:-1","max-image-preview":"max-image-preview:large","max-video-preview":"max-video-preview:-1"},"canonical":"https:\/\/www.gaveanews.com\/index.php\/2025\/02\/08\/neymar-faz-pedido-e-santos-busca-atender-desejo-do-craque\/","og_locale":"pt_BR","og_type":"article","og_title":"Neymar faz pedido, e Santos busca atender desejo do craque","og_description":"O Santos est\u00e1 fazendo movimentos estrat\u00e9gicos para explorar ao m\u00e1ximo a popularidade de Neymar em seu elenco. O presidente do clube, Marcelo Teixeira, entrou em contato com Augusto Melo, presidente do Corinthians, para discutir a possibilidade de transferir o jogo contra o \u00c1gua Santa, no dia 16 de fevereiro, para a Neo Qu\u00edmica Arena. Sendo [&hellip;]","og_url":"https:\/\/www.gaveanews.com\/index.php\/2025\/02\/08\/neymar-faz-pedido-e-santos-busca-atender-desejo-do-craque\/","og_site_name":"G\u00e1vea News","article_publisher":"https:\/\/facebook.com\/gaveaNews\/","article_published_time":"2025-02-08T14:05:00+00:00","og_image":[{"width":517,"height":689,"url":"http:\/\/www.gaveanews.com\/wp-content\/uploads\/Neymar-pelo-Santos.webp","type":"image\/jpeg"}],"author":"Rafaela Ladeira","twitter_card":"summary_large_image","twitter_misc":{"Escrito por":"Rafaela Ladeira","Est. tempo de leitura":"3 minutos"},"schema":{"@context":"https:\/\/schema.org","@graph":[{"@type":"NewsArticle","@id":"https:\/\/www.gaveanews.com\/index.php\/2025\/02\/08\/neymar-faz-pedido-e-santos-busca-atender-desejo-do-craque\/#article","isPartOf":{"@id":"https:\/\/www.gaveanews.com\/index.php\/2025\/02\/08\/neymar-faz-pedido-e-santos-busca-atender-desejo-do-craque\/"},"author":{"name":"Rafaela Ladeira","@id":"https:\/\/www.gaveanews.com\/#\/schema\/person\/0eb3e3fe1754f0205218538adbe8f5ed"},"headline":"Neymar faz pedido, e Santos busca atender desejo do craque","datePublished":"2025-02-08T14:05:00+00:00","mainEntityOfPage":{"@id":"https:\/\/www.gaveanews.com\/index.php\/2025\/02\/08\/neymar-faz-pedido-e-santos-busca-atender-desejo-do-craque\/"},"wordCount":377,"commentCount":0,"image":{"@id":"https:\/\/www.gaveanews.com\/index.php\/2025\/02\/08\/neymar-faz-pedido-e-santos-busca-atender-desejo-do-craque\/#primaryimage"},"thumbnailUrl":"https:\/\/www.gaveanews.com\/wp-content\/uploads\/Neymar-pelo-Santos.webp","articleSection":["Santos"],"inLanguage":"pt-BR","potentialAction":[{"@type":"CommentAction","name":"Comment","target":["https:\/\/www.gaveanews.com\/index.php\/2025\/02\/08\/neymar-faz-pedido-e-santos-busca-atender-desejo-do-craque\/#respond"]}],"copyrightYear":"2025","copyrightHolder":{"@id":"https:\/\/www.gaveanews.com\/#organization"}},{"@type":"WebPage","@id":"https:\/\/www.gaveanews.com\/index.php\/2025\/02\/08\/neymar-faz-pedido-e-santos-busca-atender-desejo-do-craque\/","url":"https:\/\/www.gaveanews.com\/index.php\/2025\/02\/08\/neymar-faz-pedido-e-santos-busca-atender-desejo-do-craque\/","name":"Neymar faz pedido, e Santos busca atender desejo do craque","isPartOf":{"@id":"https:\/\/www.gaveanews.com\/#website"},"primaryImageOfPage":{"@id":"https:\/\/www.gaveanews.com\/index.php\/2025\/02\/08\/neymar-faz-pedido-e-santos-busca-atender-desejo-do-craque\/#primaryimage"},"image":{"@id":"https:\/\/www.gaveanews.com\/index.php\/2025\/02\/08\/neymar-faz-pedido-e-santos-busca-atender-desejo-do-craque\/#primaryimage"},"thumbnailUrl":"https:\/\/www.gaveanews.com\/wp-content\/uploads\/Neymar-pelo-Santos.webp","datePublished":"2025-02-08T14:05:00+00:00","author":{"@id":"https:\/\/www.gaveanews.com\/#\/schema\/person\/0eb3e3fe1754f0205218538adbe8f5ed"},"breadcrumb":{"@id":"https:\/\/www.gaveanews.com\/index.php\/2025\/02\/08\/neymar-faz-pedido-e-santos-busca-atender-desejo-do-craque\/#breadcrumb"},"inLanguage":"pt-BR","potentialAction":[{"@type":"ReadAction","target":["https:\/\/www.gaveanews.com\/index.php\/2025\/02\/08\/neymar-faz-pedido-e-santos-busca-atender-desejo-do-craque\/"]}]},{"@type":"ImageObject","inLanguage":"pt-BR","@id":"https:\/\/www.gaveanews.com\/index.php\/2025\/02\/08\/neymar-faz-pedido-e-santos-busca-atender-desejo-do-craque\/#primaryimage","url":"https:\/\/www.gaveanews.com\/wp-content\/uploads\/Neymar-pelo-Santos.webp","contentUrl":"https:\/\/www.gaveanews.com\/wp-content\/uploads\/Neymar-pelo-Santos.webp","width":517,"height":689,"caption":"Neymar pelo Santos (Foto: GuilhermeKastner \/ Santos FC)"},{"@type":"BreadcrumbList","@id":"https:\/\/www.gaveanews.com\/index.php\/2025\/02\/08\/neymar-faz-pedido-e-santos-busca-atender-desejo-do-craque\/#breadcrumb","itemListElement":[{"@type":"ListItem","position":1,"name":"Home","item":"https:\/\/www.gaveanews.com\/"},{"@type":"ListItem","position":2,"name":"Neymar faz pedido, e Santos busca atender desejo do craque"}]},{"@type":"WebSite","@id":"https:\/\/www.gaveanews.com\/#website","url":"https:\/\/www.gaveanews.com\/","name":"G\u00e1vea News","description":"Veja todas as not\u00edcias sobre o Flamengo: Contrata\u00e7\u00f5es, categorias de base, resultados das partidas, tabela de classifica\u00e7\u00e3o, pr\u00f3ximos jogos!","potentialAction":[{"@type":"SearchAction","target":{"@type":"EntryPoint","urlTemplate":"https:\/\/www.gaveanews.com\/?s={search_term_string}"},"query-input":{"@type":"PropertyValueSpecification","valueRequired":true,"valueName":"search_term_string"}}],"inLanguage":"pt-BR"},{"@type":"Person","@id":"https:\/\/www.gaveanews.com\/#\/schema\/person\/0eb3e3fe1754f0205218538adbe8f5ed","name":"Rafaela Ladeira","image":{"@type":"ImageObject","inLanguage":"pt-BR","@id":"https:\/\/www.gaveanews.com\/#\/schema\/person\/image\/","url":"https:\/\/secure.gravatar.com\/avatar\/c31f513acffd85eacab5730cbdfdbbf59f21ba5aeada8cd890acea879fbb2455?s=96&d=mm&r=g","contentUrl":"https:\/\/secure.gravatar.com\/avatar\/c31f513acffd85eacab5730cbdfdbbf59f21ba5aeada8cd890acea879fbb2455?s=96&d=mm&r=g","caption":"Rafaela Ladeira"}}]}},"_links":{"self":[{"href":"https:\/\/www.gaveanews.com\/index.php\/wp-json\/wp\/v2\/posts\/225045","targetHints":{"allow":["GET"]}}],"collection":[{"href":"https:\/\/www.gaveanews.com\/index.php\/wp-json\/wp\/v2\/posts"}],"about":[{"href":"https:\/\/www.gaveanews.com\/index.php\/wp-json\/wp\/v2\/types\/post"}],"author":[{"embeddable":true,"href":"https:\/\/www.gaveanews.com\/index.php\/wp-json\/wp\/v2\/users\/25"}],"replies":[{"embeddable":true,"href":"https:\/\/www.gaveanews.com\/index.php\/wp-json\/wp\/v2\/comments?post=225045"}],"version-history":[{"count":2,"href":"https:\/\/www.gaveanews.com\/index.php\/wp-json\/wp\/v2\/posts\/225045\/revisions"}],"predecessor-version":[{"id":225055,"href":"https:\/\/www.gaveanews.com\/index.php\/wp-json\/wp\/v2\/posts\/225045\/revisions\/225055"}],"wp:featuredmedia":[{"embeddable":true,"href":"https:\/\/www.gaveanews.com\/index.php\/wp-json\/wp\/v2\/media\/221596"}],"wp:attachment":[{"href":"https:\/\/www.gaveanews.com\/index.php\/wp-json\/wp\/v2\/media?parent=225045"}],"wp:term":[{"taxonomy":"category","embeddable":true,"href":"https:\/\/www.gaveanews.com\/index.php\/wp-json\/wp\/v2\/categories?post=225045"},{"taxonomy":"post_tag","embeddable":true,"href":"https:\/\/www.gaveanews.com\/index.php\/wp-json\/wp\/v2\/tags?post=225045"}],"curies":[{"name":"wp","href":"https:\/\/api.w.org\/{rel}","templated":true}]}}