{"id":225049,"date":"2025-02-08T11:20:00","date_gmt":"2025-02-08T14:20:00","guid":{"rendered":"https:\/\/www.gaveanews.com\/?p=225049"},"modified":"2025-02-08T11:06:10","modified_gmt":"2025-02-08T14:06:10","slug":"cruzeiro-acerta-saida-de-jogador","status":"publish","type":"post","link":"https:\/\/www.gaveanews.com\/index.php\/2025\/02\/08\/cruzeiro-acerta-saida-de-jogador\/","title":{"rendered":"Cruzeiro acerta sa\u00edda de jogador"},"content":{"rendered":"\n<p>O Cruzeiro deu mais um passo importante na reestrutura\u00e7\u00e3o do elenco. O lateral direito Helibelton Palacios, que n\u00e3o estava nos planos da Raposa, foi oficializado como refor\u00e7o do Millonarios, da Col\u00f4mbia. O jogador chega por empr\u00e9stimo de um ano, at\u00e9 o fim de seu contrato com o Cruzeiro, que vai at\u00e9 dezembro deste ano. Al\u00e9m disso, o clube mineiro receber\u00e1 uma compensa\u00e7\u00e3o financeira de aproximadamente R$ 1,5 milh\u00e3o pelo neg\u00f3cio, o que ajuda na sa\u00fade financeira da equipe.<\/p>\n\n\n\n<h2 class=\"wp-block-heading\" id=\"h-emprestimo-com-possibilidade-de-renovacao\">Empr\u00e9stimo com possibilidade de renova\u00e7\u00e3o<\/h2>\n\n\n\n<p>O empr\u00e9stimo de Palacios ao Millonarios n\u00e3o \u00e9 apenas uma solu\u00e7\u00e3o tempor\u00e1ria para o jogador, mas tamb\u00e9m uma oportunidade para o clube colombiano. Isso porque, ao fim do empr\u00e9stimo, o Millonarios poder\u00e1 decidir pela renova\u00e7\u00e3o do v\u00ednculo com o lateral, caso a adapta\u00e7\u00e3o e o desempenho sejam satisfat\u00f3rios. Cabe ressaltar que o clube colombiano tamb\u00e9m ficar\u00e1 respons\u00e1vel pelo pagamento dos sal\u00e1rios de Palacios durante o per\u00edodo do empr\u00e9stimo.<\/p>\n\n\n\n<blockquote class=\"twitter-tweet\"><p lang=\"es\" dir=\"ltr\">\u26a1 \u00a1Explosi\u00f3n en la banda! \ud83d\ude80 <br><br> \u00a1Helibelton Palacios ya es Azul! \ud83d\udd35\u26aa Velocidad, potencia y experiencia. \ud83d\udc99\ud83d\udd25 <br><br>\u00a1Bienvenido al Embajador, Helibelton! \ud83d\ude4c\u26bd<br><br>\u25b6\ufe0f<a href=\"https:\/\/t.co\/50yXGRNU4U\">https:\/\/t.co\/50yXGRNU4U<\/a> <a href=\"https:\/\/t.co\/WIUS8LNIhu\">pic.twitter.com\/WIUS8LNIhu<\/a><\/p>&mdash; Millonarios FC (@MillosFCoficial) <a href=\"https:\/\/twitter.com\/MillosFCoficial\/status\/1887958582001377722?ref_src=twsrc%5Etfw\">February 7, 2025<\/a><\/blockquote> <script async src=\"https:\/\/platform.twitter.com\/widgets.js\" charset=\"utf-8\"><\/script>\n\n\n\n<p>Palacios, de 31 anos, estava fora dos planos do Cruzeiro desde que retornou ao clube ap\u00f3s um empr\u00e9stimo frustrado ao Sport no segundo semestre de 2024. O lateral direito, que passou a treinar de forma separada do elenco principal na Toca da Raposa, recebeu uma proposta da Portuguesa, mas a negocia\u00e7\u00e3o n\u00e3o foi concretizada devido ao curto per\u00edodo de contrato oferecido.<\/p>\n\n\n\n<p>Com isso, o staff de Palacios continuou buscando alternativas no mercado, at\u00e9 que surgiu a proposta do Millonarios. O jogador, que est\u00e1 fora do futebol colombiano desde 2020, quando saiu do Atl\u00e9tico Nacional para defender o Elche, na Espanha, v\u00ea na transfer\u00eancia para a Col\u00f4mbia uma chance de retomar sua carreira. Vale destacar que, no Cruzeiro, Palacios teve uma passagem discreta, com apenas 12 jogos disputados at\u00e9 o momento.<\/p>\n\n\n\n<h2 class=\"wp-block-heading\" id=\"h-palacios-busca-mais-visibilidade\">Palacios busca mais visibilidade<\/h2>\n\n\n\n<p>Com uma carreira consolidada no futebol europeu e colombiano, Palacios chega ao Millonarios em busca de mais espa\u00e7o e visibilidade. Ele j\u00e1 teve passagens por clubes como o Deportivo Cali e a Equidad, al\u00e9m do Club Brugge, da B\u00e9lgica, antes de retornar \u00e0 Am\u00e9rica do Sul. <\/p>\n\n\n\n<p>Dessa maneira, a ida para a Col\u00f4mbia representa uma nova etapa para o lateral, que deseja se reerguer profissionalmente e voltar a brilhar no futebol internacional. Com isso, o Cruzeiro segue ajustando seu elenco para a temporada, enquanto o Millonarios ganha mais um nome experiente para fortalecer sua defesa.<\/p>\n","protected":false},"excerpt":{"rendered":"<p>O Cruzeiro deu mais um passo importante na reestrutura\u00e7\u00e3o do elenco. O lateral direito Helibelton Palacios, que n\u00e3o estava nos planos da Raposa, foi oficializado como refor\u00e7o do Millonarios, da Col\u00f4mbia. O jogador chega por empr\u00e9stimo de um ano, at\u00e9 o fim de seu contrato com o Cruzeiro, que vai at\u00e9 dezembro deste ano. Al\u00e9m [&hellip;]<\/p>\n","protected":false},"author":24,"featured_media":175601,"comment_status":"open","ping_status":"closed","sticky":false,"template":"","format":"standard","meta":{"footnotes":""},"categories":[143],"tags":[],"class_list":["post-225049","post","type-post","status-publish","format-standard","has-post-thumbnail","hentry","category-cruzeiro"],"yoast_head":"<!-- This site is optimized with the Yoast SEO Premium plugin v24.2 (Yoast SEO v26.9) - https:\/\/yoast.com\/product\/yoast-seo-premium-wordpress\/ -->\n<title>Cruzeiro acerta sa\u00edda de jogador<\/title>\n<meta name=\"robots\" content=\"index, follow, max-snippet:-1, max-image-preview:large, max-video-preview:-1\" \/>\n<link rel=\"canonical\" href=\"https:\/\/www.gaveanews.com\/index.php\/2025\/02\/08\/cruzeiro-acerta-saida-de-jogador\/\" \/>\n<meta property=\"og:locale\" content=\"pt_BR\" \/>\n<meta property=\"og:type\" content=\"article\" \/>\n<meta property=\"og:title\" content=\"Cruzeiro acerta sa\u00edda de jogador\" \/>\n<meta property=\"og:description\" content=\"O Cruzeiro deu mais um passo importante na reestrutura\u00e7\u00e3o do elenco. O lateral direito Helibelton Palacios, que n\u00e3o estava nos planos da Raposa, foi oficializado como refor\u00e7o do Millonarios, da Col\u00f4mbia. O jogador chega por empr\u00e9stimo de um ano, at\u00e9 o fim de seu contrato com o Cruzeiro, que vai at\u00e9 dezembro deste ano. Al\u00e9m [&hellip;]\" \/>\n<meta property=\"og:url\" content=\"https:\/\/www.gaveanews.com\/index.php\/2025\/02\/08\/cruzeiro-acerta-saida-de-jogador\/\" \/>\n<meta property=\"og:site_name\" content=\"G\u00e1vea News\" \/>\n<meta property=\"article:publisher\" content=\"https:\/\/facebook.com\/gaveaNews\/\" \/>\n<meta property=\"article:published_time\" content=\"2025-02-08T14:20:00+00:00\" \/>\n<meta property=\"og:image\" content=\"https:\/\/www.gaveanews.com\/wp-content\/uploads\/Bandeira-do-Cruzeiro.webp\" \/>\n\t<meta property=\"og:image:width\" content=\"1062\" \/>\n\t<meta property=\"og:image:height\" content=\"708\" \/>\n\t<meta property=\"og:image:type\" content=\"image\/webp\" \/>\n<meta name=\"author\" content=\"Leandro Cardoso\" \/>\n<meta name=\"twitter:card\" content=\"summary_large_image\" \/>\n<meta name=\"twitter:label1\" content=\"Escrito por\" \/>\n\t<meta name=\"twitter:data1\" content=\"Leandro Cardoso\" \/>\n\t<meta name=\"twitter:label2\" content=\"Est. tempo de leitura\" \/>\n\t<meta name=\"twitter:data2\" content=\"3 minutos\" \/>\n<script type=\"application\/ld+json\" class=\"yoast-schema-graph\">{\"@context\":\"https:\/\/schema.org\",\"@graph\":[{\"@type\":\"NewsArticle\",\"@id\":\"https:\/\/www.gaveanews.com\/index.php\/2025\/02\/08\/cruzeiro-acerta-saida-de-jogador\/#article\",\"isPartOf\":{\"@id\":\"https:\/\/www.gaveanews.com\/index.php\/2025\/02\/08\/cruzeiro-acerta-saida-de-jogador\/\"},\"author\":{\"name\":\"Leandro Cardoso\",\"@id\":\"https:\/\/www.gaveanews.com\/#\/schema\/person\/2424ec6409bc3f068411fc5e4e9b6168\"},\"headline\":\"Cruzeiro acerta sa\u00edda de jogador\",\"datePublished\":\"2025-02-08T14:20:00+00:00\",\"mainEntityOfPage\":{\"@id\":\"https:\/\/www.gaveanews.com\/index.php\/2025\/02\/08\/cruzeiro-acerta-saida-de-jogador\/\"},\"wordCount\":452,\"commentCount\":0,\"image\":{\"@id\":\"https:\/\/www.gaveanews.com\/index.php\/2025\/02\/08\/cruzeiro-acerta-saida-de-jogador\/#primaryimage\"},\"thumbnailUrl\":\"https:\/\/www.gaveanews.com\/wp-content\/uploads\/Bandeira-do-Cruzeiro.webp\",\"articleSection\":[\"Cruzeiro\"],\"inLanguage\":\"pt-BR\",\"potentialAction\":[{\"@type\":\"CommentAction\",\"name\":\"Comment\",\"target\":[\"https:\/\/www.gaveanews.com\/index.php\/2025\/02\/08\/cruzeiro-acerta-saida-de-jogador\/#respond\"]}],\"copyrightYear\":\"2025\",\"copyrightHolder\":{\"@id\":\"https:\/\/www.gaveanews.com\/#organization\"}},{\"@type\":\"WebPage\",\"@id\":\"https:\/\/www.gaveanews.com\/index.php\/2025\/02\/08\/cruzeiro-acerta-saida-de-jogador\/\",\"url\":\"https:\/\/www.gaveanews.com\/index.php\/2025\/02\/08\/cruzeiro-acerta-saida-de-jogador\/\",\"name\":\"Cruzeiro acerta sa\u00edda de jogador\",\"isPartOf\":{\"@id\":\"https:\/\/www.gaveanews.com\/#website\"},\"primaryImageOfPage\":{\"@id\":\"https:\/\/www.gaveanews.com\/index.php\/2025\/02\/08\/cruzeiro-acerta-saida-de-jogador\/#primaryimage\"},\"image\":{\"@id\":\"https:\/\/www.gaveanews.com\/index.php\/2025\/02\/08\/cruzeiro-acerta-saida-de-jogador\/#primaryimage\"},\"thumbnailUrl\":\"https:\/\/www.gaveanews.com\/wp-content\/uploads\/Bandeira-do-Cruzeiro.webp\",\"datePublished\":\"2025-02-08T14:20:00+00:00\",\"author\":{\"@id\":\"https:\/\/www.gaveanews.com\/#\/schema\/person\/2424ec6409bc3f068411fc5e4e9b6168\"},\"breadcrumb\":{\"@id\":\"https:\/\/www.gaveanews.com\/index.php\/2025\/02\/08\/cruzeiro-acerta-saida-de-jogador\/#breadcrumb\"},\"inLanguage\":\"pt-BR\",\"potentialAction\":[{\"@type\":\"ReadAction\",\"target\":[\"https:\/\/www.gaveanews.com\/index.php\/2025\/02\/08\/cruzeiro-acerta-saida-de-jogador\/\"]}]},{\"@type\":\"ImageObject\",\"inLanguage\":\"pt-BR\",\"@id\":\"https:\/\/www.gaveanews.com\/index.php\/2025\/02\/08\/cruzeiro-acerta-saida-de-jogador\/#primaryimage\",\"url\":\"https:\/\/www.gaveanews.com\/wp-content\/uploads\/Bandeira-do-Cruzeiro.webp\",\"contentUrl\":\"https:\/\/www.gaveanews.com\/wp-content\/uploads\/Bandeira-do-Cruzeiro.webp\",\"width\":1062,\"height\":708,\"caption\":\"Bandeira do Cruzeiro (Foto: Reprodu\u00e7\u00e3o\/Cruzeiro)\"},{\"@type\":\"BreadcrumbList\",\"@id\":\"https:\/\/www.gaveanews.com\/index.php\/2025\/02\/08\/cruzeiro-acerta-saida-de-jogador\/#breadcrumb\",\"itemListElement\":[{\"@type\":\"ListItem\",\"position\":1,\"name\":\"Home\",\"item\":\"https:\/\/www.gaveanews.com\/\"},{\"@type\":\"ListItem\",\"position\":2,\"name\":\"Cruzeiro acerta sa\u00edda de jogador\"}]},{\"@type\":\"WebSite\",\"@id\":\"https:\/\/www.gaveanews.com\/#website\",\"url\":\"https:\/\/www.gaveanews.com\/\",\"name\":\"G\u00e1vea News\",\"description\":\"Veja todas as not\u00edcias sobre o Flamengo: Contrata\u00e7\u00f5es, categorias de base, resultados das partidas, tabela de classifica\u00e7\u00e3o, pr\u00f3ximos jogos!\",\"potentialAction\":[{\"@type\":\"SearchAction\",\"target\":{\"@type\":\"EntryPoint\",\"urlTemplate\":\"https:\/\/www.gaveanews.com\/?s={search_term_string}\"},\"query-input\":{\"@type\":\"PropertyValueSpecification\",\"valueRequired\":true,\"valueName\":\"search_term_string\"}}],\"inLanguage\":\"pt-BR\"},{\"@type\":\"Person\",\"@id\":\"https:\/\/www.gaveanews.com\/#\/schema\/person\/2424ec6409bc3f068411fc5e4e9b6168\",\"name\":\"Leandro Cardoso\",\"image\":{\"@type\":\"ImageObject\",\"inLanguage\":\"pt-BR\",\"@id\":\"https:\/\/www.gaveanews.com\/#\/schema\/person\/image\/\",\"url\":\"https:\/\/secure.gravatar.com\/avatar\/8ca179f9b55eefe9f376f5493ef25475bfa59fbc28ce937f6076ce20e523098f?s=96&d=mm&r=g\",\"contentUrl\":\"https:\/\/secure.gravatar.com\/avatar\/8ca179f9b55eefe9f376f5493ef25475bfa59fbc28ce937f6076ce20e523098f?s=96&d=mm&r=g\",\"caption\":\"Leandro Cardoso\"}}]}<\/script>\n<!-- \/ Yoast SEO Premium plugin. -->","yoast_head_json":{"title":"Cruzeiro acerta sa\u00edda de jogador","robots":{"index":"index","follow":"follow","max-snippet":"max-snippet:-1","max-image-preview":"max-image-preview:large","max-video-preview":"max-video-preview:-1"},"canonical":"https:\/\/www.gaveanews.com\/index.php\/2025\/02\/08\/cruzeiro-acerta-saida-de-jogador\/","og_locale":"pt_BR","og_type":"article","og_title":"Cruzeiro acerta sa\u00edda de jogador","og_description":"O Cruzeiro deu mais um passo importante na reestrutura\u00e7\u00e3o do elenco. O lateral direito Helibelton Palacios, que n\u00e3o estava nos planos da Raposa, foi oficializado como refor\u00e7o do Millonarios, da Col\u00f4mbia. O jogador chega por empr\u00e9stimo de um ano, at\u00e9 o fim de seu contrato com o Cruzeiro, que vai at\u00e9 dezembro deste ano. Al\u00e9m [&hellip;]","og_url":"https:\/\/www.gaveanews.com\/index.php\/2025\/02\/08\/cruzeiro-acerta-saida-de-jogador\/","og_site_name":"G\u00e1vea News","article_publisher":"https:\/\/facebook.com\/gaveaNews\/","article_published_time":"2025-02-08T14:20:00+00:00","og_image":[{"width":1062,"height":708,"url":"https:\/\/www.gaveanews.com\/wp-content\/uploads\/Bandeira-do-Cruzeiro.webp","type":"image\/webp"}],"author":"Leandro Cardoso","twitter_card":"summary_large_image","twitter_misc":{"Escrito por":"Leandro Cardoso","Est. tempo de leitura":"3 minutos"},"schema":{"@context":"https:\/\/schema.org","@graph":[{"@type":"NewsArticle","@id":"https:\/\/www.gaveanews.com\/index.php\/2025\/02\/08\/cruzeiro-acerta-saida-de-jogador\/#article","isPartOf":{"@id":"https:\/\/www.gaveanews.com\/index.php\/2025\/02\/08\/cruzeiro-acerta-saida-de-jogador\/"},"author":{"name":"Leandro Cardoso","@id":"https:\/\/www.gaveanews.com\/#\/schema\/person\/2424ec6409bc3f068411fc5e4e9b6168"},"headline":"Cruzeiro acerta sa\u00edda de jogador","datePublished":"2025-02-08T14:20:00+00:00","mainEntityOfPage":{"@id":"https:\/\/www.gaveanews.com\/index.php\/2025\/02\/08\/cruzeiro-acerta-saida-de-jogador\/"},"wordCount":452,"commentCount":0,"image":{"@id":"https:\/\/www.gaveanews.com\/index.php\/2025\/02\/08\/cruzeiro-acerta-saida-de-jogador\/#primaryimage"},"thumbnailUrl":"https:\/\/www.gaveanews.com\/wp-content\/uploads\/Bandeira-do-Cruzeiro.webp","articleSection":["Cruzeiro"],"inLanguage":"pt-BR","potentialAction":[{"@type":"CommentAction","name":"Comment","target":["https:\/\/www.gaveanews.com\/index.php\/2025\/02\/08\/cruzeiro-acerta-saida-de-jogador\/#respond"]}],"copyrightYear":"2025","copyrightHolder":{"@id":"https:\/\/www.gaveanews.com\/#organization"}},{"@type":"WebPage","@id":"https:\/\/www.gaveanews.com\/index.php\/2025\/02\/08\/cruzeiro-acerta-saida-de-jogador\/","url":"https:\/\/www.gaveanews.com\/index.php\/2025\/02\/08\/cruzeiro-acerta-saida-de-jogador\/","name":"Cruzeiro acerta sa\u00edda de jogador","isPartOf":{"@id":"https:\/\/www.gaveanews.com\/#website"},"primaryImageOfPage":{"@id":"https:\/\/www.gaveanews.com\/index.php\/2025\/02\/08\/cruzeiro-acerta-saida-de-jogador\/#primaryimage"},"image":{"@id":"https:\/\/www.gaveanews.com\/index.php\/2025\/02\/08\/cruzeiro-acerta-saida-de-jogador\/#primaryimage"},"thumbnailUrl":"https:\/\/www.gaveanews.com\/wp-content\/uploads\/Bandeira-do-Cruzeiro.webp","datePublished":"2025-02-08T14:20:00+00:00","author":{"@id":"https:\/\/www.gaveanews.com\/#\/schema\/person\/2424ec6409bc3f068411fc5e4e9b6168"},"breadcrumb":{"@id":"https:\/\/www.gaveanews.com\/index.php\/2025\/02\/08\/cruzeiro-acerta-saida-de-jogador\/#breadcrumb"},"inLanguage":"pt-BR","potentialAction":[{"@type":"ReadAction","target":["https:\/\/www.gaveanews.com\/index.php\/2025\/02\/08\/cruzeiro-acerta-saida-de-jogador\/"]}]},{"@type":"ImageObject","inLanguage":"pt-BR","@id":"https:\/\/www.gaveanews.com\/index.php\/2025\/02\/08\/cruzeiro-acerta-saida-de-jogador\/#primaryimage","url":"https:\/\/www.gaveanews.com\/wp-content\/uploads\/Bandeira-do-Cruzeiro.webp","contentUrl":"https:\/\/www.gaveanews.com\/wp-content\/uploads\/Bandeira-do-Cruzeiro.webp","width":1062,"height":708,"caption":"Bandeira do Cruzeiro (Foto: Reprodu\u00e7\u00e3o\/Cruzeiro)"},{"@type":"BreadcrumbList","@id":"https:\/\/www.gaveanews.com\/index.php\/2025\/02\/08\/cruzeiro-acerta-saida-de-jogador\/#breadcrumb","itemListElement":[{"@type":"ListItem","position":1,"name":"Home","item":"https:\/\/www.gaveanews.com\/"},{"@type":"ListItem","position":2,"name":"Cruzeiro acerta sa\u00edda de jogador"}]},{"@type":"WebSite","@id":"https:\/\/www.gaveanews.com\/#website","url":"https:\/\/www.gaveanews.com\/","name":"G\u00e1vea News","description":"Veja todas as not\u00edcias sobre o Flamengo: Contrata\u00e7\u00f5es, categorias de base, resultados das partidas, tabela de classifica\u00e7\u00e3o, pr\u00f3ximos jogos!","potentialAction":[{"@type":"SearchAction","target":{"@type":"EntryPoint","urlTemplate":"https:\/\/www.gaveanews.com\/?s={search_term_string}"},"query-input":{"@type":"PropertyValueSpecification","valueRequired":true,"valueName":"search_term_string"}}],"inLanguage":"pt-BR"},{"@type":"Person","@id":"https:\/\/www.gaveanews.com\/#\/schema\/person\/2424ec6409bc3f068411fc5e4e9b6168","name":"Leandro Cardoso","image":{"@type":"ImageObject","inLanguage":"pt-BR","@id":"https:\/\/www.gaveanews.com\/#\/schema\/person\/image\/","url":"https:\/\/secure.gravatar.com\/avatar\/8ca179f9b55eefe9f376f5493ef25475bfa59fbc28ce937f6076ce20e523098f?s=96&d=mm&r=g","contentUrl":"https:\/\/secure.gravatar.com\/avatar\/8ca179f9b55eefe9f376f5493ef25475bfa59fbc28ce937f6076ce20e523098f?s=96&d=mm&r=g","caption":"Leandro Cardoso"}}]}},"_links":{"self":[{"href":"https:\/\/www.gaveanews.com\/index.php\/wp-json\/wp\/v2\/posts\/225049","targetHints":{"allow":["GET"]}}],"collection":[{"href":"https:\/\/www.gaveanews.com\/index.php\/wp-json\/wp\/v2\/posts"}],"about":[{"href":"https:\/\/www.gaveanews.com\/index.php\/wp-json\/wp\/v2\/types\/post"}],"author":[{"embeddable":true,"href":"https:\/\/www.gaveanews.com\/index.php\/wp-json\/wp\/v2\/users\/24"}],"replies":[{"embeddable":true,"href":"https:\/\/www.gaveanews.com\/index.php\/wp-json\/wp\/v2\/comments?post=225049"}],"version-history":[{"count":1,"href":"https:\/\/www.gaveanews.com\/index.php\/wp-json\/wp\/v2\/posts\/225049\/revisions"}],"predecessor-version":[{"id":225051,"href":"https:\/\/www.gaveanews.com\/index.php\/wp-json\/wp\/v2\/posts\/225049\/revisions\/225051"}],"wp:featuredmedia":[{"embeddable":true,"href":"https:\/\/www.gaveanews.com\/index.php\/wp-json\/wp\/v2\/media\/175601"}],"wp:attachment":[{"href":"https:\/\/www.gaveanews.com\/index.php\/wp-json\/wp\/v2\/media?parent=225049"}],"wp:term":[{"taxonomy":"category","embeddable":true,"href":"https:\/\/www.gaveanews.com\/index.php\/wp-json\/wp\/v2\/categories?post=225049"},{"taxonomy":"post_tag","embeddable":true,"href":"https:\/\/www.gaveanews.com\/index.php\/wp-json\/wp\/v2\/tags?post=225049"}],"curies":[{"name":"wp","href":"https:\/\/api.w.org\/{rel}","templated":true}]}}