{"id":225084,"date":"2025-02-08T12:30:00","date_gmt":"2025-02-08T15:30:00","guid":{"rendered":"https:\/\/www.gaveanews.com\/?p=225084"},"modified":"2025-02-08T11:46:27","modified_gmt":"2025-02-08T14:46:27","slug":"fortaleza-x-ceara-a-escalacao-de-leo-conde","status":"publish","type":"post","link":"https:\/\/www.gaveanews.com\/index.php\/2025\/02\/08\/fortaleza-x-ceara-a-escalacao-de-leo-conde\/","title":{"rendered":"Fortaleza x Cear\u00e1: a escala\u00e7\u00e3o de L\u00e9o Cond\u00e9"},"content":{"rendered":"\n<p>O Cl\u00e1ssico-Rei deste s\u00e1bado (8) coloca frente a frente dois grandes rivais do futebol cearense: Fortaleza e Cear\u00e1.O duelo, que ocorre \u00e0s 16h30 na Arena Castel\u00e3o, tem grande expectativa quanto \u00e0 escala\u00e7\u00e3o do Cear\u00e1, liderado pelo t\u00e9cnico L\u00e9o Cond\u00e9.<\/p>\n\n\n\n<h2 class=\"wp-block-heading\" id=\"h-ceara-busca-forca-no-time-titular\">Cear\u00e1 busca for\u00e7a no time titular<\/h2>\n\n\n\n<p>O t\u00e9cnico L\u00e9o Cond\u00e9 tem \u00e0 disposi\u00e7\u00e3o um elenco que, apesar de alguns desfalques, conta com bons jogadores em todas as posi\u00e7\u00f5es. Para o Cl\u00e1ssico-Rei, a expectativa \u00e9 pela volta do lateral-direito Nicolas, que se recupera de um quadro viral.&nbsp;<\/p>\n\n\n\n<p>Caso Nicolas n\u00e3o tenha condi\u00e7\u00f5es de jogo, a responsabilidade recai sobre Fabiano Souza, que j\u00e1 tem experi\u00eancia para atuar no cl\u00e1ssico. Al\u00e9m disso, Bruno Tubar\u00e3o tamb\u00e9m foi d\u00favida, pois ainda estava em fase de transi\u00e7\u00e3o, mas poder\u00e1 ser uma op\u00e7\u00e3o para o banco de reservas.<\/p>\n\n\n\n<h2 class=\"wp-block-heading\" id=\"h-provavel-escalacao-do-ceara-contra-o-fortaleza\">Prov\u00e1vel escala\u00e7\u00e3o do Cear\u00e1 contra o Fortaleza<\/h2>\n\n\n\n<p>O Alvinegro deve ir a campo com a seguinte forma\u00e7\u00e3o: Bruno Ferreira no gol, Fabiano Souza, Marllon, Ramon Menezes e Matheus Bahia na defesa.&nbsp;<\/p>\n\n\n\n<p>No meio de campo, Fernando Sobral, Louren\u00e7o e Lucas Mugni formam o setor de cria\u00e7\u00e3o, enquanto Fernandinho, Pedro Henrique e Aylon devem formar o trio ofensivo.&nbsp;<\/p>\n\n\n\n<p>Essa forma\u00e7\u00e3o tem como objetivo manter a for\u00e7a que o time mostrou na temporada, com cinco vit\u00f3rias e uma derrota at\u00e9 o momento, e chegar com moral para enfrentar o rival Fortaleza.<\/p>\n\n\n\n<h2 class=\"wp-block-heading\" id=\"h-desfalques-e-duvidas-para-o-classico-rei\">Desfalques e d\u00favidas para o Cl\u00e1ssico-Rei<\/h2>\n\n\n\n<p>Cabe ressaltar que o Cear\u00e1 ter\u00e1 um desfalque importante: Rafael Ramos, que se recupera de uma cirurgia, est\u00e1 fora da partida. No entanto, o restante do elenco est\u00e1 dispon\u00edvel e pronto para buscar um bom resultado.&nbsp;<\/p>\n\n\n\n<p>Dessa maneira, o t\u00e9cnico L\u00e9o Cond\u00e9 conta com as op\u00e7\u00f5es no banco de reservas, como o retorno de Bruno Tubar\u00e3o e a boa fase de outros jogadores, como Fernando Sobral e Aylon, para tentar surpreender o Fortaleza.<\/p>\n\n\n\n<h2 class=\"wp-block-heading\" id=\"h-a-confianca-de-leo-conde-para-o-classico\">A confian\u00e7a de L\u00e9o Cond\u00e9 para o cl\u00e1ssico<\/h2>\n\n\n\n<p>Com um time bem estruturado e algumas op\u00e7\u00f5es de qualidade, o Cear\u00e1 vai em busca da vit\u00f3ria no primeiro Cl\u00e1ssico-Rei do ano. Por isso, a escala\u00e7\u00e3o de L\u00e9o Cond\u00e9 ser\u00e1 crucial para o desempenho do time, que tem a miss\u00e3o de manter o bom momento vivido na temporada passada e conquistar mais um t\u00edtulo estadual.<\/p>\n","protected":false},"excerpt":{"rendered":"<p>O Cl\u00e1ssico-Rei deste s\u00e1bado (8) coloca frente a frente dois grandes rivais do futebol cearense: Fortaleza e Cear\u00e1.O duelo, que ocorre \u00e0s 16h30 na Arena Castel\u00e3o, tem grande expectativa quanto \u00e0 escala\u00e7\u00e3o do Cear\u00e1, liderado pelo t\u00e9cnico L\u00e9o Cond\u00e9. Cear\u00e1 busca for\u00e7a no time titular O t\u00e9cnico L\u00e9o Cond\u00e9 tem \u00e0 disposi\u00e7\u00e3o um elenco que, [&hellip;]<\/p>\n","protected":false},"author":25,"featured_media":203818,"comment_status":"open","ping_status":"closed","sticky":false,"template":"","format":"standard","meta":{"footnotes":""},"categories":[158],"tags":[],"class_list":["post-225084","post","type-post","status-publish","format-standard","has-post-thumbnail","hentry","category-ceara"],"yoast_head":"<!-- This site is optimized with the Yoast SEO Premium plugin v24.2 (Yoast SEO v26.9) - https:\/\/yoast.com\/product\/yoast-seo-premium-wordpress\/ -->\n<title>Fortaleza x Cear\u00e1: a escala\u00e7\u00e3o de L\u00e9o Cond\u00e9<\/title>\n<meta name=\"robots\" content=\"index, follow, max-snippet:-1, max-image-preview:large, max-video-preview:-1\" \/>\n<link rel=\"canonical\" href=\"https:\/\/www.gaveanews.com\/index.php\/2025\/02\/08\/fortaleza-x-ceara-a-escalacao-de-leo-conde\/\" \/>\n<meta property=\"og:locale\" content=\"pt_BR\" \/>\n<meta property=\"og:type\" content=\"article\" \/>\n<meta property=\"og:title\" content=\"Fortaleza x Cear\u00e1: a escala\u00e7\u00e3o de L\u00e9o Cond\u00e9\" \/>\n<meta property=\"og:description\" content=\"O Cl\u00e1ssico-Rei deste s\u00e1bado (8) coloca frente a frente dois grandes rivais do futebol cearense: Fortaleza e Cear\u00e1.O duelo, que ocorre \u00e0s 16h30 na Arena Castel\u00e3o, tem grande expectativa quanto \u00e0 escala\u00e7\u00e3o do Cear\u00e1, liderado pelo t\u00e9cnico L\u00e9o Cond\u00e9. Cear\u00e1 busca for\u00e7a no time titular O t\u00e9cnico L\u00e9o Cond\u00e9 tem \u00e0 disposi\u00e7\u00e3o um elenco que, [&hellip;]\" \/>\n<meta property=\"og:url\" content=\"https:\/\/www.gaveanews.com\/index.php\/2025\/02\/08\/fortaleza-x-ceara-a-escalacao-de-leo-conde\/\" \/>\n<meta property=\"og:site_name\" content=\"G\u00e1vea News\" \/>\n<meta property=\"article:publisher\" content=\"https:\/\/facebook.com\/gaveaNews\/\" \/>\n<meta property=\"article:published_time\" content=\"2025-02-08T15:30:00+00:00\" \/>\n<meta property=\"og:image\" content=\"https:\/\/www.gaveanews.com\/wp-content\/uploads\/Escudo-do-Ceara.webp\" \/>\n\t<meta property=\"og:image:width\" content=\"148\" \/>\n\t<meta property=\"og:image:height\" content=\"148\" \/>\n\t<meta property=\"og:image:type\" content=\"image\/jpeg\" \/>\n<meta name=\"author\" content=\"Rafaela Ladeira\" \/>\n<meta name=\"twitter:card\" content=\"summary_large_image\" \/>\n<meta name=\"twitter:label1\" content=\"Escrito por\" \/>\n\t<meta name=\"twitter:data1\" content=\"Rafaela Ladeira\" \/>\n\t<meta name=\"twitter:label2\" content=\"Est. tempo de leitura\" \/>\n\t<meta name=\"twitter:data2\" content=\"3 minutos\" \/>\n<script type=\"application\/ld+json\" class=\"yoast-schema-graph\">{\"@context\":\"https:\/\/schema.org\",\"@graph\":[{\"@type\":\"NewsArticle\",\"@id\":\"https:\/\/www.gaveanews.com\/index.php\/2025\/02\/08\/fortaleza-x-ceara-a-escalacao-de-leo-conde\/#article\",\"isPartOf\":{\"@id\":\"https:\/\/www.gaveanews.com\/index.php\/2025\/02\/08\/fortaleza-x-ceara-a-escalacao-de-leo-conde\/\"},\"author\":{\"name\":\"Rafaela Ladeira\",\"@id\":\"https:\/\/www.gaveanews.com\/#\/schema\/person\/0eb3e3fe1754f0205218538adbe8f5ed\"},\"headline\":\"Fortaleza x Cear\u00e1: a escala\u00e7\u00e3o de L\u00e9o Cond\u00e9\",\"datePublished\":\"2025-02-08T15:30:00+00:00\",\"mainEntityOfPage\":{\"@id\":\"https:\/\/www.gaveanews.com\/index.php\/2025\/02\/08\/fortaleza-x-ceara-a-escalacao-de-leo-conde\/\"},\"wordCount\":419,\"commentCount\":0,\"image\":{\"@id\":\"https:\/\/www.gaveanews.com\/index.php\/2025\/02\/08\/fortaleza-x-ceara-a-escalacao-de-leo-conde\/#primaryimage\"},\"thumbnailUrl\":\"https:\/\/www.gaveanews.com\/wp-content\/uploads\/Escudo-do-Ceara.webp\",\"articleSection\":[\"Cear\u00e1\"],\"inLanguage\":\"pt-BR\",\"potentialAction\":[{\"@type\":\"CommentAction\",\"name\":\"Comment\",\"target\":[\"https:\/\/www.gaveanews.com\/index.php\/2025\/02\/08\/fortaleza-x-ceara-a-escalacao-de-leo-conde\/#respond\"]}],\"copyrightYear\":\"2025\",\"copyrightHolder\":{\"@id\":\"https:\/\/www.gaveanews.com\/#organization\"}},{\"@type\":\"WebPage\",\"@id\":\"https:\/\/www.gaveanews.com\/index.php\/2025\/02\/08\/fortaleza-x-ceara-a-escalacao-de-leo-conde\/\",\"url\":\"https:\/\/www.gaveanews.com\/index.php\/2025\/02\/08\/fortaleza-x-ceara-a-escalacao-de-leo-conde\/\",\"name\":\"Fortaleza x Cear\u00e1: a escala\u00e7\u00e3o de L\u00e9o Cond\u00e9\",\"isPartOf\":{\"@id\":\"https:\/\/www.gaveanews.com\/#website\"},\"primaryImageOfPage\":{\"@id\":\"https:\/\/www.gaveanews.com\/index.php\/2025\/02\/08\/fortaleza-x-ceara-a-escalacao-de-leo-conde\/#primaryimage\"},\"image\":{\"@id\":\"https:\/\/www.gaveanews.com\/index.php\/2025\/02\/08\/fortaleza-x-ceara-a-escalacao-de-leo-conde\/#primaryimage\"},\"thumbnailUrl\":\"https:\/\/www.gaveanews.com\/wp-content\/uploads\/Escudo-do-Ceara.webp\",\"datePublished\":\"2025-02-08T15:30:00+00:00\",\"author\":{\"@id\":\"https:\/\/www.gaveanews.com\/#\/schema\/person\/0eb3e3fe1754f0205218538adbe8f5ed\"},\"breadcrumb\":{\"@id\":\"https:\/\/www.gaveanews.com\/index.php\/2025\/02\/08\/fortaleza-x-ceara-a-escalacao-de-leo-conde\/#breadcrumb\"},\"inLanguage\":\"pt-BR\",\"potentialAction\":[{\"@type\":\"ReadAction\",\"target\":[\"https:\/\/www.gaveanews.com\/index.php\/2025\/02\/08\/fortaleza-x-ceara-a-escalacao-de-leo-conde\/\"]}]},{\"@type\":\"ImageObject\",\"inLanguage\":\"pt-BR\",\"@id\":\"https:\/\/www.gaveanews.com\/index.php\/2025\/02\/08\/fortaleza-x-ceara-a-escalacao-de-leo-conde\/#primaryimage\",\"url\":\"https:\/\/www.gaveanews.com\/wp-content\/uploads\/Escudo-do-Ceara.webp\",\"contentUrl\":\"https:\/\/www.gaveanews.com\/wp-content\/uploads\/Escudo-do-Ceara.webp\",\"width\":148,\"height\":148,\"caption\":\"Escudo do Cear\u00e1 (Foto: Reprodu\u00e7\u00e3o)\"},{\"@type\":\"BreadcrumbList\",\"@id\":\"https:\/\/www.gaveanews.com\/index.php\/2025\/02\/08\/fortaleza-x-ceara-a-escalacao-de-leo-conde\/#breadcrumb\",\"itemListElement\":[{\"@type\":\"ListItem\",\"position\":1,\"name\":\"Home\",\"item\":\"https:\/\/www.gaveanews.com\/\"},{\"@type\":\"ListItem\",\"position\":2,\"name\":\"Fortaleza x Cear\u00e1: a escala\u00e7\u00e3o de L\u00e9o Cond\u00e9\"}]},{\"@type\":\"WebSite\",\"@id\":\"https:\/\/www.gaveanews.com\/#website\",\"url\":\"https:\/\/www.gaveanews.com\/\",\"name\":\"G\u00e1vea News\",\"description\":\"Veja todas as not\u00edcias sobre o Flamengo: Contrata\u00e7\u00f5es, categorias de base, resultados das partidas, tabela de classifica\u00e7\u00e3o, pr\u00f3ximos jogos!\",\"potentialAction\":[{\"@type\":\"SearchAction\",\"target\":{\"@type\":\"EntryPoint\",\"urlTemplate\":\"https:\/\/www.gaveanews.com\/?s={search_term_string}\"},\"query-input\":{\"@type\":\"PropertyValueSpecification\",\"valueRequired\":true,\"valueName\":\"search_term_string\"}}],\"inLanguage\":\"pt-BR\"},{\"@type\":\"Person\",\"@id\":\"https:\/\/www.gaveanews.com\/#\/schema\/person\/0eb3e3fe1754f0205218538adbe8f5ed\",\"name\":\"Rafaela Ladeira\",\"image\":{\"@type\":\"ImageObject\",\"inLanguage\":\"pt-BR\",\"@id\":\"https:\/\/www.gaveanews.com\/#\/schema\/person\/image\/\",\"url\":\"https:\/\/secure.gravatar.com\/avatar\/c31f513acffd85eacab5730cbdfdbbf59f21ba5aeada8cd890acea879fbb2455?s=96&d=mm&r=g\",\"contentUrl\":\"https:\/\/secure.gravatar.com\/avatar\/c31f513acffd85eacab5730cbdfdbbf59f21ba5aeada8cd890acea879fbb2455?s=96&d=mm&r=g\",\"caption\":\"Rafaela Ladeira\"}}]}<\/script>\n<!-- \/ Yoast SEO Premium plugin. -->","yoast_head_json":{"title":"Fortaleza x Cear\u00e1: a escala\u00e7\u00e3o de L\u00e9o Cond\u00e9","robots":{"index":"index","follow":"follow","max-snippet":"max-snippet:-1","max-image-preview":"max-image-preview:large","max-video-preview":"max-video-preview:-1"},"canonical":"https:\/\/www.gaveanews.com\/index.php\/2025\/02\/08\/fortaleza-x-ceara-a-escalacao-de-leo-conde\/","og_locale":"pt_BR","og_type":"article","og_title":"Fortaleza x Cear\u00e1: a escala\u00e7\u00e3o de L\u00e9o Cond\u00e9","og_description":"O Cl\u00e1ssico-Rei deste s\u00e1bado (8) coloca frente a frente dois grandes rivais do futebol cearense: Fortaleza e Cear\u00e1.O duelo, que ocorre \u00e0s 16h30 na Arena Castel\u00e3o, tem grande expectativa quanto \u00e0 escala\u00e7\u00e3o do Cear\u00e1, liderado pelo t\u00e9cnico L\u00e9o Cond\u00e9. Cear\u00e1 busca for\u00e7a no time titular O t\u00e9cnico L\u00e9o Cond\u00e9 tem \u00e0 disposi\u00e7\u00e3o um elenco que, [&hellip;]","og_url":"https:\/\/www.gaveanews.com\/index.php\/2025\/02\/08\/fortaleza-x-ceara-a-escalacao-de-leo-conde\/","og_site_name":"G\u00e1vea News","article_publisher":"https:\/\/facebook.com\/gaveaNews\/","article_published_time":"2025-02-08T15:30:00+00:00","og_image":[{"width":148,"height":148,"url":"https:\/\/www.gaveanews.com\/wp-content\/uploads\/Escudo-do-Ceara.webp","type":"image\/jpeg"}],"author":"Rafaela Ladeira","twitter_card":"summary_large_image","twitter_misc":{"Escrito por":"Rafaela Ladeira","Est. tempo de leitura":"3 minutos"},"schema":{"@context":"https:\/\/schema.org","@graph":[{"@type":"NewsArticle","@id":"https:\/\/www.gaveanews.com\/index.php\/2025\/02\/08\/fortaleza-x-ceara-a-escalacao-de-leo-conde\/#article","isPartOf":{"@id":"https:\/\/www.gaveanews.com\/index.php\/2025\/02\/08\/fortaleza-x-ceara-a-escalacao-de-leo-conde\/"},"author":{"name":"Rafaela Ladeira","@id":"https:\/\/www.gaveanews.com\/#\/schema\/person\/0eb3e3fe1754f0205218538adbe8f5ed"},"headline":"Fortaleza x Cear\u00e1: a escala\u00e7\u00e3o de L\u00e9o Cond\u00e9","datePublished":"2025-02-08T15:30:00+00:00","mainEntityOfPage":{"@id":"https:\/\/www.gaveanews.com\/index.php\/2025\/02\/08\/fortaleza-x-ceara-a-escalacao-de-leo-conde\/"},"wordCount":419,"commentCount":0,"image":{"@id":"https:\/\/www.gaveanews.com\/index.php\/2025\/02\/08\/fortaleza-x-ceara-a-escalacao-de-leo-conde\/#primaryimage"},"thumbnailUrl":"https:\/\/www.gaveanews.com\/wp-content\/uploads\/Escudo-do-Ceara.webp","articleSection":["Cear\u00e1"],"inLanguage":"pt-BR","potentialAction":[{"@type":"CommentAction","name":"Comment","target":["https:\/\/www.gaveanews.com\/index.php\/2025\/02\/08\/fortaleza-x-ceara-a-escalacao-de-leo-conde\/#respond"]}],"copyrightYear":"2025","copyrightHolder":{"@id":"https:\/\/www.gaveanews.com\/#organization"}},{"@type":"WebPage","@id":"https:\/\/www.gaveanews.com\/index.php\/2025\/02\/08\/fortaleza-x-ceara-a-escalacao-de-leo-conde\/","url":"https:\/\/www.gaveanews.com\/index.php\/2025\/02\/08\/fortaleza-x-ceara-a-escalacao-de-leo-conde\/","name":"Fortaleza x Cear\u00e1: a escala\u00e7\u00e3o de L\u00e9o Cond\u00e9","isPartOf":{"@id":"https:\/\/www.gaveanews.com\/#website"},"primaryImageOfPage":{"@id":"https:\/\/www.gaveanews.com\/index.php\/2025\/02\/08\/fortaleza-x-ceara-a-escalacao-de-leo-conde\/#primaryimage"},"image":{"@id":"https:\/\/www.gaveanews.com\/index.php\/2025\/02\/08\/fortaleza-x-ceara-a-escalacao-de-leo-conde\/#primaryimage"},"thumbnailUrl":"https:\/\/www.gaveanews.com\/wp-content\/uploads\/Escudo-do-Ceara.webp","datePublished":"2025-02-08T15:30:00+00:00","author":{"@id":"https:\/\/www.gaveanews.com\/#\/schema\/person\/0eb3e3fe1754f0205218538adbe8f5ed"},"breadcrumb":{"@id":"https:\/\/www.gaveanews.com\/index.php\/2025\/02\/08\/fortaleza-x-ceara-a-escalacao-de-leo-conde\/#breadcrumb"},"inLanguage":"pt-BR","potentialAction":[{"@type":"ReadAction","target":["https:\/\/www.gaveanews.com\/index.php\/2025\/02\/08\/fortaleza-x-ceara-a-escalacao-de-leo-conde\/"]}]},{"@type":"ImageObject","inLanguage":"pt-BR","@id":"https:\/\/www.gaveanews.com\/index.php\/2025\/02\/08\/fortaleza-x-ceara-a-escalacao-de-leo-conde\/#primaryimage","url":"https:\/\/www.gaveanews.com\/wp-content\/uploads\/Escudo-do-Ceara.webp","contentUrl":"https:\/\/www.gaveanews.com\/wp-content\/uploads\/Escudo-do-Ceara.webp","width":148,"height":148,"caption":"Escudo do Cear\u00e1 (Foto: Reprodu\u00e7\u00e3o)"},{"@type":"BreadcrumbList","@id":"https:\/\/www.gaveanews.com\/index.php\/2025\/02\/08\/fortaleza-x-ceara-a-escalacao-de-leo-conde\/#breadcrumb","itemListElement":[{"@type":"ListItem","position":1,"name":"Home","item":"https:\/\/www.gaveanews.com\/"},{"@type":"ListItem","position":2,"name":"Fortaleza x Cear\u00e1: a escala\u00e7\u00e3o de L\u00e9o Cond\u00e9"}]},{"@type":"WebSite","@id":"https:\/\/www.gaveanews.com\/#website","url":"https:\/\/www.gaveanews.com\/","name":"G\u00e1vea News","description":"Veja todas as not\u00edcias sobre o Flamengo: Contrata\u00e7\u00f5es, categorias de base, resultados das partidas, tabela de classifica\u00e7\u00e3o, pr\u00f3ximos jogos!","potentialAction":[{"@type":"SearchAction","target":{"@type":"EntryPoint","urlTemplate":"https:\/\/www.gaveanews.com\/?s={search_term_string}"},"query-input":{"@type":"PropertyValueSpecification","valueRequired":true,"valueName":"search_term_string"}}],"inLanguage":"pt-BR"},{"@type":"Person","@id":"https:\/\/www.gaveanews.com\/#\/schema\/person\/0eb3e3fe1754f0205218538adbe8f5ed","name":"Rafaela Ladeira","image":{"@type":"ImageObject","inLanguage":"pt-BR","@id":"https:\/\/www.gaveanews.com\/#\/schema\/person\/image\/","url":"https:\/\/secure.gravatar.com\/avatar\/c31f513acffd85eacab5730cbdfdbbf59f21ba5aeada8cd890acea879fbb2455?s=96&d=mm&r=g","contentUrl":"https:\/\/secure.gravatar.com\/avatar\/c31f513acffd85eacab5730cbdfdbbf59f21ba5aeada8cd890acea879fbb2455?s=96&d=mm&r=g","caption":"Rafaela Ladeira"}}]}},"_links":{"self":[{"href":"https:\/\/www.gaveanews.com\/index.php\/wp-json\/wp\/v2\/posts\/225084","targetHints":{"allow":["GET"]}}],"collection":[{"href":"https:\/\/www.gaveanews.com\/index.php\/wp-json\/wp\/v2\/posts"}],"about":[{"href":"https:\/\/www.gaveanews.com\/index.php\/wp-json\/wp\/v2\/types\/post"}],"author":[{"embeddable":true,"href":"https:\/\/www.gaveanews.com\/index.php\/wp-json\/wp\/v2\/users\/25"}],"replies":[{"embeddable":true,"href":"https:\/\/www.gaveanews.com\/index.php\/wp-json\/wp\/v2\/comments?post=225084"}],"version-history":[{"count":2,"href":"https:\/\/www.gaveanews.com\/index.php\/wp-json\/wp\/v2\/posts\/225084\/revisions"}],"predecessor-version":[{"id":225099,"href":"https:\/\/www.gaveanews.com\/index.php\/wp-json\/wp\/v2\/posts\/225084\/revisions\/225099"}],"wp:featuredmedia":[{"embeddable":true,"href":"https:\/\/www.gaveanews.com\/index.php\/wp-json\/wp\/v2\/media\/203818"}],"wp:attachment":[{"href":"https:\/\/www.gaveanews.com\/index.php\/wp-json\/wp\/v2\/media?parent=225084"}],"wp:term":[{"taxonomy":"category","embeddable":true,"href":"https:\/\/www.gaveanews.com\/index.php\/wp-json\/wp\/v2\/categories?post=225084"},{"taxonomy":"post_tag","embeddable":true,"href":"https:\/\/www.gaveanews.com\/index.php\/wp-json\/wp\/v2\/tags?post=225084"}],"curies":[{"name":"wp","href":"https:\/\/api.w.org\/{rel}","templated":true}]}}