{"id":225185,"date":"2025-02-08T22:20:00","date_gmt":"2025-02-09T01:20:00","guid":{"rendered":"https:\/\/www.gaveanews.com\/?p=225185"},"modified":"2025-02-08T21:51:50","modified_gmt":"2025-02-09T00:51:50","slug":"cruzeiro-a-declaracao-de-mario-marra-sobre-classico-contra-o-atletico-mg","status":"publish","type":"post","link":"https:\/\/www.gaveanews.com\/index.php\/2025\/02\/08\/cruzeiro-a-declaracao-de-mario-marra-sobre-classico-contra-o-atletico-mg\/","title":{"rendered":"Cruzeiro: a declara\u00e7\u00e3o de M\u00e1rio Marra sobre cl\u00e1ssico contra o Atl\u00e9tico-MG"},"content":{"rendered":"\n<p>Neste domingo (9\/2), o Mineir\u00e3o ser\u00e1 palco de um dos confrontos mais aguardados do Campeonato Mineiro: Cruzeiro e Atl\u00e9tico-MG se enfrentam pela primeira fase do M\u00f3dulo I, em um cl\u00e1ssico mineiro que promete ser emocionante.&nbsp;<\/p>\n\n\n\n<p>O jornalista M\u00e1rio Marra compartilhou sua vis\u00e3o sobre a expectativa para o duelo, destacando as diferentes situa\u00e7\u00f5es das duas equipes na competi\u00e7\u00e3o e as mudan\u00e7as que cada uma tem vivido.<\/p>\n\n\n\n<h2 class=\"wp-block-heading\" id=\"h-situacoes-opostas-no-campeonato-mineiro\">Situa\u00e7\u00f5es opostas no Campeonato Mineiro<\/h2>\n\n\n\n<p>O Cruzeiro chega \u00e0 partida com uma campanha s\u00f3lida, liderando o Grupo C e com 99,67% de chance de avan\u00e7ar para as semifinais, segundo o Departamento de Matem\u00e1tica da UFMG.&nbsp;<\/p>\n\n\n\n<p>Por outro lado, o Atl\u00e9tico-MG ocupa a terceira posi\u00e7\u00e3o no Grupo A, com apenas 30,1% de probabilidade de classifica\u00e7\u00e3o. Dessa maneira, o time celeste se mostra mais confiante para o cl\u00e1ssico, enquanto o Galo ainda busca engrenar na competi\u00e7\u00e3o.<\/p>\n\n\n\n<p>Al\u00e9m disso, M\u00e1rio Marra relembrou o amistoso entre as duas equipes, disputado em janeiro nos Estados Unidos. O empate sem gols no jogo de pr\u00e9-temporada, segundo o jornalista, foi marcado por equipes ainda em fase de ajustes.&nbsp;<\/p>\n\n\n\n<p>&#8220;Era pr\u00e9-temporada para os dois. Os jogadores do Atl\u00e9tico n\u00e3o tinham feito nenhum jogo e o Cruzeiro j\u00e1 havia enfrentado o S\u00e3o Paulo. O Cruzeiro muito motivado com as contrata\u00e7\u00f5es e o Atl\u00e9tico cheio de d\u00favidas&#8221;, explicou Marra no programa <em>SportCenter<\/em>, da ESPN.<\/p>\n\n\n\n<h2 class=\"wp-block-heading\" id=\"h-expectativas-para-o-novo-embate\">Expectativas para o novo embate<\/h2>\n\n\n\n<p>Para o jornalista, o cen\u00e1rio mudou significativamente para ambos os times. \u201cAgora, o Cruzeiro j\u00e1 tem mais cara de um time que vai mudar e o Atl\u00e9tico com mais cara de um trabalho novo\u201d, afirmou.&nbsp;<\/p>\n\n\n\n<p>A chegada de Cuca ao Atl\u00e9tico-MG j\u00e1 \u00e9 not\u00e1vel, com a equipe mostrando as digitais do treinador em campo. &#8220;Acho que vai ter mais jogo. Vai ser um jogo mais interessante&#8221;, projetou Marra.<\/p>\n\n\n\n<p>Por isso, a expectativa \u00e9 de um cl\u00e1ssico bem mais disputado, com o Cruzeiro atacando mais e o Atl\u00e9tico se defendendo, buscando o contra-ataque. &#8220;A aus\u00eancia do J\u00fanior Santos e, se o Cuello n\u00e3o jogar, atrapalha o Atl\u00e9tico um pouco na ideia de jogar no contra-ataque&#8221;, completou Marra.<\/p>\n\n\n\n<h2 class=\"wp-block-heading\" id=\"h-recorde-de-publico-no-mineirao\">Recorde de p\u00fablico no Mineir\u00e3o<\/h2>\n\n\n\n<p>Al\u00e9m do confronto esportivo, o cl\u00e1ssico mineiro de domingo vai marcar outro recorde. O Cruzeiro anunciou que todos os ingressos foram vendidos, o que garantiu uma grande expectativa de p\u00fablico.&nbsp;<\/p>\n\n\n\n<p>Com isso, o jogo superar\u00e1 a marca de 61.583 torcedores, registrada em agosto de 2024, estabelecendo um novo recorde de p\u00fablico no Mineir\u00e3o ap\u00f3s sua reforma para a Copa do Mundo de 2014.<\/p>\n\n\n\n<p>Vale destacar que este ser\u00e1 o primeiro cl\u00e1ssico oficial de 2025 no est\u00e1dio, e a partida deve ser um espet\u00e1culo tanto dentro quanto fora de campo.<\/p>\n","protected":false},"excerpt":{"rendered":"<p>Neste domingo (9\/2), o Mineir\u00e3o ser\u00e1 palco de um dos confrontos mais aguardados do Campeonato Mineiro: Cruzeiro e Atl\u00e9tico-MG se enfrentam pela primeira fase do M\u00f3dulo I, em um cl\u00e1ssico mineiro que promete ser emocionante.&nbsp; O jornalista M\u00e1rio Marra compartilhou sua vis\u00e3o sobre a expectativa para o duelo, destacando as diferentes situa\u00e7\u00f5es das duas equipes [&hellip;]<\/p>\n","protected":false},"author":25,"featured_media":175601,"comment_status":"open","ping_status":"closed","sticky":false,"template":"","format":"standard","meta":{"footnotes":""},"categories":[143],"tags":[],"class_list":["post-225185","post","type-post","status-publish","format-standard","has-post-thumbnail","hentry","category-cruzeiro"],"yoast_head":"<!-- This site is optimized with the Yoast SEO Premium plugin v24.2 (Yoast SEO v26.9) - https:\/\/yoast.com\/product\/yoast-seo-premium-wordpress\/ -->\n<title>Cruzeiro: a declara\u00e7\u00e3o de M\u00e1rio Marra sobre cl\u00e1ssico contra o Atl\u00e9tico-MG<\/title>\n<meta name=\"robots\" content=\"index, follow, max-snippet:-1, max-image-preview:large, max-video-preview:-1\" \/>\n<link rel=\"canonical\" href=\"https:\/\/www.gaveanews.com\/index.php\/2025\/02\/08\/cruzeiro-a-declaracao-de-mario-marra-sobre-classico-contra-o-atletico-mg\/\" \/>\n<meta property=\"og:locale\" content=\"pt_BR\" \/>\n<meta property=\"og:type\" content=\"article\" \/>\n<meta property=\"og:title\" content=\"Cruzeiro: a declara\u00e7\u00e3o de M\u00e1rio Marra sobre cl\u00e1ssico contra o Atl\u00e9tico-MG\" \/>\n<meta property=\"og:description\" content=\"Neste domingo (9\/2), o Mineir\u00e3o ser\u00e1 palco de um dos confrontos mais aguardados do Campeonato Mineiro: Cruzeiro e Atl\u00e9tico-MG se enfrentam pela primeira fase do M\u00f3dulo I, em um cl\u00e1ssico mineiro que promete ser emocionante.&nbsp; O jornalista M\u00e1rio Marra compartilhou sua vis\u00e3o sobre a expectativa para o duelo, destacando as diferentes situa\u00e7\u00f5es das duas equipes [&hellip;]\" \/>\n<meta property=\"og:url\" content=\"https:\/\/www.gaveanews.com\/index.php\/2025\/02\/08\/cruzeiro-a-declaracao-de-mario-marra-sobre-classico-contra-o-atletico-mg\/\" \/>\n<meta property=\"og:site_name\" content=\"G\u00e1vea News\" \/>\n<meta property=\"article:publisher\" content=\"https:\/\/facebook.com\/gaveaNews\/\" \/>\n<meta property=\"article:published_time\" content=\"2025-02-09T01:20:00+00:00\" \/>\n<meta property=\"og:image\" content=\"https:\/\/www.gaveanews.com\/wp-content\/uploads\/Bandeira-do-Cruzeiro.webp\" \/>\n\t<meta property=\"og:image:width\" content=\"1062\" \/>\n\t<meta property=\"og:image:height\" content=\"708\" \/>\n\t<meta property=\"og:image:type\" content=\"image\/webp\" \/>\n<meta name=\"author\" content=\"Rafaela Ladeira\" \/>\n<meta name=\"twitter:card\" content=\"summary_large_image\" \/>\n<meta name=\"twitter:label1\" content=\"Escrito por\" \/>\n\t<meta name=\"twitter:data1\" content=\"Rafaela Ladeira\" \/>\n\t<meta name=\"twitter:label2\" content=\"Est. tempo de leitura\" \/>\n\t<meta name=\"twitter:data2\" content=\"3 minutos\" \/>\n<script type=\"application\/ld+json\" class=\"yoast-schema-graph\">{\"@context\":\"https:\/\/schema.org\",\"@graph\":[{\"@type\":\"NewsArticle\",\"@id\":\"https:\/\/www.gaveanews.com\/index.php\/2025\/02\/08\/cruzeiro-a-declaracao-de-mario-marra-sobre-classico-contra-o-atletico-mg\/#article\",\"isPartOf\":{\"@id\":\"https:\/\/www.gaveanews.com\/index.php\/2025\/02\/08\/cruzeiro-a-declaracao-de-mario-marra-sobre-classico-contra-o-atletico-mg\/\"},\"author\":{\"name\":\"Rafaela Ladeira\",\"@id\":\"https:\/\/www.gaveanews.com\/#\/schema\/person\/0eb3e3fe1754f0205218538adbe8f5ed\"},\"headline\":\"Cruzeiro: a declara\u00e7\u00e3o de M\u00e1rio Marra sobre cl\u00e1ssico contra o Atl\u00e9tico-MG\",\"datePublished\":\"2025-02-09T01:20:00+00:00\",\"mainEntityOfPage\":{\"@id\":\"https:\/\/www.gaveanews.com\/index.php\/2025\/02\/08\/cruzeiro-a-declaracao-de-mario-marra-sobre-classico-contra-o-atletico-mg\/\"},\"wordCount\":493,\"commentCount\":0,\"image\":{\"@id\":\"https:\/\/www.gaveanews.com\/index.php\/2025\/02\/08\/cruzeiro-a-declaracao-de-mario-marra-sobre-classico-contra-o-atletico-mg\/#primaryimage\"},\"thumbnailUrl\":\"https:\/\/www.gaveanews.com\/wp-content\/uploads\/Bandeira-do-Cruzeiro.webp\",\"articleSection\":[\"Cruzeiro\"],\"inLanguage\":\"pt-BR\",\"potentialAction\":[{\"@type\":\"CommentAction\",\"name\":\"Comment\",\"target\":[\"https:\/\/www.gaveanews.com\/index.php\/2025\/02\/08\/cruzeiro-a-declaracao-de-mario-marra-sobre-classico-contra-o-atletico-mg\/#respond\"]}],\"copyrightYear\":\"2025\",\"copyrightHolder\":{\"@id\":\"https:\/\/www.gaveanews.com\/#organization\"}},{\"@type\":\"WebPage\",\"@id\":\"https:\/\/www.gaveanews.com\/index.php\/2025\/02\/08\/cruzeiro-a-declaracao-de-mario-marra-sobre-classico-contra-o-atletico-mg\/\",\"url\":\"https:\/\/www.gaveanews.com\/index.php\/2025\/02\/08\/cruzeiro-a-declaracao-de-mario-marra-sobre-classico-contra-o-atletico-mg\/\",\"name\":\"Cruzeiro: a declara\u00e7\u00e3o de M\u00e1rio Marra sobre cl\u00e1ssico contra o Atl\u00e9tico-MG\",\"isPartOf\":{\"@id\":\"https:\/\/www.gaveanews.com\/#website\"},\"primaryImageOfPage\":{\"@id\":\"https:\/\/www.gaveanews.com\/index.php\/2025\/02\/08\/cruzeiro-a-declaracao-de-mario-marra-sobre-classico-contra-o-atletico-mg\/#primaryimage\"},\"image\":{\"@id\":\"https:\/\/www.gaveanews.com\/index.php\/2025\/02\/08\/cruzeiro-a-declaracao-de-mario-marra-sobre-classico-contra-o-atletico-mg\/#primaryimage\"},\"thumbnailUrl\":\"https:\/\/www.gaveanews.com\/wp-content\/uploads\/Bandeira-do-Cruzeiro.webp\",\"datePublished\":\"2025-02-09T01:20:00+00:00\",\"author\":{\"@id\":\"https:\/\/www.gaveanews.com\/#\/schema\/person\/0eb3e3fe1754f0205218538adbe8f5ed\"},\"breadcrumb\":{\"@id\":\"https:\/\/www.gaveanews.com\/index.php\/2025\/02\/08\/cruzeiro-a-declaracao-de-mario-marra-sobre-classico-contra-o-atletico-mg\/#breadcrumb\"},\"inLanguage\":\"pt-BR\",\"potentialAction\":[{\"@type\":\"ReadAction\",\"target\":[\"https:\/\/www.gaveanews.com\/index.php\/2025\/02\/08\/cruzeiro-a-declaracao-de-mario-marra-sobre-classico-contra-o-atletico-mg\/\"]}]},{\"@type\":\"ImageObject\",\"inLanguage\":\"pt-BR\",\"@id\":\"https:\/\/www.gaveanews.com\/index.php\/2025\/02\/08\/cruzeiro-a-declaracao-de-mario-marra-sobre-classico-contra-o-atletico-mg\/#primaryimage\",\"url\":\"https:\/\/www.gaveanews.com\/wp-content\/uploads\/Bandeira-do-Cruzeiro.webp\",\"contentUrl\":\"https:\/\/www.gaveanews.com\/wp-content\/uploads\/Bandeira-do-Cruzeiro.webp\",\"width\":1062,\"height\":708,\"caption\":\"Bandeira do Cruzeiro (Foto: Reprodu\u00e7\u00e3o\/Cruzeiro)\"},{\"@type\":\"BreadcrumbList\",\"@id\":\"https:\/\/www.gaveanews.com\/index.php\/2025\/02\/08\/cruzeiro-a-declaracao-de-mario-marra-sobre-classico-contra-o-atletico-mg\/#breadcrumb\",\"itemListElement\":[{\"@type\":\"ListItem\",\"position\":1,\"name\":\"Home\",\"item\":\"https:\/\/www.gaveanews.com\/\"},{\"@type\":\"ListItem\",\"position\":2,\"name\":\"Cruzeiro: a declara\u00e7\u00e3o de M\u00e1rio Marra sobre cl\u00e1ssico contra o Atl\u00e9tico-MG\"}]},{\"@type\":\"WebSite\",\"@id\":\"https:\/\/www.gaveanews.com\/#website\",\"url\":\"https:\/\/www.gaveanews.com\/\",\"name\":\"G\u00e1vea News\",\"description\":\"Veja todas as not\u00edcias sobre o Flamengo: Contrata\u00e7\u00f5es, categorias de base, resultados das partidas, tabela de classifica\u00e7\u00e3o, pr\u00f3ximos jogos!\",\"potentialAction\":[{\"@type\":\"SearchAction\",\"target\":{\"@type\":\"EntryPoint\",\"urlTemplate\":\"https:\/\/www.gaveanews.com\/?s={search_term_string}\"},\"query-input\":{\"@type\":\"PropertyValueSpecification\",\"valueRequired\":true,\"valueName\":\"search_term_string\"}}],\"inLanguage\":\"pt-BR\"},{\"@type\":\"Person\",\"@id\":\"https:\/\/www.gaveanews.com\/#\/schema\/person\/0eb3e3fe1754f0205218538adbe8f5ed\",\"name\":\"Rafaela Ladeira\",\"image\":{\"@type\":\"ImageObject\",\"inLanguage\":\"pt-BR\",\"@id\":\"https:\/\/www.gaveanews.com\/#\/schema\/person\/image\/\",\"url\":\"https:\/\/secure.gravatar.com\/avatar\/c31f513acffd85eacab5730cbdfdbbf59f21ba5aeada8cd890acea879fbb2455?s=96&d=mm&r=g\",\"contentUrl\":\"https:\/\/secure.gravatar.com\/avatar\/c31f513acffd85eacab5730cbdfdbbf59f21ba5aeada8cd890acea879fbb2455?s=96&d=mm&r=g\",\"caption\":\"Rafaela Ladeira\"}}]}<\/script>\n<!-- \/ Yoast SEO Premium plugin. -->","yoast_head_json":{"title":"Cruzeiro: a declara\u00e7\u00e3o de M\u00e1rio Marra sobre cl\u00e1ssico contra o Atl\u00e9tico-MG","robots":{"index":"index","follow":"follow","max-snippet":"max-snippet:-1","max-image-preview":"max-image-preview:large","max-video-preview":"max-video-preview:-1"},"canonical":"https:\/\/www.gaveanews.com\/index.php\/2025\/02\/08\/cruzeiro-a-declaracao-de-mario-marra-sobre-classico-contra-o-atletico-mg\/","og_locale":"pt_BR","og_type":"article","og_title":"Cruzeiro: a declara\u00e7\u00e3o de M\u00e1rio Marra sobre cl\u00e1ssico contra o Atl\u00e9tico-MG","og_description":"Neste domingo (9\/2), o Mineir\u00e3o ser\u00e1 palco de um dos confrontos mais aguardados do Campeonato Mineiro: Cruzeiro e Atl\u00e9tico-MG se enfrentam pela primeira fase do M\u00f3dulo I, em um cl\u00e1ssico mineiro que promete ser emocionante.&nbsp; O jornalista M\u00e1rio Marra compartilhou sua vis\u00e3o sobre a expectativa para o duelo, destacando as diferentes situa\u00e7\u00f5es das duas equipes [&hellip;]","og_url":"https:\/\/www.gaveanews.com\/index.php\/2025\/02\/08\/cruzeiro-a-declaracao-de-mario-marra-sobre-classico-contra-o-atletico-mg\/","og_site_name":"G\u00e1vea News","article_publisher":"https:\/\/facebook.com\/gaveaNews\/","article_published_time":"2025-02-09T01:20:00+00:00","og_image":[{"width":1062,"height":708,"url":"https:\/\/www.gaveanews.com\/wp-content\/uploads\/Bandeira-do-Cruzeiro.webp","type":"image\/webp"}],"author":"Rafaela Ladeira","twitter_card":"summary_large_image","twitter_misc":{"Escrito por":"Rafaela Ladeira","Est. tempo de leitura":"3 minutos"},"schema":{"@context":"https:\/\/schema.org","@graph":[{"@type":"NewsArticle","@id":"https:\/\/www.gaveanews.com\/index.php\/2025\/02\/08\/cruzeiro-a-declaracao-de-mario-marra-sobre-classico-contra-o-atletico-mg\/#article","isPartOf":{"@id":"https:\/\/www.gaveanews.com\/index.php\/2025\/02\/08\/cruzeiro-a-declaracao-de-mario-marra-sobre-classico-contra-o-atletico-mg\/"},"author":{"name":"Rafaela Ladeira","@id":"https:\/\/www.gaveanews.com\/#\/schema\/person\/0eb3e3fe1754f0205218538adbe8f5ed"},"headline":"Cruzeiro: a declara\u00e7\u00e3o de M\u00e1rio Marra sobre cl\u00e1ssico contra o Atl\u00e9tico-MG","datePublished":"2025-02-09T01:20:00+00:00","mainEntityOfPage":{"@id":"https:\/\/www.gaveanews.com\/index.php\/2025\/02\/08\/cruzeiro-a-declaracao-de-mario-marra-sobre-classico-contra-o-atletico-mg\/"},"wordCount":493,"commentCount":0,"image":{"@id":"https:\/\/www.gaveanews.com\/index.php\/2025\/02\/08\/cruzeiro-a-declaracao-de-mario-marra-sobre-classico-contra-o-atletico-mg\/#primaryimage"},"thumbnailUrl":"https:\/\/www.gaveanews.com\/wp-content\/uploads\/Bandeira-do-Cruzeiro.webp","articleSection":["Cruzeiro"],"inLanguage":"pt-BR","potentialAction":[{"@type":"CommentAction","name":"Comment","target":["https:\/\/www.gaveanews.com\/index.php\/2025\/02\/08\/cruzeiro-a-declaracao-de-mario-marra-sobre-classico-contra-o-atletico-mg\/#respond"]}],"copyrightYear":"2025","copyrightHolder":{"@id":"https:\/\/www.gaveanews.com\/#organization"}},{"@type":"WebPage","@id":"https:\/\/www.gaveanews.com\/index.php\/2025\/02\/08\/cruzeiro-a-declaracao-de-mario-marra-sobre-classico-contra-o-atletico-mg\/","url":"https:\/\/www.gaveanews.com\/index.php\/2025\/02\/08\/cruzeiro-a-declaracao-de-mario-marra-sobre-classico-contra-o-atletico-mg\/","name":"Cruzeiro: a declara\u00e7\u00e3o de M\u00e1rio Marra sobre cl\u00e1ssico contra o Atl\u00e9tico-MG","isPartOf":{"@id":"https:\/\/www.gaveanews.com\/#website"},"primaryImageOfPage":{"@id":"https:\/\/www.gaveanews.com\/index.php\/2025\/02\/08\/cruzeiro-a-declaracao-de-mario-marra-sobre-classico-contra-o-atletico-mg\/#primaryimage"},"image":{"@id":"https:\/\/www.gaveanews.com\/index.php\/2025\/02\/08\/cruzeiro-a-declaracao-de-mario-marra-sobre-classico-contra-o-atletico-mg\/#primaryimage"},"thumbnailUrl":"https:\/\/www.gaveanews.com\/wp-content\/uploads\/Bandeira-do-Cruzeiro.webp","datePublished":"2025-02-09T01:20:00+00:00","author":{"@id":"https:\/\/www.gaveanews.com\/#\/schema\/person\/0eb3e3fe1754f0205218538adbe8f5ed"},"breadcrumb":{"@id":"https:\/\/www.gaveanews.com\/index.php\/2025\/02\/08\/cruzeiro-a-declaracao-de-mario-marra-sobre-classico-contra-o-atletico-mg\/#breadcrumb"},"inLanguage":"pt-BR","potentialAction":[{"@type":"ReadAction","target":["https:\/\/www.gaveanews.com\/index.php\/2025\/02\/08\/cruzeiro-a-declaracao-de-mario-marra-sobre-classico-contra-o-atletico-mg\/"]}]},{"@type":"ImageObject","inLanguage":"pt-BR","@id":"https:\/\/www.gaveanews.com\/index.php\/2025\/02\/08\/cruzeiro-a-declaracao-de-mario-marra-sobre-classico-contra-o-atletico-mg\/#primaryimage","url":"https:\/\/www.gaveanews.com\/wp-content\/uploads\/Bandeira-do-Cruzeiro.webp","contentUrl":"https:\/\/www.gaveanews.com\/wp-content\/uploads\/Bandeira-do-Cruzeiro.webp","width":1062,"height":708,"caption":"Bandeira do Cruzeiro (Foto: Reprodu\u00e7\u00e3o\/Cruzeiro)"},{"@type":"BreadcrumbList","@id":"https:\/\/www.gaveanews.com\/index.php\/2025\/02\/08\/cruzeiro-a-declaracao-de-mario-marra-sobre-classico-contra-o-atletico-mg\/#breadcrumb","itemListElement":[{"@type":"ListItem","position":1,"name":"Home","item":"https:\/\/www.gaveanews.com\/"},{"@type":"ListItem","position":2,"name":"Cruzeiro: a declara\u00e7\u00e3o de M\u00e1rio Marra sobre cl\u00e1ssico contra o Atl\u00e9tico-MG"}]},{"@type":"WebSite","@id":"https:\/\/www.gaveanews.com\/#website","url":"https:\/\/www.gaveanews.com\/","name":"G\u00e1vea News","description":"Veja todas as not\u00edcias sobre o Flamengo: Contrata\u00e7\u00f5es, categorias de base, resultados das partidas, tabela de classifica\u00e7\u00e3o, pr\u00f3ximos jogos!","potentialAction":[{"@type":"SearchAction","target":{"@type":"EntryPoint","urlTemplate":"https:\/\/www.gaveanews.com\/?s={search_term_string}"},"query-input":{"@type":"PropertyValueSpecification","valueRequired":true,"valueName":"search_term_string"}}],"inLanguage":"pt-BR"},{"@type":"Person","@id":"https:\/\/www.gaveanews.com\/#\/schema\/person\/0eb3e3fe1754f0205218538adbe8f5ed","name":"Rafaela Ladeira","image":{"@type":"ImageObject","inLanguage":"pt-BR","@id":"https:\/\/www.gaveanews.com\/#\/schema\/person\/image\/","url":"https:\/\/secure.gravatar.com\/avatar\/c31f513acffd85eacab5730cbdfdbbf59f21ba5aeada8cd890acea879fbb2455?s=96&d=mm&r=g","contentUrl":"https:\/\/secure.gravatar.com\/avatar\/c31f513acffd85eacab5730cbdfdbbf59f21ba5aeada8cd890acea879fbb2455?s=96&d=mm&r=g","caption":"Rafaela Ladeira"}}]}},"_links":{"self":[{"href":"https:\/\/www.gaveanews.com\/index.php\/wp-json\/wp\/v2\/posts\/225185","targetHints":{"allow":["GET"]}}],"collection":[{"href":"https:\/\/www.gaveanews.com\/index.php\/wp-json\/wp\/v2\/posts"}],"about":[{"href":"https:\/\/www.gaveanews.com\/index.php\/wp-json\/wp\/v2\/types\/post"}],"author":[{"embeddable":true,"href":"https:\/\/www.gaveanews.com\/index.php\/wp-json\/wp\/v2\/users\/25"}],"replies":[{"embeddable":true,"href":"https:\/\/www.gaveanews.com\/index.php\/wp-json\/wp\/v2\/comments?post=225185"}],"version-history":[{"count":1,"href":"https:\/\/www.gaveanews.com\/index.php\/wp-json\/wp\/v2\/posts\/225185\/revisions"}],"predecessor-version":[{"id":225186,"href":"https:\/\/www.gaveanews.com\/index.php\/wp-json\/wp\/v2\/posts\/225185\/revisions\/225186"}],"wp:featuredmedia":[{"embeddable":true,"href":"https:\/\/www.gaveanews.com\/index.php\/wp-json\/wp\/v2\/media\/175601"}],"wp:attachment":[{"href":"https:\/\/www.gaveanews.com\/index.php\/wp-json\/wp\/v2\/media?parent=225185"}],"wp:term":[{"taxonomy":"category","embeddable":true,"href":"https:\/\/www.gaveanews.com\/index.php\/wp-json\/wp\/v2\/categories?post=225185"},{"taxonomy":"post_tag","embeddable":true,"href":"https:\/\/www.gaveanews.com\/index.php\/wp-json\/wp\/v2\/tags?post=225185"}],"curies":[{"name":"wp","href":"https:\/\/api.w.org\/{rel}","templated":true}]}}