{"id":225188,"date":"2025-02-08T21:45:00","date_gmt":"2025-02-09T00:45:00","guid":{"rendered":"https:\/\/www.gaveanews.com\/?p=225188"},"modified":"2025-02-08T21:42:43","modified_gmt":"2025-02-09T00:42:43","slug":"corinthians-tem-desfalques-de-peso-para-enfrentar-o-sao-bernardo","status":"publish","type":"post","link":"https:\/\/www.gaveanews.com\/index.php\/2025\/02\/08\/corinthians-tem-desfalques-de-peso-para-enfrentar-o-sao-bernardo\/","title":{"rendered":"Corinthians t\u00eam desfalques de peso para enfrentar o S\u00e3o Bernardo"},"content":{"rendered":"\n<p>O Corinthians enfrentar\u00e1 o S\u00e3o Bernardo neste s\u00e1bado (8), \u00e0s 20h30, pela oitava rodada do Campeonato Paulista, mas o time de Ram\u00f3n D\u00edaz ter\u00e1 desfalques importantes no ataque. O t\u00e9cnico n\u00e3o poder\u00e1 contar com Yuri Alberto, suspenso, e Talles Magno, que viajou aos Estados Unidos para resolver quest\u00f5es relacionadas ao visto de trabalho. Ambos s\u00e3o pe\u00e7as-chave para o desempenho da equipe, e agora resta \u00e0 comiss\u00e3o t\u00e9cnica buscar alternativas para manter o bom momento do time.<\/p>\n\n\n\n<h2 class=\"wp-block-heading\" id=\"h-ausencias-que-pesam-no-ataque-do-timao\">Aus\u00eancias que pesam no ataque do Tim\u00e3o<\/h2>\n\n\n\n<p>Talles Magno vem se destacando no Estadual, com quatro gols em sete jogos, sendo um dos principais nomes do setor ofensivo do Corinthians. Al\u00e9m disso, Yuri Alberto foi o artilheiro do time na temporada passada e marcou seu primeiro gol de 2025 contra o Palmeiras, na \u00faltima rodada. Sendo assim, a aus\u00eancia da dupla certamente far\u00e1 falta. Vale destacar que o camisa 9 foi o principal goleador do Corinthians em 2024, com 31 gols marcados.<\/p>\n\n\n\n<figure class=\"wp-block-embed is-type-photo is-provider-flickr wp-block-embed-flickr\"><div class=\"wp-block-embed__wrapper\">\n<a href=\"https:\/\/flic.kr\/p\/2qKACC3\"><img loading=\"lazy\" decoding=\"async\" src=\"https:\/\/live.staticflickr.com\/65535\/54314621306_203b24f865_z.webp\" alt=\"Yuri Alberto e Talles Magno\" width=\"640\" height=\"640\" \/><\/a>\n<\/div><\/figure>\n\n\n\n<p>Com essas baixas, o Corinthians precisa recorrer a outras op\u00e7\u00f5es. A primeira alternativa \u00e9 o argentino Romero, que, apesar de n\u00e3o ter atuado no Derby, se encontra em melhores condi\u00e7\u00f5es f\u00edsicas e deve ser o favorito para come\u00e7ar a partida contra o S\u00e3o Bernardo. A tend\u00eancia \u00e9 que ele ocupe o lugar de Talles Magno, e, dessa maneira, a comiss\u00e3o t\u00e9cnica espera que ele fa\u00e7a a diferen\u00e7a no setor ofensivo.<\/p>\n\n\n\n<p>Por outro lado, H\u00e9ctor Hern\u00e1ndez e Pedro Raul disputar\u00e3o a outra vaga no ataque. Ambos ainda n\u00e3o convenceram plenamente em 2025, mas seguem com a esperan\u00e7a de mais minutos em campo para provar seu valor. A op\u00e7\u00e3o mais remota \u00e9 Giovane, que, embora tenha dado uma assist\u00eancia importante contra o Novorizontino, tem um futuro incerto no clube, pois sua renova\u00e7\u00e3o contratual ainda n\u00e3o foi conclu\u00edda.<\/p>\n\n\n\n<h2 class=\"wp-block-heading\" id=\"h-boas-noticias-para-o-corinthians-no-meio-campo\">Boas not\u00edcias para o Corinthians no meio-campo<\/h2>\n\n\n\n<p>Com isso, por mais que as aus\u00eancias ofensivas causem certa preocupa\u00e7\u00e3o, o Corinthians contar\u00e1 com o retorno do meia Rodrigo Garro, recuperado de les\u00e3o no joelho, e de Jos\u00e9 Mart\u00ednez, que voltou recentemente dos Estados Unidos. Esses refor\u00e7os podem dar maior consist\u00eancia ao meio-campo, ajudando o time a controlar o jogo e a criar mais oportunidades.<\/p>\n\n\n\n<p>O Tim\u00e3o segue na lideran\u00e7a do grupo A e da tabela geral do Campeonato Paulista, com 19 pontos, ap\u00f3s o empate no Derby contra o Palmeiras. Com desfalques importantes, o time precisa mostrar for\u00e7a e manter a lideran\u00e7a, o que s\u00f3 ser\u00e1 poss\u00edvel com uma vit\u00f3ria sobre o S\u00e3o Bernardo neste s\u00e1bado.<\/p>\n","protected":false},"excerpt":{"rendered":"<p>O Corinthians enfrentar\u00e1 o S\u00e3o Bernardo neste s\u00e1bado (8), \u00e0s 20h30, pela oitava rodada do Campeonato Paulista, mas o time de Ram\u00f3n D\u00edaz ter\u00e1 desfalques importantes no ataque. O t\u00e9cnico n\u00e3o poder\u00e1 contar com Yuri Alberto, suspenso, e Talles Magno, que viajou aos Estados Unidos para resolver quest\u00f5es relacionadas ao visto de trabalho. Ambos s\u00e3o [&hellip;]<\/p>\n","protected":false},"author":24,"featured_media":154473,"comment_status":"open","ping_status":"closed","sticky":false,"template":"","format":"standard","meta":{"footnotes":""},"categories":[141],"tags":[],"class_list":["post-225188","post","type-post","status-publish","format-standard","has-post-thumbnail","hentry","category-corinthians"],"yoast_head":"<!-- This site is optimized with the Yoast SEO Premium plugin v24.2 (Yoast SEO v26.9) - https:\/\/yoast.com\/product\/yoast-seo-premium-wordpress\/ -->\n<title>Corinthians t\u00eam desfalques de peso para enfrentar o S\u00e3o Bernardo<\/title>\n<meta name=\"robots\" content=\"index, follow, max-snippet:-1, max-image-preview:large, max-video-preview:-1\" \/>\n<link rel=\"canonical\" href=\"https:\/\/www.gaveanews.com\/index.php\/2025\/02\/08\/corinthians-tem-desfalques-de-peso-para-enfrentar-o-sao-bernardo\/\" \/>\n<meta property=\"og:locale\" content=\"pt_BR\" \/>\n<meta property=\"og:type\" content=\"article\" \/>\n<meta property=\"og:title\" content=\"Corinthians t\u00eam desfalques de peso para enfrentar o S\u00e3o Bernardo\" \/>\n<meta property=\"og:description\" content=\"O Corinthians enfrentar\u00e1 o S\u00e3o Bernardo neste s\u00e1bado (8), \u00e0s 20h30, pela oitava rodada do Campeonato Paulista, mas o time de Ram\u00f3n D\u00edaz ter\u00e1 desfalques importantes no ataque. O t\u00e9cnico n\u00e3o poder\u00e1 contar com Yuri Alberto, suspenso, e Talles Magno, que viajou aos Estados Unidos para resolver quest\u00f5es relacionadas ao visto de trabalho. Ambos s\u00e3o [&hellip;]\" \/>\n<meta property=\"og:url\" content=\"https:\/\/www.gaveanews.com\/index.php\/2025\/02\/08\/corinthians-tem-desfalques-de-peso-para-enfrentar-o-sao-bernardo\/\" \/>\n<meta property=\"og:site_name\" content=\"G\u00e1vea News\" \/>\n<meta property=\"article:publisher\" content=\"https:\/\/facebook.com\/gaveaNews\/\" \/>\n<meta property=\"article:published_time\" content=\"2025-02-09T00:45:00+00:00\" \/>\n<meta property=\"og:image\" content=\"https:\/\/www.gaveanews.com\/wp-content\/uploads\/Escudo-do-Corinthians-na-Neo-Quimica-Arena.webp\" \/>\n\t<meta property=\"og:image:width\" content=\"1440\" \/>\n\t<meta property=\"og:image:height\" content=\"959\" \/>\n\t<meta property=\"og:image:type\" content=\"image\/jpeg\" \/>\n<meta name=\"author\" content=\"Leandro Cardoso\" \/>\n<meta name=\"twitter:card\" content=\"summary_large_image\" \/>\n<meta name=\"twitter:label1\" content=\"Escrito por\" \/>\n\t<meta name=\"twitter:data1\" content=\"Leandro Cardoso\" \/>\n\t<meta name=\"twitter:label2\" content=\"Est. tempo de leitura\" \/>\n\t<meta name=\"twitter:data2\" content=\"3 minutos\" \/>\n<script type=\"application\/ld+json\" class=\"yoast-schema-graph\">{\"@context\":\"https:\/\/schema.org\",\"@graph\":[{\"@type\":\"NewsArticle\",\"@id\":\"https:\/\/www.gaveanews.com\/index.php\/2025\/02\/08\/corinthians-tem-desfalques-de-peso-para-enfrentar-o-sao-bernardo\/#article\",\"isPartOf\":{\"@id\":\"https:\/\/www.gaveanews.com\/index.php\/2025\/02\/08\/corinthians-tem-desfalques-de-peso-para-enfrentar-o-sao-bernardo\/\"},\"author\":{\"name\":\"Leandro Cardoso\",\"@id\":\"https:\/\/www.gaveanews.com\/#\/schema\/person\/2424ec6409bc3f068411fc5e4e9b6168\"},\"headline\":\"Corinthians t\u00eam desfalques de peso para enfrentar o S\u00e3o Bernardo\",\"datePublished\":\"2025-02-09T00:45:00+00:00\",\"mainEntityOfPage\":{\"@id\":\"https:\/\/www.gaveanews.com\/index.php\/2025\/02\/08\/corinthians-tem-desfalques-de-peso-para-enfrentar-o-sao-bernardo\/\"},\"wordCount\":466,\"commentCount\":0,\"image\":{\"@id\":\"https:\/\/www.gaveanews.com\/index.php\/2025\/02\/08\/corinthians-tem-desfalques-de-peso-para-enfrentar-o-sao-bernardo\/#primaryimage\"},\"thumbnailUrl\":\"https:\/\/www.gaveanews.com\/wp-content\/uploads\/Escudo-do-Corinthians-na-Neo-Quimica-Arena.webp\",\"articleSection\":[\"Corinthians\"],\"inLanguage\":\"pt-BR\",\"potentialAction\":[{\"@type\":\"CommentAction\",\"name\":\"Comment\",\"target\":[\"https:\/\/www.gaveanews.com\/index.php\/2025\/02\/08\/corinthians-tem-desfalques-de-peso-para-enfrentar-o-sao-bernardo\/#respond\"]}],\"copyrightYear\":\"2025\",\"copyrightHolder\":{\"@id\":\"https:\/\/www.gaveanews.com\/#organization\"}},{\"@type\":\"WebPage\",\"@id\":\"https:\/\/www.gaveanews.com\/index.php\/2025\/02\/08\/corinthians-tem-desfalques-de-peso-para-enfrentar-o-sao-bernardo\/\",\"url\":\"https:\/\/www.gaveanews.com\/index.php\/2025\/02\/08\/corinthians-tem-desfalques-de-peso-para-enfrentar-o-sao-bernardo\/\",\"name\":\"Corinthians t\u00eam desfalques de peso para enfrentar o S\u00e3o Bernardo\",\"isPartOf\":{\"@id\":\"https:\/\/www.gaveanews.com\/#website\"},\"primaryImageOfPage\":{\"@id\":\"https:\/\/www.gaveanews.com\/index.php\/2025\/02\/08\/corinthians-tem-desfalques-de-peso-para-enfrentar-o-sao-bernardo\/#primaryimage\"},\"image\":{\"@id\":\"https:\/\/www.gaveanews.com\/index.php\/2025\/02\/08\/corinthians-tem-desfalques-de-peso-para-enfrentar-o-sao-bernardo\/#primaryimage\"},\"thumbnailUrl\":\"https:\/\/www.gaveanews.com\/wp-content\/uploads\/Escudo-do-Corinthians-na-Neo-Quimica-Arena.webp\",\"datePublished\":\"2025-02-09T00:45:00+00:00\",\"author\":{\"@id\":\"https:\/\/www.gaveanews.com\/#\/schema\/person\/2424ec6409bc3f068411fc5e4e9b6168\"},\"breadcrumb\":{\"@id\":\"https:\/\/www.gaveanews.com\/index.php\/2025\/02\/08\/corinthians-tem-desfalques-de-peso-para-enfrentar-o-sao-bernardo\/#breadcrumb\"},\"inLanguage\":\"pt-BR\",\"potentialAction\":[{\"@type\":\"ReadAction\",\"target\":[\"https:\/\/www.gaveanews.com\/index.php\/2025\/02\/08\/corinthians-tem-desfalques-de-peso-para-enfrentar-o-sao-bernardo\/\"]}]},{\"@type\":\"ImageObject\",\"inLanguage\":\"pt-BR\",\"@id\":\"https:\/\/www.gaveanews.com\/index.php\/2025\/02\/08\/corinthians-tem-desfalques-de-peso-para-enfrentar-o-sao-bernardo\/#primaryimage\",\"url\":\"https:\/\/www.gaveanews.com\/wp-content\/uploads\/Escudo-do-Corinthians-na-Neo-Quimica-Arena.webp\",\"contentUrl\":\"https:\/\/www.gaveanews.com\/wp-content\/uploads\/Escudo-do-Corinthians-na-Neo-Quimica-Arena.webp\",\"width\":1440,\"height\":959,\"caption\":\"Escudo do Corinthians na N\u00e9o Qu\u00edmica Arena (Foto Reprodu\u00e7\u00e3o\/Instagram)\"},{\"@type\":\"BreadcrumbList\",\"@id\":\"https:\/\/www.gaveanews.com\/index.php\/2025\/02\/08\/corinthians-tem-desfalques-de-peso-para-enfrentar-o-sao-bernardo\/#breadcrumb\",\"itemListElement\":[{\"@type\":\"ListItem\",\"position\":1,\"name\":\"Home\",\"item\":\"https:\/\/www.gaveanews.com\/\"},{\"@type\":\"ListItem\",\"position\":2,\"name\":\"Corinthians t\u00eam desfalques de peso para enfrentar o S\u00e3o Bernardo\"}]},{\"@type\":\"WebSite\",\"@id\":\"https:\/\/www.gaveanews.com\/#website\",\"url\":\"https:\/\/www.gaveanews.com\/\",\"name\":\"G\u00e1vea News\",\"description\":\"Veja todas as not\u00edcias sobre o Flamengo: Contrata\u00e7\u00f5es, categorias de base, resultados das partidas, tabela de classifica\u00e7\u00e3o, pr\u00f3ximos jogos!\",\"potentialAction\":[{\"@type\":\"SearchAction\",\"target\":{\"@type\":\"EntryPoint\",\"urlTemplate\":\"https:\/\/www.gaveanews.com\/?s={search_term_string}\"},\"query-input\":{\"@type\":\"PropertyValueSpecification\",\"valueRequired\":true,\"valueName\":\"search_term_string\"}}],\"inLanguage\":\"pt-BR\"},{\"@type\":\"Person\",\"@id\":\"https:\/\/www.gaveanews.com\/#\/schema\/person\/2424ec6409bc3f068411fc5e4e9b6168\",\"name\":\"Leandro Cardoso\",\"image\":{\"@type\":\"ImageObject\",\"inLanguage\":\"pt-BR\",\"@id\":\"https:\/\/www.gaveanews.com\/#\/schema\/person\/image\/\",\"url\":\"https:\/\/secure.gravatar.com\/avatar\/8ca179f9b55eefe9f376f5493ef25475bfa59fbc28ce937f6076ce20e523098f?s=96&d=mm&r=g\",\"contentUrl\":\"https:\/\/secure.gravatar.com\/avatar\/8ca179f9b55eefe9f376f5493ef25475bfa59fbc28ce937f6076ce20e523098f?s=96&d=mm&r=g\",\"caption\":\"Leandro Cardoso\"}}]}<\/script>\n<!-- \/ Yoast SEO Premium plugin. -->","yoast_head_json":{"title":"Corinthians t\u00eam desfalques de peso para enfrentar o S\u00e3o Bernardo","robots":{"index":"index","follow":"follow","max-snippet":"max-snippet:-1","max-image-preview":"max-image-preview:large","max-video-preview":"max-video-preview:-1"},"canonical":"https:\/\/www.gaveanews.com\/index.php\/2025\/02\/08\/corinthians-tem-desfalques-de-peso-para-enfrentar-o-sao-bernardo\/","og_locale":"pt_BR","og_type":"article","og_title":"Corinthians t\u00eam desfalques de peso para enfrentar o S\u00e3o Bernardo","og_description":"O Corinthians enfrentar\u00e1 o S\u00e3o Bernardo neste s\u00e1bado (8), \u00e0s 20h30, pela oitava rodada do Campeonato Paulista, mas o time de Ram\u00f3n D\u00edaz ter\u00e1 desfalques importantes no ataque. O t\u00e9cnico n\u00e3o poder\u00e1 contar com Yuri Alberto, suspenso, e Talles Magno, que viajou aos Estados Unidos para resolver quest\u00f5es relacionadas ao visto de trabalho. Ambos s\u00e3o [&hellip;]","og_url":"https:\/\/www.gaveanews.com\/index.php\/2025\/02\/08\/corinthians-tem-desfalques-de-peso-para-enfrentar-o-sao-bernardo\/","og_site_name":"G\u00e1vea News","article_publisher":"https:\/\/facebook.com\/gaveaNews\/","article_published_time":"2025-02-09T00:45:00+00:00","og_image":[{"width":1440,"height":959,"url":"https:\/\/www.gaveanews.com\/wp-content\/uploads\/Escudo-do-Corinthians-na-Neo-Quimica-Arena.webp","type":"image\/jpeg"}],"author":"Leandro Cardoso","twitter_card":"summary_large_image","twitter_misc":{"Escrito por":"Leandro Cardoso","Est. tempo de leitura":"3 minutos"},"schema":{"@context":"https:\/\/schema.org","@graph":[{"@type":"NewsArticle","@id":"https:\/\/www.gaveanews.com\/index.php\/2025\/02\/08\/corinthians-tem-desfalques-de-peso-para-enfrentar-o-sao-bernardo\/#article","isPartOf":{"@id":"https:\/\/www.gaveanews.com\/index.php\/2025\/02\/08\/corinthians-tem-desfalques-de-peso-para-enfrentar-o-sao-bernardo\/"},"author":{"name":"Leandro Cardoso","@id":"https:\/\/www.gaveanews.com\/#\/schema\/person\/2424ec6409bc3f068411fc5e4e9b6168"},"headline":"Corinthians t\u00eam desfalques de peso para enfrentar o S\u00e3o Bernardo","datePublished":"2025-02-09T00:45:00+00:00","mainEntityOfPage":{"@id":"https:\/\/www.gaveanews.com\/index.php\/2025\/02\/08\/corinthians-tem-desfalques-de-peso-para-enfrentar-o-sao-bernardo\/"},"wordCount":466,"commentCount":0,"image":{"@id":"https:\/\/www.gaveanews.com\/index.php\/2025\/02\/08\/corinthians-tem-desfalques-de-peso-para-enfrentar-o-sao-bernardo\/#primaryimage"},"thumbnailUrl":"https:\/\/www.gaveanews.com\/wp-content\/uploads\/Escudo-do-Corinthians-na-Neo-Quimica-Arena.webp","articleSection":["Corinthians"],"inLanguage":"pt-BR","potentialAction":[{"@type":"CommentAction","name":"Comment","target":["https:\/\/www.gaveanews.com\/index.php\/2025\/02\/08\/corinthians-tem-desfalques-de-peso-para-enfrentar-o-sao-bernardo\/#respond"]}],"copyrightYear":"2025","copyrightHolder":{"@id":"https:\/\/www.gaveanews.com\/#organization"}},{"@type":"WebPage","@id":"https:\/\/www.gaveanews.com\/index.php\/2025\/02\/08\/corinthians-tem-desfalques-de-peso-para-enfrentar-o-sao-bernardo\/","url":"https:\/\/www.gaveanews.com\/index.php\/2025\/02\/08\/corinthians-tem-desfalques-de-peso-para-enfrentar-o-sao-bernardo\/","name":"Corinthians t\u00eam desfalques de peso para enfrentar o S\u00e3o Bernardo","isPartOf":{"@id":"https:\/\/www.gaveanews.com\/#website"},"primaryImageOfPage":{"@id":"https:\/\/www.gaveanews.com\/index.php\/2025\/02\/08\/corinthians-tem-desfalques-de-peso-para-enfrentar-o-sao-bernardo\/#primaryimage"},"image":{"@id":"https:\/\/www.gaveanews.com\/index.php\/2025\/02\/08\/corinthians-tem-desfalques-de-peso-para-enfrentar-o-sao-bernardo\/#primaryimage"},"thumbnailUrl":"https:\/\/www.gaveanews.com\/wp-content\/uploads\/Escudo-do-Corinthians-na-Neo-Quimica-Arena.webp","datePublished":"2025-02-09T00:45:00+00:00","author":{"@id":"https:\/\/www.gaveanews.com\/#\/schema\/person\/2424ec6409bc3f068411fc5e4e9b6168"},"breadcrumb":{"@id":"https:\/\/www.gaveanews.com\/index.php\/2025\/02\/08\/corinthians-tem-desfalques-de-peso-para-enfrentar-o-sao-bernardo\/#breadcrumb"},"inLanguage":"pt-BR","potentialAction":[{"@type":"ReadAction","target":["https:\/\/www.gaveanews.com\/index.php\/2025\/02\/08\/corinthians-tem-desfalques-de-peso-para-enfrentar-o-sao-bernardo\/"]}]},{"@type":"ImageObject","inLanguage":"pt-BR","@id":"https:\/\/www.gaveanews.com\/index.php\/2025\/02\/08\/corinthians-tem-desfalques-de-peso-para-enfrentar-o-sao-bernardo\/#primaryimage","url":"https:\/\/www.gaveanews.com\/wp-content\/uploads\/Escudo-do-Corinthians-na-Neo-Quimica-Arena.webp","contentUrl":"https:\/\/www.gaveanews.com\/wp-content\/uploads\/Escudo-do-Corinthians-na-Neo-Quimica-Arena.webp","width":1440,"height":959,"caption":"Escudo do Corinthians na N\u00e9o Qu\u00edmica Arena (Foto Reprodu\u00e7\u00e3o\/Instagram)"},{"@type":"BreadcrumbList","@id":"https:\/\/www.gaveanews.com\/index.php\/2025\/02\/08\/corinthians-tem-desfalques-de-peso-para-enfrentar-o-sao-bernardo\/#breadcrumb","itemListElement":[{"@type":"ListItem","position":1,"name":"Home","item":"https:\/\/www.gaveanews.com\/"},{"@type":"ListItem","position":2,"name":"Corinthians t\u00eam desfalques de peso para enfrentar o S\u00e3o Bernardo"}]},{"@type":"WebSite","@id":"https:\/\/www.gaveanews.com\/#website","url":"https:\/\/www.gaveanews.com\/","name":"G\u00e1vea News","description":"Veja todas as not\u00edcias sobre o Flamengo: Contrata\u00e7\u00f5es, categorias de base, resultados das partidas, tabela de classifica\u00e7\u00e3o, pr\u00f3ximos jogos!","potentialAction":[{"@type":"SearchAction","target":{"@type":"EntryPoint","urlTemplate":"https:\/\/www.gaveanews.com\/?s={search_term_string}"},"query-input":{"@type":"PropertyValueSpecification","valueRequired":true,"valueName":"search_term_string"}}],"inLanguage":"pt-BR"},{"@type":"Person","@id":"https:\/\/www.gaveanews.com\/#\/schema\/person\/2424ec6409bc3f068411fc5e4e9b6168","name":"Leandro Cardoso","image":{"@type":"ImageObject","inLanguage":"pt-BR","@id":"https:\/\/www.gaveanews.com\/#\/schema\/person\/image\/","url":"https:\/\/secure.gravatar.com\/avatar\/8ca179f9b55eefe9f376f5493ef25475bfa59fbc28ce937f6076ce20e523098f?s=96&d=mm&r=g","contentUrl":"https:\/\/secure.gravatar.com\/avatar\/8ca179f9b55eefe9f376f5493ef25475bfa59fbc28ce937f6076ce20e523098f?s=96&d=mm&r=g","caption":"Leandro Cardoso"}}]}},"_links":{"self":[{"href":"https:\/\/www.gaveanews.com\/index.php\/wp-json\/wp\/v2\/posts\/225188","targetHints":{"allow":["GET"]}}],"collection":[{"href":"https:\/\/www.gaveanews.com\/index.php\/wp-json\/wp\/v2\/posts"}],"about":[{"href":"https:\/\/www.gaveanews.com\/index.php\/wp-json\/wp\/v2\/types\/post"}],"author":[{"embeddable":true,"href":"https:\/\/www.gaveanews.com\/index.php\/wp-json\/wp\/v2\/users\/24"}],"replies":[{"embeddable":true,"href":"https:\/\/www.gaveanews.com\/index.php\/wp-json\/wp\/v2\/comments?post=225188"}],"version-history":[{"count":1,"href":"https:\/\/www.gaveanews.com\/index.php\/wp-json\/wp\/v2\/posts\/225188\/revisions"}],"predecessor-version":[{"id":225193,"href":"https:\/\/www.gaveanews.com\/index.php\/wp-json\/wp\/v2\/posts\/225188\/revisions\/225193"}],"wp:featuredmedia":[{"embeddable":true,"href":"https:\/\/www.gaveanews.com\/index.php\/wp-json\/wp\/v2\/media\/154473"}],"wp:attachment":[{"href":"https:\/\/www.gaveanews.com\/index.php\/wp-json\/wp\/v2\/media?parent=225188"}],"wp:term":[{"taxonomy":"category","embeddable":true,"href":"https:\/\/www.gaveanews.com\/index.php\/wp-json\/wp\/v2\/categories?post=225188"},{"taxonomy":"post_tag","embeddable":true,"href":"https:\/\/www.gaveanews.com\/index.php\/wp-json\/wp\/v2\/tags?post=225188"}],"curies":[{"name":"wp","href":"https:\/\/api.w.org\/{rel}","templated":true}]}}