{"id":225310,"date":"2025-02-08T21:47:20","date_gmt":"2025-02-09T00:47:20","guid":{"rendered":"https:\/\/www.gaveanews.com\/?p=225310"},"modified":"2025-02-08T21:47:23","modified_gmt":"2025-02-09T00:47:23","slug":"fortaleza-a-declaracao-de-vojvoda-sobre-o-classico-rei","status":"publish","type":"post","link":"https:\/\/www.gaveanews.com\/index.php\/2025\/02\/08\/fortaleza-a-declaracao-de-vojvoda-sobre-o-classico-rei\/","title":{"rendered":"Fortaleza: a declara\u00e7\u00e3o de Vojvoda sobre o Cl\u00e1ssico-Rei"},"content":{"rendered":"\n<h2 class=\"wp-block-heading\" id=\"h-vojvoda-lamenta-derrota-no-classico-rei-e-pede-reacao-do-fortaleza\">Vojvoda lamenta derrota no Cl\u00e1ssico-Rei e pede rea\u00e7\u00e3o do Fortaleza<\/h2>\n\n\n\n<p>Juan Pablo Vojvoda n\u00e3o gostou do que viu do Fortaleza no primeiro Cl\u00e1ssico-Rei de 2025. A derrota por 2 a 1 para o Cear\u00e1, neste s\u00e1bado, na Arena Castel\u00e3o, exp\u00f4s um desempenho abaixo do esperado, principalmente no primeiro tempo. Ap\u00f3s a partida, o treinador argentino analisou a atua\u00e7\u00e3o da equipe e admitiu que o time sentiu o primeiro gol do advers\u00e1rio.<\/p>\n\n\n\n<p>\u201cN\u00e3o encontramos o circuito do jogo. Cometemos dois erros e concedemos dois gols. O primeiro tempo foi com um controle de bola nosso at\u00e9 o primeiro gol, mas n\u00f3s nos desestabilizamos depois. Foi um primeiro tempo ruim. Melhoramos no segundo, ficamos no campo do advers\u00e1rio. N\u00e3o empatamos, mas s\u00e3o coisas que acontecem, e vamos continuar trabalhando para melhorar\u201d, avaliou Vojvoda.<\/p>\n\n\n\n<p>O Fortaleza n\u00e3o vence o Cear\u00e1 h\u00e1 seis cl\u00e1ssicos. S\u00e3o quatro empates e duas derrotas nos \u00faltimos confrontos. Questionado sobre o retrospecto recente, Vojvoda fez quest\u00e3o de lembrar os t\u00edtulos conquistados pelo clube e refor\u00e7ou a confian\u00e7a no trabalho.<\/p>\n\n\n\n<p>\u201cForam quatro empates e duas derrotas, n\u00e3o \u00e9 isso? Tenho que agradecer aos meus jogadores. Porque eles me deram muitas alegrias, e aos torcedores tamb\u00e9m, que tiveram mais alegrias do que tristezas. Mas sabemos que o torcedor gosta de ganhar cl\u00e1ssicos. S\u00e3o coisas do futebol\u201d, disse o t\u00e9cnico.<\/p>\n\n\n\n<p>Apesar do rev\u00e9s, o treinador destacou o momento do Fortaleza e pediu foco para a sequ\u00eancia da temporada que contar\u00e1 com a Libertadores no calend\u00e1rio do Le\u00e3o da Pici. <\/p>\n\n\n\n<p>\u201cLembro que fomos tricampe\u00f5es, tetracampe\u00f5es, pentacampe\u00f5es. Hoje estamos mais uma vez na Libertadores. Vamos continuar dando alegrias ao nosso torcedor. Sei que querem ganhar cl\u00e1ssicos. Mas vamos trabalhar para que eles continuem felizes\u201d,&nbsp;&nbsp;completou.<\/p>\n\n\n\n<p>O Fortaleza volta a campo na pr\u00f3xima ter\u00e7a-feira, pela Copa do Nordeste. A equipe enfrenta o Altos-PI, \u00e0s 21h30, no est\u00e1dio Lindolfo Monteiro.<\/p>\n","protected":false},"excerpt":{"rendered":"<p>Vojvoda lamenta derrota no Cl\u00e1ssico-Rei e pede rea\u00e7\u00e3o do Fortaleza Juan Pablo Vojvoda n\u00e3o gostou do que viu do Fortaleza no primeiro Cl\u00e1ssico-Rei de 2025. A derrota por 2 a 1 para o Cear\u00e1, neste s\u00e1bado, na Arena Castel\u00e3o, exp\u00f4s um desempenho abaixo do esperado, principalmente no primeiro tempo. Ap\u00f3s a partida, o treinador argentino [&hellip;]<\/p>\n","protected":false},"author":17,"featured_media":72672,"comment_status":"open","ping_status":"closed","sticky":false,"template":"","format":"standard","meta":{"footnotes":""},"categories":[146],"tags":[],"class_list":["post-225310","post","type-post","status-publish","format-standard","has-post-thumbnail","hentry","category-fortaleza"],"yoast_head":"<!-- This site is optimized with the Yoast SEO Premium plugin v24.2 (Yoast SEO v26.9) - https:\/\/yoast.com\/product\/yoast-seo-premium-wordpress\/ -->\n<title>Fortaleza: a declara\u00e7\u00e3o de Vojvoda sobre o Cl\u00e1ssico-Rei<\/title>\n<meta name=\"robots\" content=\"index, follow, max-snippet:-1, max-image-preview:large, max-video-preview:-1\" \/>\n<link rel=\"canonical\" href=\"https:\/\/www.gaveanews.com\/index.php\/2025\/02\/08\/fortaleza-a-declaracao-de-vojvoda-sobre-o-classico-rei\/\" \/>\n<meta property=\"og:locale\" content=\"pt_BR\" \/>\n<meta property=\"og:type\" content=\"article\" \/>\n<meta property=\"og:title\" content=\"Fortaleza: a declara\u00e7\u00e3o de Vojvoda sobre o Cl\u00e1ssico-Rei\" \/>\n<meta property=\"og:description\" content=\"Vojvoda lamenta derrota no Cl\u00e1ssico-Rei e pede rea\u00e7\u00e3o do Fortaleza Juan Pablo Vojvoda n\u00e3o gostou do que viu do Fortaleza no primeiro Cl\u00e1ssico-Rei de 2025. A derrota por 2 a 1 para o Cear\u00e1, neste s\u00e1bado, na Arena Castel\u00e3o, exp\u00f4s um desempenho abaixo do esperado, principalmente no primeiro tempo. Ap\u00f3s a partida, o treinador argentino [&hellip;]\" \/>\n<meta property=\"og:url\" content=\"https:\/\/www.gaveanews.com\/index.php\/2025\/02\/08\/fortaleza-a-declaracao-de-vojvoda-sobre-o-classico-rei\/\" \/>\n<meta property=\"og:site_name\" content=\"G\u00e1vea News\" \/>\n<meta property=\"article:publisher\" content=\"https:\/\/facebook.com\/gaveaNews\/\" \/>\n<meta property=\"article:published_time\" content=\"2025-02-09T00:47:20+00:00\" \/>\n<meta property=\"article:modified_time\" content=\"2025-02-09T00:47:23+00:00\" \/>\n<meta property=\"og:image\" content=\"http:\/\/www.gaveanews.com\/wp-content\/uploads\/Vojvoda-durante-um-treino-do-Fortaleza.webp\" \/>\n\t<meta property=\"og:image:width\" content=\"1280\" \/>\n\t<meta property=\"og:image:height\" content=\"720\" \/>\n\t<meta property=\"og:image:type\" content=\"image\/jpeg\" \/>\n<meta name=\"author\" content=\"Geovanna Thomaz\" \/>\n<meta name=\"twitter:card\" content=\"summary_large_image\" \/>\n<meta name=\"twitter:label1\" content=\"Escrito por\" \/>\n\t<meta name=\"twitter:data1\" content=\"Geovanna Thomaz\" \/>\n\t<meta name=\"twitter:label2\" content=\"Est. tempo de leitura\" \/>\n\t<meta name=\"twitter:data2\" content=\"2 minutos\" \/>\n<script type=\"application\/ld+json\" class=\"yoast-schema-graph\">{\"@context\":\"https:\/\/schema.org\",\"@graph\":[{\"@type\":\"NewsArticle\",\"@id\":\"https:\/\/www.gaveanews.com\/index.php\/2025\/02\/08\/fortaleza-a-declaracao-de-vojvoda-sobre-o-classico-rei\/#article\",\"isPartOf\":{\"@id\":\"https:\/\/www.gaveanews.com\/index.php\/2025\/02\/08\/fortaleza-a-declaracao-de-vojvoda-sobre-o-classico-rei\/\"},\"author\":{\"name\":\"Geovanna Thomaz\",\"@id\":\"https:\/\/www.gaveanews.com\/#\/schema\/person\/f42654babcd2b2014a1a65af82b081f1\"},\"headline\":\"Fortaleza: a declara\u00e7\u00e3o de Vojvoda sobre o Cl\u00e1ssico-Rei\",\"datePublished\":\"2025-02-09T00:47:20+00:00\",\"dateModified\":\"2025-02-09T00:47:23+00:00\",\"mainEntityOfPage\":{\"@id\":\"https:\/\/www.gaveanews.com\/index.php\/2025\/02\/08\/fortaleza-a-declaracao-de-vojvoda-sobre-o-classico-rei\/\"},\"wordCount\":350,\"commentCount\":0,\"image\":{\"@id\":\"https:\/\/www.gaveanews.com\/index.php\/2025\/02\/08\/fortaleza-a-declaracao-de-vojvoda-sobre-o-classico-rei\/#primaryimage\"},\"thumbnailUrl\":\"https:\/\/www.gaveanews.com\/wp-content\/uploads\/Vojvoda-durante-um-treino-do-Fortaleza.webp\",\"articleSection\":[\"Fortaleza\"],\"inLanguage\":\"pt-BR\",\"potentialAction\":[{\"@type\":\"CommentAction\",\"name\":\"Comment\",\"target\":[\"https:\/\/www.gaveanews.com\/index.php\/2025\/02\/08\/fortaleza-a-declaracao-de-vojvoda-sobre-o-classico-rei\/#respond\"]}],\"copyrightYear\":\"2025\",\"copyrightHolder\":{\"@id\":\"https:\/\/www.gaveanews.com\/#organization\"}},{\"@type\":\"WebPage\",\"@id\":\"https:\/\/www.gaveanews.com\/index.php\/2025\/02\/08\/fortaleza-a-declaracao-de-vojvoda-sobre-o-classico-rei\/\",\"url\":\"https:\/\/www.gaveanews.com\/index.php\/2025\/02\/08\/fortaleza-a-declaracao-de-vojvoda-sobre-o-classico-rei\/\",\"name\":\"Fortaleza: a declara\u00e7\u00e3o de Vojvoda sobre o Cl\u00e1ssico-Rei\",\"isPartOf\":{\"@id\":\"https:\/\/www.gaveanews.com\/#website\"},\"primaryImageOfPage\":{\"@id\":\"https:\/\/www.gaveanews.com\/index.php\/2025\/02\/08\/fortaleza-a-declaracao-de-vojvoda-sobre-o-classico-rei\/#primaryimage\"},\"image\":{\"@id\":\"https:\/\/www.gaveanews.com\/index.php\/2025\/02\/08\/fortaleza-a-declaracao-de-vojvoda-sobre-o-classico-rei\/#primaryimage\"},\"thumbnailUrl\":\"https:\/\/www.gaveanews.com\/wp-content\/uploads\/Vojvoda-durante-um-treino-do-Fortaleza.webp\",\"datePublished\":\"2025-02-09T00:47:20+00:00\",\"dateModified\":\"2025-02-09T00:47:23+00:00\",\"author\":{\"@id\":\"https:\/\/www.gaveanews.com\/#\/schema\/person\/f42654babcd2b2014a1a65af82b081f1\"},\"breadcrumb\":{\"@id\":\"https:\/\/www.gaveanews.com\/index.php\/2025\/02\/08\/fortaleza-a-declaracao-de-vojvoda-sobre-o-classico-rei\/#breadcrumb\"},\"inLanguage\":\"pt-BR\",\"potentialAction\":[{\"@type\":\"ReadAction\",\"target\":[\"https:\/\/www.gaveanews.com\/index.php\/2025\/02\/08\/fortaleza-a-declaracao-de-vojvoda-sobre-o-classico-rei\/\"]}]},{\"@type\":\"ImageObject\",\"inLanguage\":\"pt-BR\",\"@id\":\"https:\/\/www.gaveanews.com\/index.php\/2025\/02\/08\/fortaleza-a-declaracao-de-vojvoda-sobre-o-classico-rei\/#primaryimage\",\"url\":\"https:\/\/www.gaveanews.com\/wp-content\/uploads\/Vojvoda-durante-um-treino-do-Fortaleza.webp\",\"contentUrl\":\"https:\/\/www.gaveanews.com\/wp-content\/uploads\/Vojvoda-durante-um-treino-do-Fortaleza.webp\",\"width\":1280,\"height\":720,\"caption\":\"Vojvoda durante um treino do Fortaleza (Foto: Leonardo Moreira\/Fortaleza)\"},{\"@type\":\"BreadcrumbList\",\"@id\":\"https:\/\/www.gaveanews.com\/index.php\/2025\/02\/08\/fortaleza-a-declaracao-de-vojvoda-sobre-o-classico-rei\/#breadcrumb\",\"itemListElement\":[{\"@type\":\"ListItem\",\"position\":1,\"name\":\"Home\",\"item\":\"https:\/\/www.gaveanews.com\/\"},{\"@type\":\"ListItem\",\"position\":2,\"name\":\"Fortaleza: a declara\u00e7\u00e3o de Vojvoda sobre o Cl\u00e1ssico-Rei\"}]},{\"@type\":\"WebSite\",\"@id\":\"https:\/\/www.gaveanews.com\/#website\",\"url\":\"https:\/\/www.gaveanews.com\/\",\"name\":\"G\u00e1vea News\",\"description\":\"Veja todas as not\u00edcias sobre o Flamengo: Contrata\u00e7\u00f5es, categorias de base, resultados das partidas, tabela de classifica\u00e7\u00e3o, pr\u00f3ximos jogos!\",\"potentialAction\":[{\"@type\":\"SearchAction\",\"target\":{\"@type\":\"EntryPoint\",\"urlTemplate\":\"https:\/\/www.gaveanews.com\/?s={search_term_string}\"},\"query-input\":{\"@type\":\"PropertyValueSpecification\",\"valueRequired\":true,\"valueName\":\"search_term_string\"}}],\"inLanguage\":\"pt-BR\"},{\"@type\":\"Person\",\"@id\":\"https:\/\/www.gaveanews.com\/#\/schema\/person\/f42654babcd2b2014a1a65af82b081f1\",\"name\":\"Geovanna Thomaz\",\"image\":{\"@type\":\"ImageObject\",\"inLanguage\":\"pt-BR\",\"@id\":\"https:\/\/www.gaveanews.com\/#\/schema\/person\/image\/\",\"url\":\"https:\/\/secure.gravatar.com\/avatar\/4092073255489533afb558984b49b64268c47198af8623cc82a925ae9fb7118a?s=96&d=mm&r=g\",\"contentUrl\":\"https:\/\/secure.gravatar.com\/avatar\/4092073255489533afb558984b49b64268c47198af8623cc82a925ae9fb7118a?s=96&d=mm&r=g\",\"caption\":\"Geovanna Thomaz\"}}]}<\/script>\n<!-- \/ Yoast SEO Premium plugin. -->","yoast_head_json":{"title":"Fortaleza: a declara\u00e7\u00e3o de Vojvoda sobre o Cl\u00e1ssico-Rei","robots":{"index":"index","follow":"follow","max-snippet":"max-snippet:-1","max-image-preview":"max-image-preview:large","max-video-preview":"max-video-preview:-1"},"canonical":"https:\/\/www.gaveanews.com\/index.php\/2025\/02\/08\/fortaleza-a-declaracao-de-vojvoda-sobre-o-classico-rei\/","og_locale":"pt_BR","og_type":"article","og_title":"Fortaleza: a declara\u00e7\u00e3o de Vojvoda sobre o Cl\u00e1ssico-Rei","og_description":"Vojvoda lamenta derrota no Cl\u00e1ssico-Rei e pede rea\u00e7\u00e3o do Fortaleza Juan Pablo Vojvoda n\u00e3o gostou do que viu do Fortaleza no primeiro Cl\u00e1ssico-Rei de 2025. A derrota por 2 a 1 para o Cear\u00e1, neste s\u00e1bado, na Arena Castel\u00e3o, exp\u00f4s um desempenho abaixo do esperado, principalmente no primeiro tempo. Ap\u00f3s a partida, o treinador argentino [&hellip;]","og_url":"https:\/\/www.gaveanews.com\/index.php\/2025\/02\/08\/fortaleza-a-declaracao-de-vojvoda-sobre-o-classico-rei\/","og_site_name":"G\u00e1vea News","article_publisher":"https:\/\/facebook.com\/gaveaNews\/","article_published_time":"2025-02-09T00:47:20+00:00","article_modified_time":"2025-02-09T00:47:23+00:00","og_image":[{"width":1280,"height":720,"url":"http:\/\/www.gaveanews.com\/wp-content\/uploads\/Vojvoda-durante-um-treino-do-Fortaleza.webp","type":"image\/jpeg"}],"author":"Geovanna Thomaz","twitter_card":"summary_large_image","twitter_misc":{"Escrito por":"Geovanna Thomaz","Est. tempo de leitura":"2 minutos"},"schema":{"@context":"https:\/\/schema.org","@graph":[{"@type":"NewsArticle","@id":"https:\/\/www.gaveanews.com\/index.php\/2025\/02\/08\/fortaleza-a-declaracao-de-vojvoda-sobre-o-classico-rei\/#article","isPartOf":{"@id":"https:\/\/www.gaveanews.com\/index.php\/2025\/02\/08\/fortaleza-a-declaracao-de-vojvoda-sobre-o-classico-rei\/"},"author":{"name":"Geovanna Thomaz","@id":"https:\/\/www.gaveanews.com\/#\/schema\/person\/f42654babcd2b2014a1a65af82b081f1"},"headline":"Fortaleza: a declara\u00e7\u00e3o de Vojvoda sobre o Cl\u00e1ssico-Rei","datePublished":"2025-02-09T00:47:20+00:00","dateModified":"2025-02-09T00:47:23+00:00","mainEntityOfPage":{"@id":"https:\/\/www.gaveanews.com\/index.php\/2025\/02\/08\/fortaleza-a-declaracao-de-vojvoda-sobre-o-classico-rei\/"},"wordCount":350,"commentCount":0,"image":{"@id":"https:\/\/www.gaveanews.com\/index.php\/2025\/02\/08\/fortaleza-a-declaracao-de-vojvoda-sobre-o-classico-rei\/#primaryimage"},"thumbnailUrl":"https:\/\/www.gaveanews.com\/wp-content\/uploads\/Vojvoda-durante-um-treino-do-Fortaleza.webp","articleSection":["Fortaleza"],"inLanguage":"pt-BR","potentialAction":[{"@type":"CommentAction","name":"Comment","target":["https:\/\/www.gaveanews.com\/index.php\/2025\/02\/08\/fortaleza-a-declaracao-de-vojvoda-sobre-o-classico-rei\/#respond"]}],"copyrightYear":"2025","copyrightHolder":{"@id":"https:\/\/www.gaveanews.com\/#organization"}},{"@type":"WebPage","@id":"https:\/\/www.gaveanews.com\/index.php\/2025\/02\/08\/fortaleza-a-declaracao-de-vojvoda-sobre-o-classico-rei\/","url":"https:\/\/www.gaveanews.com\/index.php\/2025\/02\/08\/fortaleza-a-declaracao-de-vojvoda-sobre-o-classico-rei\/","name":"Fortaleza: a declara\u00e7\u00e3o de Vojvoda sobre o Cl\u00e1ssico-Rei","isPartOf":{"@id":"https:\/\/www.gaveanews.com\/#website"},"primaryImageOfPage":{"@id":"https:\/\/www.gaveanews.com\/index.php\/2025\/02\/08\/fortaleza-a-declaracao-de-vojvoda-sobre-o-classico-rei\/#primaryimage"},"image":{"@id":"https:\/\/www.gaveanews.com\/index.php\/2025\/02\/08\/fortaleza-a-declaracao-de-vojvoda-sobre-o-classico-rei\/#primaryimage"},"thumbnailUrl":"https:\/\/www.gaveanews.com\/wp-content\/uploads\/Vojvoda-durante-um-treino-do-Fortaleza.webp","datePublished":"2025-02-09T00:47:20+00:00","dateModified":"2025-02-09T00:47:23+00:00","author":{"@id":"https:\/\/www.gaveanews.com\/#\/schema\/person\/f42654babcd2b2014a1a65af82b081f1"},"breadcrumb":{"@id":"https:\/\/www.gaveanews.com\/index.php\/2025\/02\/08\/fortaleza-a-declaracao-de-vojvoda-sobre-o-classico-rei\/#breadcrumb"},"inLanguage":"pt-BR","potentialAction":[{"@type":"ReadAction","target":["https:\/\/www.gaveanews.com\/index.php\/2025\/02\/08\/fortaleza-a-declaracao-de-vojvoda-sobre-o-classico-rei\/"]}]},{"@type":"ImageObject","inLanguage":"pt-BR","@id":"https:\/\/www.gaveanews.com\/index.php\/2025\/02\/08\/fortaleza-a-declaracao-de-vojvoda-sobre-o-classico-rei\/#primaryimage","url":"https:\/\/www.gaveanews.com\/wp-content\/uploads\/Vojvoda-durante-um-treino-do-Fortaleza.webp","contentUrl":"https:\/\/www.gaveanews.com\/wp-content\/uploads\/Vojvoda-durante-um-treino-do-Fortaleza.webp","width":1280,"height":720,"caption":"Vojvoda durante um treino do Fortaleza (Foto: Leonardo Moreira\/Fortaleza)"},{"@type":"BreadcrumbList","@id":"https:\/\/www.gaveanews.com\/index.php\/2025\/02\/08\/fortaleza-a-declaracao-de-vojvoda-sobre-o-classico-rei\/#breadcrumb","itemListElement":[{"@type":"ListItem","position":1,"name":"Home","item":"https:\/\/www.gaveanews.com\/"},{"@type":"ListItem","position":2,"name":"Fortaleza: a declara\u00e7\u00e3o de Vojvoda sobre o Cl\u00e1ssico-Rei"}]},{"@type":"WebSite","@id":"https:\/\/www.gaveanews.com\/#website","url":"https:\/\/www.gaveanews.com\/","name":"G\u00e1vea News","description":"Veja todas as not\u00edcias sobre o Flamengo: Contrata\u00e7\u00f5es, categorias de base, resultados das partidas, tabela de classifica\u00e7\u00e3o, pr\u00f3ximos jogos!","potentialAction":[{"@type":"SearchAction","target":{"@type":"EntryPoint","urlTemplate":"https:\/\/www.gaveanews.com\/?s={search_term_string}"},"query-input":{"@type":"PropertyValueSpecification","valueRequired":true,"valueName":"search_term_string"}}],"inLanguage":"pt-BR"},{"@type":"Person","@id":"https:\/\/www.gaveanews.com\/#\/schema\/person\/f42654babcd2b2014a1a65af82b081f1","name":"Geovanna Thomaz","image":{"@type":"ImageObject","inLanguage":"pt-BR","@id":"https:\/\/www.gaveanews.com\/#\/schema\/person\/image\/","url":"https:\/\/secure.gravatar.com\/avatar\/4092073255489533afb558984b49b64268c47198af8623cc82a925ae9fb7118a?s=96&d=mm&r=g","contentUrl":"https:\/\/secure.gravatar.com\/avatar\/4092073255489533afb558984b49b64268c47198af8623cc82a925ae9fb7118a?s=96&d=mm&r=g","caption":"Geovanna Thomaz"}}]}},"_links":{"self":[{"href":"https:\/\/www.gaveanews.com\/index.php\/wp-json\/wp\/v2\/posts\/225310","targetHints":{"allow":["GET"]}}],"collection":[{"href":"https:\/\/www.gaveanews.com\/index.php\/wp-json\/wp\/v2\/posts"}],"about":[{"href":"https:\/\/www.gaveanews.com\/index.php\/wp-json\/wp\/v2\/types\/post"}],"author":[{"embeddable":true,"href":"https:\/\/www.gaveanews.com\/index.php\/wp-json\/wp\/v2\/users\/17"}],"replies":[{"embeddable":true,"href":"https:\/\/www.gaveanews.com\/index.php\/wp-json\/wp\/v2\/comments?post=225310"}],"version-history":[{"count":1,"href":"https:\/\/www.gaveanews.com\/index.php\/wp-json\/wp\/v2\/posts\/225310\/revisions"}],"predecessor-version":[{"id":225311,"href":"https:\/\/www.gaveanews.com\/index.php\/wp-json\/wp\/v2\/posts\/225310\/revisions\/225311"}],"wp:featuredmedia":[{"embeddable":true,"href":"https:\/\/www.gaveanews.com\/index.php\/wp-json\/wp\/v2\/media\/72672"}],"wp:attachment":[{"href":"https:\/\/www.gaveanews.com\/index.php\/wp-json\/wp\/v2\/media?parent=225310"}],"wp:term":[{"taxonomy":"category","embeddable":true,"href":"https:\/\/www.gaveanews.com\/index.php\/wp-json\/wp\/v2\/categories?post=225310"},{"taxonomy":"post_tag","embeddable":true,"href":"https:\/\/www.gaveanews.com\/index.php\/wp-json\/wp\/v2\/tags?post=225310"}],"curies":[{"name":"wp","href":"https:\/\/api.w.org\/{rel}","templated":true}]}}