{"id":225351,"date":"2025-02-09T11:40:43","date_gmt":"2025-02-09T14:40:43","guid":{"rendered":"https:\/\/www.gaveanews.com\/?p=225351"},"modified":"2025-02-09T11:28:20","modified_gmt":"2025-02-09T14:28:20","slug":"internacional-perde-tecnico-e-auxiliar-em-classico-contra-o-gremio-entenda","status":"publish","type":"post","link":"https:\/\/www.gaveanews.com\/index.php\/2025\/02\/09\/internacional-perde-tecnico-e-auxiliar-em-classico-contra-o-gremio-entenda\/","title":{"rendered":"Internacional perde t\u00e9cnico e auxiliar em cl\u00e1ssico contra o Gr\u00eamio; entenda"},"content":{"rendered":"\n<h2 class=\"wp-block-heading\" id=\"h-expulsao-de-auxiliar-gera-confusao-e-tira-roger-machado-do-gre-nal-444\">Expuls\u00e3o de auxiliar gera confus\u00e3o e tira Roger Machado do Gre-Nal 444<\/h2>\n\n\n\n<p>O Gre-Nal 444, disputado neste s\u00e1bado, pela sexta rodada do Campeonato Ga\u00facho, teve um momento de grande confus\u00e3o ainda no primeiro tempo. Com 30 minutos jogados, o auxiliar t\u00e9cnico do Internacional, Roberto Ribas, foi expulso por reclama\u00e7\u00e3o, o que acabou resultando tamb\u00e9m na sa\u00edda do treinador Roger Machado, seguindo o regulamento da Federa\u00e7\u00e3o Ga\u00facha de Futebol (FGF). O epis\u00f3dio gerou revolta entre os colorados e paralisou o jogo por alguns minutos.<\/p>\n\n\n\n<p>O lance que iniciou a pol\u00eamica aconteceu ap\u00f3s uma entrada dura do lateral Jo\u00e3o Pedro, do Gr\u00eamio, no atacante Wesley, do Internacional. Mesmo ap\u00f3s o contato, o jogador colorado seguiu na jogada e manteve a posse de bola. Somente quando a bola saiu pela linha lateral \u00e9 que a comiss\u00e3o t\u00e9cnica do Inter come\u00e7ou a reclamar de maneira mais veemente, pedindo puni\u00e7\u00e3o ao atleta gremista. O \u00e1rbitro Rafael Kein n\u00e3o viu gravidade suficiente para expuls\u00e3o e optou por distribuir cart\u00f5es amarelos para Roger Machado e Roberto Ribas, como forma de advert\u00eancia.<\/p>\n\n\n\n<p>No entanto, a insatisfa\u00e7\u00e3o de Ribas continuou e, ap\u00f3s mais reclama\u00e7\u00f5es, o auxiliar t\u00e9cnico recebeu o segundo cart\u00e3o amarelo, sendo expulso da partida. Foi neste momento que a pol\u00eamica aumentou. Segundo o regulamento do Campeonato Ga\u00facho, quando um membro da comiss\u00e3o t\u00e9cnica recebe o cart\u00e3o vermelho, o treinador principal da equipe tamb\u00e9m precisa deixar o campo, assumindo a responsabilidade pelo comportamento da comiss\u00e3o. A decis\u00e3o revoltou Roger Machado, que inicialmente resistiu a sair da \u00e1rea t\u00e9cnica.<\/p>\n\n\n\n<p>O treinador do Inter demonstrou indigna\u00e7\u00e3o com a medida e chegou a argumentar com a equipe de arbitragem. Jogadores colorados e membros da comiss\u00e3o t\u00e9cnica tentaram intervir para reverter a decis\u00e3o, mas n\u00e3o houve mudan\u00e7a. Ap\u00f3s alguns minutos de paralisa\u00e7\u00e3o e debate, Roger Machado foi convencido a se retirar, cumprindo a regra estabelecida pela FGF.<\/p>\n\n\n\n<p>Com a sa\u00edda do treinador, o Internacional precisou reorganizar rapidamente o comando \u00e0 beira do gramado. Ada\u00edlton Bolzan, auxiliar da comiss\u00e3o t\u00e9cnica permanente do clube, assumiu a fun\u00e7\u00e3o de orientar a equipe durante o restante da partida.<\/p>\n\n\n\n<p>O epis\u00f3dio trouxe um clima ainda mais tenso ao cl\u00e1ssico, que j\u00e1 era disputado com intensidade. Mesmo ap\u00f3s a sa\u00edda de Roger Machado, o Internacional manteve a concentra\u00e7\u00e3o e conseguiu segurar o Gr\u00eamio, levando o jogo empatado para o intervalo. No segundo tempo, o Colorado buscou a rea\u00e7\u00e3o e conseguiu o empate com Fernando, ap\u00f3s estar em desvantagem no placar.<\/p>\n\n\n\n<p>A pol\u00eamica da expuls\u00e3o de Roger Machado promete seguir repercutindo nos pr\u00f3ximos dias, especialmente com a possibilidade de o treinador e a diretoria colorada questionarem a aplica\u00e7\u00e3o do regulamento da FGF.&nbsp;<\/p>\n","protected":false},"excerpt":{"rendered":"<p>Expuls\u00e3o de auxiliar gera confus\u00e3o e tira Roger Machado do Gre-Nal 444 O Gre-Nal 444, disputado neste s\u00e1bado, pela sexta rodada do Campeonato Ga\u00facho, teve um momento de grande confus\u00e3o ainda no primeiro tempo. Com 30 minutos jogados, o auxiliar t\u00e9cnico do Internacional, Roberto Ribas, foi expulso por reclama\u00e7\u00e3o, o que acabou resultando tamb\u00e9m na [&hellip;]<\/p>\n","protected":false},"author":17,"featured_media":173600,"comment_status":"open","ping_status":"closed","sticky":false,"template":"","format":"standard","meta":{"footnotes":""},"categories":[148],"tags":[],"class_list":["post-225351","post","type-post","status-publish","format-standard","has-post-thumbnail","hentry","category-internacional"],"yoast_head":"<!-- This site is optimized with the Yoast SEO Premium plugin v24.2 (Yoast SEO v26.9) - https:\/\/yoast.com\/product\/yoast-seo-premium-wordpress\/ -->\n<title>Internacional perde t\u00e9cnico e auxiliar em cl\u00e1ssico contra o Gr\u00eamio; entenda<\/title>\n<meta name=\"robots\" content=\"index, follow, max-snippet:-1, max-image-preview:large, max-video-preview:-1\" \/>\n<link rel=\"canonical\" href=\"https:\/\/www.gaveanews.com\/index.php\/2025\/02\/09\/internacional-perde-tecnico-e-auxiliar-em-classico-contra-o-gremio-entenda\/\" \/>\n<meta property=\"og:locale\" content=\"pt_BR\" \/>\n<meta property=\"og:type\" content=\"article\" \/>\n<meta property=\"og:title\" content=\"Internacional perde t\u00e9cnico e auxiliar em cl\u00e1ssico contra o Gr\u00eamio; entenda\" \/>\n<meta property=\"og:description\" content=\"Expuls\u00e3o de auxiliar gera confus\u00e3o e tira Roger Machado do Gre-Nal 444 O Gre-Nal 444, disputado neste s\u00e1bado, pela sexta rodada do Campeonato Ga\u00facho, teve um momento de grande confus\u00e3o ainda no primeiro tempo. Com 30 minutos jogados, o auxiliar t\u00e9cnico do Internacional, Roberto Ribas, foi expulso por reclama\u00e7\u00e3o, o que acabou resultando tamb\u00e9m na [&hellip;]\" \/>\n<meta property=\"og:url\" content=\"https:\/\/www.gaveanews.com\/index.php\/2025\/02\/09\/internacional-perde-tecnico-e-auxiliar-em-classico-contra-o-gremio-entenda\/\" \/>\n<meta property=\"og:site_name\" content=\"G\u00e1vea News\" \/>\n<meta property=\"article:publisher\" content=\"https:\/\/facebook.com\/gaveaNews\/\" \/>\n<meta property=\"article:published_time\" content=\"2025-02-09T14:40:43+00:00\" \/>\n<meta property=\"og:image\" content=\"https:\/\/www.gaveanews.com\/wp-content\/uploads\/Escudo-do-Internacional.webp\" \/>\n\t<meta property=\"og:image:width\" content=\"1728\" \/>\n\t<meta property=\"og:image:height\" content=\"1080\" \/>\n\t<meta property=\"og:image:type\" content=\"image\/webp\" \/>\n<meta name=\"author\" content=\"Geovanna Thomaz\" \/>\n<meta name=\"twitter:card\" content=\"summary_large_image\" \/>\n<meta name=\"twitter:label1\" content=\"Escrito por\" \/>\n\t<meta name=\"twitter:data1\" content=\"Geovanna Thomaz\" \/>\n\t<meta name=\"twitter:label2\" content=\"Est. tempo de leitura\" \/>\n\t<meta name=\"twitter:data2\" content=\"3 minutos\" \/>\n<script type=\"application\/ld+json\" class=\"yoast-schema-graph\">{\"@context\":\"https:\/\/schema.org\",\"@graph\":[{\"@type\":\"NewsArticle\",\"@id\":\"https:\/\/www.gaveanews.com\/index.php\/2025\/02\/09\/internacional-perde-tecnico-e-auxiliar-em-classico-contra-o-gremio-entenda\/#article\",\"isPartOf\":{\"@id\":\"https:\/\/www.gaveanews.com\/index.php\/2025\/02\/09\/internacional-perde-tecnico-e-auxiliar-em-classico-contra-o-gremio-entenda\/\"},\"author\":{\"name\":\"Geovanna Thomaz\",\"@id\":\"https:\/\/www.gaveanews.com\/#\/schema\/person\/f42654babcd2b2014a1a65af82b081f1\"},\"headline\":\"Internacional perde t\u00e9cnico e auxiliar em cl\u00e1ssico contra o Gr\u00eamio; entenda\",\"datePublished\":\"2025-02-09T14:40:43+00:00\",\"mainEntityOfPage\":{\"@id\":\"https:\/\/www.gaveanews.com\/index.php\/2025\/02\/09\/internacional-perde-tecnico-e-auxiliar-em-classico-contra-o-gremio-entenda\/\"},\"wordCount\":507,\"commentCount\":0,\"image\":{\"@id\":\"https:\/\/www.gaveanews.com\/index.php\/2025\/02\/09\/internacional-perde-tecnico-e-auxiliar-em-classico-contra-o-gremio-entenda\/#primaryimage\"},\"thumbnailUrl\":\"https:\/\/www.gaveanews.com\/wp-content\/uploads\/Escudo-do-Internacional.webp\",\"articleSection\":[\"Internacional\"],\"inLanguage\":\"pt-BR\",\"potentialAction\":[{\"@type\":\"CommentAction\",\"name\":\"Comment\",\"target\":[\"https:\/\/www.gaveanews.com\/index.php\/2025\/02\/09\/internacional-perde-tecnico-e-auxiliar-em-classico-contra-o-gremio-entenda\/#respond\"]}],\"copyrightYear\":\"2025\",\"copyrightHolder\":{\"@id\":\"https:\/\/www.gaveanews.com\/#organization\"}},{\"@type\":\"WebPage\",\"@id\":\"https:\/\/www.gaveanews.com\/index.php\/2025\/02\/09\/internacional-perde-tecnico-e-auxiliar-em-classico-contra-o-gremio-entenda\/\",\"url\":\"https:\/\/www.gaveanews.com\/index.php\/2025\/02\/09\/internacional-perde-tecnico-e-auxiliar-em-classico-contra-o-gremio-entenda\/\",\"name\":\"Internacional perde t\u00e9cnico e auxiliar em cl\u00e1ssico contra o Gr\u00eamio; entenda\",\"isPartOf\":{\"@id\":\"https:\/\/www.gaveanews.com\/#website\"},\"primaryImageOfPage\":{\"@id\":\"https:\/\/www.gaveanews.com\/index.php\/2025\/02\/09\/internacional-perde-tecnico-e-auxiliar-em-classico-contra-o-gremio-entenda\/#primaryimage\"},\"image\":{\"@id\":\"https:\/\/www.gaveanews.com\/index.php\/2025\/02\/09\/internacional-perde-tecnico-e-auxiliar-em-classico-contra-o-gremio-entenda\/#primaryimage\"},\"thumbnailUrl\":\"https:\/\/www.gaveanews.com\/wp-content\/uploads\/Escudo-do-Internacional.webp\",\"datePublished\":\"2025-02-09T14:40:43+00:00\",\"author\":{\"@id\":\"https:\/\/www.gaveanews.com\/#\/schema\/person\/f42654babcd2b2014a1a65af82b081f1\"},\"breadcrumb\":{\"@id\":\"https:\/\/www.gaveanews.com\/index.php\/2025\/02\/09\/internacional-perde-tecnico-e-auxiliar-em-classico-contra-o-gremio-entenda\/#breadcrumb\"},\"inLanguage\":\"pt-BR\",\"potentialAction\":[{\"@type\":\"ReadAction\",\"target\":[\"https:\/\/www.gaveanews.com\/index.php\/2025\/02\/09\/internacional-perde-tecnico-e-auxiliar-em-classico-contra-o-gremio-entenda\/\"]}]},{\"@type\":\"ImageObject\",\"inLanguage\":\"pt-BR\",\"@id\":\"https:\/\/www.gaveanews.com\/index.php\/2025\/02\/09\/internacional-perde-tecnico-e-auxiliar-em-classico-contra-o-gremio-entenda\/#primaryimage\",\"url\":\"https:\/\/www.gaveanews.com\/wp-content\/uploads\/Escudo-do-Internacional.webp\",\"contentUrl\":\"https:\/\/www.gaveanews.com\/wp-content\/uploads\/Escudo-do-Internacional.webp\",\"width\":1728,\"height\":1080,\"caption\":\"Escudo do Internacional (Foto: Reprodu\u00e7\u00e3o)\"},{\"@type\":\"BreadcrumbList\",\"@id\":\"https:\/\/www.gaveanews.com\/index.php\/2025\/02\/09\/internacional-perde-tecnico-e-auxiliar-em-classico-contra-o-gremio-entenda\/#breadcrumb\",\"itemListElement\":[{\"@type\":\"ListItem\",\"position\":1,\"name\":\"Home\",\"item\":\"https:\/\/www.gaveanews.com\/\"},{\"@type\":\"ListItem\",\"position\":2,\"name\":\"Internacional perde t\u00e9cnico e auxiliar em cl\u00e1ssico contra o Gr\u00eamio; entenda\"}]},{\"@type\":\"WebSite\",\"@id\":\"https:\/\/www.gaveanews.com\/#website\",\"url\":\"https:\/\/www.gaveanews.com\/\",\"name\":\"G\u00e1vea News\",\"description\":\"Veja todas as not\u00edcias sobre o Flamengo: Contrata\u00e7\u00f5es, categorias de base, resultados das partidas, tabela de classifica\u00e7\u00e3o, pr\u00f3ximos jogos!\",\"potentialAction\":[{\"@type\":\"SearchAction\",\"target\":{\"@type\":\"EntryPoint\",\"urlTemplate\":\"https:\/\/www.gaveanews.com\/?s={search_term_string}\"},\"query-input\":{\"@type\":\"PropertyValueSpecification\",\"valueRequired\":true,\"valueName\":\"search_term_string\"}}],\"inLanguage\":\"pt-BR\"},{\"@type\":\"Person\",\"@id\":\"https:\/\/www.gaveanews.com\/#\/schema\/person\/f42654babcd2b2014a1a65af82b081f1\",\"name\":\"Geovanna Thomaz\",\"image\":{\"@type\":\"ImageObject\",\"inLanguage\":\"pt-BR\",\"@id\":\"https:\/\/www.gaveanews.com\/#\/schema\/person\/image\/\",\"url\":\"https:\/\/secure.gravatar.com\/avatar\/4092073255489533afb558984b49b64268c47198af8623cc82a925ae9fb7118a?s=96&d=mm&r=g\",\"contentUrl\":\"https:\/\/secure.gravatar.com\/avatar\/4092073255489533afb558984b49b64268c47198af8623cc82a925ae9fb7118a?s=96&d=mm&r=g\",\"caption\":\"Geovanna Thomaz\"}}]}<\/script>\n<!-- \/ Yoast SEO Premium plugin. -->","yoast_head_json":{"title":"Internacional perde t\u00e9cnico e auxiliar em cl\u00e1ssico contra o Gr\u00eamio; entenda","robots":{"index":"index","follow":"follow","max-snippet":"max-snippet:-1","max-image-preview":"max-image-preview:large","max-video-preview":"max-video-preview:-1"},"canonical":"https:\/\/www.gaveanews.com\/index.php\/2025\/02\/09\/internacional-perde-tecnico-e-auxiliar-em-classico-contra-o-gremio-entenda\/","og_locale":"pt_BR","og_type":"article","og_title":"Internacional perde t\u00e9cnico e auxiliar em cl\u00e1ssico contra o Gr\u00eamio; entenda","og_description":"Expuls\u00e3o de auxiliar gera confus\u00e3o e tira Roger Machado do Gre-Nal 444 O Gre-Nal 444, disputado neste s\u00e1bado, pela sexta rodada do Campeonato Ga\u00facho, teve um momento de grande confus\u00e3o ainda no primeiro tempo. Com 30 minutos jogados, o auxiliar t\u00e9cnico do Internacional, Roberto Ribas, foi expulso por reclama\u00e7\u00e3o, o que acabou resultando tamb\u00e9m na [&hellip;]","og_url":"https:\/\/www.gaveanews.com\/index.php\/2025\/02\/09\/internacional-perde-tecnico-e-auxiliar-em-classico-contra-o-gremio-entenda\/","og_site_name":"G\u00e1vea News","article_publisher":"https:\/\/facebook.com\/gaveaNews\/","article_published_time":"2025-02-09T14:40:43+00:00","og_image":[{"width":1728,"height":1080,"url":"https:\/\/www.gaveanews.com\/wp-content\/uploads\/Escudo-do-Internacional.webp","type":"image\/webp"}],"author":"Geovanna Thomaz","twitter_card":"summary_large_image","twitter_misc":{"Escrito por":"Geovanna Thomaz","Est. tempo de leitura":"3 minutos"},"schema":{"@context":"https:\/\/schema.org","@graph":[{"@type":"NewsArticle","@id":"https:\/\/www.gaveanews.com\/index.php\/2025\/02\/09\/internacional-perde-tecnico-e-auxiliar-em-classico-contra-o-gremio-entenda\/#article","isPartOf":{"@id":"https:\/\/www.gaveanews.com\/index.php\/2025\/02\/09\/internacional-perde-tecnico-e-auxiliar-em-classico-contra-o-gremio-entenda\/"},"author":{"name":"Geovanna Thomaz","@id":"https:\/\/www.gaveanews.com\/#\/schema\/person\/f42654babcd2b2014a1a65af82b081f1"},"headline":"Internacional perde t\u00e9cnico e auxiliar em cl\u00e1ssico contra o Gr\u00eamio; entenda","datePublished":"2025-02-09T14:40:43+00:00","mainEntityOfPage":{"@id":"https:\/\/www.gaveanews.com\/index.php\/2025\/02\/09\/internacional-perde-tecnico-e-auxiliar-em-classico-contra-o-gremio-entenda\/"},"wordCount":507,"commentCount":0,"image":{"@id":"https:\/\/www.gaveanews.com\/index.php\/2025\/02\/09\/internacional-perde-tecnico-e-auxiliar-em-classico-contra-o-gremio-entenda\/#primaryimage"},"thumbnailUrl":"https:\/\/www.gaveanews.com\/wp-content\/uploads\/Escudo-do-Internacional.webp","articleSection":["Internacional"],"inLanguage":"pt-BR","potentialAction":[{"@type":"CommentAction","name":"Comment","target":["https:\/\/www.gaveanews.com\/index.php\/2025\/02\/09\/internacional-perde-tecnico-e-auxiliar-em-classico-contra-o-gremio-entenda\/#respond"]}],"copyrightYear":"2025","copyrightHolder":{"@id":"https:\/\/www.gaveanews.com\/#organization"}},{"@type":"WebPage","@id":"https:\/\/www.gaveanews.com\/index.php\/2025\/02\/09\/internacional-perde-tecnico-e-auxiliar-em-classico-contra-o-gremio-entenda\/","url":"https:\/\/www.gaveanews.com\/index.php\/2025\/02\/09\/internacional-perde-tecnico-e-auxiliar-em-classico-contra-o-gremio-entenda\/","name":"Internacional perde t\u00e9cnico e auxiliar em cl\u00e1ssico contra o Gr\u00eamio; entenda","isPartOf":{"@id":"https:\/\/www.gaveanews.com\/#website"},"primaryImageOfPage":{"@id":"https:\/\/www.gaveanews.com\/index.php\/2025\/02\/09\/internacional-perde-tecnico-e-auxiliar-em-classico-contra-o-gremio-entenda\/#primaryimage"},"image":{"@id":"https:\/\/www.gaveanews.com\/index.php\/2025\/02\/09\/internacional-perde-tecnico-e-auxiliar-em-classico-contra-o-gremio-entenda\/#primaryimage"},"thumbnailUrl":"https:\/\/www.gaveanews.com\/wp-content\/uploads\/Escudo-do-Internacional.webp","datePublished":"2025-02-09T14:40:43+00:00","author":{"@id":"https:\/\/www.gaveanews.com\/#\/schema\/person\/f42654babcd2b2014a1a65af82b081f1"},"breadcrumb":{"@id":"https:\/\/www.gaveanews.com\/index.php\/2025\/02\/09\/internacional-perde-tecnico-e-auxiliar-em-classico-contra-o-gremio-entenda\/#breadcrumb"},"inLanguage":"pt-BR","potentialAction":[{"@type":"ReadAction","target":["https:\/\/www.gaveanews.com\/index.php\/2025\/02\/09\/internacional-perde-tecnico-e-auxiliar-em-classico-contra-o-gremio-entenda\/"]}]},{"@type":"ImageObject","inLanguage":"pt-BR","@id":"https:\/\/www.gaveanews.com\/index.php\/2025\/02\/09\/internacional-perde-tecnico-e-auxiliar-em-classico-contra-o-gremio-entenda\/#primaryimage","url":"https:\/\/www.gaveanews.com\/wp-content\/uploads\/Escudo-do-Internacional.webp","contentUrl":"https:\/\/www.gaveanews.com\/wp-content\/uploads\/Escudo-do-Internacional.webp","width":1728,"height":1080,"caption":"Escudo do Internacional (Foto: Reprodu\u00e7\u00e3o)"},{"@type":"BreadcrumbList","@id":"https:\/\/www.gaveanews.com\/index.php\/2025\/02\/09\/internacional-perde-tecnico-e-auxiliar-em-classico-contra-o-gremio-entenda\/#breadcrumb","itemListElement":[{"@type":"ListItem","position":1,"name":"Home","item":"https:\/\/www.gaveanews.com\/"},{"@type":"ListItem","position":2,"name":"Internacional perde t\u00e9cnico e auxiliar em cl\u00e1ssico contra o Gr\u00eamio; entenda"}]},{"@type":"WebSite","@id":"https:\/\/www.gaveanews.com\/#website","url":"https:\/\/www.gaveanews.com\/","name":"G\u00e1vea News","description":"Veja todas as not\u00edcias sobre o Flamengo: Contrata\u00e7\u00f5es, categorias de base, resultados das partidas, tabela de classifica\u00e7\u00e3o, pr\u00f3ximos jogos!","potentialAction":[{"@type":"SearchAction","target":{"@type":"EntryPoint","urlTemplate":"https:\/\/www.gaveanews.com\/?s={search_term_string}"},"query-input":{"@type":"PropertyValueSpecification","valueRequired":true,"valueName":"search_term_string"}}],"inLanguage":"pt-BR"},{"@type":"Person","@id":"https:\/\/www.gaveanews.com\/#\/schema\/person\/f42654babcd2b2014a1a65af82b081f1","name":"Geovanna Thomaz","image":{"@type":"ImageObject","inLanguage":"pt-BR","@id":"https:\/\/www.gaveanews.com\/#\/schema\/person\/image\/","url":"https:\/\/secure.gravatar.com\/avatar\/4092073255489533afb558984b49b64268c47198af8623cc82a925ae9fb7118a?s=96&d=mm&r=g","contentUrl":"https:\/\/secure.gravatar.com\/avatar\/4092073255489533afb558984b49b64268c47198af8623cc82a925ae9fb7118a?s=96&d=mm&r=g","caption":"Geovanna Thomaz"}}]}},"_links":{"self":[{"href":"https:\/\/www.gaveanews.com\/index.php\/wp-json\/wp\/v2\/posts\/225351","targetHints":{"allow":["GET"]}}],"collection":[{"href":"https:\/\/www.gaveanews.com\/index.php\/wp-json\/wp\/v2\/posts"}],"about":[{"href":"https:\/\/www.gaveanews.com\/index.php\/wp-json\/wp\/v2\/types\/post"}],"author":[{"embeddable":true,"href":"https:\/\/www.gaveanews.com\/index.php\/wp-json\/wp\/v2\/users\/17"}],"replies":[{"embeddable":true,"href":"https:\/\/www.gaveanews.com\/index.php\/wp-json\/wp\/v2\/comments?post=225351"}],"version-history":[{"count":1,"href":"https:\/\/www.gaveanews.com\/index.php\/wp-json\/wp\/v2\/posts\/225351\/revisions"}],"predecessor-version":[{"id":225352,"href":"https:\/\/www.gaveanews.com\/index.php\/wp-json\/wp\/v2\/posts\/225351\/revisions\/225352"}],"wp:featuredmedia":[{"embeddable":true,"href":"https:\/\/www.gaveanews.com\/index.php\/wp-json\/wp\/v2\/media\/173600"}],"wp:attachment":[{"href":"https:\/\/www.gaveanews.com\/index.php\/wp-json\/wp\/v2\/media?parent=225351"}],"wp:term":[{"taxonomy":"category","embeddable":true,"href":"https:\/\/www.gaveanews.com\/index.php\/wp-json\/wp\/v2\/categories?post=225351"},{"taxonomy":"post_tag","embeddable":true,"href":"https:\/\/www.gaveanews.com\/index.php\/wp-json\/wp\/v2\/tags?post=225351"}],"curies":[{"name":"wp","href":"https:\/\/api.w.org\/{rel}","templated":true}]}}