{"id":225362,"date":"2025-02-09T12:25:16","date_gmt":"2025-02-09T15:25:16","guid":{"rendered":"https:\/\/www.gaveanews.com\/?p=225362"},"modified":"2025-02-09T11:31:02","modified_gmt":"2025-02-09T14:31:02","slug":"real-madrid-a-declaracao-de-ancelotti-direcionada-a-alaba-rudiger-carvajal-militao-e-tchouameni","status":"publish","type":"post","link":"https:\/\/www.gaveanews.com\/index.php\/2025\/02\/09\/real-madrid-a-declaracao-de-ancelotti-direcionada-a-alaba-rudiger-carvajal-militao-e-tchouameni\/","title":{"rendered":"Real Madrid: a declara\u00e7\u00e3o de Ancelotti direcionada a Alaba, R\u00fcdiger, Carvajal, Milit\u00e3o e Tchouam\u00e9ni"},"content":{"rendered":"\n<p>O Real Madrid enfrentou o Atl\u00e9tico de Madrid neste \u00faltimo s\u00e1bado (07), \u00e0s 17h (hor\u00e1rio de Bras\u00edlia), no Est\u00e1dio Santiago Bernab\u00e9u, em partida v\u00e1lida pela LaLiga EA Sports. O confronto que culminou em um empate de 1 a 1, ocorreu em momento importante, j\u00e1 que as equipes entraram em campo separadas por apenas um ponto na tabela.<\/p>\n\n\n\n<p>Durante coletiva realizada na sexta-feira (07), Carlo Ancelotti, t\u00e9cnico do Real Madrid, refor\u00e7ou a necessidade de equil\u00edbrio entre qualidade t\u00e9cnica e empenho coletivo. O comandante mencionou ter superado d\u00favidas sobre o alinhamento ideal, priorizando aspectos que garantam competitividade. Al\u00e9m disso, ressaltou que o sucesso depende tanto da habilidade individual quanto do comprometimento de todo o grupo.<\/p>\n\n\n\n<p>Ancelotti tamb\u00e9m abordou desafios recentes, como as les\u00f5es de David Alaba e Antonio R\u00fcdiger, que deixaram o setor defensivo fragilizado. Apesar das adversidades, o t\u00e9cnico manteve otimismo, destacando a capacidade da equipe em obter resultados mesmo com desfalques. Para ele, a solu\u00e7\u00e3o para problemas defensivos n\u00e3o reside na redu\u00e7\u00e3o de atacantes, mas em um esfor\u00e7o coletivo, envolvendo todas as posi\u00e7\u00f5es.<\/p>\n\n\n\n<h2 class=\"wp-block-heading\" id=\"h-treinador-abordou-sobre-a-ausencia-de-jogadores-importantes\">Treinador abordou sobre a aus\u00eancia de jogadores importantes <\/h2>\n\n\n\n<p>O italiano ainda lembrou a aus\u00eancia prolongada de jogadores como Dani Carvajal e \u00c9der Milit\u00e3o, refor\u00e7ando que o time soube se adaptar. Embora enfrentasse uma \u201cemerg\u00eancia total\u201d na defesa, o Real Madrid seguia competitivo em todas as competi\u00e7\u00f5es desta temporada.<\/p>\n\n\n\n<figure class=\"wp-block-image size-large\"><img loading=\"lazy\" decoding=\"async\" width=\"1024\" height=\"576\" src=\"http:\/\/www.gaveanews.com\/wp-content\/uploads\/gettyimages-2176981057.jpg_554688468-1024x576.webp\" alt=\"\" class=\"wp-image-172243\" srcset=\"https:\/\/www.gaveanews.com\/wp-content\/uploads\/gettyimages-2176981057.jpg_554688468-1024x576.webp 1024w, https:\/\/www.gaveanews.com\/wp-content\/uploads\/gettyimages-2176981057.jpg_554688468-300x169.webp 300w, https:\/\/www.gaveanews.com\/wp-content\/uploads\/gettyimages-2176981057.jpg_554688468-768x432.webp 768w, https:\/\/www.gaveanews.com\/wp-content\/uploads\/gettyimages-2176981057.jpg_554688468-747x420.webp 747w, https:\/\/www.gaveanews.com\/wp-content\/uploads\/gettyimages-2176981057.jpg_554688468-640x360.webp 640w, https:\/\/www.gaveanews.com\/wp-content\/uploads\/gettyimages-2176981057.jpg_554688468-681x383.webp 681w, https:\/\/www.gaveanews.com\/wp-content\/uploads\/gettyimages-2176981057.jpg_554688468-100x56.webp 100w, https:\/\/www.gaveanews.com\/wp-content\/uploads\/gettyimages-2176981057.jpg_554688468.webp 1200w\" sizes=\"auto, (max-width: 1024px) 100vw, 1024px\" \/><figcaption class=\"wp-element-caption\">Carvajal jogando pelo Real Madrid (Foto: Alvaro Medranda\/Quality Sport Images\/Getty Images)\n<\/figcaption><\/figure>\n\n\n\n<p>Antes do cl\u00e1ssico, o Real Madrid liderava a LaLiga com 49 pontos, enquanto o Atl\u00e9tico de Madrid, sob comando de Diego Simeone, ocupava a segunda posi\u00e7\u00e3o com 48. O embate representava, portanto, uma chance direta para os colchoneros assumirem a dianteira, intensificando a rivalidade entre os clubes.<\/p>\n\n\n\n<p>Do lado merengue, a equipe buscava consolidar a lideran\u00e7a e ampliar a dist\u00e2ncia na tabela. J\u00e1 o Atl\u00e9tico via no confronto uma oportunidade estrat\u00e9gica para pressionar os rivais e reacender as aspira\u00e7\u00f5es pelo t\u00edtulo. A proximidade na pontua\u00e7\u00e3o adicionou tens\u00e3o extra ao duelo, considerado um dos mais aguardados do calend\u00e1rio europeu.<\/p>\n\n\n\n<p>Ancelotti enfatizou ainda a import\u00e2ncia do aspecto defensivo, especialmente ap\u00f3s a derrota na \u00faltima partida da competi\u00e7\u00e3o. Segundo ele, o grupo trabalhou para corrigir falhas estruturais, visando maior solidez sem abrir m\u00e3o do poder ofensivo. Dessa forma, o t\u00e9cnico buscou equilibrar cautela e ambi\u00e7\u00e3o em um jogo de alto risco.<\/p>\n\n\n\n<p>O cl\u00e1ssico marcou ainda o reencontro entre duas das equipes mais consistentes do futebol espanhol, ambas conhecidas por estrat\u00e9gias distintas: o Real Madrid, com seu estilo ofensivo, e o Atl\u00e9tico, reconhecido pela organiza\u00e7\u00e3o t\u00e1tica. Enquanto isso, os torcedores aguardavam um embate repleto de intensidade, capaz de definir os rumos da temporada.<\/p>\n","protected":false},"excerpt":{"rendered":"<p>O Real Madrid enfrentou o Atl\u00e9tico de Madrid neste \u00faltimo s\u00e1bado (07), \u00e0s 17h (hor\u00e1rio de Bras\u00edlia), no Est\u00e1dio Santiago Bernab\u00e9u, em partida v\u00e1lida pela LaLiga EA Sports. O confronto que culminou em um empate de 1 a 1, ocorreu em momento importante, j\u00e1 que as equipes entraram em campo separadas por apenas um ponto [&hellip;]<\/p>\n","protected":false},"author":28,"featured_media":94020,"comment_status":"open","ping_status":"closed","sticky":false,"template":"","format":"standard","meta":{"footnotes":""},"categories":[88],"tags":[],"class_list":["post-225362","post","type-post","status-publish","format-standard","has-post-thumbnail","hentry","category-real-madrid"],"yoast_head":"<!-- This site is optimized with the Yoast SEO Premium plugin v24.2 (Yoast SEO v26.9) - https:\/\/yoast.com\/product\/yoast-seo-premium-wordpress\/ -->\n<title>Real Madrid: a declara\u00e7\u00e3o de Ancelotti direcionada a Alaba, R\u00fcdiger, Carvajal, Milit\u00e3o e Tchouam\u00e9ni<\/title>\n<meta name=\"robots\" content=\"index, follow, max-snippet:-1, max-image-preview:large, max-video-preview:-1\" \/>\n<link rel=\"canonical\" href=\"https:\/\/www.gaveanews.com\/index.php\/2025\/02\/09\/real-madrid-a-declaracao-de-ancelotti-direcionada-a-alaba-rudiger-carvajal-militao-e-tchouameni\/\" \/>\n<meta property=\"og:locale\" content=\"pt_BR\" \/>\n<meta property=\"og:type\" content=\"article\" \/>\n<meta property=\"og:title\" content=\"Real Madrid: a declara\u00e7\u00e3o de Ancelotti direcionada a Alaba, R\u00fcdiger, Carvajal, Milit\u00e3o e Tchouam\u00e9ni\" \/>\n<meta property=\"og:description\" content=\"O Real Madrid enfrentou o Atl\u00e9tico de Madrid neste \u00faltimo s\u00e1bado (07), \u00e0s 17h (hor\u00e1rio de Bras\u00edlia), no Est\u00e1dio Santiago Bernab\u00e9u, em partida v\u00e1lida pela LaLiga EA Sports. O confronto que culminou em um empate de 1 a 1, ocorreu em momento importante, j\u00e1 que as equipes entraram em campo separadas por apenas um ponto [&hellip;]\" \/>\n<meta property=\"og:url\" content=\"https:\/\/www.gaveanews.com\/index.php\/2025\/02\/09\/real-madrid-a-declaracao-de-ancelotti-direcionada-a-alaba-rudiger-carvajal-militao-e-tchouameni\/\" \/>\n<meta property=\"og:site_name\" content=\"G\u00e1vea News\" \/>\n<meta property=\"article:publisher\" content=\"https:\/\/facebook.com\/gaveaNews\/\" \/>\n<meta property=\"article:published_time\" content=\"2025-02-09T15:25:16+00:00\" \/>\n<meta property=\"og:image\" content=\"https:\/\/www.gaveanews.com\/wp-content\/uploads\/carlo-ancelotti-real-madrid.webp\" \/>\n\t<meta property=\"og:image:width\" content=\"984\" \/>\n\t<meta property=\"og:image:height\" content=\"737\" \/>\n\t<meta property=\"og:image:type\" content=\"image\/webp\" \/>\n<meta name=\"author\" content=\"Hudson Pereira\" \/>\n<meta name=\"twitter:card\" content=\"summary_large_image\" \/>\n<meta name=\"twitter:label1\" content=\"Escrito por\" \/>\n\t<meta name=\"twitter:data1\" content=\"Hudson Pereira\" \/>\n\t<meta name=\"twitter:label2\" content=\"Est. tempo de leitura\" \/>\n\t<meta name=\"twitter:data2\" content=\"3 minutos\" \/>\n<script type=\"application\/ld+json\" class=\"yoast-schema-graph\">{\"@context\":\"https:\/\/schema.org\",\"@graph\":[{\"@type\":\"NewsArticle\",\"@id\":\"https:\/\/www.gaveanews.com\/index.php\/2025\/02\/09\/real-madrid-a-declaracao-de-ancelotti-direcionada-a-alaba-rudiger-carvajal-militao-e-tchouameni\/#article\",\"isPartOf\":{\"@id\":\"https:\/\/www.gaveanews.com\/index.php\/2025\/02\/09\/real-madrid-a-declaracao-de-ancelotti-direcionada-a-alaba-rudiger-carvajal-militao-e-tchouameni\/\"},\"author\":{\"name\":\"Hudson Pereira\",\"@id\":\"https:\/\/www.gaveanews.com\/#\/schema\/person\/bd08f00534b403119b92741a6d469ef0\"},\"headline\":\"Real Madrid: a declara\u00e7\u00e3o de Ancelotti direcionada a Alaba, R\u00fcdiger, Carvajal, Milit\u00e3o e Tchouam\u00e9ni\",\"datePublished\":\"2025-02-09T15:25:16+00:00\",\"mainEntityOfPage\":{\"@id\":\"https:\/\/www.gaveanews.com\/index.php\/2025\/02\/09\/real-madrid-a-declaracao-de-ancelotti-direcionada-a-alaba-rudiger-carvajal-militao-e-tchouameni\/\"},\"wordCount\":496,\"commentCount\":0,\"image\":{\"@id\":\"https:\/\/www.gaveanews.com\/index.php\/2025\/02\/09\/real-madrid-a-declaracao-de-ancelotti-direcionada-a-alaba-rudiger-carvajal-militao-e-tchouameni\/#primaryimage\"},\"thumbnailUrl\":\"https:\/\/www.gaveanews.com\/wp-content\/uploads\/carlo-ancelotti-real-madrid.webp\",\"articleSection\":[\"Real Madrid\"],\"inLanguage\":\"pt-BR\",\"potentialAction\":[{\"@type\":\"CommentAction\",\"name\":\"Comment\",\"target\":[\"https:\/\/www.gaveanews.com\/index.php\/2025\/02\/09\/real-madrid-a-declaracao-de-ancelotti-direcionada-a-alaba-rudiger-carvajal-militao-e-tchouameni\/#respond\"]}],\"copyrightYear\":\"2025\",\"copyrightHolder\":{\"@id\":\"https:\/\/www.gaveanews.com\/#organization\"}},{\"@type\":\"WebPage\",\"@id\":\"https:\/\/www.gaveanews.com\/index.php\/2025\/02\/09\/real-madrid-a-declaracao-de-ancelotti-direcionada-a-alaba-rudiger-carvajal-militao-e-tchouameni\/\",\"url\":\"https:\/\/www.gaveanews.com\/index.php\/2025\/02\/09\/real-madrid-a-declaracao-de-ancelotti-direcionada-a-alaba-rudiger-carvajal-militao-e-tchouameni\/\",\"name\":\"Real Madrid: a declara\u00e7\u00e3o de Ancelotti direcionada a Alaba, R\u00fcdiger, Carvajal, Milit\u00e3o e Tchouam\u00e9ni\",\"isPartOf\":{\"@id\":\"https:\/\/www.gaveanews.com\/#website\"},\"primaryImageOfPage\":{\"@id\":\"https:\/\/www.gaveanews.com\/index.php\/2025\/02\/09\/real-madrid-a-declaracao-de-ancelotti-direcionada-a-alaba-rudiger-carvajal-militao-e-tchouameni\/#primaryimage\"},\"image\":{\"@id\":\"https:\/\/www.gaveanews.com\/index.php\/2025\/02\/09\/real-madrid-a-declaracao-de-ancelotti-direcionada-a-alaba-rudiger-carvajal-militao-e-tchouameni\/#primaryimage\"},\"thumbnailUrl\":\"https:\/\/www.gaveanews.com\/wp-content\/uploads\/carlo-ancelotti-real-madrid.webp\",\"datePublished\":\"2025-02-09T15:25:16+00:00\",\"author\":{\"@id\":\"https:\/\/www.gaveanews.com\/#\/schema\/person\/bd08f00534b403119b92741a6d469ef0\"},\"breadcrumb\":{\"@id\":\"https:\/\/www.gaveanews.com\/index.php\/2025\/02\/09\/real-madrid-a-declaracao-de-ancelotti-direcionada-a-alaba-rudiger-carvajal-militao-e-tchouameni\/#breadcrumb\"},\"inLanguage\":\"pt-BR\",\"potentialAction\":[{\"@type\":\"ReadAction\",\"target\":[\"https:\/\/www.gaveanews.com\/index.php\/2025\/02\/09\/real-madrid-a-declaracao-de-ancelotti-direcionada-a-alaba-rudiger-carvajal-militao-e-tchouameni\/\"]}]},{\"@type\":\"ImageObject\",\"inLanguage\":\"pt-BR\",\"@id\":\"https:\/\/www.gaveanews.com\/index.php\/2025\/02\/09\/real-madrid-a-declaracao-de-ancelotti-direcionada-a-alaba-rudiger-carvajal-militao-e-tchouameni\/#primaryimage\",\"url\":\"https:\/\/www.gaveanews.com\/wp-content\/uploads\/carlo-ancelotti-real-madrid.webp\",\"contentUrl\":\"https:\/\/www.gaveanews.com\/wp-content\/uploads\/carlo-ancelotti-real-madrid.webp\",\"width\":984,\"height\":737,\"caption\":\"Carlo Ancelotti, t\u00e9cnico do Real Madrid (Foto: Susana Vera\/Reuters)\"},{\"@type\":\"BreadcrumbList\",\"@id\":\"https:\/\/www.gaveanews.com\/index.php\/2025\/02\/09\/real-madrid-a-declaracao-de-ancelotti-direcionada-a-alaba-rudiger-carvajal-militao-e-tchouameni\/#breadcrumb\",\"itemListElement\":[{\"@type\":\"ListItem\",\"position\":1,\"name\":\"Home\",\"item\":\"https:\/\/www.gaveanews.com\/\"},{\"@type\":\"ListItem\",\"position\":2,\"name\":\"Real Madrid: a declara\u00e7\u00e3o de Ancelotti direcionada a Alaba, R\u00fcdiger, Carvajal, Milit\u00e3o e Tchouam\u00e9ni\"}]},{\"@type\":\"WebSite\",\"@id\":\"https:\/\/www.gaveanews.com\/#website\",\"url\":\"https:\/\/www.gaveanews.com\/\",\"name\":\"G\u00e1vea News\",\"description\":\"Veja todas as not\u00edcias sobre o Flamengo: Contrata\u00e7\u00f5es, categorias de base, resultados das partidas, tabela de classifica\u00e7\u00e3o, pr\u00f3ximos jogos!\",\"potentialAction\":[{\"@type\":\"SearchAction\",\"target\":{\"@type\":\"EntryPoint\",\"urlTemplate\":\"https:\/\/www.gaveanews.com\/?s={search_term_string}\"},\"query-input\":{\"@type\":\"PropertyValueSpecification\",\"valueRequired\":true,\"valueName\":\"search_term_string\"}}],\"inLanguage\":\"pt-BR\"},{\"@type\":\"Person\",\"@id\":\"https:\/\/www.gaveanews.com\/#\/schema\/person\/bd08f00534b403119b92741a6d469ef0\",\"name\":\"Hudson Pereira\",\"image\":{\"@type\":\"ImageObject\",\"inLanguage\":\"pt-BR\",\"@id\":\"https:\/\/www.gaveanews.com\/#\/schema\/person\/image\/\",\"url\":\"https:\/\/secure.gravatar.com\/avatar\/ecc491b489e454e510efffc9b23c1052ce5fb4f2e05555768ba65819cd55f03e?s=96&d=mm&r=g\",\"contentUrl\":\"https:\/\/secure.gravatar.com\/avatar\/ecc491b489e454e510efffc9b23c1052ce5fb4f2e05555768ba65819cd55f03e?s=96&d=mm&r=g\",\"caption\":\"Hudson Pereira\"}}]}<\/script>\n<!-- \/ Yoast SEO Premium plugin. -->","yoast_head_json":{"title":"Real Madrid: a declara\u00e7\u00e3o de Ancelotti direcionada a Alaba, R\u00fcdiger, Carvajal, Milit\u00e3o e Tchouam\u00e9ni","robots":{"index":"index","follow":"follow","max-snippet":"max-snippet:-1","max-image-preview":"max-image-preview:large","max-video-preview":"max-video-preview:-1"},"canonical":"https:\/\/www.gaveanews.com\/index.php\/2025\/02\/09\/real-madrid-a-declaracao-de-ancelotti-direcionada-a-alaba-rudiger-carvajal-militao-e-tchouameni\/","og_locale":"pt_BR","og_type":"article","og_title":"Real Madrid: a declara\u00e7\u00e3o de Ancelotti direcionada a Alaba, R\u00fcdiger, Carvajal, Milit\u00e3o e Tchouam\u00e9ni","og_description":"O Real Madrid enfrentou o Atl\u00e9tico de Madrid neste \u00faltimo s\u00e1bado (07), \u00e0s 17h (hor\u00e1rio de Bras\u00edlia), no Est\u00e1dio Santiago Bernab\u00e9u, em partida v\u00e1lida pela LaLiga EA Sports. O confronto que culminou em um empate de 1 a 1, ocorreu em momento importante, j\u00e1 que as equipes entraram em campo separadas por apenas um ponto [&hellip;]","og_url":"https:\/\/www.gaveanews.com\/index.php\/2025\/02\/09\/real-madrid-a-declaracao-de-ancelotti-direcionada-a-alaba-rudiger-carvajal-militao-e-tchouameni\/","og_site_name":"G\u00e1vea News","article_publisher":"https:\/\/facebook.com\/gaveaNews\/","article_published_time":"2025-02-09T15:25:16+00:00","og_image":[{"width":984,"height":737,"url":"https:\/\/www.gaveanews.com\/wp-content\/uploads\/carlo-ancelotti-real-madrid.webp","type":"image\/webp"}],"author":"Hudson Pereira","twitter_card":"summary_large_image","twitter_misc":{"Escrito por":"Hudson Pereira","Est. tempo de leitura":"3 minutos"},"schema":{"@context":"https:\/\/schema.org","@graph":[{"@type":"NewsArticle","@id":"https:\/\/www.gaveanews.com\/index.php\/2025\/02\/09\/real-madrid-a-declaracao-de-ancelotti-direcionada-a-alaba-rudiger-carvajal-militao-e-tchouameni\/#article","isPartOf":{"@id":"https:\/\/www.gaveanews.com\/index.php\/2025\/02\/09\/real-madrid-a-declaracao-de-ancelotti-direcionada-a-alaba-rudiger-carvajal-militao-e-tchouameni\/"},"author":{"name":"Hudson Pereira","@id":"https:\/\/www.gaveanews.com\/#\/schema\/person\/bd08f00534b403119b92741a6d469ef0"},"headline":"Real Madrid: a declara\u00e7\u00e3o de Ancelotti direcionada a Alaba, R\u00fcdiger, Carvajal, Milit\u00e3o e Tchouam\u00e9ni","datePublished":"2025-02-09T15:25:16+00:00","mainEntityOfPage":{"@id":"https:\/\/www.gaveanews.com\/index.php\/2025\/02\/09\/real-madrid-a-declaracao-de-ancelotti-direcionada-a-alaba-rudiger-carvajal-militao-e-tchouameni\/"},"wordCount":496,"commentCount":0,"image":{"@id":"https:\/\/www.gaveanews.com\/index.php\/2025\/02\/09\/real-madrid-a-declaracao-de-ancelotti-direcionada-a-alaba-rudiger-carvajal-militao-e-tchouameni\/#primaryimage"},"thumbnailUrl":"https:\/\/www.gaveanews.com\/wp-content\/uploads\/carlo-ancelotti-real-madrid.webp","articleSection":["Real Madrid"],"inLanguage":"pt-BR","potentialAction":[{"@type":"CommentAction","name":"Comment","target":["https:\/\/www.gaveanews.com\/index.php\/2025\/02\/09\/real-madrid-a-declaracao-de-ancelotti-direcionada-a-alaba-rudiger-carvajal-militao-e-tchouameni\/#respond"]}],"copyrightYear":"2025","copyrightHolder":{"@id":"https:\/\/www.gaveanews.com\/#organization"}},{"@type":"WebPage","@id":"https:\/\/www.gaveanews.com\/index.php\/2025\/02\/09\/real-madrid-a-declaracao-de-ancelotti-direcionada-a-alaba-rudiger-carvajal-militao-e-tchouameni\/","url":"https:\/\/www.gaveanews.com\/index.php\/2025\/02\/09\/real-madrid-a-declaracao-de-ancelotti-direcionada-a-alaba-rudiger-carvajal-militao-e-tchouameni\/","name":"Real Madrid: a declara\u00e7\u00e3o de Ancelotti direcionada a Alaba, R\u00fcdiger, Carvajal, Milit\u00e3o e Tchouam\u00e9ni","isPartOf":{"@id":"https:\/\/www.gaveanews.com\/#website"},"primaryImageOfPage":{"@id":"https:\/\/www.gaveanews.com\/index.php\/2025\/02\/09\/real-madrid-a-declaracao-de-ancelotti-direcionada-a-alaba-rudiger-carvajal-militao-e-tchouameni\/#primaryimage"},"image":{"@id":"https:\/\/www.gaveanews.com\/index.php\/2025\/02\/09\/real-madrid-a-declaracao-de-ancelotti-direcionada-a-alaba-rudiger-carvajal-militao-e-tchouameni\/#primaryimage"},"thumbnailUrl":"https:\/\/www.gaveanews.com\/wp-content\/uploads\/carlo-ancelotti-real-madrid.webp","datePublished":"2025-02-09T15:25:16+00:00","author":{"@id":"https:\/\/www.gaveanews.com\/#\/schema\/person\/bd08f00534b403119b92741a6d469ef0"},"breadcrumb":{"@id":"https:\/\/www.gaveanews.com\/index.php\/2025\/02\/09\/real-madrid-a-declaracao-de-ancelotti-direcionada-a-alaba-rudiger-carvajal-militao-e-tchouameni\/#breadcrumb"},"inLanguage":"pt-BR","potentialAction":[{"@type":"ReadAction","target":["https:\/\/www.gaveanews.com\/index.php\/2025\/02\/09\/real-madrid-a-declaracao-de-ancelotti-direcionada-a-alaba-rudiger-carvajal-militao-e-tchouameni\/"]}]},{"@type":"ImageObject","inLanguage":"pt-BR","@id":"https:\/\/www.gaveanews.com\/index.php\/2025\/02\/09\/real-madrid-a-declaracao-de-ancelotti-direcionada-a-alaba-rudiger-carvajal-militao-e-tchouameni\/#primaryimage","url":"https:\/\/www.gaveanews.com\/wp-content\/uploads\/carlo-ancelotti-real-madrid.webp","contentUrl":"https:\/\/www.gaveanews.com\/wp-content\/uploads\/carlo-ancelotti-real-madrid.webp","width":984,"height":737,"caption":"Carlo Ancelotti, t\u00e9cnico do Real Madrid (Foto: Susana Vera\/Reuters)"},{"@type":"BreadcrumbList","@id":"https:\/\/www.gaveanews.com\/index.php\/2025\/02\/09\/real-madrid-a-declaracao-de-ancelotti-direcionada-a-alaba-rudiger-carvajal-militao-e-tchouameni\/#breadcrumb","itemListElement":[{"@type":"ListItem","position":1,"name":"Home","item":"https:\/\/www.gaveanews.com\/"},{"@type":"ListItem","position":2,"name":"Real Madrid: a declara\u00e7\u00e3o de Ancelotti direcionada a Alaba, R\u00fcdiger, Carvajal, Milit\u00e3o e Tchouam\u00e9ni"}]},{"@type":"WebSite","@id":"https:\/\/www.gaveanews.com\/#website","url":"https:\/\/www.gaveanews.com\/","name":"G\u00e1vea News","description":"Veja todas as not\u00edcias sobre o Flamengo: Contrata\u00e7\u00f5es, categorias de base, resultados das partidas, tabela de classifica\u00e7\u00e3o, pr\u00f3ximos jogos!","potentialAction":[{"@type":"SearchAction","target":{"@type":"EntryPoint","urlTemplate":"https:\/\/www.gaveanews.com\/?s={search_term_string}"},"query-input":{"@type":"PropertyValueSpecification","valueRequired":true,"valueName":"search_term_string"}}],"inLanguage":"pt-BR"},{"@type":"Person","@id":"https:\/\/www.gaveanews.com\/#\/schema\/person\/bd08f00534b403119b92741a6d469ef0","name":"Hudson Pereira","image":{"@type":"ImageObject","inLanguage":"pt-BR","@id":"https:\/\/www.gaveanews.com\/#\/schema\/person\/image\/","url":"https:\/\/secure.gravatar.com\/avatar\/ecc491b489e454e510efffc9b23c1052ce5fb4f2e05555768ba65819cd55f03e?s=96&d=mm&r=g","contentUrl":"https:\/\/secure.gravatar.com\/avatar\/ecc491b489e454e510efffc9b23c1052ce5fb4f2e05555768ba65819cd55f03e?s=96&d=mm&r=g","caption":"Hudson Pereira"}}]}},"_links":{"self":[{"href":"https:\/\/www.gaveanews.com\/index.php\/wp-json\/wp\/v2\/posts\/225362","targetHints":{"allow":["GET"]}}],"collection":[{"href":"https:\/\/www.gaveanews.com\/index.php\/wp-json\/wp\/v2\/posts"}],"about":[{"href":"https:\/\/www.gaveanews.com\/index.php\/wp-json\/wp\/v2\/types\/post"}],"author":[{"embeddable":true,"href":"https:\/\/www.gaveanews.com\/index.php\/wp-json\/wp\/v2\/users\/28"}],"replies":[{"embeddable":true,"href":"https:\/\/www.gaveanews.com\/index.php\/wp-json\/wp\/v2\/comments?post=225362"}],"version-history":[{"count":2,"href":"https:\/\/www.gaveanews.com\/index.php\/wp-json\/wp\/v2\/posts\/225362\/revisions"}],"predecessor-version":[{"id":225370,"href":"https:\/\/www.gaveanews.com\/index.php\/wp-json\/wp\/v2\/posts\/225362\/revisions\/225370"}],"wp:featuredmedia":[{"embeddable":true,"href":"https:\/\/www.gaveanews.com\/index.php\/wp-json\/wp\/v2\/media\/94020"}],"wp:attachment":[{"href":"https:\/\/www.gaveanews.com\/index.php\/wp-json\/wp\/v2\/media?parent=225362"}],"wp:term":[{"taxonomy":"category","embeddable":true,"href":"https:\/\/www.gaveanews.com\/index.php\/wp-json\/wp\/v2\/categories?post=225362"},{"taxonomy":"post_tag","embeddable":true,"href":"https:\/\/www.gaveanews.com\/index.php\/wp-json\/wp\/v2\/tags?post=225362"}],"curies":[{"name":"wp","href":"https:\/\/api.w.org\/{rel}","templated":true}]}}