{"id":225438,"date":"2025-02-09T15:00:50","date_gmt":"2025-02-09T18:00:50","guid":{"rendered":"https:\/\/www.gaveanews.com\/?p=225438"},"modified":"2025-02-09T14:44:55","modified_gmt":"2025-02-09T17:44:55","slug":"ele-deixou-o-flamengo-pela-porta-dos-fundos-mas-agora-marcou-gol-decisivo-em-seu-novo-clube","status":"publish","type":"post","link":"https:\/\/www.gaveanews.com\/index.php\/2025\/02\/09\/ele-deixou-o-flamengo-pela-porta-dos-fundos-mas-agora-marcou-gol-decisivo-em-seu-novo-clube\/","title":{"rendered":"Ele deixou o Flamengo pela porta dos fundos, mas agora marcou gol decisivo em seu novo clube"},"content":{"rendered":"\n<h2 class=\"wp-block-heading\" id=\"h-carlinhos-estreia-com-gol-decisivo-e-garante-vitoria-do-vitoria-no-campeonato-baiano\">Carlinhos estreia com gol decisivo e garante vit\u00f3ria do Vit\u00f3ria no Campeonato Baiano<\/h2>\n\n\n\n<p>Carlinhos estreou pelo Vit\u00f3ria neste s\u00e1bado (8) com protagonismo. O centroavante, emprestado pelo Flamengo at\u00e9 dezembro, marcou o gol do triunfo da equipe baiana nos minutos finais da partida contra o Porto, garantindo a vit\u00f3ria por 2 a 1 no Est\u00e1dio Barrad\u00e3o. O resultado manteve o time rubro-negro na lideran\u00e7a do Campeonato Baiano, aumentando as expectativas sobre o desempenho do novo refor\u00e7o na temporada.<\/p>\n\n\n\n<figure class=\"wp-block-image size-large\"><img loading=\"lazy\" decoding=\"async\" width=\"1024\" height=\"623\" src=\"http:\/\/www.gaveanews.com\/wp-content\/uploads\/Ggn4zvkXIAMEvVR-1024x623.webp\" alt=\"Carlinhos, atacante do Flamengo\" class=\"wp-image-208264\" srcset=\"https:\/\/www.gaveanews.com\/wp-content\/uploads\/Ggn4zvkXIAMEvVR-1024x623.webp 1024w, https:\/\/www.gaveanews.com\/wp-content\/uploads\/Ggn4zvkXIAMEvVR-300x183.webp 300w, https:\/\/www.gaveanews.com\/wp-content\/uploads\/Ggn4zvkXIAMEvVR-768x467.webp 768w, https:\/\/www.gaveanews.com\/wp-content\/uploads\/Ggn4zvkXIAMEvVR-690x420.webp 690w, https:\/\/www.gaveanews.com\/wp-content\/uploads\/Ggn4zvkXIAMEvVR-640x389.webp 640w, https:\/\/www.gaveanews.com\/wp-content\/uploads\/Ggn4zvkXIAMEvVR-681x414.webp 681w, https:\/\/www.gaveanews.com\/wp-content\/uploads\/Ggn4zvkXIAMEvVR-100x61.webp 100w, https:\/\/www.gaveanews.com\/wp-content\/uploads\/Ggn4zvkXIAMEvVR.webp 1200w\" sizes=\"auto, (max-width: 1024px) 100vw, 1024px\" \/><figcaption class=\"wp-element-caption\">Carlinhos, atacante do Flamengo (Foto: Divulga\u00e7\u00e3o Flamengo)<\/figcaption><\/figure>\n\n\n\n<p>A partida come\u00e7ou equilibrada, com o Vit\u00f3ria tentando impor seu ritmo dentro de casa, enquanto o Porto buscava explorar os contra-ataques. O primeiro gol do jogo saiu ainda no primeiro tempo, quando a equipe da casa conseguiu furar a defesa advers\u00e1ria. No entanto, o Porto reagiu e chegou ao empate na etapa final, deixando o jogo mais tenso nos minutos decisivos.<\/p>\n\n\n\n<p>Aos 22 minutos do segundo tempo, o t\u00e9cnico Thiago Carpini decidiu apostar em Carlinhos, que entrou na vaga de Gustavo Mosquito. O atacante rapidamente se posicionou como refer\u00eancia no ataque e passou a ser acionado em cruzamentos e jogadas pelo alto. Sua presen\u00e7a foi fundamental para dar mais peso ofensivo ao Vit\u00f3ria nos minutos finais.<\/p>\n\n\n\n<p>O momento decisivo veio aos 44 minutos. Matheuzinho fez uma jogada pela esquerda e cruzou com precis\u00e3o para a \u00e1rea. Bem posicionado, Carlinhos subiu mais alto que a defesa advers\u00e1ria e desviou de cabe\u00e7a, balan\u00e7ando as redes e decretando a vit\u00f3ria do Vit\u00f3ria. O gol foi muito comemorado pelos jogadores e pela torcida presente no Barrad\u00e3o, que celebrou o in\u00edcio promissor do novo refor\u00e7o.<\/p>\n\n\n\n<p>Com a vit\u00f3ria, o Vit\u00f3ria chegou aos 15 pontos e manteve a lideran\u00e7a do Campeonato Baiano. A equipe pode ser alcan\u00e7ada pela Juazeirense, que tem uma partida a menos e entra em campo neste domingo (9). O desempenho do time de Thiago Carpini tem sido s\u00f3lido na competi\u00e7\u00e3o, aumentando a confian\u00e7a para a sequ\u00eancia da temporada.<\/p>\n\n\n\n<p>Carlinhos foi contratado pelo Vit\u00f3ria por empr\u00e9stimo junto ao Flamengo, que estipulou uma cl\u00e1usula de compra no valor de R$ 5 milh\u00f5es por 70% dos direitos econ\u00f4micos do jogador. Al\u00e9m disso, h\u00e1 uma cl\u00e1usula contratual prevendo uma multa de R$ 1 milh\u00e3o caso o centroavante seja utilizado na partida entre Vit\u00f3ria e Flamengo pelo Campeonato Brasileiro.<\/p>\n\n\n\n<p>Enquanto Carlinhos brilhava pelo Vit\u00f3ria, o Flamengo entrou em campo no mesmo dia pelo Campeonato Carioca. Em um cl\u00e1ssico equilibrado contra o Fluminense, o time comandado por Filipe Lu\u00eds ficou no empate sem gols no Maracan\u00e3. O rubro-negro carioca agora se prepara para mais um desafio importante, o cl\u00e1ssico contra o Botafogo, marcado para a pr\u00f3xima quarta-feira (12).<\/p>\n","protected":false},"excerpt":{"rendered":"<p>Carlinhos estreia com gol decisivo e garante vit\u00f3ria do Vit\u00f3ria no Campeonato Baiano Carlinhos estreou pelo Vit\u00f3ria neste s\u00e1bado (8) com protagonismo. O centroavante, emprestado pelo Flamengo at\u00e9 dezembro, marcou o gol do triunfo da equipe baiana nos minutos finais da partida contra o Porto, garantindo a vit\u00f3ria por 2 a 1 no Est\u00e1dio Barrad\u00e3o. [&hellip;]<\/p>\n","protected":false},"author":17,"featured_media":124684,"comment_status":"open","ping_status":"closed","sticky":false,"template":"","format":"standard","meta":{"footnotes":""},"categories":[1],"tags":[],"class_list":["post-225438","post","type-post","status-publish","format-standard","has-post-thumbnail","hentry","category-flamengo"],"yoast_head":"<!-- This site is optimized with the Yoast SEO Premium plugin v24.2 (Yoast SEO v26.9) - https:\/\/yoast.com\/product\/yoast-seo-premium-wordpress\/ -->\n<title>Ele deixou o Flamengo pela porta dos fundos, mas agora marcou gol decisivo em seu novo clube<\/title>\n<meta name=\"robots\" content=\"index, follow, max-snippet:-1, max-image-preview:large, max-video-preview:-1\" \/>\n<link rel=\"canonical\" href=\"https:\/\/www.gaveanews.com\/index.php\/2025\/02\/09\/ele-deixou-o-flamengo-pela-porta-dos-fundos-mas-agora-marcou-gol-decisivo-em-seu-novo-clube\/\" \/>\n<meta property=\"og:locale\" content=\"pt_BR\" \/>\n<meta property=\"og:type\" content=\"article\" \/>\n<meta property=\"og:title\" content=\"Ele deixou o Flamengo pela porta dos fundos, mas agora marcou gol decisivo em seu novo clube\" \/>\n<meta property=\"og:description\" content=\"Carlinhos estreia com gol decisivo e garante vit\u00f3ria do Vit\u00f3ria no Campeonato Baiano Carlinhos estreou pelo Vit\u00f3ria neste s\u00e1bado (8) com protagonismo. O centroavante, emprestado pelo Flamengo at\u00e9 dezembro, marcou o gol do triunfo da equipe baiana nos minutos finais da partida contra o Porto, garantindo a vit\u00f3ria por 2 a 1 no Est\u00e1dio Barrad\u00e3o. [&hellip;]\" \/>\n<meta property=\"og:url\" content=\"https:\/\/www.gaveanews.com\/index.php\/2025\/02\/09\/ele-deixou-o-flamengo-pela-porta-dos-fundos-mas-agora-marcou-gol-decisivo-em-seu-novo-clube\/\" \/>\n<meta property=\"og:site_name\" content=\"G\u00e1vea News\" \/>\n<meta property=\"article:publisher\" content=\"https:\/\/facebook.com\/gaveaNews\/\" \/>\n<meta property=\"article:published_time\" content=\"2025-02-09T18:00:50+00:00\" \/>\n<meta property=\"og:image\" content=\"https:\/\/www.gaveanews.com\/wp-content\/uploads\/escudoDoFlamengo.webp\" \/>\n\t<meta property=\"og:image:width\" content=\"1095\" \/>\n\t<meta property=\"og:image:height\" content=\"730\" \/>\n\t<meta property=\"og:image:type\" content=\"image\/webp\" \/>\n<meta name=\"author\" content=\"Geovanna Thomaz\" \/>\n<meta name=\"twitter:card\" content=\"summary_large_image\" \/>\n<meta name=\"twitter:label1\" content=\"Escrito por\" \/>\n\t<meta name=\"twitter:data1\" content=\"Geovanna Thomaz\" \/>\n\t<meta name=\"twitter:label2\" content=\"Est. tempo de leitura\" \/>\n\t<meta name=\"twitter:data2\" content=\"3 minutos\" \/>\n<script type=\"application\/ld+json\" class=\"yoast-schema-graph\">{\"@context\":\"https:\/\/schema.org\",\"@graph\":[{\"@type\":\"NewsArticle\",\"@id\":\"https:\/\/www.gaveanews.com\/index.php\/2025\/02\/09\/ele-deixou-o-flamengo-pela-porta-dos-fundos-mas-agora-marcou-gol-decisivo-em-seu-novo-clube\/#article\",\"isPartOf\":{\"@id\":\"https:\/\/www.gaveanews.com\/index.php\/2025\/02\/09\/ele-deixou-o-flamengo-pela-porta-dos-fundos-mas-agora-marcou-gol-decisivo-em-seu-novo-clube\/\"},\"author\":{\"name\":\"Geovanna Thomaz\",\"@id\":\"https:\/\/www.gaveanews.com\/#\/schema\/person\/f42654babcd2b2014a1a65af82b081f1\"},\"headline\":\"Ele deixou o Flamengo pela porta dos fundos, mas agora marcou gol decisivo em seu novo clube\",\"datePublished\":\"2025-02-09T18:00:50+00:00\",\"mainEntityOfPage\":{\"@id\":\"https:\/\/www.gaveanews.com\/index.php\/2025\/02\/09\/ele-deixou-o-flamengo-pela-porta-dos-fundos-mas-agora-marcou-gol-decisivo-em-seu-novo-clube\/\"},\"wordCount\":488,\"commentCount\":0,\"image\":{\"@id\":\"https:\/\/www.gaveanews.com\/index.php\/2025\/02\/09\/ele-deixou-o-flamengo-pela-porta-dos-fundos-mas-agora-marcou-gol-decisivo-em-seu-novo-clube\/#primaryimage\"},\"thumbnailUrl\":\"https:\/\/www.gaveanews.com\/wp-content\/uploads\/escudoDoFlamengo.webp\",\"articleSection\":[\"Flamengo\"],\"inLanguage\":\"pt-BR\",\"potentialAction\":[{\"@type\":\"CommentAction\",\"name\":\"Comment\",\"target\":[\"https:\/\/www.gaveanews.com\/index.php\/2025\/02\/09\/ele-deixou-o-flamengo-pela-porta-dos-fundos-mas-agora-marcou-gol-decisivo-em-seu-novo-clube\/#respond\"]}],\"copyrightYear\":\"2025\",\"copyrightHolder\":{\"@id\":\"https:\/\/www.gaveanews.com\/#organization\"}},{\"@type\":\"WebPage\",\"@id\":\"https:\/\/www.gaveanews.com\/index.php\/2025\/02\/09\/ele-deixou-o-flamengo-pela-porta-dos-fundos-mas-agora-marcou-gol-decisivo-em-seu-novo-clube\/\",\"url\":\"https:\/\/www.gaveanews.com\/index.php\/2025\/02\/09\/ele-deixou-o-flamengo-pela-porta-dos-fundos-mas-agora-marcou-gol-decisivo-em-seu-novo-clube\/\",\"name\":\"Ele deixou o Flamengo pela porta dos fundos, mas agora marcou gol decisivo em seu novo clube\",\"isPartOf\":{\"@id\":\"https:\/\/www.gaveanews.com\/#website\"},\"primaryImageOfPage\":{\"@id\":\"https:\/\/www.gaveanews.com\/index.php\/2025\/02\/09\/ele-deixou-o-flamengo-pela-porta-dos-fundos-mas-agora-marcou-gol-decisivo-em-seu-novo-clube\/#primaryimage\"},\"image\":{\"@id\":\"https:\/\/www.gaveanews.com\/index.php\/2025\/02\/09\/ele-deixou-o-flamengo-pela-porta-dos-fundos-mas-agora-marcou-gol-decisivo-em-seu-novo-clube\/#primaryimage\"},\"thumbnailUrl\":\"https:\/\/www.gaveanews.com\/wp-content\/uploads\/escudoDoFlamengo.webp\",\"datePublished\":\"2025-02-09T18:00:50+00:00\",\"author\":{\"@id\":\"https:\/\/www.gaveanews.com\/#\/schema\/person\/f42654babcd2b2014a1a65af82b081f1\"},\"breadcrumb\":{\"@id\":\"https:\/\/www.gaveanews.com\/index.php\/2025\/02\/09\/ele-deixou-o-flamengo-pela-porta-dos-fundos-mas-agora-marcou-gol-decisivo-em-seu-novo-clube\/#breadcrumb\"},\"inLanguage\":\"pt-BR\",\"potentialAction\":[{\"@type\":\"ReadAction\",\"target\":[\"https:\/\/www.gaveanews.com\/index.php\/2025\/02\/09\/ele-deixou-o-flamengo-pela-porta-dos-fundos-mas-agora-marcou-gol-decisivo-em-seu-novo-clube\/\"]}]},{\"@type\":\"ImageObject\",\"inLanguage\":\"pt-BR\",\"@id\":\"https:\/\/www.gaveanews.com\/index.php\/2025\/02\/09\/ele-deixou-o-flamengo-pela-porta-dos-fundos-mas-agora-marcou-gol-decisivo-em-seu-novo-clube\/#primaryimage\",\"url\":\"https:\/\/www.gaveanews.com\/wp-content\/uploads\/escudoDoFlamengo.webp\",\"contentUrl\":\"https:\/\/www.gaveanews.com\/wp-content\/uploads\/escudoDoFlamengo.webp\",\"width\":1095,\"height\":730,\"caption\":\"Centro de treinamento do Flamengo (Foto: Reprodu\u00e7\u00e3o)\"},{\"@type\":\"BreadcrumbList\",\"@id\":\"https:\/\/www.gaveanews.com\/index.php\/2025\/02\/09\/ele-deixou-o-flamengo-pela-porta-dos-fundos-mas-agora-marcou-gol-decisivo-em-seu-novo-clube\/#breadcrumb\",\"itemListElement\":[{\"@type\":\"ListItem\",\"position\":1,\"name\":\"Home\",\"item\":\"https:\/\/www.gaveanews.com\/\"},{\"@type\":\"ListItem\",\"position\":2,\"name\":\"Ele deixou o Flamengo pela porta dos fundos, mas agora marcou gol decisivo em seu novo clube\"}]},{\"@type\":\"WebSite\",\"@id\":\"https:\/\/www.gaveanews.com\/#website\",\"url\":\"https:\/\/www.gaveanews.com\/\",\"name\":\"G\u00e1vea News\",\"description\":\"Veja todas as not\u00edcias sobre o Flamengo: Contrata\u00e7\u00f5es, categorias de base, resultados das partidas, tabela de classifica\u00e7\u00e3o, pr\u00f3ximos jogos!\",\"potentialAction\":[{\"@type\":\"SearchAction\",\"target\":{\"@type\":\"EntryPoint\",\"urlTemplate\":\"https:\/\/www.gaveanews.com\/?s={search_term_string}\"},\"query-input\":{\"@type\":\"PropertyValueSpecification\",\"valueRequired\":true,\"valueName\":\"search_term_string\"}}],\"inLanguage\":\"pt-BR\"},{\"@type\":\"Person\",\"@id\":\"https:\/\/www.gaveanews.com\/#\/schema\/person\/f42654babcd2b2014a1a65af82b081f1\",\"name\":\"Geovanna Thomaz\",\"image\":{\"@type\":\"ImageObject\",\"inLanguage\":\"pt-BR\",\"@id\":\"https:\/\/www.gaveanews.com\/#\/schema\/person\/image\/\",\"url\":\"https:\/\/secure.gravatar.com\/avatar\/4092073255489533afb558984b49b64268c47198af8623cc82a925ae9fb7118a?s=96&d=mm&r=g\",\"contentUrl\":\"https:\/\/secure.gravatar.com\/avatar\/4092073255489533afb558984b49b64268c47198af8623cc82a925ae9fb7118a?s=96&d=mm&r=g\",\"caption\":\"Geovanna Thomaz\"}}]}<\/script>\n<!-- \/ Yoast SEO Premium plugin. -->","yoast_head_json":{"title":"Ele deixou o Flamengo pela porta dos fundos, mas agora marcou gol decisivo em seu novo clube","robots":{"index":"index","follow":"follow","max-snippet":"max-snippet:-1","max-image-preview":"max-image-preview:large","max-video-preview":"max-video-preview:-1"},"canonical":"https:\/\/www.gaveanews.com\/index.php\/2025\/02\/09\/ele-deixou-o-flamengo-pela-porta-dos-fundos-mas-agora-marcou-gol-decisivo-em-seu-novo-clube\/","og_locale":"pt_BR","og_type":"article","og_title":"Ele deixou o Flamengo pela porta dos fundos, mas agora marcou gol decisivo em seu novo clube","og_description":"Carlinhos estreia com gol decisivo e garante vit\u00f3ria do Vit\u00f3ria no Campeonato Baiano Carlinhos estreou pelo Vit\u00f3ria neste s\u00e1bado (8) com protagonismo. O centroavante, emprestado pelo Flamengo at\u00e9 dezembro, marcou o gol do triunfo da equipe baiana nos minutos finais da partida contra o Porto, garantindo a vit\u00f3ria por 2 a 1 no Est\u00e1dio Barrad\u00e3o. [&hellip;]","og_url":"https:\/\/www.gaveanews.com\/index.php\/2025\/02\/09\/ele-deixou-o-flamengo-pela-porta-dos-fundos-mas-agora-marcou-gol-decisivo-em-seu-novo-clube\/","og_site_name":"G\u00e1vea News","article_publisher":"https:\/\/facebook.com\/gaveaNews\/","article_published_time":"2025-02-09T18:00:50+00:00","og_image":[{"width":1095,"height":730,"url":"https:\/\/www.gaveanews.com\/wp-content\/uploads\/escudoDoFlamengo.webp","type":"image\/webp"}],"author":"Geovanna Thomaz","twitter_card":"summary_large_image","twitter_misc":{"Escrito por":"Geovanna Thomaz","Est. tempo de leitura":"3 minutos"},"schema":{"@context":"https:\/\/schema.org","@graph":[{"@type":"NewsArticle","@id":"https:\/\/www.gaveanews.com\/index.php\/2025\/02\/09\/ele-deixou-o-flamengo-pela-porta-dos-fundos-mas-agora-marcou-gol-decisivo-em-seu-novo-clube\/#article","isPartOf":{"@id":"https:\/\/www.gaveanews.com\/index.php\/2025\/02\/09\/ele-deixou-o-flamengo-pela-porta-dos-fundos-mas-agora-marcou-gol-decisivo-em-seu-novo-clube\/"},"author":{"name":"Geovanna Thomaz","@id":"https:\/\/www.gaveanews.com\/#\/schema\/person\/f42654babcd2b2014a1a65af82b081f1"},"headline":"Ele deixou o Flamengo pela porta dos fundos, mas agora marcou gol decisivo em seu novo clube","datePublished":"2025-02-09T18:00:50+00:00","mainEntityOfPage":{"@id":"https:\/\/www.gaveanews.com\/index.php\/2025\/02\/09\/ele-deixou-o-flamengo-pela-porta-dos-fundos-mas-agora-marcou-gol-decisivo-em-seu-novo-clube\/"},"wordCount":488,"commentCount":0,"image":{"@id":"https:\/\/www.gaveanews.com\/index.php\/2025\/02\/09\/ele-deixou-o-flamengo-pela-porta-dos-fundos-mas-agora-marcou-gol-decisivo-em-seu-novo-clube\/#primaryimage"},"thumbnailUrl":"https:\/\/www.gaveanews.com\/wp-content\/uploads\/escudoDoFlamengo.webp","articleSection":["Flamengo"],"inLanguage":"pt-BR","potentialAction":[{"@type":"CommentAction","name":"Comment","target":["https:\/\/www.gaveanews.com\/index.php\/2025\/02\/09\/ele-deixou-o-flamengo-pela-porta-dos-fundos-mas-agora-marcou-gol-decisivo-em-seu-novo-clube\/#respond"]}],"copyrightYear":"2025","copyrightHolder":{"@id":"https:\/\/www.gaveanews.com\/#organization"}},{"@type":"WebPage","@id":"https:\/\/www.gaveanews.com\/index.php\/2025\/02\/09\/ele-deixou-o-flamengo-pela-porta-dos-fundos-mas-agora-marcou-gol-decisivo-em-seu-novo-clube\/","url":"https:\/\/www.gaveanews.com\/index.php\/2025\/02\/09\/ele-deixou-o-flamengo-pela-porta-dos-fundos-mas-agora-marcou-gol-decisivo-em-seu-novo-clube\/","name":"Ele deixou o Flamengo pela porta dos fundos, mas agora marcou gol decisivo em seu novo clube","isPartOf":{"@id":"https:\/\/www.gaveanews.com\/#website"},"primaryImageOfPage":{"@id":"https:\/\/www.gaveanews.com\/index.php\/2025\/02\/09\/ele-deixou-o-flamengo-pela-porta-dos-fundos-mas-agora-marcou-gol-decisivo-em-seu-novo-clube\/#primaryimage"},"image":{"@id":"https:\/\/www.gaveanews.com\/index.php\/2025\/02\/09\/ele-deixou-o-flamengo-pela-porta-dos-fundos-mas-agora-marcou-gol-decisivo-em-seu-novo-clube\/#primaryimage"},"thumbnailUrl":"https:\/\/www.gaveanews.com\/wp-content\/uploads\/escudoDoFlamengo.webp","datePublished":"2025-02-09T18:00:50+00:00","author":{"@id":"https:\/\/www.gaveanews.com\/#\/schema\/person\/f42654babcd2b2014a1a65af82b081f1"},"breadcrumb":{"@id":"https:\/\/www.gaveanews.com\/index.php\/2025\/02\/09\/ele-deixou-o-flamengo-pela-porta-dos-fundos-mas-agora-marcou-gol-decisivo-em-seu-novo-clube\/#breadcrumb"},"inLanguage":"pt-BR","potentialAction":[{"@type":"ReadAction","target":["https:\/\/www.gaveanews.com\/index.php\/2025\/02\/09\/ele-deixou-o-flamengo-pela-porta-dos-fundos-mas-agora-marcou-gol-decisivo-em-seu-novo-clube\/"]}]},{"@type":"ImageObject","inLanguage":"pt-BR","@id":"https:\/\/www.gaveanews.com\/index.php\/2025\/02\/09\/ele-deixou-o-flamengo-pela-porta-dos-fundos-mas-agora-marcou-gol-decisivo-em-seu-novo-clube\/#primaryimage","url":"https:\/\/www.gaveanews.com\/wp-content\/uploads\/escudoDoFlamengo.webp","contentUrl":"https:\/\/www.gaveanews.com\/wp-content\/uploads\/escudoDoFlamengo.webp","width":1095,"height":730,"caption":"Centro de treinamento do Flamengo (Foto: Reprodu\u00e7\u00e3o)"},{"@type":"BreadcrumbList","@id":"https:\/\/www.gaveanews.com\/index.php\/2025\/02\/09\/ele-deixou-o-flamengo-pela-porta-dos-fundos-mas-agora-marcou-gol-decisivo-em-seu-novo-clube\/#breadcrumb","itemListElement":[{"@type":"ListItem","position":1,"name":"Home","item":"https:\/\/www.gaveanews.com\/"},{"@type":"ListItem","position":2,"name":"Ele deixou o Flamengo pela porta dos fundos, mas agora marcou gol decisivo em seu novo clube"}]},{"@type":"WebSite","@id":"https:\/\/www.gaveanews.com\/#website","url":"https:\/\/www.gaveanews.com\/","name":"G\u00e1vea News","description":"Veja todas as not\u00edcias sobre o Flamengo: Contrata\u00e7\u00f5es, categorias de base, resultados das partidas, tabela de classifica\u00e7\u00e3o, pr\u00f3ximos jogos!","potentialAction":[{"@type":"SearchAction","target":{"@type":"EntryPoint","urlTemplate":"https:\/\/www.gaveanews.com\/?s={search_term_string}"},"query-input":{"@type":"PropertyValueSpecification","valueRequired":true,"valueName":"search_term_string"}}],"inLanguage":"pt-BR"},{"@type":"Person","@id":"https:\/\/www.gaveanews.com\/#\/schema\/person\/f42654babcd2b2014a1a65af82b081f1","name":"Geovanna Thomaz","image":{"@type":"ImageObject","inLanguage":"pt-BR","@id":"https:\/\/www.gaveanews.com\/#\/schema\/person\/image\/","url":"https:\/\/secure.gravatar.com\/avatar\/4092073255489533afb558984b49b64268c47198af8623cc82a925ae9fb7118a?s=96&d=mm&r=g","contentUrl":"https:\/\/secure.gravatar.com\/avatar\/4092073255489533afb558984b49b64268c47198af8623cc82a925ae9fb7118a?s=96&d=mm&r=g","caption":"Geovanna Thomaz"}}]}},"_links":{"self":[{"href":"https:\/\/www.gaveanews.com\/index.php\/wp-json\/wp\/v2\/posts\/225438","targetHints":{"allow":["GET"]}}],"collection":[{"href":"https:\/\/www.gaveanews.com\/index.php\/wp-json\/wp\/v2\/posts"}],"about":[{"href":"https:\/\/www.gaveanews.com\/index.php\/wp-json\/wp\/v2\/types\/post"}],"author":[{"embeddable":true,"href":"https:\/\/www.gaveanews.com\/index.php\/wp-json\/wp\/v2\/users\/17"}],"replies":[{"embeddable":true,"href":"https:\/\/www.gaveanews.com\/index.php\/wp-json\/wp\/v2\/comments?post=225438"}],"version-history":[{"count":2,"href":"https:\/\/www.gaveanews.com\/index.php\/wp-json\/wp\/v2\/posts\/225438\/revisions"}],"predecessor-version":[{"id":225441,"href":"https:\/\/www.gaveanews.com\/index.php\/wp-json\/wp\/v2\/posts\/225438\/revisions\/225441"}],"wp:featuredmedia":[{"embeddable":true,"href":"https:\/\/www.gaveanews.com\/index.php\/wp-json\/wp\/v2\/media\/124684"}],"wp:attachment":[{"href":"https:\/\/www.gaveanews.com\/index.php\/wp-json\/wp\/v2\/media?parent=225438"}],"wp:term":[{"taxonomy":"category","embeddable":true,"href":"https:\/\/www.gaveanews.com\/index.php\/wp-json\/wp\/v2\/categories?post=225438"},{"taxonomy":"post_tag","embeddable":true,"href":"https:\/\/www.gaveanews.com\/index.php\/wp-json\/wp\/v2\/tags?post=225438"}],"curies":[{"name":"wp","href":"https:\/\/api.w.org\/{rel}","templated":true}]}}