{"id":225485,"date":"2025-02-09T19:45:44","date_gmt":"2025-02-09T22:45:44","guid":{"rendered":"https:\/\/www.gaveanews.com\/?p=225485"},"modified":"2025-02-09T18:45:22","modified_gmt":"2025-02-09T21:45:22","slug":"cruzeiro-leonardo-jardim-definira-chegada-de-dois-reforcos","status":"publish","type":"post","link":"https:\/\/www.gaveanews.com\/index.php\/2025\/02\/09\/cruzeiro-leonardo-jardim-definira-chegada-de-dois-reforcos\/","title":{"rendered":"Cruzeiro: Leonardo Jardim definir\u00e1 chegada de dois refor\u00e7os"},"content":{"rendered":"\n<h2 class=\"wp-block-heading\" id=\"h-cruzeiro-busca-reforcos-para-a-defesa-e-aguarda-decisao-de-leonardo-jardim-sobre-novos-nomes\">Cruzeiro busca refor\u00e7os para a defesa e aguarda decis\u00e3o de Leonardo Jardim sobre novos nomes<\/h2>\n\n\n\n<p>Nos \u00faltimos dias, o Cruzeiro recebeu duas propostas de nomes para refor\u00e7ar sua defesa. O zagueiro paraguaio Fabi\u00e1n Balbuena, do D\u00ednamo Moscou, e o zagueiro brasileiro naturalizado italiano Rafael Tol\u00f3i, da Atalanta, foram oferecidos ao clube celeste. Ambos os jogadores teriam agradado a diretoria, mas a decis\u00e3o final sobre as contrata\u00e7\u00f5es ficar\u00e1 a cargo do novo t\u00e9cnico Leonardo Jardim, que dever\u00e1 analisar o perfil e a necessidade do time para refor\u00e7ar a defesa.<\/p>\n\n\n\n<p>Com o foco em buscar um zagueiro para brigar pela titularidade, a gest\u00e3o celeste est\u00e1 avaliando outras op\u00e7\u00f5es, uma vez que Balbuena e Tol\u00f3i n\u00e3o s\u00e3o os \u00fanicos nomes oferecidos ao clube. A diretoria, que conta com os diretores Mattos e Pedrinho para essa tarefa, espera uma defini\u00e7\u00e3o do t\u00e9cnico portugu\u00eas nos pr\u00f3ximos dias, quando novos nomes devem ser apresentados para avalia\u00e7\u00e3o.<\/p>\n\n\n\n<p>O Cruzeiro vive uma temporada de altos e baixos, alternando entre boas e m\u00e1s atua\u00e7\u00f5es. Ap\u00f3s um in\u00edcio abaixo das expectativas, a diretoria optou por demitir o t\u00e9cnico Fernando Diniz, o que culminou na chegada de Leonardo Jardim, ex-treinador do Al-Hilal, da Ar\u00e1bia Saudita. A aposta da diretoria foi em um nome experiente para comandar a equipe em um momento decisivo da temporada.<\/p>\n\n\n\n<p>Jardim chegou ao Brasil no \u00faltimo s\u00e1bado (8), desembarcando em Belo Horizonte e sendo oficialmente apresentado como o novo comandante do Cruzeiro. Em sua primeira declara\u00e7\u00e3o como t\u00e9cnico da Raposa, o portugu\u00eas demonstrou entusiasmo com o desafio de treinar um clube de grande tradi\u00e7\u00e3o no futebol brasileiro.<\/p>\n\n\n\n<p>\u201cBoa tarde a todos. Obrigado por terem vindo. Estou muito feliz de chegar ao Brasil, de chegar ao Cruzeiro, que \u00e9 um clube grande, com grande tradi\u00e7\u00e3o. Era um dos meus objetivos da minha carreira treinar no Brasil. Por isso, estou muito satisfeito. E depois, segunda-feira, estamos todos. Obrigado\u201d, disse Jardim, j\u00e1 focado no trabalho que tem pela frente.<\/p>\n\n\n\n<p>Agora, com a dire\u00e7\u00e3o do clube assumida por Leonardo Jardim, o Cruzeiro espera dar uma virada em sua temporada e conquistar um bom desempenho, com a ajuda de refor\u00e7os que chegam para brigar pela titularidade e contribuir com a recupera\u00e7\u00e3o da equipe.<\/p>\n","protected":false},"excerpt":{"rendered":"<p>Cruzeiro busca refor\u00e7os para a defesa e aguarda decis\u00e3o de Leonardo Jardim sobre novos nomes Nos \u00faltimos dias, o Cruzeiro recebeu duas propostas de nomes para refor\u00e7ar sua defesa. O zagueiro paraguaio Fabi\u00e1n Balbuena, do D\u00ednamo Moscou, e o zagueiro brasileiro naturalizado italiano Rafael Tol\u00f3i, da Atalanta, foram oferecidos ao clube celeste. Ambos os jogadores [&hellip;]<\/p>\n","protected":false},"author":17,"featured_media":225548,"comment_status":"open","ping_status":"closed","sticky":false,"template":"","format":"standard","meta":{"footnotes":""},"categories":[143],"tags":[],"class_list":["post-225485","post","type-post","status-publish","format-standard","has-post-thumbnail","hentry","category-cruzeiro"],"yoast_head":"<!-- This site is optimized with the Yoast SEO Premium plugin v24.2 (Yoast SEO v26.9) - https:\/\/yoast.com\/product\/yoast-seo-premium-wordpress\/ -->\n<title>Cruzeiro: Leonardo Jardim definir\u00e1 chegada de dois refor\u00e7os<\/title>\n<meta name=\"robots\" content=\"index, follow, max-snippet:-1, max-image-preview:large, max-video-preview:-1\" \/>\n<link rel=\"canonical\" href=\"https:\/\/www.gaveanews.com\/index.php\/2025\/02\/09\/cruzeiro-leonardo-jardim-definira-chegada-de-dois-reforcos\/\" \/>\n<meta property=\"og:locale\" content=\"pt_BR\" \/>\n<meta property=\"og:type\" content=\"article\" \/>\n<meta property=\"og:title\" content=\"Cruzeiro: Leonardo Jardim definir\u00e1 chegada de dois refor\u00e7os\" \/>\n<meta property=\"og:description\" content=\"Cruzeiro busca refor\u00e7os para a defesa e aguarda decis\u00e3o de Leonardo Jardim sobre novos nomes Nos \u00faltimos dias, o Cruzeiro recebeu duas propostas de nomes para refor\u00e7ar sua defesa. O zagueiro paraguaio Fabi\u00e1n Balbuena, do D\u00ednamo Moscou, e o zagueiro brasileiro naturalizado italiano Rafael Tol\u00f3i, da Atalanta, foram oferecidos ao clube celeste. Ambos os jogadores [&hellip;]\" \/>\n<meta property=\"og:url\" content=\"https:\/\/www.gaveanews.com\/index.php\/2025\/02\/09\/cruzeiro-leonardo-jardim-definira-chegada-de-dois-reforcos\/\" \/>\n<meta property=\"og:site_name\" content=\"G\u00e1vea News\" \/>\n<meta property=\"article:publisher\" content=\"https:\/\/facebook.com\/gaveaNews\/\" \/>\n<meta property=\"article:published_time\" content=\"2025-02-09T22:45:44+00:00\" \/>\n<meta property=\"og:image\" content=\"https:\/\/www.gaveanews.com\/wp-content\/uploads\/Leonardo-Jardim-durante-partida-do-Cruzeiro-em-2025.webp\" \/>\n\t<meta property=\"og:image:width\" content=\"799\" \/>\n\t<meta property=\"og:image:height\" content=\"533\" \/>\n\t<meta property=\"og:image:type\" content=\"image\/jpeg\" \/>\n<meta name=\"author\" content=\"Geovanna Thomaz\" \/>\n<meta name=\"twitter:card\" content=\"summary_large_image\" \/>\n<meta name=\"twitter:label1\" content=\"Escrito por\" \/>\n\t<meta name=\"twitter:data1\" content=\"Geovanna Thomaz\" \/>\n\t<meta name=\"twitter:label2\" content=\"Est. tempo de leitura\" \/>\n\t<meta name=\"twitter:data2\" content=\"3 minutos\" \/>\n<script type=\"application\/ld+json\" class=\"yoast-schema-graph\">{\"@context\":\"https:\/\/schema.org\",\"@graph\":[{\"@type\":\"NewsArticle\",\"@id\":\"https:\/\/www.gaveanews.com\/index.php\/2025\/02\/09\/cruzeiro-leonardo-jardim-definira-chegada-de-dois-reforcos\/#article\",\"isPartOf\":{\"@id\":\"https:\/\/www.gaveanews.com\/index.php\/2025\/02\/09\/cruzeiro-leonardo-jardim-definira-chegada-de-dois-reforcos\/\"},\"author\":{\"name\":\"Geovanna Thomaz\",\"@id\":\"https:\/\/www.gaveanews.com\/#\/schema\/person\/f42654babcd2b2014a1a65af82b081f1\"},\"headline\":\"Cruzeiro: Leonardo Jardim definir\u00e1 chegada de dois refor\u00e7os\",\"datePublished\":\"2025-02-09T22:45:44+00:00\",\"mainEntityOfPage\":{\"@id\":\"https:\/\/www.gaveanews.com\/index.php\/2025\/02\/09\/cruzeiro-leonardo-jardim-definira-chegada-de-dois-reforcos\/\"},\"wordCount\":403,\"commentCount\":0,\"image\":{\"@id\":\"https:\/\/www.gaveanews.com\/index.php\/2025\/02\/09\/cruzeiro-leonardo-jardim-definira-chegada-de-dois-reforcos\/#primaryimage\"},\"thumbnailUrl\":\"https:\/\/www.gaveanews.com\/wp-content\/uploads\/Leonardo-Jardim-durante-partida-do-Cruzeiro-em-2025.webp\",\"articleSection\":[\"Cruzeiro\"],\"inLanguage\":\"pt-BR\",\"potentialAction\":[{\"@type\":\"CommentAction\",\"name\":\"Comment\",\"target\":[\"https:\/\/www.gaveanews.com\/index.php\/2025\/02\/09\/cruzeiro-leonardo-jardim-definira-chegada-de-dois-reforcos\/#respond\"]}],\"copyrightYear\":\"2025\",\"copyrightHolder\":{\"@id\":\"https:\/\/www.gaveanews.com\/#organization\"}},{\"@type\":\"WebPage\",\"@id\":\"https:\/\/www.gaveanews.com\/index.php\/2025\/02\/09\/cruzeiro-leonardo-jardim-definira-chegada-de-dois-reforcos\/\",\"url\":\"https:\/\/www.gaveanews.com\/index.php\/2025\/02\/09\/cruzeiro-leonardo-jardim-definira-chegada-de-dois-reforcos\/\",\"name\":\"Cruzeiro: Leonardo Jardim definir\u00e1 chegada de dois refor\u00e7os\",\"isPartOf\":{\"@id\":\"https:\/\/www.gaveanews.com\/#website\"},\"primaryImageOfPage\":{\"@id\":\"https:\/\/www.gaveanews.com\/index.php\/2025\/02\/09\/cruzeiro-leonardo-jardim-definira-chegada-de-dois-reforcos\/#primaryimage\"},\"image\":{\"@id\":\"https:\/\/www.gaveanews.com\/index.php\/2025\/02\/09\/cruzeiro-leonardo-jardim-definira-chegada-de-dois-reforcos\/#primaryimage\"},\"thumbnailUrl\":\"https:\/\/www.gaveanews.com\/wp-content\/uploads\/Leonardo-Jardim-durante-partida-do-Cruzeiro-em-2025.webp\",\"datePublished\":\"2025-02-09T22:45:44+00:00\",\"author\":{\"@id\":\"https:\/\/www.gaveanews.com\/#\/schema\/person\/f42654babcd2b2014a1a65af82b081f1\"},\"breadcrumb\":{\"@id\":\"https:\/\/www.gaveanews.com\/index.php\/2025\/02\/09\/cruzeiro-leonardo-jardim-definira-chegada-de-dois-reforcos\/#breadcrumb\"},\"inLanguage\":\"pt-BR\",\"potentialAction\":[{\"@type\":\"ReadAction\",\"target\":[\"https:\/\/www.gaveanews.com\/index.php\/2025\/02\/09\/cruzeiro-leonardo-jardim-definira-chegada-de-dois-reforcos\/\"]}]},{\"@type\":\"ImageObject\",\"inLanguage\":\"pt-BR\",\"@id\":\"https:\/\/www.gaveanews.com\/index.php\/2025\/02\/09\/cruzeiro-leonardo-jardim-definira-chegada-de-dois-reforcos\/#primaryimage\",\"url\":\"https:\/\/www.gaveanews.com\/wp-content\/uploads\/Leonardo-Jardim-durante-partida-do-Cruzeiro-em-2025.webp\",\"contentUrl\":\"https:\/\/www.gaveanews.com\/wp-content\/uploads\/Leonardo-Jardim-durante-partida-do-Cruzeiro-em-2025.webp\",\"width\":799,\"height\":533,\"caption\":\"Leonardo Jardim durante partida do Cruzeiro em 2025 (Foto: Gustavo Aleixo\/Cruzeiro)\"},{\"@type\":\"BreadcrumbList\",\"@id\":\"https:\/\/www.gaveanews.com\/index.php\/2025\/02\/09\/cruzeiro-leonardo-jardim-definira-chegada-de-dois-reforcos\/#breadcrumb\",\"itemListElement\":[{\"@type\":\"ListItem\",\"position\":1,\"name\":\"Home\",\"item\":\"https:\/\/www.gaveanews.com\/\"},{\"@type\":\"ListItem\",\"position\":2,\"name\":\"Cruzeiro: Leonardo Jardim definir\u00e1 chegada de dois refor\u00e7os\"}]},{\"@type\":\"WebSite\",\"@id\":\"https:\/\/www.gaveanews.com\/#website\",\"url\":\"https:\/\/www.gaveanews.com\/\",\"name\":\"G\u00e1vea News\",\"description\":\"Veja todas as not\u00edcias sobre o Flamengo: Contrata\u00e7\u00f5es, categorias de base, resultados das partidas, tabela de classifica\u00e7\u00e3o, pr\u00f3ximos jogos!\",\"potentialAction\":[{\"@type\":\"SearchAction\",\"target\":{\"@type\":\"EntryPoint\",\"urlTemplate\":\"https:\/\/www.gaveanews.com\/?s={search_term_string}\"},\"query-input\":{\"@type\":\"PropertyValueSpecification\",\"valueRequired\":true,\"valueName\":\"search_term_string\"}}],\"inLanguage\":\"pt-BR\"},{\"@type\":\"Person\",\"@id\":\"https:\/\/www.gaveanews.com\/#\/schema\/person\/f42654babcd2b2014a1a65af82b081f1\",\"name\":\"Geovanna Thomaz\",\"image\":{\"@type\":\"ImageObject\",\"inLanguage\":\"pt-BR\",\"@id\":\"https:\/\/www.gaveanews.com\/#\/schema\/person\/image\/\",\"url\":\"https:\/\/secure.gravatar.com\/avatar\/4092073255489533afb558984b49b64268c47198af8623cc82a925ae9fb7118a?s=96&d=mm&r=g\",\"contentUrl\":\"https:\/\/secure.gravatar.com\/avatar\/4092073255489533afb558984b49b64268c47198af8623cc82a925ae9fb7118a?s=96&d=mm&r=g\",\"caption\":\"Geovanna Thomaz\"}}]}<\/script>\n<!-- \/ Yoast SEO Premium plugin. -->","yoast_head_json":{"title":"Cruzeiro: Leonardo Jardim definir\u00e1 chegada de dois refor\u00e7os","robots":{"index":"index","follow":"follow","max-snippet":"max-snippet:-1","max-image-preview":"max-image-preview:large","max-video-preview":"max-video-preview:-1"},"canonical":"https:\/\/www.gaveanews.com\/index.php\/2025\/02\/09\/cruzeiro-leonardo-jardim-definira-chegada-de-dois-reforcos\/","og_locale":"pt_BR","og_type":"article","og_title":"Cruzeiro: Leonardo Jardim definir\u00e1 chegada de dois refor\u00e7os","og_description":"Cruzeiro busca refor\u00e7os para a defesa e aguarda decis\u00e3o de Leonardo Jardim sobre novos nomes Nos \u00faltimos dias, o Cruzeiro recebeu duas propostas de nomes para refor\u00e7ar sua defesa. O zagueiro paraguaio Fabi\u00e1n Balbuena, do D\u00ednamo Moscou, e o zagueiro brasileiro naturalizado italiano Rafael Tol\u00f3i, da Atalanta, foram oferecidos ao clube celeste. Ambos os jogadores [&hellip;]","og_url":"https:\/\/www.gaveanews.com\/index.php\/2025\/02\/09\/cruzeiro-leonardo-jardim-definira-chegada-de-dois-reforcos\/","og_site_name":"G\u00e1vea News","article_publisher":"https:\/\/facebook.com\/gaveaNews\/","article_published_time":"2025-02-09T22:45:44+00:00","og_image":[{"width":799,"height":533,"url":"https:\/\/www.gaveanews.com\/wp-content\/uploads\/Leonardo-Jardim-durante-partida-do-Cruzeiro-em-2025.webp","type":"image\/jpeg"}],"author":"Geovanna Thomaz","twitter_card":"summary_large_image","twitter_misc":{"Escrito por":"Geovanna Thomaz","Est. tempo de leitura":"3 minutos"},"schema":{"@context":"https:\/\/schema.org","@graph":[{"@type":"NewsArticle","@id":"https:\/\/www.gaveanews.com\/index.php\/2025\/02\/09\/cruzeiro-leonardo-jardim-definira-chegada-de-dois-reforcos\/#article","isPartOf":{"@id":"https:\/\/www.gaveanews.com\/index.php\/2025\/02\/09\/cruzeiro-leonardo-jardim-definira-chegada-de-dois-reforcos\/"},"author":{"name":"Geovanna Thomaz","@id":"https:\/\/www.gaveanews.com\/#\/schema\/person\/f42654babcd2b2014a1a65af82b081f1"},"headline":"Cruzeiro: Leonardo Jardim definir\u00e1 chegada de dois refor\u00e7os","datePublished":"2025-02-09T22:45:44+00:00","mainEntityOfPage":{"@id":"https:\/\/www.gaveanews.com\/index.php\/2025\/02\/09\/cruzeiro-leonardo-jardim-definira-chegada-de-dois-reforcos\/"},"wordCount":403,"commentCount":0,"image":{"@id":"https:\/\/www.gaveanews.com\/index.php\/2025\/02\/09\/cruzeiro-leonardo-jardim-definira-chegada-de-dois-reforcos\/#primaryimage"},"thumbnailUrl":"https:\/\/www.gaveanews.com\/wp-content\/uploads\/Leonardo-Jardim-durante-partida-do-Cruzeiro-em-2025.webp","articleSection":["Cruzeiro"],"inLanguage":"pt-BR","potentialAction":[{"@type":"CommentAction","name":"Comment","target":["https:\/\/www.gaveanews.com\/index.php\/2025\/02\/09\/cruzeiro-leonardo-jardim-definira-chegada-de-dois-reforcos\/#respond"]}],"copyrightYear":"2025","copyrightHolder":{"@id":"https:\/\/www.gaveanews.com\/#organization"}},{"@type":"WebPage","@id":"https:\/\/www.gaveanews.com\/index.php\/2025\/02\/09\/cruzeiro-leonardo-jardim-definira-chegada-de-dois-reforcos\/","url":"https:\/\/www.gaveanews.com\/index.php\/2025\/02\/09\/cruzeiro-leonardo-jardim-definira-chegada-de-dois-reforcos\/","name":"Cruzeiro: Leonardo Jardim definir\u00e1 chegada de dois refor\u00e7os","isPartOf":{"@id":"https:\/\/www.gaveanews.com\/#website"},"primaryImageOfPage":{"@id":"https:\/\/www.gaveanews.com\/index.php\/2025\/02\/09\/cruzeiro-leonardo-jardim-definira-chegada-de-dois-reforcos\/#primaryimage"},"image":{"@id":"https:\/\/www.gaveanews.com\/index.php\/2025\/02\/09\/cruzeiro-leonardo-jardim-definira-chegada-de-dois-reforcos\/#primaryimage"},"thumbnailUrl":"https:\/\/www.gaveanews.com\/wp-content\/uploads\/Leonardo-Jardim-durante-partida-do-Cruzeiro-em-2025.webp","datePublished":"2025-02-09T22:45:44+00:00","author":{"@id":"https:\/\/www.gaveanews.com\/#\/schema\/person\/f42654babcd2b2014a1a65af82b081f1"},"breadcrumb":{"@id":"https:\/\/www.gaveanews.com\/index.php\/2025\/02\/09\/cruzeiro-leonardo-jardim-definira-chegada-de-dois-reforcos\/#breadcrumb"},"inLanguage":"pt-BR","potentialAction":[{"@type":"ReadAction","target":["https:\/\/www.gaveanews.com\/index.php\/2025\/02\/09\/cruzeiro-leonardo-jardim-definira-chegada-de-dois-reforcos\/"]}]},{"@type":"ImageObject","inLanguage":"pt-BR","@id":"https:\/\/www.gaveanews.com\/index.php\/2025\/02\/09\/cruzeiro-leonardo-jardim-definira-chegada-de-dois-reforcos\/#primaryimage","url":"https:\/\/www.gaveanews.com\/wp-content\/uploads\/Leonardo-Jardim-durante-partida-do-Cruzeiro-em-2025.webp","contentUrl":"https:\/\/www.gaveanews.com\/wp-content\/uploads\/Leonardo-Jardim-durante-partida-do-Cruzeiro-em-2025.webp","width":799,"height":533,"caption":"Leonardo Jardim durante partida do Cruzeiro em 2025 (Foto: Gustavo Aleixo\/Cruzeiro)"},{"@type":"BreadcrumbList","@id":"https:\/\/www.gaveanews.com\/index.php\/2025\/02\/09\/cruzeiro-leonardo-jardim-definira-chegada-de-dois-reforcos\/#breadcrumb","itemListElement":[{"@type":"ListItem","position":1,"name":"Home","item":"https:\/\/www.gaveanews.com\/"},{"@type":"ListItem","position":2,"name":"Cruzeiro: Leonardo Jardim definir\u00e1 chegada de dois refor\u00e7os"}]},{"@type":"WebSite","@id":"https:\/\/www.gaveanews.com\/#website","url":"https:\/\/www.gaveanews.com\/","name":"G\u00e1vea News","description":"Veja todas as not\u00edcias sobre o Flamengo: Contrata\u00e7\u00f5es, categorias de base, resultados das partidas, tabela de classifica\u00e7\u00e3o, pr\u00f3ximos jogos!","potentialAction":[{"@type":"SearchAction","target":{"@type":"EntryPoint","urlTemplate":"https:\/\/www.gaveanews.com\/?s={search_term_string}"},"query-input":{"@type":"PropertyValueSpecification","valueRequired":true,"valueName":"search_term_string"}}],"inLanguage":"pt-BR"},{"@type":"Person","@id":"https:\/\/www.gaveanews.com\/#\/schema\/person\/f42654babcd2b2014a1a65af82b081f1","name":"Geovanna Thomaz","image":{"@type":"ImageObject","inLanguage":"pt-BR","@id":"https:\/\/www.gaveanews.com\/#\/schema\/person\/image\/","url":"https:\/\/secure.gravatar.com\/avatar\/4092073255489533afb558984b49b64268c47198af8623cc82a925ae9fb7118a?s=96&d=mm&r=g","contentUrl":"https:\/\/secure.gravatar.com\/avatar\/4092073255489533afb558984b49b64268c47198af8623cc82a925ae9fb7118a?s=96&d=mm&r=g","caption":"Geovanna Thomaz"}}]}},"_links":{"self":[{"href":"https:\/\/www.gaveanews.com\/index.php\/wp-json\/wp\/v2\/posts\/225485","targetHints":{"allow":["GET"]}}],"collection":[{"href":"https:\/\/www.gaveanews.com\/index.php\/wp-json\/wp\/v2\/posts"}],"about":[{"href":"https:\/\/www.gaveanews.com\/index.php\/wp-json\/wp\/v2\/types\/post"}],"author":[{"embeddable":true,"href":"https:\/\/www.gaveanews.com\/index.php\/wp-json\/wp\/v2\/users\/17"}],"replies":[{"embeddable":true,"href":"https:\/\/www.gaveanews.com\/index.php\/wp-json\/wp\/v2\/comments?post=225485"}],"version-history":[{"count":1,"href":"https:\/\/www.gaveanews.com\/index.php\/wp-json\/wp\/v2\/posts\/225485\/revisions"}],"predecessor-version":[{"id":225486,"href":"https:\/\/www.gaveanews.com\/index.php\/wp-json\/wp\/v2\/posts\/225485\/revisions\/225486"}],"wp:featuredmedia":[{"embeddable":true,"href":"https:\/\/www.gaveanews.com\/index.php\/wp-json\/wp\/v2\/media\/225548"}],"wp:attachment":[{"href":"https:\/\/www.gaveanews.com\/index.php\/wp-json\/wp\/v2\/media?parent=225485"}],"wp:term":[{"taxonomy":"category","embeddable":true,"href":"https:\/\/www.gaveanews.com\/index.php\/wp-json\/wp\/v2\/categories?post=225485"},{"taxonomy":"post_tag","embeddable":true,"href":"https:\/\/www.gaveanews.com\/index.php\/wp-json\/wp\/v2\/tags?post=225485"}],"curies":[{"name":"wp","href":"https:\/\/api.w.org\/{rel}","templated":true}]}}