{"id":225497,"date":"2025-02-09T19:50:53","date_gmt":"2025-02-09T22:50:53","guid":{"rendered":"https:\/\/www.gaveanews.com\/?p=225497"},"modified":"2025-02-09T18:44:23","modified_gmt":"2025-02-09T21:44:23","slug":"manchester-city-vitor-reis-nao-vai-disputar-a-champions","status":"publish","type":"post","link":"https:\/\/www.gaveanews.com\/index.php\/2025\/02\/09\/manchester-city-vitor-reis-nao-vai-disputar-a-champions\/","title":{"rendered":"Manchester City: Vitor Reis n\u00e3o vai disputar a Champions"},"content":{"rendered":"\n<p>O Manchester City oficializou a inscri\u00e7\u00e3o de tr\u00eas dos quatro refor\u00e7os contratados no mercado de inverno para a fase de playoffs da UEFA Champions League. O zagueiro brasileiro Vitor Reis, de 19 anos, adquirido do Palmeiras por 37 milh\u00f5es de euros, ficou de fora da lista enviada \u00e0 entidade. A decis\u00e3o ocorreu ap\u00f3s o t\u00e9rmino da fase de grupos, quando os classificados puderam adicionar at\u00e9 tr\u00eas novos atletas, respeitando o limite de 25 inscritos.<\/p>\n\n\n\n<p>O t\u00e9cnico Pep Guardiola priorizou o atacante eg\u00edpcio Omar Marmoush, ex-Eintracht Frankfurt, o meia espanhol Nico Gonz\u00e1lez, anteriormente no Porto, e o zagueiro uzbeque Abdukodir Khusanov, que atuava no Lens. Enquanto isso, Vitor Reis, considerado o mais jovem entre os novos contratados, n\u00e3o foi inclu\u00eddo. Guardiola explicou, em coletiva na sexta-feira (07), que a escolha partiu da necessidade de equilibrar experi\u00eancia e proje\u00e7\u00e3o para a etapa decisiva.<\/p>\n\n\n\n<p>Classificado em 22\u00ba lugar, o Manchester City encara o Real Madrid, 11\u00ba colocado, em duelo marcado para as pr\u00f3ximas semanas. O primeiro jogo ocorrer\u00e1 em Manchester na ter\u00e7a-feira (11), com o confronto de volta programado para o dia 19, em Madri. A equipe busca vaga nas oitavas de final, repetindo a campanha s\u00f3lida de temporadas anteriores.<\/p>\n\n\n\n<figure class=\"wp-block-image size-large\"><img loading=\"lazy\" decoding=\"async\" width=\"851\" height=\"1024\" src=\"http:\/\/www.gaveanews.com\/wp-content\/uploads\/Vitor-Reis-em-acao-pelo-Palmeiras-851x1024.webp\" alt=\"\" class=\"wp-image-150227\" srcset=\"https:\/\/www.gaveanews.com\/wp-content\/uploads\/Vitor-Reis-em-acao-pelo-Palmeiras-851x1024.webp 851w, https:\/\/www.gaveanews.com\/wp-content\/uploads\/Vitor-Reis-em-acao-pelo-Palmeiras-249x300.webp 249w, https:\/\/www.gaveanews.com\/wp-content\/uploads\/Vitor-Reis-em-acao-pelo-Palmeiras-768x924.webp 768w, https:\/\/www.gaveanews.com\/wp-content\/uploads\/Vitor-Reis-em-acao-pelo-Palmeiras-349x420.webp 349w, https:\/\/www.gaveanews.com\/wp-content\/uploads\/Vitor-Reis-em-acao-pelo-Palmeiras-698x840.webp 698w, https:\/\/www.gaveanews.com\/wp-content\/uploads\/Vitor-Reis-em-acao-pelo-Palmeiras-640x770.webp 640w, https:\/\/www.gaveanews.com\/wp-content\/uploads\/Vitor-Reis-em-acao-pelo-Palmeiras-681x820.webp 681w, https:\/\/www.gaveanews.com\/wp-content\/uploads\/Vitor-Reis-em-acao-pelo-Palmeiras-100x120.webp 100w, https:\/\/www.gaveanews.com\/wp-content\/uploads\/Vitor-Reis-em-acao-pelo-Palmeiras.webp 1080w\" sizes=\"auto, (max-width: 851px) 100vw, 851px\" \/><figcaption class=\"wp-element-caption\">Vitor Reis em a\u00e7\u00e3o pelo Palmeiras (Foto: Reprodu\u00e7\u00e3o\/Instagram)<\/figcaption><\/figure>\n\n\n\n<h2 class=\"wp-block-heading\" id=\"h-expectativas-e-mudancas-no-elenco\">Expectativas e mudan\u00e7as no elenco<\/h2>\n\n\n\n<p>Apesar da exclus\u00e3o de Vitor Reis, o volante espanhol Rodri permanece na lista, mesmo em recupera\u00e7\u00e3o de uma ruptura de ligamento no joelho. Guardiola destacou que o jogador s\u00f3 deve retornar na pr\u00f3xima temporada, mas manteve a inscri\u00e7\u00e3o como precau\u00e7\u00e3o para um poss\u00edvel avan\u00e7o nas fases finais. O treinador refor\u00e7ou, entretanto, que n\u00e3o h\u00e1 press\u00e3o sobre o atleta, priorizando sua recupera\u00e7\u00e3o integral.<\/p>\n\n\n\n<p>Al\u00e9m das adi\u00e7\u00f5es, o City promoveu ajustes no elenco com a sa\u00edda de dois jogadores. O Milan negociou o lateral-direito Kyle Walker, enquanto o Stoke City contratou por empr\u00e9stimo o lateral-esquerdo Josh Wilson-Esbrand.<\/p>\n\n\n\n<p>O t\u00e9cnico espanhol enfatizou, ainda, que a decis\u00e3o de excluir Reis n\u00e3o reflete dem\u00e9rito t\u00e9cnico, mas uma avalia\u00e7\u00e3o contextual. \u201cInfelizmente, ele n\u00e3o p\u00f4de ser inscrito por ser o mais novo. Eu adoraria poder adicionar todos os quatro (refor\u00e7os)\u201d, afirmou. A expectativa \u00e9 que o brasileiro ganhe espa\u00e7o gradualmente, com foco no desenvolvimento a longo prazo.<\/p>\n","protected":false},"excerpt":{"rendered":"<p>O Manchester City oficializou a inscri\u00e7\u00e3o de tr\u00eas dos quatro refor\u00e7os contratados no mercado de inverno para a fase de playoffs da UEFA Champions League. O zagueiro brasileiro Vitor Reis, de 19 anos, adquirido do Palmeiras por 37 milh\u00f5es de euros, ficou de fora da lista enviada \u00e0 entidade. A decis\u00e3o ocorreu ap\u00f3s o t\u00e9rmino [&hellip;]<\/p>\n","protected":false},"author":28,"featured_media":120833,"comment_status":"open","ping_status":"closed","sticky":false,"template":"","format":"standard","meta":{"footnotes":""},"categories":[84],"tags":[],"class_list":["post-225497","post","type-post","status-publish","format-standard","has-post-thumbnail","hentry","category-manchester-city"],"yoast_head":"<!-- This site is optimized with the Yoast SEO Premium plugin v24.2 (Yoast SEO v26.9) - https:\/\/yoast.com\/product\/yoast-seo-premium-wordpress\/ -->\n<title>Manchester City: Vitor Reis n\u00e3o vai disputar a Champions<\/title>\n<meta name=\"robots\" content=\"index, follow, max-snippet:-1, max-image-preview:large, max-video-preview:-1\" \/>\n<link rel=\"canonical\" href=\"https:\/\/www.gaveanews.com\/index.php\/2025\/02\/09\/manchester-city-vitor-reis-nao-vai-disputar-a-champions\/\" \/>\n<meta property=\"og:locale\" content=\"pt_BR\" \/>\n<meta property=\"og:type\" content=\"article\" \/>\n<meta property=\"og:title\" content=\"Manchester City: Vitor Reis n\u00e3o vai disputar a Champions\" \/>\n<meta property=\"og:description\" content=\"O Manchester City oficializou a inscri\u00e7\u00e3o de tr\u00eas dos quatro refor\u00e7os contratados no mercado de inverno para a fase de playoffs da UEFA Champions League. O zagueiro brasileiro Vitor Reis, de 19 anos, adquirido do Palmeiras por 37 milh\u00f5es de euros, ficou de fora da lista enviada \u00e0 entidade. A decis\u00e3o ocorreu ap\u00f3s o t\u00e9rmino [&hellip;]\" \/>\n<meta property=\"og:url\" content=\"https:\/\/www.gaveanews.com\/index.php\/2025\/02\/09\/manchester-city-vitor-reis-nao-vai-disputar-a-champions\/\" \/>\n<meta property=\"og:site_name\" content=\"G\u00e1vea News\" \/>\n<meta property=\"article:publisher\" content=\"https:\/\/facebook.com\/gaveaNews\/\" \/>\n<meta property=\"article:published_time\" content=\"2025-02-09T22:50:53+00:00\" \/>\n<meta property=\"og:image\" content=\"https:\/\/www.gaveanews.com\/wp-content\/uploads\/2023-02-06T135801Z_1_LYNXMPEJ150NH_RTROPTP_4_FUT-MANCITY-ACUSACAO-edited.webp\" \/>\n\t<meta property=\"og:image:width\" content=\"1200\" \/>\n\t<meta property=\"og:image:height\" content=\"900\" \/>\n\t<meta property=\"og:image:type\" content=\"image\/webp\" \/>\n<meta name=\"author\" content=\"Hudson Pereira\" \/>\n<meta name=\"twitter:card\" content=\"summary_large_image\" \/>\n<meta name=\"twitter:label1\" content=\"Escrito por\" \/>\n\t<meta name=\"twitter:data1\" content=\"Hudson Pereira\" \/>\n\t<meta name=\"twitter:label2\" content=\"Est. tempo de leitura\" \/>\n\t<meta name=\"twitter:data2\" content=\"3 minutos\" \/>\n<script type=\"application\/ld+json\" class=\"yoast-schema-graph\">{\"@context\":\"https:\/\/schema.org\",\"@graph\":[{\"@type\":\"NewsArticle\",\"@id\":\"https:\/\/www.gaveanews.com\/index.php\/2025\/02\/09\/manchester-city-vitor-reis-nao-vai-disputar-a-champions\/#article\",\"isPartOf\":{\"@id\":\"https:\/\/www.gaveanews.com\/index.php\/2025\/02\/09\/manchester-city-vitor-reis-nao-vai-disputar-a-champions\/\"},\"author\":{\"name\":\"Hudson Pereira\",\"@id\":\"https:\/\/www.gaveanews.com\/#\/schema\/person\/bd08f00534b403119b92741a6d469ef0\"},\"headline\":\"Manchester City: Vitor Reis n\u00e3o vai disputar a Champions\",\"datePublished\":\"2025-02-09T22:50:53+00:00\",\"mainEntityOfPage\":{\"@id\":\"https:\/\/www.gaveanews.com\/index.php\/2025\/02\/09\/manchester-city-vitor-reis-nao-vai-disputar-a-champions\/\"},\"wordCount\":407,\"commentCount\":0,\"image\":{\"@id\":\"https:\/\/www.gaveanews.com\/index.php\/2025\/02\/09\/manchester-city-vitor-reis-nao-vai-disputar-a-champions\/#primaryimage\"},\"thumbnailUrl\":\"https:\/\/www.gaveanews.com\/wp-content\/uploads\/2023-02-06T135801Z_1_LYNXMPEJ150NH_RTROPTP_4_FUT-MANCITY-ACUSACAO-edited.webp\",\"articleSection\":[\"Manchester City\"],\"inLanguage\":\"pt-BR\",\"potentialAction\":[{\"@type\":\"CommentAction\",\"name\":\"Comment\",\"target\":[\"https:\/\/www.gaveanews.com\/index.php\/2025\/02\/09\/manchester-city-vitor-reis-nao-vai-disputar-a-champions\/#respond\"]}],\"copyrightYear\":\"2025\",\"copyrightHolder\":{\"@id\":\"https:\/\/www.gaveanews.com\/#organization\"}},{\"@type\":\"WebPage\",\"@id\":\"https:\/\/www.gaveanews.com\/index.php\/2025\/02\/09\/manchester-city-vitor-reis-nao-vai-disputar-a-champions\/\",\"url\":\"https:\/\/www.gaveanews.com\/index.php\/2025\/02\/09\/manchester-city-vitor-reis-nao-vai-disputar-a-champions\/\",\"name\":\"Manchester City: Vitor Reis n\u00e3o vai disputar a Champions\",\"isPartOf\":{\"@id\":\"https:\/\/www.gaveanews.com\/#website\"},\"primaryImageOfPage\":{\"@id\":\"https:\/\/www.gaveanews.com\/index.php\/2025\/02\/09\/manchester-city-vitor-reis-nao-vai-disputar-a-champions\/#primaryimage\"},\"image\":{\"@id\":\"https:\/\/www.gaveanews.com\/index.php\/2025\/02\/09\/manchester-city-vitor-reis-nao-vai-disputar-a-champions\/#primaryimage\"},\"thumbnailUrl\":\"https:\/\/www.gaveanews.com\/wp-content\/uploads\/2023-02-06T135801Z_1_LYNXMPEJ150NH_RTROPTP_4_FUT-MANCITY-ACUSACAO-edited.webp\",\"datePublished\":\"2025-02-09T22:50:53+00:00\",\"author\":{\"@id\":\"https:\/\/www.gaveanews.com\/#\/schema\/person\/bd08f00534b403119b92741a6d469ef0\"},\"breadcrumb\":{\"@id\":\"https:\/\/www.gaveanews.com\/index.php\/2025\/02\/09\/manchester-city-vitor-reis-nao-vai-disputar-a-champions\/#breadcrumb\"},\"inLanguage\":\"pt-BR\",\"potentialAction\":[{\"@type\":\"ReadAction\",\"target\":[\"https:\/\/www.gaveanews.com\/index.php\/2025\/02\/09\/manchester-city-vitor-reis-nao-vai-disputar-a-champions\/\"]}]},{\"@type\":\"ImageObject\",\"inLanguage\":\"pt-BR\",\"@id\":\"https:\/\/www.gaveanews.com\/index.php\/2025\/02\/09\/manchester-city-vitor-reis-nao-vai-disputar-a-champions\/#primaryimage\",\"url\":\"https:\/\/www.gaveanews.com\/wp-content\/uploads\/2023-02-06T135801Z_1_LYNXMPEJ150NH_RTROPTP_4_FUT-MANCITY-ACUSACAO-edited.webp\",\"contentUrl\":\"https:\/\/www.gaveanews.com\/wp-content\/uploads\/2023-02-06T135801Z_1_LYNXMPEJ150NH_RTROPTP_4_FUT-MANCITY-ACUSACAO-edited.webp\",\"width\":1200,\"height\":900,\"caption\":\"Banderinha de escanteio do Manchester City - Foto: Divulga\u00e7\u00e3o\"},{\"@type\":\"BreadcrumbList\",\"@id\":\"https:\/\/www.gaveanews.com\/index.php\/2025\/02\/09\/manchester-city-vitor-reis-nao-vai-disputar-a-champions\/#breadcrumb\",\"itemListElement\":[{\"@type\":\"ListItem\",\"position\":1,\"name\":\"Home\",\"item\":\"https:\/\/www.gaveanews.com\/\"},{\"@type\":\"ListItem\",\"position\":2,\"name\":\"Manchester City: Vitor Reis n\u00e3o vai disputar a Champions\"}]},{\"@type\":\"WebSite\",\"@id\":\"https:\/\/www.gaveanews.com\/#website\",\"url\":\"https:\/\/www.gaveanews.com\/\",\"name\":\"G\u00e1vea News\",\"description\":\"Veja todas as not\u00edcias sobre o Flamengo: Contrata\u00e7\u00f5es, categorias de base, resultados das partidas, tabela de classifica\u00e7\u00e3o, pr\u00f3ximos jogos!\",\"potentialAction\":[{\"@type\":\"SearchAction\",\"target\":{\"@type\":\"EntryPoint\",\"urlTemplate\":\"https:\/\/www.gaveanews.com\/?s={search_term_string}\"},\"query-input\":{\"@type\":\"PropertyValueSpecification\",\"valueRequired\":true,\"valueName\":\"search_term_string\"}}],\"inLanguage\":\"pt-BR\"},{\"@type\":\"Person\",\"@id\":\"https:\/\/www.gaveanews.com\/#\/schema\/person\/bd08f00534b403119b92741a6d469ef0\",\"name\":\"Hudson Pereira\",\"image\":{\"@type\":\"ImageObject\",\"inLanguage\":\"pt-BR\",\"@id\":\"https:\/\/www.gaveanews.com\/#\/schema\/person\/image\/\",\"url\":\"https:\/\/secure.gravatar.com\/avatar\/ecc491b489e454e510efffc9b23c1052ce5fb4f2e05555768ba65819cd55f03e?s=96&d=mm&r=g\",\"contentUrl\":\"https:\/\/secure.gravatar.com\/avatar\/ecc491b489e454e510efffc9b23c1052ce5fb4f2e05555768ba65819cd55f03e?s=96&d=mm&r=g\",\"caption\":\"Hudson Pereira\"}}]}<\/script>\n<!-- \/ Yoast SEO Premium plugin. -->","yoast_head_json":{"title":"Manchester City: Vitor Reis n\u00e3o vai disputar a Champions","robots":{"index":"index","follow":"follow","max-snippet":"max-snippet:-1","max-image-preview":"max-image-preview:large","max-video-preview":"max-video-preview:-1"},"canonical":"https:\/\/www.gaveanews.com\/index.php\/2025\/02\/09\/manchester-city-vitor-reis-nao-vai-disputar-a-champions\/","og_locale":"pt_BR","og_type":"article","og_title":"Manchester City: Vitor Reis n\u00e3o vai disputar a Champions","og_description":"O Manchester City oficializou a inscri\u00e7\u00e3o de tr\u00eas dos quatro refor\u00e7os contratados no mercado de inverno para a fase de playoffs da UEFA Champions League. O zagueiro brasileiro Vitor Reis, de 19 anos, adquirido do Palmeiras por 37 milh\u00f5es de euros, ficou de fora da lista enviada \u00e0 entidade. A decis\u00e3o ocorreu ap\u00f3s o t\u00e9rmino [&hellip;]","og_url":"https:\/\/www.gaveanews.com\/index.php\/2025\/02\/09\/manchester-city-vitor-reis-nao-vai-disputar-a-champions\/","og_site_name":"G\u00e1vea News","article_publisher":"https:\/\/facebook.com\/gaveaNews\/","article_published_time":"2025-02-09T22:50:53+00:00","og_image":[{"width":1200,"height":900,"url":"https:\/\/www.gaveanews.com\/wp-content\/uploads\/2023-02-06T135801Z_1_LYNXMPEJ150NH_RTROPTP_4_FUT-MANCITY-ACUSACAO-edited.webp","type":"image\/webp"}],"author":"Hudson Pereira","twitter_card":"summary_large_image","twitter_misc":{"Escrito por":"Hudson Pereira","Est. tempo de leitura":"3 minutos"},"schema":{"@context":"https:\/\/schema.org","@graph":[{"@type":"NewsArticle","@id":"https:\/\/www.gaveanews.com\/index.php\/2025\/02\/09\/manchester-city-vitor-reis-nao-vai-disputar-a-champions\/#article","isPartOf":{"@id":"https:\/\/www.gaveanews.com\/index.php\/2025\/02\/09\/manchester-city-vitor-reis-nao-vai-disputar-a-champions\/"},"author":{"name":"Hudson Pereira","@id":"https:\/\/www.gaveanews.com\/#\/schema\/person\/bd08f00534b403119b92741a6d469ef0"},"headline":"Manchester City: Vitor Reis n\u00e3o vai disputar a Champions","datePublished":"2025-02-09T22:50:53+00:00","mainEntityOfPage":{"@id":"https:\/\/www.gaveanews.com\/index.php\/2025\/02\/09\/manchester-city-vitor-reis-nao-vai-disputar-a-champions\/"},"wordCount":407,"commentCount":0,"image":{"@id":"https:\/\/www.gaveanews.com\/index.php\/2025\/02\/09\/manchester-city-vitor-reis-nao-vai-disputar-a-champions\/#primaryimage"},"thumbnailUrl":"https:\/\/www.gaveanews.com\/wp-content\/uploads\/2023-02-06T135801Z_1_LYNXMPEJ150NH_RTROPTP_4_FUT-MANCITY-ACUSACAO-edited.webp","articleSection":["Manchester City"],"inLanguage":"pt-BR","potentialAction":[{"@type":"CommentAction","name":"Comment","target":["https:\/\/www.gaveanews.com\/index.php\/2025\/02\/09\/manchester-city-vitor-reis-nao-vai-disputar-a-champions\/#respond"]}],"copyrightYear":"2025","copyrightHolder":{"@id":"https:\/\/www.gaveanews.com\/#organization"}},{"@type":"WebPage","@id":"https:\/\/www.gaveanews.com\/index.php\/2025\/02\/09\/manchester-city-vitor-reis-nao-vai-disputar-a-champions\/","url":"https:\/\/www.gaveanews.com\/index.php\/2025\/02\/09\/manchester-city-vitor-reis-nao-vai-disputar-a-champions\/","name":"Manchester City: Vitor Reis n\u00e3o vai disputar a Champions","isPartOf":{"@id":"https:\/\/www.gaveanews.com\/#website"},"primaryImageOfPage":{"@id":"https:\/\/www.gaveanews.com\/index.php\/2025\/02\/09\/manchester-city-vitor-reis-nao-vai-disputar-a-champions\/#primaryimage"},"image":{"@id":"https:\/\/www.gaveanews.com\/index.php\/2025\/02\/09\/manchester-city-vitor-reis-nao-vai-disputar-a-champions\/#primaryimage"},"thumbnailUrl":"https:\/\/www.gaveanews.com\/wp-content\/uploads\/2023-02-06T135801Z_1_LYNXMPEJ150NH_RTROPTP_4_FUT-MANCITY-ACUSACAO-edited.webp","datePublished":"2025-02-09T22:50:53+00:00","author":{"@id":"https:\/\/www.gaveanews.com\/#\/schema\/person\/bd08f00534b403119b92741a6d469ef0"},"breadcrumb":{"@id":"https:\/\/www.gaveanews.com\/index.php\/2025\/02\/09\/manchester-city-vitor-reis-nao-vai-disputar-a-champions\/#breadcrumb"},"inLanguage":"pt-BR","potentialAction":[{"@type":"ReadAction","target":["https:\/\/www.gaveanews.com\/index.php\/2025\/02\/09\/manchester-city-vitor-reis-nao-vai-disputar-a-champions\/"]}]},{"@type":"ImageObject","inLanguage":"pt-BR","@id":"https:\/\/www.gaveanews.com\/index.php\/2025\/02\/09\/manchester-city-vitor-reis-nao-vai-disputar-a-champions\/#primaryimage","url":"https:\/\/www.gaveanews.com\/wp-content\/uploads\/2023-02-06T135801Z_1_LYNXMPEJ150NH_RTROPTP_4_FUT-MANCITY-ACUSACAO-edited.webp","contentUrl":"https:\/\/www.gaveanews.com\/wp-content\/uploads\/2023-02-06T135801Z_1_LYNXMPEJ150NH_RTROPTP_4_FUT-MANCITY-ACUSACAO-edited.webp","width":1200,"height":900,"caption":"Banderinha de escanteio do Manchester City - Foto: Divulga\u00e7\u00e3o"},{"@type":"BreadcrumbList","@id":"https:\/\/www.gaveanews.com\/index.php\/2025\/02\/09\/manchester-city-vitor-reis-nao-vai-disputar-a-champions\/#breadcrumb","itemListElement":[{"@type":"ListItem","position":1,"name":"Home","item":"https:\/\/www.gaveanews.com\/"},{"@type":"ListItem","position":2,"name":"Manchester City: Vitor Reis n\u00e3o vai disputar a Champions"}]},{"@type":"WebSite","@id":"https:\/\/www.gaveanews.com\/#website","url":"https:\/\/www.gaveanews.com\/","name":"G\u00e1vea News","description":"Veja todas as not\u00edcias sobre o Flamengo: Contrata\u00e7\u00f5es, categorias de base, resultados das partidas, tabela de classifica\u00e7\u00e3o, pr\u00f3ximos jogos!","potentialAction":[{"@type":"SearchAction","target":{"@type":"EntryPoint","urlTemplate":"https:\/\/www.gaveanews.com\/?s={search_term_string}"},"query-input":{"@type":"PropertyValueSpecification","valueRequired":true,"valueName":"search_term_string"}}],"inLanguage":"pt-BR"},{"@type":"Person","@id":"https:\/\/www.gaveanews.com\/#\/schema\/person\/bd08f00534b403119b92741a6d469ef0","name":"Hudson Pereira","image":{"@type":"ImageObject","inLanguage":"pt-BR","@id":"https:\/\/www.gaveanews.com\/#\/schema\/person\/image\/","url":"https:\/\/secure.gravatar.com\/avatar\/ecc491b489e454e510efffc9b23c1052ce5fb4f2e05555768ba65819cd55f03e?s=96&d=mm&r=g","contentUrl":"https:\/\/secure.gravatar.com\/avatar\/ecc491b489e454e510efffc9b23c1052ce5fb4f2e05555768ba65819cd55f03e?s=96&d=mm&r=g","caption":"Hudson Pereira"}}]}},"_links":{"self":[{"href":"https:\/\/www.gaveanews.com\/index.php\/wp-json\/wp\/v2\/posts\/225497","targetHints":{"allow":["GET"]}}],"collection":[{"href":"https:\/\/www.gaveanews.com\/index.php\/wp-json\/wp\/v2\/posts"}],"about":[{"href":"https:\/\/www.gaveanews.com\/index.php\/wp-json\/wp\/v2\/types\/post"}],"author":[{"embeddable":true,"href":"https:\/\/www.gaveanews.com\/index.php\/wp-json\/wp\/v2\/users\/28"}],"replies":[{"embeddable":true,"href":"https:\/\/www.gaveanews.com\/index.php\/wp-json\/wp\/v2\/comments?post=225497"}],"version-history":[{"count":2,"href":"https:\/\/www.gaveanews.com\/index.php\/wp-json\/wp\/v2\/posts\/225497\/revisions"}],"predecessor-version":[{"id":225509,"href":"https:\/\/www.gaveanews.com\/index.php\/wp-json\/wp\/v2\/posts\/225497\/revisions\/225509"}],"wp:featuredmedia":[{"embeddable":true,"href":"https:\/\/www.gaveanews.com\/index.php\/wp-json\/wp\/v2\/media\/120833"}],"wp:attachment":[{"href":"https:\/\/www.gaveanews.com\/index.php\/wp-json\/wp\/v2\/media?parent=225497"}],"wp:term":[{"taxonomy":"category","embeddable":true,"href":"https:\/\/www.gaveanews.com\/index.php\/wp-json\/wp\/v2\/categories?post=225497"},{"taxonomy":"post_tag","embeddable":true,"href":"https:\/\/www.gaveanews.com\/index.php\/wp-json\/wp\/v2\/tags?post=225497"}],"curies":[{"name":"wp","href":"https:\/\/api.w.org\/{rel}","templated":true}]}}