{"id":225516,"date":"2025-02-09T20:30:49","date_gmt":"2025-02-09T23:30:49","guid":{"rendered":"https:\/\/www.gaveanews.com\/?p=225516"},"modified":"2025-02-09T20:05:35","modified_gmt":"2025-02-09T23:05:35","slug":"video-a-declaracao-de-flavio-prado-direcionada-a-gerson-do-flamengo","status":"publish","type":"post","link":"https:\/\/www.gaveanews.com\/index.php\/2025\/02\/09\/video-a-declaracao-de-flavio-prado-direcionada-a-gerson-do-flamengo\/","title":{"rendered":"V\u00eddeo: a declara\u00e7\u00e3o de Fl\u00e1vio Prado direcionada a Gerson, do Flamengo"},"content":{"rendered":"\n<h2 class=\"wp-block-heading\" id=\"h-flavio-prado-comenta-sobre-a-volta-de-gerson-ao-flamengo-nbsp\">Fl\u00e1vio Prado comenta sobre a volta de Gerson ao Flamengo&nbsp;<\/h2>\n\n\n\n<p>Em 2023, o Flamengo celebrou um retorno muito aguardado: o de Gerson, um dos pilares da equipe durante sua primeira passagem pelo clube. O meio-campista, que fez hist\u00f3ria no Rubro-Negro, voltou ap\u00f3s um per\u00edodo no futebol europeu, especificamente na Fran\u00e7a, onde atuou pelo Olympique de Marseille. Sua volta ao Flamengo gerou uma grande expectativa entre os torcedores e \u00e9 vista como uma jogada estrat\u00e9gica para refor\u00e7ar o meio-campo e dar ainda mais qualidade ao elenco comandado por t\u00e9cnico Bruno Henrique.<\/p>\n\n\n\n<p>Gerson chegou ao Flamengo em 2019, vindo do Roma, da It\u00e1lia. Naquele momento, o clube vivia uma das fases mais vitoriosas de sua hist\u00f3ria, sob o comando de Jorge Jesus. O meio-campista logo se destacou por sua habilidade, vis\u00e3o de jogo e, principalmente, por sua capacidade de controlar o ritmo de jogo. Durante sua primeira passagem, conquistou t\u00edtulos importantes, como a Libertadores de 2019 e o Campeonato Brasileiro daquele ano. Sua atua\u00e7\u00e3o foi essencial para a consolida\u00e7\u00e3o da equipe como uma das mais fortes da Am\u00e9rica do Sul.<\/p>\n\n\n\n<p>Al\u00e9m disso, Gerson foi pe\u00e7a chave no Flamengo de 2020, ano em que o clube conquistou o Campeonato Carioca e a Supercopa do Brasil. Durante esses dois anos de sucesso, o volante se firmou como um dos grandes nomes do futebol brasileiro e chamou a aten\u00e7\u00e3o do mercado europeu. Em 2021, ap\u00f3s uma negocia\u00e7\u00e3o que envolveu valores expressivos, o Flamengo vendeu Gerson ao Olympique de Marseille por cerca de 25 milh\u00f5es de euros.<\/p>\n\n\n\n<p>No Olympique de Marseille, Gerson teve uma experi\u00eancia interessante, mas n\u00e3o alcan\u00e7ou o mesmo n\u00edvel de destaque que teve no Brasil. Apesar de ter mostrado seu potencial, o jogador n\u00e3o conseguiu se firmar como titular absoluto, o que gerou especula\u00e7\u00f5es sobre seu futuro no clube franc\u00eas. Durante sua passagem pela Fran\u00e7a, Gerson teve a oportunidade de jogar em competi\u00e7\u00f5es europeias, como a Liga Europa, e experimentou a intensidade do futebol europeu. Sua passagem pela Europa, no entanto, foi marcada por altos e baixos, o que levou o jogador a repensar sua carreira.<\/p>\n\n\n\n<p>A decis\u00e3o de retornar ao Brasil, e especialmente ao Flamengo, foi uma reviravolta positiva. O clube carioca, com sua estrutura e ambi\u00e7\u00e3o de sempre conquistar t\u00edtulos, se mostrou o ambiente ideal para Gerson voltar a brilhar. O retorno do meia \u00e9 visto como um refor\u00e7o de peso para o Flamengo, j\u00e1 que a equipe, com a chegada de refor\u00e7os e manuten\u00e7\u00e3o de nomes importantes, busca retomar a hegemonia nacional e brigar por mais t\u00edtulos internacionais.<\/p>\n\n\n\n<blockquote class=\"twitter-tweet\" data-media-max-width=\"560\"><p lang=\"pt\" dir=\"ltr\"><a href=\"https:\/\/twitter.com\/hashtag\/Canelada?src=hash&amp;ref_src=twsrc%5Etfw\">#Canelada<\/a> | <a href=\"https:\/\/twitter.com\/flaviopradojpgz?ref_src=twsrc%5Etfw\">@flaviopradojpgz<\/a> comenta sobre Gerson e diz: &quot;Eu sempre acho que o cara que vai n\u00e3o deve voltar. Eu acho um p\u00e9ssimo neg\u00f3cio&quot;. <a href=\"https:\/\/t.co\/SuinDEqOdr\">pic.twitter.com\/SuinDEqOdr<\/a><\/p>&mdash; Jovem Pan Esportes (@JovemPanEsporte) <a href=\"https:\/\/twitter.com\/JovemPanEsporte\/status\/1888643235318227157?ref_src=twsrc%5Etfw\">February 9, 2025<\/a><\/blockquote> <script async src=\"https:\/\/platform.twitter.com\/widgets.js\" charset=\"utf-8\"><\/script>\n","protected":false},"excerpt":{"rendered":"<p>Fl\u00e1vio Prado comenta sobre a volta de Gerson ao Flamengo&nbsp; Em 2023, o Flamengo celebrou um retorno muito aguardado: o de Gerson, um dos pilares da equipe durante sua primeira passagem pelo clube. O meio-campista, que fez hist\u00f3ria no Rubro-Negro, voltou ap\u00f3s um per\u00edodo no futebol europeu, especificamente na Fran\u00e7a, onde atuou pelo Olympique de [&hellip;]<\/p>\n","protected":false},"author":17,"featured_media":164062,"comment_status":"open","ping_status":"closed","sticky":false,"template":"","format":"standard","meta":{"footnotes":""},"categories":[1],"tags":[],"class_list":["post-225516","post","type-post","status-publish","format-standard","has-post-thumbnail","hentry","category-flamengo"],"yoast_head":"<!-- This site is optimized with the Yoast SEO Premium plugin v24.2 (Yoast SEO v26.9) - https:\/\/yoast.com\/product\/yoast-seo-premium-wordpress\/ -->\n<title>V\u00eddeo: a declara\u00e7\u00e3o de Fl\u00e1vio Prado direcionada a Gerson, do Flamengo<\/title>\n<meta name=\"robots\" content=\"index, follow, max-snippet:-1, max-image-preview:large, max-video-preview:-1\" \/>\n<link rel=\"canonical\" href=\"https:\/\/www.gaveanews.com\/index.php\/2025\/02\/09\/video-a-declaracao-de-flavio-prado-direcionada-a-gerson-do-flamengo\/\" \/>\n<meta property=\"og:locale\" content=\"pt_BR\" \/>\n<meta property=\"og:type\" content=\"article\" \/>\n<meta property=\"og:title\" content=\"V\u00eddeo: a declara\u00e7\u00e3o de Fl\u00e1vio Prado direcionada a Gerson, do Flamengo\" \/>\n<meta property=\"og:description\" content=\"Fl\u00e1vio Prado comenta sobre a volta de Gerson ao Flamengo&nbsp; Em 2023, o Flamengo celebrou um retorno muito aguardado: o de Gerson, um dos pilares da equipe durante sua primeira passagem pelo clube. O meio-campista, que fez hist\u00f3ria no Rubro-Negro, voltou ap\u00f3s um per\u00edodo no futebol europeu, especificamente na Fran\u00e7a, onde atuou pelo Olympique de [&hellip;]\" \/>\n<meta property=\"og:url\" content=\"https:\/\/www.gaveanews.com\/index.php\/2025\/02\/09\/video-a-declaracao-de-flavio-prado-direcionada-a-gerson-do-flamengo\/\" \/>\n<meta property=\"og:site_name\" content=\"G\u00e1vea News\" \/>\n<meta property=\"article:publisher\" content=\"https:\/\/facebook.com\/gaveaNews\/\" \/>\n<meta property=\"article:published_time\" content=\"2025-02-09T23:30:49+00:00\" \/>\n<meta property=\"og:image\" content=\"https:\/\/www.gaveanews.com\/wp-content\/uploads\/Gerson-concede-entrevista-coletiva-durante-passagem-pela-Selecao-Brasileira.webp\" \/>\n\t<meta property=\"og:image:width\" content=\"800\" \/>\n\t<meta property=\"og:image:height\" content=\"525\" \/>\n\t<meta property=\"og:image:type\" content=\"image\/jpeg\" \/>\n<meta name=\"author\" content=\"Geovanna Thomaz\" \/>\n<meta name=\"twitter:card\" content=\"summary_large_image\" \/>\n<meta name=\"twitter:label1\" content=\"Escrito por\" \/>\n\t<meta name=\"twitter:data1\" content=\"Geovanna Thomaz\" \/>\n\t<meta name=\"twitter:label2\" content=\"Est. tempo de leitura\" \/>\n\t<meta name=\"twitter:data2\" content=\"3 minutos\" \/>\n<script type=\"application\/ld+json\" class=\"yoast-schema-graph\">{\"@context\":\"https:\/\/schema.org\",\"@graph\":[{\"@type\":\"NewsArticle\",\"@id\":\"https:\/\/www.gaveanews.com\/index.php\/2025\/02\/09\/video-a-declaracao-de-flavio-prado-direcionada-a-gerson-do-flamengo\/#article\",\"isPartOf\":{\"@id\":\"https:\/\/www.gaveanews.com\/index.php\/2025\/02\/09\/video-a-declaracao-de-flavio-prado-direcionada-a-gerson-do-flamengo\/\"},\"author\":{\"name\":\"Geovanna Thomaz\",\"@id\":\"https:\/\/www.gaveanews.com\/#\/schema\/person\/f42654babcd2b2014a1a65af82b081f1\"},\"headline\":\"V\u00eddeo: a declara\u00e7\u00e3o de Fl\u00e1vio Prado direcionada a Gerson, do Flamengo\",\"datePublished\":\"2025-02-09T23:30:49+00:00\",\"mainEntityOfPage\":{\"@id\":\"https:\/\/www.gaveanews.com\/index.php\/2025\/02\/09\/video-a-declaracao-de-flavio-prado-direcionada-a-gerson-do-flamengo\/\"},\"wordCount\":500,\"commentCount\":0,\"image\":{\"@id\":\"https:\/\/www.gaveanews.com\/index.php\/2025\/02\/09\/video-a-declaracao-de-flavio-prado-direcionada-a-gerson-do-flamengo\/#primaryimage\"},\"thumbnailUrl\":\"https:\/\/www.gaveanews.com\/wp-content\/uploads\/Gerson-concede-entrevista-coletiva-durante-passagem-pela-Selecao-Brasileira.webp\",\"articleSection\":[\"Flamengo\"],\"inLanguage\":\"pt-BR\",\"potentialAction\":[{\"@type\":\"CommentAction\",\"name\":\"Comment\",\"target\":[\"https:\/\/www.gaveanews.com\/index.php\/2025\/02\/09\/video-a-declaracao-de-flavio-prado-direcionada-a-gerson-do-flamengo\/#respond\"]}],\"copyrightYear\":\"2025\",\"copyrightHolder\":{\"@id\":\"https:\/\/www.gaveanews.com\/#organization\"}},{\"@type\":\"WebPage\",\"@id\":\"https:\/\/www.gaveanews.com\/index.php\/2025\/02\/09\/video-a-declaracao-de-flavio-prado-direcionada-a-gerson-do-flamengo\/\",\"url\":\"https:\/\/www.gaveanews.com\/index.php\/2025\/02\/09\/video-a-declaracao-de-flavio-prado-direcionada-a-gerson-do-flamengo\/\",\"name\":\"V\u00eddeo: a declara\u00e7\u00e3o de Fl\u00e1vio Prado direcionada a Gerson, do Flamengo\",\"isPartOf\":{\"@id\":\"https:\/\/www.gaveanews.com\/#website\"},\"primaryImageOfPage\":{\"@id\":\"https:\/\/www.gaveanews.com\/index.php\/2025\/02\/09\/video-a-declaracao-de-flavio-prado-direcionada-a-gerson-do-flamengo\/#primaryimage\"},\"image\":{\"@id\":\"https:\/\/www.gaveanews.com\/index.php\/2025\/02\/09\/video-a-declaracao-de-flavio-prado-direcionada-a-gerson-do-flamengo\/#primaryimage\"},\"thumbnailUrl\":\"https:\/\/www.gaveanews.com\/wp-content\/uploads\/Gerson-concede-entrevista-coletiva-durante-passagem-pela-Selecao-Brasileira.webp\",\"datePublished\":\"2025-02-09T23:30:49+00:00\",\"author\":{\"@id\":\"https:\/\/www.gaveanews.com\/#\/schema\/person\/f42654babcd2b2014a1a65af82b081f1\"},\"breadcrumb\":{\"@id\":\"https:\/\/www.gaveanews.com\/index.php\/2025\/02\/09\/video-a-declaracao-de-flavio-prado-direcionada-a-gerson-do-flamengo\/#breadcrumb\"},\"inLanguage\":\"pt-BR\",\"potentialAction\":[{\"@type\":\"ReadAction\",\"target\":[\"https:\/\/www.gaveanews.com\/index.php\/2025\/02\/09\/video-a-declaracao-de-flavio-prado-direcionada-a-gerson-do-flamengo\/\"]}]},{\"@type\":\"ImageObject\",\"inLanguage\":\"pt-BR\",\"@id\":\"https:\/\/www.gaveanews.com\/index.php\/2025\/02\/09\/video-a-declaracao-de-flavio-prado-direcionada-a-gerson-do-flamengo\/#primaryimage\",\"url\":\"https:\/\/www.gaveanews.com\/wp-content\/uploads\/Gerson-concede-entrevista-coletiva-durante-passagem-pela-Selecao-Brasileira.webp\",\"contentUrl\":\"https:\/\/www.gaveanews.com\/wp-content\/uploads\/Gerson-concede-entrevista-coletiva-durante-passagem-pela-Selecao-Brasileira.webp\",\"width\":800,\"height\":525,\"caption\":\"Gerson concede entrevista coletiva durante passagem pela Sele\u00e7\u00e3o Brasileira (Foto: Rafael Ribeiro\/CBF)\"},{\"@type\":\"BreadcrumbList\",\"@id\":\"https:\/\/www.gaveanews.com\/index.php\/2025\/02\/09\/video-a-declaracao-de-flavio-prado-direcionada-a-gerson-do-flamengo\/#breadcrumb\",\"itemListElement\":[{\"@type\":\"ListItem\",\"position\":1,\"name\":\"Home\",\"item\":\"https:\/\/www.gaveanews.com\/\"},{\"@type\":\"ListItem\",\"position\":2,\"name\":\"V\u00eddeo: a declara\u00e7\u00e3o de Fl\u00e1vio Prado direcionada a Gerson, do Flamengo\"}]},{\"@type\":\"WebSite\",\"@id\":\"https:\/\/www.gaveanews.com\/#website\",\"url\":\"https:\/\/www.gaveanews.com\/\",\"name\":\"G\u00e1vea News\",\"description\":\"Veja todas as not\u00edcias sobre o Flamengo: Contrata\u00e7\u00f5es, categorias de base, resultados das partidas, tabela de classifica\u00e7\u00e3o, pr\u00f3ximos jogos!\",\"potentialAction\":[{\"@type\":\"SearchAction\",\"target\":{\"@type\":\"EntryPoint\",\"urlTemplate\":\"https:\/\/www.gaveanews.com\/?s={search_term_string}\"},\"query-input\":{\"@type\":\"PropertyValueSpecification\",\"valueRequired\":true,\"valueName\":\"search_term_string\"}}],\"inLanguage\":\"pt-BR\"},{\"@type\":\"Person\",\"@id\":\"https:\/\/www.gaveanews.com\/#\/schema\/person\/f42654babcd2b2014a1a65af82b081f1\",\"name\":\"Geovanna Thomaz\",\"image\":{\"@type\":\"ImageObject\",\"inLanguage\":\"pt-BR\",\"@id\":\"https:\/\/www.gaveanews.com\/#\/schema\/person\/image\/\",\"url\":\"https:\/\/secure.gravatar.com\/avatar\/4092073255489533afb558984b49b64268c47198af8623cc82a925ae9fb7118a?s=96&d=mm&r=g\",\"contentUrl\":\"https:\/\/secure.gravatar.com\/avatar\/4092073255489533afb558984b49b64268c47198af8623cc82a925ae9fb7118a?s=96&d=mm&r=g\",\"caption\":\"Geovanna Thomaz\"}}]}<\/script>\n<!-- \/ Yoast SEO Premium plugin. -->","yoast_head_json":{"title":"V\u00eddeo: a declara\u00e7\u00e3o de Fl\u00e1vio Prado direcionada a Gerson, do Flamengo","robots":{"index":"index","follow":"follow","max-snippet":"max-snippet:-1","max-image-preview":"max-image-preview:large","max-video-preview":"max-video-preview:-1"},"canonical":"https:\/\/www.gaveanews.com\/index.php\/2025\/02\/09\/video-a-declaracao-de-flavio-prado-direcionada-a-gerson-do-flamengo\/","og_locale":"pt_BR","og_type":"article","og_title":"V\u00eddeo: a declara\u00e7\u00e3o de Fl\u00e1vio Prado direcionada a Gerson, do Flamengo","og_description":"Fl\u00e1vio Prado comenta sobre a volta de Gerson ao Flamengo&nbsp; Em 2023, o Flamengo celebrou um retorno muito aguardado: o de Gerson, um dos pilares da equipe durante sua primeira passagem pelo clube. O meio-campista, que fez hist\u00f3ria no Rubro-Negro, voltou ap\u00f3s um per\u00edodo no futebol europeu, especificamente na Fran\u00e7a, onde atuou pelo Olympique de [&hellip;]","og_url":"https:\/\/www.gaveanews.com\/index.php\/2025\/02\/09\/video-a-declaracao-de-flavio-prado-direcionada-a-gerson-do-flamengo\/","og_site_name":"G\u00e1vea News","article_publisher":"https:\/\/facebook.com\/gaveaNews\/","article_published_time":"2025-02-09T23:30:49+00:00","og_image":[{"width":800,"height":525,"url":"https:\/\/www.gaveanews.com\/wp-content\/uploads\/Gerson-concede-entrevista-coletiva-durante-passagem-pela-Selecao-Brasileira.webp","type":"image\/jpeg"}],"author":"Geovanna Thomaz","twitter_card":"summary_large_image","twitter_misc":{"Escrito por":"Geovanna Thomaz","Est. tempo de leitura":"3 minutos"},"schema":{"@context":"https:\/\/schema.org","@graph":[{"@type":"NewsArticle","@id":"https:\/\/www.gaveanews.com\/index.php\/2025\/02\/09\/video-a-declaracao-de-flavio-prado-direcionada-a-gerson-do-flamengo\/#article","isPartOf":{"@id":"https:\/\/www.gaveanews.com\/index.php\/2025\/02\/09\/video-a-declaracao-de-flavio-prado-direcionada-a-gerson-do-flamengo\/"},"author":{"name":"Geovanna Thomaz","@id":"https:\/\/www.gaveanews.com\/#\/schema\/person\/f42654babcd2b2014a1a65af82b081f1"},"headline":"V\u00eddeo: a declara\u00e7\u00e3o de Fl\u00e1vio Prado direcionada a Gerson, do Flamengo","datePublished":"2025-02-09T23:30:49+00:00","mainEntityOfPage":{"@id":"https:\/\/www.gaveanews.com\/index.php\/2025\/02\/09\/video-a-declaracao-de-flavio-prado-direcionada-a-gerson-do-flamengo\/"},"wordCount":500,"commentCount":0,"image":{"@id":"https:\/\/www.gaveanews.com\/index.php\/2025\/02\/09\/video-a-declaracao-de-flavio-prado-direcionada-a-gerson-do-flamengo\/#primaryimage"},"thumbnailUrl":"https:\/\/www.gaveanews.com\/wp-content\/uploads\/Gerson-concede-entrevista-coletiva-durante-passagem-pela-Selecao-Brasileira.webp","articleSection":["Flamengo"],"inLanguage":"pt-BR","potentialAction":[{"@type":"CommentAction","name":"Comment","target":["https:\/\/www.gaveanews.com\/index.php\/2025\/02\/09\/video-a-declaracao-de-flavio-prado-direcionada-a-gerson-do-flamengo\/#respond"]}],"copyrightYear":"2025","copyrightHolder":{"@id":"https:\/\/www.gaveanews.com\/#organization"}},{"@type":"WebPage","@id":"https:\/\/www.gaveanews.com\/index.php\/2025\/02\/09\/video-a-declaracao-de-flavio-prado-direcionada-a-gerson-do-flamengo\/","url":"https:\/\/www.gaveanews.com\/index.php\/2025\/02\/09\/video-a-declaracao-de-flavio-prado-direcionada-a-gerson-do-flamengo\/","name":"V\u00eddeo: a declara\u00e7\u00e3o de Fl\u00e1vio Prado direcionada a Gerson, do Flamengo","isPartOf":{"@id":"https:\/\/www.gaveanews.com\/#website"},"primaryImageOfPage":{"@id":"https:\/\/www.gaveanews.com\/index.php\/2025\/02\/09\/video-a-declaracao-de-flavio-prado-direcionada-a-gerson-do-flamengo\/#primaryimage"},"image":{"@id":"https:\/\/www.gaveanews.com\/index.php\/2025\/02\/09\/video-a-declaracao-de-flavio-prado-direcionada-a-gerson-do-flamengo\/#primaryimage"},"thumbnailUrl":"https:\/\/www.gaveanews.com\/wp-content\/uploads\/Gerson-concede-entrevista-coletiva-durante-passagem-pela-Selecao-Brasileira.webp","datePublished":"2025-02-09T23:30:49+00:00","author":{"@id":"https:\/\/www.gaveanews.com\/#\/schema\/person\/f42654babcd2b2014a1a65af82b081f1"},"breadcrumb":{"@id":"https:\/\/www.gaveanews.com\/index.php\/2025\/02\/09\/video-a-declaracao-de-flavio-prado-direcionada-a-gerson-do-flamengo\/#breadcrumb"},"inLanguage":"pt-BR","potentialAction":[{"@type":"ReadAction","target":["https:\/\/www.gaveanews.com\/index.php\/2025\/02\/09\/video-a-declaracao-de-flavio-prado-direcionada-a-gerson-do-flamengo\/"]}]},{"@type":"ImageObject","inLanguage":"pt-BR","@id":"https:\/\/www.gaveanews.com\/index.php\/2025\/02\/09\/video-a-declaracao-de-flavio-prado-direcionada-a-gerson-do-flamengo\/#primaryimage","url":"https:\/\/www.gaveanews.com\/wp-content\/uploads\/Gerson-concede-entrevista-coletiva-durante-passagem-pela-Selecao-Brasileira.webp","contentUrl":"https:\/\/www.gaveanews.com\/wp-content\/uploads\/Gerson-concede-entrevista-coletiva-durante-passagem-pela-Selecao-Brasileira.webp","width":800,"height":525,"caption":"Gerson concede entrevista coletiva durante passagem pela Sele\u00e7\u00e3o Brasileira (Foto: Rafael Ribeiro\/CBF)"},{"@type":"BreadcrumbList","@id":"https:\/\/www.gaveanews.com\/index.php\/2025\/02\/09\/video-a-declaracao-de-flavio-prado-direcionada-a-gerson-do-flamengo\/#breadcrumb","itemListElement":[{"@type":"ListItem","position":1,"name":"Home","item":"https:\/\/www.gaveanews.com\/"},{"@type":"ListItem","position":2,"name":"V\u00eddeo: a declara\u00e7\u00e3o de Fl\u00e1vio Prado direcionada a Gerson, do Flamengo"}]},{"@type":"WebSite","@id":"https:\/\/www.gaveanews.com\/#website","url":"https:\/\/www.gaveanews.com\/","name":"G\u00e1vea News","description":"Veja todas as not\u00edcias sobre o Flamengo: Contrata\u00e7\u00f5es, categorias de base, resultados das partidas, tabela de classifica\u00e7\u00e3o, pr\u00f3ximos jogos!","potentialAction":[{"@type":"SearchAction","target":{"@type":"EntryPoint","urlTemplate":"https:\/\/www.gaveanews.com\/?s={search_term_string}"},"query-input":{"@type":"PropertyValueSpecification","valueRequired":true,"valueName":"search_term_string"}}],"inLanguage":"pt-BR"},{"@type":"Person","@id":"https:\/\/www.gaveanews.com\/#\/schema\/person\/f42654babcd2b2014a1a65af82b081f1","name":"Geovanna Thomaz","image":{"@type":"ImageObject","inLanguage":"pt-BR","@id":"https:\/\/www.gaveanews.com\/#\/schema\/person\/image\/","url":"https:\/\/secure.gravatar.com\/avatar\/4092073255489533afb558984b49b64268c47198af8623cc82a925ae9fb7118a?s=96&d=mm&r=g","contentUrl":"https:\/\/secure.gravatar.com\/avatar\/4092073255489533afb558984b49b64268c47198af8623cc82a925ae9fb7118a?s=96&d=mm&r=g","caption":"Geovanna Thomaz"}}]}},"_links":{"self":[{"href":"https:\/\/www.gaveanews.com\/index.php\/wp-json\/wp\/v2\/posts\/225516","targetHints":{"allow":["GET"]}}],"collection":[{"href":"https:\/\/www.gaveanews.com\/index.php\/wp-json\/wp\/v2\/posts"}],"about":[{"href":"https:\/\/www.gaveanews.com\/index.php\/wp-json\/wp\/v2\/types\/post"}],"author":[{"embeddable":true,"href":"https:\/\/www.gaveanews.com\/index.php\/wp-json\/wp\/v2\/users\/17"}],"replies":[{"embeddable":true,"href":"https:\/\/www.gaveanews.com\/index.php\/wp-json\/wp\/v2\/comments?post=225516"}],"version-history":[{"count":1,"href":"https:\/\/www.gaveanews.com\/index.php\/wp-json\/wp\/v2\/posts\/225516\/revisions"}],"predecessor-version":[{"id":225519,"href":"https:\/\/www.gaveanews.com\/index.php\/wp-json\/wp\/v2\/posts\/225516\/revisions\/225519"}],"wp:featuredmedia":[{"embeddable":true,"href":"https:\/\/www.gaveanews.com\/index.php\/wp-json\/wp\/v2\/media\/164062"}],"wp:attachment":[{"href":"https:\/\/www.gaveanews.com\/index.php\/wp-json\/wp\/v2\/media?parent=225516"}],"wp:term":[{"taxonomy":"category","embeddable":true,"href":"https:\/\/www.gaveanews.com\/index.php\/wp-json\/wp\/v2\/categories?post=225516"},{"taxonomy":"post_tag","embeddable":true,"href":"https:\/\/www.gaveanews.com\/index.php\/wp-json\/wp\/v2\/tags?post=225516"}],"curies":[{"name":"wp","href":"https:\/\/api.w.org\/{rel}","templated":true}]}}