{"id":225522,"date":"2025-02-10T11:05:43","date_gmt":"2025-02-10T14:05:43","guid":{"rendered":"https:\/\/www.gaveanews.com\/?p=225522"},"modified":"2025-02-10T11:03:21","modified_gmt":"2025-02-10T14:03:21","slug":"sao-paulo-flavio-prado-e-sincero-ao-falar-sobre-zubeldia","status":"publish","type":"post","link":"https:\/\/www.gaveanews.com\/index.php\/2025\/02\/10\/sao-paulo-flavio-prado-e-sincero-ao-falar-sobre-zubeldia\/","title":{"rendered":"S\u00e3o Paulo: Fl\u00e1vio Prado \u00e9 sincero ao falar sobre Zubeld\u00eda"},"content":{"rendered":"\n<h2 class=\"wp-block-heading\" id=\"h-luis-zubeldia-tem-inicio-de-temporada-instavel-nbsp\">Lu\u00eds Zubeldia tem in\u00edcio de temporada inst\u00e1vel&nbsp;<\/h2>\n\n\n\n<p>Luis Zubeld\u00eda, t\u00e9cnico do S\u00e3o Paulo, est\u00e1 disputando seu primeiro Campeonato Paulista \u00e0 frente do clube e aproveita a competi\u00e7\u00e3o para testar jogadores e diferentes forma\u00e7\u00f5es t\u00e1ticas. O argentino, que chegou ao Tricolor no in\u00edcio da temporada, demonstrou que, apesar de estar ajustando a equipe para o futuro, o Paulist\u00e3o \u00e9 levado a s\u00e9rio e o objetivo \u00e9 alcan\u00e7ar as fases decisivas do torneio.<\/p>\n\n\n\n<p>Em entrevista, Zubeld\u00eda explicou que, apesar do pouco tempo de trabalho com o elenco e da maratona de jogos, a disputa do Campeonato Paulista se divide em tr\u00eas pilares essenciais para ele. O primeiro pilar \u00e9 a import\u00e2ncia da competi\u00e7\u00e3o em si, com a necessidade de vencer os jogos e garantir a classifica\u00e7\u00e3o para o mata-mata. O segundo pilar, ressaltou o treinador, \u00e9 a prepara\u00e7\u00e3o da equipe, tanto f\u00edsica quanto t\u00e1tica, algo fundamental para enfrentar a exig\u00eancia do calend\u00e1rio. E o terceiro pilar \u00e9 a busca por varia\u00e7\u00f5es t\u00e1ticas e o acompanhamento da performance dos jogadores em diferentes contextos, para poder realizar as mudan\u00e7as necess\u00e1rias ao longo do campeonato.<\/p>\n\n\n\n<p>\u201cNem tudo pode ser positivo, porque \u00e9 um momento em que voc\u00ea busca coisas, arrisca um pouco mais\u201d, declarou Zubeld\u00eda, destacando a necessidade de explorar diferentes op\u00e7\u00f5es para fortalecer o time ao longo da competi\u00e7\u00e3o. Para ele, o Paulist\u00e3o serve como uma oportunidade de aperfei\u00e7oar a equipe, ainda que o foco principal seja a busca pela vit\u00f3ria e pela classifica\u00e7\u00e3o.<\/p>\n\n\n\n<p>Apesar do jogo de destaque contra o Palmeiras, previsto para o dia 16 de fevereiro, o t\u00e9cnico preferiu n\u00e3o antecipar discuss\u00f5es sobre o cl\u00e1ssico. Zubeld\u00eda enfatizou que, apesar de haver um planejamento para o confronto, a prioridade \u00e9 o trabalho jogo a jogo. \u201cO mais importante \u00e9 tentar vencer\u201d, disse o argentino, que se mant\u00e9m focado em conquistar os tr\u00eas pontos a cada partida e preparar a equipe para os desafios que est\u00e3o por vir.<\/p>\n\n\n\n<p>Diante de atua\u00e7\u00f5es p\u00edfias, Fl\u00e1vio Prado criticou a postura do t\u00e9cnico.<\/p>\n\n\n\n<blockquote class=\"twitter-tweet\" data-media-max-width=\"560\"><p lang=\"pt\" dir=\"ltr\"><a href=\"https:\/\/twitter.com\/hashtag\/Canelada?src=hash&amp;ref_src=twsrc%5Etfw\">#Canelada<\/a> | <a href=\"https:\/\/twitter.com\/flaviopradojpgz?ref_src=twsrc%5Etfw\">@flaviopradojpgz<\/a> comenta sobre Luis Zubeld\u00eda: &quot;\u00c9 melhor voc\u00ea ter um t\u00e9cnico mais ou menos no Brasil do que um meia-boca de fora&quot;. <a href=\"https:\/\/t.co\/R6JFD2kXgL\">pic.twitter.com\/R6JFD2kXgL<\/a><\/p>&mdash; Jovem Pan Esportes (@JovemPanEsporte) <a href=\"https:\/\/twitter.com\/JovemPanEsporte\/status\/1888629295402127636?ref_src=twsrc%5Etfw\">February 9, 2025<\/a><\/blockquote> <script async src=\"https:\/\/platform.twitter.com\/widgets.js\" charset=\"utf-8\"><\/script>\n\n\n\n<p>O in\u00edcio de temporada tem sido crucial para Zubeld\u00eda, e ele sabe que o Paulist\u00e3o n\u00e3o s\u00f3 \u00e9 uma grande vitrine para o S\u00e3o Paulo, mas tamb\u00e9m uma base s\u00f3lida para moldar o time com vistas a objetivos maiores no decorrer do ano. Com um planejamento cuidadoso e um trabalho focado, o t\u00e9cnico argentino segue em busca de resultados positivos e do fortalecimento do grupo tricolor.<\/p>\n","protected":false},"excerpt":{"rendered":"<p>Lu\u00eds Zubeldia tem in\u00edcio de temporada inst\u00e1vel&nbsp; Luis Zubeld\u00eda, t\u00e9cnico do S\u00e3o Paulo, est\u00e1 disputando seu primeiro Campeonato Paulista \u00e0 frente do clube e aproveita a competi\u00e7\u00e3o para testar jogadores e diferentes forma\u00e7\u00f5es t\u00e1ticas. O argentino, que chegou ao Tricolor no in\u00edcio da temporada, demonstrou que, apesar de estar ajustando a equipe para o futuro, [&hellip;]<\/p>\n","protected":false},"author":17,"featured_media":155699,"comment_status":"open","ping_status":"closed","sticky":false,"template":"","format":"standard","meta":{"footnotes":""},"categories":[151],"tags":[],"class_list":["post-225522","post","type-post","status-publish","format-standard","has-post-thumbnail","hentry","category-sao-paulo"],"yoast_head":"<!-- This site is optimized with the Yoast SEO Premium plugin v24.2 (Yoast SEO v26.9) - https:\/\/yoast.com\/product\/yoast-seo-premium-wordpress\/ -->\n<title>S\u00e3o Paulo: Fl\u00e1vio Prado \u00e9 sincero ao falar sobre Zubeld\u00eda<\/title>\n<meta name=\"robots\" content=\"index, follow, max-snippet:-1, max-image-preview:large, max-video-preview:-1\" \/>\n<link rel=\"canonical\" href=\"https:\/\/www.gaveanews.com\/index.php\/2025\/02\/10\/sao-paulo-flavio-prado-e-sincero-ao-falar-sobre-zubeldia\/\" \/>\n<meta property=\"og:locale\" content=\"pt_BR\" \/>\n<meta property=\"og:type\" content=\"article\" \/>\n<meta property=\"og:title\" content=\"S\u00e3o Paulo: Fl\u00e1vio Prado \u00e9 sincero ao falar sobre Zubeld\u00eda\" \/>\n<meta property=\"og:description\" content=\"Lu\u00eds Zubeldia tem in\u00edcio de temporada inst\u00e1vel&nbsp; Luis Zubeld\u00eda, t\u00e9cnico do S\u00e3o Paulo, est\u00e1 disputando seu primeiro Campeonato Paulista \u00e0 frente do clube e aproveita a competi\u00e7\u00e3o para testar jogadores e diferentes forma\u00e7\u00f5es t\u00e1ticas. O argentino, que chegou ao Tricolor no in\u00edcio da temporada, demonstrou que, apesar de estar ajustando a equipe para o futuro, [&hellip;]\" \/>\n<meta property=\"og:url\" content=\"https:\/\/www.gaveanews.com\/index.php\/2025\/02\/10\/sao-paulo-flavio-prado-e-sincero-ao-falar-sobre-zubeldia\/\" \/>\n<meta property=\"og:site_name\" content=\"G\u00e1vea News\" \/>\n<meta property=\"article:publisher\" content=\"https:\/\/facebook.com\/gaveaNews\/\" \/>\n<meta property=\"article:published_time\" content=\"2025-02-10T14:05:43+00:00\" \/>\n<meta property=\"og:image\" content=\"https:\/\/www.gaveanews.com\/wp-content\/uploads\/Luis-Francisco-Zubeldia-treinador-do-Sao-Paulo-durante-partida-da-Copa-do-Brasil-2024.webp\" \/>\n\t<meta property=\"og:image:width\" content=\"1333\" \/>\n\t<meta property=\"og:image:height\" content=\"889\" \/>\n\t<meta property=\"og:image:type\" content=\"image\/webp\" \/>\n<meta name=\"author\" content=\"Geovanna Thomaz\" \/>\n<meta name=\"twitter:card\" content=\"summary_large_image\" \/>\n<meta name=\"twitter:label1\" content=\"Escrito por\" \/>\n\t<meta name=\"twitter:data1\" content=\"Geovanna Thomaz\" \/>\n\t<meta name=\"twitter:label2\" content=\"Est. tempo de leitura\" \/>\n\t<meta name=\"twitter:data2\" content=\"3 minutos\" \/>\n<script type=\"application\/ld+json\" class=\"yoast-schema-graph\">{\"@context\":\"https:\/\/schema.org\",\"@graph\":[{\"@type\":\"NewsArticle\",\"@id\":\"https:\/\/www.gaveanews.com\/index.php\/2025\/02\/10\/sao-paulo-flavio-prado-e-sincero-ao-falar-sobre-zubeldia\/#article\",\"isPartOf\":{\"@id\":\"https:\/\/www.gaveanews.com\/index.php\/2025\/02\/10\/sao-paulo-flavio-prado-e-sincero-ao-falar-sobre-zubeldia\/\"},\"author\":{\"name\":\"Geovanna Thomaz\",\"@id\":\"https:\/\/www.gaveanews.com\/#\/schema\/person\/f42654babcd2b2014a1a65af82b081f1\"},\"headline\":\"S\u00e3o Paulo: Fl\u00e1vio Prado \u00e9 sincero ao falar sobre Zubeld\u00eda\",\"datePublished\":\"2025-02-10T14:05:43+00:00\",\"mainEntityOfPage\":{\"@id\":\"https:\/\/www.gaveanews.com\/index.php\/2025\/02\/10\/sao-paulo-flavio-prado-e-sincero-ao-falar-sobre-zubeldia\/\"},\"wordCount\":486,\"commentCount\":0,\"image\":{\"@id\":\"https:\/\/www.gaveanews.com\/index.php\/2025\/02\/10\/sao-paulo-flavio-prado-e-sincero-ao-falar-sobre-zubeldia\/#primaryimage\"},\"thumbnailUrl\":\"https:\/\/www.gaveanews.com\/wp-content\/uploads\/Luis-Francisco-Zubeldia-treinador-do-Sao-Paulo-durante-partida-da-Copa-do-Brasil-2024.webp\",\"articleSection\":[\"S\u00e3o Paulo\"],\"inLanguage\":\"pt-BR\",\"potentialAction\":[{\"@type\":\"CommentAction\",\"name\":\"Comment\",\"target\":[\"https:\/\/www.gaveanews.com\/index.php\/2025\/02\/10\/sao-paulo-flavio-prado-e-sincero-ao-falar-sobre-zubeldia\/#respond\"]}],\"copyrightYear\":\"2025\",\"copyrightHolder\":{\"@id\":\"https:\/\/www.gaveanews.com\/#organization\"}},{\"@type\":\"WebPage\",\"@id\":\"https:\/\/www.gaveanews.com\/index.php\/2025\/02\/10\/sao-paulo-flavio-prado-e-sincero-ao-falar-sobre-zubeldia\/\",\"url\":\"https:\/\/www.gaveanews.com\/index.php\/2025\/02\/10\/sao-paulo-flavio-prado-e-sincero-ao-falar-sobre-zubeldia\/\",\"name\":\"S\u00e3o Paulo: Fl\u00e1vio Prado \u00e9 sincero ao falar sobre Zubeld\u00eda\",\"isPartOf\":{\"@id\":\"https:\/\/www.gaveanews.com\/#website\"},\"primaryImageOfPage\":{\"@id\":\"https:\/\/www.gaveanews.com\/index.php\/2025\/02\/10\/sao-paulo-flavio-prado-e-sincero-ao-falar-sobre-zubeldia\/#primaryimage\"},\"image\":{\"@id\":\"https:\/\/www.gaveanews.com\/index.php\/2025\/02\/10\/sao-paulo-flavio-prado-e-sincero-ao-falar-sobre-zubeldia\/#primaryimage\"},\"thumbnailUrl\":\"https:\/\/www.gaveanews.com\/wp-content\/uploads\/Luis-Francisco-Zubeldia-treinador-do-Sao-Paulo-durante-partida-da-Copa-do-Brasil-2024.webp\",\"datePublished\":\"2025-02-10T14:05:43+00:00\",\"author\":{\"@id\":\"https:\/\/www.gaveanews.com\/#\/schema\/person\/f42654babcd2b2014a1a65af82b081f1\"},\"breadcrumb\":{\"@id\":\"https:\/\/www.gaveanews.com\/index.php\/2025\/02\/10\/sao-paulo-flavio-prado-e-sincero-ao-falar-sobre-zubeldia\/#breadcrumb\"},\"inLanguage\":\"pt-BR\",\"potentialAction\":[{\"@type\":\"ReadAction\",\"target\":[\"https:\/\/www.gaveanews.com\/index.php\/2025\/02\/10\/sao-paulo-flavio-prado-e-sincero-ao-falar-sobre-zubeldia\/\"]}]},{\"@type\":\"ImageObject\",\"inLanguage\":\"pt-BR\",\"@id\":\"https:\/\/www.gaveanews.com\/index.php\/2025\/02\/10\/sao-paulo-flavio-prado-e-sincero-ao-falar-sobre-zubeldia\/#primaryimage\",\"url\":\"https:\/\/www.gaveanews.com\/wp-content\/uploads\/Luis-Francisco-Zubeldia-treinador-do-Sao-Paulo-durante-partida-da-Copa-do-Brasil-2024.webp\",\"contentUrl\":\"https:\/\/www.gaveanews.com\/wp-content\/uploads\/Luis-Francisco-Zubeldia-treinador-do-Sao-Paulo-durante-partida-da-Copa-do-Brasil-2024.webp\",\"width\":1333,\"height\":889,\"caption\":\"Luis Francisco Zubeld\u00eda, treinador do S\u00e3o Paulo durante partida da Copa do Brasil 2024 (Foto: Rubens Chiri e Paulo Pinto\/S\u00e3o Paulo)\"},{\"@type\":\"BreadcrumbList\",\"@id\":\"https:\/\/www.gaveanews.com\/index.php\/2025\/02\/10\/sao-paulo-flavio-prado-e-sincero-ao-falar-sobre-zubeldia\/#breadcrumb\",\"itemListElement\":[{\"@type\":\"ListItem\",\"position\":1,\"name\":\"Home\",\"item\":\"https:\/\/www.gaveanews.com\/\"},{\"@type\":\"ListItem\",\"position\":2,\"name\":\"S\u00e3o Paulo: Fl\u00e1vio Prado \u00e9 sincero ao falar sobre Zubeld\u00eda\"}]},{\"@type\":\"WebSite\",\"@id\":\"https:\/\/www.gaveanews.com\/#website\",\"url\":\"https:\/\/www.gaveanews.com\/\",\"name\":\"G\u00e1vea News\",\"description\":\"Veja todas as not\u00edcias sobre o Flamengo: Contrata\u00e7\u00f5es, categorias de base, resultados das partidas, tabela de classifica\u00e7\u00e3o, pr\u00f3ximos jogos!\",\"potentialAction\":[{\"@type\":\"SearchAction\",\"target\":{\"@type\":\"EntryPoint\",\"urlTemplate\":\"https:\/\/www.gaveanews.com\/?s={search_term_string}\"},\"query-input\":{\"@type\":\"PropertyValueSpecification\",\"valueRequired\":true,\"valueName\":\"search_term_string\"}}],\"inLanguage\":\"pt-BR\"},{\"@type\":\"Person\",\"@id\":\"https:\/\/www.gaveanews.com\/#\/schema\/person\/f42654babcd2b2014a1a65af82b081f1\",\"name\":\"Geovanna Thomaz\",\"image\":{\"@type\":\"ImageObject\",\"inLanguage\":\"pt-BR\",\"@id\":\"https:\/\/www.gaveanews.com\/#\/schema\/person\/image\/\",\"url\":\"https:\/\/secure.gravatar.com\/avatar\/4092073255489533afb558984b49b64268c47198af8623cc82a925ae9fb7118a?s=96&d=mm&r=g\",\"contentUrl\":\"https:\/\/secure.gravatar.com\/avatar\/4092073255489533afb558984b49b64268c47198af8623cc82a925ae9fb7118a?s=96&d=mm&r=g\",\"caption\":\"Geovanna Thomaz\"}}]}<\/script>\n<!-- \/ Yoast SEO Premium plugin. -->","yoast_head_json":{"title":"S\u00e3o Paulo: Fl\u00e1vio Prado \u00e9 sincero ao falar sobre Zubeld\u00eda","robots":{"index":"index","follow":"follow","max-snippet":"max-snippet:-1","max-image-preview":"max-image-preview:large","max-video-preview":"max-video-preview:-1"},"canonical":"https:\/\/www.gaveanews.com\/index.php\/2025\/02\/10\/sao-paulo-flavio-prado-e-sincero-ao-falar-sobre-zubeldia\/","og_locale":"pt_BR","og_type":"article","og_title":"S\u00e3o Paulo: Fl\u00e1vio Prado \u00e9 sincero ao falar sobre Zubeld\u00eda","og_description":"Lu\u00eds Zubeldia tem in\u00edcio de temporada inst\u00e1vel&nbsp; Luis Zubeld\u00eda, t\u00e9cnico do S\u00e3o Paulo, est\u00e1 disputando seu primeiro Campeonato Paulista \u00e0 frente do clube e aproveita a competi\u00e7\u00e3o para testar jogadores e diferentes forma\u00e7\u00f5es t\u00e1ticas. O argentino, que chegou ao Tricolor no in\u00edcio da temporada, demonstrou que, apesar de estar ajustando a equipe para o futuro, [&hellip;]","og_url":"https:\/\/www.gaveanews.com\/index.php\/2025\/02\/10\/sao-paulo-flavio-prado-e-sincero-ao-falar-sobre-zubeldia\/","og_site_name":"G\u00e1vea News","article_publisher":"https:\/\/facebook.com\/gaveaNews\/","article_published_time":"2025-02-10T14:05:43+00:00","og_image":[{"width":1333,"height":889,"url":"https:\/\/www.gaveanews.com\/wp-content\/uploads\/Luis-Francisco-Zubeldia-treinador-do-Sao-Paulo-durante-partida-da-Copa-do-Brasil-2024.webp","type":"image\/webp"}],"author":"Geovanna Thomaz","twitter_card":"summary_large_image","twitter_misc":{"Escrito por":"Geovanna Thomaz","Est. tempo de leitura":"3 minutos"},"schema":{"@context":"https:\/\/schema.org","@graph":[{"@type":"NewsArticle","@id":"https:\/\/www.gaveanews.com\/index.php\/2025\/02\/10\/sao-paulo-flavio-prado-e-sincero-ao-falar-sobre-zubeldia\/#article","isPartOf":{"@id":"https:\/\/www.gaveanews.com\/index.php\/2025\/02\/10\/sao-paulo-flavio-prado-e-sincero-ao-falar-sobre-zubeldia\/"},"author":{"name":"Geovanna Thomaz","@id":"https:\/\/www.gaveanews.com\/#\/schema\/person\/f42654babcd2b2014a1a65af82b081f1"},"headline":"S\u00e3o Paulo: Fl\u00e1vio Prado \u00e9 sincero ao falar sobre Zubeld\u00eda","datePublished":"2025-02-10T14:05:43+00:00","mainEntityOfPage":{"@id":"https:\/\/www.gaveanews.com\/index.php\/2025\/02\/10\/sao-paulo-flavio-prado-e-sincero-ao-falar-sobre-zubeldia\/"},"wordCount":486,"commentCount":0,"image":{"@id":"https:\/\/www.gaveanews.com\/index.php\/2025\/02\/10\/sao-paulo-flavio-prado-e-sincero-ao-falar-sobre-zubeldia\/#primaryimage"},"thumbnailUrl":"https:\/\/www.gaveanews.com\/wp-content\/uploads\/Luis-Francisco-Zubeldia-treinador-do-Sao-Paulo-durante-partida-da-Copa-do-Brasil-2024.webp","articleSection":["S\u00e3o Paulo"],"inLanguage":"pt-BR","potentialAction":[{"@type":"CommentAction","name":"Comment","target":["https:\/\/www.gaveanews.com\/index.php\/2025\/02\/10\/sao-paulo-flavio-prado-e-sincero-ao-falar-sobre-zubeldia\/#respond"]}],"copyrightYear":"2025","copyrightHolder":{"@id":"https:\/\/www.gaveanews.com\/#organization"}},{"@type":"WebPage","@id":"https:\/\/www.gaveanews.com\/index.php\/2025\/02\/10\/sao-paulo-flavio-prado-e-sincero-ao-falar-sobre-zubeldia\/","url":"https:\/\/www.gaveanews.com\/index.php\/2025\/02\/10\/sao-paulo-flavio-prado-e-sincero-ao-falar-sobre-zubeldia\/","name":"S\u00e3o Paulo: Fl\u00e1vio Prado \u00e9 sincero ao falar sobre Zubeld\u00eda","isPartOf":{"@id":"https:\/\/www.gaveanews.com\/#website"},"primaryImageOfPage":{"@id":"https:\/\/www.gaveanews.com\/index.php\/2025\/02\/10\/sao-paulo-flavio-prado-e-sincero-ao-falar-sobre-zubeldia\/#primaryimage"},"image":{"@id":"https:\/\/www.gaveanews.com\/index.php\/2025\/02\/10\/sao-paulo-flavio-prado-e-sincero-ao-falar-sobre-zubeldia\/#primaryimage"},"thumbnailUrl":"https:\/\/www.gaveanews.com\/wp-content\/uploads\/Luis-Francisco-Zubeldia-treinador-do-Sao-Paulo-durante-partida-da-Copa-do-Brasil-2024.webp","datePublished":"2025-02-10T14:05:43+00:00","author":{"@id":"https:\/\/www.gaveanews.com\/#\/schema\/person\/f42654babcd2b2014a1a65af82b081f1"},"breadcrumb":{"@id":"https:\/\/www.gaveanews.com\/index.php\/2025\/02\/10\/sao-paulo-flavio-prado-e-sincero-ao-falar-sobre-zubeldia\/#breadcrumb"},"inLanguage":"pt-BR","potentialAction":[{"@type":"ReadAction","target":["https:\/\/www.gaveanews.com\/index.php\/2025\/02\/10\/sao-paulo-flavio-prado-e-sincero-ao-falar-sobre-zubeldia\/"]}]},{"@type":"ImageObject","inLanguage":"pt-BR","@id":"https:\/\/www.gaveanews.com\/index.php\/2025\/02\/10\/sao-paulo-flavio-prado-e-sincero-ao-falar-sobre-zubeldia\/#primaryimage","url":"https:\/\/www.gaveanews.com\/wp-content\/uploads\/Luis-Francisco-Zubeldia-treinador-do-Sao-Paulo-durante-partida-da-Copa-do-Brasil-2024.webp","contentUrl":"https:\/\/www.gaveanews.com\/wp-content\/uploads\/Luis-Francisco-Zubeldia-treinador-do-Sao-Paulo-durante-partida-da-Copa-do-Brasil-2024.webp","width":1333,"height":889,"caption":"Luis Francisco Zubeld\u00eda, treinador do S\u00e3o Paulo durante partida da Copa do Brasil 2024 (Foto: Rubens Chiri e Paulo Pinto\/S\u00e3o Paulo)"},{"@type":"BreadcrumbList","@id":"https:\/\/www.gaveanews.com\/index.php\/2025\/02\/10\/sao-paulo-flavio-prado-e-sincero-ao-falar-sobre-zubeldia\/#breadcrumb","itemListElement":[{"@type":"ListItem","position":1,"name":"Home","item":"https:\/\/www.gaveanews.com\/"},{"@type":"ListItem","position":2,"name":"S\u00e3o Paulo: Fl\u00e1vio Prado \u00e9 sincero ao falar sobre Zubeld\u00eda"}]},{"@type":"WebSite","@id":"https:\/\/www.gaveanews.com\/#website","url":"https:\/\/www.gaveanews.com\/","name":"G\u00e1vea News","description":"Veja todas as not\u00edcias sobre o Flamengo: Contrata\u00e7\u00f5es, categorias de base, resultados das partidas, tabela de classifica\u00e7\u00e3o, pr\u00f3ximos jogos!","potentialAction":[{"@type":"SearchAction","target":{"@type":"EntryPoint","urlTemplate":"https:\/\/www.gaveanews.com\/?s={search_term_string}"},"query-input":{"@type":"PropertyValueSpecification","valueRequired":true,"valueName":"search_term_string"}}],"inLanguage":"pt-BR"},{"@type":"Person","@id":"https:\/\/www.gaveanews.com\/#\/schema\/person\/f42654babcd2b2014a1a65af82b081f1","name":"Geovanna Thomaz","image":{"@type":"ImageObject","inLanguage":"pt-BR","@id":"https:\/\/www.gaveanews.com\/#\/schema\/person\/image\/","url":"https:\/\/secure.gravatar.com\/avatar\/4092073255489533afb558984b49b64268c47198af8623cc82a925ae9fb7118a?s=96&d=mm&r=g","contentUrl":"https:\/\/secure.gravatar.com\/avatar\/4092073255489533afb558984b49b64268c47198af8623cc82a925ae9fb7118a?s=96&d=mm&r=g","caption":"Geovanna Thomaz"}}]}},"_links":{"self":[{"href":"https:\/\/www.gaveanews.com\/index.php\/wp-json\/wp\/v2\/posts\/225522","targetHints":{"allow":["GET"]}}],"collection":[{"href":"https:\/\/www.gaveanews.com\/index.php\/wp-json\/wp\/v2\/posts"}],"about":[{"href":"https:\/\/www.gaveanews.com\/index.php\/wp-json\/wp\/v2\/types\/post"}],"author":[{"embeddable":true,"href":"https:\/\/www.gaveanews.com\/index.php\/wp-json\/wp\/v2\/users\/17"}],"replies":[{"embeddable":true,"href":"https:\/\/www.gaveanews.com\/index.php\/wp-json\/wp\/v2\/comments?post=225522"}],"version-history":[{"count":3,"href":"https:\/\/www.gaveanews.com\/index.php\/wp-json\/wp\/v2\/posts\/225522\/revisions"}],"predecessor-version":[{"id":225648,"href":"https:\/\/www.gaveanews.com\/index.php\/wp-json\/wp\/v2\/posts\/225522\/revisions\/225648"}],"wp:featuredmedia":[{"embeddable":true,"href":"https:\/\/www.gaveanews.com\/index.php\/wp-json\/wp\/v2\/media\/155699"}],"wp:attachment":[{"href":"https:\/\/www.gaveanews.com\/index.php\/wp-json\/wp\/v2\/media?parent=225522"}],"wp:term":[{"taxonomy":"category","embeddable":true,"href":"https:\/\/www.gaveanews.com\/index.php\/wp-json\/wp\/v2\/categories?post=225522"},{"taxonomy":"post_tag","embeddable":true,"href":"https:\/\/www.gaveanews.com\/index.php\/wp-json\/wp\/v2\/tags?post=225522"}],"curies":[{"name":"wp","href":"https:\/\/api.w.org\/{rel}","templated":true}]}}