{"id":225600,"date":"2025-02-10T17:35:00","date_gmt":"2025-02-10T20:35:00","guid":{"rendered":"https:\/\/www.gaveanews.com\/?p=225600"},"modified":"2025-02-10T17:36:02","modified_gmt":"2025-02-10T20:36:02","slug":"corinthians-a-declaracao-de-memphis-depay","status":"publish","type":"post","link":"https:\/\/www.gaveanews.com\/index.php\/2025\/02\/10\/corinthians-a-declaracao-de-memphis-depay\/","title":{"rendered":"Corinthians: a declara\u00e7\u00e3o de Memphis Depay"},"content":{"rendered":"\n<h2 class=\"wp-block-heading\" id=\"h-memphis-falou-sobre-a-troca-de-numeracao-de-sua-camiseta\">Memphis falou sobre a troca de numera\u00e7\u00e3o de sua camiseta<\/h2>\n\n\n\n<p>O Corinthians volta a campo na quarta-feira para enfrentar o Santos, na Neo Qu\u00edmica Arena, pela nona rodada do Campeonato Paulista. A partida marcar\u00e1 o primeiro encontro entre Memphis Depay e Neymar como advers\u00e1rios atuando no Brasil. Amigos pessoais, os dois j\u00e1 conversaram sobre o cl\u00e1ssico e o futebol brasileiro. Memphis, que marcou um dos gols na vit\u00f3ria sobre o S\u00e3o Bernardo, revelou que pediu conselhos ao camisa 10 santista antes de fechar com o Corinthians e o parabenizou pelo retorno ao clube da Vila Belmiro.<\/p>\n\n\n\n<p>\u201cNos falamos sobre isso. \u00c9 algo que n\u00f3s estamos ansiosos, acho que todos est\u00e3o ansiosos para o pr\u00f3ximo jogo. Estamos focados nisso porque queremos vencer. No final, \u00e9 um cl\u00e1ssico e precisamos ganhar esses jogos. Claro que estou muito animado para enfrentar o Neymar, sei da qualidade dele, da import\u00e2ncia dele para o futebol e agora novamente atuando no Brasil. Estava falando com ele sobre jogar hoje, a velocidade, 30 graus no Brasil. Eu sei que o Neymar \u00e9 bom para o Brasil\u201d, disse Memphis \u00e0 TNT.<\/p>\n\n\n\n<p>Neste domingo, Rodrigo Garro atuou pela primeira vez com a camisa 8. A 10, que era usada pelo argentino at\u00e9 o ano passado, agora pertence a Memphis Depay. O holand\u00eas, que ainda usou a 94 contra o S\u00e3o Bernardo, far\u00e1 sua estreia com o novo n\u00famero no cl\u00e1ssico diante do Santos. Questionado sobre a troca, ele minimizou o assunto e destacou a boa rela\u00e7\u00e3o com Garro.<\/p>\n\n\n\n<p>\u201cQuando vim ao Brasil, foi algo que eu discuti com as pessoas que representam o Corinthians. Ent\u00e3o, quando foi decidido, falei com o Garro, ele \u00e9 um grande jogador e entendeu isso muito bem. Para mim, era algo que eu j\u00e1 queria antes de vir para o Brasil definitivamente. Mas nossa conex\u00e3o vai al\u00e9m de um n\u00famero. Queremos estar juntos, nos ajudando e conquistando t\u00edtulos. Nos conectamos muito e essa \u00e9 a coisa mais importante. O que precisa ser discutido resolvemos internamente, e dentro de campo temos que estar unidos para fazer as coisas funcionarem\u201d, afirmou.<\/p>\n\n\n\n<p>Memphis tamb\u00e9m destacou o in\u00edcio de temporada do Corinthians e v\u00ea os jogos na Neo Qu\u00edmica Arena como um diferencial para a equipe buscar t\u00edtulos ap\u00f3s seis anos de jejum.<\/p>\n\n\n\n<p>\u201c\u00c9 muito pouco tempo e eu j\u00e1 me sinto muito conectado. Estou tentando trabalhar duro e me envolver com tudo o que cerca este clube. \u00c9 um novo come\u00e7o, uma nova temporada. Em um m\u00eas, ganhamos muitos jogos e s\u00f3 aumentamos nossa confian\u00e7a. Ainda h\u00e1 muito para melhorar, muita coisa para aprimorar, para ganhar t\u00edtulos. Mas, especialmente nesse est\u00e1dio, jogar com esses jogadores e com esse p\u00fablico \u00e9 um privil\u00e9gio\u201d, finalizou.<\/p>\n","protected":false},"excerpt":{"rendered":"<p>Memphis falou sobre a troca de numera\u00e7\u00e3o de sua camiseta O Corinthians volta a campo na quarta-feira para enfrentar o Santos, na Neo Qu\u00edmica Arena, pela nona rodada do Campeonato Paulista. A partida marcar\u00e1 o primeiro encontro entre Memphis Depay e Neymar como advers\u00e1rios atuando no Brasil. Amigos pessoais, os dois j\u00e1 conversaram sobre o [&hellip;]<\/p>\n","protected":false},"author":17,"featured_media":199280,"comment_status":"open","ping_status":"closed","sticky":false,"template":"","format":"standard","meta":{"footnotes":""},"categories":[141],"tags":[],"class_list":["post-225600","post","type-post","status-publish","format-standard","has-post-thumbnail","hentry","category-corinthians"],"yoast_head":"<!-- This site is optimized with the Yoast SEO Premium plugin v24.2 (Yoast SEO v26.9) - https:\/\/yoast.com\/product\/yoast-seo-premium-wordpress\/ -->\n<title>Corinthians: a declara\u00e7\u00e3o de Memphis Depay<\/title>\n<meta name=\"robots\" content=\"index, follow, max-snippet:-1, max-image-preview:large, max-video-preview:-1\" \/>\n<link rel=\"canonical\" href=\"https:\/\/www.gaveanews.com\/index.php\/2025\/02\/10\/corinthians-a-declaracao-de-memphis-depay\/\" \/>\n<meta property=\"og:locale\" content=\"pt_BR\" \/>\n<meta property=\"og:type\" content=\"article\" \/>\n<meta property=\"og:title\" content=\"Corinthians: a declara\u00e7\u00e3o de Memphis Depay\" \/>\n<meta property=\"og:description\" content=\"Memphis falou sobre a troca de numera\u00e7\u00e3o de sua camiseta O Corinthians volta a campo na quarta-feira para enfrentar o Santos, na Neo Qu\u00edmica Arena, pela nona rodada do Campeonato Paulista. A partida marcar\u00e1 o primeiro encontro entre Memphis Depay e Neymar como advers\u00e1rios atuando no Brasil. Amigos pessoais, os dois j\u00e1 conversaram sobre o [&hellip;]\" \/>\n<meta property=\"og:url\" content=\"https:\/\/www.gaveanews.com\/index.php\/2025\/02\/10\/corinthians-a-declaracao-de-memphis-depay\/\" \/>\n<meta property=\"og:site_name\" content=\"G\u00e1vea News\" \/>\n<meta property=\"article:publisher\" content=\"https:\/\/facebook.com\/gaveaNews\/\" \/>\n<meta property=\"article:published_time\" content=\"2025-02-10T20:35:00+00:00\" \/>\n<meta property=\"article:modified_time\" content=\"2025-02-10T20:36:02+00:00\" \/>\n<meta property=\"og:image\" content=\"http:\/\/www.gaveanews.com\/wp-content\/uploads\/Memphis-Depay-pelo-Corinthians.webp\" \/>\n\t<meta property=\"og:image:width\" content=\"1170\" \/>\n\t<meta property=\"og:image:height\" content=\"1312\" \/>\n\t<meta property=\"og:image:type\" content=\"image\/jpeg\" \/>\n<meta name=\"author\" content=\"Geovanna Thomaz\" \/>\n<meta name=\"twitter:card\" content=\"summary_large_image\" \/>\n<meta name=\"twitter:label1\" content=\"Escrito por\" \/>\n\t<meta name=\"twitter:data1\" content=\"Geovanna Thomaz\" \/>\n\t<meta name=\"twitter:label2\" content=\"Est. tempo de leitura\" \/>\n\t<meta name=\"twitter:data2\" content=\"3 minutos\" \/>\n<script type=\"application\/ld+json\" class=\"yoast-schema-graph\">{\"@context\":\"https:\/\/schema.org\",\"@graph\":[{\"@type\":\"NewsArticle\",\"@id\":\"https:\/\/www.gaveanews.com\/index.php\/2025\/02\/10\/corinthians-a-declaracao-de-memphis-depay\/#article\",\"isPartOf\":{\"@id\":\"https:\/\/www.gaveanews.com\/index.php\/2025\/02\/10\/corinthians-a-declaracao-de-memphis-depay\/\"},\"author\":{\"name\":\"Geovanna Thomaz\",\"@id\":\"https:\/\/www.gaveanews.com\/#\/schema\/person\/f42654babcd2b2014a1a65af82b081f1\"},\"headline\":\"Corinthians: a declara\u00e7\u00e3o de Memphis Depay\",\"datePublished\":\"2025-02-10T20:35:00+00:00\",\"dateModified\":\"2025-02-10T20:36:02+00:00\",\"mainEntityOfPage\":{\"@id\":\"https:\/\/www.gaveanews.com\/index.php\/2025\/02\/10\/corinthians-a-declaracao-de-memphis-depay\/\"},\"wordCount\":472,\"commentCount\":0,\"image\":{\"@id\":\"https:\/\/www.gaveanews.com\/index.php\/2025\/02\/10\/corinthians-a-declaracao-de-memphis-depay\/#primaryimage\"},\"thumbnailUrl\":\"https:\/\/www.gaveanews.com\/wp-content\/uploads\/Memphis-Depay-pelo-Corinthians.webp\",\"articleSection\":[\"Corinthians\"],\"inLanguage\":\"pt-BR\",\"potentialAction\":[{\"@type\":\"CommentAction\",\"name\":\"Comment\",\"target\":[\"https:\/\/www.gaveanews.com\/index.php\/2025\/02\/10\/corinthians-a-declaracao-de-memphis-depay\/#respond\"]}],\"copyrightYear\":\"2025\",\"copyrightHolder\":{\"@id\":\"https:\/\/www.gaveanews.com\/#organization\"}},{\"@type\":\"WebPage\",\"@id\":\"https:\/\/www.gaveanews.com\/index.php\/2025\/02\/10\/corinthians-a-declaracao-de-memphis-depay\/\",\"url\":\"https:\/\/www.gaveanews.com\/index.php\/2025\/02\/10\/corinthians-a-declaracao-de-memphis-depay\/\",\"name\":\"Corinthians: a declara\u00e7\u00e3o de Memphis Depay\",\"isPartOf\":{\"@id\":\"https:\/\/www.gaveanews.com\/#website\"},\"primaryImageOfPage\":{\"@id\":\"https:\/\/www.gaveanews.com\/index.php\/2025\/02\/10\/corinthians-a-declaracao-de-memphis-depay\/#primaryimage\"},\"image\":{\"@id\":\"https:\/\/www.gaveanews.com\/index.php\/2025\/02\/10\/corinthians-a-declaracao-de-memphis-depay\/#primaryimage\"},\"thumbnailUrl\":\"https:\/\/www.gaveanews.com\/wp-content\/uploads\/Memphis-Depay-pelo-Corinthians.webp\",\"datePublished\":\"2025-02-10T20:35:00+00:00\",\"dateModified\":\"2025-02-10T20:36:02+00:00\",\"author\":{\"@id\":\"https:\/\/www.gaveanews.com\/#\/schema\/person\/f42654babcd2b2014a1a65af82b081f1\"},\"breadcrumb\":{\"@id\":\"https:\/\/www.gaveanews.com\/index.php\/2025\/02\/10\/corinthians-a-declaracao-de-memphis-depay\/#breadcrumb\"},\"inLanguage\":\"pt-BR\",\"potentialAction\":[{\"@type\":\"ReadAction\",\"target\":[\"https:\/\/www.gaveanews.com\/index.php\/2025\/02\/10\/corinthians-a-declaracao-de-memphis-depay\/\"]}]},{\"@type\":\"ImageObject\",\"inLanguage\":\"pt-BR\",\"@id\":\"https:\/\/www.gaveanews.com\/index.php\/2025\/02\/10\/corinthians-a-declaracao-de-memphis-depay\/#primaryimage\",\"url\":\"https:\/\/www.gaveanews.com\/wp-content\/uploads\/Memphis-Depay-pelo-Corinthians.webp\",\"contentUrl\":\"https:\/\/www.gaveanews.com\/wp-content\/uploads\/Memphis-Depay-pelo-Corinthians.webp\",\"width\":1170,\"height\":1312,\"caption\":\"Memphis Depay pelo Corinthians (Foto: Reprodu\u00e7\u00e3o\/Instagram Depay)\"},{\"@type\":\"BreadcrumbList\",\"@id\":\"https:\/\/www.gaveanews.com\/index.php\/2025\/02\/10\/corinthians-a-declaracao-de-memphis-depay\/#breadcrumb\",\"itemListElement\":[{\"@type\":\"ListItem\",\"position\":1,\"name\":\"Home\",\"item\":\"https:\/\/www.gaveanews.com\/\"},{\"@type\":\"ListItem\",\"position\":2,\"name\":\"Corinthians: a declara\u00e7\u00e3o de Memphis Depay\"}]},{\"@type\":\"WebSite\",\"@id\":\"https:\/\/www.gaveanews.com\/#website\",\"url\":\"https:\/\/www.gaveanews.com\/\",\"name\":\"G\u00e1vea News\",\"description\":\"Veja todas as not\u00edcias sobre o Flamengo: Contrata\u00e7\u00f5es, categorias de base, resultados das partidas, tabela de classifica\u00e7\u00e3o, pr\u00f3ximos jogos!\",\"potentialAction\":[{\"@type\":\"SearchAction\",\"target\":{\"@type\":\"EntryPoint\",\"urlTemplate\":\"https:\/\/www.gaveanews.com\/?s={search_term_string}\"},\"query-input\":{\"@type\":\"PropertyValueSpecification\",\"valueRequired\":true,\"valueName\":\"search_term_string\"}}],\"inLanguage\":\"pt-BR\"},{\"@type\":\"Person\",\"@id\":\"https:\/\/www.gaveanews.com\/#\/schema\/person\/f42654babcd2b2014a1a65af82b081f1\",\"name\":\"Geovanna Thomaz\",\"image\":{\"@type\":\"ImageObject\",\"inLanguage\":\"pt-BR\",\"@id\":\"https:\/\/www.gaveanews.com\/#\/schema\/person\/image\/\",\"url\":\"https:\/\/secure.gravatar.com\/avatar\/4092073255489533afb558984b49b64268c47198af8623cc82a925ae9fb7118a?s=96&d=mm&r=g\",\"contentUrl\":\"https:\/\/secure.gravatar.com\/avatar\/4092073255489533afb558984b49b64268c47198af8623cc82a925ae9fb7118a?s=96&d=mm&r=g\",\"caption\":\"Geovanna Thomaz\"}}]}<\/script>\n<!-- \/ Yoast SEO Premium plugin. -->","yoast_head_json":{"title":"Corinthians: a declara\u00e7\u00e3o de Memphis Depay","robots":{"index":"index","follow":"follow","max-snippet":"max-snippet:-1","max-image-preview":"max-image-preview:large","max-video-preview":"max-video-preview:-1"},"canonical":"https:\/\/www.gaveanews.com\/index.php\/2025\/02\/10\/corinthians-a-declaracao-de-memphis-depay\/","og_locale":"pt_BR","og_type":"article","og_title":"Corinthians: a declara\u00e7\u00e3o de Memphis Depay","og_description":"Memphis falou sobre a troca de numera\u00e7\u00e3o de sua camiseta O Corinthians volta a campo na quarta-feira para enfrentar o Santos, na Neo Qu\u00edmica Arena, pela nona rodada do Campeonato Paulista. A partida marcar\u00e1 o primeiro encontro entre Memphis Depay e Neymar como advers\u00e1rios atuando no Brasil. Amigos pessoais, os dois j\u00e1 conversaram sobre o [&hellip;]","og_url":"https:\/\/www.gaveanews.com\/index.php\/2025\/02\/10\/corinthians-a-declaracao-de-memphis-depay\/","og_site_name":"G\u00e1vea News","article_publisher":"https:\/\/facebook.com\/gaveaNews\/","article_published_time":"2025-02-10T20:35:00+00:00","article_modified_time":"2025-02-10T20:36:02+00:00","og_image":[{"width":1170,"height":1312,"url":"http:\/\/www.gaveanews.com\/wp-content\/uploads\/Memphis-Depay-pelo-Corinthians.webp","type":"image\/jpeg"}],"author":"Geovanna Thomaz","twitter_card":"summary_large_image","twitter_misc":{"Escrito por":"Geovanna Thomaz","Est. tempo de leitura":"3 minutos"},"schema":{"@context":"https:\/\/schema.org","@graph":[{"@type":"NewsArticle","@id":"https:\/\/www.gaveanews.com\/index.php\/2025\/02\/10\/corinthians-a-declaracao-de-memphis-depay\/#article","isPartOf":{"@id":"https:\/\/www.gaveanews.com\/index.php\/2025\/02\/10\/corinthians-a-declaracao-de-memphis-depay\/"},"author":{"name":"Geovanna Thomaz","@id":"https:\/\/www.gaveanews.com\/#\/schema\/person\/f42654babcd2b2014a1a65af82b081f1"},"headline":"Corinthians: a declara\u00e7\u00e3o de Memphis Depay","datePublished":"2025-02-10T20:35:00+00:00","dateModified":"2025-02-10T20:36:02+00:00","mainEntityOfPage":{"@id":"https:\/\/www.gaveanews.com\/index.php\/2025\/02\/10\/corinthians-a-declaracao-de-memphis-depay\/"},"wordCount":472,"commentCount":0,"image":{"@id":"https:\/\/www.gaveanews.com\/index.php\/2025\/02\/10\/corinthians-a-declaracao-de-memphis-depay\/#primaryimage"},"thumbnailUrl":"https:\/\/www.gaveanews.com\/wp-content\/uploads\/Memphis-Depay-pelo-Corinthians.webp","articleSection":["Corinthians"],"inLanguage":"pt-BR","potentialAction":[{"@type":"CommentAction","name":"Comment","target":["https:\/\/www.gaveanews.com\/index.php\/2025\/02\/10\/corinthians-a-declaracao-de-memphis-depay\/#respond"]}],"copyrightYear":"2025","copyrightHolder":{"@id":"https:\/\/www.gaveanews.com\/#organization"}},{"@type":"WebPage","@id":"https:\/\/www.gaveanews.com\/index.php\/2025\/02\/10\/corinthians-a-declaracao-de-memphis-depay\/","url":"https:\/\/www.gaveanews.com\/index.php\/2025\/02\/10\/corinthians-a-declaracao-de-memphis-depay\/","name":"Corinthians: a declara\u00e7\u00e3o de Memphis Depay","isPartOf":{"@id":"https:\/\/www.gaveanews.com\/#website"},"primaryImageOfPage":{"@id":"https:\/\/www.gaveanews.com\/index.php\/2025\/02\/10\/corinthians-a-declaracao-de-memphis-depay\/#primaryimage"},"image":{"@id":"https:\/\/www.gaveanews.com\/index.php\/2025\/02\/10\/corinthians-a-declaracao-de-memphis-depay\/#primaryimage"},"thumbnailUrl":"https:\/\/www.gaveanews.com\/wp-content\/uploads\/Memphis-Depay-pelo-Corinthians.webp","datePublished":"2025-02-10T20:35:00+00:00","dateModified":"2025-02-10T20:36:02+00:00","author":{"@id":"https:\/\/www.gaveanews.com\/#\/schema\/person\/f42654babcd2b2014a1a65af82b081f1"},"breadcrumb":{"@id":"https:\/\/www.gaveanews.com\/index.php\/2025\/02\/10\/corinthians-a-declaracao-de-memphis-depay\/#breadcrumb"},"inLanguage":"pt-BR","potentialAction":[{"@type":"ReadAction","target":["https:\/\/www.gaveanews.com\/index.php\/2025\/02\/10\/corinthians-a-declaracao-de-memphis-depay\/"]}]},{"@type":"ImageObject","inLanguage":"pt-BR","@id":"https:\/\/www.gaveanews.com\/index.php\/2025\/02\/10\/corinthians-a-declaracao-de-memphis-depay\/#primaryimage","url":"https:\/\/www.gaveanews.com\/wp-content\/uploads\/Memphis-Depay-pelo-Corinthians.webp","contentUrl":"https:\/\/www.gaveanews.com\/wp-content\/uploads\/Memphis-Depay-pelo-Corinthians.webp","width":1170,"height":1312,"caption":"Memphis Depay pelo Corinthians (Foto: Reprodu\u00e7\u00e3o\/Instagram Depay)"},{"@type":"BreadcrumbList","@id":"https:\/\/www.gaveanews.com\/index.php\/2025\/02\/10\/corinthians-a-declaracao-de-memphis-depay\/#breadcrumb","itemListElement":[{"@type":"ListItem","position":1,"name":"Home","item":"https:\/\/www.gaveanews.com\/"},{"@type":"ListItem","position":2,"name":"Corinthians: a declara\u00e7\u00e3o de Memphis Depay"}]},{"@type":"WebSite","@id":"https:\/\/www.gaveanews.com\/#website","url":"https:\/\/www.gaveanews.com\/","name":"G\u00e1vea News","description":"Veja todas as not\u00edcias sobre o Flamengo: Contrata\u00e7\u00f5es, categorias de base, resultados das partidas, tabela de classifica\u00e7\u00e3o, pr\u00f3ximos jogos!","potentialAction":[{"@type":"SearchAction","target":{"@type":"EntryPoint","urlTemplate":"https:\/\/www.gaveanews.com\/?s={search_term_string}"},"query-input":{"@type":"PropertyValueSpecification","valueRequired":true,"valueName":"search_term_string"}}],"inLanguage":"pt-BR"},{"@type":"Person","@id":"https:\/\/www.gaveanews.com\/#\/schema\/person\/f42654babcd2b2014a1a65af82b081f1","name":"Geovanna Thomaz","image":{"@type":"ImageObject","inLanguage":"pt-BR","@id":"https:\/\/www.gaveanews.com\/#\/schema\/person\/image\/","url":"https:\/\/secure.gravatar.com\/avatar\/4092073255489533afb558984b49b64268c47198af8623cc82a925ae9fb7118a?s=96&d=mm&r=g","contentUrl":"https:\/\/secure.gravatar.com\/avatar\/4092073255489533afb558984b49b64268c47198af8623cc82a925ae9fb7118a?s=96&d=mm&r=g","caption":"Geovanna Thomaz"}}]}},"_links":{"self":[{"href":"https:\/\/www.gaveanews.com\/index.php\/wp-json\/wp\/v2\/posts\/225600","targetHints":{"allow":["GET"]}}],"collection":[{"href":"https:\/\/www.gaveanews.com\/index.php\/wp-json\/wp\/v2\/posts"}],"about":[{"href":"https:\/\/www.gaveanews.com\/index.php\/wp-json\/wp\/v2\/types\/post"}],"author":[{"embeddable":true,"href":"https:\/\/www.gaveanews.com\/index.php\/wp-json\/wp\/v2\/users\/17"}],"replies":[{"embeddable":true,"href":"https:\/\/www.gaveanews.com\/index.php\/wp-json\/wp\/v2\/comments?post=225600"}],"version-history":[{"count":1,"href":"https:\/\/www.gaveanews.com\/index.php\/wp-json\/wp\/v2\/posts\/225600\/revisions"}],"predecessor-version":[{"id":225601,"href":"https:\/\/www.gaveanews.com\/index.php\/wp-json\/wp\/v2\/posts\/225600\/revisions\/225601"}],"wp:featuredmedia":[{"embeddable":true,"href":"https:\/\/www.gaveanews.com\/index.php\/wp-json\/wp\/v2\/media\/199280"}],"wp:attachment":[{"href":"https:\/\/www.gaveanews.com\/index.php\/wp-json\/wp\/v2\/media?parent=225600"}],"wp:term":[{"taxonomy":"category","embeddable":true,"href":"https:\/\/www.gaveanews.com\/index.php\/wp-json\/wp\/v2\/categories?post=225600"},{"taxonomy":"post_tag","embeddable":true,"href":"https:\/\/www.gaveanews.com\/index.php\/wp-json\/wp\/v2\/tags?post=225600"}],"curies":[{"name":"wp","href":"https:\/\/api.w.org\/{rel}","templated":true}]}}