{"id":225630,"date":"2025-02-10T12:35:18","date_gmt":"2025-02-10T15:35:18","guid":{"rendered":"https:\/\/www.gaveanews.com\/?p=225630"},"modified":"2025-02-10T12:10:44","modified_gmt":"2025-02-10T15:10:44","slug":"a-declaracao-de-thiago-maia-sobre-a-temporada-do-internacional","status":"publish","type":"post","link":"https:\/\/www.gaveanews.com\/index.php\/2025\/02\/10\/a-declaracao-de-thiago-maia-sobre-a-temporada-do-internacional\/","title":{"rendered":"A declara\u00e7\u00e3o de Thiago Maia sobre a temporada do Internacional"},"content":{"rendered":"\n<p>O Internacional segue firme na busca pelo t\u00edtulo do Gauch\u00e3o de 2025. No \u00faltimo s\u00e1bado, o Colorado empatou com o Gr\u00eamio na Arena e, com isso, manteve a lideran\u00e7a do Grupo B.&nbsp;<\/p>\n\n\n\n<p>O gol de Fernando foi o suficiente para que o time mantivesse a vantagem na competi\u00e7\u00e3o, se aproximando da classifica\u00e7\u00e3o para as semifinais. Esse bom momento no estadual vem sendo acompanhado com confian\u00e7a pelo volante Thiago Maia, que tem se destacado na equipe.<\/p>\n\n\n\n<h2 class=\"wp-block-heading\" id=\"h-a-confianca-de-thiago-maia-para-o-restante-da-temporada\">A confian\u00e7a de Thiago Maia para o restante da temporada<\/h2>\n\n\n\n<p>Ap\u00f3s o empate no cl\u00e1ssico Gre-Nal, Thiago Maia, titular do Internacional neste in\u00edcio de temporada, demonstrou otimismo em rela\u00e7\u00e3o ao desempenho da equipe.&nbsp;<\/p>\n\n\n\n<p>&#8220;Jogo ap\u00f3s jogo a gente vem voltando ao que era a gente no ano passado, ainda \u00e9 o come\u00e7o do ano, mas estamos focados no que a gente quer&#8221;, afirmou o volante na zona mista ap\u00f3s a partida.&nbsp;<\/p>\n\n\n\n<p>Com isso, Maia deixa claro que, apesar de ser o come\u00e7o do ano, o time est\u00e1 no caminho certo para alcan\u00e7ar seus objetivos, mostrando uma evolu\u00e7\u00e3o gradativa em rela\u00e7\u00e3o \u00e0 temporada anterior. Isso porque, mesmo com os desafios, a equipe demonstra for\u00e7a e uni\u00e3o no campo.<\/p>\n\n\n\n<h2 class=\"wp-block-heading\" id=\"h-o-futuro-de-thiago-maia-no-internacional\">O futuro de Thiago Maia no Internacional<\/h2>\n\n\n\n<p>Vale destacar que, apesar da confian\u00e7a demonstrada por Thiago Maia, o futuro do volante no Internacional est\u00e1 incerto. O Santos voltou a mostrar interesse em contar com o jogador, e o Colorado recebeu uma proposta do clube paulista.&nbsp;<\/p>\n\n\n\n<p>No entanto, o Internacional s\u00f3 deve liberar o atleta caso a oferta atenda \u00e0s suas exig\u00eancias financeiras. Dessa maneira, Thiago Maia tem sua perman\u00eancia no Beira-Rio condicionada a uma proposta que seja vantajosa para o clube ga\u00facho.<\/p>\n\n\n\n<h2 class=\"wp-block-heading\" id=\"h-a-expectativa-para-o-futuro-do-colorado\">A expectativa para o futuro do Colorado<\/h2>\n\n\n\n<p>Sendo assim, o Internacional vive um momento de crescimento dentro do Gauch\u00e3o e conta com pe\u00e7as-chave como Thiago Maia para seguir na luta por t\u00edtulos. A continuidade do volante no clube ser\u00e1 importante para a equipe, mas isso depender\u00e1 da negocia\u00e7\u00e3o que ocorrer\u00e1 nas pr\u00f3ximas semanas.&nbsp;<\/p>\n\n\n\n<p>Portanto, a torcida colorada segue atenta, na expectativa de mais conquistas no estadual e na sequ\u00eancia da temporada.<\/p>\n","protected":false},"excerpt":{"rendered":"<p>O Internacional segue firme na busca pelo t\u00edtulo do Gauch\u00e3o de 2025. No \u00faltimo s\u00e1bado, o Colorado empatou com o Gr\u00eamio na Arena e, com isso, manteve a lideran\u00e7a do Grupo B.&nbsp; O gol de Fernando foi o suficiente para que o time mantivesse a vantagem na competi\u00e7\u00e3o, se aproximando da classifica\u00e7\u00e3o para as semifinais. [&hellip;]<\/p>\n","protected":false},"author":25,"featured_media":169849,"comment_status":"open","ping_status":"closed","sticky":false,"template":"","format":"standard","meta":{"footnotes":""},"categories":[148],"tags":[],"class_list":["post-225630","post","type-post","status-publish","format-standard","has-post-thumbnail","hentry","category-internacional"],"yoast_head":"<!-- This site is optimized with the Yoast SEO Premium plugin v24.2 (Yoast SEO v26.9) - https:\/\/yoast.com\/product\/yoast-seo-premium-wordpress\/ -->\n<title>A declara\u00e7\u00e3o de Thiago Maia sobre a temporada do Internacional<\/title>\n<meta name=\"robots\" content=\"index, follow, max-snippet:-1, max-image-preview:large, max-video-preview:-1\" \/>\n<link rel=\"canonical\" href=\"https:\/\/www.gaveanews.com\/index.php\/2025\/02\/10\/a-declaracao-de-thiago-maia-sobre-a-temporada-do-internacional\/\" \/>\n<meta property=\"og:locale\" content=\"pt_BR\" \/>\n<meta property=\"og:type\" content=\"article\" \/>\n<meta property=\"og:title\" content=\"A declara\u00e7\u00e3o de Thiago Maia sobre a temporada do Internacional\" \/>\n<meta property=\"og:description\" content=\"O Internacional segue firme na busca pelo t\u00edtulo do Gauch\u00e3o de 2025. No \u00faltimo s\u00e1bado, o Colorado empatou com o Gr\u00eamio na Arena e, com isso, manteve a lideran\u00e7a do Grupo B.&nbsp; O gol de Fernando foi o suficiente para que o time mantivesse a vantagem na competi\u00e7\u00e3o, se aproximando da classifica\u00e7\u00e3o para as semifinais. [&hellip;]\" \/>\n<meta property=\"og:url\" content=\"https:\/\/www.gaveanews.com\/index.php\/2025\/02\/10\/a-declaracao-de-thiago-maia-sobre-a-temporada-do-internacional\/\" \/>\n<meta property=\"og:site_name\" content=\"G\u00e1vea News\" \/>\n<meta property=\"article:publisher\" content=\"https:\/\/facebook.com\/gaveaNews\/\" \/>\n<meta property=\"article:published_time\" content=\"2025-02-10T15:35:18+00:00\" \/>\n<meta property=\"og:image\" content=\"https:\/\/www.gaveanews.com\/wp-content\/uploads\/Thiago-Maia-em-acao-pelo-Internacional.webp\" \/>\n\t<meta property=\"og:image:width\" content=\"774\" \/>\n\t<meta property=\"og:image:height\" content=\"508\" \/>\n\t<meta property=\"og:image:type\" content=\"image\/jpeg\" \/>\n<meta name=\"author\" content=\"Rafaela Ladeira\" \/>\n<meta name=\"twitter:card\" content=\"summary_large_image\" \/>\n<meta name=\"twitter:label1\" content=\"Escrito por\" \/>\n\t<meta name=\"twitter:data1\" content=\"Rafaela Ladeira\" \/>\n\t<meta name=\"twitter:label2\" content=\"Est. tempo de leitura\" \/>\n\t<meta name=\"twitter:data2\" content=\"3 minutos\" \/>\n<script type=\"application\/ld+json\" class=\"yoast-schema-graph\">{\"@context\":\"https:\/\/schema.org\",\"@graph\":[{\"@type\":\"NewsArticle\",\"@id\":\"https:\/\/www.gaveanews.com\/index.php\/2025\/02\/10\/a-declaracao-de-thiago-maia-sobre-a-temporada-do-internacional\/#article\",\"isPartOf\":{\"@id\":\"https:\/\/www.gaveanews.com\/index.php\/2025\/02\/10\/a-declaracao-de-thiago-maia-sobre-a-temporada-do-internacional\/\"},\"author\":{\"name\":\"Rafaela Ladeira\",\"@id\":\"https:\/\/www.gaveanews.com\/#\/schema\/person\/0eb3e3fe1754f0205218538adbe8f5ed\"},\"headline\":\"A declara\u00e7\u00e3o de Thiago Maia sobre a temporada do Internacional\",\"datePublished\":\"2025-02-10T15:35:18+00:00\",\"mainEntityOfPage\":{\"@id\":\"https:\/\/www.gaveanews.com\/index.php\/2025\/02\/10\/a-declaracao-de-thiago-maia-sobre-a-temporada-do-internacional\/\"},\"wordCount\":390,\"commentCount\":0,\"image\":{\"@id\":\"https:\/\/www.gaveanews.com\/index.php\/2025\/02\/10\/a-declaracao-de-thiago-maia-sobre-a-temporada-do-internacional\/#primaryimage\"},\"thumbnailUrl\":\"https:\/\/www.gaveanews.com\/wp-content\/uploads\/Thiago-Maia-em-acao-pelo-Internacional.webp\",\"articleSection\":[\"Internacional\"],\"inLanguage\":\"pt-BR\",\"potentialAction\":[{\"@type\":\"CommentAction\",\"name\":\"Comment\",\"target\":[\"https:\/\/www.gaveanews.com\/index.php\/2025\/02\/10\/a-declaracao-de-thiago-maia-sobre-a-temporada-do-internacional\/#respond\"]}],\"copyrightYear\":\"2025\",\"copyrightHolder\":{\"@id\":\"https:\/\/www.gaveanews.com\/#organization\"}},{\"@type\":\"WebPage\",\"@id\":\"https:\/\/www.gaveanews.com\/index.php\/2025\/02\/10\/a-declaracao-de-thiago-maia-sobre-a-temporada-do-internacional\/\",\"url\":\"https:\/\/www.gaveanews.com\/index.php\/2025\/02\/10\/a-declaracao-de-thiago-maia-sobre-a-temporada-do-internacional\/\",\"name\":\"A declara\u00e7\u00e3o de Thiago Maia sobre a temporada do Internacional\",\"isPartOf\":{\"@id\":\"https:\/\/www.gaveanews.com\/#website\"},\"primaryImageOfPage\":{\"@id\":\"https:\/\/www.gaveanews.com\/index.php\/2025\/02\/10\/a-declaracao-de-thiago-maia-sobre-a-temporada-do-internacional\/#primaryimage\"},\"image\":{\"@id\":\"https:\/\/www.gaveanews.com\/index.php\/2025\/02\/10\/a-declaracao-de-thiago-maia-sobre-a-temporada-do-internacional\/#primaryimage\"},\"thumbnailUrl\":\"https:\/\/www.gaveanews.com\/wp-content\/uploads\/Thiago-Maia-em-acao-pelo-Internacional.webp\",\"datePublished\":\"2025-02-10T15:35:18+00:00\",\"author\":{\"@id\":\"https:\/\/www.gaveanews.com\/#\/schema\/person\/0eb3e3fe1754f0205218538adbe8f5ed\"},\"breadcrumb\":{\"@id\":\"https:\/\/www.gaveanews.com\/index.php\/2025\/02\/10\/a-declaracao-de-thiago-maia-sobre-a-temporada-do-internacional\/#breadcrumb\"},\"inLanguage\":\"pt-BR\",\"potentialAction\":[{\"@type\":\"ReadAction\",\"target\":[\"https:\/\/www.gaveanews.com\/index.php\/2025\/02\/10\/a-declaracao-de-thiago-maia-sobre-a-temporada-do-internacional\/\"]}]},{\"@type\":\"ImageObject\",\"inLanguage\":\"pt-BR\",\"@id\":\"https:\/\/www.gaveanews.com\/index.php\/2025\/02\/10\/a-declaracao-de-thiago-maia-sobre-a-temporada-do-internacional\/#primaryimage\",\"url\":\"https:\/\/www.gaveanews.com\/wp-content\/uploads\/Thiago-Maia-em-acao-pelo-Internacional.webp\",\"contentUrl\":\"https:\/\/www.gaveanews.com\/wp-content\/uploads\/Thiago-Maia-em-acao-pelo-Internacional.webp\",\"width\":774,\"height\":508,\"caption\":\"Thiago Maia em a\u00e7\u00e3o pelo Internacional (Foto: Divulga\u00e7\u00e3o\/Internacional)\"},{\"@type\":\"BreadcrumbList\",\"@id\":\"https:\/\/www.gaveanews.com\/index.php\/2025\/02\/10\/a-declaracao-de-thiago-maia-sobre-a-temporada-do-internacional\/#breadcrumb\",\"itemListElement\":[{\"@type\":\"ListItem\",\"position\":1,\"name\":\"Home\",\"item\":\"https:\/\/www.gaveanews.com\/\"},{\"@type\":\"ListItem\",\"position\":2,\"name\":\"A declara\u00e7\u00e3o de Thiago Maia sobre a temporada do Internacional\"}]},{\"@type\":\"WebSite\",\"@id\":\"https:\/\/www.gaveanews.com\/#website\",\"url\":\"https:\/\/www.gaveanews.com\/\",\"name\":\"G\u00e1vea News\",\"description\":\"Veja todas as not\u00edcias sobre o Flamengo: Contrata\u00e7\u00f5es, categorias de base, resultados das partidas, tabela de classifica\u00e7\u00e3o, pr\u00f3ximos jogos!\",\"potentialAction\":[{\"@type\":\"SearchAction\",\"target\":{\"@type\":\"EntryPoint\",\"urlTemplate\":\"https:\/\/www.gaveanews.com\/?s={search_term_string}\"},\"query-input\":{\"@type\":\"PropertyValueSpecification\",\"valueRequired\":true,\"valueName\":\"search_term_string\"}}],\"inLanguage\":\"pt-BR\"},{\"@type\":\"Person\",\"@id\":\"https:\/\/www.gaveanews.com\/#\/schema\/person\/0eb3e3fe1754f0205218538adbe8f5ed\",\"name\":\"Rafaela Ladeira\",\"image\":{\"@type\":\"ImageObject\",\"inLanguage\":\"pt-BR\",\"@id\":\"https:\/\/www.gaveanews.com\/#\/schema\/person\/image\/\",\"url\":\"https:\/\/secure.gravatar.com\/avatar\/c31f513acffd85eacab5730cbdfdbbf59f21ba5aeada8cd890acea879fbb2455?s=96&d=mm&r=g\",\"contentUrl\":\"https:\/\/secure.gravatar.com\/avatar\/c31f513acffd85eacab5730cbdfdbbf59f21ba5aeada8cd890acea879fbb2455?s=96&d=mm&r=g\",\"caption\":\"Rafaela Ladeira\"}}]}<\/script>\n<!-- \/ Yoast SEO Premium plugin. -->","yoast_head_json":{"title":"A declara\u00e7\u00e3o de Thiago Maia sobre a temporada do Internacional","robots":{"index":"index","follow":"follow","max-snippet":"max-snippet:-1","max-image-preview":"max-image-preview:large","max-video-preview":"max-video-preview:-1"},"canonical":"https:\/\/www.gaveanews.com\/index.php\/2025\/02\/10\/a-declaracao-de-thiago-maia-sobre-a-temporada-do-internacional\/","og_locale":"pt_BR","og_type":"article","og_title":"A declara\u00e7\u00e3o de Thiago Maia sobre a temporada do Internacional","og_description":"O Internacional segue firme na busca pelo t\u00edtulo do Gauch\u00e3o de 2025. No \u00faltimo s\u00e1bado, o Colorado empatou com o Gr\u00eamio na Arena e, com isso, manteve a lideran\u00e7a do Grupo B.&nbsp; O gol de Fernando foi o suficiente para que o time mantivesse a vantagem na competi\u00e7\u00e3o, se aproximando da classifica\u00e7\u00e3o para as semifinais. [&hellip;]","og_url":"https:\/\/www.gaveanews.com\/index.php\/2025\/02\/10\/a-declaracao-de-thiago-maia-sobre-a-temporada-do-internacional\/","og_site_name":"G\u00e1vea News","article_publisher":"https:\/\/facebook.com\/gaveaNews\/","article_published_time":"2025-02-10T15:35:18+00:00","og_image":[{"width":774,"height":508,"url":"https:\/\/www.gaveanews.com\/wp-content\/uploads\/Thiago-Maia-em-acao-pelo-Internacional.webp","type":"image\/jpeg"}],"author":"Rafaela Ladeira","twitter_card":"summary_large_image","twitter_misc":{"Escrito por":"Rafaela Ladeira","Est. tempo de leitura":"3 minutos"},"schema":{"@context":"https:\/\/schema.org","@graph":[{"@type":"NewsArticle","@id":"https:\/\/www.gaveanews.com\/index.php\/2025\/02\/10\/a-declaracao-de-thiago-maia-sobre-a-temporada-do-internacional\/#article","isPartOf":{"@id":"https:\/\/www.gaveanews.com\/index.php\/2025\/02\/10\/a-declaracao-de-thiago-maia-sobre-a-temporada-do-internacional\/"},"author":{"name":"Rafaela Ladeira","@id":"https:\/\/www.gaveanews.com\/#\/schema\/person\/0eb3e3fe1754f0205218538adbe8f5ed"},"headline":"A declara\u00e7\u00e3o de Thiago Maia sobre a temporada do Internacional","datePublished":"2025-02-10T15:35:18+00:00","mainEntityOfPage":{"@id":"https:\/\/www.gaveanews.com\/index.php\/2025\/02\/10\/a-declaracao-de-thiago-maia-sobre-a-temporada-do-internacional\/"},"wordCount":390,"commentCount":0,"image":{"@id":"https:\/\/www.gaveanews.com\/index.php\/2025\/02\/10\/a-declaracao-de-thiago-maia-sobre-a-temporada-do-internacional\/#primaryimage"},"thumbnailUrl":"https:\/\/www.gaveanews.com\/wp-content\/uploads\/Thiago-Maia-em-acao-pelo-Internacional.webp","articleSection":["Internacional"],"inLanguage":"pt-BR","potentialAction":[{"@type":"CommentAction","name":"Comment","target":["https:\/\/www.gaveanews.com\/index.php\/2025\/02\/10\/a-declaracao-de-thiago-maia-sobre-a-temporada-do-internacional\/#respond"]}],"copyrightYear":"2025","copyrightHolder":{"@id":"https:\/\/www.gaveanews.com\/#organization"}},{"@type":"WebPage","@id":"https:\/\/www.gaveanews.com\/index.php\/2025\/02\/10\/a-declaracao-de-thiago-maia-sobre-a-temporada-do-internacional\/","url":"https:\/\/www.gaveanews.com\/index.php\/2025\/02\/10\/a-declaracao-de-thiago-maia-sobre-a-temporada-do-internacional\/","name":"A declara\u00e7\u00e3o de Thiago Maia sobre a temporada do Internacional","isPartOf":{"@id":"https:\/\/www.gaveanews.com\/#website"},"primaryImageOfPage":{"@id":"https:\/\/www.gaveanews.com\/index.php\/2025\/02\/10\/a-declaracao-de-thiago-maia-sobre-a-temporada-do-internacional\/#primaryimage"},"image":{"@id":"https:\/\/www.gaveanews.com\/index.php\/2025\/02\/10\/a-declaracao-de-thiago-maia-sobre-a-temporada-do-internacional\/#primaryimage"},"thumbnailUrl":"https:\/\/www.gaveanews.com\/wp-content\/uploads\/Thiago-Maia-em-acao-pelo-Internacional.webp","datePublished":"2025-02-10T15:35:18+00:00","author":{"@id":"https:\/\/www.gaveanews.com\/#\/schema\/person\/0eb3e3fe1754f0205218538adbe8f5ed"},"breadcrumb":{"@id":"https:\/\/www.gaveanews.com\/index.php\/2025\/02\/10\/a-declaracao-de-thiago-maia-sobre-a-temporada-do-internacional\/#breadcrumb"},"inLanguage":"pt-BR","potentialAction":[{"@type":"ReadAction","target":["https:\/\/www.gaveanews.com\/index.php\/2025\/02\/10\/a-declaracao-de-thiago-maia-sobre-a-temporada-do-internacional\/"]}]},{"@type":"ImageObject","inLanguage":"pt-BR","@id":"https:\/\/www.gaveanews.com\/index.php\/2025\/02\/10\/a-declaracao-de-thiago-maia-sobre-a-temporada-do-internacional\/#primaryimage","url":"https:\/\/www.gaveanews.com\/wp-content\/uploads\/Thiago-Maia-em-acao-pelo-Internacional.webp","contentUrl":"https:\/\/www.gaveanews.com\/wp-content\/uploads\/Thiago-Maia-em-acao-pelo-Internacional.webp","width":774,"height":508,"caption":"Thiago Maia em a\u00e7\u00e3o pelo Internacional (Foto: Divulga\u00e7\u00e3o\/Internacional)"},{"@type":"BreadcrumbList","@id":"https:\/\/www.gaveanews.com\/index.php\/2025\/02\/10\/a-declaracao-de-thiago-maia-sobre-a-temporada-do-internacional\/#breadcrumb","itemListElement":[{"@type":"ListItem","position":1,"name":"Home","item":"https:\/\/www.gaveanews.com\/"},{"@type":"ListItem","position":2,"name":"A declara\u00e7\u00e3o de Thiago Maia sobre a temporada do Internacional"}]},{"@type":"WebSite","@id":"https:\/\/www.gaveanews.com\/#website","url":"https:\/\/www.gaveanews.com\/","name":"G\u00e1vea News","description":"Veja todas as not\u00edcias sobre o Flamengo: Contrata\u00e7\u00f5es, categorias de base, resultados das partidas, tabela de classifica\u00e7\u00e3o, pr\u00f3ximos jogos!","potentialAction":[{"@type":"SearchAction","target":{"@type":"EntryPoint","urlTemplate":"https:\/\/www.gaveanews.com\/?s={search_term_string}"},"query-input":{"@type":"PropertyValueSpecification","valueRequired":true,"valueName":"search_term_string"}}],"inLanguage":"pt-BR"},{"@type":"Person","@id":"https:\/\/www.gaveanews.com\/#\/schema\/person\/0eb3e3fe1754f0205218538adbe8f5ed","name":"Rafaela Ladeira","image":{"@type":"ImageObject","inLanguage":"pt-BR","@id":"https:\/\/www.gaveanews.com\/#\/schema\/person\/image\/","url":"https:\/\/secure.gravatar.com\/avatar\/c31f513acffd85eacab5730cbdfdbbf59f21ba5aeada8cd890acea879fbb2455?s=96&d=mm&r=g","contentUrl":"https:\/\/secure.gravatar.com\/avatar\/c31f513acffd85eacab5730cbdfdbbf59f21ba5aeada8cd890acea879fbb2455?s=96&d=mm&r=g","caption":"Rafaela Ladeira"}}]}},"_links":{"self":[{"href":"https:\/\/www.gaveanews.com\/index.php\/wp-json\/wp\/v2\/posts\/225630","targetHints":{"allow":["GET"]}}],"collection":[{"href":"https:\/\/www.gaveanews.com\/index.php\/wp-json\/wp\/v2\/posts"}],"about":[{"href":"https:\/\/www.gaveanews.com\/index.php\/wp-json\/wp\/v2\/types\/post"}],"author":[{"embeddable":true,"href":"https:\/\/www.gaveanews.com\/index.php\/wp-json\/wp\/v2\/users\/25"}],"replies":[{"embeddable":true,"href":"https:\/\/www.gaveanews.com\/index.php\/wp-json\/wp\/v2\/comments?post=225630"}],"version-history":[{"count":1,"href":"https:\/\/www.gaveanews.com\/index.php\/wp-json\/wp\/v2\/posts\/225630\/revisions"}],"predecessor-version":[{"id":225631,"href":"https:\/\/www.gaveanews.com\/index.php\/wp-json\/wp\/v2\/posts\/225630\/revisions\/225631"}],"wp:featuredmedia":[{"embeddable":true,"href":"https:\/\/www.gaveanews.com\/index.php\/wp-json\/wp\/v2\/media\/169849"}],"wp:attachment":[{"href":"https:\/\/www.gaveanews.com\/index.php\/wp-json\/wp\/v2\/media?parent=225630"}],"wp:term":[{"taxonomy":"category","embeddable":true,"href":"https:\/\/www.gaveanews.com\/index.php\/wp-json\/wp\/v2\/categories?post=225630"},{"taxonomy":"post_tag","embeddable":true,"href":"https:\/\/www.gaveanews.com\/index.php\/wp-json\/wp\/v2\/tags?post=225630"}],"curies":[{"name":"wp","href":"https:\/\/api.w.org\/{rel}","templated":true}]}}