{"id":225643,"date":"2025-02-10T14:10:24","date_gmt":"2025-02-10T17:10:24","guid":{"rendered":"https:\/\/www.gaveanews.com\/?p=225643"},"modified":"2025-02-10T14:04:34","modified_gmt":"2025-02-10T17:04:34","slug":"internacional-emite-nota-apos-polemica-em-partida-contra-o-gremio","status":"publish","type":"post","link":"https:\/\/www.gaveanews.com\/index.php\/2025\/02\/10\/internacional-emite-nota-apos-polemica-em-partida-contra-o-gremio\/","title":{"rendered":"Internacional emite nota oficial ap\u00f3s pol\u00eamica em partida contra o Gr\u00eamio"},"content":{"rendered":"\n<p>O cl\u00e1ssico Gre-Nal 444 deixou os \u00e2nimos exaltados e a arbitragem se tornou um dos principais temas de discuss\u00e3o ap\u00f3s a partida. A atua\u00e7\u00e3o do \u00e1rbitro Rafael Klein, que marcou um pol\u00eamico p\u00eanalti para o Gr\u00eamio, gerou indigna\u00e7\u00e3o nos jogadores e na diretoria do Internacional.&nbsp;<\/p>\n\n\n\n<p>A repercuss\u00e3o do lance, bem como as declara\u00e7\u00f5es do vice-presidente de Futebol do Inter, Jos\u00e9 Olavo Bisol, seguem gerando ecos nas redes sociais e na imprensa.<\/p>\n\n\n\n<h2 class=\"wp-block-heading\" id=\"h-a-polemica-do-penalti-e-o-var\">A pol\u00eamica do p\u00eanalti e o VAR<\/h2>\n\n\n\n<p>O p\u00eanalti marcado a favor do Gr\u00eamio foi um dos pontos mais questionados ap\u00f3s o Gre-Nal. O lance aconteceu aos 21 minutos do segundo tempo, quando a bola bateu no bra\u00e7o de Wanderson, que estava colado ao corpo.&nbsp;<\/p>\n\n\n\n<p>O VAR, entretanto, decidiu intervir e chamou o \u00e1rbitro para a revis\u00e3o, resultando na marca\u00e7\u00e3o da penalidade. O atacante Martin Braithwaite converteu o p\u00eanalti aos 24 minutos, colocando o Gr\u00eamio \u00e0 frente no placar.<\/p>\n\n\n\n<p>Ap\u00f3s a partida, o Internacional se manifestou sobre o epis\u00f3dio nas redes sociais. Em um comunicado oficial, o clube questionou a decis\u00e3o do VAR e a incoer\u00eancia nos crit\u00e9rios utilizados durante o jogo.&nbsp;<\/p>\n\n\n\n<p>&#8220;A bola bate no bra\u00e7o do Wanderson, colado ao corpo, mas o VAR, sempre muito \u2018atento\u2019, resolveu chamar o \u00e1rbitro&#8221;, afirmou o Inter.&nbsp;<\/p>\n\n\n\n<p>&#8220;Curioso como, quando um certo VAR est\u00e1 no comando, os lances parecem ter destino certo&#8221;, continuou a nota, sugerindo um tratamento desigual durante a arbitragem.<\/p>\n\n\n\n<h2 class=\"wp-block-heading\" id=\"h-indignacao-na-diretoria-do-inter\">Indigna\u00e7\u00e3o na diretoria do Inter<\/h2>\n\n\n\n<p>Jos\u00e9 Olavo Bisol, vice-presidente de Futebol do Internacional, tamb\u00e9m expressou sua indigna\u00e7\u00e3o com a arbitragem ap\u00f3s o cl\u00e1ssico. Em declara\u00e7\u00f5es \u00e0 imprensa, ele criticou a postura da arbitragem e a falta de crit\u00e9rios claros.&nbsp;<\/p>\n\n\n\n<p>\u201cDemonstrar a nossa indigna\u00e7\u00e3o com a postura da arbitragem, que foi uma situa\u00e7\u00e3o que estava muito clara para todo mundo\u201d, disse Bisol.&nbsp;<\/p>\n\n\n\n<p>&#8220;Pens\u00e1vamos que, por ser uma arbitragem Fifa, ela teria a capacidade de controlar o jogo de forma justa&#8221;, completou.<\/p>\n\n\n\n<p>Al\u00e9m disso, o dirigente tamb\u00e9m criticou a expuls\u00e3o do auxiliar Roberto Ribas e do t\u00e9cnico Roger Machado, que ocorreram em momentos distintos da partida. Ribas foi expulso ap\u00f3s reclamar de uma falta n\u00e3o marcada no lateral gremista Jo\u00e3o Pedro, enquanto o t\u00e9cnico Roger Machado foi afastado devido ao regulamento do torneio, que prev\u00ea a sa\u00edda do treinador quando um membro da comiss\u00e3o t\u00e9cnica \u00e9 expulso.<\/p>\n\n\n\n<h2 class=\"wp-block-heading\" id=\"h-internacional-emite-nota-sobre-o-caso\">Internacional emite nota sobre o caso<\/h2>\n\n\n\n<p>O Internacional n\u00e3o apenas questionou a arbitragem, mas tamb\u00e9m apontou as consequ\u00eancias da expuls\u00e3o de sua comiss\u00e3o t\u00e9cnica.&nbsp;<\/p>\n\n\n\n<p>\u201cIsso, para n\u00f3s, \u00e9 um preju\u00edzo enorme\u201d, disse Bisol. A sa\u00edda de dois membros da comiss\u00e3o t\u00e9cnica durante o jogo prejudicou a equipe, que, al\u00e9m disso, viu sua estrat\u00e9gia afetada pela controv\u00e9rsia envolvendo o VAR. &#8220;Demonstra a falta de preparo e organiza\u00e7\u00e3o&#8221;, declarou o dirigente.<\/p>\n\n\n\n<p>Ainda, o clube emitiu uma nota oficial sobre a pol\u00eamica em seu perfil no X. Veja a seguir:<\/p>\n\n\n\n<blockquote class=\"twitter-tweet\"><p lang=\"pt\" dir=\"ltr\">Ainda tentando entender o crit\u00e9rio do p\u00eanalti no Gre-Nal\u2026 A bola bate no bra\u00e7o do Wanderson, colado ao corpo, mas o VAR, sempre muito \u201catento\u201d, resolveu chamar o \u00e1rbitro. \ud83e\udd37<br><br>Curioso como, quando um certo VAR est\u00e1 no comando, os lances parecem ter destino certo: de um lado, tudo\u2026 <a href=\"https:\/\/t.co\/VyFHALI3qt\">pic.twitter.com\/VyFHALI3qt<\/a><\/p>&mdash; Sport Club Internacional (@SCInternacional) <a href=\"https:\/\/twitter.com\/SCInternacional\/status\/1888743677641826352?ref_src=twsrc%5Etfw\">February 10, 2025<\/a><\/blockquote> <script async src=\"https:\/\/platform.twitter.com\/widgets.js\" charset=\"utf-8\"><\/script>\n\n\n\n<p>Com isso, o Gre-Nal 444 se consolida n\u00e3o apenas como um jogo tenso e disputado, mas tamb\u00e9m como um marco nas discuss\u00f5es sobre a qualidade da arbitragem e o impacto das decis\u00f5es no cl\u00e1ssico ga\u00facho.<\/p>\n","protected":false},"excerpt":{"rendered":"<p>O cl\u00e1ssico Gre-Nal 444 deixou os \u00e2nimos exaltados e a arbitragem se tornou um dos principais temas de discuss\u00e3o ap\u00f3s a partida. A atua\u00e7\u00e3o do \u00e1rbitro Rafael Klein, que marcou um pol\u00eamico p\u00eanalti para o Gr\u00eamio, gerou indigna\u00e7\u00e3o nos jogadores e na diretoria do Internacional.&nbsp; A repercuss\u00e3o do lance, bem como as declara\u00e7\u00f5es do vice-presidente [&hellip;]<\/p>\n","protected":false},"author":25,"featured_media":173600,"comment_status":"open","ping_status":"closed","sticky":false,"template":"","format":"standard","meta":{"footnotes":""},"categories":[148],"tags":[],"class_list":["post-225643","post","type-post","status-publish","format-standard","has-post-thumbnail","hentry","category-internacional"],"yoast_head":"<!-- This site is optimized with the Yoast SEO Premium plugin v24.2 (Yoast SEO v26.9) - https:\/\/yoast.com\/product\/yoast-seo-premium-wordpress\/ -->\n<title>Internacional emite nota oficial ap\u00f3s pol\u00eamica em partida contra o Gr\u00eamio<\/title>\n<meta name=\"robots\" content=\"index, follow, max-snippet:-1, max-image-preview:large, max-video-preview:-1\" \/>\n<link rel=\"canonical\" href=\"https:\/\/www.gaveanews.com\/index.php\/2025\/02\/10\/internacional-emite-nota-apos-polemica-em-partida-contra-o-gremio\/\" \/>\n<meta property=\"og:locale\" content=\"pt_BR\" \/>\n<meta property=\"og:type\" content=\"article\" \/>\n<meta property=\"og:title\" content=\"Internacional emite nota oficial ap\u00f3s pol\u00eamica em partida contra o Gr\u00eamio\" \/>\n<meta property=\"og:description\" content=\"O cl\u00e1ssico Gre-Nal 444 deixou os \u00e2nimos exaltados e a arbitragem se tornou um dos principais temas de discuss\u00e3o ap\u00f3s a partida. A atua\u00e7\u00e3o do \u00e1rbitro Rafael Klein, que marcou um pol\u00eamico p\u00eanalti para o Gr\u00eamio, gerou indigna\u00e7\u00e3o nos jogadores e na diretoria do Internacional.&nbsp; A repercuss\u00e3o do lance, bem como as declara\u00e7\u00f5es do vice-presidente [&hellip;]\" \/>\n<meta property=\"og:url\" content=\"https:\/\/www.gaveanews.com\/index.php\/2025\/02\/10\/internacional-emite-nota-apos-polemica-em-partida-contra-o-gremio\/\" \/>\n<meta property=\"og:site_name\" content=\"G\u00e1vea News\" \/>\n<meta property=\"article:publisher\" content=\"https:\/\/facebook.com\/gaveaNews\/\" \/>\n<meta property=\"article:published_time\" content=\"2025-02-10T17:10:24+00:00\" \/>\n<meta property=\"og:image\" content=\"https:\/\/www.gaveanews.com\/wp-content\/uploads\/Escudo-do-Internacional.webp\" \/>\n\t<meta property=\"og:image:width\" content=\"1728\" \/>\n\t<meta property=\"og:image:height\" content=\"1080\" \/>\n\t<meta property=\"og:image:type\" content=\"image\/webp\" \/>\n<meta name=\"author\" content=\"Rafaela Ladeira\" \/>\n<meta name=\"twitter:card\" content=\"summary_large_image\" \/>\n<meta name=\"twitter:label1\" content=\"Escrito por\" \/>\n\t<meta name=\"twitter:data1\" content=\"Rafaela Ladeira\" \/>\n\t<meta name=\"twitter:label2\" content=\"Est. tempo de leitura\" \/>\n\t<meta name=\"twitter:data2\" content=\"3 minutos\" \/>\n<script type=\"application\/ld+json\" class=\"yoast-schema-graph\">{\"@context\":\"https:\/\/schema.org\",\"@graph\":[{\"@type\":\"NewsArticle\",\"@id\":\"https:\/\/www.gaveanews.com\/index.php\/2025\/02\/10\/internacional-emite-nota-apos-polemica-em-partida-contra-o-gremio\/#article\",\"isPartOf\":{\"@id\":\"https:\/\/www.gaveanews.com\/index.php\/2025\/02\/10\/internacional-emite-nota-apos-polemica-em-partida-contra-o-gremio\/\"},\"author\":{\"name\":\"Rafaela Ladeira\",\"@id\":\"https:\/\/www.gaveanews.com\/#\/schema\/person\/0eb3e3fe1754f0205218538adbe8f5ed\"},\"headline\":\"Internacional emite nota oficial ap\u00f3s pol\u00eamica em partida contra o Gr\u00eamio\",\"datePublished\":\"2025-02-10T17:10:24+00:00\",\"mainEntityOfPage\":{\"@id\":\"https:\/\/www.gaveanews.com\/index.php\/2025\/02\/10\/internacional-emite-nota-apos-polemica-em-partida-contra-o-gremio\/\"},\"wordCount\":642,\"commentCount\":0,\"image\":{\"@id\":\"https:\/\/www.gaveanews.com\/index.php\/2025\/02\/10\/internacional-emite-nota-apos-polemica-em-partida-contra-o-gremio\/#primaryimage\"},\"thumbnailUrl\":\"https:\/\/www.gaveanews.com\/wp-content\/uploads\/Escudo-do-Internacional.webp\",\"articleSection\":[\"Internacional\"],\"inLanguage\":\"pt-BR\",\"potentialAction\":[{\"@type\":\"CommentAction\",\"name\":\"Comment\",\"target\":[\"https:\/\/www.gaveanews.com\/index.php\/2025\/02\/10\/internacional-emite-nota-apos-polemica-em-partida-contra-o-gremio\/#respond\"]}],\"copyrightYear\":\"2025\",\"copyrightHolder\":{\"@id\":\"https:\/\/www.gaveanews.com\/#organization\"}},{\"@type\":\"WebPage\",\"@id\":\"https:\/\/www.gaveanews.com\/index.php\/2025\/02\/10\/internacional-emite-nota-apos-polemica-em-partida-contra-o-gremio\/\",\"url\":\"https:\/\/www.gaveanews.com\/index.php\/2025\/02\/10\/internacional-emite-nota-apos-polemica-em-partida-contra-o-gremio\/\",\"name\":\"Internacional emite nota oficial ap\u00f3s pol\u00eamica em partida contra o Gr\u00eamio\",\"isPartOf\":{\"@id\":\"https:\/\/www.gaveanews.com\/#website\"},\"primaryImageOfPage\":{\"@id\":\"https:\/\/www.gaveanews.com\/index.php\/2025\/02\/10\/internacional-emite-nota-apos-polemica-em-partida-contra-o-gremio\/#primaryimage\"},\"image\":{\"@id\":\"https:\/\/www.gaveanews.com\/index.php\/2025\/02\/10\/internacional-emite-nota-apos-polemica-em-partida-contra-o-gremio\/#primaryimage\"},\"thumbnailUrl\":\"https:\/\/www.gaveanews.com\/wp-content\/uploads\/Escudo-do-Internacional.webp\",\"datePublished\":\"2025-02-10T17:10:24+00:00\",\"author\":{\"@id\":\"https:\/\/www.gaveanews.com\/#\/schema\/person\/0eb3e3fe1754f0205218538adbe8f5ed\"},\"breadcrumb\":{\"@id\":\"https:\/\/www.gaveanews.com\/index.php\/2025\/02\/10\/internacional-emite-nota-apos-polemica-em-partida-contra-o-gremio\/#breadcrumb\"},\"inLanguage\":\"pt-BR\",\"potentialAction\":[{\"@type\":\"ReadAction\",\"target\":[\"https:\/\/www.gaveanews.com\/index.php\/2025\/02\/10\/internacional-emite-nota-apos-polemica-em-partida-contra-o-gremio\/\"]}]},{\"@type\":\"ImageObject\",\"inLanguage\":\"pt-BR\",\"@id\":\"https:\/\/www.gaveanews.com\/index.php\/2025\/02\/10\/internacional-emite-nota-apos-polemica-em-partida-contra-o-gremio\/#primaryimage\",\"url\":\"https:\/\/www.gaveanews.com\/wp-content\/uploads\/Escudo-do-Internacional.webp\",\"contentUrl\":\"https:\/\/www.gaveanews.com\/wp-content\/uploads\/Escudo-do-Internacional.webp\",\"width\":1728,\"height\":1080,\"caption\":\"Escudo do Internacional (Foto: Reprodu\u00e7\u00e3o)\"},{\"@type\":\"BreadcrumbList\",\"@id\":\"https:\/\/www.gaveanews.com\/index.php\/2025\/02\/10\/internacional-emite-nota-apos-polemica-em-partida-contra-o-gremio\/#breadcrumb\",\"itemListElement\":[{\"@type\":\"ListItem\",\"position\":1,\"name\":\"Home\",\"item\":\"https:\/\/www.gaveanews.com\/\"},{\"@type\":\"ListItem\",\"position\":2,\"name\":\"Internacional emite nota oficial ap\u00f3s pol\u00eamica em partida contra o Gr\u00eamio\"}]},{\"@type\":\"WebSite\",\"@id\":\"https:\/\/www.gaveanews.com\/#website\",\"url\":\"https:\/\/www.gaveanews.com\/\",\"name\":\"G\u00e1vea News\",\"description\":\"Veja todas as not\u00edcias sobre o Flamengo: Contrata\u00e7\u00f5es, categorias de base, resultados das partidas, tabela de classifica\u00e7\u00e3o, pr\u00f3ximos jogos!\",\"potentialAction\":[{\"@type\":\"SearchAction\",\"target\":{\"@type\":\"EntryPoint\",\"urlTemplate\":\"https:\/\/www.gaveanews.com\/?s={search_term_string}\"},\"query-input\":{\"@type\":\"PropertyValueSpecification\",\"valueRequired\":true,\"valueName\":\"search_term_string\"}}],\"inLanguage\":\"pt-BR\"},{\"@type\":\"Person\",\"@id\":\"https:\/\/www.gaveanews.com\/#\/schema\/person\/0eb3e3fe1754f0205218538adbe8f5ed\",\"name\":\"Rafaela Ladeira\",\"image\":{\"@type\":\"ImageObject\",\"inLanguage\":\"pt-BR\",\"@id\":\"https:\/\/www.gaveanews.com\/#\/schema\/person\/image\/\",\"url\":\"https:\/\/secure.gravatar.com\/avatar\/c31f513acffd85eacab5730cbdfdbbf59f21ba5aeada8cd890acea879fbb2455?s=96&d=mm&r=g\",\"contentUrl\":\"https:\/\/secure.gravatar.com\/avatar\/c31f513acffd85eacab5730cbdfdbbf59f21ba5aeada8cd890acea879fbb2455?s=96&d=mm&r=g\",\"caption\":\"Rafaela Ladeira\"}}]}<\/script>\n<!-- \/ Yoast SEO Premium plugin. -->","yoast_head_json":{"title":"Internacional emite nota oficial ap\u00f3s pol\u00eamica em partida contra o Gr\u00eamio","robots":{"index":"index","follow":"follow","max-snippet":"max-snippet:-1","max-image-preview":"max-image-preview:large","max-video-preview":"max-video-preview:-1"},"canonical":"https:\/\/www.gaveanews.com\/index.php\/2025\/02\/10\/internacional-emite-nota-apos-polemica-em-partida-contra-o-gremio\/","og_locale":"pt_BR","og_type":"article","og_title":"Internacional emite nota oficial ap\u00f3s pol\u00eamica em partida contra o Gr\u00eamio","og_description":"O cl\u00e1ssico Gre-Nal 444 deixou os \u00e2nimos exaltados e a arbitragem se tornou um dos principais temas de discuss\u00e3o ap\u00f3s a partida. A atua\u00e7\u00e3o do \u00e1rbitro Rafael Klein, que marcou um pol\u00eamico p\u00eanalti para o Gr\u00eamio, gerou indigna\u00e7\u00e3o nos jogadores e na diretoria do Internacional.&nbsp; A repercuss\u00e3o do lance, bem como as declara\u00e7\u00f5es do vice-presidente [&hellip;]","og_url":"https:\/\/www.gaveanews.com\/index.php\/2025\/02\/10\/internacional-emite-nota-apos-polemica-em-partida-contra-o-gremio\/","og_site_name":"G\u00e1vea News","article_publisher":"https:\/\/facebook.com\/gaveaNews\/","article_published_time":"2025-02-10T17:10:24+00:00","og_image":[{"width":1728,"height":1080,"url":"https:\/\/www.gaveanews.com\/wp-content\/uploads\/Escudo-do-Internacional.webp","type":"image\/webp"}],"author":"Rafaela Ladeira","twitter_card":"summary_large_image","twitter_misc":{"Escrito por":"Rafaela Ladeira","Est. tempo de leitura":"3 minutos"},"schema":{"@context":"https:\/\/schema.org","@graph":[{"@type":"NewsArticle","@id":"https:\/\/www.gaveanews.com\/index.php\/2025\/02\/10\/internacional-emite-nota-apos-polemica-em-partida-contra-o-gremio\/#article","isPartOf":{"@id":"https:\/\/www.gaveanews.com\/index.php\/2025\/02\/10\/internacional-emite-nota-apos-polemica-em-partida-contra-o-gremio\/"},"author":{"name":"Rafaela Ladeira","@id":"https:\/\/www.gaveanews.com\/#\/schema\/person\/0eb3e3fe1754f0205218538adbe8f5ed"},"headline":"Internacional emite nota oficial ap\u00f3s pol\u00eamica em partida contra o Gr\u00eamio","datePublished":"2025-02-10T17:10:24+00:00","mainEntityOfPage":{"@id":"https:\/\/www.gaveanews.com\/index.php\/2025\/02\/10\/internacional-emite-nota-apos-polemica-em-partida-contra-o-gremio\/"},"wordCount":642,"commentCount":0,"image":{"@id":"https:\/\/www.gaveanews.com\/index.php\/2025\/02\/10\/internacional-emite-nota-apos-polemica-em-partida-contra-o-gremio\/#primaryimage"},"thumbnailUrl":"https:\/\/www.gaveanews.com\/wp-content\/uploads\/Escudo-do-Internacional.webp","articleSection":["Internacional"],"inLanguage":"pt-BR","potentialAction":[{"@type":"CommentAction","name":"Comment","target":["https:\/\/www.gaveanews.com\/index.php\/2025\/02\/10\/internacional-emite-nota-apos-polemica-em-partida-contra-o-gremio\/#respond"]}],"copyrightYear":"2025","copyrightHolder":{"@id":"https:\/\/www.gaveanews.com\/#organization"}},{"@type":"WebPage","@id":"https:\/\/www.gaveanews.com\/index.php\/2025\/02\/10\/internacional-emite-nota-apos-polemica-em-partida-contra-o-gremio\/","url":"https:\/\/www.gaveanews.com\/index.php\/2025\/02\/10\/internacional-emite-nota-apos-polemica-em-partida-contra-o-gremio\/","name":"Internacional emite nota oficial ap\u00f3s pol\u00eamica em partida contra o Gr\u00eamio","isPartOf":{"@id":"https:\/\/www.gaveanews.com\/#website"},"primaryImageOfPage":{"@id":"https:\/\/www.gaveanews.com\/index.php\/2025\/02\/10\/internacional-emite-nota-apos-polemica-em-partida-contra-o-gremio\/#primaryimage"},"image":{"@id":"https:\/\/www.gaveanews.com\/index.php\/2025\/02\/10\/internacional-emite-nota-apos-polemica-em-partida-contra-o-gremio\/#primaryimage"},"thumbnailUrl":"https:\/\/www.gaveanews.com\/wp-content\/uploads\/Escudo-do-Internacional.webp","datePublished":"2025-02-10T17:10:24+00:00","author":{"@id":"https:\/\/www.gaveanews.com\/#\/schema\/person\/0eb3e3fe1754f0205218538adbe8f5ed"},"breadcrumb":{"@id":"https:\/\/www.gaveanews.com\/index.php\/2025\/02\/10\/internacional-emite-nota-apos-polemica-em-partida-contra-o-gremio\/#breadcrumb"},"inLanguage":"pt-BR","potentialAction":[{"@type":"ReadAction","target":["https:\/\/www.gaveanews.com\/index.php\/2025\/02\/10\/internacional-emite-nota-apos-polemica-em-partida-contra-o-gremio\/"]}]},{"@type":"ImageObject","inLanguage":"pt-BR","@id":"https:\/\/www.gaveanews.com\/index.php\/2025\/02\/10\/internacional-emite-nota-apos-polemica-em-partida-contra-o-gremio\/#primaryimage","url":"https:\/\/www.gaveanews.com\/wp-content\/uploads\/Escudo-do-Internacional.webp","contentUrl":"https:\/\/www.gaveanews.com\/wp-content\/uploads\/Escudo-do-Internacional.webp","width":1728,"height":1080,"caption":"Escudo do Internacional (Foto: Reprodu\u00e7\u00e3o)"},{"@type":"BreadcrumbList","@id":"https:\/\/www.gaveanews.com\/index.php\/2025\/02\/10\/internacional-emite-nota-apos-polemica-em-partida-contra-o-gremio\/#breadcrumb","itemListElement":[{"@type":"ListItem","position":1,"name":"Home","item":"https:\/\/www.gaveanews.com\/"},{"@type":"ListItem","position":2,"name":"Internacional emite nota oficial ap\u00f3s pol\u00eamica em partida contra o Gr\u00eamio"}]},{"@type":"WebSite","@id":"https:\/\/www.gaveanews.com\/#website","url":"https:\/\/www.gaveanews.com\/","name":"G\u00e1vea News","description":"Veja todas as not\u00edcias sobre o Flamengo: Contrata\u00e7\u00f5es, categorias de base, resultados das partidas, tabela de classifica\u00e7\u00e3o, pr\u00f3ximos jogos!","potentialAction":[{"@type":"SearchAction","target":{"@type":"EntryPoint","urlTemplate":"https:\/\/www.gaveanews.com\/?s={search_term_string}"},"query-input":{"@type":"PropertyValueSpecification","valueRequired":true,"valueName":"search_term_string"}}],"inLanguage":"pt-BR"},{"@type":"Person","@id":"https:\/\/www.gaveanews.com\/#\/schema\/person\/0eb3e3fe1754f0205218538adbe8f5ed","name":"Rafaela Ladeira","image":{"@type":"ImageObject","inLanguage":"pt-BR","@id":"https:\/\/www.gaveanews.com\/#\/schema\/person\/image\/","url":"https:\/\/secure.gravatar.com\/avatar\/c31f513acffd85eacab5730cbdfdbbf59f21ba5aeada8cd890acea879fbb2455?s=96&d=mm&r=g","contentUrl":"https:\/\/secure.gravatar.com\/avatar\/c31f513acffd85eacab5730cbdfdbbf59f21ba5aeada8cd890acea879fbb2455?s=96&d=mm&r=g","caption":"Rafaela Ladeira"}}]}},"_links":{"self":[{"href":"https:\/\/www.gaveanews.com\/index.php\/wp-json\/wp\/v2\/posts\/225643","targetHints":{"allow":["GET"]}}],"collection":[{"href":"https:\/\/www.gaveanews.com\/index.php\/wp-json\/wp\/v2\/posts"}],"about":[{"href":"https:\/\/www.gaveanews.com\/index.php\/wp-json\/wp\/v2\/types\/post"}],"author":[{"embeddable":true,"href":"https:\/\/www.gaveanews.com\/index.php\/wp-json\/wp\/v2\/users\/25"}],"replies":[{"embeddable":true,"href":"https:\/\/www.gaveanews.com\/index.php\/wp-json\/wp\/v2\/comments?post=225643"}],"version-history":[{"count":2,"href":"https:\/\/www.gaveanews.com\/index.php\/wp-json\/wp\/v2\/posts\/225643\/revisions"}],"predecessor-version":[{"id":225700,"href":"https:\/\/www.gaveanews.com\/index.php\/wp-json\/wp\/v2\/posts\/225643\/revisions\/225700"}],"wp:featuredmedia":[{"embeddable":true,"href":"https:\/\/www.gaveanews.com\/index.php\/wp-json\/wp\/v2\/media\/173600"}],"wp:attachment":[{"href":"https:\/\/www.gaveanews.com\/index.php\/wp-json\/wp\/v2\/media?parent=225643"}],"wp:term":[{"taxonomy":"category","embeddable":true,"href":"https:\/\/www.gaveanews.com\/index.php\/wp-json\/wp\/v2\/categories?post=225643"},{"taxonomy":"post_tag","embeddable":true,"href":"https:\/\/www.gaveanews.com\/index.php\/wp-json\/wp\/v2\/tags?post=225643"}],"curies":[{"name":"wp","href":"https:\/\/api.w.org\/{rel}","templated":true}]}}