{"id":225654,"date":"2025-02-10T14:35:00","date_gmt":"2025-02-10T17:35:00","guid":{"rendered":"https:\/\/www.gaveanews.com\/?p=225654"},"modified":"2025-02-10T13:56:00","modified_gmt":"2025-02-10T16:56:00","slug":"com-aval-de-quinteros-gremio-prepara-chegada-de-dois-reforcos","status":"publish","type":"post","link":"https:\/\/www.gaveanews.com\/index.php\/2025\/02\/10\/com-aval-de-quinteros-gremio-prepara-chegada-de-dois-reforcos\/","title":{"rendered":"Com Aval de Quinteros, Gr\u00eamio prepara chegada de dois refor\u00e7os"},"content":{"rendered":"\n<p>O Gr\u00eamio est\u00e1 correndo contra o tempo para refor\u00e7ar seu elenco antes do fechamento do prazo de inscri\u00e7\u00f5es no Campeonato Ga\u00facho.&nbsp;<\/p>\n\n\n\n<p>Com o fim do per\u00edodo para registros se aproximando, na pr\u00f3xima sexta-feira (14), o clube se intensificou nas negocia\u00e7\u00f5es para garantir a chegada de dois jogadores fundamentais para o t\u00e9cnico Gustavo Quinteros.&nbsp;<\/p>\n\n\n\n<p>A principal prioridade \u00e9 o atacante Cristian Oliveira, al\u00e9m de um zagueiro que ainda est\u00e1 em processo de defini\u00e7\u00e3o.<\/p>\n\n\n\n<h2 class=\"wp-block-heading\" id=\"h-cristian-oliveira-negociacao-esta-proxima-de-fechamento\">Cristian Oliveira: Negocia\u00e7\u00e3o est\u00e1 pr\u00f3xima de fechamento<\/h2>\n\n\n\n<p>O atacante uruguaio de 22 anos, atualmente no LA FC, j\u00e1 tem um acerto com o Gr\u00eamio, mas o clube ainda precisa finalizar a negocia\u00e7\u00e3o com a equipe norte-americana. Isso porque a diretoria tricolor pretende usar o dinheiro da venda de Nathan Fernandes para concretizar a contrata\u00e7\u00e3o.&nbsp;<\/p>\n\n\n\n<p>Vale destacar que a vinda de Oliveira \u00e9 um desejo claro de Quinteros, que v\u00ea no jovem atacante uma pe\u00e7a importante para o elenco.<\/p>\n\n\n\n<blockquote class=\"twitter-tweet\"><p lang=\"pt\" dir=\"ltr\">\ud83c\uddea\ud83c\uddea A CAMINHO DO GR\u00caMIO? <br><br>Edgardo Lasalvia, empres\u00e1rio de Cristian Olivera, confirma neg\u00f3cio com o Gr\u00eamio pela contrata\u00e7\u00e3o do atacante do Los Angeles FC, em entrevista \u00e0 R\u00e1dio Sport 890 do Uruguai. <br><br>(+) <a href=\"https:\/\/t.co\/Mj9g8u50ws\">pic.twitter.com\/Mj9g8u50ws<\/a><\/p>&mdash; Gua\u00edba Esporte (@GuaibaEsporte) <a href=\"https:\/\/twitter.com\/GuaibaEsporte\/status\/1886523512451686818?ref_src=twsrc%5Etfw\">February 3, 2025<\/a><\/blockquote> <script async src=\"https:\/\/platform.twitter.com\/widgets.js\" charset=\"utf-8\"><\/script>\n\n\n\n<h2 class=\"wp-block-heading\" id=\"h-a-busca-por-um-zagueiro-de-qualidade\">A busca por um zagueiro de qualidade<\/h2>\n\n\n\n<p>Al\u00e9m do atacante, o Gr\u00eamio segue em busca de um zagueiro, uma posi\u00e7\u00e3o que tamb\u00e9m se tornou prioridade para o t\u00e9cnico. O clube negocia com dois jogadores, sendo um brasileiro e outro estrangeiro.&nbsp;<\/p>\n\n\n\n<p>Sendo assim, a expectativa \u00e9 que um dos dois seja contratado nos pr\u00f3ximos dias, a tempo de ser inscrito no Gauch\u00e3o. A busca por refor\u00e7ar a defesa gremista segue, portanto, com grande urg\u00eancia, j\u00e1 que o calend\u00e1rio apertado exige agilidade nas negocia\u00e7\u00f5es.<\/p>\n\n\n\n<h2 class=\"wp-block-heading\" id=\"h-tres-reforcos-ja-anunciados-para-o-gauchao\">Tr\u00eas refor\u00e7os j\u00e1 anunciados para o Gauch\u00e3o<\/h2>\n\n\n\n<p>Caso o Gr\u00eamio n\u00e3o consiga contratar Cristian Oliveira e o zagueiro desejado a tempo de inscrev\u00ea-los no estadual, tr\u00eas refor\u00e7os j\u00e1 est\u00e3o garantidos para a reta final do Gauch\u00e3o.&nbsp;<\/p>\n\n\n\n<p>O belga Francis Amuzu, que j\u00e1 est\u00e1 em Porto Alegre, foi anunciado oficialmente. Al\u00e9m dele, Camilo Reijers j\u00e1 treina com o elenco e o lateral-esquerdo Lucas Esteves \u00e9 esperado na capital ga\u00facha at\u00e9 ter\u00e7a-feira (11).<\/p>\n\n\n\n<h2 class=\"wp-block-heading\" id=\"h-dias-decisivos-para-o-imortal-no-gauchao\">Dias decisivos para o Imortal no Gauch\u00e3o<\/h2>\n\n\n\n<p>Com um calend\u00e1rio apertado e a necessidade de refor\u00e7ar o elenco, o Gr\u00eamio vive dias decisivos para aumentar suas chances de conquistar o t\u00edtulo do Gauch\u00e3o 2025. Isso porque a prepara\u00e7\u00e3o para as semifinais do estadual j\u00e1 exige uma equipe forte e bem entrosada.<\/p>\n\n\n\n<p>Dessa maneira, a diretoria e o t\u00e9cnico Quinteros est\u00e3o trabalhando intensamente para ter todos os jogadores dispon\u00edveis a tempo, garantindo a competitividade do clube nas pr\u00f3ximas etapas do torneio.<\/p>\n","protected":false},"excerpt":{"rendered":"<p>O Gr\u00eamio est\u00e1 correndo contra o tempo para refor\u00e7ar seu elenco antes do fechamento do prazo de inscri\u00e7\u00f5es no Campeonato Ga\u00facho.&nbsp; Com o fim do per\u00edodo para registros se aproximando, na pr\u00f3xima sexta-feira (14), o clube se intensificou nas negocia\u00e7\u00f5es para garantir a chegada de dois jogadores fundamentais para o t\u00e9cnico Gustavo Quinteros.&nbsp; A principal [&hellip;]<\/p>\n","protected":false},"author":25,"featured_media":208932,"comment_status":"open","ping_status":"closed","sticky":false,"template":"","format":"standard","meta":{"footnotes":""},"categories":[147],"tags":[],"class_list":["post-225654","post","type-post","status-publish","format-standard","has-post-thumbnail","hentry","category-gremio"],"yoast_head":"<!-- This site is optimized with the Yoast SEO Premium plugin v24.2 (Yoast SEO v26.9) - https:\/\/yoast.com\/product\/yoast-seo-premium-wordpress\/ -->\n<title>Com Aval de Quinteros, Gr\u00eamio prepara chegada de dois refor\u00e7os<\/title>\n<meta name=\"robots\" content=\"index, follow, max-snippet:-1, max-image-preview:large, max-video-preview:-1\" \/>\n<link rel=\"canonical\" href=\"https:\/\/www.gaveanews.com\/index.php\/2025\/02\/10\/com-aval-de-quinteros-gremio-prepara-chegada-de-dois-reforcos\/\" \/>\n<meta property=\"og:locale\" content=\"pt_BR\" \/>\n<meta property=\"og:type\" content=\"article\" \/>\n<meta property=\"og:title\" content=\"Com Aval de Quinteros, Gr\u00eamio prepara chegada de dois refor\u00e7os\" \/>\n<meta property=\"og:description\" content=\"O Gr\u00eamio est\u00e1 correndo contra o tempo para refor\u00e7ar seu elenco antes do fechamento do prazo de inscri\u00e7\u00f5es no Campeonato Ga\u00facho.&nbsp; Com o fim do per\u00edodo para registros se aproximando, na pr\u00f3xima sexta-feira (14), o clube se intensificou nas negocia\u00e7\u00f5es para garantir a chegada de dois jogadores fundamentais para o t\u00e9cnico Gustavo Quinteros.&nbsp; A principal [&hellip;]\" \/>\n<meta property=\"og:url\" content=\"https:\/\/www.gaveanews.com\/index.php\/2025\/02\/10\/com-aval-de-quinteros-gremio-prepara-chegada-de-dois-reforcos\/\" \/>\n<meta property=\"og:site_name\" content=\"G\u00e1vea News\" \/>\n<meta property=\"article:publisher\" content=\"https:\/\/facebook.com\/gaveaNews\/\" \/>\n<meta property=\"article:published_time\" content=\"2025-02-10T17:35:00+00:00\" \/>\n<meta property=\"og:image\" content=\"https:\/\/www.gaveanews.com\/wp-content\/uploads\/Quinteros-posa-para-foto-no-estadio-do-Gremio.webp\" \/>\n\t<meta property=\"og:image:width\" content=\"1024\" \/>\n\t<meta property=\"og:image:height\" content=\"576\" \/>\n\t<meta property=\"og:image:type\" content=\"image\/webp\" \/>\n<meta name=\"author\" content=\"Rafaela Ladeira\" \/>\n<meta name=\"twitter:card\" content=\"summary_large_image\" \/>\n<meta name=\"twitter:label1\" content=\"Escrito por\" \/>\n\t<meta name=\"twitter:data1\" content=\"Rafaela Ladeira\" \/>\n\t<meta name=\"twitter:label2\" content=\"Est. tempo de leitura\" \/>\n\t<meta name=\"twitter:data2\" content=\"3 minutos\" \/>\n<script type=\"application\/ld+json\" class=\"yoast-schema-graph\">{\"@context\":\"https:\/\/schema.org\",\"@graph\":[{\"@type\":\"NewsArticle\",\"@id\":\"https:\/\/www.gaveanews.com\/index.php\/2025\/02\/10\/com-aval-de-quinteros-gremio-prepara-chegada-de-dois-reforcos\/#article\",\"isPartOf\":{\"@id\":\"https:\/\/www.gaveanews.com\/index.php\/2025\/02\/10\/com-aval-de-quinteros-gremio-prepara-chegada-de-dois-reforcos\/\"},\"author\":{\"name\":\"Rafaela Ladeira\",\"@id\":\"https:\/\/www.gaveanews.com\/#\/schema\/person\/0eb3e3fe1754f0205218538adbe8f5ed\"},\"headline\":\"Com Aval de Quinteros, Gr\u00eamio prepara chegada de dois refor\u00e7os\",\"datePublished\":\"2025-02-10T17:35:00+00:00\",\"mainEntityOfPage\":{\"@id\":\"https:\/\/www.gaveanews.com\/index.php\/2025\/02\/10\/com-aval-de-quinteros-gremio-prepara-chegada-de-dois-reforcos\/\"},\"wordCount\":491,\"commentCount\":0,\"image\":{\"@id\":\"https:\/\/www.gaveanews.com\/index.php\/2025\/02\/10\/com-aval-de-quinteros-gremio-prepara-chegada-de-dois-reforcos\/#primaryimage\"},\"thumbnailUrl\":\"https:\/\/www.gaveanews.com\/wp-content\/uploads\/Quinteros-posa-para-foto-no-estadio-do-Gremio.webp\",\"articleSection\":[\"Gr\u00eamio\"],\"inLanguage\":\"pt-BR\",\"potentialAction\":[{\"@type\":\"CommentAction\",\"name\":\"Comment\",\"target\":[\"https:\/\/www.gaveanews.com\/index.php\/2025\/02\/10\/com-aval-de-quinteros-gremio-prepara-chegada-de-dois-reforcos\/#respond\"]}],\"copyrightYear\":\"2025\",\"copyrightHolder\":{\"@id\":\"https:\/\/www.gaveanews.com\/#organization\"}},{\"@type\":\"WebPage\",\"@id\":\"https:\/\/www.gaveanews.com\/index.php\/2025\/02\/10\/com-aval-de-quinteros-gremio-prepara-chegada-de-dois-reforcos\/\",\"url\":\"https:\/\/www.gaveanews.com\/index.php\/2025\/02\/10\/com-aval-de-quinteros-gremio-prepara-chegada-de-dois-reforcos\/\",\"name\":\"Com Aval de Quinteros, Gr\u00eamio prepara chegada de dois refor\u00e7os\",\"isPartOf\":{\"@id\":\"https:\/\/www.gaveanews.com\/#website\"},\"primaryImageOfPage\":{\"@id\":\"https:\/\/www.gaveanews.com\/index.php\/2025\/02\/10\/com-aval-de-quinteros-gremio-prepara-chegada-de-dois-reforcos\/#primaryimage\"},\"image\":{\"@id\":\"https:\/\/www.gaveanews.com\/index.php\/2025\/02\/10\/com-aval-de-quinteros-gremio-prepara-chegada-de-dois-reforcos\/#primaryimage\"},\"thumbnailUrl\":\"https:\/\/www.gaveanews.com\/wp-content\/uploads\/Quinteros-posa-para-foto-no-estadio-do-Gremio.webp\",\"datePublished\":\"2025-02-10T17:35:00+00:00\",\"author\":{\"@id\":\"https:\/\/www.gaveanews.com\/#\/schema\/person\/0eb3e3fe1754f0205218538adbe8f5ed\"},\"breadcrumb\":{\"@id\":\"https:\/\/www.gaveanews.com\/index.php\/2025\/02\/10\/com-aval-de-quinteros-gremio-prepara-chegada-de-dois-reforcos\/#breadcrumb\"},\"inLanguage\":\"pt-BR\",\"potentialAction\":[{\"@type\":\"ReadAction\",\"target\":[\"https:\/\/www.gaveanews.com\/index.php\/2025\/02\/10\/com-aval-de-quinteros-gremio-prepara-chegada-de-dois-reforcos\/\"]}]},{\"@type\":\"ImageObject\",\"inLanguage\":\"pt-BR\",\"@id\":\"https:\/\/www.gaveanews.com\/index.php\/2025\/02\/10\/com-aval-de-quinteros-gremio-prepara-chegada-de-dois-reforcos\/#primaryimage\",\"url\":\"https:\/\/www.gaveanews.com\/wp-content\/uploads\/Quinteros-posa-para-foto-no-estadio-do-Gremio.webp\",\"contentUrl\":\"https:\/\/www.gaveanews.com\/wp-content\/uploads\/Quinteros-posa-para-foto-no-estadio-do-Gremio.webp\",\"width\":1024,\"height\":576,\"caption\":\"Quinteros posa para foto no est\u00e1dio do Gr\u00eamio (Foto: Lucas Uebel\/Gr\u00eamio)\"},{\"@type\":\"BreadcrumbList\",\"@id\":\"https:\/\/www.gaveanews.com\/index.php\/2025\/02\/10\/com-aval-de-quinteros-gremio-prepara-chegada-de-dois-reforcos\/#breadcrumb\",\"itemListElement\":[{\"@type\":\"ListItem\",\"position\":1,\"name\":\"Home\",\"item\":\"https:\/\/www.gaveanews.com\/\"},{\"@type\":\"ListItem\",\"position\":2,\"name\":\"Com Aval de Quinteros, Gr\u00eamio prepara chegada de dois refor\u00e7os\"}]},{\"@type\":\"WebSite\",\"@id\":\"https:\/\/www.gaveanews.com\/#website\",\"url\":\"https:\/\/www.gaveanews.com\/\",\"name\":\"G\u00e1vea News\",\"description\":\"Veja todas as not\u00edcias sobre o Flamengo: Contrata\u00e7\u00f5es, categorias de base, resultados das partidas, tabela de classifica\u00e7\u00e3o, pr\u00f3ximos jogos!\",\"potentialAction\":[{\"@type\":\"SearchAction\",\"target\":{\"@type\":\"EntryPoint\",\"urlTemplate\":\"https:\/\/www.gaveanews.com\/?s={search_term_string}\"},\"query-input\":{\"@type\":\"PropertyValueSpecification\",\"valueRequired\":true,\"valueName\":\"search_term_string\"}}],\"inLanguage\":\"pt-BR\"},{\"@type\":\"Person\",\"@id\":\"https:\/\/www.gaveanews.com\/#\/schema\/person\/0eb3e3fe1754f0205218538adbe8f5ed\",\"name\":\"Rafaela Ladeira\",\"image\":{\"@type\":\"ImageObject\",\"inLanguage\":\"pt-BR\",\"@id\":\"https:\/\/www.gaveanews.com\/#\/schema\/person\/image\/\",\"url\":\"https:\/\/secure.gravatar.com\/avatar\/c31f513acffd85eacab5730cbdfdbbf59f21ba5aeada8cd890acea879fbb2455?s=96&d=mm&r=g\",\"contentUrl\":\"https:\/\/secure.gravatar.com\/avatar\/c31f513acffd85eacab5730cbdfdbbf59f21ba5aeada8cd890acea879fbb2455?s=96&d=mm&r=g\",\"caption\":\"Rafaela Ladeira\"}}]}<\/script>\n<!-- \/ Yoast SEO Premium plugin. -->","yoast_head_json":{"title":"Com Aval de Quinteros, Gr\u00eamio prepara chegada de dois refor\u00e7os","robots":{"index":"index","follow":"follow","max-snippet":"max-snippet:-1","max-image-preview":"max-image-preview:large","max-video-preview":"max-video-preview:-1"},"canonical":"https:\/\/www.gaveanews.com\/index.php\/2025\/02\/10\/com-aval-de-quinteros-gremio-prepara-chegada-de-dois-reforcos\/","og_locale":"pt_BR","og_type":"article","og_title":"Com Aval de Quinteros, Gr\u00eamio prepara chegada de dois refor\u00e7os","og_description":"O Gr\u00eamio est\u00e1 correndo contra o tempo para refor\u00e7ar seu elenco antes do fechamento do prazo de inscri\u00e7\u00f5es no Campeonato Ga\u00facho.&nbsp; Com o fim do per\u00edodo para registros se aproximando, na pr\u00f3xima sexta-feira (14), o clube se intensificou nas negocia\u00e7\u00f5es para garantir a chegada de dois jogadores fundamentais para o t\u00e9cnico Gustavo Quinteros.&nbsp; A principal [&hellip;]","og_url":"https:\/\/www.gaveanews.com\/index.php\/2025\/02\/10\/com-aval-de-quinteros-gremio-prepara-chegada-de-dois-reforcos\/","og_site_name":"G\u00e1vea News","article_publisher":"https:\/\/facebook.com\/gaveaNews\/","article_published_time":"2025-02-10T17:35:00+00:00","og_image":[{"width":1024,"height":576,"url":"https:\/\/www.gaveanews.com\/wp-content\/uploads\/Quinteros-posa-para-foto-no-estadio-do-Gremio.webp","type":"image\/webp"}],"author":"Rafaela Ladeira","twitter_card":"summary_large_image","twitter_misc":{"Escrito por":"Rafaela Ladeira","Est. tempo de leitura":"3 minutos"},"schema":{"@context":"https:\/\/schema.org","@graph":[{"@type":"NewsArticle","@id":"https:\/\/www.gaveanews.com\/index.php\/2025\/02\/10\/com-aval-de-quinteros-gremio-prepara-chegada-de-dois-reforcos\/#article","isPartOf":{"@id":"https:\/\/www.gaveanews.com\/index.php\/2025\/02\/10\/com-aval-de-quinteros-gremio-prepara-chegada-de-dois-reforcos\/"},"author":{"name":"Rafaela Ladeira","@id":"https:\/\/www.gaveanews.com\/#\/schema\/person\/0eb3e3fe1754f0205218538adbe8f5ed"},"headline":"Com Aval de Quinteros, Gr\u00eamio prepara chegada de dois refor\u00e7os","datePublished":"2025-02-10T17:35:00+00:00","mainEntityOfPage":{"@id":"https:\/\/www.gaveanews.com\/index.php\/2025\/02\/10\/com-aval-de-quinteros-gremio-prepara-chegada-de-dois-reforcos\/"},"wordCount":491,"commentCount":0,"image":{"@id":"https:\/\/www.gaveanews.com\/index.php\/2025\/02\/10\/com-aval-de-quinteros-gremio-prepara-chegada-de-dois-reforcos\/#primaryimage"},"thumbnailUrl":"https:\/\/www.gaveanews.com\/wp-content\/uploads\/Quinteros-posa-para-foto-no-estadio-do-Gremio.webp","articleSection":["Gr\u00eamio"],"inLanguage":"pt-BR","potentialAction":[{"@type":"CommentAction","name":"Comment","target":["https:\/\/www.gaveanews.com\/index.php\/2025\/02\/10\/com-aval-de-quinteros-gremio-prepara-chegada-de-dois-reforcos\/#respond"]}],"copyrightYear":"2025","copyrightHolder":{"@id":"https:\/\/www.gaveanews.com\/#organization"}},{"@type":"WebPage","@id":"https:\/\/www.gaveanews.com\/index.php\/2025\/02\/10\/com-aval-de-quinteros-gremio-prepara-chegada-de-dois-reforcos\/","url":"https:\/\/www.gaveanews.com\/index.php\/2025\/02\/10\/com-aval-de-quinteros-gremio-prepara-chegada-de-dois-reforcos\/","name":"Com Aval de Quinteros, Gr\u00eamio prepara chegada de dois refor\u00e7os","isPartOf":{"@id":"https:\/\/www.gaveanews.com\/#website"},"primaryImageOfPage":{"@id":"https:\/\/www.gaveanews.com\/index.php\/2025\/02\/10\/com-aval-de-quinteros-gremio-prepara-chegada-de-dois-reforcos\/#primaryimage"},"image":{"@id":"https:\/\/www.gaveanews.com\/index.php\/2025\/02\/10\/com-aval-de-quinteros-gremio-prepara-chegada-de-dois-reforcos\/#primaryimage"},"thumbnailUrl":"https:\/\/www.gaveanews.com\/wp-content\/uploads\/Quinteros-posa-para-foto-no-estadio-do-Gremio.webp","datePublished":"2025-02-10T17:35:00+00:00","author":{"@id":"https:\/\/www.gaveanews.com\/#\/schema\/person\/0eb3e3fe1754f0205218538adbe8f5ed"},"breadcrumb":{"@id":"https:\/\/www.gaveanews.com\/index.php\/2025\/02\/10\/com-aval-de-quinteros-gremio-prepara-chegada-de-dois-reforcos\/#breadcrumb"},"inLanguage":"pt-BR","potentialAction":[{"@type":"ReadAction","target":["https:\/\/www.gaveanews.com\/index.php\/2025\/02\/10\/com-aval-de-quinteros-gremio-prepara-chegada-de-dois-reforcos\/"]}]},{"@type":"ImageObject","inLanguage":"pt-BR","@id":"https:\/\/www.gaveanews.com\/index.php\/2025\/02\/10\/com-aval-de-quinteros-gremio-prepara-chegada-de-dois-reforcos\/#primaryimage","url":"https:\/\/www.gaveanews.com\/wp-content\/uploads\/Quinteros-posa-para-foto-no-estadio-do-Gremio.webp","contentUrl":"https:\/\/www.gaveanews.com\/wp-content\/uploads\/Quinteros-posa-para-foto-no-estadio-do-Gremio.webp","width":1024,"height":576,"caption":"Quinteros posa para foto no est\u00e1dio do Gr\u00eamio (Foto: Lucas Uebel\/Gr\u00eamio)"},{"@type":"BreadcrumbList","@id":"https:\/\/www.gaveanews.com\/index.php\/2025\/02\/10\/com-aval-de-quinteros-gremio-prepara-chegada-de-dois-reforcos\/#breadcrumb","itemListElement":[{"@type":"ListItem","position":1,"name":"Home","item":"https:\/\/www.gaveanews.com\/"},{"@type":"ListItem","position":2,"name":"Com Aval de Quinteros, Gr\u00eamio prepara chegada de dois refor\u00e7os"}]},{"@type":"WebSite","@id":"https:\/\/www.gaveanews.com\/#website","url":"https:\/\/www.gaveanews.com\/","name":"G\u00e1vea News","description":"Veja todas as not\u00edcias sobre o Flamengo: Contrata\u00e7\u00f5es, categorias de base, resultados das partidas, tabela de classifica\u00e7\u00e3o, pr\u00f3ximos jogos!","potentialAction":[{"@type":"SearchAction","target":{"@type":"EntryPoint","urlTemplate":"https:\/\/www.gaveanews.com\/?s={search_term_string}"},"query-input":{"@type":"PropertyValueSpecification","valueRequired":true,"valueName":"search_term_string"}}],"inLanguage":"pt-BR"},{"@type":"Person","@id":"https:\/\/www.gaveanews.com\/#\/schema\/person\/0eb3e3fe1754f0205218538adbe8f5ed","name":"Rafaela Ladeira","image":{"@type":"ImageObject","inLanguage":"pt-BR","@id":"https:\/\/www.gaveanews.com\/#\/schema\/person\/image\/","url":"https:\/\/secure.gravatar.com\/avatar\/c31f513acffd85eacab5730cbdfdbbf59f21ba5aeada8cd890acea879fbb2455?s=96&d=mm&r=g","contentUrl":"https:\/\/secure.gravatar.com\/avatar\/c31f513acffd85eacab5730cbdfdbbf59f21ba5aeada8cd890acea879fbb2455?s=96&d=mm&r=g","caption":"Rafaela Ladeira"}}]}},"_links":{"self":[{"href":"https:\/\/www.gaveanews.com\/index.php\/wp-json\/wp\/v2\/posts\/225654","targetHints":{"allow":["GET"]}}],"collection":[{"href":"https:\/\/www.gaveanews.com\/index.php\/wp-json\/wp\/v2\/posts"}],"about":[{"href":"https:\/\/www.gaveanews.com\/index.php\/wp-json\/wp\/v2\/types\/post"}],"author":[{"embeddable":true,"href":"https:\/\/www.gaveanews.com\/index.php\/wp-json\/wp\/v2\/users\/25"}],"replies":[{"embeddable":true,"href":"https:\/\/www.gaveanews.com\/index.php\/wp-json\/wp\/v2\/comments?post=225654"}],"version-history":[{"count":1,"href":"https:\/\/www.gaveanews.com\/index.php\/wp-json\/wp\/v2\/posts\/225654\/revisions"}],"predecessor-version":[{"id":225655,"href":"https:\/\/www.gaveanews.com\/index.php\/wp-json\/wp\/v2\/posts\/225654\/revisions\/225655"}],"wp:featuredmedia":[{"embeddable":true,"href":"https:\/\/www.gaveanews.com\/index.php\/wp-json\/wp\/v2\/media\/208932"}],"wp:attachment":[{"href":"https:\/\/www.gaveanews.com\/index.php\/wp-json\/wp\/v2\/media?parent=225654"}],"wp:term":[{"taxonomy":"category","embeddable":true,"href":"https:\/\/www.gaveanews.com\/index.php\/wp-json\/wp\/v2\/categories?post=225654"},{"taxonomy":"post_tag","embeddable":true,"href":"https:\/\/www.gaveanews.com\/index.php\/wp-json\/wp\/v2\/tags?post=225654"}],"curies":[{"name":"wp","href":"https:\/\/api.w.org\/{rel}","templated":true}]}}