{"id":225663,"date":"2025-02-10T15:25:20","date_gmt":"2025-02-10T18:25:20","guid":{"rendered":"https:\/\/www.gaveanews.com\/?p=225663"},"modified":"2025-02-10T15:17:26","modified_gmt":"2025-02-10T18:17:26","slug":"a-declaracao-de-cuca-apos-a-vitoria-do-atletico-mg-diante-do-cruzeiro","status":"publish","type":"post","link":"https:\/\/www.gaveanews.com\/index.php\/2025\/02\/10\/a-declaracao-de-cuca-apos-a-vitoria-do-atletico-mg-diante-do-cruzeiro\/","title":{"rendered":"A declara\u00e7\u00e3o de Cuca ap\u00f3s a vit\u00f3ria do Atl\u00e9tico-MG diante do Cruzeiro"},"content":{"rendered":"\n<p>O cl\u00e1ssico mineiro entre Atl\u00e9tico-MG e Cruzeiro foi marcado por emo\u00e7\u00e3o, pol\u00eamica e uma atua\u00e7\u00e3o de gala de Hulk. O atacante do Galo, que j\u00e1 havia prometido marcar dois gols, cumpriu a palavra e garantiu a vit\u00f3ria de sua equipe no Mineir\u00e3o.&nbsp;<\/p>\n\n\n\n<p>Al\u00e9m disso, a partida contou com a expuls\u00e3o de Gabigol, fato que mudou o rumo do jogo e influenciou diretamente as decis\u00f5es t\u00e1ticas de Cuca.<\/p>\n\n\n\n<h2 class=\"wp-block-heading\" id=\"h-cuca-analisa-a-importancia-da-vitoria\">Cuca analisa a import\u00e2ncia da vit\u00f3ria<\/h2>\n\n\n\n<p>Durante a coletiva de imprensa, o t\u00e9cnico Cuca destacou a relev\u00e2ncia do resultado para as ambi\u00e7\u00f5es do Atl\u00e9tico-MG no Campeonato Mineiro.<\/p>\n\n\n\n<p>\u201cPrimeiro de tudo, temos que comemorar internamente, sem estripulias, mas comemorar, pois era um jogo decisivo. A derrota hoje, e at\u00e9 mesmo o empate, nos eliminaria praticamente do Campeonato Mineiro. E voc\u00eas sabem como \u00e9 o cl\u00e1ssico com mando de campo, 60 mil pessoas, time de mesma qualidade da sua, sendo o Cruzeiro. Ent\u00e3o, ultrapassamos tudo isso, sobretudo porque nos preparamos muito bem para esse jogo. Durante toda a semana, treinamos bem. E hoje fizemos um grande jogo\u201d, afirmou o treinador.<\/p>\n\n\n\n<p>Vale destacar que a postura do time demonstrou organiza\u00e7\u00e3o e seguran\u00e7a, fator essencial para neutralizar as a\u00e7\u00f5es ofensivas do Cruzeiro.<\/p>\n\n\n\n<h2 class=\"wp-block-heading\" id=\"h-expulsao-de-gabigol-muda-o-jogo\">Expuls\u00e3o de Gabigol muda o jogo<\/h2>\n\n\n\n<p>O duelo estava equilibrado at\u00e9 que, aos 30 minutos, Gabigol foi expulso ap\u00f3s acertar uma cotovelada em Lyanco. Por isso, Cuca ajustou a equipe para aproveitar a vantagem num\u00e9rica em campo.<\/p>\n\n\n\n<p>\u201cAt\u00e9 a expuls\u00e3o do Gabigol, acho que o jogo estava muito igual, com uma pequena vantagem para n\u00f3s, um pouco mais de controle do jogo. Mas o Cruzeiro teve chance pela direita, que cruzou e o Gabigol bateu, mas o Everson pegou. Tivemos jogadas importantes no ataque, estava um jogo gostoso. Ocorreu a expuls\u00e3o, e eu pensei em fazer a troca no momento, mas achei que o time n\u00e3o entenderia a mudan\u00e7a naquele momento\u201d, explicou o treinador.<\/p>\n\n\n\n<h2 class=\"wp-block-heading\" id=\"h-ajuste-tatico-e-controle-da-partida\">Ajuste t\u00e1tico e controle da partida<\/h2>\n\n\n\n<p>Com a sa\u00edda de Gabigol, o Cruzeiro precisou reorganizar seu meio-campo, deixando Matheus Pereira mais avan\u00e7ado. Sendo assim, Cuca percebeu uma oportunidade para assumir o controle do jogo e fez mudan\u00e7as estrat\u00e9gicas.<\/p>\n\n\n\n<p>\u201cQuando vimos o posicionamento do Cruzeiro, com duas linhas de quatro e o Matheus (Pereira) mais adiante, entendemos que n\u00e3o precisar\u00edamos de dois zagueiros. Bastava um zagueiro na sobra, como ficou o Lyanco. L\u00f3gico, h\u00e1 o risco de contra-ataque, mas com um homem a mais no meio, criamos oportunidades at\u00e9 fazer o gol. A\u00ed o jogo ficou mais tranquilo, sem tanto risco. Tivemos controle do jogo, sem dar uma chance clara para o rival empatar, e fomos coroados, no fim, com mais um gol, um gol de contra-ataque, que definiu a partida\u201d, concluiu Cuca.<\/p>\n\n\n\n<p>Cabe ressaltar que essa vit\u00f3ria fortalece o Atl\u00e9tico-MG na competi\u00e7\u00e3o e refor\u00e7a a import\u00e2ncia das estrat\u00e9gias do treinador. Dessa maneira, o Galo segue firme na busca pelo t\u00edtulo estadual.<\/p>\n","protected":false},"excerpt":{"rendered":"<p>O cl\u00e1ssico mineiro entre Atl\u00e9tico-MG e Cruzeiro foi marcado por emo\u00e7\u00e3o, pol\u00eamica e uma atua\u00e7\u00e3o de gala de Hulk. O atacante do Galo, que j\u00e1 havia prometido marcar dois gols, cumpriu a palavra e garantiu a vit\u00f3ria de sua equipe no Mineir\u00e3o.&nbsp; Al\u00e9m disso, a partida contou com a expuls\u00e3o de Gabigol, fato que mudou [&hellip;]<\/p>\n","protected":false},"author":25,"featured_media":68026,"comment_status":"open","ping_status":"closed","sticky":false,"template":"","format":"standard","meta":{"footnotes":""},"categories":[136],"tags":[],"class_list":["post-225663","post","type-post","status-publish","format-standard","has-post-thumbnail","hentry","category-atletico-mg"],"yoast_head":"<!-- This site is optimized with the Yoast SEO Premium plugin v24.2 (Yoast SEO v26.9) - https:\/\/yoast.com\/product\/yoast-seo-premium-wordpress\/ -->\n<title>A declara\u00e7\u00e3o de Cuca ap\u00f3s a vit\u00f3ria do Atl\u00e9tico-MG diante do Cruzeiro<\/title>\n<meta name=\"robots\" content=\"index, follow, max-snippet:-1, max-image-preview:large, max-video-preview:-1\" \/>\n<link rel=\"canonical\" href=\"https:\/\/www.gaveanews.com\/index.php\/2025\/02\/10\/a-declaracao-de-cuca-apos-a-vitoria-do-atletico-mg-diante-do-cruzeiro\/\" \/>\n<meta property=\"og:locale\" content=\"pt_BR\" \/>\n<meta property=\"og:type\" content=\"article\" \/>\n<meta property=\"og:title\" content=\"A declara\u00e7\u00e3o de Cuca ap\u00f3s a vit\u00f3ria do Atl\u00e9tico-MG diante do Cruzeiro\" \/>\n<meta property=\"og:description\" content=\"O cl\u00e1ssico mineiro entre Atl\u00e9tico-MG e Cruzeiro foi marcado por emo\u00e7\u00e3o, pol\u00eamica e uma atua\u00e7\u00e3o de gala de Hulk. O atacante do Galo, que j\u00e1 havia prometido marcar dois gols, cumpriu a palavra e garantiu a vit\u00f3ria de sua equipe no Mineir\u00e3o.&nbsp; Al\u00e9m disso, a partida contou com a expuls\u00e3o de Gabigol, fato que mudou [&hellip;]\" \/>\n<meta property=\"og:url\" content=\"https:\/\/www.gaveanews.com\/index.php\/2025\/02\/10\/a-declaracao-de-cuca-apos-a-vitoria-do-atletico-mg-diante-do-cruzeiro\/\" \/>\n<meta property=\"og:site_name\" content=\"G\u00e1vea News\" \/>\n<meta property=\"article:publisher\" content=\"https:\/\/facebook.com\/gaveaNews\/\" \/>\n<meta property=\"article:published_time\" content=\"2025-02-10T18:25:20+00:00\" \/>\n<meta property=\"og:image\" content=\"https:\/\/www.gaveanews.com\/wp-content\/uploads\/Cuca-tecnico-do-Atletico-MG.webp\" \/>\n\t<meta property=\"og:image:width\" content=\"1024\" \/>\n\t<meta property=\"og:image:height\" content=\"683\" \/>\n\t<meta property=\"og:image:type\" content=\"image\/jpeg\" \/>\n<meta name=\"author\" content=\"Rafaela Ladeira\" \/>\n<meta name=\"twitter:card\" content=\"summary_large_image\" \/>\n<meta name=\"twitter:label1\" content=\"Escrito por\" \/>\n\t<meta name=\"twitter:data1\" content=\"Rafaela Ladeira\" \/>\n\t<meta name=\"twitter:label2\" content=\"Est. tempo de leitura\" \/>\n\t<meta name=\"twitter:data2\" content=\"3 minutos\" \/>\n<script type=\"application\/ld+json\" class=\"yoast-schema-graph\">{\"@context\":\"https:\/\/schema.org\",\"@graph\":[{\"@type\":\"NewsArticle\",\"@id\":\"https:\/\/www.gaveanews.com\/index.php\/2025\/02\/10\/a-declaracao-de-cuca-apos-a-vitoria-do-atletico-mg-diante-do-cruzeiro\/#article\",\"isPartOf\":{\"@id\":\"https:\/\/www.gaveanews.com\/index.php\/2025\/02\/10\/a-declaracao-de-cuca-apos-a-vitoria-do-atletico-mg-diante-do-cruzeiro\/\"},\"author\":{\"name\":\"Rafaela Ladeira\",\"@id\":\"https:\/\/www.gaveanews.com\/#\/schema\/person\/0eb3e3fe1754f0205218538adbe8f5ed\"},\"headline\":\"A declara\u00e7\u00e3o de Cuca ap\u00f3s a vit\u00f3ria do Atl\u00e9tico-MG diante do Cruzeiro\",\"datePublished\":\"2025-02-10T18:25:20+00:00\",\"mainEntityOfPage\":{\"@id\":\"https:\/\/www.gaveanews.com\/index.php\/2025\/02\/10\/a-declaracao-de-cuca-apos-a-vitoria-do-atletico-mg-diante-do-cruzeiro\/\"},\"wordCount\":530,\"commentCount\":0,\"image\":{\"@id\":\"https:\/\/www.gaveanews.com\/index.php\/2025\/02\/10\/a-declaracao-de-cuca-apos-a-vitoria-do-atletico-mg-diante-do-cruzeiro\/#primaryimage\"},\"thumbnailUrl\":\"https:\/\/www.gaveanews.com\/wp-content\/uploads\/Cuca-tecnico-do-Atletico-MG.webp\",\"articleSection\":[\"Atl\u00e9tico-MG\"],\"inLanguage\":\"pt-BR\",\"potentialAction\":[{\"@type\":\"CommentAction\",\"name\":\"Comment\",\"target\":[\"https:\/\/www.gaveanews.com\/index.php\/2025\/02\/10\/a-declaracao-de-cuca-apos-a-vitoria-do-atletico-mg-diante-do-cruzeiro\/#respond\"]}],\"copyrightYear\":\"2025\",\"copyrightHolder\":{\"@id\":\"https:\/\/www.gaveanews.com\/#organization\"}},{\"@type\":\"WebPage\",\"@id\":\"https:\/\/www.gaveanews.com\/index.php\/2025\/02\/10\/a-declaracao-de-cuca-apos-a-vitoria-do-atletico-mg-diante-do-cruzeiro\/\",\"url\":\"https:\/\/www.gaveanews.com\/index.php\/2025\/02\/10\/a-declaracao-de-cuca-apos-a-vitoria-do-atletico-mg-diante-do-cruzeiro\/\",\"name\":\"A declara\u00e7\u00e3o de Cuca ap\u00f3s a vit\u00f3ria do Atl\u00e9tico-MG diante do Cruzeiro\",\"isPartOf\":{\"@id\":\"https:\/\/www.gaveanews.com\/#website\"},\"primaryImageOfPage\":{\"@id\":\"https:\/\/www.gaveanews.com\/index.php\/2025\/02\/10\/a-declaracao-de-cuca-apos-a-vitoria-do-atletico-mg-diante-do-cruzeiro\/#primaryimage\"},\"image\":{\"@id\":\"https:\/\/www.gaveanews.com\/index.php\/2025\/02\/10\/a-declaracao-de-cuca-apos-a-vitoria-do-atletico-mg-diante-do-cruzeiro\/#primaryimage\"},\"thumbnailUrl\":\"https:\/\/www.gaveanews.com\/wp-content\/uploads\/Cuca-tecnico-do-Atletico-MG.webp\",\"datePublished\":\"2025-02-10T18:25:20+00:00\",\"author\":{\"@id\":\"https:\/\/www.gaveanews.com\/#\/schema\/person\/0eb3e3fe1754f0205218538adbe8f5ed\"},\"breadcrumb\":{\"@id\":\"https:\/\/www.gaveanews.com\/index.php\/2025\/02\/10\/a-declaracao-de-cuca-apos-a-vitoria-do-atletico-mg-diante-do-cruzeiro\/#breadcrumb\"},\"inLanguage\":\"pt-BR\",\"potentialAction\":[{\"@type\":\"ReadAction\",\"target\":[\"https:\/\/www.gaveanews.com\/index.php\/2025\/02\/10\/a-declaracao-de-cuca-apos-a-vitoria-do-atletico-mg-diante-do-cruzeiro\/\"]}]},{\"@type\":\"ImageObject\",\"inLanguage\":\"pt-BR\",\"@id\":\"https:\/\/www.gaveanews.com\/index.php\/2025\/02\/10\/a-declaracao-de-cuca-apos-a-vitoria-do-atletico-mg-diante-do-cruzeiro\/#primaryimage\",\"url\":\"https:\/\/www.gaveanews.com\/wp-content\/uploads\/Cuca-tecnico-do-Atletico-MG.webp\",\"contentUrl\":\"https:\/\/www.gaveanews.com\/wp-content\/uploads\/Cuca-tecnico-do-Atletico-MG.webp\",\"width\":1024,\"height\":683,\"caption\":\"Cuca como treinador do Atl\u00e9tico-MG (Foto: Bruno Cantini\/Atl\u00e9tico-MG)\"},{\"@type\":\"BreadcrumbList\",\"@id\":\"https:\/\/www.gaveanews.com\/index.php\/2025\/02\/10\/a-declaracao-de-cuca-apos-a-vitoria-do-atletico-mg-diante-do-cruzeiro\/#breadcrumb\",\"itemListElement\":[{\"@type\":\"ListItem\",\"position\":1,\"name\":\"Home\",\"item\":\"https:\/\/www.gaveanews.com\/\"},{\"@type\":\"ListItem\",\"position\":2,\"name\":\"A declara\u00e7\u00e3o de Cuca ap\u00f3s a vit\u00f3ria do Atl\u00e9tico-MG diante do Cruzeiro\"}]},{\"@type\":\"WebSite\",\"@id\":\"https:\/\/www.gaveanews.com\/#website\",\"url\":\"https:\/\/www.gaveanews.com\/\",\"name\":\"G\u00e1vea News\",\"description\":\"Veja todas as not\u00edcias sobre o Flamengo: Contrata\u00e7\u00f5es, categorias de base, resultados das partidas, tabela de classifica\u00e7\u00e3o, pr\u00f3ximos jogos!\",\"potentialAction\":[{\"@type\":\"SearchAction\",\"target\":{\"@type\":\"EntryPoint\",\"urlTemplate\":\"https:\/\/www.gaveanews.com\/?s={search_term_string}\"},\"query-input\":{\"@type\":\"PropertyValueSpecification\",\"valueRequired\":true,\"valueName\":\"search_term_string\"}}],\"inLanguage\":\"pt-BR\"},{\"@type\":\"Person\",\"@id\":\"https:\/\/www.gaveanews.com\/#\/schema\/person\/0eb3e3fe1754f0205218538adbe8f5ed\",\"name\":\"Rafaela Ladeira\",\"image\":{\"@type\":\"ImageObject\",\"inLanguage\":\"pt-BR\",\"@id\":\"https:\/\/www.gaveanews.com\/#\/schema\/person\/image\/\",\"url\":\"https:\/\/secure.gravatar.com\/avatar\/c31f513acffd85eacab5730cbdfdbbf59f21ba5aeada8cd890acea879fbb2455?s=96&d=mm&r=g\",\"contentUrl\":\"https:\/\/secure.gravatar.com\/avatar\/c31f513acffd85eacab5730cbdfdbbf59f21ba5aeada8cd890acea879fbb2455?s=96&d=mm&r=g\",\"caption\":\"Rafaela Ladeira\"}}]}<\/script>\n<!-- \/ Yoast SEO Premium plugin. -->","yoast_head_json":{"title":"A declara\u00e7\u00e3o de Cuca ap\u00f3s a vit\u00f3ria do Atl\u00e9tico-MG diante do Cruzeiro","robots":{"index":"index","follow":"follow","max-snippet":"max-snippet:-1","max-image-preview":"max-image-preview:large","max-video-preview":"max-video-preview:-1"},"canonical":"https:\/\/www.gaveanews.com\/index.php\/2025\/02\/10\/a-declaracao-de-cuca-apos-a-vitoria-do-atletico-mg-diante-do-cruzeiro\/","og_locale":"pt_BR","og_type":"article","og_title":"A declara\u00e7\u00e3o de Cuca ap\u00f3s a vit\u00f3ria do Atl\u00e9tico-MG diante do Cruzeiro","og_description":"O cl\u00e1ssico mineiro entre Atl\u00e9tico-MG e Cruzeiro foi marcado por emo\u00e7\u00e3o, pol\u00eamica e uma atua\u00e7\u00e3o de gala de Hulk. O atacante do Galo, que j\u00e1 havia prometido marcar dois gols, cumpriu a palavra e garantiu a vit\u00f3ria de sua equipe no Mineir\u00e3o.&nbsp; Al\u00e9m disso, a partida contou com a expuls\u00e3o de Gabigol, fato que mudou [&hellip;]","og_url":"https:\/\/www.gaveanews.com\/index.php\/2025\/02\/10\/a-declaracao-de-cuca-apos-a-vitoria-do-atletico-mg-diante-do-cruzeiro\/","og_site_name":"G\u00e1vea News","article_publisher":"https:\/\/facebook.com\/gaveaNews\/","article_published_time":"2025-02-10T18:25:20+00:00","og_image":[{"width":1024,"height":683,"url":"https:\/\/www.gaveanews.com\/wp-content\/uploads\/Cuca-tecnico-do-Atletico-MG.webp","type":"image\/jpeg"}],"author":"Rafaela Ladeira","twitter_card":"summary_large_image","twitter_misc":{"Escrito por":"Rafaela Ladeira","Est. tempo de leitura":"3 minutos"},"schema":{"@context":"https:\/\/schema.org","@graph":[{"@type":"NewsArticle","@id":"https:\/\/www.gaveanews.com\/index.php\/2025\/02\/10\/a-declaracao-de-cuca-apos-a-vitoria-do-atletico-mg-diante-do-cruzeiro\/#article","isPartOf":{"@id":"https:\/\/www.gaveanews.com\/index.php\/2025\/02\/10\/a-declaracao-de-cuca-apos-a-vitoria-do-atletico-mg-diante-do-cruzeiro\/"},"author":{"name":"Rafaela Ladeira","@id":"https:\/\/www.gaveanews.com\/#\/schema\/person\/0eb3e3fe1754f0205218538adbe8f5ed"},"headline":"A declara\u00e7\u00e3o de Cuca ap\u00f3s a vit\u00f3ria do Atl\u00e9tico-MG diante do Cruzeiro","datePublished":"2025-02-10T18:25:20+00:00","mainEntityOfPage":{"@id":"https:\/\/www.gaveanews.com\/index.php\/2025\/02\/10\/a-declaracao-de-cuca-apos-a-vitoria-do-atletico-mg-diante-do-cruzeiro\/"},"wordCount":530,"commentCount":0,"image":{"@id":"https:\/\/www.gaveanews.com\/index.php\/2025\/02\/10\/a-declaracao-de-cuca-apos-a-vitoria-do-atletico-mg-diante-do-cruzeiro\/#primaryimage"},"thumbnailUrl":"https:\/\/www.gaveanews.com\/wp-content\/uploads\/Cuca-tecnico-do-Atletico-MG.webp","articleSection":["Atl\u00e9tico-MG"],"inLanguage":"pt-BR","potentialAction":[{"@type":"CommentAction","name":"Comment","target":["https:\/\/www.gaveanews.com\/index.php\/2025\/02\/10\/a-declaracao-de-cuca-apos-a-vitoria-do-atletico-mg-diante-do-cruzeiro\/#respond"]}],"copyrightYear":"2025","copyrightHolder":{"@id":"https:\/\/www.gaveanews.com\/#organization"}},{"@type":"WebPage","@id":"https:\/\/www.gaveanews.com\/index.php\/2025\/02\/10\/a-declaracao-de-cuca-apos-a-vitoria-do-atletico-mg-diante-do-cruzeiro\/","url":"https:\/\/www.gaveanews.com\/index.php\/2025\/02\/10\/a-declaracao-de-cuca-apos-a-vitoria-do-atletico-mg-diante-do-cruzeiro\/","name":"A declara\u00e7\u00e3o de Cuca ap\u00f3s a vit\u00f3ria do Atl\u00e9tico-MG diante do Cruzeiro","isPartOf":{"@id":"https:\/\/www.gaveanews.com\/#website"},"primaryImageOfPage":{"@id":"https:\/\/www.gaveanews.com\/index.php\/2025\/02\/10\/a-declaracao-de-cuca-apos-a-vitoria-do-atletico-mg-diante-do-cruzeiro\/#primaryimage"},"image":{"@id":"https:\/\/www.gaveanews.com\/index.php\/2025\/02\/10\/a-declaracao-de-cuca-apos-a-vitoria-do-atletico-mg-diante-do-cruzeiro\/#primaryimage"},"thumbnailUrl":"https:\/\/www.gaveanews.com\/wp-content\/uploads\/Cuca-tecnico-do-Atletico-MG.webp","datePublished":"2025-02-10T18:25:20+00:00","author":{"@id":"https:\/\/www.gaveanews.com\/#\/schema\/person\/0eb3e3fe1754f0205218538adbe8f5ed"},"breadcrumb":{"@id":"https:\/\/www.gaveanews.com\/index.php\/2025\/02\/10\/a-declaracao-de-cuca-apos-a-vitoria-do-atletico-mg-diante-do-cruzeiro\/#breadcrumb"},"inLanguage":"pt-BR","potentialAction":[{"@type":"ReadAction","target":["https:\/\/www.gaveanews.com\/index.php\/2025\/02\/10\/a-declaracao-de-cuca-apos-a-vitoria-do-atletico-mg-diante-do-cruzeiro\/"]}]},{"@type":"ImageObject","inLanguage":"pt-BR","@id":"https:\/\/www.gaveanews.com\/index.php\/2025\/02\/10\/a-declaracao-de-cuca-apos-a-vitoria-do-atletico-mg-diante-do-cruzeiro\/#primaryimage","url":"https:\/\/www.gaveanews.com\/wp-content\/uploads\/Cuca-tecnico-do-Atletico-MG.webp","contentUrl":"https:\/\/www.gaveanews.com\/wp-content\/uploads\/Cuca-tecnico-do-Atletico-MG.webp","width":1024,"height":683,"caption":"Cuca como treinador do Atl\u00e9tico-MG (Foto: Bruno Cantini\/Atl\u00e9tico-MG)"},{"@type":"BreadcrumbList","@id":"https:\/\/www.gaveanews.com\/index.php\/2025\/02\/10\/a-declaracao-de-cuca-apos-a-vitoria-do-atletico-mg-diante-do-cruzeiro\/#breadcrumb","itemListElement":[{"@type":"ListItem","position":1,"name":"Home","item":"https:\/\/www.gaveanews.com\/"},{"@type":"ListItem","position":2,"name":"A declara\u00e7\u00e3o de Cuca ap\u00f3s a vit\u00f3ria do Atl\u00e9tico-MG diante do Cruzeiro"}]},{"@type":"WebSite","@id":"https:\/\/www.gaveanews.com\/#website","url":"https:\/\/www.gaveanews.com\/","name":"G\u00e1vea News","description":"Veja todas as not\u00edcias sobre o Flamengo: Contrata\u00e7\u00f5es, categorias de base, resultados das partidas, tabela de classifica\u00e7\u00e3o, pr\u00f3ximos jogos!","potentialAction":[{"@type":"SearchAction","target":{"@type":"EntryPoint","urlTemplate":"https:\/\/www.gaveanews.com\/?s={search_term_string}"},"query-input":{"@type":"PropertyValueSpecification","valueRequired":true,"valueName":"search_term_string"}}],"inLanguage":"pt-BR"},{"@type":"Person","@id":"https:\/\/www.gaveanews.com\/#\/schema\/person\/0eb3e3fe1754f0205218538adbe8f5ed","name":"Rafaela Ladeira","image":{"@type":"ImageObject","inLanguage":"pt-BR","@id":"https:\/\/www.gaveanews.com\/#\/schema\/person\/image\/","url":"https:\/\/secure.gravatar.com\/avatar\/c31f513acffd85eacab5730cbdfdbbf59f21ba5aeada8cd890acea879fbb2455?s=96&d=mm&r=g","contentUrl":"https:\/\/secure.gravatar.com\/avatar\/c31f513acffd85eacab5730cbdfdbbf59f21ba5aeada8cd890acea879fbb2455?s=96&d=mm&r=g","caption":"Rafaela Ladeira"}}]}},"_links":{"self":[{"href":"https:\/\/www.gaveanews.com\/index.php\/wp-json\/wp\/v2\/posts\/225663","targetHints":{"allow":["GET"]}}],"collection":[{"href":"https:\/\/www.gaveanews.com\/index.php\/wp-json\/wp\/v2\/posts"}],"about":[{"href":"https:\/\/www.gaveanews.com\/index.php\/wp-json\/wp\/v2\/types\/post"}],"author":[{"embeddable":true,"href":"https:\/\/www.gaveanews.com\/index.php\/wp-json\/wp\/v2\/users\/25"}],"replies":[{"embeddable":true,"href":"https:\/\/www.gaveanews.com\/index.php\/wp-json\/wp\/v2\/comments?post=225663"}],"version-history":[{"count":1,"href":"https:\/\/www.gaveanews.com\/index.php\/wp-json\/wp\/v2\/posts\/225663\/revisions"}],"predecessor-version":[{"id":225665,"href":"https:\/\/www.gaveanews.com\/index.php\/wp-json\/wp\/v2\/posts\/225663\/revisions\/225665"}],"wp:featuredmedia":[{"embeddable":true,"href":"https:\/\/www.gaveanews.com\/index.php\/wp-json\/wp\/v2\/media\/68026"}],"wp:attachment":[{"href":"https:\/\/www.gaveanews.com\/index.php\/wp-json\/wp\/v2\/media?parent=225663"}],"wp:term":[{"taxonomy":"category","embeddable":true,"href":"https:\/\/www.gaveanews.com\/index.php\/wp-json\/wp\/v2\/categories?post=225663"},{"taxonomy":"post_tag","embeddable":true,"href":"https:\/\/www.gaveanews.com\/index.php\/wp-json\/wp\/v2\/tags?post=225663"}],"curies":[{"name":"wp","href":"https:\/\/api.w.org\/{rel}","templated":true}]}}