{"id":225693,"date":"2025-02-10T16:35:00","date_gmt":"2025-02-10T19:35:00","guid":{"rendered":"https:\/\/www.gaveanews.com\/?p=225693"},"modified":"2025-02-10T16:33:19","modified_gmt":"2025-02-10T19:33:19","slug":"corinthians-rodrigo-garro-fala-pela-primeira-vez-sobre-acidente-de-carro","status":"publish","type":"post","link":"https:\/\/www.gaveanews.com\/index.php\/2025\/02\/10\/corinthians-rodrigo-garro-fala-pela-primeira-vez-sobre-acidente-de-carro\/","title":{"rendered":"Corinthians: Rodrigo Garro fala pela primeira vez sobre acidente de carro"},"content":{"rendered":"\n<p>No retorno de Rodrigo Garro pelo Corinthians, no \u00faltimo domingo (09), o meia argentino contribuiu para a vit\u00f3ria sobre o S\u00e3o Bernardo pelo Campeonato Paulista. Antes de deixar a Neo Qu\u00edmica Arena, o jogador concedeu entrevista e abordou, pela primeira vez, o acidente de carro ocorrido em 4 de janeiro, em General Pico, na prov\u00edncia de La Pampa, na Argentina.<\/p>\n\n\n\n<p>O caso, que resultou no falecimento do motociclista Nicol\u00e1s Chiaraviglio, ganhou destaque ap\u00f3s exames indicarem 1,56 g\/l de \u00e1lcool no sangue da v\u00edtima, al\u00e9m de presen\u00e7a de maconha e coca\u00edna. Na ocasi\u00e3o, Garro registrou 0,5 g\/l no baf\u00f4metro. Sendo assim, o caso gerou ampla repercuss\u00e3o, levando o atleta a compartilhar como superou o per\u00edodo desafiador.<\/p>\n\n\n\n<p>Nesse sentido, Garro destacou os desafios enfrentados nos \u00faltimos meses, mencionando momentos dif\u00edceis para ele e sua fam\u00edlia. Segundo o jogador, ningu\u00e9m espera vivenciar situa\u00e7\u00f5es como aquela, mas o apoio familiar foi fundamental para sua recupera\u00e7\u00e3o. Ele citou a esposa, os filhos, os pais e os amigos como pilares essenciais para seguir em frente.<\/p>\n\n\n\n<p>\u201cTodo mundo sabe o que aconteceu. Foram dias dif\u00edceis, meses dif\u00edceis para mim e para a minha fam\u00edlia. Voc\u00ea nunca espera passar por uma situa\u00e7\u00e3o dessas. Infelizmente, eu tive que viv\u00ea-la&#8221;, disparou para a imprensa. &#8220;Sem eles, acho que n\u00e3o estaria aqui hoje falando com voc\u00eas\u201d, destacou.<\/p>\n\n\n\n<p>Al\u00e9m disso, o argentino ressaltou o carinho recebido da torcida corinthiana. Mensagens de apoio e demonstra\u00e7\u00f5es de afeto ajudaram tanto o jogador quanto sua fam\u00edlia a lidarem com as consequ\u00eancias do acidente. <\/p>\n\n\n\n<h2 class=\"wp-block-heading\" id=\"h-apoio-do-corinthians-e-recuperacao-fisica\">Apoio do Corinthians e recupera\u00e7\u00e3o f\u00edsica<\/h2>\n\n\n\n<p>Ademais, o meia tamb\u00e9m reconheceu o papel do elenco e da comiss\u00e3o t\u00e9cnica do Corinthians durante o processo. Colegas de time e profissionais do clube mantiveram contato constante, oferecendo suporte emocional nos momentos mais cr\u00edticos. Nomes como Emiliano, Ram\u00f3n, Osmar e Bruno foram citados como pe\u00e7as-chave nessa rede de apoio.<\/p>\n\n\n\n<p>Paralelamente ao trauma do acidente, Garro enfrentou uma tendinopatia patelar no joelho direito, que o afastou dos gramados por um m\u00eas. Durante a recupera\u00e7\u00e3o, o atleta voltou a receber incentivo massivo da torcida, refor\u00e7ando o v\u00ednculo com a Fiel.<\/p>\n","protected":false},"excerpt":{"rendered":"<p>No retorno de Rodrigo Garro pelo Corinthians, no \u00faltimo domingo (09), o meia argentino contribuiu para a vit\u00f3ria sobre o S\u00e3o Bernardo pelo Campeonato Paulista. Antes de deixar a Neo Qu\u00edmica Arena, o jogador concedeu entrevista e abordou, pela primeira vez, o acidente de carro ocorrido em 4 de janeiro, em General Pico, na prov\u00edncia [&hellip;]<\/p>\n","protected":false},"author":28,"featured_media":161268,"comment_status":"open","ping_status":"closed","sticky":false,"template":"","format":"standard","meta":{"footnotes":""},"categories":[141],"tags":[],"class_list":["post-225693","post","type-post","status-publish","format-standard","has-post-thumbnail","hentry","category-corinthians"],"yoast_head":"<!-- This site is optimized with the Yoast SEO Premium plugin v24.2 (Yoast SEO v26.9) - https:\/\/yoast.com\/product\/yoast-seo-premium-wordpress\/ -->\n<title>Corinthians: Rodrigo Garro fala pela primeira vez sobre acidente de carro<\/title>\n<meta name=\"robots\" content=\"index, follow, max-snippet:-1, max-image-preview:large, max-video-preview:-1\" \/>\n<link rel=\"canonical\" href=\"https:\/\/www.gaveanews.com\/index.php\/2025\/02\/10\/corinthians-rodrigo-garro-fala-pela-primeira-vez-sobre-acidente-de-carro\/\" \/>\n<meta property=\"og:locale\" content=\"pt_BR\" \/>\n<meta property=\"og:type\" content=\"article\" \/>\n<meta property=\"og:title\" content=\"Corinthians: Rodrigo Garro fala pela primeira vez sobre acidente de carro\" \/>\n<meta property=\"og:description\" content=\"No retorno de Rodrigo Garro pelo Corinthians, no \u00faltimo domingo (09), o meia argentino contribuiu para a vit\u00f3ria sobre o S\u00e3o Bernardo pelo Campeonato Paulista. Antes de deixar a Neo Qu\u00edmica Arena, o jogador concedeu entrevista e abordou, pela primeira vez, o acidente de carro ocorrido em 4 de janeiro, em General Pico, na prov\u00edncia [&hellip;]\" \/>\n<meta property=\"og:url\" content=\"https:\/\/www.gaveanews.com\/index.php\/2025\/02\/10\/corinthians-rodrigo-garro-fala-pela-primeira-vez-sobre-acidente-de-carro\/\" \/>\n<meta property=\"og:site_name\" content=\"G\u00e1vea News\" \/>\n<meta property=\"article:publisher\" content=\"https:\/\/facebook.com\/gaveaNews\/\" \/>\n<meta property=\"article:published_time\" content=\"2025-02-10T19:35:00+00:00\" \/>\n<meta property=\"og:image\" content=\"https:\/\/www.gaveanews.com\/wp-content\/uploads\/Rodrigo-Garro-com-a-camisa-do-Corinthians-em-2024.webp\" \/>\n\t<meta property=\"og:image:width\" content=\"1440\" \/>\n\t<meta property=\"og:image:height\" content=\"1085\" \/>\n\t<meta property=\"og:image:type\" content=\"image\/jpeg\" \/>\n<meta name=\"author\" content=\"Hudson Pereira\" \/>\n<meta name=\"twitter:card\" content=\"summary_large_image\" \/>\n<meta name=\"twitter:label1\" content=\"Escrito por\" \/>\n\t<meta name=\"twitter:data1\" content=\"Hudson Pereira\" \/>\n\t<meta name=\"twitter:label2\" content=\"Est. tempo de leitura\" \/>\n\t<meta name=\"twitter:data2\" content=\"3 minutos\" \/>\n<script type=\"application\/ld+json\" class=\"yoast-schema-graph\">{\"@context\":\"https:\/\/schema.org\",\"@graph\":[{\"@type\":\"NewsArticle\",\"@id\":\"https:\/\/www.gaveanews.com\/index.php\/2025\/02\/10\/corinthians-rodrigo-garro-fala-pela-primeira-vez-sobre-acidente-de-carro\/#article\",\"isPartOf\":{\"@id\":\"https:\/\/www.gaveanews.com\/index.php\/2025\/02\/10\/corinthians-rodrigo-garro-fala-pela-primeira-vez-sobre-acidente-de-carro\/\"},\"author\":{\"name\":\"Hudson Pereira\",\"@id\":\"https:\/\/www.gaveanews.com\/#\/schema\/person\/bd08f00534b403119b92741a6d469ef0\"},\"headline\":\"Corinthians: Rodrigo Garro fala pela primeira vez sobre acidente de carro\",\"datePublished\":\"2025-02-10T19:35:00+00:00\",\"mainEntityOfPage\":{\"@id\":\"https:\/\/www.gaveanews.com\/index.php\/2025\/02\/10\/corinthians-rodrigo-garro-fala-pela-primeira-vez-sobre-acidente-de-carro\/\"},\"wordCount\":394,\"commentCount\":0,\"image\":{\"@id\":\"https:\/\/www.gaveanews.com\/index.php\/2025\/02\/10\/corinthians-rodrigo-garro-fala-pela-primeira-vez-sobre-acidente-de-carro\/#primaryimage\"},\"thumbnailUrl\":\"https:\/\/www.gaveanews.com\/wp-content\/uploads\/Rodrigo-Garro-com-a-camisa-do-Corinthians-em-2024.webp\",\"articleSection\":[\"Corinthians\"],\"inLanguage\":\"pt-BR\",\"potentialAction\":[{\"@type\":\"CommentAction\",\"name\":\"Comment\",\"target\":[\"https:\/\/www.gaveanews.com\/index.php\/2025\/02\/10\/corinthians-rodrigo-garro-fala-pela-primeira-vez-sobre-acidente-de-carro\/#respond\"]}],\"copyrightYear\":\"2025\",\"copyrightHolder\":{\"@id\":\"https:\/\/www.gaveanews.com\/#organization\"}},{\"@type\":\"WebPage\",\"@id\":\"https:\/\/www.gaveanews.com\/index.php\/2025\/02\/10\/corinthians-rodrigo-garro-fala-pela-primeira-vez-sobre-acidente-de-carro\/\",\"url\":\"https:\/\/www.gaveanews.com\/index.php\/2025\/02\/10\/corinthians-rodrigo-garro-fala-pela-primeira-vez-sobre-acidente-de-carro\/\",\"name\":\"Corinthians: Rodrigo Garro fala pela primeira vez sobre acidente de carro\",\"isPartOf\":{\"@id\":\"https:\/\/www.gaveanews.com\/#website\"},\"primaryImageOfPage\":{\"@id\":\"https:\/\/www.gaveanews.com\/index.php\/2025\/02\/10\/corinthians-rodrigo-garro-fala-pela-primeira-vez-sobre-acidente-de-carro\/#primaryimage\"},\"image\":{\"@id\":\"https:\/\/www.gaveanews.com\/index.php\/2025\/02\/10\/corinthians-rodrigo-garro-fala-pela-primeira-vez-sobre-acidente-de-carro\/#primaryimage\"},\"thumbnailUrl\":\"https:\/\/www.gaveanews.com\/wp-content\/uploads\/Rodrigo-Garro-com-a-camisa-do-Corinthians-em-2024.webp\",\"datePublished\":\"2025-02-10T19:35:00+00:00\",\"author\":{\"@id\":\"https:\/\/www.gaveanews.com\/#\/schema\/person\/bd08f00534b403119b92741a6d469ef0\"},\"breadcrumb\":{\"@id\":\"https:\/\/www.gaveanews.com\/index.php\/2025\/02\/10\/corinthians-rodrigo-garro-fala-pela-primeira-vez-sobre-acidente-de-carro\/#breadcrumb\"},\"inLanguage\":\"pt-BR\",\"potentialAction\":[{\"@type\":\"ReadAction\",\"target\":[\"https:\/\/www.gaveanews.com\/index.php\/2025\/02\/10\/corinthians-rodrigo-garro-fala-pela-primeira-vez-sobre-acidente-de-carro\/\"]}]},{\"@type\":\"ImageObject\",\"inLanguage\":\"pt-BR\",\"@id\":\"https:\/\/www.gaveanews.com\/index.php\/2025\/02\/10\/corinthians-rodrigo-garro-fala-pela-primeira-vez-sobre-acidente-de-carro\/#primaryimage\",\"url\":\"https:\/\/www.gaveanews.com\/wp-content\/uploads\/Rodrigo-Garro-com-a-camisa-do-Corinthians-em-2024.webp\",\"contentUrl\":\"https:\/\/www.gaveanews.com\/wp-content\/uploads\/Rodrigo-Garro-com-a-camisa-do-Corinthians-em-2024.webp\",\"width\":1440,\"height\":1085,\"caption\":\"Rodrigo Garro com a camisa do Corinthians em 2024 (Foto: Reprodu\u00e7\u00e3o\/Instagram)\"},{\"@type\":\"BreadcrumbList\",\"@id\":\"https:\/\/www.gaveanews.com\/index.php\/2025\/02\/10\/corinthians-rodrigo-garro-fala-pela-primeira-vez-sobre-acidente-de-carro\/#breadcrumb\",\"itemListElement\":[{\"@type\":\"ListItem\",\"position\":1,\"name\":\"Home\",\"item\":\"https:\/\/www.gaveanews.com\/\"},{\"@type\":\"ListItem\",\"position\":2,\"name\":\"Corinthians: Rodrigo Garro fala pela primeira vez sobre acidente de carro\"}]},{\"@type\":\"WebSite\",\"@id\":\"https:\/\/www.gaveanews.com\/#website\",\"url\":\"https:\/\/www.gaveanews.com\/\",\"name\":\"G\u00e1vea News\",\"description\":\"Veja todas as not\u00edcias sobre o Flamengo: Contrata\u00e7\u00f5es, categorias de base, resultados das partidas, tabela de classifica\u00e7\u00e3o, pr\u00f3ximos jogos!\",\"potentialAction\":[{\"@type\":\"SearchAction\",\"target\":{\"@type\":\"EntryPoint\",\"urlTemplate\":\"https:\/\/www.gaveanews.com\/?s={search_term_string}\"},\"query-input\":{\"@type\":\"PropertyValueSpecification\",\"valueRequired\":true,\"valueName\":\"search_term_string\"}}],\"inLanguage\":\"pt-BR\"},{\"@type\":\"Person\",\"@id\":\"https:\/\/www.gaveanews.com\/#\/schema\/person\/bd08f00534b403119b92741a6d469ef0\",\"name\":\"Hudson Pereira\",\"image\":{\"@type\":\"ImageObject\",\"inLanguage\":\"pt-BR\",\"@id\":\"https:\/\/www.gaveanews.com\/#\/schema\/person\/image\/\",\"url\":\"https:\/\/secure.gravatar.com\/avatar\/ecc491b489e454e510efffc9b23c1052ce5fb4f2e05555768ba65819cd55f03e?s=96&d=mm&r=g\",\"contentUrl\":\"https:\/\/secure.gravatar.com\/avatar\/ecc491b489e454e510efffc9b23c1052ce5fb4f2e05555768ba65819cd55f03e?s=96&d=mm&r=g\",\"caption\":\"Hudson Pereira\"}}]}<\/script>\n<!-- \/ Yoast SEO Premium plugin. -->","yoast_head_json":{"title":"Corinthians: Rodrigo Garro fala pela primeira vez sobre acidente de carro","robots":{"index":"index","follow":"follow","max-snippet":"max-snippet:-1","max-image-preview":"max-image-preview:large","max-video-preview":"max-video-preview:-1"},"canonical":"https:\/\/www.gaveanews.com\/index.php\/2025\/02\/10\/corinthians-rodrigo-garro-fala-pela-primeira-vez-sobre-acidente-de-carro\/","og_locale":"pt_BR","og_type":"article","og_title":"Corinthians: Rodrigo Garro fala pela primeira vez sobre acidente de carro","og_description":"No retorno de Rodrigo Garro pelo Corinthians, no \u00faltimo domingo (09), o meia argentino contribuiu para a vit\u00f3ria sobre o S\u00e3o Bernardo pelo Campeonato Paulista. Antes de deixar a Neo Qu\u00edmica Arena, o jogador concedeu entrevista e abordou, pela primeira vez, o acidente de carro ocorrido em 4 de janeiro, em General Pico, na prov\u00edncia [&hellip;]","og_url":"https:\/\/www.gaveanews.com\/index.php\/2025\/02\/10\/corinthians-rodrigo-garro-fala-pela-primeira-vez-sobre-acidente-de-carro\/","og_site_name":"G\u00e1vea News","article_publisher":"https:\/\/facebook.com\/gaveaNews\/","article_published_time":"2025-02-10T19:35:00+00:00","og_image":[{"width":1440,"height":1085,"url":"https:\/\/www.gaveanews.com\/wp-content\/uploads\/Rodrigo-Garro-com-a-camisa-do-Corinthians-em-2024.webp","type":"image\/jpeg"}],"author":"Hudson Pereira","twitter_card":"summary_large_image","twitter_misc":{"Escrito por":"Hudson Pereira","Est. tempo de leitura":"3 minutos"},"schema":{"@context":"https:\/\/schema.org","@graph":[{"@type":"NewsArticle","@id":"https:\/\/www.gaveanews.com\/index.php\/2025\/02\/10\/corinthians-rodrigo-garro-fala-pela-primeira-vez-sobre-acidente-de-carro\/#article","isPartOf":{"@id":"https:\/\/www.gaveanews.com\/index.php\/2025\/02\/10\/corinthians-rodrigo-garro-fala-pela-primeira-vez-sobre-acidente-de-carro\/"},"author":{"name":"Hudson Pereira","@id":"https:\/\/www.gaveanews.com\/#\/schema\/person\/bd08f00534b403119b92741a6d469ef0"},"headline":"Corinthians: Rodrigo Garro fala pela primeira vez sobre acidente de carro","datePublished":"2025-02-10T19:35:00+00:00","mainEntityOfPage":{"@id":"https:\/\/www.gaveanews.com\/index.php\/2025\/02\/10\/corinthians-rodrigo-garro-fala-pela-primeira-vez-sobre-acidente-de-carro\/"},"wordCount":394,"commentCount":0,"image":{"@id":"https:\/\/www.gaveanews.com\/index.php\/2025\/02\/10\/corinthians-rodrigo-garro-fala-pela-primeira-vez-sobre-acidente-de-carro\/#primaryimage"},"thumbnailUrl":"https:\/\/www.gaveanews.com\/wp-content\/uploads\/Rodrigo-Garro-com-a-camisa-do-Corinthians-em-2024.webp","articleSection":["Corinthians"],"inLanguage":"pt-BR","potentialAction":[{"@type":"CommentAction","name":"Comment","target":["https:\/\/www.gaveanews.com\/index.php\/2025\/02\/10\/corinthians-rodrigo-garro-fala-pela-primeira-vez-sobre-acidente-de-carro\/#respond"]}],"copyrightYear":"2025","copyrightHolder":{"@id":"https:\/\/www.gaveanews.com\/#organization"}},{"@type":"WebPage","@id":"https:\/\/www.gaveanews.com\/index.php\/2025\/02\/10\/corinthians-rodrigo-garro-fala-pela-primeira-vez-sobre-acidente-de-carro\/","url":"https:\/\/www.gaveanews.com\/index.php\/2025\/02\/10\/corinthians-rodrigo-garro-fala-pela-primeira-vez-sobre-acidente-de-carro\/","name":"Corinthians: Rodrigo Garro fala pela primeira vez sobre acidente de carro","isPartOf":{"@id":"https:\/\/www.gaveanews.com\/#website"},"primaryImageOfPage":{"@id":"https:\/\/www.gaveanews.com\/index.php\/2025\/02\/10\/corinthians-rodrigo-garro-fala-pela-primeira-vez-sobre-acidente-de-carro\/#primaryimage"},"image":{"@id":"https:\/\/www.gaveanews.com\/index.php\/2025\/02\/10\/corinthians-rodrigo-garro-fala-pela-primeira-vez-sobre-acidente-de-carro\/#primaryimage"},"thumbnailUrl":"https:\/\/www.gaveanews.com\/wp-content\/uploads\/Rodrigo-Garro-com-a-camisa-do-Corinthians-em-2024.webp","datePublished":"2025-02-10T19:35:00+00:00","author":{"@id":"https:\/\/www.gaveanews.com\/#\/schema\/person\/bd08f00534b403119b92741a6d469ef0"},"breadcrumb":{"@id":"https:\/\/www.gaveanews.com\/index.php\/2025\/02\/10\/corinthians-rodrigo-garro-fala-pela-primeira-vez-sobre-acidente-de-carro\/#breadcrumb"},"inLanguage":"pt-BR","potentialAction":[{"@type":"ReadAction","target":["https:\/\/www.gaveanews.com\/index.php\/2025\/02\/10\/corinthians-rodrigo-garro-fala-pela-primeira-vez-sobre-acidente-de-carro\/"]}]},{"@type":"ImageObject","inLanguage":"pt-BR","@id":"https:\/\/www.gaveanews.com\/index.php\/2025\/02\/10\/corinthians-rodrigo-garro-fala-pela-primeira-vez-sobre-acidente-de-carro\/#primaryimage","url":"https:\/\/www.gaveanews.com\/wp-content\/uploads\/Rodrigo-Garro-com-a-camisa-do-Corinthians-em-2024.webp","contentUrl":"https:\/\/www.gaveanews.com\/wp-content\/uploads\/Rodrigo-Garro-com-a-camisa-do-Corinthians-em-2024.webp","width":1440,"height":1085,"caption":"Rodrigo Garro com a camisa do Corinthians em 2024 (Foto: Reprodu\u00e7\u00e3o\/Instagram)"},{"@type":"BreadcrumbList","@id":"https:\/\/www.gaveanews.com\/index.php\/2025\/02\/10\/corinthians-rodrigo-garro-fala-pela-primeira-vez-sobre-acidente-de-carro\/#breadcrumb","itemListElement":[{"@type":"ListItem","position":1,"name":"Home","item":"https:\/\/www.gaveanews.com\/"},{"@type":"ListItem","position":2,"name":"Corinthians: Rodrigo Garro fala pela primeira vez sobre acidente de carro"}]},{"@type":"WebSite","@id":"https:\/\/www.gaveanews.com\/#website","url":"https:\/\/www.gaveanews.com\/","name":"G\u00e1vea News","description":"Veja todas as not\u00edcias sobre o Flamengo: Contrata\u00e7\u00f5es, categorias de base, resultados das partidas, tabela de classifica\u00e7\u00e3o, pr\u00f3ximos jogos!","potentialAction":[{"@type":"SearchAction","target":{"@type":"EntryPoint","urlTemplate":"https:\/\/www.gaveanews.com\/?s={search_term_string}"},"query-input":{"@type":"PropertyValueSpecification","valueRequired":true,"valueName":"search_term_string"}}],"inLanguage":"pt-BR"},{"@type":"Person","@id":"https:\/\/www.gaveanews.com\/#\/schema\/person\/bd08f00534b403119b92741a6d469ef0","name":"Hudson Pereira","image":{"@type":"ImageObject","inLanguage":"pt-BR","@id":"https:\/\/www.gaveanews.com\/#\/schema\/person\/image\/","url":"https:\/\/secure.gravatar.com\/avatar\/ecc491b489e454e510efffc9b23c1052ce5fb4f2e05555768ba65819cd55f03e?s=96&d=mm&r=g","contentUrl":"https:\/\/secure.gravatar.com\/avatar\/ecc491b489e454e510efffc9b23c1052ce5fb4f2e05555768ba65819cd55f03e?s=96&d=mm&r=g","caption":"Hudson Pereira"}}]}},"_links":{"self":[{"href":"https:\/\/www.gaveanews.com\/index.php\/wp-json\/wp\/v2\/posts\/225693","targetHints":{"allow":["GET"]}}],"collection":[{"href":"https:\/\/www.gaveanews.com\/index.php\/wp-json\/wp\/v2\/posts"}],"about":[{"href":"https:\/\/www.gaveanews.com\/index.php\/wp-json\/wp\/v2\/types\/post"}],"author":[{"embeddable":true,"href":"https:\/\/www.gaveanews.com\/index.php\/wp-json\/wp\/v2\/users\/28"}],"replies":[{"embeddable":true,"href":"https:\/\/www.gaveanews.com\/index.php\/wp-json\/wp\/v2\/comments?post=225693"}],"version-history":[{"count":2,"href":"https:\/\/www.gaveanews.com\/index.php\/wp-json\/wp\/v2\/posts\/225693\/revisions"}],"predecessor-version":[{"id":225698,"href":"https:\/\/www.gaveanews.com\/index.php\/wp-json\/wp\/v2\/posts\/225693\/revisions\/225698"}],"wp:featuredmedia":[{"embeddable":true,"href":"https:\/\/www.gaveanews.com\/index.php\/wp-json\/wp\/v2\/media\/161268"}],"wp:attachment":[{"href":"https:\/\/www.gaveanews.com\/index.php\/wp-json\/wp\/v2\/media?parent=225693"}],"wp:term":[{"taxonomy":"category","embeddable":true,"href":"https:\/\/www.gaveanews.com\/index.php\/wp-json\/wp\/v2\/categories?post=225693"},{"taxonomy":"post_tag","embeddable":true,"href":"https:\/\/www.gaveanews.com\/index.php\/wp-json\/wp\/v2\/tags?post=225693"}],"curies":[{"name":"wp","href":"https:\/\/api.w.org\/{rel}","templated":true}]}}