{"id":225715,"date":"2025-02-10T17:10:00","date_gmt":"2025-02-10T20:10:00","guid":{"rendered":"https:\/\/www.gaveanews.com\/?p=225715"},"modified":"2025-02-10T16:44:16","modified_gmt":"2025-02-10T19:44:16","slug":"bahia-kayky-revela-prazo-para-reestrear","status":"publish","type":"post","link":"https:\/\/www.gaveanews.com\/index.php\/2025\/02\/10\/bahia-kayky-revela-prazo-para-reestrear\/","title":{"rendered":"Bahia: Kayky revela prazo para reestrear"},"content":{"rendered":"\n<p>A torcida do Bahia tem um motivo a mais para se animar. O atacante Kayky est\u00e1 de volta ao clube e j\u00e1 projeta sua reestreia com a camisa tricolor.&nbsp;<\/p>\n\n\n\n<p>Emprestado pelo Manchester City, o jovem jogador revelou que recebeu propostas para permanecer na Europa, mas optou por retornar ao futebol brasileiro. Al\u00e9m disso, ele garantiu que est\u00e1 fisicamente bem e pronto para ajudar a equipe.<\/p>\n\n\n\n<h2 class=\"wp-block-heading\" id=\"h-kayky-explica-decisao-de-voltar-ao-bahia\">Kayky explica decis\u00e3o de voltar ao Bahia<\/h2>\n\n\n\n<p>Em sua segunda passagem pelo Esquadr\u00e3o, Kayky poderia ter seguido no futebol europeu, mas decidiu retornar ao clube baiano. Segundo ele, a escolha foi feita ap\u00f3s um per\u00edodo de reflex\u00e3o e exames m\u00e9dicos no Manchester City.<\/p>\n\n\n\n<p>\u201cEu j\u00e1 poderia at\u00e9 estar treinando com o elenco, mas nessa janela eu tive algumas propostas. Nesse tempo de pensar se continuava ou se vinha para o Brasil, fiquei no Manchester City fazendo alguns exames para ver como o joelho estava. Gra\u00e7as a Deus deu tudo certo\u201d, afirmou o atacante.<\/p>\n\n\n\n<p>Sendo assim, Kayky abriu m\u00e3o de continuar na Europa e rescindiu seu empr\u00e9stimo com o Sparta Rotterdam, onde atuava at\u00e9 janeiro. Dessa maneira, o jogador deixou o futebol holand\u00eas para refor\u00e7ar o Bahia na temporada 2025.<\/p>\n\n\n\n<h2 class=\"wp-block-heading\" id=\"h-expectativa-para-a-reestreia-e-condicao-fisica\">Expectativa para a reestreia e condi\u00e7\u00e3o f\u00edsica<\/h2>\n\n\n\n<p>O \u00faltimo jogo oficial de Kayky foi no dia 19 de janeiro, o que significa que ele ainda precisa recuperar ritmo de jogo. Por isso, nos \u00faltimos dias, ele tem treinado separadamente para retomar a melhor forma f\u00edsica.<\/p>\n\n\n\n<p>\u201cNesse tempo que perdi j\u00e1 n\u00e3o pude treinar com o elenco, mas estou treinando separado para conseguir esse f\u00edsico novamente e creio que nessa semana j\u00e1 poderei estar com o elenco para ajudar a equipe\u201d, destacou o jogador.<\/p>\n\n\n\n<h2 class=\"wp-block-heading\" id=\"h-superacao-apos-lesao-e-confianca-renovada\">Supera\u00e7\u00e3o ap\u00f3s les\u00e3o e confian\u00e7a renovada<\/h2>\n\n\n\n<p>Cabe ressaltar que Kayky deixou o Bahia em julho de 2023, ap\u00f3s sofrer uma grave les\u00e3o no joelho. O processo de recupera\u00e7\u00e3o foi longo, mas o atacante garante que agora est\u00e1 preparado para este novo desafio.<\/p>\n\n\n\n<p>\u201cSa\u00ed em meu melhor momento (do Bahia), onde estava entendendo melhor meu corpo. Sou jovem, tem mudan\u00e7a nisso. Sa\u00ed num momento que estava conhecendo meu corpo, fiquei bastante tempo parado. Essa les\u00e3o me deixou maduro, forte mentalmente, o que depender de mim tenho certeza que vou ajudar\u201d, afirmou.<\/p>\n\n\n\n<p>Com contrato at\u00e9 o fim do ano, Kayky chega motivado para recuperar o tempo perdido. A expectativa da torcida \u00e9 grande, e a tend\u00eancia \u00e9 que ele reestreie j\u00e1 nesta semana, refor\u00e7ando o Tricolor em um momento crucial da temporada.<\/p>\n","protected":false},"excerpt":{"rendered":"<p>A torcida do Bahia tem um motivo a mais para se animar. O atacante Kayky est\u00e1 de volta ao clube e j\u00e1 projeta sua reestreia com a camisa tricolor.&nbsp; Emprestado pelo Manchester City, o jovem jogador revelou que recebeu propostas para permanecer na Europa, mas optou por retornar ao futebol brasileiro. Al\u00e9m disso, ele garantiu [&hellip;]<\/p>\n","protected":false},"author":25,"featured_media":154144,"comment_status":"open","ping_status":"closed","sticky":false,"template":"","format":"standard","meta":{"footnotes":""},"categories":[137],"tags":[],"class_list":["post-225715","post","type-post","status-publish","format-standard","has-post-thumbnail","hentry","category-bahia"],"yoast_head":"<!-- This site is optimized with the Yoast SEO Premium plugin v24.2 (Yoast SEO v26.9) - https:\/\/yoast.com\/product\/yoast-seo-premium-wordpress\/ -->\n<title>Bahia: Kayky revela prazo para reestrear<\/title>\n<meta name=\"robots\" content=\"index, follow, max-snippet:-1, max-image-preview:large, max-video-preview:-1\" \/>\n<link rel=\"canonical\" href=\"https:\/\/www.gaveanews.com\/index.php\/2025\/02\/10\/bahia-kayky-revela-prazo-para-reestrear\/\" \/>\n<meta property=\"og:locale\" content=\"pt_BR\" \/>\n<meta property=\"og:type\" content=\"article\" \/>\n<meta property=\"og:title\" content=\"Bahia: Kayky revela prazo para reestrear\" \/>\n<meta property=\"og:description\" content=\"A torcida do Bahia tem um motivo a mais para se animar. O atacante Kayky est\u00e1 de volta ao clube e j\u00e1 projeta sua reestreia com a camisa tricolor.&nbsp; Emprestado pelo Manchester City, o jovem jogador revelou que recebeu propostas para permanecer na Europa, mas optou por retornar ao futebol brasileiro. Al\u00e9m disso, ele garantiu [&hellip;]\" \/>\n<meta property=\"og:url\" content=\"https:\/\/www.gaveanews.com\/index.php\/2025\/02\/10\/bahia-kayky-revela-prazo-para-reestrear\/\" \/>\n<meta property=\"og:site_name\" content=\"G\u00e1vea News\" \/>\n<meta property=\"article:publisher\" content=\"https:\/\/facebook.com\/gaveaNews\/\" \/>\n<meta property=\"article:published_time\" content=\"2025-02-10T20:10:00+00:00\" \/>\n<meta property=\"og:image\" content=\"https:\/\/www.gaveanews.com\/wp-content\/uploads\/Kayky-da-Silva-Chagas-com-a-camisa-do-Manchester-City-em-2022.webp\" \/>\n\t<meta property=\"og:image:width\" content=\"1440\" \/>\n\t<meta property=\"og:image:height\" content=\"960\" \/>\n\t<meta property=\"og:image:type\" content=\"image\/jpeg\" \/>\n<meta name=\"author\" content=\"Rafaela Ladeira\" \/>\n<meta name=\"twitter:card\" content=\"summary_large_image\" \/>\n<meta name=\"twitter:label1\" content=\"Escrito por\" \/>\n\t<meta name=\"twitter:data1\" content=\"Rafaela Ladeira\" \/>\n\t<meta name=\"twitter:label2\" content=\"Est. tempo de leitura\" \/>\n\t<meta name=\"twitter:data2\" content=\"3 minutos\" \/>\n<script type=\"application\/ld+json\" class=\"yoast-schema-graph\">{\"@context\":\"https:\/\/schema.org\",\"@graph\":[{\"@type\":\"NewsArticle\",\"@id\":\"https:\/\/www.gaveanews.com\/index.php\/2025\/02\/10\/bahia-kayky-revela-prazo-para-reestrear\/#article\",\"isPartOf\":{\"@id\":\"https:\/\/www.gaveanews.com\/index.php\/2025\/02\/10\/bahia-kayky-revela-prazo-para-reestrear\/\"},\"author\":{\"name\":\"Rafaela Ladeira\",\"@id\":\"https:\/\/www.gaveanews.com\/#\/schema\/person\/0eb3e3fe1754f0205218538adbe8f5ed\"},\"headline\":\"Bahia: Kayky revela prazo para reestrear\",\"datePublished\":\"2025-02-10T20:10:00+00:00\",\"mainEntityOfPage\":{\"@id\":\"https:\/\/www.gaveanews.com\/index.php\/2025\/02\/10\/bahia-kayky-revela-prazo-para-reestrear\/\"},\"wordCount\":437,\"commentCount\":0,\"image\":{\"@id\":\"https:\/\/www.gaveanews.com\/index.php\/2025\/02\/10\/bahia-kayky-revela-prazo-para-reestrear\/#primaryimage\"},\"thumbnailUrl\":\"https:\/\/www.gaveanews.com\/wp-content\/uploads\/Kayky-da-Silva-Chagas-com-a-camisa-do-Manchester-City-em-2022.webp\",\"articleSection\":[\"Bahia\"],\"inLanguage\":\"pt-BR\",\"potentialAction\":[{\"@type\":\"CommentAction\",\"name\":\"Comment\",\"target\":[\"https:\/\/www.gaveanews.com\/index.php\/2025\/02\/10\/bahia-kayky-revela-prazo-para-reestrear\/#respond\"]}],\"copyrightYear\":\"2025\",\"copyrightHolder\":{\"@id\":\"https:\/\/www.gaveanews.com\/#organization\"}},{\"@type\":\"WebPage\",\"@id\":\"https:\/\/www.gaveanews.com\/index.php\/2025\/02\/10\/bahia-kayky-revela-prazo-para-reestrear\/\",\"url\":\"https:\/\/www.gaveanews.com\/index.php\/2025\/02\/10\/bahia-kayky-revela-prazo-para-reestrear\/\",\"name\":\"Bahia: Kayky revela prazo para reestrear\",\"isPartOf\":{\"@id\":\"https:\/\/www.gaveanews.com\/#website\"},\"primaryImageOfPage\":{\"@id\":\"https:\/\/www.gaveanews.com\/index.php\/2025\/02\/10\/bahia-kayky-revela-prazo-para-reestrear\/#primaryimage\"},\"image\":{\"@id\":\"https:\/\/www.gaveanews.com\/index.php\/2025\/02\/10\/bahia-kayky-revela-prazo-para-reestrear\/#primaryimage\"},\"thumbnailUrl\":\"https:\/\/www.gaveanews.com\/wp-content\/uploads\/Kayky-da-Silva-Chagas-com-a-camisa-do-Manchester-City-em-2022.webp\",\"datePublished\":\"2025-02-10T20:10:00+00:00\",\"author\":{\"@id\":\"https:\/\/www.gaveanews.com\/#\/schema\/person\/0eb3e3fe1754f0205218538adbe8f5ed\"},\"breadcrumb\":{\"@id\":\"https:\/\/www.gaveanews.com\/index.php\/2025\/02\/10\/bahia-kayky-revela-prazo-para-reestrear\/#breadcrumb\"},\"inLanguage\":\"pt-BR\",\"potentialAction\":[{\"@type\":\"ReadAction\",\"target\":[\"https:\/\/www.gaveanews.com\/index.php\/2025\/02\/10\/bahia-kayky-revela-prazo-para-reestrear\/\"]}]},{\"@type\":\"ImageObject\",\"inLanguage\":\"pt-BR\",\"@id\":\"https:\/\/www.gaveanews.com\/index.php\/2025\/02\/10\/bahia-kayky-revela-prazo-para-reestrear\/#primaryimage\",\"url\":\"https:\/\/www.gaveanews.com\/wp-content\/uploads\/Kayky-da-Silva-Chagas-com-a-camisa-do-Manchester-City-em-2022.webp\",\"contentUrl\":\"https:\/\/www.gaveanews.com\/wp-content\/uploads\/Kayky-da-Silva-Chagas-com-a-camisa-do-Manchester-City-em-2022.webp\",\"width\":1440,\"height\":960,\"caption\":\"Kayky da Silva Chagas com a camisa do Manchester City em 2022 (Foto: Reprodu\u00e7\u00e3o\/Instagram)\"},{\"@type\":\"BreadcrumbList\",\"@id\":\"https:\/\/www.gaveanews.com\/index.php\/2025\/02\/10\/bahia-kayky-revela-prazo-para-reestrear\/#breadcrumb\",\"itemListElement\":[{\"@type\":\"ListItem\",\"position\":1,\"name\":\"Home\",\"item\":\"https:\/\/www.gaveanews.com\/\"},{\"@type\":\"ListItem\",\"position\":2,\"name\":\"Bahia: Kayky revela prazo para reestrear\"}]},{\"@type\":\"WebSite\",\"@id\":\"https:\/\/www.gaveanews.com\/#website\",\"url\":\"https:\/\/www.gaveanews.com\/\",\"name\":\"G\u00e1vea News\",\"description\":\"Veja todas as not\u00edcias sobre o Flamengo: Contrata\u00e7\u00f5es, categorias de base, resultados das partidas, tabela de classifica\u00e7\u00e3o, pr\u00f3ximos jogos!\",\"potentialAction\":[{\"@type\":\"SearchAction\",\"target\":{\"@type\":\"EntryPoint\",\"urlTemplate\":\"https:\/\/www.gaveanews.com\/?s={search_term_string}\"},\"query-input\":{\"@type\":\"PropertyValueSpecification\",\"valueRequired\":true,\"valueName\":\"search_term_string\"}}],\"inLanguage\":\"pt-BR\"},{\"@type\":\"Person\",\"@id\":\"https:\/\/www.gaveanews.com\/#\/schema\/person\/0eb3e3fe1754f0205218538adbe8f5ed\",\"name\":\"Rafaela Ladeira\",\"image\":{\"@type\":\"ImageObject\",\"inLanguage\":\"pt-BR\",\"@id\":\"https:\/\/www.gaveanews.com\/#\/schema\/person\/image\/\",\"url\":\"https:\/\/secure.gravatar.com\/avatar\/c31f513acffd85eacab5730cbdfdbbf59f21ba5aeada8cd890acea879fbb2455?s=96&d=mm&r=g\",\"contentUrl\":\"https:\/\/secure.gravatar.com\/avatar\/c31f513acffd85eacab5730cbdfdbbf59f21ba5aeada8cd890acea879fbb2455?s=96&d=mm&r=g\",\"caption\":\"Rafaela Ladeira\"}}]}<\/script>\n<!-- \/ Yoast SEO Premium plugin. -->","yoast_head_json":{"title":"Bahia: Kayky revela prazo para reestrear","robots":{"index":"index","follow":"follow","max-snippet":"max-snippet:-1","max-image-preview":"max-image-preview:large","max-video-preview":"max-video-preview:-1"},"canonical":"https:\/\/www.gaveanews.com\/index.php\/2025\/02\/10\/bahia-kayky-revela-prazo-para-reestrear\/","og_locale":"pt_BR","og_type":"article","og_title":"Bahia: Kayky revela prazo para reestrear","og_description":"A torcida do Bahia tem um motivo a mais para se animar. O atacante Kayky est\u00e1 de volta ao clube e j\u00e1 projeta sua reestreia com a camisa tricolor.&nbsp; Emprestado pelo Manchester City, o jovem jogador revelou que recebeu propostas para permanecer na Europa, mas optou por retornar ao futebol brasileiro. Al\u00e9m disso, ele garantiu [&hellip;]","og_url":"https:\/\/www.gaveanews.com\/index.php\/2025\/02\/10\/bahia-kayky-revela-prazo-para-reestrear\/","og_site_name":"G\u00e1vea News","article_publisher":"https:\/\/facebook.com\/gaveaNews\/","article_published_time":"2025-02-10T20:10:00+00:00","og_image":[{"width":1440,"height":960,"url":"https:\/\/www.gaveanews.com\/wp-content\/uploads\/Kayky-da-Silva-Chagas-com-a-camisa-do-Manchester-City-em-2022.webp","type":"image\/jpeg"}],"author":"Rafaela Ladeira","twitter_card":"summary_large_image","twitter_misc":{"Escrito por":"Rafaela Ladeira","Est. tempo de leitura":"3 minutos"},"schema":{"@context":"https:\/\/schema.org","@graph":[{"@type":"NewsArticle","@id":"https:\/\/www.gaveanews.com\/index.php\/2025\/02\/10\/bahia-kayky-revela-prazo-para-reestrear\/#article","isPartOf":{"@id":"https:\/\/www.gaveanews.com\/index.php\/2025\/02\/10\/bahia-kayky-revela-prazo-para-reestrear\/"},"author":{"name":"Rafaela Ladeira","@id":"https:\/\/www.gaveanews.com\/#\/schema\/person\/0eb3e3fe1754f0205218538adbe8f5ed"},"headline":"Bahia: Kayky revela prazo para reestrear","datePublished":"2025-02-10T20:10:00+00:00","mainEntityOfPage":{"@id":"https:\/\/www.gaveanews.com\/index.php\/2025\/02\/10\/bahia-kayky-revela-prazo-para-reestrear\/"},"wordCount":437,"commentCount":0,"image":{"@id":"https:\/\/www.gaveanews.com\/index.php\/2025\/02\/10\/bahia-kayky-revela-prazo-para-reestrear\/#primaryimage"},"thumbnailUrl":"https:\/\/www.gaveanews.com\/wp-content\/uploads\/Kayky-da-Silva-Chagas-com-a-camisa-do-Manchester-City-em-2022.webp","articleSection":["Bahia"],"inLanguage":"pt-BR","potentialAction":[{"@type":"CommentAction","name":"Comment","target":["https:\/\/www.gaveanews.com\/index.php\/2025\/02\/10\/bahia-kayky-revela-prazo-para-reestrear\/#respond"]}],"copyrightYear":"2025","copyrightHolder":{"@id":"https:\/\/www.gaveanews.com\/#organization"}},{"@type":"WebPage","@id":"https:\/\/www.gaveanews.com\/index.php\/2025\/02\/10\/bahia-kayky-revela-prazo-para-reestrear\/","url":"https:\/\/www.gaveanews.com\/index.php\/2025\/02\/10\/bahia-kayky-revela-prazo-para-reestrear\/","name":"Bahia: Kayky revela prazo para reestrear","isPartOf":{"@id":"https:\/\/www.gaveanews.com\/#website"},"primaryImageOfPage":{"@id":"https:\/\/www.gaveanews.com\/index.php\/2025\/02\/10\/bahia-kayky-revela-prazo-para-reestrear\/#primaryimage"},"image":{"@id":"https:\/\/www.gaveanews.com\/index.php\/2025\/02\/10\/bahia-kayky-revela-prazo-para-reestrear\/#primaryimage"},"thumbnailUrl":"https:\/\/www.gaveanews.com\/wp-content\/uploads\/Kayky-da-Silva-Chagas-com-a-camisa-do-Manchester-City-em-2022.webp","datePublished":"2025-02-10T20:10:00+00:00","author":{"@id":"https:\/\/www.gaveanews.com\/#\/schema\/person\/0eb3e3fe1754f0205218538adbe8f5ed"},"breadcrumb":{"@id":"https:\/\/www.gaveanews.com\/index.php\/2025\/02\/10\/bahia-kayky-revela-prazo-para-reestrear\/#breadcrumb"},"inLanguage":"pt-BR","potentialAction":[{"@type":"ReadAction","target":["https:\/\/www.gaveanews.com\/index.php\/2025\/02\/10\/bahia-kayky-revela-prazo-para-reestrear\/"]}]},{"@type":"ImageObject","inLanguage":"pt-BR","@id":"https:\/\/www.gaveanews.com\/index.php\/2025\/02\/10\/bahia-kayky-revela-prazo-para-reestrear\/#primaryimage","url":"https:\/\/www.gaveanews.com\/wp-content\/uploads\/Kayky-da-Silva-Chagas-com-a-camisa-do-Manchester-City-em-2022.webp","contentUrl":"https:\/\/www.gaveanews.com\/wp-content\/uploads\/Kayky-da-Silva-Chagas-com-a-camisa-do-Manchester-City-em-2022.webp","width":1440,"height":960,"caption":"Kayky da Silva Chagas com a camisa do Manchester City em 2022 (Foto: Reprodu\u00e7\u00e3o\/Instagram)"},{"@type":"BreadcrumbList","@id":"https:\/\/www.gaveanews.com\/index.php\/2025\/02\/10\/bahia-kayky-revela-prazo-para-reestrear\/#breadcrumb","itemListElement":[{"@type":"ListItem","position":1,"name":"Home","item":"https:\/\/www.gaveanews.com\/"},{"@type":"ListItem","position":2,"name":"Bahia: Kayky revela prazo para reestrear"}]},{"@type":"WebSite","@id":"https:\/\/www.gaveanews.com\/#website","url":"https:\/\/www.gaveanews.com\/","name":"G\u00e1vea News","description":"Veja todas as not\u00edcias sobre o Flamengo: Contrata\u00e7\u00f5es, categorias de base, resultados das partidas, tabela de classifica\u00e7\u00e3o, pr\u00f3ximos jogos!","potentialAction":[{"@type":"SearchAction","target":{"@type":"EntryPoint","urlTemplate":"https:\/\/www.gaveanews.com\/?s={search_term_string}"},"query-input":{"@type":"PropertyValueSpecification","valueRequired":true,"valueName":"search_term_string"}}],"inLanguage":"pt-BR"},{"@type":"Person","@id":"https:\/\/www.gaveanews.com\/#\/schema\/person\/0eb3e3fe1754f0205218538adbe8f5ed","name":"Rafaela Ladeira","image":{"@type":"ImageObject","inLanguage":"pt-BR","@id":"https:\/\/www.gaveanews.com\/#\/schema\/person\/image\/","url":"https:\/\/secure.gravatar.com\/avatar\/c31f513acffd85eacab5730cbdfdbbf59f21ba5aeada8cd890acea879fbb2455?s=96&d=mm&r=g","contentUrl":"https:\/\/secure.gravatar.com\/avatar\/c31f513acffd85eacab5730cbdfdbbf59f21ba5aeada8cd890acea879fbb2455?s=96&d=mm&r=g","caption":"Rafaela Ladeira"}}]}},"_links":{"self":[{"href":"https:\/\/www.gaveanews.com\/index.php\/wp-json\/wp\/v2\/posts\/225715","targetHints":{"allow":["GET"]}}],"collection":[{"href":"https:\/\/www.gaveanews.com\/index.php\/wp-json\/wp\/v2\/posts"}],"about":[{"href":"https:\/\/www.gaveanews.com\/index.php\/wp-json\/wp\/v2\/types\/post"}],"author":[{"embeddable":true,"href":"https:\/\/www.gaveanews.com\/index.php\/wp-json\/wp\/v2\/users\/25"}],"replies":[{"embeddable":true,"href":"https:\/\/www.gaveanews.com\/index.php\/wp-json\/wp\/v2\/comments?post=225715"}],"version-history":[{"count":1,"href":"https:\/\/www.gaveanews.com\/index.php\/wp-json\/wp\/v2\/posts\/225715\/revisions"}],"predecessor-version":[{"id":225717,"href":"https:\/\/www.gaveanews.com\/index.php\/wp-json\/wp\/v2\/posts\/225715\/revisions\/225717"}],"wp:featuredmedia":[{"embeddable":true,"href":"https:\/\/www.gaveanews.com\/index.php\/wp-json\/wp\/v2\/media\/154144"}],"wp:attachment":[{"href":"https:\/\/www.gaveanews.com\/index.php\/wp-json\/wp\/v2\/media?parent=225715"}],"wp:term":[{"taxonomy":"category","embeddable":true,"href":"https:\/\/www.gaveanews.com\/index.php\/wp-json\/wp\/v2\/categories?post=225715"},{"taxonomy":"post_tag","embeddable":true,"href":"https:\/\/www.gaveanews.com\/index.php\/wp-json\/wp\/v2\/tags?post=225715"}],"curies":[{"name":"wp","href":"https:\/\/api.w.org\/{rel}","templated":true}]}}