{"id":225739,"date":"2025-02-10T16:03:55","date_gmt":"2025-02-10T19:03:55","guid":{"rendered":"https:\/\/www.gaveanews.com\/?p=225739"},"modified":"2025-02-10T16:04:20","modified_gmt":"2025-02-10T19:04:20","slug":"gerson-e-pulgar-podem-desfalcar-o-flamengo-entenda-o-motivo","status":"publish","type":"post","link":"https:\/\/www.gaveanews.com\/index.php\/2025\/02\/10\/gerson-e-pulgar-podem-desfalcar-o-flamengo-entenda-o-motivo\/","title":{"rendered":"Gerson e Pulgar podem desfalcar o Flamengo; entenda o motivo"},"content":{"rendered":"\n<p>O Flamengo j\u00e1 se prepara para mais um desafio importante no Campeonato Carioca, com dois grandes cl\u00e1ssicos \u00e0 vista: Botafogo e Vasco.&nbsp;<\/p>\n\n\n\n<p>Com a volta de De La Cruz e Arrascaeta ao time, o t\u00e9cnico Filipe Lu\u00eds ter\u00e1 que fazer alguns ajustes, priorizando a sa\u00fade dos seus jogadores. A d\u00favida surge sobre os desfalques de Gerson e Erick Pulgar, que devem ser poupados nesta sequ\u00eancia de jogos.<\/p>\n\n\n\n<h2 class=\"wp-block-heading\" id=\"h-foco-nos-classicos-e-revezamentos-na-equipe\">Foco nos cl\u00e1ssicos e revezamentos na equipe<\/h2>\n\n\n\n<p>O planejamento da comiss\u00e3o t\u00e9cnica do Flamengo segue com cautela, visando o controle da carga de jogo dos atletas. Sendo assim, enquanto De La Cruz e Arrascaeta retornam contra o Botafogo, Gerson e Pulgar ser\u00e3o poupados.&nbsp;<\/p>\n\n\n\n<p>Com isso, Filipe Lu\u00eds pode promover mudan\u00e7as no time titular, dando oportunidades para Juninho e Everton Cebolinha. Dessa maneira, o t\u00e9cnico rubro-negro far\u00e1 ajustes para equilibrar as for\u00e7as do time durante a semana de cl\u00e1ssicos.<\/p>\n\n\n\n<p>Vale destacar que a defini\u00e7\u00e3o dos 11 iniciais ocorrer\u00e1 apenas no treino de ter\u00e7a-feira (11). Filipe Lu\u00eds deve avaliar cuidadosamente o estado f\u00edsico dos jogadores e promover as mudan\u00e7as necess\u00e1rias para manter o time competitivo.&nbsp;<\/p>\n\n\n\n<p>Isso porque o Flamengo vem de uma sequ\u00eancia intensa de partidas e precisa gerir o elenco com intelig\u00eancia para evitar les\u00f5es.<\/p>\n\n\n\n<h2 class=\"wp-block-heading\" id=\"h-classico-contra-o-botafogo\">Cl\u00e1ssico contra o Botafogo<\/h2>\n\n\n\n<p>O foco do Flamengo est\u00e1 totalmente voltado para o pr\u00f3ximo cl\u00e1ssico contra o Botafogo, marcado para quarta-feira (12), no Maracan\u00e3, \u00e0s 21h30 (hor\u00e1rio de Bras\u00edlia). O time rubro-negro ocupa atualmente o segundo lugar no Campeonato Carioca, com 14 pontos, atr\u00e1s do l\u00edder Volta Redonda, que tem 17 pontos. Por isso, a vit\u00f3ria contra o Botafogo \u00e9 crucial para manter as esperan\u00e7as de alcan\u00e7ar a lideran\u00e7a.<\/p>\n\n\n\n<p>Dessa forma, o Flamengo se prepara para entrar em campo com um elenco ajustado, buscando o melhor desempenho poss\u00edvel, apesar dos desfalques e revezamentos.&nbsp;<\/p>\n\n\n\n<p>As expectativas s\u00e3o altas para os pr\u00f3ximos confrontos, e o Mais Querido espera contar com um time forte para seguir em busca da conquista do Campeonato Carioca.<\/p>\n","protected":false},"excerpt":{"rendered":"<p>O Flamengo j\u00e1 se prepara para mais um desafio importante no Campeonato Carioca, com dois grandes cl\u00e1ssicos \u00e0 vista: Botafogo e Vasco.&nbsp; Com a volta de De La Cruz e Arrascaeta ao time, o t\u00e9cnico Filipe Lu\u00eds ter\u00e1 que fazer alguns ajustes, priorizando a sa\u00fade dos seus jogadores. A d\u00favida surge sobre os desfalques de [&hellip;]<\/p>\n","protected":false},"author":25,"featured_media":106052,"comment_status":"open","ping_status":"closed","sticky":false,"template":"","format":"standard","meta":{"footnotes":""},"categories":[1],"tags":[],"class_list":["post-225739","post","type-post","status-publish","format-standard","has-post-thumbnail","hentry","category-flamengo"],"yoast_head":"<!-- This site is optimized with the Yoast SEO Premium plugin v24.2 (Yoast SEO v26.9) - https:\/\/yoast.com\/product\/yoast-seo-premium-wordpress\/ -->\n<title>Gerson e Pulgar podem desfalcar o Flamengo; entenda o motivo<\/title>\n<meta name=\"robots\" content=\"index, follow, max-snippet:-1, max-image-preview:large, max-video-preview:-1\" \/>\n<link rel=\"canonical\" href=\"https:\/\/www.gaveanews.com\/index.php\/2025\/02\/10\/gerson-e-pulgar-podem-desfalcar-o-flamengo-entenda-o-motivo\/\" \/>\n<meta property=\"og:locale\" content=\"pt_BR\" \/>\n<meta property=\"og:type\" content=\"article\" \/>\n<meta property=\"og:title\" content=\"Gerson e Pulgar podem desfalcar o Flamengo; entenda o motivo\" \/>\n<meta property=\"og:description\" content=\"O Flamengo j\u00e1 se prepara para mais um desafio importante no Campeonato Carioca, com dois grandes cl\u00e1ssicos \u00e0 vista: Botafogo e Vasco.&nbsp; Com a volta de De La Cruz e Arrascaeta ao time, o t\u00e9cnico Filipe Lu\u00eds ter\u00e1 que fazer alguns ajustes, priorizando a sa\u00fade dos seus jogadores. A d\u00favida surge sobre os desfalques de [&hellip;]\" \/>\n<meta property=\"og:url\" content=\"https:\/\/www.gaveanews.com\/index.php\/2025\/02\/10\/gerson-e-pulgar-podem-desfalcar-o-flamengo-entenda-o-motivo\/\" \/>\n<meta property=\"og:site_name\" content=\"G\u00e1vea News\" \/>\n<meta property=\"article:publisher\" content=\"https:\/\/facebook.com\/gaveaNews\/\" \/>\n<meta property=\"article:published_time\" content=\"2025-02-10T19:03:55+00:00\" \/>\n<meta property=\"article:modified_time\" content=\"2025-02-10T19:04:20+00:00\" \/>\n<meta property=\"og:image\" content=\"http:\/\/www.gaveanews.com\/wp-content\/uploads\/gerson-flamengo-botafogo.webp\" \/>\n\t<meta property=\"og:image:width\" content=\"900\" \/>\n\t<meta property=\"og:image:height\" content=\"599\" \/>\n\t<meta property=\"og:image:type\" content=\"image\/jpeg\" \/>\n<meta name=\"author\" content=\"Rafaela Ladeira\" \/>\n<meta name=\"twitter:card\" content=\"summary_large_image\" \/>\n<meta name=\"twitter:label1\" content=\"Escrito por\" \/>\n\t<meta name=\"twitter:data1\" content=\"Rafaela Ladeira\" \/>\n\t<meta name=\"twitter:label2\" content=\"Est. tempo de leitura\" \/>\n\t<meta name=\"twitter:data2\" content=\"2 minutos\" \/>\n<script type=\"application\/ld+json\" class=\"yoast-schema-graph\">{\"@context\":\"https:\/\/schema.org\",\"@graph\":[{\"@type\":\"NewsArticle\",\"@id\":\"https:\/\/www.gaveanews.com\/index.php\/2025\/02\/10\/gerson-e-pulgar-podem-desfalcar-o-flamengo-entenda-o-motivo\/#article\",\"isPartOf\":{\"@id\":\"https:\/\/www.gaveanews.com\/index.php\/2025\/02\/10\/gerson-e-pulgar-podem-desfalcar-o-flamengo-entenda-o-motivo\/\"},\"author\":{\"name\":\"Rafaela Ladeira\",\"@id\":\"https:\/\/www.gaveanews.com\/#\/schema\/person\/0eb3e3fe1754f0205218538adbe8f5ed\"},\"headline\":\"Gerson e Pulgar podem desfalcar o Flamengo; entenda o motivo\",\"datePublished\":\"2025-02-10T19:03:55+00:00\",\"dateModified\":\"2025-02-10T19:04:20+00:00\",\"mainEntityOfPage\":{\"@id\":\"https:\/\/www.gaveanews.com\/index.php\/2025\/02\/10\/gerson-e-pulgar-podem-desfalcar-o-flamengo-entenda-o-motivo\/\"},\"wordCount\":366,\"commentCount\":0,\"image\":{\"@id\":\"https:\/\/www.gaveanews.com\/index.php\/2025\/02\/10\/gerson-e-pulgar-podem-desfalcar-o-flamengo-entenda-o-motivo\/#primaryimage\"},\"thumbnailUrl\":\"https:\/\/www.gaveanews.com\/wp-content\/uploads\/gerson-flamengo-botafogo.webp\",\"articleSection\":[\"Flamengo\"],\"inLanguage\":\"pt-BR\",\"potentialAction\":[{\"@type\":\"CommentAction\",\"name\":\"Comment\",\"target\":[\"https:\/\/www.gaveanews.com\/index.php\/2025\/02\/10\/gerson-e-pulgar-podem-desfalcar-o-flamengo-entenda-o-motivo\/#respond\"]}],\"copyrightYear\":\"2025\",\"copyrightHolder\":{\"@id\":\"https:\/\/www.gaveanews.com\/#organization\"}},{\"@type\":\"WebPage\",\"@id\":\"https:\/\/www.gaveanews.com\/index.php\/2025\/02\/10\/gerson-e-pulgar-podem-desfalcar-o-flamengo-entenda-o-motivo\/\",\"url\":\"https:\/\/www.gaveanews.com\/index.php\/2025\/02\/10\/gerson-e-pulgar-podem-desfalcar-o-flamengo-entenda-o-motivo\/\",\"name\":\"Gerson e Pulgar podem desfalcar o Flamengo; entenda o motivo\",\"isPartOf\":{\"@id\":\"https:\/\/www.gaveanews.com\/#website\"},\"primaryImageOfPage\":{\"@id\":\"https:\/\/www.gaveanews.com\/index.php\/2025\/02\/10\/gerson-e-pulgar-podem-desfalcar-o-flamengo-entenda-o-motivo\/#primaryimage\"},\"image\":{\"@id\":\"https:\/\/www.gaveanews.com\/index.php\/2025\/02\/10\/gerson-e-pulgar-podem-desfalcar-o-flamengo-entenda-o-motivo\/#primaryimage\"},\"thumbnailUrl\":\"https:\/\/www.gaveanews.com\/wp-content\/uploads\/gerson-flamengo-botafogo.webp\",\"datePublished\":\"2025-02-10T19:03:55+00:00\",\"dateModified\":\"2025-02-10T19:04:20+00:00\",\"author\":{\"@id\":\"https:\/\/www.gaveanews.com\/#\/schema\/person\/0eb3e3fe1754f0205218538adbe8f5ed\"},\"breadcrumb\":{\"@id\":\"https:\/\/www.gaveanews.com\/index.php\/2025\/02\/10\/gerson-e-pulgar-podem-desfalcar-o-flamengo-entenda-o-motivo\/#breadcrumb\"},\"inLanguage\":\"pt-BR\",\"potentialAction\":[{\"@type\":\"ReadAction\",\"target\":[\"https:\/\/www.gaveanews.com\/index.php\/2025\/02\/10\/gerson-e-pulgar-podem-desfalcar-o-flamengo-entenda-o-motivo\/\"]}]},{\"@type\":\"ImageObject\",\"inLanguage\":\"pt-BR\",\"@id\":\"https:\/\/www.gaveanews.com\/index.php\/2025\/02\/10\/gerson-e-pulgar-podem-desfalcar-o-flamengo-entenda-o-motivo\/#primaryimage\",\"url\":\"https:\/\/www.gaveanews.com\/wp-content\/uploads\/gerson-flamengo-botafogo.webp\",\"contentUrl\":\"https:\/\/www.gaveanews.com\/wp-content\/uploads\/gerson-flamengo-botafogo.webp\",\"width\":900,\"height\":599,\"caption\":\"Gerson em atua\u00e7\u00e3o do Flamengo contra o Botafogo (Foto: Marcelo Cortes\/ Flamengo)\"},{\"@type\":\"BreadcrumbList\",\"@id\":\"https:\/\/www.gaveanews.com\/index.php\/2025\/02\/10\/gerson-e-pulgar-podem-desfalcar-o-flamengo-entenda-o-motivo\/#breadcrumb\",\"itemListElement\":[{\"@type\":\"ListItem\",\"position\":1,\"name\":\"Home\",\"item\":\"https:\/\/www.gaveanews.com\/\"},{\"@type\":\"ListItem\",\"position\":2,\"name\":\"Gerson e Pulgar podem desfalcar o Flamengo; entenda o motivo\"}]},{\"@type\":\"WebSite\",\"@id\":\"https:\/\/www.gaveanews.com\/#website\",\"url\":\"https:\/\/www.gaveanews.com\/\",\"name\":\"G\u00e1vea News\",\"description\":\"Veja todas as not\u00edcias sobre o Flamengo: Contrata\u00e7\u00f5es, categorias de base, resultados das partidas, tabela de classifica\u00e7\u00e3o, pr\u00f3ximos jogos!\",\"potentialAction\":[{\"@type\":\"SearchAction\",\"target\":{\"@type\":\"EntryPoint\",\"urlTemplate\":\"https:\/\/www.gaveanews.com\/?s={search_term_string}\"},\"query-input\":{\"@type\":\"PropertyValueSpecification\",\"valueRequired\":true,\"valueName\":\"search_term_string\"}}],\"inLanguage\":\"pt-BR\"},{\"@type\":\"Person\",\"@id\":\"https:\/\/www.gaveanews.com\/#\/schema\/person\/0eb3e3fe1754f0205218538adbe8f5ed\",\"name\":\"Rafaela Ladeira\",\"image\":{\"@type\":\"ImageObject\",\"inLanguage\":\"pt-BR\",\"@id\":\"https:\/\/www.gaveanews.com\/#\/schema\/person\/image\/\",\"url\":\"https:\/\/secure.gravatar.com\/avatar\/c31f513acffd85eacab5730cbdfdbbf59f21ba5aeada8cd890acea879fbb2455?s=96&d=mm&r=g\",\"contentUrl\":\"https:\/\/secure.gravatar.com\/avatar\/c31f513acffd85eacab5730cbdfdbbf59f21ba5aeada8cd890acea879fbb2455?s=96&d=mm&r=g\",\"caption\":\"Rafaela Ladeira\"}}]}<\/script>\n<!-- \/ Yoast SEO Premium plugin. -->","yoast_head_json":{"title":"Gerson e Pulgar podem desfalcar o Flamengo; entenda o motivo","robots":{"index":"index","follow":"follow","max-snippet":"max-snippet:-1","max-image-preview":"max-image-preview:large","max-video-preview":"max-video-preview:-1"},"canonical":"https:\/\/www.gaveanews.com\/index.php\/2025\/02\/10\/gerson-e-pulgar-podem-desfalcar-o-flamengo-entenda-o-motivo\/","og_locale":"pt_BR","og_type":"article","og_title":"Gerson e Pulgar podem desfalcar o Flamengo; entenda o motivo","og_description":"O Flamengo j\u00e1 se prepara para mais um desafio importante no Campeonato Carioca, com dois grandes cl\u00e1ssicos \u00e0 vista: Botafogo e Vasco.&nbsp; Com a volta de De La Cruz e Arrascaeta ao time, o t\u00e9cnico Filipe Lu\u00eds ter\u00e1 que fazer alguns ajustes, priorizando a sa\u00fade dos seus jogadores. A d\u00favida surge sobre os desfalques de [&hellip;]","og_url":"https:\/\/www.gaveanews.com\/index.php\/2025\/02\/10\/gerson-e-pulgar-podem-desfalcar-o-flamengo-entenda-o-motivo\/","og_site_name":"G\u00e1vea News","article_publisher":"https:\/\/facebook.com\/gaveaNews\/","article_published_time":"2025-02-10T19:03:55+00:00","article_modified_time":"2025-02-10T19:04:20+00:00","og_image":[{"width":900,"height":599,"url":"http:\/\/www.gaveanews.com\/wp-content\/uploads\/gerson-flamengo-botafogo.webp","type":"image\/jpeg"}],"author":"Rafaela Ladeira","twitter_card":"summary_large_image","twitter_misc":{"Escrito por":"Rafaela Ladeira","Est. tempo de leitura":"2 minutos"},"schema":{"@context":"https:\/\/schema.org","@graph":[{"@type":"NewsArticle","@id":"https:\/\/www.gaveanews.com\/index.php\/2025\/02\/10\/gerson-e-pulgar-podem-desfalcar-o-flamengo-entenda-o-motivo\/#article","isPartOf":{"@id":"https:\/\/www.gaveanews.com\/index.php\/2025\/02\/10\/gerson-e-pulgar-podem-desfalcar-o-flamengo-entenda-o-motivo\/"},"author":{"name":"Rafaela Ladeira","@id":"https:\/\/www.gaveanews.com\/#\/schema\/person\/0eb3e3fe1754f0205218538adbe8f5ed"},"headline":"Gerson e Pulgar podem desfalcar o Flamengo; entenda o motivo","datePublished":"2025-02-10T19:03:55+00:00","dateModified":"2025-02-10T19:04:20+00:00","mainEntityOfPage":{"@id":"https:\/\/www.gaveanews.com\/index.php\/2025\/02\/10\/gerson-e-pulgar-podem-desfalcar-o-flamengo-entenda-o-motivo\/"},"wordCount":366,"commentCount":0,"image":{"@id":"https:\/\/www.gaveanews.com\/index.php\/2025\/02\/10\/gerson-e-pulgar-podem-desfalcar-o-flamengo-entenda-o-motivo\/#primaryimage"},"thumbnailUrl":"https:\/\/www.gaveanews.com\/wp-content\/uploads\/gerson-flamengo-botafogo.webp","articleSection":["Flamengo"],"inLanguage":"pt-BR","potentialAction":[{"@type":"CommentAction","name":"Comment","target":["https:\/\/www.gaveanews.com\/index.php\/2025\/02\/10\/gerson-e-pulgar-podem-desfalcar-o-flamengo-entenda-o-motivo\/#respond"]}],"copyrightYear":"2025","copyrightHolder":{"@id":"https:\/\/www.gaveanews.com\/#organization"}},{"@type":"WebPage","@id":"https:\/\/www.gaveanews.com\/index.php\/2025\/02\/10\/gerson-e-pulgar-podem-desfalcar-o-flamengo-entenda-o-motivo\/","url":"https:\/\/www.gaveanews.com\/index.php\/2025\/02\/10\/gerson-e-pulgar-podem-desfalcar-o-flamengo-entenda-o-motivo\/","name":"Gerson e Pulgar podem desfalcar o Flamengo; entenda o motivo","isPartOf":{"@id":"https:\/\/www.gaveanews.com\/#website"},"primaryImageOfPage":{"@id":"https:\/\/www.gaveanews.com\/index.php\/2025\/02\/10\/gerson-e-pulgar-podem-desfalcar-o-flamengo-entenda-o-motivo\/#primaryimage"},"image":{"@id":"https:\/\/www.gaveanews.com\/index.php\/2025\/02\/10\/gerson-e-pulgar-podem-desfalcar-o-flamengo-entenda-o-motivo\/#primaryimage"},"thumbnailUrl":"https:\/\/www.gaveanews.com\/wp-content\/uploads\/gerson-flamengo-botafogo.webp","datePublished":"2025-02-10T19:03:55+00:00","dateModified":"2025-02-10T19:04:20+00:00","author":{"@id":"https:\/\/www.gaveanews.com\/#\/schema\/person\/0eb3e3fe1754f0205218538adbe8f5ed"},"breadcrumb":{"@id":"https:\/\/www.gaveanews.com\/index.php\/2025\/02\/10\/gerson-e-pulgar-podem-desfalcar-o-flamengo-entenda-o-motivo\/#breadcrumb"},"inLanguage":"pt-BR","potentialAction":[{"@type":"ReadAction","target":["https:\/\/www.gaveanews.com\/index.php\/2025\/02\/10\/gerson-e-pulgar-podem-desfalcar-o-flamengo-entenda-o-motivo\/"]}]},{"@type":"ImageObject","inLanguage":"pt-BR","@id":"https:\/\/www.gaveanews.com\/index.php\/2025\/02\/10\/gerson-e-pulgar-podem-desfalcar-o-flamengo-entenda-o-motivo\/#primaryimage","url":"https:\/\/www.gaveanews.com\/wp-content\/uploads\/gerson-flamengo-botafogo.webp","contentUrl":"https:\/\/www.gaveanews.com\/wp-content\/uploads\/gerson-flamengo-botafogo.webp","width":900,"height":599,"caption":"Gerson em atua\u00e7\u00e3o do Flamengo contra o Botafogo (Foto: Marcelo Cortes\/ Flamengo)"},{"@type":"BreadcrumbList","@id":"https:\/\/www.gaveanews.com\/index.php\/2025\/02\/10\/gerson-e-pulgar-podem-desfalcar-o-flamengo-entenda-o-motivo\/#breadcrumb","itemListElement":[{"@type":"ListItem","position":1,"name":"Home","item":"https:\/\/www.gaveanews.com\/"},{"@type":"ListItem","position":2,"name":"Gerson e Pulgar podem desfalcar o Flamengo; entenda o motivo"}]},{"@type":"WebSite","@id":"https:\/\/www.gaveanews.com\/#website","url":"https:\/\/www.gaveanews.com\/","name":"G\u00e1vea News","description":"Veja todas as not\u00edcias sobre o Flamengo: Contrata\u00e7\u00f5es, categorias de base, resultados das partidas, tabela de classifica\u00e7\u00e3o, pr\u00f3ximos jogos!","potentialAction":[{"@type":"SearchAction","target":{"@type":"EntryPoint","urlTemplate":"https:\/\/www.gaveanews.com\/?s={search_term_string}"},"query-input":{"@type":"PropertyValueSpecification","valueRequired":true,"valueName":"search_term_string"}}],"inLanguage":"pt-BR"},{"@type":"Person","@id":"https:\/\/www.gaveanews.com\/#\/schema\/person\/0eb3e3fe1754f0205218538adbe8f5ed","name":"Rafaela Ladeira","image":{"@type":"ImageObject","inLanguage":"pt-BR","@id":"https:\/\/www.gaveanews.com\/#\/schema\/person\/image\/","url":"https:\/\/secure.gravatar.com\/avatar\/c31f513acffd85eacab5730cbdfdbbf59f21ba5aeada8cd890acea879fbb2455?s=96&d=mm&r=g","contentUrl":"https:\/\/secure.gravatar.com\/avatar\/c31f513acffd85eacab5730cbdfdbbf59f21ba5aeada8cd890acea879fbb2455?s=96&d=mm&r=g","caption":"Rafaela Ladeira"}}]}},"_links":{"self":[{"href":"https:\/\/www.gaveanews.com\/index.php\/wp-json\/wp\/v2\/posts\/225739","targetHints":{"allow":["GET"]}}],"collection":[{"href":"https:\/\/www.gaveanews.com\/index.php\/wp-json\/wp\/v2\/posts"}],"about":[{"href":"https:\/\/www.gaveanews.com\/index.php\/wp-json\/wp\/v2\/types\/post"}],"author":[{"embeddable":true,"href":"https:\/\/www.gaveanews.com\/index.php\/wp-json\/wp\/v2\/users\/25"}],"replies":[{"embeddable":true,"href":"https:\/\/www.gaveanews.com\/index.php\/wp-json\/wp\/v2\/comments?post=225739"}],"version-history":[{"count":1,"href":"https:\/\/www.gaveanews.com\/index.php\/wp-json\/wp\/v2\/posts\/225739\/revisions"}],"predecessor-version":[{"id":225741,"href":"https:\/\/www.gaveanews.com\/index.php\/wp-json\/wp\/v2\/posts\/225739\/revisions\/225741"}],"wp:featuredmedia":[{"embeddable":true,"href":"https:\/\/www.gaveanews.com\/index.php\/wp-json\/wp\/v2\/media\/106052"}],"wp:attachment":[{"href":"https:\/\/www.gaveanews.com\/index.php\/wp-json\/wp\/v2\/media?parent=225739"}],"wp:term":[{"taxonomy":"category","embeddable":true,"href":"https:\/\/www.gaveanews.com\/index.php\/wp-json\/wp\/v2\/categories?post=225739"},{"taxonomy":"post_tag","embeddable":true,"href":"https:\/\/www.gaveanews.com\/index.php\/wp-json\/wp\/v2\/tags?post=225739"}],"curies":[{"name":"wp","href":"https:\/\/api.w.org\/{rel}","templated":true}]}}