{"id":225745,"date":"2025-02-10T16:55:00","date_gmt":"2025-02-10T19:55:00","guid":{"rendered":"https:\/\/www.gaveanews.com\/?p=225745"},"modified":"2025-02-10T16:42:09","modified_gmt":"2025-02-10T19:42:09","slug":"corinthians-rodrigo-garro-e-sincero-ao-falar-sobre-a-perda-da-camisa-10-para-depay","status":"publish","type":"post","link":"https:\/\/www.gaveanews.com\/index.php\/2025\/02\/10\/corinthians-rodrigo-garro-e-sincero-ao-falar-sobre-a-perda-da-camisa-10-para-depay\/","title":{"rendered":"Corinthians: Rodrigo Garro \u00e9 sincero ao falar sobre a perda da camisa 10 para Depay"},"content":{"rendered":"\n<p>Rodrigo Garro enfim entrou em campo nessa temporada ao enfrentar o S\u00e3o Bernardo, neste domingo (9), na Neo Qu\u00edmica Arena. O Corinthians venceu por 2 a 0 nos minutos finais e assegurou sua classifica\u00e7\u00e3o antecipada para a pr\u00f3xima fase do Campeonato Paulista. A partida foi marcada pela celebra\u00e7\u00e3o da torcida, que festejou o retorno do argentino.<\/p>\n\n\n\n<p>O atleta ficou de fora dos jogos iniciais da temporada enquanto se recuperava de uma tendinopatia patelar no joelho direito. Essa les\u00e3o tamb\u00e9m complicou um per\u00edodo dif\u00edcil na vida pessoal de Garro, que em janeiro se envolveu em um acidente de carro com uma v\u00edtima fatal na Argentina.<\/p>\n\n\n\n<p>A volta foi marcante para os torcedores do Tim\u00e3o n\u00e3o apenas gritaram o nome de Garro, mas tamb\u00e9m apresentaram um mosaico com o n\u00famero 8, correspondendo \u00e0 nova camisa do jogador. Recentemente, o Corinthians anunciou que ele deixaria de utilizar a camisa 10, devido a uma cl\u00e1usula no contrato com Memphis. Garro se manifestou de forma honesta sobre como se sentiu em rela\u00e7\u00e3o a essa mudan\u00e7a.<\/p>\n\n\n\n<figure class=\"wp-block-embed is-type-photo is-provider-flickr wp-block-embed-flickr\"><div class=\"wp-block-embed__wrapper\">\n<a href=\"https:\/\/www.flickr.com\/photos\/201636948@N07\/54319266771\/in\/dateposted-public\/\"><img loading=\"lazy\" decoding=\"async\" src=\"https:\/\/live.staticflickr.com\/65535\/54319266771_708c7de7cd_z.webp\" alt=\"rodrigo-garro-corinthians-abel-ferreira\" width=\"640\" height=\"447\" \/><\/a>\n<\/div><\/figure>\n\n\n\n<p>&#8220;Se o clube v\u00ea algum tipo de benef\u00edcio e achou que era o ideal neste momento, a mim cabe respeitar. Como j\u00e1 repeti aqui, n\u00e3o foi uma situa\u00e7\u00e3o que me agradou, porque estaria mentindo e eu n\u00e3o gosto de mentir&#8221;, disse Garro, que prosseguiu.<\/p>\n\n\n\n<p>&#8220;Mas estou acima de tudo isso, a vida me ensinou que o mais importante sempre est\u00e1 por vir. Acho que n\u00e3o quero me prender a essa quest\u00e3o, e sim ao que aconteceu hoje, ao n\u00famero que recebi, que \u00e9 um n\u00famero emblem\u00e1tico no clube, pelo qual tenho um respeito incr\u00edvel, porque todo mundo sabe a hist\u00f3ria que esse n\u00famero tem aqui dentro&#8221;, completou.<\/p>\n\n\n\n<p>O atleta deixou de lado a perda do n\u00famero 10 e destacou a relev\u00e2ncia da camisa 8 na trajet\u00f3ria do Corinthians e expressou sua gratid\u00e3o \u00e0 torcida pela comemora\u00e7\u00e3o realizada na Arena Neo Qu\u00edmica.<\/p>\n","protected":false},"excerpt":{"rendered":"<p>Rodrigo Garro enfim entrou em campo nessa temporada ao enfrentar o S\u00e3o Bernardo, neste domingo (9), na Neo Qu\u00edmica Arena. O Corinthians venceu por 2 a 0 nos minutos finais e assegurou sua classifica\u00e7\u00e3o antecipada para a pr\u00f3xima fase do Campeonato Paulista. A partida foi marcada pela celebra\u00e7\u00e3o da torcida, que festejou o retorno do [&hellip;]<\/p>\n","protected":false},"author":16,"featured_media":161268,"comment_status":"open","ping_status":"closed","sticky":false,"template":"","format":"standard","meta":{"footnotes":""},"categories":[141],"tags":[],"class_list":["post-225745","post","type-post","status-publish","format-standard","has-post-thumbnail","hentry","category-corinthians"],"yoast_head":"<!-- This site is optimized with the Yoast SEO Premium plugin v24.2 (Yoast SEO v26.9) - https:\/\/yoast.com\/product\/yoast-seo-premium-wordpress\/ -->\n<title>Corinthians: Rodrigo Garro \u00e9 sincero ao falar sobre a perda da camisa 10 para Depay<\/title>\n<meta name=\"robots\" content=\"index, follow, max-snippet:-1, max-image-preview:large, max-video-preview:-1\" \/>\n<link rel=\"canonical\" href=\"https:\/\/www.gaveanews.com\/index.php\/2025\/02\/10\/corinthians-rodrigo-garro-e-sincero-ao-falar-sobre-a-perda-da-camisa-10-para-depay\/\" \/>\n<meta property=\"og:locale\" content=\"pt_BR\" \/>\n<meta property=\"og:type\" content=\"article\" \/>\n<meta property=\"og:title\" content=\"Corinthians: Rodrigo Garro \u00e9 sincero ao falar sobre a perda da camisa 10 para Depay\" \/>\n<meta property=\"og:description\" content=\"Rodrigo Garro enfim entrou em campo nessa temporada ao enfrentar o S\u00e3o Bernardo, neste domingo (9), na Neo Qu\u00edmica Arena. O Corinthians venceu por 2 a 0 nos minutos finais e assegurou sua classifica\u00e7\u00e3o antecipada para a pr\u00f3xima fase do Campeonato Paulista. A partida foi marcada pela celebra\u00e7\u00e3o da torcida, que festejou o retorno do [&hellip;]\" \/>\n<meta property=\"og:url\" content=\"https:\/\/www.gaveanews.com\/index.php\/2025\/02\/10\/corinthians-rodrigo-garro-e-sincero-ao-falar-sobre-a-perda-da-camisa-10-para-depay\/\" \/>\n<meta property=\"og:site_name\" content=\"G\u00e1vea News\" \/>\n<meta property=\"article:publisher\" content=\"https:\/\/facebook.com\/gaveaNews\/\" \/>\n<meta property=\"article:published_time\" content=\"2025-02-10T19:55:00+00:00\" \/>\n<meta property=\"og:image\" content=\"https:\/\/www.gaveanews.com\/wp-content\/uploads\/Rodrigo-Garro-com-a-camisa-do-Corinthians-em-2024.webp\" \/>\n\t<meta property=\"og:image:width\" content=\"1440\" \/>\n\t<meta property=\"og:image:height\" content=\"1085\" \/>\n\t<meta property=\"og:image:type\" content=\"image\/jpeg\" \/>\n<meta name=\"author\" content=\"D\u00e9bora Figueiredo\" \/>\n<meta name=\"twitter:card\" content=\"summary_large_image\" \/>\n<meta name=\"twitter:label1\" content=\"Escrito por\" \/>\n\t<meta name=\"twitter:data1\" content=\"D\u00e9bora Figueiredo\" \/>\n\t<meta name=\"twitter:label2\" content=\"Est. tempo de leitura\" \/>\n\t<meta name=\"twitter:data2\" content=\"2 minutos\" \/>\n<script type=\"application\/ld+json\" class=\"yoast-schema-graph\">{\"@context\":\"https:\/\/schema.org\",\"@graph\":[{\"@type\":\"NewsArticle\",\"@id\":\"https:\/\/www.gaveanews.com\/index.php\/2025\/02\/10\/corinthians-rodrigo-garro-e-sincero-ao-falar-sobre-a-perda-da-camisa-10-para-depay\/#article\",\"isPartOf\":{\"@id\":\"https:\/\/www.gaveanews.com\/index.php\/2025\/02\/10\/corinthians-rodrigo-garro-e-sincero-ao-falar-sobre-a-perda-da-camisa-10-para-depay\/\"},\"author\":{\"name\":\"D\u00e9bora Figueiredo\",\"@id\":\"https:\/\/www.gaveanews.com\/#\/schema\/person\/37122681a8575a5c8db05a56f099a5e4\"},\"headline\":\"Corinthians: Rodrigo Garro \u00e9 sincero ao falar sobre a perda da camisa 10 para Depay\",\"datePublished\":\"2025-02-10T19:55:00+00:00\",\"mainEntityOfPage\":{\"@id\":\"https:\/\/www.gaveanews.com\/index.php\/2025\/02\/10\/corinthians-rodrigo-garro-e-sincero-ao-falar-sobre-a-perda-da-camisa-10-para-depay\/\"},\"wordCount\":357,\"commentCount\":0,\"image\":{\"@id\":\"https:\/\/www.gaveanews.com\/index.php\/2025\/02\/10\/corinthians-rodrigo-garro-e-sincero-ao-falar-sobre-a-perda-da-camisa-10-para-depay\/#primaryimage\"},\"thumbnailUrl\":\"https:\/\/www.gaveanews.com\/wp-content\/uploads\/Rodrigo-Garro-com-a-camisa-do-Corinthians-em-2024.webp\",\"articleSection\":[\"Corinthians\"],\"inLanguage\":\"pt-BR\",\"potentialAction\":[{\"@type\":\"CommentAction\",\"name\":\"Comment\",\"target\":[\"https:\/\/www.gaveanews.com\/index.php\/2025\/02\/10\/corinthians-rodrigo-garro-e-sincero-ao-falar-sobre-a-perda-da-camisa-10-para-depay\/#respond\"]}],\"copyrightYear\":\"2025\",\"copyrightHolder\":{\"@id\":\"https:\/\/www.gaveanews.com\/#organization\"}},{\"@type\":\"WebPage\",\"@id\":\"https:\/\/www.gaveanews.com\/index.php\/2025\/02\/10\/corinthians-rodrigo-garro-e-sincero-ao-falar-sobre-a-perda-da-camisa-10-para-depay\/\",\"url\":\"https:\/\/www.gaveanews.com\/index.php\/2025\/02\/10\/corinthians-rodrigo-garro-e-sincero-ao-falar-sobre-a-perda-da-camisa-10-para-depay\/\",\"name\":\"Corinthians: Rodrigo Garro \u00e9 sincero ao falar sobre a perda da camisa 10 para Depay\",\"isPartOf\":{\"@id\":\"https:\/\/www.gaveanews.com\/#website\"},\"primaryImageOfPage\":{\"@id\":\"https:\/\/www.gaveanews.com\/index.php\/2025\/02\/10\/corinthians-rodrigo-garro-e-sincero-ao-falar-sobre-a-perda-da-camisa-10-para-depay\/#primaryimage\"},\"image\":{\"@id\":\"https:\/\/www.gaveanews.com\/index.php\/2025\/02\/10\/corinthians-rodrigo-garro-e-sincero-ao-falar-sobre-a-perda-da-camisa-10-para-depay\/#primaryimage\"},\"thumbnailUrl\":\"https:\/\/www.gaveanews.com\/wp-content\/uploads\/Rodrigo-Garro-com-a-camisa-do-Corinthians-em-2024.webp\",\"datePublished\":\"2025-02-10T19:55:00+00:00\",\"author\":{\"@id\":\"https:\/\/www.gaveanews.com\/#\/schema\/person\/37122681a8575a5c8db05a56f099a5e4\"},\"breadcrumb\":{\"@id\":\"https:\/\/www.gaveanews.com\/index.php\/2025\/02\/10\/corinthians-rodrigo-garro-e-sincero-ao-falar-sobre-a-perda-da-camisa-10-para-depay\/#breadcrumb\"},\"inLanguage\":\"pt-BR\",\"potentialAction\":[{\"@type\":\"ReadAction\",\"target\":[\"https:\/\/www.gaveanews.com\/index.php\/2025\/02\/10\/corinthians-rodrigo-garro-e-sincero-ao-falar-sobre-a-perda-da-camisa-10-para-depay\/\"]}]},{\"@type\":\"ImageObject\",\"inLanguage\":\"pt-BR\",\"@id\":\"https:\/\/www.gaveanews.com\/index.php\/2025\/02\/10\/corinthians-rodrigo-garro-e-sincero-ao-falar-sobre-a-perda-da-camisa-10-para-depay\/#primaryimage\",\"url\":\"https:\/\/www.gaveanews.com\/wp-content\/uploads\/Rodrigo-Garro-com-a-camisa-do-Corinthians-em-2024.webp\",\"contentUrl\":\"https:\/\/www.gaveanews.com\/wp-content\/uploads\/Rodrigo-Garro-com-a-camisa-do-Corinthians-em-2024.webp\",\"width\":1440,\"height\":1085,\"caption\":\"Rodrigo Garro com a camisa do Corinthians em 2024 (Foto: Reprodu\u00e7\u00e3o\/Instagram)\"},{\"@type\":\"BreadcrumbList\",\"@id\":\"https:\/\/www.gaveanews.com\/index.php\/2025\/02\/10\/corinthians-rodrigo-garro-e-sincero-ao-falar-sobre-a-perda-da-camisa-10-para-depay\/#breadcrumb\",\"itemListElement\":[{\"@type\":\"ListItem\",\"position\":1,\"name\":\"Home\",\"item\":\"https:\/\/www.gaveanews.com\/\"},{\"@type\":\"ListItem\",\"position\":2,\"name\":\"Corinthians: Rodrigo Garro \u00e9 sincero ao falar sobre a perda da camisa 10 para Depay\"}]},{\"@type\":\"WebSite\",\"@id\":\"https:\/\/www.gaveanews.com\/#website\",\"url\":\"https:\/\/www.gaveanews.com\/\",\"name\":\"G\u00e1vea News\",\"description\":\"Veja todas as not\u00edcias sobre o Flamengo: Contrata\u00e7\u00f5es, categorias de base, resultados das partidas, tabela de classifica\u00e7\u00e3o, pr\u00f3ximos jogos!\",\"potentialAction\":[{\"@type\":\"SearchAction\",\"target\":{\"@type\":\"EntryPoint\",\"urlTemplate\":\"https:\/\/www.gaveanews.com\/?s={search_term_string}\"},\"query-input\":{\"@type\":\"PropertyValueSpecification\",\"valueRequired\":true,\"valueName\":\"search_term_string\"}}],\"inLanguage\":\"pt-BR\"},{\"@type\":\"Person\",\"@id\":\"https:\/\/www.gaveanews.com\/#\/schema\/person\/37122681a8575a5c8db05a56f099a5e4\",\"name\":\"D\u00e9bora Figueiredo\",\"image\":{\"@type\":\"ImageObject\",\"inLanguage\":\"pt-BR\",\"@id\":\"https:\/\/www.gaveanews.com\/#\/schema\/person\/image\/\",\"url\":\"https:\/\/secure.gravatar.com\/avatar\/1f44802859351588499d26f52aed1d15796ce17e67602895b72837c08018868d?s=96&d=mm&r=g\",\"contentUrl\":\"https:\/\/secure.gravatar.com\/avatar\/1f44802859351588499d26f52aed1d15796ce17e67602895b72837c08018868d?s=96&d=mm&r=g\",\"caption\":\"D\u00e9bora Figueiredo\"}}]}<\/script>\n<!-- \/ Yoast SEO Premium plugin. -->","yoast_head_json":{"title":"Corinthians: Rodrigo Garro \u00e9 sincero ao falar sobre a perda da camisa 10 para Depay","robots":{"index":"index","follow":"follow","max-snippet":"max-snippet:-1","max-image-preview":"max-image-preview:large","max-video-preview":"max-video-preview:-1"},"canonical":"https:\/\/www.gaveanews.com\/index.php\/2025\/02\/10\/corinthians-rodrigo-garro-e-sincero-ao-falar-sobre-a-perda-da-camisa-10-para-depay\/","og_locale":"pt_BR","og_type":"article","og_title":"Corinthians: Rodrigo Garro \u00e9 sincero ao falar sobre a perda da camisa 10 para Depay","og_description":"Rodrigo Garro enfim entrou em campo nessa temporada ao enfrentar o S\u00e3o Bernardo, neste domingo (9), na Neo Qu\u00edmica Arena. O Corinthians venceu por 2 a 0 nos minutos finais e assegurou sua classifica\u00e7\u00e3o antecipada para a pr\u00f3xima fase do Campeonato Paulista. A partida foi marcada pela celebra\u00e7\u00e3o da torcida, que festejou o retorno do [&hellip;]","og_url":"https:\/\/www.gaveanews.com\/index.php\/2025\/02\/10\/corinthians-rodrigo-garro-e-sincero-ao-falar-sobre-a-perda-da-camisa-10-para-depay\/","og_site_name":"G\u00e1vea News","article_publisher":"https:\/\/facebook.com\/gaveaNews\/","article_published_time":"2025-02-10T19:55:00+00:00","og_image":[{"width":1440,"height":1085,"url":"https:\/\/www.gaveanews.com\/wp-content\/uploads\/Rodrigo-Garro-com-a-camisa-do-Corinthians-em-2024.webp","type":"image\/jpeg"}],"author":"D\u00e9bora Figueiredo","twitter_card":"summary_large_image","twitter_misc":{"Escrito por":"D\u00e9bora Figueiredo","Est. tempo de leitura":"2 minutos"},"schema":{"@context":"https:\/\/schema.org","@graph":[{"@type":"NewsArticle","@id":"https:\/\/www.gaveanews.com\/index.php\/2025\/02\/10\/corinthians-rodrigo-garro-e-sincero-ao-falar-sobre-a-perda-da-camisa-10-para-depay\/#article","isPartOf":{"@id":"https:\/\/www.gaveanews.com\/index.php\/2025\/02\/10\/corinthians-rodrigo-garro-e-sincero-ao-falar-sobre-a-perda-da-camisa-10-para-depay\/"},"author":{"name":"D\u00e9bora Figueiredo","@id":"https:\/\/www.gaveanews.com\/#\/schema\/person\/37122681a8575a5c8db05a56f099a5e4"},"headline":"Corinthians: Rodrigo Garro \u00e9 sincero ao falar sobre a perda da camisa 10 para Depay","datePublished":"2025-02-10T19:55:00+00:00","mainEntityOfPage":{"@id":"https:\/\/www.gaveanews.com\/index.php\/2025\/02\/10\/corinthians-rodrigo-garro-e-sincero-ao-falar-sobre-a-perda-da-camisa-10-para-depay\/"},"wordCount":357,"commentCount":0,"image":{"@id":"https:\/\/www.gaveanews.com\/index.php\/2025\/02\/10\/corinthians-rodrigo-garro-e-sincero-ao-falar-sobre-a-perda-da-camisa-10-para-depay\/#primaryimage"},"thumbnailUrl":"https:\/\/www.gaveanews.com\/wp-content\/uploads\/Rodrigo-Garro-com-a-camisa-do-Corinthians-em-2024.webp","articleSection":["Corinthians"],"inLanguage":"pt-BR","potentialAction":[{"@type":"CommentAction","name":"Comment","target":["https:\/\/www.gaveanews.com\/index.php\/2025\/02\/10\/corinthians-rodrigo-garro-e-sincero-ao-falar-sobre-a-perda-da-camisa-10-para-depay\/#respond"]}],"copyrightYear":"2025","copyrightHolder":{"@id":"https:\/\/www.gaveanews.com\/#organization"}},{"@type":"WebPage","@id":"https:\/\/www.gaveanews.com\/index.php\/2025\/02\/10\/corinthians-rodrigo-garro-e-sincero-ao-falar-sobre-a-perda-da-camisa-10-para-depay\/","url":"https:\/\/www.gaveanews.com\/index.php\/2025\/02\/10\/corinthians-rodrigo-garro-e-sincero-ao-falar-sobre-a-perda-da-camisa-10-para-depay\/","name":"Corinthians: Rodrigo Garro \u00e9 sincero ao falar sobre a perda da camisa 10 para Depay","isPartOf":{"@id":"https:\/\/www.gaveanews.com\/#website"},"primaryImageOfPage":{"@id":"https:\/\/www.gaveanews.com\/index.php\/2025\/02\/10\/corinthians-rodrigo-garro-e-sincero-ao-falar-sobre-a-perda-da-camisa-10-para-depay\/#primaryimage"},"image":{"@id":"https:\/\/www.gaveanews.com\/index.php\/2025\/02\/10\/corinthians-rodrigo-garro-e-sincero-ao-falar-sobre-a-perda-da-camisa-10-para-depay\/#primaryimage"},"thumbnailUrl":"https:\/\/www.gaveanews.com\/wp-content\/uploads\/Rodrigo-Garro-com-a-camisa-do-Corinthians-em-2024.webp","datePublished":"2025-02-10T19:55:00+00:00","author":{"@id":"https:\/\/www.gaveanews.com\/#\/schema\/person\/37122681a8575a5c8db05a56f099a5e4"},"breadcrumb":{"@id":"https:\/\/www.gaveanews.com\/index.php\/2025\/02\/10\/corinthians-rodrigo-garro-e-sincero-ao-falar-sobre-a-perda-da-camisa-10-para-depay\/#breadcrumb"},"inLanguage":"pt-BR","potentialAction":[{"@type":"ReadAction","target":["https:\/\/www.gaveanews.com\/index.php\/2025\/02\/10\/corinthians-rodrigo-garro-e-sincero-ao-falar-sobre-a-perda-da-camisa-10-para-depay\/"]}]},{"@type":"ImageObject","inLanguage":"pt-BR","@id":"https:\/\/www.gaveanews.com\/index.php\/2025\/02\/10\/corinthians-rodrigo-garro-e-sincero-ao-falar-sobre-a-perda-da-camisa-10-para-depay\/#primaryimage","url":"https:\/\/www.gaveanews.com\/wp-content\/uploads\/Rodrigo-Garro-com-a-camisa-do-Corinthians-em-2024.webp","contentUrl":"https:\/\/www.gaveanews.com\/wp-content\/uploads\/Rodrigo-Garro-com-a-camisa-do-Corinthians-em-2024.webp","width":1440,"height":1085,"caption":"Rodrigo Garro com a camisa do Corinthians em 2024 (Foto: Reprodu\u00e7\u00e3o\/Instagram)"},{"@type":"BreadcrumbList","@id":"https:\/\/www.gaveanews.com\/index.php\/2025\/02\/10\/corinthians-rodrigo-garro-e-sincero-ao-falar-sobre-a-perda-da-camisa-10-para-depay\/#breadcrumb","itemListElement":[{"@type":"ListItem","position":1,"name":"Home","item":"https:\/\/www.gaveanews.com\/"},{"@type":"ListItem","position":2,"name":"Corinthians: Rodrigo Garro \u00e9 sincero ao falar sobre a perda da camisa 10 para Depay"}]},{"@type":"WebSite","@id":"https:\/\/www.gaveanews.com\/#website","url":"https:\/\/www.gaveanews.com\/","name":"G\u00e1vea News","description":"Veja todas as not\u00edcias sobre o Flamengo: Contrata\u00e7\u00f5es, categorias de base, resultados das partidas, tabela de classifica\u00e7\u00e3o, pr\u00f3ximos jogos!","potentialAction":[{"@type":"SearchAction","target":{"@type":"EntryPoint","urlTemplate":"https:\/\/www.gaveanews.com\/?s={search_term_string}"},"query-input":{"@type":"PropertyValueSpecification","valueRequired":true,"valueName":"search_term_string"}}],"inLanguage":"pt-BR"},{"@type":"Person","@id":"https:\/\/www.gaveanews.com\/#\/schema\/person\/37122681a8575a5c8db05a56f099a5e4","name":"D\u00e9bora Figueiredo","image":{"@type":"ImageObject","inLanguage":"pt-BR","@id":"https:\/\/www.gaveanews.com\/#\/schema\/person\/image\/","url":"https:\/\/secure.gravatar.com\/avatar\/1f44802859351588499d26f52aed1d15796ce17e67602895b72837c08018868d?s=96&d=mm&r=g","contentUrl":"https:\/\/secure.gravatar.com\/avatar\/1f44802859351588499d26f52aed1d15796ce17e67602895b72837c08018868d?s=96&d=mm&r=g","caption":"D\u00e9bora Figueiredo"}}]}},"_links":{"self":[{"href":"https:\/\/www.gaveanews.com\/index.php\/wp-json\/wp\/v2\/posts\/225745","targetHints":{"allow":["GET"]}}],"collection":[{"href":"https:\/\/www.gaveanews.com\/index.php\/wp-json\/wp\/v2\/posts"}],"about":[{"href":"https:\/\/www.gaveanews.com\/index.php\/wp-json\/wp\/v2\/types\/post"}],"author":[{"embeddable":true,"href":"https:\/\/www.gaveanews.com\/index.php\/wp-json\/wp\/v2\/users\/16"}],"replies":[{"embeddable":true,"href":"https:\/\/www.gaveanews.com\/index.php\/wp-json\/wp\/v2\/comments?post=225745"}],"version-history":[{"count":2,"href":"https:\/\/www.gaveanews.com\/index.php\/wp-json\/wp\/v2\/posts\/225745\/revisions"}],"predecessor-version":[{"id":225797,"href":"https:\/\/www.gaveanews.com\/index.php\/wp-json\/wp\/v2\/posts\/225745\/revisions\/225797"}],"wp:featuredmedia":[{"embeddable":true,"href":"https:\/\/www.gaveanews.com\/index.php\/wp-json\/wp\/v2\/media\/161268"}],"wp:attachment":[{"href":"https:\/\/www.gaveanews.com\/index.php\/wp-json\/wp\/v2\/media?parent=225745"}],"wp:term":[{"taxonomy":"category","embeddable":true,"href":"https:\/\/www.gaveanews.com\/index.php\/wp-json\/wp\/v2\/categories?post=225745"},{"taxonomy":"post_tag","embeddable":true,"href":"https:\/\/www.gaveanews.com\/index.php\/wp-json\/wp\/v2\/tags?post=225745"}],"curies":[{"name":"wp","href":"https:\/\/api.w.org\/{rel}","templated":true}]}}