{"id":225813,"date":"2025-02-10T19:40:00","date_gmt":"2025-02-10T22:40:00","guid":{"rendered":"https:\/\/www.gaveanews.com\/?p=225813"},"modified":"2025-02-10T18:37:40","modified_gmt":"2025-02-10T21:37:40","slug":"cruzeiro-vai-ao-mercado-a-pedido-de-leonardo-jardim","status":"publish","type":"post","link":"https:\/\/www.gaveanews.com\/index.php\/2025\/02\/10\/cruzeiro-vai-ao-mercado-a-pedido-de-leonardo-jardim\/","title":{"rendered":"Cruzeiro vai ao mercado a pedido de Leonardo Jardim"},"content":{"rendered":"\n<p>O treinador Leonardo Jardim pretende contratar mais um defensor para o Cruzeiro. O jogador portugu\u00eas de 50 anos afirmou que a equipe necessita de mais alternativas no setor, j\u00e1 que Jo\u00e3o Marcelo sofreu uma les\u00e3o e n\u00e3o deve continuar jogando nesta temporada.<\/p>\n\n\n\n<p>&#8220;Sobre essa situa\u00e7\u00e3o, o clube j\u00e1 tinha organizado com mais um zagueiro central, com certeza estamos tentando equilibrar, porque precisamos de mais solu\u00e7\u00f5es para a zaga. Vamos procurar um jogador por conta dessa les\u00e3o que vai levar o Jo\u00e3o Marcelo a parar at\u00e9 o fim do ano.&#8221;<\/p>\n\n\n\n<p>O portal ge obteve a informa\u00e7\u00e3o de que o Cruzeiro est\u00e1 \u00e0 procura de um jogador no mercado, inclusive com a possibilidade de aquisi\u00e7\u00e3o no exterior, considerando a aquisi\u00e7\u00e3o de seus direitos econ\u00f4micos em uma eventual oportunidade de mercado. O clube de Minas busca um atleta que chegue para disputar posi\u00e7\u00e3o e possua alguma experi\u00eancia. Trata-se com um certo grau de urg\u00eancia.<\/p>\n\n\n\n<figure class=\"wp-block-image size-full\"><img loading=\"lazy\" decoding=\"async\" width=\"984\" height=\"656\" src=\"http:\/\/www.gaveanews.com\/wp-content\/uploads\/Pedro-Lourenco-Pedrinho.webp\" alt=\"\" class=\"wp-image-175923\" srcset=\"https:\/\/www.gaveanews.com\/wp-content\/uploads\/Pedro-Lourenco-Pedrinho.webp 984w, https:\/\/www.gaveanews.com\/wp-content\/uploads\/Pedro-Lourenco-Pedrinho-300x200.webp 300w, https:\/\/www.gaveanews.com\/wp-content\/uploads\/Pedro-Lourenco-Pedrinho-768x512.webp 768w, https:\/\/www.gaveanews.com\/wp-content\/uploads\/Pedro-Lourenco-Pedrinho-630x420.webp 630w, https:\/\/www.gaveanews.com\/wp-content\/uploads\/Pedro-Lourenco-Pedrinho-640x427.webp 640w, https:\/\/www.gaveanews.com\/wp-content\/uploads\/Pedro-Lourenco-Pedrinho-681x454.webp 681w, https:\/\/www.gaveanews.com\/wp-content\/uploads\/Pedro-Lourenco-Pedrinho-100x67.webp 100w\" sizes=\"auto, (max-width: 984px) 100vw, 984px\" \/><figcaption class=\"wp-element-caption\">Pedro Louren\u00e7o (Pedrinho) (Foto: Gustavo Aleixo\/Cruzeiro)<\/figcaption><\/figure>\n\n\n\n<p>A circunst\u00e2ncia \u00e9 que o Cruzeiro est\u00e1 ciente da dificuldade em concluir uma negocia\u00e7\u00e3o e cumprir todos os procedimentos para inscrever o novo refor\u00e7o no Campeonato Mineiro. O per\u00edodo de inscri\u00e7\u00e3o termina na pr\u00f3xima sexta-feira. No Brasil, a janela de transfer\u00eancias se estende at\u00e9 o final deste m\u00eas.<\/p>\n\n\n\n<p>Assim, o jogador estaria apto para partidas do Campeonato Brasileiro, Copa do Brasil e Conmebol Sul-Americana. Jo\u00e3o Marcelo, que iniciou o ano como titular do time, deixou a Raposa. O defensor sofreu uma les\u00e3o multiligamentar ligada a les\u00f5es no menisco do joelho direito e, caso o tratamento progrida bem, poder\u00e1 retornar aos gramados na parte final da temporada.<\/p>\n\n\n\n<p>Atualmente, Jonathan Jesus, de 20 anos, \u00e9 o parceiro principal ao lado de Fabr\u00edcio Bruno, que foi adquirido por aproximadamente R$ 45 milh\u00f5es do Flamengo. Lucas Villalba \u00e9 a primeira escolha do banco, que recentemente contou com a adi\u00e7\u00e3o de Bruno Alves, do time sub-20, nas partidas anteriores. Janderson, que tamb\u00e9m \u00e9 jovem, est\u00e1 participando dos treinamentos do time profissional.<\/p>\n","protected":false},"excerpt":{"rendered":"<p>O treinador Leonardo Jardim pretende contratar mais um defensor para o Cruzeiro. O jogador portugu\u00eas de 50 anos afirmou que a equipe necessita de mais alternativas no setor, j\u00e1 que Jo\u00e3o Marcelo sofreu uma les\u00e3o e n\u00e3o deve continuar jogando nesta temporada. &#8220;Sobre essa situa\u00e7\u00e3o, o clube j\u00e1 tinha organizado com mais um zagueiro central, [&hellip;]<\/p>\n","protected":false},"author":16,"featured_media":165466,"comment_status":"open","ping_status":"closed","sticky":false,"template":"","format":"standard","meta":{"footnotes":""},"categories":[143],"tags":[],"class_list":["post-225813","post","type-post","status-publish","format-standard","has-post-thumbnail","hentry","category-cruzeiro"],"yoast_head":"<!-- This site is optimized with the Yoast SEO Premium plugin v24.2 (Yoast SEO v26.9) - https:\/\/yoast.com\/product\/yoast-seo-premium-wordpress\/ -->\n<title>Cruzeiro vai ao mercado a pedido de Leonardo Jardim<\/title>\n<meta name=\"robots\" content=\"index, follow, max-snippet:-1, max-image-preview:large, max-video-preview:-1\" \/>\n<link rel=\"canonical\" href=\"https:\/\/www.gaveanews.com\/index.php\/2025\/02\/10\/cruzeiro-vai-ao-mercado-a-pedido-de-leonardo-jardim\/\" \/>\n<meta property=\"og:locale\" content=\"pt_BR\" \/>\n<meta property=\"og:type\" content=\"article\" \/>\n<meta property=\"og:title\" content=\"Cruzeiro vai ao mercado a pedido de Leonardo Jardim\" \/>\n<meta property=\"og:description\" content=\"O treinador Leonardo Jardim pretende contratar mais um defensor para o Cruzeiro. O jogador portugu\u00eas de 50 anos afirmou que a equipe necessita de mais alternativas no setor, j\u00e1 que Jo\u00e3o Marcelo sofreu uma les\u00e3o e n\u00e3o deve continuar jogando nesta temporada. &#8220;Sobre essa situa\u00e7\u00e3o, o clube j\u00e1 tinha organizado com mais um zagueiro central, [&hellip;]\" \/>\n<meta property=\"og:url\" content=\"https:\/\/www.gaveanews.com\/index.php\/2025\/02\/10\/cruzeiro-vai-ao-mercado-a-pedido-de-leonardo-jardim\/\" \/>\n<meta property=\"og:site_name\" content=\"G\u00e1vea News\" \/>\n<meta property=\"article:publisher\" content=\"https:\/\/facebook.com\/gaveaNews\/\" \/>\n<meta property=\"article:published_time\" content=\"2025-02-10T22:40:00+00:00\" \/>\n<meta property=\"og:image\" content=\"https:\/\/www.gaveanews.com\/wp-content\/uploads\/Escudo-do-Cruzeiro.webp\" \/>\n\t<meta property=\"og:image:width\" content=\"1387\" \/>\n\t<meta property=\"og:image:height\" content=\"924\" \/>\n\t<meta property=\"og:image:type\" content=\"image\/webp\" \/>\n<meta name=\"author\" content=\"D\u00e9bora Figueiredo\" \/>\n<meta name=\"twitter:card\" content=\"summary_large_image\" \/>\n<meta name=\"twitter:label1\" content=\"Escrito por\" \/>\n\t<meta name=\"twitter:data1\" content=\"D\u00e9bora Figueiredo\" \/>\n\t<meta name=\"twitter:label2\" content=\"Est. tempo de leitura\" \/>\n\t<meta name=\"twitter:data2\" content=\"3 minutos\" \/>\n<script type=\"application\/ld+json\" class=\"yoast-schema-graph\">{\"@context\":\"https:\/\/schema.org\",\"@graph\":[{\"@type\":\"NewsArticle\",\"@id\":\"https:\/\/www.gaveanews.com\/index.php\/2025\/02\/10\/cruzeiro-vai-ao-mercado-a-pedido-de-leonardo-jardim\/#article\",\"isPartOf\":{\"@id\":\"https:\/\/www.gaveanews.com\/index.php\/2025\/02\/10\/cruzeiro-vai-ao-mercado-a-pedido-de-leonardo-jardim\/\"},\"author\":{\"name\":\"D\u00e9bora Figueiredo\",\"@id\":\"https:\/\/www.gaveanews.com\/#\/schema\/person\/37122681a8575a5c8db05a56f099a5e4\"},\"headline\":\"Cruzeiro vai ao mercado a pedido de Leonardo Jardim\",\"datePublished\":\"2025-02-10T22:40:00+00:00\",\"mainEntityOfPage\":{\"@id\":\"https:\/\/www.gaveanews.com\/index.php\/2025\/02\/10\/cruzeiro-vai-ao-mercado-a-pedido-de-leonardo-jardim\/\"},\"wordCount\":356,\"commentCount\":0,\"image\":{\"@id\":\"https:\/\/www.gaveanews.com\/index.php\/2025\/02\/10\/cruzeiro-vai-ao-mercado-a-pedido-de-leonardo-jardim\/#primaryimage\"},\"thumbnailUrl\":\"https:\/\/www.gaveanews.com\/wp-content\/uploads\/Escudo-do-Cruzeiro.webp\",\"articleSection\":[\"Cruzeiro\"],\"inLanguage\":\"pt-BR\",\"potentialAction\":[{\"@type\":\"CommentAction\",\"name\":\"Comment\",\"target\":[\"https:\/\/www.gaveanews.com\/index.php\/2025\/02\/10\/cruzeiro-vai-ao-mercado-a-pedido-de-leonardo-jardim\/#respond\"]}],\"copyrightYear\":\"2025\",\"copyrightHolder\":{\"@id\":\"https:\/\/www.gaveanews.com\/#organization\"}},{\"@type\":\"WebPage\",\"@id\":\"https:\/\/www.gaveanews.com\/index.php\/2025\/02\/10\/cruzeiro-vai-ao-mercado-a-pedido-de-leonardo-jardim\/\",\"url\":\"https:\/\/www.gaveanews.com\/index.php\/2025\/02\/10\/cruzeiro-vai-ao-mercado-a-pedido-de-leonardo-jardim\/\",\"name\":\"Cruzeiro vai ao mercado a pedido de Leonardo Jardim\",\"isPartOf\":{\"@id\":\"https:\/\/www.gaveanews.com\/#website\"},\"primaryImageOfPage\":{\"@id\":\"https:\/\/www.gaveanews.com\/index.php\/2025\/02\/10\/cruzeiro-vai-ao-mercado-a-pedido-de-leonardo-jardim\/#primaryimage\"},\"image\":{\"@id\":\"https:\/\/www.gaveanews.com\/index.php\/2025\/02\/10\/cruzeiro-vai-ao-mercado-a-pedido-de-leonardo-jardim\/#primaryimage\"},\"thumbnailUrl\":\"https:\/\/www.gaveanews.com\/wp-content\/uploads\/Escudo-do-Cruzeiro.webp\",\"datePublished\":\"2025-02-10T22:40:00+00:00\",\"author\":{\"@id\":\"https:\/\/www.gaveanews.com\/#\/schema\/person\/37122681a8575a5c8db05a56f099a5e4\"},\"breadcrumb\":{\"@id\":\"https:\/\/www.gaveanews.com\/index.php\/2025\/02\/10\/cruzeiro-vai-ao-mercado-a-pedido-de-leonardo-jardim\/#breadcrumb\"},\"inLanguage\":\"pt-BR\",\"potentialAction\":[{\"@type\":\"ReadAction\",\"target\":[\"https:\/\/www.gaveanews.com\/index.php\/2025\/02\/10\/cruzeiro-vai-ao-mercado-a-pedido-de-leonardo-jardim\/\"]}]},{\"@type\":\"ImageObject\",\"inLanguage\":\"pt-BR\",\"@id\":\"https:\/\/www.gaveanews.com\/index.php\/2025\/02\/10\/cruzeiro-vai-ao-mercado-a-pedido-de-leonardo-jardim\/#primaryimage\",\"url\":\"https:\/\/www.gaveanews.com\/wp-content\/uploads\/Escudo-do-Cruzeiro.webp\",\"contentUrl\":\"https:\/\/www.gaveanews.com\/wp-content\/uploads\/Escudo-do-Cruzeiro.webp\",\"width\":1387,\"height\":924,\"caption\":\"Escudo do Cruzeiro (Foto: Reprodu\u00e7\u00e3o\/Cruzeiro)\"},{\"@type\":\"BreadcrumbList\",\"@id\":\"https:\/\/www.gaveanews.com\/index.php\/2025\/02\/10\/cruzeiro-vai-ao-mercado-a-pedido-de-leonardo-jardim\/#breadcrumb\",\"itemListElement\":[{\"@type\":\"ListItem\",\"position\":1,\"name\":\"Home\",\"item\":\"https:\/\/www.gaveanews.com\/\"},{\"@type\":\"ListItem\",\"position\":2,\"name\":\"Cruzeiro vai ao mercado a pedido de Leonardo Jardim\"}]},{\"@type\":\"WebSite\",\"@id\":\"https:\/\/www.gaveanews.com\/#website\",\"url\":\"https:\/\/www.gaveanews.com\/\",\"name\":\"G\u00e1vea News\",\"description\":\"Veja todas as not\u00edcias sobre o Flamengo: Contrata\u00e7\u00f5es, categorias de base, resultados das partidas, tabela de classifica\u00e7\u00e3o, pr\u00f3ximos jogos!\",\"potentialAction\":[{\"@type\":\"SearchAction\",\"target\":{\"@type\":\"EntryPoint\",\"urlTemplate\":\"https:\/\/www.gaveanews.com\/?s={search_term_string}\"},\"query-input\":{\"@type\":\"PropertyValueSpecification\",\"valueRequired\":true,\"valueName\":\"search_term_string\"}}],\"inLanguage\":\"pt-BR\"},{\"@type\":\"Person\",\"@id\":\"https:\/\/www.gaveanews.com\/#\/schema\/person\/37122681a8575a5c8db05a56f099a5e4\",\"name\":\"D\u00e9bora Figueiredo\",\"image\":{\"@type\":\"ImageObject\",\"inLanguage\":\"pt-BR\",\"@id\":\"https:\/\/www.gaveanews.com\/#\/schema\/person\/image\/\",\"url\":\"https:\/\/secure.gravatar.com\/avatar\/1f44802859351588499d26f52aed1d15796ce17e67602895b72837c08018868d?s=96&d=mm&r=g\",\"contentUrl\":\"https:\/\/secure.gravatar.com\/avatar\/1f44802859351588499d26f52aed1d15796ce17e67602895b72837c08018868d?s=96&d=mm&r=g\",\"caption\":\"D\u00e9bora Figueiredo\"}}]}<\/script>\n<!-- \/ Yoast SEO Premium plugin. -->","yoast_head_json":{"title":"Cruzeiro vai ao mercado a pedido de Leonardo Jardim","robots":{"index":"index","follow":"follow","max-snippet":"max-snippet:-1","max-image-preview":"max-image-preview:large","max-video-preview":"max-video-preview:-1"},"canonical":"https:\/\/www.gaveanews.com\/index.php\/2025\/02\/10\/cruzeiro-vai-ao-mercado-a-pedido-de-leonardo-jardim\/","og_locale":"pt_BR","og_type":"article","og_title":"Cruzeiro vai ao mercado a pedido de Leonardo Jardim","og_description":"O treinador Leonardo Jardim pretende contratar mais um defensor para o Cruzeiro. O jogador portugu\u00eas de 50 anos afirmou que a equipe necessita de mais alternativas no setor, j\u00e1 que Jo\u00e3o Marcelo sofreu uma les\u00e3o e n\u00e3o deve continuar jogando nesta temporada. &#8220;Sobre essa situa\u00e7\u00e3o, o clube j\u00e1 tinha organizado com mais um zagueiro central, [&hellip;]","og_url":"https:\/\/www.gaveanews.com\/index.php\/2025\/02\/10\/cruzeiro-vai-ao-mercado-a-pedido-de-leonardo-jardim\/","og_site_name":"G\u00e1vea News","article_publisher":"https:\/\/facebook.com\/gaveaNews\/","article_published_time":"2025-02-10T22:40:00+00:00","og_image":[{"width":1387,"height":924,"url":"https:\/\/www.gaveanews.com\/wp-content\/uploads\/Escudo-do-Cruzeiro.webp","type":"image\/webp"}],"author":"D\u00e9bora Figueiredo","twitter_card":"summary_large_image","twitter_misc":{"Escrito por":"D\u00e9bora Figueiredo","Est. tempo de leitura":"3 minutos"},"schema":{"@context":"https:\/\/schema.org","@graph":[{"@type":"NewsArticle","@id":"https:\/\/www.gaveanews.com\/index.php\/2025\/02\/10\/cruzeiro-vai-ao-mercado-a-pedido-de-leonardo-jardim\/#article","isPartOf":{"@id":"https:\/\/www.gaveanews.com\/index.php\/2025\/02\/10\/cruzeiro-vai-ao-mercado-a-pedido-de-leonardo-jardim\/"},"author":{"name":"D\u00e9bora Figueiredo","@id":"https:\/\/www.gaveanews.com\/#\/schema\/person\/37122681a8575a5c8db05a56f099a5e4"},"headline":"Cruzeiro vai ao mercado a pedido de Leonardo Jardim","datePublished":"2025-02-10T22:40:00+00:00","mainEntityOfPage":{"@id":"https:\/\/www.gaveanews.com\/index.php\/2025\/02\/10\/cruzeiro-vai-ao-mercado-a-pedido-de-leonardo-jardim\/"},"wordCount":356,"commentCount":0,"image":{"@id":"https:\/\/www.gaveanews.com\/index.php\/2025\/02\/10\/cruzeiro-vai-ao-mercado-a-pedido-de-leonardo-jardim\/#primaryimage"},"thumbnailUrl":"https:\/\/www.gaveanews.com\/wp-content\/uploads\/Escudo-do-Cruzeiro.webp","articleSection":["Cruzeiro"],"inLanguage":"pt-BR","potentialAction":[{"@type":"CommentAction","name":"Comment","target":["https:\/\/www.gaveanews.com\/index.php\/2025\/02\/10\/cruzeiro-vai-ao-mercado-a-pedido-de-leonardo-jardim\/#respond"]}],"copyrightYear":"2025","copyrightHolder":{"@id":"https:\/\/www.gaveanews.com\/#organization"}},{"@type":"WebPage","@id":"https:\/\/www.gaveanews.com\/index.php\/2025\/02\/10\/cruzeiro-vai-ao-mercado-a-pedido-de-leonardo-jardim\/","url":"https:\/\/www.gaveanews.com\/index.php\/2025\/02\/10\/cruzeiro-vai-ao-mercado-a-pedido-de-leonardo-jardim\/","name":"Cruzeiro vai ao mercado a pedido de Leonardo Jardim","isPartOf":{"@id":"https:\/\/www.gaveanews.com\/#website"},"primaryImageOfPage":{"@id":"https:\/\/www.gaveanews.com\/index.php\/2025\/02\/10\/cruzeiro-vai-ao-mercado-a-pedido-de-leonardo-jardim\/#primaryimage"},"image":{"@id":"https:\/\/www.gaveanews.com\/index.php\/2025\/02\/10\/cruzeiro-vai-ao-mercado-a-pedido-de-leonardo-jardim\/#primaryimage"},"thumbnailUrl":"https:\/\/www.gaveanews.com\/wp-content\/uploads\/Escudo-do-Cruzeiro.webp","datePublished":"2025-02-10T22:40:00+00:00","author":{"@id":"https:\/\/www.gaveanews.com\/#\/schema\/person\/37122681a8575a5c8db05a56f099a5e4"},"breadcrumb":{"@id":"https:\/\/www.gaveanews.com\/index.php\/2025\/02\/10\/cruzeiro-vai-ao-mercado-a-pedido-de-leonardo-jardim\/#breadcrumb"},"inLanguage":"pt-BR","potentialAction":[{"@type":"ReadAction","target":["https:\/\/www.gaveanews.com\/index.php\/2025\/02\/10\/cruzeiro-vai-ao-mercado-a-pedido-de-leonardo-jardim\/"]}]},{"@type":"ImageObject","inLanguage":"pt-BR","@id":"https:\/\/www.gaveanews.com\/index.php\/2025\/02\/10\/cruzeiro-vai-ao-mercado-a-pedido-de-leonardo-jardim\/#primaryimage","url":"https:\/\/www.gaveanews.com\/wp-content\/uploads\/Escudo-do-Cruzeiro.webp","contentUrl":"https:\/\/www.gaveanews.com\/wp-content\/uploads\/Escudo-do-Cruzeiro.webp","width":1387,"height":924,"caption":"Escudo do Cruzeiro (Foto: Reprodu\u00e7\u00e3o\/Cruzeiro)"},{"@type":"BreadcrumbList","@id":"https:\/\/www.gaveanews.com\/index.php\/2025\/02\/10\/cruzeiro-vai-ao-mercado-a-pedido-de-leonardo-jardim\/#breadcrumb","itemListElement":[{"@type":"ListItem","position":1,"name":"Home","item":"https:\/\/www.gaveanews.com\/"},{"@type":"ListItem","position":2,"name":"Cruzeiro vai ao mercado a pedido de Leonardo Jardim"}]},{"@type":"WebSite","@id":"https:\/\/www.gaveanews.com\/#website","url":"https:\/\/www.gaveanews.com\/","name":"G\u00e1vea News","description":"Veja todas as not\u00edcias sobre o Flamengo: Contrata\u00e7\u00f5es, categorias de base, resultados das partidas, tabela de classifica\u00e7\u00e3o, pr\u00f3ximos jogos!","potentialAction":[{"@type":"SearchAction","target":{"@type":"EntryPoint","urlTemplate":"https:\/\/www.gaveanews.com\/?s={search_term_string}"},"query-input":{"@type":"PropertyValueSpecification","valueRequired":true,"valueName":"search_term_string"}}],"inLanguage":"pt-BR"},{"@type":"Person","@id":"https:\/\/www.gaveanews.com\/#\/schema\/person\/37122681a8575a5c8db05a56f099a5e4","name":"D\u00e9bora Figueiredo","image":{"@type":"ImageObject","inLanguage":"pt-BR","@id":"https:\/\/www.gaveanews.com\/#\/schema\/person\/image\/","url":"https:\/\/secure.gravatar.com\/avatar\/1f44802859351588499d26f52aed1d15796ce17e67602895b72837c08018868d?s=96&d=mm&r=g","contentUrl":"https:\/\/secure.gravatar.com\/avatar\/1f44802859351588499d26f52aed1d15796ce17e67602895b72837c08018868d?s=96&d=mm&r=g","caption":"D\u00e9bora Figueiredo"}}]}},"_links":{"self":[{"href":"https:\/\/www.gaveanews.com\/index.php\/wp-json\/wp\/v2\/posts\/225813","targetHints":{"allow":["GET"]}}],"collection":[{"href":"https:\/\/www.gaveanews.com\/index.php\/wp-json\/wp\/v2\/posts"}],"about":[{"href":"https:\/\/www.gaveanews.com\/index.php\/wp-json\/wp\/v2\/types\/post"}],"author":[{"embeddable":true,"href":"https:\/\/www.gaveanews.com\/index.php\/wp-json\/wp\/v2\/users\/16"}],"replies":[{"embeddable":true,"href":"https:\/\/www.gaveanews.com\/index.php\/wp-json\/wp\/v2\/comments?post=225813"}],"version-history":[{"count":1,"href":"https:\/\/www.gaveanews.com\/index.php\/wp-json\/wp\/v2\/posts\/225813\/revisions"}],"predecessor-version":[{"id":225814,"href":"https:\/\/www.gaveanews.com\/index.php\/wp-json\/wp\/v2\/posts\/225813\/revisions\/225814"}],"wp:featuredmedia":[{"embeddable":true,"href":"https:\/\/www.gaveanews.com\/index.php\/wp-json\/wp\/v2\/media\/165466"}],"wp:attachment":[{"href":"https:\/\/www.gaveanews.com\/index.php\/wp-json\/wp\/v2\/media?parent=225813"}],"wp:term":[{"taxonomy":"category","embeddable":true,"href":"https:\/\/www.gaveanews.com\/index.php\/wp-json\/wp\/v2\/categories?post=225813"},{"taxonomy":"post_tag","embeddable":true,"href":"https:\/\/www.gaveanews.com\/index.php\/wp-json\/wp\/v2\/tags?post=225813"}],"curies":[{"name":"wp","href":"https:\/\/api.w.org\/{rel}","templated":true}]}}