{"id":225833,"date":"2025-02-10T22:00:00","date_gmt":"2025-02-11T01:00:00","guid":{"rendered":"https:\/\/www.gaveanews.com\/?p=225833"},"modified":"2025-02-10T20:23:28","modified_gmt":"2025-02-10T23:23:28","slug":"craque-neto-faz-comparacao-entre-flamengo-e-fluminense-voces-vao-ver-no-final-do-ano","status":"publish","type":"post","link":"https:\/\/www.gaveanews.com\/index.php\/2025\/02\/10\/craque-neto-faz-comparacao-entre-flamengo-e-fluminense-voces-vao-ver-no-final-do-ano\/","title":{"rendered":"Craque Neto faz compara\u00e7\u00e3o entre Flamengo e Fluminense: &#8220;Voc\u00eas v\u00e3o ver no final do ano&#8221;"},"content":{"rendered":"\n<h2 class=\"wp-block-heading\" id=\"h-craque-neto-aposta-no-flamengo-como-favorito-aos-principais-titulos-de-2025\">Craque Neto aposta no Flamengo como favorito aos principais t\u00edtulos de 2025<\/h2>\n\n\n\n<p>A temporada 2025 do futebol brasileiro ainda est\u00e1 no in\u00edcio, mas o ex-jogador e apresentador Craque Neto j\u00e1 tem um favorito para dominar as competi\u00e7\u00f5es nacionais e internacionais. Durante o programa \u201cApito Final\u201d deste domingo (9), Neto afirmou que o Flamengo tem todas as condi\u00e7\u00f5es para conquistar os principais t\u00edtulos do ano.<\/p>\n\n\n\n<p>O comentarista destacou tr\u00eas fatores que, em sua vis\u00e3o, tornam o Rubro-Negro um forte candidato ao sucesso: a qualidade do elenco, um treinador competente e a estabilidade nos bastidores. Para ele, a equipe carioca est\u00e1 acima dos demais concorrentes e tem a obriga\u00e7\u00e3o de vencer.<\/p>\n\n\n\n<p>\u201cPor sinal, com todo respeito que o Fluminense merece, voc\u00eas v\u00e3o ver no final do ano onde chega o Flamengo e onde o rival chega\u201d, afirmou Neto ao analisar o empate entre os dois clubes no cl\u00e1ssico do fim de semana. O apresentador ressaltou que h\u00e1 uma grande diferen\u00e7a entre os times e que, enquanto o Flamengo brigar\u00e1 por t\u00edtulos, o Fluminense pode ter dificuldades no Brasileir\u00e3o.<\/p>\n\n\n\n<p>\u201cO Flamengo vai lutar para ganhar tudo esse ano, tem um time forte, treinador bom e ambiente bom. A obriga\u00e7\u00e3o \u00e9 essa. O Flu, talvez brigue para permanecer na elite\u201d, acrescentou.<\/p>\n\n\n\n<p>Al\u00e9m da an\u00e1lise sobre o desempenho das equipes, Neto tamb\u00e9m esteve no centro das discuss\u00f5es ap\u00f3s o cl\u00e1ssico. Durante a coletiva p\u00f3s-jogo, o t\u00e9cnico Filipe Lu\u00eds foi questionado sobre declara\u00e7\u00f5es anteriores do apresentador, que havia criticado o Flamengo pelo caso Hugo Souza e pela trag\u00e9dia no Ninho do Urubu. Sem polemizar, Filipe Lu\u00eds afirmou que Neto tem um grande alcance em seus programas e que sua fala foi uma \u201cinfelicidade\u201d.<\/p>\n\n\n\n<p>O Flamengo segue na briga pela classifica\u00e7\u00e3o antecipada para a fase final do Campeonato Carioca. Ap\u00f3s o empate com o Fluminense, a equipe enfrentar\u00e1 dois cl\u00e1ssicos importantes nesta semana. O primeiro ser\u00e1 contra o Botafogo, em duelo remarcado da 7\u00aa rodada, e o segundo diante do Vasco, no s\u00e1bado (15), ambos no Maracan\u00e3. Com 14 pontos, o Rubro-Negro \u00e9 o segundo colocado do estadual, tr\u00eas pontos atr\u00e1s do l\u00edder Volta Redonda.<\/p>\n","protected":false},"excerpt":{"rendered":"<p>Craque Neto aposta no Flamengo como favorito aos principais t\u00edtulos de 2025 A temporada 2025 do futebol brasileiro ainda est\u00e1 no in\u00edcio, mas o ex-jogador e apresentador Craque Neto j\u00e1 tem um favorito para dominar as competi\u00e7\u00f5es nacionais e internacionais. Durante o programa \u201cApito Final\u201d deste domingo (9), Neto afirmou que o Flamengo tem todas [&hellip;]<\/p>\n","protected":false},"author":17,"featured_media":71983,"comment_status":"open","ping_status":"closed","sticky":false,"template":"","format":"standard","meta":{"footnotes":""},"categories":[1,145],"tags":[],"class_list":["post-225833","post","type-post","status-publish","format-standard","has-post-thumbnail","hentry","category-flamengo","category-fluminense"],"yoast_head":"<!-- This site is optimized with the Yoast SEO Premium plugin v24.2 (Yoast SEO v26.9) - https:\/\/yoast.com\/product\/yoast-seo-premium-wordpress\/ -->\n<title>Craque Neto faz compara\u00e7\u00e3o entre Flamengo e Fluminense: &quot;Voc\u00eas v\u00e3o ver no final do ano&quot;<\/title>\n<meta name=\"robots\" content=\"index, follow, max-snippet:-1, max-image-preview:large, max-video-preview:-1\" \/>\n<link rel=\"canonical\" href=\"https:\/\/www.gaveanews.com\/index.php\/2025\/02\/10\/craque-neto-faz-comparacao-entre-flamengo-e-fluminense-voces-vao-ver-no-final-do-ano\/\" \/>\n<meta property=\"og:locale\" content=\"pt_BR\" \/>\n<meta property=\"og:type\" content=\"article\" \/>\n<meta property=\"og:title\" content=\"Craque Neto faz compara\u00e7\u00e3o entre Flamengo e Fluminense: &quot;Voc\u00eas v\u00e3o ver no final do ano&quot;\" \/>\n<meta property=\"og:description\" content=\"Craque Neto aposta no Flamengo como favorito aos principais t\u00edtulos de 2025 A temporada 2025 do futebol brasileiro ainda est\u00e1 no in\u00edcio, mas o ex-jogador e apresentador Craque Neto j\u00e1 tem um favorito para dominar as competi\u00e7\u00f5es nacionais e internacionais. Durante o programa \u201cApito Final\u201d deste domingo (9), Neto afirmou que o Flamengo tem todas [&hellip;]\" \/>\n<meta property=\"og:url\" content=\"https:\/\/www.gaveanews.com\/index.php\/2025\/02\/10\/craque-neto-faz-comparacao-entre-flamengo-e-fluminense-voces-vao-ver-no-final-do-ano\/\" \/>\n<meta property=\"og:site_name\" content=\"G\u00e1vea News\" \/>\n<meta property=\"article:publisher\" content=\"https:\/\/facebook.com\/gaveaNews\/\" \/>\n<meta property=\"article:published_time\" content=\"2025-02-11T01:00:00+00:00\" \/>\n<meta property=\"og:image\" content=\"https:\/\/www.gaveanews.com\/wp-content\/uploads\/Comentarista-Neto-em-programa-da-Band.webp\" \/>\n\t<meta property=\"og:image:width\" content=\"846\" \/>\n\t<meta property=\"og:image:height\" content=\"476\" \/>\n\t<meta property=\"og:image:type\" content=\"image\/jpeg\" \/>\n<meta name=\"author\" content=\"Geovanna Thomaz\" \/>\n<meta name=\"twitter:card\" content=\"summary_large_image\" \/>\n<meta name=\"twitter:label1\" content=\"Escrito por\" \/>\n\t<meta name=\"twitter:data1\" content=\"Geovanna Thomaz\" \/>\n\t<meta name=\"twitter:label2\" content=\"Est. tempo de leitura\" \/>\n\t<meta name=\"twitter:data2\" content=\"3 minutos\" \/>\n<script type=\"application\/ld+json\" class=\"yoast-schema-graph\">{\"@context\":\"https:\/\/schema.org\",\"@graph\":[{\"@type\":\"NewsArticle\",\"@id\":\"https:\/\/www.gaveanews.com\/index.php\/2025\/02\/10\/craque-neto-faz-comparacao-entre-flamengo-e-fluminense-voces-vao-ver-no-final-do-ano\/#article\",\"isPartOf\":{\"@id\":\"https:\/\/www.gaveanews.com\/index.php\/2025\/02\/10\/craque-neto-faz-comparacao-entre-flamengo-e-fluminense-voces-vao-ver-no-final-do-ano\/\"},\"author\":{\"name\":\"Geovanna Thomaz\",\"@id\":\"https:\/\/www.gaveanews.com\/#\/schema\/person\/f42654babcd2b2014a1a65af82b081f1\"},\"headline\":\"Craque Neto faz compara\u00e7\u00e3o entre Flamengo e Fluminense: &#8220;Voc\u00eas v\u00e3o ver no final do ano&#8221;\",\"datePublished\":\"2025-02-11T01:00:00+00:00\",\"mainEntityOfPage\":{\"@id\":\"https:\/\/www.gaveanews.com\/index.php\/2025\/02\/10\/craque-neto-faz-comparacao-entre-flamengo-e-fluminense-voces-vao-ver-no-final-do-ano\/\"},\"wordCount\":392,\"commentCount\":0,\"image\":{\"@id\":\"https:\/\/www.gaveanews.com\/index.php\/2025\/02\/10\/craque-neto-faz-comparacao-entre-flamengo-e-fluminense-voces-vao-ver-no-final-do-ano\/#primaryimage\"},\"thumbnailUrl\":\"https:\/\/www.gaveanews.com\/wp-content\/uploads\/Comentarista-Neto-em-programa-da-Band.webp\",\"articleSection\":[\"Flamengo\",\"Fluminense\"],\"inLanguage\":\"pt-BR\",\"potentialAction\":[{\"@type\":\"CommentAction\",\"name\":\"Comment\",\"target\":[\"https:\/\/www.gaveanews.com\/index.php\/2025\/02\/10\/craque-neto-faz-comparacao-entre-flamengo-e-fluminense-voces-vao-ver-no-final-do-ano\/#respond\"]}],\"copyrightYear\":\"2025\",\"copyrightHolder\":{\"@id\":\"https:\/\/www.gaveanews.com\/#organization\"}},{\"@type\":\"WebPage\",\"@id\":\"https:\/\/www.gaveanews.com\/index.php\/2025\/02\/10\/craque-neto-faz-comparacao-entre-flamengo-e-fluminense-voces-vao-ver-no-final-do-ano\/\",\"url\":\"https:\/\/www.gaveanews.com\/index.php\/2025\/02\/10\/craque-neto-faz-comparacao-entre-flamengo-e-fluminense-voces-vao-ver-no-final-do-ano\/\",\"name\":\"Craque Neto faz compara\u00e7\u00e3o entre Flamengo e Fluminense: \\\"Voc\u00eas v\u00e3o ver no final do ano\\\"\",\"isPartOf\":{\"@id\":\"https:\/\/www.gaveanews.com\/#website\"},\"primaryImageOfPage\":{\"@id\":\"https:\/\/www.gaveanews.com\/index.php\/2025\/02\/10\/craque-neto-faz-comparacao-entre-flamengo-e-fluminense-voces-vao-ver-no-final-do-ano\/#primaryimage\"},\"image\":{\"@id\":\"https:\/\/www.gaveanews.com\/index.php\/2025\/02\/10\/craque-neto-faz-comparacao-entre-flamengo-e-fluminense-voces-vao-ver-no-final-do-ano\/#primaryimage\"},\"thumbnailUrl\":\"https:\/\/www.gaveanews.com\/wp-content\/uploads\/Comentarista-Neto-em-programa-da-Band.webp\",\"datePublished\":\"2025-02-11T01:00:00+00:00\",\"author\":{\"@id\":\"https:\/\/www.gaveanews.com\/#\/schema\/person\/f42654babcd2b2014a1a65af82b081f1\"},\"breadcrumb\":{\"@id\":\"https:\/\/www.gaveanews.com\/index.php\/2025\/02\/10\/craque-neto-faz-comparacao-entre-flamengo-e-fluminense-voces-vao-ver-no-final-do-ano\/#breadcrumb\"},\"inLanguage\":\"pt-BR\",\"potentialAction\":[{\"@type\":\"ReadAction\",\"target\":[\"https:\/\/www.gaveanews.com\/index.php\/2025\/02\/10\/craque-neto-faz-comparacao-entre-flamengo-e-fluminense-voces-vao-ver-no-final-do-ano\/\"]}]},{\"@type\":\"ImageObject\",\"inLanguage\":\"pt-BR\",\"@id\":\"https:\/\/www.gaveanews.com\/index.php\/2025\/02\/10\/craque-neto-faz-comparacao-entre-flamengo-e-fluminense-voces-vao-ver-no-final-do-ano\/#primaryimage\",\"url\":\"https:\/\/www.gaveanews.com\/wp-content\/uploads\/Comentarista-Neto-em-programa-da-Band.webp\",\"contentUrl\":\"https:\/\/www.gaveanews.com\/wp-content\/uploads\/Comentarista-Neto-em-programa-da-Band.webp\",\"width\":846,\"height\":476,\"caption\":\"Comentarista Neto em programa da Band (Foto: Reprodu\u00e7\u00e3o\/Band)\"},{\"@type\":\"BreadcrumbList\",\"@id\":\"https:\/\/www.gaveanews.com\/index.php\/2025\/02\/10\/craque-neto-faz-comparacao-entre-flamengo-e-fluminense-voces-vao-ver-no-final-do-ano\/#breadcrumb\",\"itemListElement\":[{\"@type\":\"ListItem\",\"position\":1,\"name\":\"Home\",\"item\":\"https:\/\/www.gaveanews.com\/\"},{\"@type\":\"ListItem\",\"position\":2,\"name\":\"Craque Neto faz compara\u00e7\u00e3o entre Flamengo e Fluminense: &#8220;Voc\u00eas v\u00e3o ver no final do ano&#8221;\"}]},{\"@type\":\"WebSite\",\"@id\":\"https:\/\/www.gaveanews.com\/#website\",\"url\":\"https:\/\/www.gaveanews.com\/\",\"name\":\"G\u00e1vea News\",\"description\":\"Veja todas as not\u00edcias sobre o Flamengo: Contrata\u00e7\u00f5es, categorias de base, resultados das partidas, tabela de classifica\u00e7\u00e3o, pr\u00f3ximos jogos!\",\"potentialAction\":[{\"@type\":\"SearchAction\",\"target\":{\"@type\":\"EntryPoint\",\"urlTemplate\":\"https:\/\/www.gaveanews.com\/?s={search_term_string}\"},\"query-input\":{\"@type\":\"PropertyValueSpecification\",\"valueRequired\":true,\"valueName\":\"search_term_string\"}}],\"inLanguage\":\"pt-BR\"},{\"@type\":\"Person\",\"@id\":\"https:\/\/www.gaveanews.com\/#\/schema\/person\/f42654babcd2b2014a1a65af82b081f1\",\"name\":\"Geovanna Thomaz\",\"image\":{\"@type\":\"ImageObject\",\"inLanguage\":\"pt-BR\",\"@id\":\"https:\/\/www.gaveanews.com\/#\/schema\/person\/image\/\",\"url\":\"https:\/\/secure.gravatar.com\/avatar\/4092073255489533afb558984b49b64268c47198af8623cc82a925ae9fb7118a?s=96&d=mm&r=g\",\"contentUrl\":\"https:\/\/secure.gravatar.com\/avatar\/4092073255489533afb558984b49b64268c47198af8623cc82a925ae9fb7118a?s=96&d=mm&r=g\",\"caption\":\"Geovanna Thomaz\"}}]}<\/script>\n<!-- \/ Yoast SEO Premium plugin. -->","yoast_head_json":{"title":"Craque Neto faz compara\u00e7\u00e3o entre Flamengo e Fluminense: \"Voc\u00eas v\u00e3o ver no final do ano\"","robots":{"index":"index","follow":"follow","max-snippet":"max-snippet:-1","max-image-preview":"max-image-preview:large","max-video-preview":"max-video-preview:-1"},"canonical":"https:\/\/www.gaveanews.com\/index.php\/2025\/02\/10\/craque-neto-faz-comparacao-entre-flamengo-e-fluminense-voces-vao-ver-no-final-do-ano\/","og_locale":"pt_BR","og_type":"article","og_title":"Craque Neto faz compara\u00e7\u00e3o entre Flamengo e Fluminense: \"Voc\u00eas v\u00e3o ver no final do ano\"","og_description":"Craque Neto aposta no Flamengo como favorito aos principais t\u00edtulos de 2025 A temporada 2025 do futebol brasileiro ainda est\u00e1 no in\u00edcio, mas o ex-jogador e apresentador Craque Neto j\u00e1 tem um favorito para dominar as competi\u00e7\u00f5es nacionais e internacionais. Durante o programa \u201cApito Final\u201d deste domingo (9), Neto afirmou que o Flamengo tem todas [&hellip;]","og_url":"https:\/\/www.gaveanews.com\/index.php\/2025\/02\/10\/craque-neto-faz-comparacao-entre-flamengo-e-fluminense-voces-vao-ver-no-final-do-ano\/","og_site_name":"G\u00e1vea News","article_publisher":"https:\/\/facebook.com\/gaveaNews\/","article_published_time":"2025-02-11T01:00:00+00:00","og_image":[{"width":846,"height":476,"url":"https:\/\/www.gaveanews.com\/wp-content\/uploads\/Comentarista-Neto-em-programa-da-Band.webp","type":"image\/jpeg"}],"author":"Geovanna Thomaz","twitter_card":"summary_large_image","twitter_misc":{"Escrito por":"Geovanna Thomaz","Est. tempo de leitura":"3 minutos"},"schema":{"@context":"https:\/\/schema.org","@graph":[{"@type":"NewsArticle","@id":"https:\/\/www.gaveanews.com\/index.php\/2025\/02\/10\/craque-neto-faz-comparacao-entre-flamengo-e-fluminense-voces-vao-ver-no-final-do-ano\/#article","isPartOf":{"@id":"https:\/\/www.gaveanews.com\/index.php\/2025\/02\/10\/craque-neto-faz-comparacao-entre-flamengo-e-fluminense-voces-vao-ver-no-final-do-ano\/"},"author":{"name":"Geovanna Thomaz","@id":"https:\/\/www.gaveanews.com\/#\/schema\/person\/f42654babcd2b2014a1a65af82b081f1"},"headline":"Craque Neto faz compara\u00e7\u00e3o entre Flamengo e Fluminense: &#8220;Voc\u00eas v\u00e3o ver no final do ano&#8221;","datePublished":"2025-02-11T01:00:00+00:00","mainEntityOfPage":{"@id":"https:\/\/www.gaveanews.com\/index.php\/2025\/02\/10\/craque-neto-faz-comparacao-entre-flamengo-e-fluminense-voces-vao-ver-no-final-do-ano\/"},"wordCount":392,"commentCount":0,"image":{"@id":"https:\/\/www.gaveanews.com\/index.php\/2025\/02\/10\/craque-neto-faz-comparacao-entre-flamengo-e-fluminense-voces-vao-ver-no-final-do-ano\/#primaryimage"},"thumbnailUrl":"https:\/\/www.gaveanews.com\/wp-content\/uploads\/Comentarista-Neto-em-programa-da-Band.webp","articleSection":["Flamengo","Fluminense"],"inLanguage":"pt-BR","potentialAction":[{"@type":"CommentAction","name":"Comment","target":["https:\/\/www.gaveanews.com\/index.php\/2025\/02\/10\/craque-neto-faz-comparacao-entre-flamengo-e-fluminense-voces-vao-ver-no-final-do-ano\/#respond"]}],"copyrightYear":"2025","copyrightHolder":{"@id":"https:\/\/www.gaveanews.com\/#organization"}},{"@type":"WebPage","@id":"https:\/\/www.gaveanews.com\/index.php\/2025\/02\/10\/craque-neto-faz-comparacao-entre-flamengo-e-fluminense-voces-vao-ver-no-final-do-ano\/","url":"https:\/\/www.gaveanews.com\/index.php\/2025\/02\/10\/craque-neto-faz-comparacao-entre-flamengo-e-fluminense-voces-vao-ver-no-final-do-ano\/","name":"Craque Neto faz compara\u00e7\u00e3o entre Flamengo e Fluminense: \"Voc\u00eas v\u00e3o ver no final do ano\"","isPartOf":{"@id":"https:\/\/www.gaveanews.com\/#website"},"primaryImageOfPage":{"@id":"https:\/\/www.gaveanews.com\/index.php\/2025\/02\/10\/craque-neto-faz-comparacao-entre-flamengo-e-fluminense-voces-vao-ver-no-final-do-ano\/#primaryimage"},"image":{"@id":"https:\/\/www.gaveanews.com\/index.php\/2025\/02\/10\/craque-neto-faz-comparacao-entre-flamengo-e-fluminense-voces-vao-ver-no-final-do-ano\/#primaryimage"},"thumbnailUrl":"https:\/\/www.gaveanews.com\/wp-content\/uploads\/Comentarista-Neto-em-programa-da-Band.webp","datePublished":"2025-02-11T01:00:00+00:00","author":{"@id":"https:\/\/www.gaveanews.com\/#\/schema\/person\/f42654babcd2b2014a1a65af82b081f1"},"breadcrumb":{"@id":"https:\/\/www.gaveanews.com\/index.php\/2025\/02\/10\/craque-neto-faz-comparacao-entre-flamengo-e-fluminense-voces-vao-ver-no-final-do-ano\/#breadcrumb"},"inLanguage":"pt-BR","potentialAction":[{"@type":"ReadAction","target":["https:\/\/www.gaveanews.com\/index.php\/2025\/02\/10\/craque-neto-faz-comparacao-entre-flamengo-e-fluminense-voces-vao-ver-no-final-do-ano\/"]}]},{"@type":"ImageObject","inLanguage":"pt-BR","@id":"https:\/\/www.gaveanews.com\/index.php\/2025\/02\/10\/craque-neto-faz-comparacao-entre-flamengo-e-fluminense-voces-vao-ver-no-final-do-ano\/#primaryimage","url":"https:\/\/www.gaveanews.com\/wp-content\/uploads\/Comentarista-Neto-em-programa-da-Band.webp","contentUrl":"https:\/\/www.gaveanews.com\/wp-content\/uploads\/Comentarista-Neto-em-programa-da-Band.webp","width":846,"height":476,"caption":"Comentarista Neto em programa da Band (Foto: Reprodu\u00e7\u00e3o\/Band)"},{"@type":"BreadcrumbList","@id":"https:\/\/www.gaveanews.com\/index.php\/2025\/02\/10\/craque-neto-faz-comparacao-entre-flamengo-e-fluminense-voces-vao-ver-no-final-do-ano\/#breadcrumb","itemListElement":[{"@type":"ListItem","position":1,"name":"Home","item":"https:\/\/www.gaveanews.com\/"},{"@type":"ListItem","position":2,"name":"Craque Neto faz compara\u00e7\u00e3o entre Flamengo e Fluminense: &#8220;Voc\u00eas v\u00e3o ver no final do ano&#8221;"}]},{"@type":"WebSite","@id":"https:\/\/www.gaveanews.com\/#website","url":"https:\/\/www.gaveanews.com\/","name":"G\u00e1vea News","description":"Veja todas as not\u00edcias sobre o Flamengo: Contrata\u00e7\u00f5es, categorias de base, resultados das partidas, tabela de classifica\u00e7\u00e3o, pr\u00f3ximos jogos!","potentialAction":[{"@type":"SearchAction","target":{"@type":"EntryPoint","urlTemplate":"https:\/\/www.gaveanews.com\/?s={search_term_string}"},"query-input":{"@type":"PropertyValueSpecification","valueRequired":true,"valueName":"search_term_string"}}],"inLanguage":"pt-BR"},{"@type":"Person","@id":"https:\/\/www.gaveanews.com\/#\/schema\/person\/f42654babcd2b2014a1a65af82b081f1","name":"Geovanna Thomaz","image":{"@type":"ImageObject","inLanguage":"pt-BR","@id":"https:\/\/www.gaveanews.com\/#\/schema\/person\/image\/","url":"https:\/\/secure.gravatar.com\/avatar\/4092073255489533afb558984b49b64268c47198af8623cc82a925ae9fb7118a?s=96&d=mm&r=g","contentUrl":"https:\/\/secure.gravatar.com\/avatar\/4092073255489533afb558984b49b64268c47198af8623cc82a925ae9fb7118a?s=96&d=mm&r=g","caption":"Geovanna Thomaz"}}]}},"_links":{"self":[{"href":"https:\/\/www.gaveanews.com\/index.php\/wp-json\/wp\/v2\/posts\/225833","targetHints":{"allow":["GET"]}}],"collection":[{"href":"https:\/\/www.gaveanews.com\/index.php\/wp-json\/wp\/v2\/posts"}],"about":[{"href":"https:\/\/www.gaveanews.com\/index.php\/wp-json\/wp\/v2\/types\/post"}],"author":[{"embeddable":true,"href":"https:\/\/www.gaveanews.com\/index.php\/wp-json\/wp\/v2\/users\/17"}],"replies":[{"embeddable":true,"href":"https:\/\/www.gaveanews.com\/index.php\/wp-json\/wp\/v2\/comments?post=225833"}],"version-history":[{"count":2,"href":"https:\/\/www.gaveanews.com\/index.php\/wp-json\/wp\/v2\/posts\/225833\/revisions"}],"predecessor-version":[{"id":225879,"href":"https:\/\/www.gaveanews.com\/index.php\/wp-json\/wp\/v2\/posts\/225833\/revisions\/225879"}],"wp:featuredmedia":[{"embeddable":true,"href":"https:\/\/www.gaveanews.com\/index.php\/wp-json\/wp\/v2\/media\/71983"}],"wp:attachment":[{"href":"https:\/\/www.gaveanews.com\/index.php\/wp-json\/wp\/v2\/media?parent=225833"}],"wp:term":[{"taxonomy":"category","embeddable":true,"href":"https:\/\/www.gaveanews.com\/index.php\/wp-json\/wp\/v2\/categories?post=225833"},{"taxonomy":"post_tag","embeddable":true,"href":"https:\/\/www.gaveanews.com\/index.php\/wp-json\/wp\/v2\/tags?post=225833"}],"curies":[{"name":"wp","href":"https:\/\/api.w.org\/{rel}","templated":true}]}}