{"id":225880,"date":"2025-02-10T23:15:00","date_gmt":"2025-02-11T02:15:00","guid":{"rendered":"https:\/\/www.gaveanews.com\/?p=225880"},"modified":"2025-02-10T22:34:22","modified_gmt":"2025-02-11T01:34:22","slug":"cruzeiro-busca-fechar-emprestimo-de-atacante","status":"publish","type":"post","link":"https:\/\/www.gaveanews.com\/index.php\/2025\/02\/10\/cruzeiro-busca-fechar-emprestimo-de-atacante\/","title":{"rendered":"Cruzeiro busca fechar empr\u00e9stimo de atacante"},"content":{"rendered":"\n<h2 class=\"wp-block-heading\" id=\"h-cruzeiro-acerta-emprestimo-do-atacante-fernando-ao-maringa-para-a-temporada-2025\">Cruzeiro acerta empr\u00e9stimo do atacante Fernando ao Maring\u00e1 para a temporada 2025<\/h2>\n\n\n\n<p>O Cruzeiro est\u00e1 finalizando os \u00faltimos detalhes para o empr\u00e9stimo do atacante Fernando, de 19 anos, ao Maring\u00e1. O jogador, que disputou a \u00faltima Copa S\u00e3o Paulo de Futebol J\u00fanior e vinha treinando com o elenco profissional, n\u00e3o ter\u00e1 espa\u00e7o na equipe comandada por Leonardo Jardim e seguir\u00e1 para o clube paranaense em busca de mais minutos em campo. A negocia\u00e7\u00e3o foi divulgada inicialmente pelo portal&nbsp;<em>Central da Toca<\/em>&nbsp;e confirmada pelo&nbsp;<em>ge<\/em>.<\/p>\n\n\n\n<figure class=\"wp-block-embed is-type-photo is-provider-flickr wp-block-embed-flickr\"><div class=\"wp-block-embed__wrapper\">\n<a href=\"https:\/\/flic.kr\/p\/2qL46Wp\"><img loading=\"lazy\" decoding=\"async\" src=\"https:\/\/live.staticflickr.com\/65535\/54319786111_df9e8cf63b_z.webp\" alt=\" \" width=\"640\" height=\"481\" \/><\/a>\n<\/div><\/figure>\n\n\n\n<p>Fernando tem contrato com o Cruzeiro at\u00e9 o fim de 2026 e ser\u00e1 novamente cedido para ganhar experi\u00eancia e ritmo de jogo. O atacante se destacou na \u00faltima Copinha, marcando dois gols e dando duas assist\u00eancias em sete partidas. Embora ainda pudesse atuar pelo time Sub-20 da Raposa, a decis\u00e3o pelo empr\u00e9stimo foi tomada em conjunto com sua equipe e representantes, priorizando o desenvolvimento do atleta no futebol profissional.<\/p>\n\n\n\n<p>A passagem de Fernando pelo Cruzeiro teve altos e baixos. Em 2024, ap\u00f3s se destacar na Copa S\u00e3o Paulo com quatro gols e quatro assist\u00eancias em oito jogos, ele foi integrado ao elenco principal e chegou a atuar em tr\u00eas partidas sob o comando de Nicol\u00e1s Larcam\u00f3n. No entanto, sua trajet\u00f3ria no time profissional foi interrompida em fevereiro do mesmo ano, quando foi afastado por um ato de indisciplina.<\/p>\n\n\n\n<p>Na temporada passada, Fernando foi emprestado \u00e0 Ferrovi\u00e1ria para disputar a S\u00e9rie C do Campeonato Brasileiro. Apesar de fazer parte do grupo que conquistou o acesso \u00e0 S\u00e9rie B, ele n\u00e3o teve uma sequ\u00eancia de jogos, participando de apenas 12 partidas e marcando um gol. A falta de espa\u00e7o na equipe paulista fez com que o Cruzeiro e seus representantes optassem por um novo empr\u00e9stimo, dessa vez para o Maring\u00e1, onde o atacante ter\u00e1 mais chances de atuar regularmente.<\/p>\n\n\n\n<p>O Maring\u00e1 disputa o Campeonato Paranaense e tem como principal objetivo a S\u00e9rie D do Campeonato Brasileiro, al\u00e9m de buscar uma boa campanha na Copa do Brasil. Com a chegada de Fernando, o clube espera refor\u00e7ar seu setor ofensivo e contar com um jogador jovem, veloz e que j\u00e1 demonstrou qualidade nas categorias de base.<\/p>\n\n\n\n<p>O Cruzeiro segue monitorando o desenvolvimento do atacante e espera que a experi\u00eancia no futebol paranaense ajude Fernando a amadurecer e ganhar mais rodagem antes de um poss\u00edvel retorno \u00e0 Toca da Raposa.<\/p>\n","protected":false},"excerpt":{"rendered":"<p>Cruzeiro acerta empr\u00e9stimo do atacante Fernando ao Maring\u00e1 para a temporada 2025 O Cruzeiro est\u00e1 finalizando os \u00faltimos detalhes para o empr\u00e9stimo do atacante Fernando, de 19 anos, ao Maring\u00e1. O jogador, que disputou a \u00faltima Copa S\u00e3o Paulo de Futebol J\u00fanior e vinha treinando com o elenco profissional, n\u00e3o ter\u00e1 espa\u00e7o na equipe comandada [&hellip;]<\/p>\n","protected":false},"author":17,"featured_media":175601,"comment_status":"open","ping_status":"closed","sticky":false,"template":"","format":"standard","meta":{"footnotes":""},"categories":[143],"tags":[],"class_list":["post-225880","post","type-post","status-publish","format-standard","has-post-thumbnail","hentry","category-cruzeiro"],"yoast_head":"<!-- This site is optimized with the Yoast SEO Premium plugin v24.2 (Yoast SEO v26.9) - https:\/\/yoast.com\/product\/yoast-seo-premium-wordpress\/ -->\n<title>Cruzeiro busca fechar empr\u00e9stimo de atacante<\/title>\n<meta name=\"robots\" content=\"index, follow, max-snippet:-1, max-image-preview:large, max-video-preview:-1\" \/>\n<link rel=\"canonical\" href=\"https:\/\/www.gaveanews.com\/index.php\/2025\/02\/10\/cruzeiro-busca-fechar-emprestimo-de-atacante\/\" \/>\n<meta property=\"og:locale\" content=\"pt_BR\" \/>\n<meta property=\"og:type\" content=\"article\" \/>\n<meta property=\"og:title\" content=\"Cruzeiro busca fechar empr\u00e9stimo de atacante\" \/>\n<meta property=\"og:description\" content=\"Cruzeiro acerta empr\u00e9stimo do atacante Fernando ao Maring\u00e1 para a temporada 2025 O Cruzeiro est\u00e1 finalizando os \u00faltimos detalhes para o empr\u00e9stimo do atacante Fernando, de 19 anos, ao Maring\u00e1. O jogador, que disputou a \u00faltima Copa S\u00e3o Paulo de Futebol J\u00fanior e vinha treinando com o elenco profissional, n\u00e3o ter\u00e1 espa\u00e7o na equipe comandada [&hellip;]\" \/>\n<meta property=\"og:url\" content=\"https:\/\/www.gaveanews.com\/index.php\/2025\/02\/10\/cruzeiro-busca-fechar-emprestimo-de-atacante\/\" \/>\n<meta property=\"og:site_name\" content=\"G\u00e1vea News\" \/>\n<meta property=\"article:publisher\" content=\"https:\/\/facebook.com\/gaveaNews\/\" \/>\n<meta property=\"article:published_time\" content=\"2025-02-11T02:15:00+00:00\" \/>\n<meta property=\"og:image\" content=\"https:\/\/www.gaveanews.com\/wp-content\/uploads\/Bandeira-do-Cruzeiro.webp\" \/>\n\t<meta property=\"og:image:width\" content=\"1062\" \/>\n\t<meta property=\"og:image:height\" content=\"708\" \/>\n\t<meta property=\"og:image:type\" content=\"image\/webp\" \/>\n<meta name=\"author\" content=\"Geovanna Thomaz\" \/>\n<meta name=\"twitter:card\" content=\"summary_large_image\" \/>\n<meta name=\"twitter:label1\" content=\"Escrito por\" \/>\n\t<meta name=\"twitter:data1\" content=\"Geovanna Thomaz\" \/>\n\t<meta name=\"twitter:label2\" content=\"Est. tempo de leitura\" \/>\n\t<meta name=\"twitter:data2\" content=\"3 minutos\" \/>\n<script type=\"application\/ld+json\" class=\"yoast-schema-graph\">{\"@context\":\"https:\/\/schema.org\",\"@graph\":[{\"@type\":\"NewsArticle\",\"@id\":\"https:\/\/www.gaveanews.com\/index.php\/2025\/02\/10\/cruzeiro-busca-fechar-emprestimo-de-atacante\/#article\",\"isPartOf\":{\"@id\":\"https:\/\/www.gaveanews.com\/index.php\/2025\/02\/10\/cruzeiro-busca-fechar-emprestimo-de-atacante\/\"},\"author\":{\"name\":\"Geovanna Thomaz\",\"@id\":\"https:\/\/www.gaveanews.com\/#\/schema\/person\/f42654babcd2b2014a1a65af82b081f1\"},\"headline\":\"Cruzeiro busca fechar empr\u00e9stimo de atacante\",\"datePublished\":\"2025-02-11T02:15:00+00:00\",\"mainEntityOfPage\":{\"@id\":\"https:\/\/www.gaveanews.com\/index.php\/2025\/02\/10\/cruzeiro-busca-fechar-emprestimo-de-atacante\/\"},\"wordCount\":428,\"commentCount\":0,\"image\":{\"@id\":\"https:\/\/www.gaveanews.com\/index.php\/2025\/02\/10\/cruzeiro-busca-fechar-emprestimo-de-atacante\/#primaryimage\"},\"thumbnailUrl\":\"https:\/\/www.gaveanews.com\/wp-content\/uploads\/Bandeira-do-Cruzeiro.webp\",\"articleSection\":[\"Cruzeiro\"],\"inLanguage\":\"pt-BR\",\"potentialAction\":[{\"@type\":\"CommentAction\",\"name\":\"Comment\",\"target\":[\"https:\/\/www.gaveanews.com\/index.php\/2025\/02\/10\/cruzeiro-busca-fechar-emprestimo-de-atacante\/#respond\"]}],\"copyrightYear\":\"2025\",\"copyrightHolder\":{\"@id\":\"https:\/\/www.gaveanews.com\/#organization\"}},{\"@type\":\"WebPage\",\"@id\":\"https:\/\/www.gaveanews.com\/index.php\/2025\/02\/10\/cruzeiro-busca-fechar-emprestimo-de-atacante\/\",\"url\":\"https:\/\/www.gaveanews.com\/index.php\/2025\/02\/10\/cruzeiro-busca-fechar-emprestimo-de-atacante\/\",\"name\":\"Cruzeiro busca fechar empr\u00e9stimo de atacante\",\"isPartOf\":{\"@id\":\"https:\/\/www.gaveanews.com\/#website\"},\"primaryImageOfPage\":{\"@id\":\"https:\/\/www.gaveanews.com\/index.php\/2025\/02\/10\/cruzeiro-busca-fechar-emprestimo-de-atacante\/#primaryimage\"},\"image\":{\"@id\":\"https:\/\/www.gaveanews.com\/index.php\/2025\/02\/10\/cruzeiro-busca-fechar-emprestimo-de-atacante\/#primaryimage\"},\"thumbnailUrl\":\"https:\/\/www.gaveanews.com\/wp-content\/uploads\/Bandeira-do-Cruzeiro.webp\",\"datePublished\":\"2025-02-11T02:15:00+00:00\",\"author\":{\"@id\":\"https:\/\/www.gaveanews.com\/#\/schema\/person\/f42654babcd2b2014a1a65af82b081f1\"},\"breadcrumb\":{\"@id\":\"https:\/\/www.gaveanews.com\/index.php\/2025\/02\/10\/cruzeiro-busca-fechar-emprestimo-de-atacante\/#breadcrumb\"},\"inLanguage\":\"pt-BR\",\"potentialAction\":[{\"@type\":\"ReadAction\",\"target\":[\"https:\/\/www.gaveanews.com\/index.php\/2025\/02\/10\/cruzeiro-busca-fechar-emprestimo-de-atacante\/\"]}]},{\"@type\":\"ImageObject\",\"inLanguage\":\"pt-BR\",\"@id\":\"https:\/\/www.gaveanews.com\/index.php\/2025\/02\/10\/cruzeiro-busca-fechar-emprestimo-de-atacante\/#primaryimage\",\"url\":\"https:\/\/www.gaveanews.com\/wp-content\/uploads\/Bandeira-do-Cruzeiro.webp\",\"contentUrl\":\"https:\/\/www.gaveanews.com\/wp-content\/uploads\/Bandeira-do-Cruzeiro.webp\",\"width\":1062,\"height\":708,\"caption\":\"Bandeira do Cruzeiro (Foto: Reprodu\u00e7\u00e3o\/Cruzeiro)\"},{\"@type\":\"BreadcrumbList\",\"@id\":\"https:\/\/www.gaveanews.com\/index.php\/2025\/02\/10\/cruzeiro-busca-fechar-emprestimo-de-atacante\/#breadcrumb\",\"itemListElement\":[{\"@type\":\"ListItem\",\"position\":1,\"name\":\"Home\",\"item\":\"https:\/\/www.gaveanews.com\/\"},{\"@type\":\"ListItem\",\"position\":2,\"name\":\"Cruzeiro busca fechar empr\u00e9stimo de atacante\"}]},{\"@type\":\"WebSite\",\"@id\":\"https:\/\/www.gaveanews.com\/#website\",\"url\":\"https:\/\/www.gaveanews.com\/\",\"name\":\"G\u00e1vea News\",\"description\":\"Veja todas as not\u00edcias sobre o Flamengo: Contrata\u00e7\u00f5es, categorias de base, resultados das partidas, tabela de classifica\u00e7\u00e3o, pr\u00f3ximos jogos!\",\"potentialAction\":[{\"@type\":\"SearchAction\",\"target\":{\"@type\":\"EntryPoint\",\"urlTemplate\":\"https:\/\/www.gaveanews.com\/?s={search_term_string}\"},\"query-input\":{\"@type\":\"PropertyValueSpecification\",\"valueRequired\":true,\"valueName\":\"search_term_string\"}}],\"inLanguage\":\"pt-BR\"},{\"@type\":\"Person\",\"@id\":\"https:\/\/www.gaveanews.com\/#\/schema\/person\/f42654babcd2b2014a1a65af82b081f1\",\"name\":\"Geovanna Thomaz\",\"image\":{\"@type\":\"ImageObject\",\"inLanguage\":\"pt-BR\",\"@id\":\"https:\/\/www.gaveanews.com\/#\/schema\/person\/image\/\",\"url\":\"https:\/\/secure.gravatar.com\/avatar\/4092073255489533afb558984b49b64268c47198af8623cc82a925ae9fb7118a?s=96&d=mm&r=g\",\"contentUrl\":\"https:\/\/secure.gravatar.com\/avatar\/4092073255489533afb558984b49b64268c47198af8623cc82a925ae9fb7118a?s=96&d=mm&r=g\",\"caption\":\"Geovanna Thomaz\"}}]}<\/script>\n<!-- \/ Yoast SEO Premium plugin. -->","yoast_head_json":{"title":"Cruzeiro busca fechar empr\u00e9stimo de atacante","robots":{"index":"index","follow":"follow","max-snippet":"max-snippet:-1","max-image-preview":"max-image-preview:large","max-video-preview":"max-video-preview:-1"},"canonical":"https:\/\/www.gaveanews.com\/index.php\/2025\/02\/10\/cruzeiro-busca-fechar-emprestimo-de-atacante\/","og_locale":"pt_BR","og_type":"article","og_title":"Cruzeiro busca fechar empr\u00e9stimo de atacante","og_description":"Cruzeiro acerta empr\u00e9stimo do atacante Fernando ao Maring\u00e1 para a temporada 2025 O Cruzeiro est\u00e1 finalizando os \u00faltimos detalhes para o empr\u00e9stimo do atacante Fernando, de 19 anos, ao Maring\u00e1. O jogador, que disputou a \u00faltima Copa S\u00e3o Paulo de Futebol J\u00fanior e vinha treinando com o elenco profissional, n\u00e3o ter\u00e1 espa\u00e7o na equipe comandada [&hellip;]","og_url":"https:\/\/www.gaveanews.com\/index.php\/2025\/02\/10\/cruzeiro-busca-fechar-emprestimo-de-atacante\/","og_site_name":"G\u00e1vea News","article_publisher":"https:\/\/facebook.com\/gaveaNews\/","article_published_time":"2025-02-11T02:15:00+00:00","og_image":[{"width":1062,"height":708,"url":"https:\/\/www.gaveanews.com\/wp-content\/uploads\/Bandeira-do-Cruzeiro.webp","type":"image\/webp"}],"author":"Geovanna Thomaz","twitter_card":"summary_large_image","twitter_misc":{"Escrito por":"Geovanna Thomaz","Est. tempo de leitura":"3 minutos"},"schema":{"@context":"https:\/\/schema.org","@graph":[{"@type":"NewsArticle","@id":"https:\/\/www.gaveanews.com\/index.php\/2025\/02\/10\/cruzeiro-busca-fechar-emprestimo-de-atacante\/#article","isPartOf":{"@id":"https:\/\/www.gaveanews.com\/index.php\/2025\/02\/10\/cruzeiro-busca-fechar-emprestimo-de-atacante\/"},"author":{"name":"Geovanna Thomaz","@id":"https:\/\/www.gaveanews.com\/#\/schema\/person\/f42654babcd2b2014a1a65af82b081f1"},"headline":"Cruzeiro busca fechar empr\u00e9stimo de atacante","datePublished":"2025-02-11T02:15:00+00:00","mainEntityOfPage":{"@id":"https:\/\/www.gaveanews.com\/index.php\/2025\/02\/10\/cruzeiro-busca-fechar-emprestimo-de-atacante\/"},"wordCount":428,"commentCount":0,"image":{"@id":"https:\/\/www.gaveanews.com\/index.php\/2025\/02\/10\/cruzeiro-busca-fechar-emprestimo-de-atacante\/#primaryimage"},"thumbnailUrl":"https:\/\/www.gaveanews.com\/wp-content\/uploads\/Bandeira-do-Cruzeiro.webp","articleSection":["Cruzeiro"],"inLanguage":"pt-BR","potentialAction":[{"@type":"CommentAction","name":"Comment","target":["https:\/\/www.gaveanews.com\/index.php\/2025\/02\/10\/cruzeiro-busca-fechar-emprestimo-de-atacante\/#respond"]}],"copyrightYear":"2025","copyrightHolder":{"@id":"https:\/\/www.gaveanews.com\/#organization"}},{"@type":"WebPage","@id":"https:\/\/www.gaveanews.com\/index.php\/2025\/02\/10\/cruzeiro-busca-fechar-emprestimo-de-atacante\/","url":"https:\/\/www.gaveanews.com\/index.php\/2025\/02\/10\/cruzeiro-busca-fechar-emprestimo-de-atacante\/","name":"Cruzeiro busca fechar empr\u00e9stimo de atacante","isPartOf":{"@id":"https:\/\/www.gaveanews.com\/#website"},"primaryImageOfPage":{"@id":"https:\/\/www.gaveanews.com\/index.php\/2025\/02\/10\/cruzeiro-busca-fechar-emprestimo-de-atacante\/#primaryimage"},"image":{"@id":"https:\/\/www.gaveanews.com\/index.php\/2025\/02\/10\/cruzeiro-busca-fechar-emprestimo-de-atacante\/#primaryimage"},"thumbnailUrl":"https:\/\/www.gaveanews.com\/wp-content\/uploads\/Bandeira-do-Cruzeiro.webp","datePublished":"2025-02-11T02:15:00+00:00","author":{"@id":"https:\/\/www.gaveanews.com\/#\/schema\/person\/f42654babcd2b2014a1a65af82b081f1"},"breadcrumb":{"@id":"https:\/\/www.gaveanews.com\/index.php\/2025\/02\/10\/cruzeiro-busca-fechar-emprestimo-de-atacante\/#breadcrumb"},"inLanguage":"pt-BR","potentialAction":[{"@type":"ReadAction","target":["https:\/\/www.gaveanews.com\/index.php\/2025\/02\/10\/cruzeiro-busca-fechar-emprestimo-de-atacante\/"]}]},{"@type":"ImageObject","inLanguage":"pt-BR","@id":"https:\/\/www.gaveanews.com\/index.php\/2025\/02\/10\/cruzeiro-busca-fechar-emprestimo-de-atacante\/#primaryimage","url":"https:\/\/www.gaveanews.com\/wp-content\/uploads\/Bandeira-do-Cruzeiro.webp","contentUrl":"https:\/\/www.gaveanews.com\/wp-content\/uploads\/Bandeira-do-Cruzeiro.webp","width":1062,"height":708,"caption":"Bandeira do Cruzeiro (Foto: Reprodu\u00e7\u00e3o\/Cruzeiro)"},{"@type":"BreadcrumbList","@id":"https:\/\/www.gaveanews.com\/index.php\/2025\/02\/10\/cruzeiro-busca-fechar-emprestimo-de-atacante\/#breadcrumb","itemListElement":[{"@type":"ListItem","position":1,"name":"Home","item":"https:\/\/www.gaveanews.com\/"},{"@type":"ListItem","position":2,"name":"Cruzeiro busca fechar empr\u00e9stimo de atacante"}]},{"@type":"WebSite","@id":"https:\/\/www.gaveanews.com\/#website","url":"https:\/\/www.gaveanews.com\/","name":"G\u00e1vea News","description":"Veja todas as not\u00edcias sobre o Flamengo: Contrata\u00e7\u00f5es, categorias de base, resultados das partidas, tabela de classifica\u00e7\u00e3o, pr\u00f3ximos jogos!","potentialAction":[{"@type":"SearchAction","target":{"@type":"EntryPoint","urlTemplate":"https:\/\/www.gaveanews.com\/?s={search_term_string}"},"query-input":{"@type":"PropertyValueSpecification","valueRequired":true,"valueName":"search_term_string"}}],"inLanguage":"pt-BR"},{"@type":"Person","@id":"https:\/\/www.gaveanews.com\/#\/schema\/person\/f42654babcd2b2014a1a65af82b081f1","name":"Geovanna Thomaz","image":{"@type":"ImageObject","inLanguage":"pt-BR","@id":"https:\/\/www.gaveanews.com\/#\/schema\/person\/image\/","url":"https:\/\/secure.gravatar.com\/avatar\/4092073255489533afb558984b49b64268c47198af8623cc82a925ae9fb7118a?s=96&d=mm&r=g","contentUrl":"https:\/\/secure.gravatar.com\/avatar\/4092073255489533afb558984b49b64268c47198af8623cc82a925ae9fb7118a?s=96&d=mm&r=g","caption":"Geovanna Thomaz"}}]}},"_links":{"self":[{"href":"https:\/\/www.gaveanews.com\/index.php\/wp-json\/wp\/v2\/posts\/225880","targetHints":{"allow":["GET"]}}],"collection":[{"href":"https:\/\/www.gaveanews.com\/index.php\/wp-json\/wp\/v2\/posts"}],"about":[{"href":"https:\/\/www.gaveanews.com\/index.php\/wp-json\/wp\/v2\/types\/post"}],"author":[{"embeddable":true,"href":"https:\/\/www.gaveanews.com\/index.php\/wp-json\/wp\/v2\/users\/17"}],"replies":[{"embeddable":true,"href":"https:\/\/www.gaveanews.com\/index.php\/wp-json\/wp\/v2\/comments?post=225880"}],"version-history":[{"count":2,"href":"https:\/\/www.gaveanews.com\/index.php\/wp-json\/wp\/v2\/posts\/225880\/revisions"}],"predecessor-version":[{"id":225882,"href":"https:\/\/www.gaveanews.com\/index.php\/wp-json\/wp\/v2\/posts\/225880\/revisions\/225882"}],"wp:featuredmedia":[{"embeddable":true,"href":"https:\/\/www.gaveanews.com\/index.php\/wp-json\/wp\/v2\/media\/175601"}],"wp:attachment":[{"href":"https:\/\/www.gaveanews.com\/index.php\/wp-json\/wp\/v2\/media?parent=225880"}],"wp:term":[{"taxonomy":"category","embeddable":true,"href":"https:\/\/www.gaveanews.com\/index.php\/wp-json\/wp\/v2\/categories?post=225880"},{"taxonomy":"post_tag","embeddable":true,"href":"https:\/\/www.gaveanews.com\/index.php\/wp-json\/wp\/v2\/tags?post=225880"}],"curies":[{"name":"wp","href":"https:\/\/api.w.org\/{rel}","templated":true}]}}