{"id":22598,"date":"2019-07-05T00:59:20","date_gmt":"2019-07-05T03:59:20","guid":{"rendered":"https:\/\/www.gaveanews.com\/?p=22598"},"modified":"2019-09-20T14:28:09","modified_gmt":"2019-09-20T17:28:09","slug":"rafinha-e-regularizado-no-bid-e-ja-tem-data-para-estrear-oficialmente-pelo-flamengo","status":"publish","type":"post","link":"https:\/\/www.gaveanews.com\/index.php\/2019\/07\/05\/rafinha-e-regularizado-no-bid-e-ja-tem-data-para-estrear-oficialmente-pelo-flamengo\/","title":{"rendered":"Rafinha \u00e9 regularizado no BID e j\u00e1 tem data para estrear oficialmente pelo Flamengo"},"content":{"rendered":"\n<p>O lateral-direito Rafinha j\u00e1 est\u00e1 apto para defender as cores do Flamengo. O jogador teve a sua documenta\u00e7\u00e3o regularizada e viu seu nome aparecer nesta quinta-feira (4 de julho) no Boletim Informativo da CBF (BID). Assim, pode entrar em campo por qualquer competi\u00e7\u00e3o pelo Rubro-Negro. A sua estreia est\u00e1 prevista para a partida da pr\u00f3xima quarta-feira (10), \u00e0s 21h30, contra o Athletico Paranaense na Arena da Baixada, em Curitiba (PR), pelo confronto de ida das quartas de final da Copa do Brasil.<\/p>\n\n\n\n<p>O jogador chega para ser titular da lateral direita, uma posi\u00e7\u00e3o que foi motivo de cr\u00edticas por parte da torcida nas \u00faltimas temporadas. Par\u00e1, titular nos \u00faltimos anos, nunca foi visto como confi\u00e1vel pelos torcedores, enquanto Rodinei, que chegou para assumir a vaga e acabou ficando no banco, caiu em desgra\u00e7a ap\u00f3s algumas atua\u00e7\u00f5es ruins no Campeonato Carioca deste ano.<\/p>\n\n\n\n<p>Rafinha est\u00e1 com 33 anos e foi contratado ap\u00f3s rescindir contrato com o Bayern de Munique, clube que defendeu nos \u00faltimos oito anos, conquistando o heptacampeonato na Bundesliga e a Champions League de 2012-2013, dentre outros t\u00edtulos. O jogador, revelado nas categorias de base do Coritiba, tamb\u00e9m defendeu o Schalke 04 da Alemanha e o Genoa da It\u00e1lia. Chegou a ser chamado para a Sele\u00e7\u00e3o Brasileira j\u00e1 veterano, mas recusou o convite por entender que n\u00e3o conseguiria brigar por posi\u00e7\u00f5es em torneios importantes.<\/p>\n\n\n\n<p>Pelo Brasileir\u00e3o, Rafinha far\u00e1 seu primeiro jogo no dia 14 de julho, quando o Flamengo recebe o Goi\u00e1s no Maracan\u00e3, no Rio de Janeiro, pela d\u00e9cima rodada. O lateral ser\u00e1 ainda inclu\u00eddo como um dos novos inscritos do Rubro-Negro para as oitavas de final da Conmebol Libertadores. Os flamenguistas v\u00e3o enfrentar o Emelec do Equador.<\/p>\n\n\n\n<p>Ap\u00f3s uma quinta-feira marcada por algumas atividades t\u00e1ticas e tamb\u00e9m por fortes trabalhos f\u00edsicos, o elenco do Flamengo vai voltar a trabalhar na manh\u00e3 desta sexta-feira (5), tamb\u00e9m no Ninho do Urubu.<\/p>\n\n\n\n\n\n<p>Retirado de: Fox Sports<\/p>\n","protected":false},"excerpt":{"rendered":"<p>O lateral-direito Rafinha j\u00e1 est\u00e1 apto para defender as cores do Flamengo. O jogador teve a sua documenta\u00e7\u00e3o regularizada e viu seu nome aparecer nesta quinta-feira (4 de julho) no Boletim Informativo da CBF (BID). Assim, pode entrar em campo por qualquer competi\u00e7\u00e3o pelo Rubro-Negro. A sua estreia est\u00e1 prevista para a partida da pr\u00f3xima [&hellip;]<\/p>\n","protected":false},"author":1,"featured_media":22716,"comment_status":"open","ping_status":"open","sticky":false,"template":"","format":"standard","meta":{"footnotes":""},"categories":[1],"tags":[],"class_list":["post-22598","post","type-post","status-publish","format-standard","has-post-thumbnail","hentry","category-flamengo"],"yoast_head":"<!-- This site is optimized with the Yoast SEO Premium plugin v24.2 (Yoast SEO v26.9) - https:\/\/yoast.com\/product\/yoast-seo-premium-wordpress\/ -->\n<title>Rafinha \u00e9 regularizado no BID e j\u00e1 tem data para estrear oficialmente pelo Flamengo<\/title>\n<meta name=\"description\" content=\"Lateral-direito entrar\u00e1 em campo pela primeira vez em jogos oficiais na pr\u00f3xima quarta-feira (10), contra o Athletico-PR pela Copa do Brasil.\" \/>\n<meta name=\"robots\" content=\"index, follow, max-snippet:-1, max-image-preview:large, max-video-preview:-1\" \/>\n<link rel=\"canonical\" href=\"https:\/\/www.gaveanews.com\/index.php\/2019\/07\/05\/rafinha-e-regularizado-no-bid-e-ja-tem-data-para-estrear-oficialmente-pelo-flamengo\/\" \/>\n<meta property=\"og:locale\" content=\"pt_BR\" \/>\n<meta property=\"og:type\" content=\"article\" \/>\n<meta property=\"og:title\" content=\"Rafinha \u00e9 regularizado no BID e j\u00e1 tem data para estrear oficialmente pelo Flamengo\" \/>\n<meta property=\"og:description\" content=\"Lateral-direito entrar\u00e1 em campo pela primeira vez em jogos oficiais na pr\u00f3xima quarta-feira (10), contra o Athletico-PR pela Copa do Brasil.\" \/>\n<meta property=\"og:url\" content=\"https:\/\/www.gaveanews.com\/index.php\/2019\/07\/05\/rafinha-e-regularizado-no-bid-e-ja-tem-data-para-estrear-oficialmente-pelo-flamengo\/\" \/>\n<meta property=\"og:site_name\" content=\"G\u00e1vea News\" \/>\n<meta property=\"article:publisher\" content=\"https:\/\/facebook.com\/gaveaNews\/\" \/>\n<meta property=\"article:published_time\" content=\"2019-07-05T03:59:20+00:00\" \/>\n<meta property=\"article:modified_time\" content=\"2019-09-20T17:28:09+00:00\" \/>\n<meta property=\"og:image\" content=\"https:\/\/www.gaveanews.com\/wp-content\/uploads\/2019\/07\/Rafinha-durante-treinamento-no-Ninho-Do-Urubu.webp\" \/>\n\t<meta property=\"og:image:width\" content=\"901\" \/>\n\t<meta property=\"og:image:height\" content=\"600\" \/>\n\t<meta property=\"og:image:type\" content=\"image\/jpeg\" \/>\n<meta name=\"author\" content=\"Equipe G\u00e1vea News\" \/>\n<meta name=\"twitter:card\" content=\"summary_large_image\" \/>\n<meta name=\"twitter:label1\" content=\"Escrito por\" \/>\n\t<meta name=\"twitter:data1\" content=\"Equipe G\u00e1vea News\" \/>\n\t<meta name=\"twitter:label2\" content=\"Est. tempo de leitura\" \/>\n\t<meta name=\"twitter:data2\" content=\"2 minutos\" \/>\n<script type=\"application\/ld+json\" class=\"yoast-schema-graph\">{\"@context\":\"https:\/\/schema.org\",\"@graph\":[{\"@type\":\"NewsArticle\",\"@id\":\"https:\/\/www.gaveanews.com\/index.php\/2019\/07\/05\/rafinha-e-regularizado-no-bid-e-ja-tem-data-para-estrear-oficialmente-pelo-flamengo\/#article\",\"isPartOf\":{\"@id\":\"https:\/\/www.gaveanews.com\/index.php\/2019\/07\/05\/rafinha-e-regularizado-no-bid-e-ja-tem-data-para-estrear-oficialmente-pelo-flamengo\/\"},\"author\":{\"name\":\"Equipe G\u00e1vea News\",\"@id\":\"https:\/\/www.gaveanews.com\/#\/schema\/person\/2ec14f73fb96be2caf28f91afb14749d\"},\"headline\":\"Rafinha \u00e9 regularizado no BID e j\u00e1 tem data para estrear oficialmente pelo Flamengo\",\"datePublished\":\"2019-07-05T03:59:20+00:00\",\"dateModified\":\"2019-09-20T17:28:09+00:00\",\"mainEntityOfPage\":{\"@id\":\"https:\/\/www.gaveanews.com\/index.php\/2019\/07\/05\/rafinha-e-regularizado-no-bid-e-ja-tem-data-para-estrear-oficialmente-pelo-flamengo\/\"},\"wordCount\":349,\"commentCount\":0,\"image\":{\"@id\":\"https:\/\/www.gaveanews.com\/index.php\/2019\/07\/05\/rafinha-e-regularizado-no-bid-e-ja-tem-data-para-estrear-oficialmente-pelo-flamengo\/#primaryimage\"},\"thumbnailUrl\":\"https:\/\/www.gaveanews.com\/wp-content\/uploads\/2019\/07\/Rafinha-durante-treinamento-no-Ninho-Do-Urubu.webp\",\"articleSection\":[\"Flamengo\"],\"inLanguage\":\"pt-BR\",\"potentialAction\":[{\"@type\":\"CommentAction\",\"name\":\"Comment\",\"target\":[\"https:\/\/www.gaveanews.com\/index.php\/2019\/07\/05\/rafinha-e-regularizado-no-bid-e-ja-tem-data-para-estrear-oficialmente-pelo-flamengo\/#respond\"]}],\"copyrightYear\":\"2019\",\"copyrightHolder\":{\"@id\":\"https:\/\/www.gaveanews.com\/#organization\"}},{\"@type\":\"WebPage\",\"@id\":\"https:\/\/www.gaveanews.com\/index.php\/2019\/07\/05\/rafinha-e-regularizado-no-bid-e-ja-tem-data-para-estrear-oficialmente-pelo-flamengo\/\",\"url\":\"https:\/\/www.gaveanews.com\/index.php\/2019\/07\/05\/rafinha-e-regularizado-no-bid-e-ja-tem-data-para-estrear-oficialmente-pelo-flamengo\/\",\"name\":\"Rafinha \u00e9 regularizado no BID e j\u00e1 tem data para estrear oficialmente pelo Flamengo\",\"isPartOf\":{\"@id\":\"https:\/\/www.gaveanews.com\/#website\"},\"primaryImageOfPage\":{\"@id\":\"https:\/\/www.gaveanews.com\/index.php\/2019\/07\/05\/rafinha-e-regularizado-no-bid-e-ja-tem-data-para-estrear-oficialmente-pelo-flamengo\/#primaryimage\"},\"image\":{\"@id\":\"https:\/\/www.gaveanews.com\/index.php\/2019\/07\/05\/rafinha-e-regularizado-no-bid-e-ja-tem-data-para-estrear-oficialmente-pelo-flamengo\/#primaryimage\"},\"thumbnailUrl\":\"https:\/\/www.gaveanews.com\/wp-content\/uploads\/2019\/07\/Rafinha-durante-treinamento-no-Ninho-Do-Urubu.webp\",\"datePublished\":\"2019-07-05T03:59:20+00:00\",\"dateModified\":\"2019-09-20T17:28:09+00:00\",\"author\":{\"@id\":\"https:\/\/www.gaveanews.com\/#\/schema\/person\/2ec14f73fb96be2caf28f91afb14749d\"},\"description\":\"Lateral-direito entrar\u00e1 em campo pela primeira vez em jogos oficiais na pr\u00f3xima quarta-feira (10), contra o Athletico-PR pela Copa do Brasil.\",\"breadcrumb\":{\"@id\":\"https:\/\/www.gaveanews.com\/index.php\/2019\/07\/05\/rafinha-e-regularizado-no-bid-e-ja-tem-data-para-estrear-oficialmente-pelo-flamengo\/#breadcrumb\"},\"inLanguage\":\"pt-BR\",\"potentialAction\":[{\"@type\":\"ReadAction\",\"target\":[\"https:\/\/www.gaveanews.com\/index.php\/2019\/07\/05\/rafinha-e-regularizado-no-bid-e-ja-tem-data-para-estrear-oficialmente-pelo-flamengo\/\"]}]},{\"@type\":\"ImageObject\",\"inLanguage\":\"pt-BR\",\"@id\":\"https:\/\/www.gaveanews.com\/index.php\/2019\/07\/05\/rafinha-e-regularizado-no-bid-e-ja-tem-data-para-estrear-oficialmente-pelo-flamengo\/#primaryimage\",\"url\":\"https:\/\/www.gaveanews.com\/wp-content\/uploads\/2019\/07\/Rafinha-durante-treinamento-no-Ninho-Do-Urubu.webp\",\"contentUrl\":\"https:\/\/www.gaveanews.com\/wp-content\/uploads\/2019\/07\/Rafinha-durante-treinamento-no-Ninho-Do-Urubu.webp\",\"width\":901,\"height\":600,\"caption\":\"Rafinha durante treinamento no Ninho Do Urubu (Foto: Alexandre Vidal\/Flamengo)\"},{\"@type\":\"BreadcrumbList\",\"@id\":\"https:\/\/www.gaveanews.com\/index.php\/2019\/07\/05\/rafinha-e-regularizado-no-bid-e-ja-tem-data-para-estrear-oficialmente-pelo-flamengo\/#breadcrumb\",\"itemListElement\":[{\"@type\":\"ListItem\",\"position\":1,\"name\":\"Home\",\"item\":\"https:\/\/www.gaveanews.com\/\"},{\"@type\":\"ListItem\",\"position\":2,\"name\":\"Rafinha \u00e9 regularizado no BID e j\u00e1 tem data para estrear oficialmente pelo Flamengo\"}]},{\"@type\":\"WebSite\",\"@id\":\"https:\/\/www.gaveanews.com\/#website\",\"url\":\"https:\/\/www.gaveanews.com\/\",\"name\":\"G\u00e1vea News\",\"description\":\"Veja todas as not\u00edcias sobre o Flamengo: Contrata\u00e7\u00f5es, categorias de base, resultados das partidas, tabela de classifica\u00e7\u00e3o, pr\u00f3ximos jogos!\",\"potentialAction\":[{\"@type\":\"SearchAction\",\"target\":{\"@type\":\"EntryPoint\",\"urlTemplate\":\"https:\/\/www.gaveanews.com\/?s={search_term_string}\"},\"query-input\":{\"@type\":\"PropertyValueSpecification\",\"valueRequired\":true,\"valueName\":\"search_term_string\"}}],\"inLanguage\":\"pt-BR\"},{\"@type\":\"Person\",\"@id\":\"https:\/\/www.gaveanews.com\/#\/schema\/person\/2ec14f73fb96be2caf28f91afb14749d\",\"name\":\"Equipe G\u00e1vea News\",\"image\":{\"@type\":\"ImageObject\",\"inLanguage\":\"pt-BR\",\"@id\":\"https:\/\/www.gaveanews.com\/#\/schema\/person\/image\/\",\"url\":\"https:\/\/secure.gravatar.com\/avatar\/1e1956f1facbffd3f8fa53a326721950116b3b9dc9bd44939c01180fd4a745a9?s=96&d=mm&r=g\",\"contentUrl\":\"https:\/\/secure.gravatar.com\/avatar\/1e1956f1facbffd3f8fa53a326721950116b3b9dc9bd44939c01180fd4a745a9?s=96&d=mm&r=g\",\"caption\":\"Equipe G\u00e1vea News\"}}]}<\/script>\n<!-- \/ Yoast SEO Premium plugin. -->","yoast_head_json":{"title":"Rafinha \u00e9 regularizado no BID e j\u00e1 tem data para estrear oficialmente pelo Flamengo","description":"Lateral-direito entrar\u00e1 em campo pela primeira vez em jogos oficiais na pr\u00f3xima quarta-feira (10), contra o Athletico-PR pela Copa do Brasil.","robots":{"index":"index","follow":"follow","max-snippet":"max-snippet:-1","max-image-preview":"max-image-preview:large","max-video-preview":"max-video-preview:-1"},"canonical":"https:\/\/www.gaveanews.com\/index.php\/2019\/07\/05\/rafinha-e-regularizado-no-bid-e-ja-tem-data-para-estrear-oficialmente-pelo-flamengo\/","og_locale":"pt_BR","og_type":"article","og_title":"Rafinha \u00e9 regularizado no BID e j\u00e1 tem data para estrear oficialmente pelo Flamengo","og_description":"Lateral-direito entrar\u00e1 em campo pela primeira vez em jogos oficiais na pr\u00f3xima quarta-feira (10), contra o Athletico-PR pela Copa do Brasil.","og_url":"https:\/\/www.gaveanews.com\/index.php\/2019\/07\/05\/rafinha-e-regularizado-no-bid-e-ja-tem-data-para-estrear-oficialmente-pelo-flamengo\/","og_site_name":"G\u00e1vea News","article_publisher":"https:\/\/facebook.com\/gaveaNews\/","article_published_time":"2019-07-05T03:59:20+00:00","article_modified_time":"2019-09-20T17:28:09+00:00","og_image":[{"width":901,"height":600,"url":"https:\/\/www.gaveanews.com\/wp-content\/uploads\/2019\/07\/Rafinha-durante-treinamento-no-Ninho-Do-Urubu.webp","type":"image\/jpeg"}],"author":"Equipe G\u00e1vea News","twitter_card":"summary_large_image","twitter_misc":{"Escrito por":"Equipe G\u00e1vea News","Est. tempo de leitura":"2 minutos"},"schema":{"@context":"https:\/\/schema.org","@graph":[{"@type":"NewsArticle","@id":"https:\/\/www.gaveanews.com\/index.php\/2019\/07\/05\/rafinha-e-regularizado-no-bid-e-ja-tem-data-para-estrear-oficialmente-pelo-flamengo\/#article","isPartOf":{"@id":"https:\/\/www.gaveanews.com\/index.php\/2019\/07\/05\/rafinha-e-regularizado-no-bid-e-ja-tem-data-para-estrear-oficialmente-pelo-flamengo\/"},"author":{"name":"Equipe G\u00e1vea News","@id":"https:\/\/www.gaveanews.com\/#\/schema\/person\/2ec14f73fb96be2caf28f91afb14749d"},"headline":"Rafinha \u00e9 regularizado no BID e j\u00e1 tem data para estrear oficialmente pelo Flamengo","datePublished":"2019-07-05T03:59:20+00:00","dateModified":"2019-09-20T17:28:09+00:00","mainEntityOfPage":{"@id":"https:\/\/www.gaveanews.com\/index.php\/2019\/07\/05\/rafinha-e-regularizado-no-bid-e-ja-tem-data-para-estrear-oficialmente-pelo-flamengo\/"},"wordCount":349,"commentCount":0,"image":{"@id":"https:\/\/www.gaveanews.com\/index.php\/2019\/07\/05\/rafinha-e-regularizado-no-bid-e-ja-tem-data-para-estrear-oficialmente-pelo-flamengo\/#primaryimage"},"thumbnailUrl":"https:\/\/www.gaveanews.com\/wp-content\/uploads\/2019\/07\/Rafinha-durante-treinamento-no-Ninho-Do-Urubu.webp","articleSection":["Flamengo"],"inLanguage":"pt-BR","potentialAction":[{"@type":"CommentAction","name":"Comment","target":["https:\/\/www.gaveanews.com\/index.php\/2019\/07\/05\/rafinha-e-regularizado-no-bid-e-ja-tem-data-para-estrear-oficialmente-pelo-flamengo\/#respond"]}],"copyrightYear":"2019","copyrightHolder":{"@id":"https:\/\/www.gaveanews.com\/#organization"}},{"@type":"WebPage","@id":"https:\/\/www.gaveanews.com\/index.php\/2019\/07\/05\/rafinha-e-regularizado-no-bid-e-ja-tem-data-para-estrear-oficialmente-pelo-flamengo\/","url":"https:\/\/www.gaveanews.com\/index.php\/2019\/07\/05\/rafinha-e-regularizado-no-bid-e-ja-tem-data-para-estrear-oficialmente-pelo-flamengo\/","name":"Rafinha \u00e9 regularizado no BID e j\u00e1 tem data para estrear oficialmente pelo Flamengo","isPartOf":{"@id":"https:\/\/www.gaveanews.com\/#website"},"primaryImageOfPage":{"@id":"https:\/\/www.gaveanews.com\/index.php\/2019\/07\/05\/rafinha-e-regularizado-no-bid-e-ja-tem-data-para-estrear-oficialmente-pelo-flamengo\/#primaryimage"},"image":{"@id":"https:\/\/www.gaveanews.com\/index.php\/2019\/07\/05\/rafinha-e-regularizado-no-bid-e-ja-tem-data-para-estrear-oficialmente-pelo-flamengo\/#primaryimage"},"thumbnailUrl":"https:\/\/www.gaveanews.com\/wp-content\/uploads\/2019\/07\/Rafinha-durante-treinamento-no-Ninho-Do-Urubu.webp","datePublished":"2019-07-05T03:59:20+00:00","dateModified":"2019-09-20T17:28:09+00:00","author":{"@id":"https:\/\/www.gaveanews.com\/#\/schema\/person\/2ec14f73fb96be2caf28f91afb14749d"},"description":"Lateral-direito entrar\u00e1 em campo pela primeira vez em jogos oficiais na pr\u00f3xima quarta-feira (10), contra o Athletico-PR pela Copa do Brasil.","breadcrumb":{"@id":"https:\/\/www.gaveanews.com\/index.php\/2019\/07\/05\/rafinha-e-regularizado-no-bid-e-ja-tem-data-para-estrear-oficialmente-pelo-flamengo\/#breadcrumb"},"inLanguage":"pt-BR","potentialAction":[{"@type":"ReadAction","target":["https:\/\/www.gaveanews.com\/index.php\/2019\/07\/05\/rafinha-e-regularizado-no-bid-e-ja-tem-data-para-estrear-oficialmente-pelo-flamengo\/"]}]},{"@type":"ImageObject","inLanguage":"pt-BR","@id":"https:\/\/www.gaveanews.com\/index.php\/2019\/07\/05\/rafinha-e-regularizado-no-bid-e-ja-tem-data-para-estrear-oficialmente-pelo-flamengo\/#primaryimage","url":"https:\/\/www.gaveanews.com\/wp-content\/uploads\/2019\/07\/Rafinha-durante-treinamento-no-Ninho-Do-Urubu.webp","contentUrl":"https:\/\/www.gaveanews.com\/wp-content\/uploads\/2019\/07\/Rafinha-durante-treinamento-no-Ninho-Do-Urubu.webp","width":901,"height":600,"caption":"Rafinha durante treinamento no Ninho Do Urubu (Foto: Alexandre Vidal\/Flamengo)"},{"@type":"BreadcrumbList","@id":"https:\/\/www.gaveanews.com\/index.php\/2019\/07\/05\/rafinha-e-regularizado-no-bid-e-ja-tem-data-para-estrear-oficialmente-pelo-flamengo\/#breadcrumb","itemListElement":[{"@type":"ListItem","position":1,"name":"Home","item":"https:\/\/www.gaveanews.com\/"},{"@type":"ListItem","position":2,"name":"Rafinha \u00e9 regularizado no BID e j\u00e1 tem data para estrear oficialmente pelo Flamengo"}]},{"@type":"WebSite","@id":"https:\/\/www.gaveanews.com\/#website","url":"https:\/\/www.gaveanews.com\/","name":"G\u00e1vea News","description":"Veja todas as not\u00edcias sobre o Flamengo: Contrata\u00e7\u00f5es, categorias de base, resultados das partidas, tabela de classifica\u00e7\u00e3o, pr\u00f3ximos jogos!","potentialAction":[{"@type":"SearchAction","target":{"@type":"EntryPoint","urlTemplate":"https:\/\/www.gaveanews.com\/?s={search_term_string}"},"query-input":{"@type":"PropertyValueSpecification","valueRequired":true,"valueName":"search_term_string"}}],"inLanguage":"pt-BR"},{"@type":"Person","@id":"https:\/\/www.gaveanews.com\/#\/schema\/person\/2ec14f73fb96be2caf28f91afb14749d","name":"Equipe G\u00e1vea News","image":{"@type":"ImageObject","inLanguage":"pt-BR","@id":"https:\/\/www.gaveanews.com\/#\/schema\/person\/image\/","url":"https:\/\/secure.gravatar.com\/avatar\/1e1956f1facbffd3f8fa53a326721950116b3b9dc9bd44939c01180fd4a745a9?s=96&d=mm&r=g","contentUrl":"https:\/\/secure.gravatar.com\/avatar\/1e1956f1facbffd3f8fa53a326721950116b3b9dc9bd44939c01180fd4a745a9?s=96&d=mm&r=g","caption":"Equipe G\u00e1vea News"}}]}},"_links":{"self":[{"href":"https:\/\/www.gaveanews.com\/index.php\/wp-json\/wp\/v2\/posts\/22598","targetHints":{"allow":["GET"]}}],"collection":[{"href":"https:\/\/www.gaveanews.com\/index.php\/wp-json\/wp\/v2\/posts"}],"about":[{"href":"https:\/\/www.gaveanews.com\/index.php\/wp-json\/wp\/v2\/types\/post"}],"author":[{"embeddable":true,"href":"https:\/\/www.gaveanews.com\/index.php\/wp-json\/wp\/v2\/users\/1"}],"replies":[{"embeddable":true,"href":"https:\/\/www.gaveanews.com\/index.php\/wp-json\/wp\/v2\/comments?post=22598"}],"version-history":[{"count":0,"href":"https:\/\/www.gaveanews.com\/index.php\/wp-json\/wp\/v2\/posts\/22598\/revisions"}],"wp:featuredmedia":[{"embeddable":true,"href":"https:\/\/www.gaveanews.com\/index.php\/wp-json\/wp\/v2\/media\/22716"}],"wp:attachment":[{"href":"https:\/\/www.gaveanews.com\/index.php\/wp-json\/wp\/v2\/media?parent=22598"}],"wp:term":[{"taxonomy":"category","embeddable":true,"href":"https:\/\/www.gaveanews.com\/index.php\/wp-json\/wp\/v2\/categories?post=22598"},{"taxonomy":"post_tag","embeddable":true,"href":"https:\/\/www.gaveanews.com\/index.php\/wp-json\/wp\/v2\/tags?post=22598"}],"curies":[{"name":"wp","href":"https:\/\/api.w.org\/{rel}","templated":true}]}}