{"id":225993,"date":"2025-02-11T04:00:00","date_gmt":"2025-02-11T07:00:00","guid":{"rendered":"https:\/\/www.gaveanews.com\/?p=225993"},"modified":"2025-02-10T23:29:12","modified_gmt":"2025-02-11T02:29:12","slug":"concorrencia-com-sao-paulo-declaracao-de-rodrigo-caio-e-recado-de-mauro-cesar-as-ultimas-noticias-do-flamengo","status":"publish","type":"post","link":"https:\/\/www.gaveanews.com\/index.php\/2025\/02\/11\/concorrencia-com-sao-paulo-declaracao-de-rodrigo-caio-e-recado-de-mauro-cesar-as-ultimas-noticias-do-flamengo\/","title":{"rendered":"Concorr\u00eancia com S\u00e3o Paulo, declara\u00e7\u00e3o de Rodrigo Caio e recado de Mauro C\u00e9sar: as \u00faltimas not\u00edcias do Flamengo"},"content":{"rendered":"\n<p>Nas \u00faltimas horas, o foco das not\u00edcias sobre o Flamengo se concentram nos bastidores do clube, com destaques do dia a dia do time.<\/p>\n\n\n\n<p>Por conta deste contexto, leia abaixo um resumo preparado pela equipe do portal G\u00e1vea News para lhe manter muito bem informado!<\/p>\n\n\n\n<h2 class=\"wp-block-heading\" id=\"h-recado-de-mauro-cesar\">Recado de Mauro C\u00e9sar<\/h2>\n\n\n\n<p>O jornalista Mauro Cezar, da Jovem Pan Esportes, abordou a compara\u00e7\u00e3o entre os t\u00edtulos conquistados por Zico, J\u00fanior, Bruno Henrique e Arrascaeta no Flamengo. Durante o programa, ele enfatizou que utilizou dados de Roberto Assaf, renomado pesquisador do futebol, para embasar a an\u00e1lise. Al\u00e9m disso, destacou que torneios estaduais possu\u00edam um peso maior no passado e que competi\u00e7\u00f5es como a Ta\u00e7a Guanabara foram erroneamente desconsideradas em algumas an\u00e1lises recentes<strong><a href=\"https:\/\/www.gaveanews.com\/index.php\/2025\/02\/06\/video-a-declaracao-de-mauro-cezar-direcionada-a-zico-junior-bruno-henrique-e-arrascaeta-do-flamengo\/\"> (leia a mat\u00e9ria completa).<\/a><\/strong><\/p>\n\n\n\n<figure class=\"wp-block-image size-full\"><img loading=\"lazy\" decoding=\"async\" width=\"846\" height=\"564\" src=\"http:\/\/www.gaveanews.com\/wp-content\/uploads\/Mauro-Cezar.webp\" alt=\"\" class=\"wp-image-101020\" srcset=\"https:\/\/www.gaveanews.com\/wp-content\/uploads\/Mauro-Cezar.webp 846w, https:\/\/www.gaveanews.com\/wp-content\/uploads\/Mauro-Cezar-300x200.webp 300w, https:\/\/www.gaveanews.com\/wp-content\/uploads\/Mauro-Cezar-768x512.webp 768w, https:\/\/www.gaveanews.com\/wp-content\/uploads\/Mauro-Cezar-630x420.webp 630w, https:\/\/www.gaveanews.com\/wp-content\/uploads\/Mauro-Cezar-640x427.webp 640w, https:\/\/www.gaveanews.com\/wp-content\/uploads\/Mauro-Cezar-681x454.webp 681w, https:\/\/www.gaveanews.com\/wp-content\/uploads\/Mauro-Cezar-100x67.webp 100w\" sizes=\"auto, (max-width: 846px) 100vw, 846px\" \/><figcaption class=\"wp-element-caption\">Mauro Cesar em Programa pela Jovem Pan &#8211; Foto: Reprodu\u00e7\u00e3o\/Jovem Pan<\/figcaption><\/figure>\n\n\n\n<p>Mauro Cezar ressaltou que, na \u00e9poca de Zico e J\u00fanior, n\u00e3o existiam competi\u00e7\u00f5es como a Supercopa, a Recopa Sul-Americana e a Copa do Brasil, al\u00e9m de a Libertadores contar com um n\u00famero reduzido de participantes. <\/p>\n\n\n\n<p>Ele criticou a omiss\u00e3o de certos torneios pela imprensa e refor\u00e7ou que campeonatos estaduais tinham grande relev\u00e2ncia no passado, sendo disputados por longos per\u00edodos e contando com grande p\u00fablico nos est\u00e1dios.<\/p>\n\n\n\n<p>Quanto aos n\u00fameros, Zico e J\u00fanior conquistaram 23 e 22 t\u00edtulos, respectivamente, incluindo Campeonato Brasileiro, Libertadores e Mundial de Clubes. J\u00e1 Bruno Henrique e Arrascaeta acumulam 18 t\u00edtulos, com destaque para Libertadores, Copa do Brasil e Supercopa do Brasil. O debate evidencia a evolu\u00e7\u00e3o do futebol e a transforma\u00e7\u00e3o do cen\u00e1rio competitivo ao longo das d\u00e9cadas.<\/p>\n\n\n\n<h2 class=\"wp-block-heading\" id=\"h-declaracao-de-rodrigo-caio\">Declara\u00e7\u00e3o de Rodrigo Caio<\/h2>\n\n\n\n<p>Rodrigo Caio, ex-zagueiro do Flamengo, relembrou sua trajet\u00f3ria vitoriosa pelo clube, especialmente na hist\u00f3rica temporada de 2019. Apesar dos momentos de gl\u00f3ria, sua carreira foi marcada por dificuldades, principalmente as les\u00f5es que o afastaram dos gramados por longos per\u00edodos. Atualmente sem clube ap\u00f3s uma passagem pelo Gr\u00eamio em 2024, ele busca retomar sua carreira com foco total na recupera\u00e7\u00e3o f\u00edsica e mental, reafirmando sua paix\u00e3o pelo futebol<strong>.<\/strong><\/p>\n\n\n\n<figure class=\"wp-block-image size-full\"><img loading=\"lazy\" decoding=\"async\" width=\"799\" height=\"533\" src=\"http:\/\/www.gaveanews.com\/wp-content\/uploads\/Rodrigo-Caio-em-treino-do-Flamengo-no-Nihno-do-Urubu.webp\" alt=\"\" class=\"wp-image-81472\" srcset=\"https:\/\/www.gaveanews.com\/wp-content\/uploads\/Rodrigo-Caio-em-treino-do-Flamengo-no-Nihno-do-Urubu.webp 799w, https:\/\/www.gaveanews.com\/wp-content\/uploads\/Rodrigo-Caio-em-treino-do-Flamengo-no-Nihno-do-Urubu-300x200.webp 300w, https:\/\/www.gaveanews.com\/wp-content\/uploads\/Rodrigo-Caio-em-treino-do-Flamengo-no-Nihno-do-Urubu-768x512.webp 768w, https:\/\/www.gaveanews.com\/wp-content\/uploads\/Rodrigo-Caio-em-treino-do-Flamengo-no-Nihno-do-Urubu-630x420.webp 630w, https:\/\/www.gaveanews.com\/wp-content\/uploads\/Rodrigo-Caio-em-treino-do-Flamengo-no-Nihno-do-Urubu-640x427.webp 640w, https:\/\/www.gaveanews.com\/wp-content\/uploads\/Rodrigo-Caio-em-treino-do-Flamengo-no-Nihno-do-Urubu-681x454.webp 681w, https:\/\/www.gaveanews.com\/wp-content\/uploads\/Rodrigo-Caio-em-treino-do-Flamengo-no-Nihno-do-Urubu-100x67.webp 100w\" sizes=\"auto, (max-width: 799px) 100vw, 799px\" \/><figcaption class=\"wp-element-caption\">Rodrigo Caio em treino do Flamengo no Ninho do Urubu (Foto: Gilvan de Souza\/Flamengo)<\/figcaption><\/figure>\n\n\n\n<p>Em entrevista, o jogador compartilhou os desafios enfrentados devido \u00e0s contus\u00f5es, revelando que, em determinado momento, perdeu o prazer de atuar devido \u00e0 dor constante. No entanto, ap\u00f3s um longo processo de reabilita\u00e7\u00e3o, sente-se pronto para retornar ao campo. Rodrigo destacou que tem trabalhado para manter seu corpo preparado e sua mente tranquila, visando desempenhar seu melhor futebol em sua pr\u00f3xima oportunidade.<\/p>\n\n\n\n<p>Agora, mais experiente, o defensor adota uma postura mais seletiva para definir seu futuro, esperando pelo cen\u00e1rio ideal para voltar a jogar. Ele enfatiza que sua qualidade t\u00e9cnica e viv\u00eancia no futebol podem agregar muito a qualquer equipe que aposte nele. Com confian\u00e7a e serenidade, Rodrigo Caio aguarda um projeto no qual possa ser pe\u00e7a fundamental e contribuir significativamente para o sucesso do time.<\/p>\n\n\n\n<h2 class=\"wp-block-heading\" id=\"h-concorrencia-com-sao-paulo\">Concorr\u00eancia com S\u00e3o Paulo<\/h2>\n\n\n\n<p>O jovem atacante Ryan Francisco foi alvo de uma intensa disputa entre grandes clubes brasileiros, incluindo Flamengo e Internacional, mas acabou fechando com o S\u00e3o Paulo. Seu empres\u00e1rio revelou em entrevista que a escolha foi baseada na filosofia de jogo do clube paulista, que se alinha com as caracter\u00edsticas do atleta <strong><a href=\"https:\/\/www.gaveanews.com\/index.php\/2025\/02\/06\/flamengo-tentou-mas-sao-paulo-superou-a-concorrencia-e-fechou-com-atacante\/\">(leia a mat\u00e9ria completa).<\/a><\/strong><\/p>\n\n\n\n<figure class=\"wp-block-image size-full\"><img loading=\"lazy\" decoding=\"async\" width=\"977\" height=\"651\" src=\"http:\/\/www.gaveanews.com\/wp-content\/uploads\/Escudo-do-Sao-Paulo.webp\" alt=\"\" class=\"wp-image-154451\" srcset=\"https:\/\/www.gaveanews.com\/wp-content\/uploads\/Escudo-do-Sao-Paulo.webp 977w, https:\/\/www.gaveanews.com\/wp-content\/uploads\/Escudo-do-Sao-Paulo-300x200.webp 300w, https:\/\/www.gaveanews.com\/wp-content\/uploads\/Escudo-do-Sao-Paulo-768x512.webp 768w, https:\/\/www.gaveanews.com\/wp-content\/uploads\/Escudo-do-Sao-Paulo-630x420.webp 630w, https:\/\/www.gaveanews.com\/wp-content\/uploads\/Escudo-do-Sao-Paulo-640x426.webp 640w, https:\/\/www.gaveanews.com\/wp-content\/uploads\/Escudo-do-Sao-Paulo-681x454.webp 681w, https:\/\/www.gaveanews.com\/wp-content\/uploads\/Escudo-do-Sao-Paulo-100x67.webp 100w\" sizes=\"auto, (max-width: 977px) 100vw, 977px\" \/><figcaption class=\"wp-element-caption\">Escudo do S\u00e3o Paulo (Foto: Reprodu\u00e7\u00e3o\/S\u00e3o Paulo)<\/figcaption><\/figure>\n\n\n\n<p>A trajet\u00f3ria do jogador teve momentos desafiadores, como sua dispensa do Palmeiras, o que o levou a dar um passo atr\u00e1s e ingressar no SKA Brasil. Essa mudan\u00e7a proporcionou maior visibilidade, despertando o interesse de clubes de grande express\u00e3o no futebol nacional. A decis\u00e3o final, no entanto, ficou a cargo da fam\u00edlia do jogador, que optou pelo projeto oferecido pelo S\u00e3o Paulo.<\/p>\n\n\n\n<p>Al\u00e9m do fator t\u00e9cnico, a confian\u00e7a no planejamento do Tricolor Paulista foi fundamental para a negocia\u00e7\u00e3o. O empres\u00e1rio destacou que a escolha foi um &#8220;namoro perfeito&#8221;, demonstrando a capacidade do S\u00e3o Paulo de atrair talentos promissores, mesmo diante da concorr\u00eancia de equipes financeiramente fortes.<\/p>\n","protected":false},"excerpt":{"rendered":"<p>Nas \u00faltimas horas, o foco das not\u00edcias sobre o Flamengo se concentram nos bastidores do clube, com destaques do dia a dia do time. Por conta deste contexto, leia abaixo um resumo preparado pela equipe do portal G\u00e1vea News para lhe manter muito bem informado! Recado de Mauro C\u00e9sar O jornalista Mauro Cezar, da Jovem [&hellip;]<\/p>\n","protected":false},"author":27,"featured_media":169215,"comment_status":"open","ping_status":"closed","sticky":false,"template":"","format":"standard","meta":{"footnotes":""},"categories":[1],"tags":[],"class_list":["post-225993","post","type-post","status-publish","format-standard","has-post-thumbnail","hentry","category-flamengo"],"yoast_head":"<!-- This site is optimized with the Yoast SEO Premium plugin v24.2 (Yoast SEO v26.9) - https:\/\/yoast.com\/product\/yoast-seo-premium-wordpress\/ -->\n<title>Concorr\u00eancia com S\u00e3o Paulo, declara\u00e7\u00e3o de Rodrigo Caio e recado de Mauro C\u00e9sar: as \u00faltimas not\u00edcias do Flamengo<\/title>\n<meta name=\"robots\" content=\"index, follow, max-snippet:-1, max-image-preview:large, max-video-preview:-1\" \/>\n<link rel=\"canonical\" href=\"https:\/\/www.gaveanews.com\/index.php\/2025\/02\/11\/concorrencia-com-sao-paulo-declaracao-de-rodrigo-caio-e-recado-de-mauro-cesar-as-ultimas-noticias-do-flamengo\/\" \/>\n<meta property=\"og:locale\" content=\"pt_BR\" \/>\n<meta property=\"og:type\" content=\"article\" \/>\n<meta property=\"og:title\" content=\"Concorr\u00eancia com S\u00e3o Paulo, declara\u00e7\u00e3o de Rodrigo Caio e recado de Mauro C\u00e9sar: as \u00faltimas not\u00edcias do Flamengo\" \/>\n<meta property=\"og:description\" content=\"Nas \u00faltimas horas, o foco das not\u00edcias sobre o Flamengo se concentram nos bastidores do clube, com destaques do dia a dia do time. Por conta deste contexto, leia abaixo um resumo preparado pela equipe do portal G\u00e1vea News para lhe manter muito bem informado! Recado de Mauro C\u00e9sar O jornalista Mauro Cezar, da Jovem [&hellip;]\" \/>\n<meta property=\"og:url\" content=\"https:\/\/www.gaveanews.com\/index.php\/2025\/02\/11\/concorrencia-com-sao-paulo-declaracao-de-rodrigo-caio-e-recado-de-mauro-cesar-as-ultimas-noticias-do-flamengo\/\" \/>\n<meta property=\"og:site_name\" content=\"G\u00e1vea News\" \/>\n<meta property=\"article:publisher\" content=\"https:\/\/facebook.com\/gaveaNews\/\" \/>\n<meta property=\"article:published_time\" content=\"2025-02-11T07:00:00+00:00\" \/>\n<meta property=\"og:image\" content=\"https:\/\/www.gaveanews.com\/wp-content\/uploads\/Elenco-do-Flamengo-em-acao.webp\" \/>\n\t<meta property=\"og:image:width\" content=\"1200\" \/>\n\t<meta property=\"og:image:height\" content=\"829\" \/>\n\t<meta property=\"og:image:type\" content=\"image\/jpeg\" \/>\n<meta name=\"author\" content=\"Matheus Felipe\" \/>\n<meta name=\"twitter:card\" content=\"summary_large_image\" \/>\n<meta name=\"twitter:label1\" content=\"Escrito por\" \/>\n\t<meta name=\"twitter:data1\" content=\"Matheus Felipe\" \/>\n\t<meta name=\"twitter:label2\" content=\"Est. tempo de leitura\" \/>\n\t<meta name=\"twitter:data2\" content=\"5 minutos\" \/>\n<script type=\"application\/ld+json\" class=\"yoast-schema-graph\">{\"@context\":\"https:\/\/schema.org\",\"@graph\":[{\"@type\":\"NewsArticle\",\"@id\":\"https:\/\/www.gaveanews.com\/index.php\/2025\/02\/11\/concorrencia-com-sao-paulo-declaracao-de-rodrigo-caio-e-recado-de-mauro-cesar-as-ultimas-noticias-do-flamengo\/#article\",\"isPartOf\":{\"@id\":\"https:\/\/www.gaveanews.com\/index.php\/2025\/02\/11\/concorrencia-com-sao-paulo-declaracao-de-rodrigo-caio-e-recado-de-mauro-cesar-as-ultimas-noticias-do-flamengo\/\"},\"author\":{\"name\":\"Matheus Felipe\",\"@id\":\"https:\/\/www.gaveanews.com\/#\/schema\/person\/8207cd4627f56151707418bfc835b2fb\"},\"headline\":\"Concorr\u00eancia com S\u00e3o Paulo, declara\u00e7\u00e3o de Rodrigo Caio e recado de Mauro C\u00e9sar: as \u00faltimas not\u00edcias do Flamengo\",\"datePublished\":\"2025-02-11T07:00:00+00:00\",\"mainEntityOfPage\":{\"@id\":\"https:\/\/www.gaveanews.com\/index.php\/2025\/02\/11\/concorrencia-com-sao-paulo-declaracao-de-rodrigo-caio-e-recado-de-mauro-cesar-as-ultimas-noticias-do-flamengo\/\"},\"wordCount\":734,\"commentCount\":0,\"image\":{\"@id\":\"https:\/\/www.gaveanews.com\/index.php\/2025\/02\/11\/concorrencia-com-sao-paulo-declaracao-de-rodrigo-caio-e-recado-de-mauro-cesar-as-ultimas-noticias-do-flamengo\/#primaryimage\"},\"thumbnailUrl\":\"https:\/\/www.gaveanews.com\/wp-content\/uploads\/Elenco-do-Flamengo-em-acao.webp\",\"articleSection\":[\"Flamengo\"],\"inLanguage\":\"pt-BR\",\"potentialAction\":[{\"@type\":\"CommentAction\",\"name\":\"Comment\",\"target\":[\"https:\/\/www.gaveanews.com\/index.php\/2025\/02\/11\/concorrencia-com-sao-paulo-declaracao-de-rodrigo-caio-e-recado-de-mauro-cesar-as-ultimas-noticias-do-flamengo\/#respond\"]}],\"copyrightYear\":\"2025\",\"copyrightHolder\":{\"@id\":\"https:\/\/www.gaveanews.com\/#organization\"}},{\"@type\":\"WebPage\",\"@id\":\"https:\/\/www.gaveanews.com\/index.php\/2025\/02\/11\/concorrencia-com-sao-paulo-declaracao-de-rodrigo-caio-e-recado-de-mauro-cesar-as-ultimas-noticias-do-flamengo\/\",\"url\":\"https:\/\/www.gaveanews.com\/index.php\/2025\/02\/11\/concorrencia-com-sao-paulo-declaracao-de-rodrigo-caio-e-recado-de-mauro-cesar-as-ultimas-noticias-do-flamengo\/\",\"name\":\"Concorr\u00eancia com S\u00e3o Paulo, declara\u00e7\u00e3o de Rodrigo Caio e recado de Mauro C\u00e9sar: as \u00faltimas not\u00edcias do Flamengo\",\"isPartOf\":{\"@id\":\"https:\/\/www.gaveanews.com\/#website\"},\"primaryImageOfPage\":{\"@id\":\"https:\/\/www.gaveanews.com\/index.php\/2025\/02\/11\/concorrencia-com-sao-paulo-declaracao-de-rodrigo-caio-e-recado-de-mauro-cesar-as-ultimas-noticias-do-flamengo\/#primaryimage\"},\"image\":{\"@id\":\"https:\/\/www.gaveanews.com\/index.php\/2025\/02\/11\/concorrencia-com-sao-paulo-declaracao-de-rodrigo-caio-e-recado-de-mauro-cesar-as-ultimas-noticias-do-flamengo\/#primaryimage\"},\"thumbnailUrl\":\"https:\/\/www.gaveanews.com\/wp-content\/uploads\/Elenco-do-Flamengo-em-acao.webp\",\"datePublished\":\"2025-02-11T07:00:00+00:00\",\"author\":{\"@id\":\"https:\/\/www.gaveanews.com\/#\/schema\/person\/8207cd4627f56151707418bfc835b2fb\"},\"breadcrumb\":{\"@id\":\"https:\/\/www.gaveanews.com\/index.php\/2025\/02\/11\/concorrencia-com-sao-paulo-declaracao-de-rodrigo-caio-e-recado-de-mauro-cesar-as-ultimas-noticias-do-flamengo\/#breadcrumb\"},\"inLanguage\":\"pt-BR\",\"potentialAction\":[{\"@type\":\"ReadAction\",\"target\":[\"https:\/\/www.gaveanews.com\/index.php\/2025\/02\/11\/concorrencia-com-sao-paulo-declaracao-de-rodrigo-caio-e-recado-de-mauro-cesar-as-ultimas-noticias-do-flamengo\/\"]}]},{\"@type\":\"ImageObject\",\"inLanguage\":\"pt-BR\",\"@id\":\"https:\/\/www.gaveanews.com\/index.php\/2025\/02\/11\/concorrencia-com-sao-paulo-declaracao-de-rodrigo-caio-e-recado-de-mauro-cesar-as-ultimas-noticias-do-flamengo\/#primaryimage\",\"url\":\"https:\/\/www.gaveanews.com\/wp-content\/uploads\/Elenco-do-Flamengo-em-acao.webp\",\"contentUrl\":\"https:\/\/www.gaveanews.com\/wp-content\/uploads\/Elenco-do-Flamengo-em-acao.webp\",\"width\":1200,\"height\":829,\"caption\":\"Elenco do Flamengo em a\u00e7\u00e3o (Foto: Divulga\u00e7\u00e3o\/Flamengo)\"},{\"@type\":\"BreadcrumbList\",\"@id\":\"https:\/\/www.gaveanews.com\/index.php\/2025\/02\/11\/concorrencia-com-sao-paulo-declaracao-de-rodrigo-caio-e-recado-de-mauro-cesar-as-ultimas-noticias-do-flamengo\/#breadcrumb\",\"itemListElement\":[{\"@type\":\"ListItem\",\"position\":1,\"name\":\"Home\",\"item\":\"https:\/\/www.gaveanews.com\/\"},{\"@type\":\"ListItem\",\"position\":2,\"name\":\"Concorr\u00eancia com S\u00e3o Paulo, declara\u00e7\u00e3o de Rodrigo Caio e recado de Mauro C\u00e9sar: as \u00faltimas not\u00edcias do Flamengo\"}]},{\"@type\":\"WebSite\",\"@id\":\"https:\/\/www.gaveanews.com\/#website\",\"url\":\"https:\/\/www.gaveanews.com\/\",\"name\":\"G\u00e1vea News\",\"description\":\"Veja todas as not\u00edcias sobre o Flamengo: Contrata\u00e7\u00f5es, categorias de base, resultados das partidas, tabela de classifica\u00e7\u00e3o, pr\u00f3ximos jogos!\",\"potentialAction\":[{\"@type\":\"SearchAction\",\"target\":{\"@type\":\"EntryPoint\",\"urlTemplate\":\"https:\/\/www.gaveanews.com\/?s={search_term_string}\"},\"query-input\":{\"@type\":\"PropertyValueSpecification\",\"valueRequired\":true,\"valueName\":\"search_term_string\"}}],\"inLanguage\":\"pt-BR\"},{\"@type\":\"Person\",\"@id\":\"https:\/\/www.gaveanews.com\/#\/schema\/person\/8207cd4627f56151707418bfc835b2fb\",\"name\":\"Matheus Felipe\",\"image\":{\"@type\":\"ImageObject\",\"inLanguage\":\"pt-BR\",\"@id\":\"https:\/\/www.gaveanews.com\/#\/schema\/person\/image\/\",\"url\":\"https:\/\/secure.gravatar.com\/avatar\/a452ffbed9130f726358b298bb3a99ce4bd3c5338411f8440e87e14d74c7c087?s=96&d=mm&r=g\",\"contentUrl\":\"https:\/\/secure.gravatar.com\/avatar\/a452ffbed9130f726358b298bb3a99ce4bd3c5338411f8440e87e14d74c7c087?s=96&d=mm&r=g\",\"caption\":\"Matheus Felipe\"}}]}<\/script>\n<!-- \/ Yoast SEO Premium plugin. -->","yoast_head_json":{"title":"Concorr\u00eancia com S\u00e3o Paulo, declara\u00e7\u00e3o de Rodrigo Caio e recado de Mauro C\u00e9sar: as \u00faltimas not\u00edcias do Flamengo","robots":{"index":"index","follow":"follow","max-snippet":"max-snippet:-1","max-image-preview":"max-image-preview:large","max-video-preview":"max-video-preview:-1"},"canonical":"https:\/\/www.gaveanews.com\/index.php\/2025\/02\/11\/concorrencia-com-sao-paulo-declaracao-de-rodrigo-caio-e-recado-de-mauro-cesar-as-ultimas-noticias-do-flamengo\/","og_locale":"pt_BR","og_type":"article","og_title":"Concorr\u00eancia com S\u00e3o Paulo, declara\u00e7\u00e3o de Rodrigo Caio e recado de Mauro C\u00e9sar: as \u00faltimas not\u00edcias do Flamengo","og_description":"Nas \u00faltimas horas, o foco das not\u00edcias sobre o Flamengo se concentram nos bastidores do clube, com destaques do dia a dia do time. Por conta deste contexto, leia abaixo um resumo preparado pela equipe do portal G\u00e1vea News para lhe manter muito bem informado! Recado de Mauro C\u00e9sar O jornalista Mauro Cezar, da Jovem [&hellip;]","og_url":"https:\/\/www.gaveanews.com\/index.php\/2025\/02\/11\/concorrencia-com-sao-paulo-declaracao-de-rodrigo-caio-e-recado-de-mauro-cesar-as-ultimas-noticias-do-flamengo\/","og_site_name":"G\u00e1vea News","article_publisher":"https:\/\/facebook.com\/gaveaNews\/","article_published_time":"2025-02-11T07:00:00+00:00","og_image":[{"width":1200,"height":829,"url":"https:\/\/www.gaveanews.com\/wp-content\/uploads\/Elenco-do-Flamengo-em-acao.webp","type":"image\/jpeg"}],"author":"Matheus Felipe","twitter_card":"summary_large_image","twitter_misc":{"Escrito por":"Matheus Felipe","Est. tempo de leitura":"5 minutos"},"schema":{"@context":"https:\/\/schema.org","@graph":[{"@type":"NewsArticle","@id":"https:\/\/www.gaveanews.com\/index.php\/2025\/02\/11\/concorrencia-com-sao-paulo-declaracao-de-rodrigo-caio-e-recado-de-mauro-cesar-as-ultimas-noticias-do-flamengo\/#article","isPartOf":{"@id":"https:\/\/www.gaveanews.com\/index.php\/2025\/02\/11\/concorrencia-com-sao-paulo-declaracao-de-rodrigo-caio-e-recado-de-mauro-cesar-as-ultimas-noticias-do-flamengo\/"},"author":{"name":"Matheus Felipe","@id":"https:\/\/www.gaveanews.com\/#\/schema\/person\/8207cd4627f56151707418bfc835b2fb"},"headline":"Concorr\u00eancia com S\u00e3o Paulo, declara\u00e7\u00e3o de Rodrigo Caio e recado de Mauro C\u00e9sar: as \u00faltimas not\u00edcias do Flamengo","datePublished":"2025-02-11T07:00:00+00:00","mainEntityOfPage":{"@id":"https:\/\/www.gaveanews.com\/index.php\/2025\/02\/11\/concorrencia-com-sao-paulo-declaracao-de-rodrigo-caio-e-recado-de-mauro-cesar-as-ultimas-noticias-do-flamengo\/"},"wordCount":734,"commentCount":0,"image":{"@id":"https:\/\/www.gaveanews.com\/index.php\/2025\/02\/11\/concorrencia-com-sao-paulo-declaracao-de-rodrigo-caio-e-recado-de-mauro-cesar-as-ultimas-noticias-do-flamengo\/#primaryimage"},"thumbnailUrl":"https:\/\/www.gaveanews.com\/wp-content\/uploads\/Elenco-do-Flamengo-em-acao.webp","articleSection":["Flamengo"],"inLanguage":"pt-BR","potentialAction":[{"@type":"CommentAction","name":"Comment","target":["https:\/\/www.gaveanews.com\/index.php\/2025\/02\/11\/concorrencia-com-sao-paulo-declaracao-de-rodrigo-caio-e-recado-de-mauro-cesar-as-ultimas-noticias-do-flamengo\/#respond"]}],"copyrightYear":"2025","copyrightHolder":{"@id":"https:\/\/www.gaveanews.com\/#organization"}},{"@type":"WebPage","@id":"https:\/\/www.gaveanews.com\/index.php\/2025\/02\/11\/concorrencia-com-sao-paulo-declaracao-de-rodrigo-caio-e-recado-de-mauro-cesar-as-ultimas-noticias-do-flamengo\/","url":"https:\/\/www.gaveanews.com\/index.php\/2025\/02\/11\/concorrencia-com-sao-paulo-declaracao-de-rodrigo-caio-e-recado-de-mauro-cesar-as-ultimas-noticias-do-flamengo\/","name":"Concorr\u00eancia com S\u00e3o Paulo, declara\u00e7\u00e3o de Rodrigo Caio e recado de Mauro C\u00e9sar: as \u00faltimas not\u00edcias do Flamengo","isPartOf":{"@id":"https:\/\/www.gaveanews.com\/#website"},"primaryImageOfPage":{"@id":"https:\/\/www.gaveanews.com\/index.php\/2025\/02\/11\/concorrencia-com-sao-paulo-declaracao-de-rodrigo-caio-e-recado-de-mauro-cesar-as-ultimas-noticias-do-flamengo\/#primaryimage"},"image":{"@id":"https:\/\/www.gaveanews.com\/index.php\/2025\/02\/11\/concorrencia-com-sao-paulo-declaracao-de-rodrigo-caio-e-recado-de-mauro-cesar-as-ultimas-noticias-do-flamengo\/#primaryimage"},"thumbnailUrl":"https:\/\/www.gaveanews.com\/wp-content\/uploads\/Elenco-do-Flamengo-em-acao.webp","datePublished":"2025-02-11T07:00:00+00:00","author":{"@id":"https:\/\/www.gaveanews.com\/#\/schema\/person\/8207cd4627f56151707418bfc835b2fb"},"breadcrumb":{"@id":"https:\/\/www.gaveanews.com\/index.php\/2025\/02\/11\/concorrencia-com-sao-paulo-declaracao-de-rodrigo-caio-e-recado-de-mauro-cesar-as-ultimas-noticias-do-flamengo\/#breadcrumb"},"inLanguage":"pt-BR","potentialAction":[{"@type":"ReadAction","target":["https:\/\/www.gaveanews.com\/index.php\/2025\/02\/11\/concorrencia-com-sao-paulo-declaracao-de-rodrigo-caio-e-recado-de-mauro-cesar-as-ultimas-noticias-do-flamengo\/"]}]},{"@type":"ImageObject","inLanguage":"pt-BR","@id":"https:\/\/www.gaveanews.com\/index.php\/2025\/02\/11\/concorrencia-com-sao-paulo-declaracao-de-rodrigo-caio-e-recado-de-mauro-cesar-as-ultimas-noticias-do-flamengo\/#primaryimage","url":"https:\/\/www.gaveanews.com\/wp-content\/uploads\/Elenco-do-Flamengo-em-acao.webp","contentUrl":"https:\/\/www.gaveanews.com\/wp-content\/uploads\/Elenco-do-Flamengo-em-acao.webp","width":1200,"height":829,"caption":"Elenco do Flamengo em a\u00e7\u00e3o (Foto: Divulga\u00e7\u00e3o\/Flamengo)"},{"@type":"BreadcrumbList","@id":"https:\/\/www.gaveanews.com\/index.php\/2025\/02\/11\/concorrencia-com-sao-paulo-declaracao-de-rodrigo-caio-e-recado-de-mauro-cesar-as-ultimas-noticias-do-flamengo\/#breadcrumb","itemListElement":[{"@type":"ListItem","position":1,"name":"Home","item":"https:\/\/www.gaveanews.com\/"},{"@type":"ListItem","position":2,"name":"Concorr\u00eancia com S\u00e3o Paulo, declara\u00e7\u00e3o de Rodrigo Caio e recado de Mauro C\u00e9sar: as \u00faltimas not\u00edcias do Flamengo"}]},{"@type":"WebSite","@id":"https:\/\/www.gaveanews.com\/#website","url":"https:\/\/www.gaveanews.com\/","name":"G\u00e1vea News","description":"Veja todas as not\u00edcias sobre o Flamengo: Contrata\u00e7\u00f5es, categorias de base, resultados das partidas, tabela de classifica\u00e7\u00e3o, pr\u00f3ximos jogos!","potentialAction":[{"@type":"SearchAction","target":{"@type":"EntryPoint","urlTemplate":"https:\/\/www.gaveanews.com\/?s={search_term_string}"},"query-input":{"@type":"PropertyValueSpecification","valueRequired":true,"valueName":"search_term_string"}}],"inLanguage":"pt-BR"},{"@type":"Person","@id":"https:\/\/www.gaveanews.com\/#\/schema\/person\/8207cd4627f56151707418bfc835b2fb","name":"Matheus Felipe","image":{"@type":"ImageObject","inLanguage":"pt-BR","@id":"https:\/\/www.gaveanews.com\/#\/schema\/person\/image\/","url":"https:\/\/secure.gravatar.com\/avatar\/a452ffbed9130f726358b298bb3a99ce4bd3c5338411f8440e87e14d74c7c087?s=96&d=mm&r=g","contentUrl":"https:\/\/secure.gravatar.com\/avatar\/a452ffbed9130f726358b298bb3a99ce4bd3c5338411f8440e87e14d74c7c087?s=96&d=mm&r=g","caption":"Matheus Felipe"}}]}},"_links":{"self":[{"href":"https:\/\/www.gaveanews.com\/index.php\/wp-json\/wp\/v2\/posts\/225993","targetHints":{"allow":["GET"]}}],"collection":[{"href":"https:\/\/www.gaveanews.com\/index.php\/wp-json\/wp\/v2\/posts"}],"about":[{"href":"https:\/\/www.gaveanews.com\/index.php\/wp-json\/wp\/v2\/types\/post"}],"author":[{"embeddable":true,"href":"https:\/\/www.gaveanews.com\/index.php\/wp-json\/wp\/v2\/users\/27"}],"replies":[{"embeddable":true,"href":"https:\/\/www.gaveanews.com\/index.php\/wp-json\/wp\/v2\/comments?post=225993"}],"version-history":[{"count":1,"href":"https:\/\/www.gaveanews.com\/index.php\/wp-json\/wp\/v2\/posts\/225993\/revisions"}],"predecessor-version":[{"id":225997,"href":"https:\/\/www.gaveanews.com\/index.php\/wp-json\/wp\/v2\/posts\/225993\/revisions\/225997"}],"wp:featuredmedia":[{"embeddable":true,"href":"https:\/\/www.gaveanews.com\/index.php\/wp-json\/wp\/v2\/media\/169215"}],"wp:attachment":[{"href":"https:\/\/www.gaveanews.com\/index.php\/wp-json\/wp\/v2\/media?parent=225993"}],"wp:term":[{"taxonomy":"category","embeddable":true,"href":"https:\/\/www.gaveanews.com\/index.php\/wp-json\/wp\/v2\/categories?post=225993"},{"taxonomy":"post_tag","embeddable":true,"href":"https:\/\/www.gaveanews.com\/index.php\/wp-json\/wp\/v2\/tags?post=225993"}],"curies":[{"name":"wp","href":"https:\/\/api.w.org\/{rel}","templated":true}]}}