{"id":22602,"date":"2019-07-05T12:43:54","date_gmt":"2019-07-05T15:43:54","guid":{"rendered":"https:\/\/www.gaveanews.com\/?p=22602"},"modified":"2019-07-05T12:43:55","modified_gmt":"2019-07-05T15:43:55","slug":"empresario-revela-a-possibilidade-do-flamengo-fechar-com-seu-segundo-reforco-a-chance-e-de-80","status":"publish","type":"post","link":"https:\/\/www.gaveanews.com\/index.php\/2019\/07\/05\/empresario-revela-a-possibilidade-do-flamengo-fechar-com-seu-segundo-reforco-a-chance-e-de-80\/","title":{"rendered":"Empres\u00e1rio revela a possibilidade do Flamengo fechar com seu segundo refor\u00e7o: \u201cA chance \u00e9 de 80%\u201d"},"content":{"rendered":"\n<p>O t\u00e9cnico Jorge Jesus iniciou seu trabalho \u00e0 frente do elenco do Flamengo no dia 20 de junho. Desde ent\u00e3o, ele tem trabalhado n\u00e3o s\u00f3 para implantar suas ideias, mas tamb\u00e9m para identificar as car\u00eancias do plantel. Em meio a isso, ele solicitou a contrata\u00e7\u00e3o de um atleta para a posi\u00e7\u00e3o de segundo volante, e Gerson, da Roma, \u00e9 um que fica cada vez mais pr\u00f3ximo de ser o refor\u00e7o para exercer a fun\u00e7\u00e3o projetada pelo treinador, como a pr\u00f3pria fam\u00edlia do atleta admite.<\/p>\n\n\n\n<p>Marco Ant\u00f4nio, pai e representante do jogador, concedeu entrevista \u00e0 R\u00e1dio Brasil na manh\u00e3 desta sexta-feira (05), na qual n\u00e3o escondeu o desejo de ter seu filho atuando pelo Flamengo. Al\u00e9m disso, ele revelou uma grande probabilidade de que isso aconte\u00e7a.<\/p>\n\n\n\n<p>\u2013 Tivemos uma reuni\u00e3o e um bate papo bem bacana com o Flamengo. Todo jogador do mundo tem vontade de jogar no Flamengo. Hoje, nosso intuito \u00e9 retornar a Sele\u00e7\u00e3o Brasileira, e o Flamengo seria uma grande vitrine [\u2026] Hoje est\u00e1 em 80% de chance do G\u00e9rson jogar no Flamengo. Os diretores (da Roma) acham que n\u00e3o seria uma boa o G\u00e9rson voltar pro Brasil, mas eu n\u00e3o acho isso. Voltar pro futebol brasileiro, e para o Flamengo, a Sele\u00e7\u00e3o estar\u00e1 ali do lado -, disse Marco Ant\u00f4nio.<\/p>\n\n\n\n<p>Aos 22 anos, Gerson atuou pela Fiorentina na \u00faltima temporada, mas seu passe pertence \u00e0 Roma. O clube, por\u00e9m, n\u00e3o pretende manter o jogador no elenco, apesar de ter v\u00ednculo assinado at\u00e9 junho de 2021. Al\u00e9m do Flamengo, equipes da Europa t\u00eam demonstrado interesse na contrata\u00e7\u00e3o do brasileiro, fator que tem feito as tratativas se tornarem ainda mais longas.<\/p>\n\n\n\n<h3 class=\"wp-block-heading\"><strong>Poss\u00edvel segundo refor\u00e7o:<\/strong><\/h3>\n\n\n\n<p>Caso a negocia\u00e7\u00e3o de Gerson, realmente, seja finalizada com sucesso, o meio-campista ser\u00e1 o segundo refor\u00e7o para o segundo semestre de 2019. Antes de Gerson, o time Mais Querido do Brasil, j\u00e1 havia acertado a chegada de Rafinha. O lateral, inclusive, j\u00e1 treinou no time titular do Meng\u00e3o.<\/p>\n\n\n\n<p style=\"font-size:11px;text-align:right\" class=\"seguirInstagram\">(<a href=\"http:\/\/bit.ly\/Instagram-Gavea-News\">siga nosso perfil no Instagram: @GaveaNews<\/a>)<\/p>\n\n\n\n<figure class=\"wp-block-embed-instagram wp-block-embed is-type-rich is-provider-instagram\"><div class=\"wp-block-embed__wrapper\">\nhttps:\/\/www.instagram.com\/p\/BzbesYCBvsy\/\n<\/div><\/figure>\n\n\n\n\n\n<p>Adaptado de: Coluna do Fla<\/p>\n","protected":false},"excerpt":{"rendered":"<p>O t\u00e9cnico Jorge Jesus iniciou seu trabalho \u00e0 frente do elenco do Flamengo no dia 20 de junho. Desde ent\u00e3o, ele tem trabalhado n\u00e3o s\u00f3 para implantar suas ideias, mas tamb\u00e9m para identificar as car\u00eancias do plantel. Em meio a isso, ele solicitou a contrata\u00e7\u00e3o de um atleta para a posi\u00e7\u00e3o de segundo volante, e [&hellip;]<\/p>\n","protected":false},"author":1,"featured_media":22054,"comment_status":"open","ping_status":"open","sticky":false,"template":"","format":"standard","meta":{"footnotes":""},"categories":[1],"tags":[],"class_list":["post-22602","post","type-post","status-publish","format-standard","has-post-thumbnail","hentry","category-flamengo"],"yoast_head":"<!-- This site is optimized with the Yoast SEO Premium plugin v24.2 (Yoast SEO v26.9) - https:\/\/yoast.com\/product\/yoast-seo-premium-wordpress\/ -->\n<title>Empres\u00e1rio revela a possibilidade do Flamengo fechar com seu segundo refor\u00e7o: \u201cA chance \u00e9 de 80%\u201d<\/title>\n<meta name=\"robots\" content=\"index, follow, max-snippet:-1, max-image-preview:large, max-video-preview:-1\" \/>\n<link rel=\"canonical\" href=\"https:\/\/www.gaveanews.com\/index.php\/2019\/07\/05\/empresario-revela-a-possibilidade-do-flamengo-fechar-com-seu-segundo-reforco-a-chance-e-de-80\/\" \/>\n<meta property=\"og:locale\" content=\"pt_BR\" \/>\n<meta property=\"og:type\" content=\"article\" \/>\n<meta property=\"og:title\" content=\"Empres\u00e1rio revela a possibilidade do Flamengo fechar com seu segundo refor\u00e7o: \u201cA chance \u00e9 de 80%\u201d\" \/>\n<meta property=\"og:description\" content=\"O t\u00e9cnico Jorge Jesus iniciou seu trabalho \u00e0 frente do elenco do Flamengo no dia 20 de junho. Desde ent\u00e3o, ele tem trabalhado n\u00e3o s\u00f3 para implantar suas ideias, mas tamb\u00e9m para identificar as car\u00eancias do plantel. Em meio a isso, ele solicitou a contrata\u00e7\u00e3o de um atleta para a posi\u00e7\u00e3o de segundo volante, e [&hellip;]\" \/>\n<meta property=\"og:url\" content=\"https:\/\/www.gaveanews.com\/index.php\/2019\/07\/05\/empresario-revela-a-possibilidade-do-flamengo-fechar-com-seu-segundo-reforco-a-chance-e-de-80\/\" \/>\n<meta property=\"og:site_name\" content=\"G\u00e1vea News\" \/>\n<meta property=\"article:publisher\" content=\"https:\/\/facebook.com\/gaveaNews\/\" \/>\n<meta property=\"article:published_time\" content=\"2019-07-05T15:43:54+00:00\" \/>\n<meta property=\"article:modified_time\" content=\"2019-07-05T15:43:55+00:00\" \/>\n<meta property=\"og:image\" content=\"https:\/\/www.gaveanews.com\/wp-content\/uploads\/2019\/06\/Gerson-em-acao-pela-Fiorentina.webp\" \/>\n\t<meta property=\"og:image:width\" content=\"1\" \/>\n\t<meta property=\"og:image:height\" content=\"1\" \/>\n\t<meta property=\"og:image:type\" content=\"image\/jpeg\" \/>\n<meta name=\"author\" content=\"Equipe G\u00e1vea News\" \/>\n<meta name=\"twitter:card\" content=\"summary_large_image\" \/>\n<meta name=\"twitter:label1\" content=\"Escrito por\" \/>\n\t<meta name=\"twitter:data1\" content=\"Equipe G\u00e1vea News\" \/>\n\t<meta name=\"twitter:label2\" content=\"Est. tempo de leitura\" \/>\n\t<meta name=\"twitter:data2\" content=\"2 minutos\" \/>\n<script type=\"application\/ld+json\" class=\"yoast-schema-graph\">{\"@context\":\"https:\/\/schema.org\",\"@graph\":[{\"@type\":\"NewsArticle\",\"@id\":\"https:\/\/www.gaveanews.com\/index.php\/2019\/07\/05\/empresario-revela-a-possibilidade-do-flamengo-fechar-com-seu-segundo-reforco-a-chance-e-de-80\/#article\",\"isPartOf\":{\"@id\":\"https:\/\/www.gaveanews.com\/index.php\/2019\/07\/05\/empresario-revela-a-possibilidade-do-flamengo-fechar-com-seu-segundo-reforco-a-chance-e-de-80\/\"},\"author\":{\"name\":\"Equipe G\u00e1vea News\",\"@id\":\"https:\/\/www.gaveanews.com\/#\/schema\/person\/2ec14f73fb96be2caf28f91afb14749d\"},\"headline\":\"Empres\u00e1rio revela a possibilidade do Flamengo fechar com seu segundo refor\u00e7o: \u201cA chance \u00e9 de 80%\u201d\",\"datePublished\":\"2019-07-05T15:43:54+00:00\",\"dateModified\":\"2019-07-05T15:43:55+00:00\",\"mainEntityOfPage\":{\"@id\":\"https:\/\/www.gaveanews.com\/index.php\/2019\/07\/05\/empresario-revela-a-possibilidade-do-flamengo-fechar-com-seu-segundo-reforco-a-chance-e-de-80\/\"},\"wordCount\":373,\"commentCount\":0,\"image\":{\"@id\":\"https:\/\/www.gaveanews.com\/index.php\/2019\/07\/05\/empresario-revela-a-possibilidade-do-flamengo-fechar-com-seu-segundo-reforco-a-chance-e-de-80\/#primaryimage\"},\"thumbnailUrl\":\"https:\/\/www.gaveanews.com\/wp-content\/uploads\/2019\/06\/Gerson-em-acao-pela-Fiorentina.webp\",\"articleSection\":[\"Flamengo\"],\"inLanguage\":\"pt-BR\",\"potentialAction\":[{\"@type\":\"CommentAction\",\"name\":\"Comment\",\"target\":[\"https:\/\/www.gaveanews.com\/index.php\/2019\/07\/05\/empresario-revela-a-possibilidade-do-flamengo-fechar-com-seu-segundo-reforco-a-chance-e-de-80\/#respond\"]}],\"copyrightYear\":\"2019\",\"copyrightHolder\":{\"@id\":\"https:\/\/www.gaveanews.com\/#organization\"}},{\"@type\":\"WebPage\",\"@id\":\"https:\/\/www.gaveanews.com\/index.php\/2019\/07\/05\/empresario-revela-a-possibilidade-do-flamengo-fechar-com-seu-segundo-reforco-a-chance-e-de-80\/\",\"url\":\"https:\/\/www.gaveanews.com\/index.php\/2019\/07\/05\/empresario-revela-a-possibilidade-do-flamengo-fechar-com-seu-segundo-reforco-a-chance-e-de-80\/\",\"name\":\"Empres\u00e1rio revela a possibilidade do Flamengo fechar com seu segundo refor\u00e7o: \u201cA chance \u00e9 de 80%\u201d\",\"isPartOf\":{\"@id\":\"https:\/\/www.gaveanews.com\/#website\"},\"primaryImageOfPage\":{\"@id\":\"https:\/\/www.gaveanews.com\/index.php\/2019\/07\/05\/empresario-revela-a-possibilidade-do-flamengo-fechar-com-seu-segundo-reforco-a-chance-e-de-80\/#primaryimage\"},\"image\":{\"@id\":\"https:\/\/www.gaveanews.com\/index.php\/2019\/07\/05\/empresario-revela-a-possibilidade-do-flamengo-fechar-com-seu-segundo-reforco-a-chance-e-de-80\/#primaryimage\"},\"thumbnailUrl\":\"https:\/\/www.gaveanews.com\/wp-content\/uploads\/2019\/06\/Gerson-em-acao-pela-Fiorentina.webp\",\"datePublished\":\"2019-07-05T15:43:54+00:00\",\"dateModified\":\"2019-07-05T15:43:55+00:00\",\"author\":{\"@id\":\"https:\/\/www.gaveanews.com\/#\/schema\/person\/2ec14f73fb96be2caf28f91afb14749d\"},\"breadcrumb\":{\"@id\":\"https:\/\/www.gaveanews.com\/index.php\/2019\/07\/05\/empresario-revela-a-possibilidade-do-flamengo-fechar-com-seu-segundo-reforco-a-chance-e-de-80\/#breadcrumb\"},\"inLanguage\":\"pt-BR\",\"potentialAction\":[{\"@type\":\"ReadAction\",\"target\":[\"https:\/\/www.gaveanews.com\/index.php\/2019\/07\/05\/empresario-revela-a-possibilidade-do-flamengo-fechar-com-seu-segundo-reforco-a-chance-e-de-80\/\"]}]},{\"@type\":\"ImageObject\",\"inLanguage\":\"pt-BR\",\"@id\":\"https:\/\/www.gaveanews.com\/index.php\/2019\/07\/05\/empresario-revela-a-possibilidade-do-flamengo-fechar-com-seu-segundo-reforco-a-chance-e-de-80\/#primaryimage\",\"url\":\"https:\/\/www.gaveanews.com\/wp-content\/uploads\/2019\/06\/Gerson-em-acao-pela-Fiorentina.webp\",\"contentUrl\":\"https:\/\/www.gaveanews.com\/wp-content\/uploads\/2019\/06\/Gerson-em-acao-pela-Fiorentina.webp\",\"caption\":\"Gerson em a\u00e7\u00e3o pela Fiorentina (Foto: Gabriele Maltinti\/Getty Images)\"},{\"@type\":\"BreadcrumbList\",\"@id\":\"https:\/\/www.gaveanews.com\/index.php\/2019\/07\/05\/empresario-revela-a-possibilidade-do-flamengo-fechar-com-seu-segundo-reforco-a-chance-e-de-80\/#breadcrumb\",\"itemListElement\":[{\"@type\":\"ListItem\",\"position\":1,\"name\":\"Home\",\"item\":\"https:\/\/www.gaveanews.com\/\"},{\"@type\":\"ListItem\",\"position\":2,\"name\":\"Empres\u00e1rio revela a possibilidade do Flamengo fechar com seu segundo refor\u00e7o: \u201cA chance \u00e9 de 80%\u201d\"}]},{\"@type\":\"WebSite\",\"@id\":\"https:\/\/www.gaveanews.com\/#website\",\"url\":\"https:\/\/www.gaveanews.com\/\",\"name\":\"G\u00e1vea News\",\"description\":\"Veja todas as not\u00edcias sobre o Flamengo: Contrata\u00e7\u00f5es, categorias de base, resultados das partidas, tabela de classifica\u00e7\u00e3o, pr\u00f3ximos jogos!\",\"potentialAction\":[{\"@type\":\"SearchAction\",\"target\":{\"@type\":\"EntryPoint\",\"urlTemplate\":\"https:\/\/www.gaveanews.com\/?s={search_term_string}\"},\"query-input\":{\"@type\":\"PropertyValueSpecification\",\"valueRequired\":true,\"valueName\":\"search_term_string\"}}],\"inLanguage\":\"pt-BR\"},{\"@type\":\"Person\",\"@id\":\"https:\/\/www.gaveanews.com\/#\/schema\/person\/2ec14f73fb96be2caf28f91afb14749d\",\"name\":\"Equipe G\u00e1vea News\",\"image\":{\"@type\":\"ImageObject\",\"inLanguage\":\"pt-BR\",\"@id\":\"https:\/\/www.gaveanews.com\/#\/schema\/person\/image\/\",\"url\":\"https:\/\/secure.gravatar.com\/avatar\/1e1956f1facbffd3f8fa53a326721950116b3b9dc9bd44939c01180fd4a745a9?s=96&d=mm&r=g\",\"contentUrl\":\"https:\/\/secure.gravatar.com\/avatar\/1e1956f1facbffd3f8fa53a326721950116b3b9dc9bd44939c01180fd4a745a9?s=96&d=mm&r=g\",\"caption\":\"Equipe G\u00e1vea News\"}}]}<\/script>\n<!-- \/ Yoast SEO Premium plugin. -->","yoast_head_json":{"title":"Empres\u00e1rio revela a possibilidade do Flamengo fechar com seu segundo refor\u00e7o: \u201cA chance \u00e9 de 80%\u201d","robots":{"index":"index","follow":"follow","max-snippet":"max-snippet:-1","max-image-preview":"max-image-preview:large","max-video-preview":"max-video-preview:-1"},"canonical":"https:\/\/www.gaveanews.com\/index.php\/2019\/07\/05\/empresario-revela-a-possibilidade-do-flamengo-fechar-com-seu-segundo-reforco-a-chance-e-de-80\/","og_locale":"pt_BR","og_type":"article","og_title":"Empres\u00e1rio revela a possibilidade do Flamengo fechar com seu segundo refor\u00e7o: \u201cA chance \u00e9 de 80%\u201d","og_description":"O t\u00e9cnico Jorge Jesus iniciou seu trabalho \u00e0 frente do elenco do Flamengo no dia 20 de junho. Desde ent\u00e3o, ele tem trabalhado n\u00e3o s\u00f3 para implantar suas ideias, mas tamb\u00e9m para identificar as car\u00eancias do plantel. Em meio a isso, ele solicitou a contrata\u00e7\u00e3o de um atleta para a posi\u00e7\u00e3o de segundo volante, e [&hellip;]","og_url":"https:\/\/www.gaveanews.com\/index.php\/2019\/07\/05\/empresario-revela-a-possibilidade-do-flamengo-fechar-com-seu-segundo-reforco-a-chance-e-de-80\/","og_site_name":"G\u00e1vea News","article_publisher":"https:\/\/facebook.com\/gaveaNews\/","article_published_time":"2019-07-05T15:43:54+00:00","article_modified_time":"2019-07-05T15:43:55+00:00","og_image":[{"url":"https:\/\/www.gaveanews.com\/wp-content\/uploads\/2019\/06\/Gerson-em-acao-pela-Fiorentina.webp","width":1,"height":1,"type":"image\/jpeg"}],"author":"Equipe G\u00e1vea News","twitter_card":"summary_large_image","twitter_misc":{"Escrito por":"Equipe G\u00e1vea News","Est. tempo de leitura":"2 minutos"},"schema":{"@context":"https:\/\/schema.org","@graph":[{"@type":"NewsArticle","@id":"https:\/\/www.gaveanews.com\/index.php\/2019\/07\/05\/empresario-revela-a-possibilidade-do-flamengo-fechar-com-seu-segundo-reforco-a-chance-e-de-80\/#article","isPartOf":{"@id":"https:\/\/www.gaveanews.com\/index.php\/2019\/07\/05\/empresario-revela-a-possibilidade-do-flamengo-fechar-com-seu-segundo-reforco-a-chance-e-de-80\/"},"author":{"name":"Equipe G\u00e1vea News","@id":"https:\/\/www.gaveanews.com\/#\/schema\/person\/2ec14f73fb96be2caf28f91afb14749d"},"headline":"Empres\u00e1rio revela a possibilidade do Flamengo fechar com seu segundo refor\u00e7o: \u201cA chance \u00e9 de 80%\u201d","datePublished":"2019-07-05T15:43:54+00:00","dateModified":"2019-07-05T15:43:55+00:00","mainEntityOfPage":{"@id":"https:\/\/www.gaveanews.com\/index.php\/2019\/07\/05\/empresario-revela-a-possibilidade-do-flamengo-fechar-com-seu-segundo-reforco-a-chance-e-de-80\/"},"wordCount":373,"commentCount":0,"image":{"@id":"https:\/\/www.gaveanews.com\/index.php\/2019\/07\/05\/empresario-revela-a-possibilidade-do-flamengo-fechar-com-seu-segundo-reforco-a-chance-e-de-80\/#primaryimage"},"thumbnailUrl":"https:\/\/www.gaveanews.com\/wp-content\/uploads\/2019\/06\/Gerson-em-acao-pela-Fiorentina.webp","articleSection":["Flamengo"],"inLanguage":"pt-BR","potentialAction":[{"@type":"CommentAction","name":"Comment","target":["https:\/\/www.gaveanews.com\/index.php\/2019\/07\/05\/empresario-revela-a-possibilidade-do-flamengo-fechar-com-seu-segundo-reforco-a-chance-e-de-80\/#respond"]}],"copyrightYear":"2019","copyrightHolder":{"@id":"https:\/\/www.gaveanews.com\/#organization"}},{"@type":"WebPage","@id":"https:\/\/www.gaveanews.com\/index.php\/2019\/07\/05\/empresario-revela-a-possibilidade-do-flamengo-fechar-com-seu-segundo-reforco-a-chance-e-de-80\/","url":"https:\/\/www.gaveanews.com\/index.php\/2019\/07\/05\/empresario-revela-a-possibilidade-do-flamengo-fechar-com-seu-segundo-reforco-a-chance-e-de-80\/","name":"Empres\u00e1rio revela a possibilidade do Flamengo fechar com seu segundo refor\u00e7o: \u201cA chance \u00e9 de 80%\u201d","isPartOf":{"@id":"https:\/\/www.gaveanews.com\/#website"},"primaryImageOfPage":{"@id":"https:\/\/www.gaveanews.com\/index.php\/2019\/07\/05\/empresario-revela-a-possibilidade-do-flamengo-fechar-com-seu-segundo-reforco-a-chance-e-de-80\/#primaryimage"},"image":{"@id":"https:\/\/www.gaveanews.com\/index.php\/2019\/07\/05\/empresario-revela-a-possibilidade-do-flamengo-fechar-com-seu-segundo-reforco-a-chance-e-de-80\/#primaryimage"},"thumbnailUrl":"https:\/\/www.gaveanews.com\/wp-content\/uploads\/2019\/06\/Gerson-em-acao-pela-Fiorentina.webp","datePublished":"2019-07-05T15:43:54+00:00","dateModified":"2019-07-05T15:43:55+00:00","author":{"@id":"https:\/\/www.gaveanews.com\/#\/schema\/person\/2ec14f73fb96be2caf28f91afb14749d"},"breadcrumb":{"@id":"https:\/\/www.gaveanews.com\/index.php\/2019\/07\/05\/empresario-revela-a-possibilidade-do-flamengo-fechar-com-seu-segundo-reforco-a-chance-e-de-80\/#breadcrumb"},"inLanguage":"pt-BR","potentialAction":[{"@type":"ReadAction","target":["https:\/\/www.gaveanews.com\/index.php\/2019\/07\/05\/empresario-revela-a-possibilidade-do-flamengo-fechar-com-seu-segundo-reforco-a-chance-e-de-80\/"]}]},{"@type":"ImageObject","inLanguage":"pt-BR","@id":"https:\/\/www.gaveanews.com\/index.php\/2019\/07\/05\/empresario-revela-a-possibilidade-do-flamengo-fechar-com-seu-segundo-reforco-a-chance-e-de-80\/#primaryimage","url":"https:\/\/www.gaveanews.com\/wp-content\/uploads\/2019\/06\/Gerson-em-acao-pela-Fiorentina.webp","contentUrl":"https:\/\/www.gaveanews.com\/wp-content\/uploads\/2019\/06\/Gerson-em-acao-pela-Fiorentina.webp","caption":"Gerson em a\u00e7\u00e3o pela Fiorentina (Foto: Gabriele Maltinti\/Getty Images)"},{"@type":"BreadcrumbList","@id":"https:\/\/www.gaveanews.com\/index.php\/2019\/07\/05\/empresario-revela-a-possibilidade-do-flamengo-fechar-com-seu-segundo-reforco-a-chance-e-de-80\/#breadcrumb","itemListElement":[{"@type":"ListItem","position":1,"name":"Home","item":"https:\/\/www.gaveanews.com\/"},{"@type":"ListItem","position":2,"name":"Empres\u00e1rio revela a possibilidade do Flamengo fechar com seu segundo refor\u00e7o: \u201cA chance \u00e9 de 80%\u201d"}]},{"@type":"WebSite","@id":"https:\/\/www.gaveanews.com\/#website","url":"https:\/\/www.gaveanews.com\/","name":"G\u00e1vea News","description":"Veja todas as not\u00edcias sobre o Flamengo: Contrata\u00e7\u00f5es, categorias de base, resultados das partidas, tabela de classifica\u00e7\u00e3o, pr\u00f3ximos jogos!","potentialAction":[{"@type":"SearchAction","target":{"@type":"EntryPoint","urlTemplate":"https:\/\/www.gaveanews.com\/?s={search_term_string}"},"query-input":{"@type":"PropertyValueSpecification","valueRequired":true,"valueName":"search_term_string"}}],"inLanguage":"pt-BR"},{"@type":"Person","@id":"https:\/\/www.gaveanews.com\/#\/schema\/person\/2ec14f73fb96be2caf28f91afb14749d","name":"Equipe G\u00e1vea News","image":{"@type":"ImageObject","inLanguage":"pt-BR","@id":"https:\/\/www.gaveanews.com\/#\/schema\/person\/image\/","url":"https:\/\/secure.gravatar.com\/avatar\/1e1956f1facbffd3f8fa53a326721950116b3b9dc9bd44939c01180fd4a745a9?s=96&d=mm&r=g","contentUrl":"https:\/\/secure.gravatar.com\/avatar\/1e1956f1facbffd3f8fa53a326721950116b3b9dc9bd44939c01180fd4a745a9?s=96&d=mm&r=g","caption":"Equipe G\u00e1vea News"}}]}},"_links":{"self":[{"href":"https:\/\/www.gaveanews.com\/index.php\/wp-json\/wp\/v2\/posts\/22602","targetHints":{"allow":["GET"]}}],"collection":[{"href":"https:\/\/www.gaveanews.com\/index.php\/wp-json\/wp\/v2\/posts"}],"about":[{"href":"https:\/\/www.gaveanews.com\/index.php\/wp-json\/wp\/v2\/types\/post"}],"author":[{"embeddable":true,"href":"https:\/\/www.gaveanews.com\/index.php\/wp-json\/wp\/v2\/users\/1"}],"replies":[{"embeddable":true,"href":"https:\/\/www.gaveanews.com\/index.php\/wp-json\/wp\/v2\/comments?post=22602"}],"version-history":[{"count":0,"href":"https:\/\/www.gaveanews.com\/index.php\/wp-json\/wp\/v2\/posts\/22602\/revisions"}],"wp:featuredmedia":[{"embeddable":true,"href":"https:\/\/www.gaveanews.com\/index.php\/wp-json\/wp\/v2\/media\/22054"}],"wp:attachment":[{"href":"https:\/\/www.gaveanews.com\/index.php\/wp-json\/wp\/v2\/media?parent=22602"}],"wp:term":[{"taxonomy":"category","embeddable":true,"href":"https:\/\/www.gaveanews.com\/index.php\/wp-json\/wp\/v2\/categories?post=22602"},{"taxonomy":"post_tag","embeddable":true,"href":"https:\/\/www.gaveanews.com\/index.php\/wp-json\/wp\/v2\/tags?post=22602"}],"curies":[{"name":"wp","href":"https:\/\/api.w.org\/{rel}","templated":true}]}}