{"id":226252,"date":"2025-02-11T18:45:00","date_gmt":"2025-02-11T21:45:00","guid":{"rendered":"https:\/\/www.gaveanews.com\/?p=226252"},"modified":"2025-02-11T17:41:55","modified_gmt":"2025-02-11T20:41:55","slug":"veja-quanto-o-palmeiras-pede-para-vender-rony-alvo-de-vasco-e-atletico-mg","status":"publish","type":"post","link":"https:\/\/www.gaveanews.com\/index.php\/2025\/02\/11\/veja-quanto-o-palmeiras-pede-para-vender-rony-alvo-de-vasco-e-atletico-mg\/","title":{"rendered":"Veja quanto o Palmeiras pede para vender Rony, alvo de Vasco e Atl\u00e9tico-MG"},"content":{"rendered":"\n<p>O Palmeiras vive um in\u00edcio de temporada turbulento, e os reflexos j\u00e1 s\u00e3o sentidos no elenco. Com resultados abaixo do esperado e a confirma\u00e7\u00e3o de que Abel Ferreira deixar\u00e1 o clube ao final de 2025, a diretoria j\u00e1 come\u00e7a a reformular o time.&nbsp;<\/p>\n\n\n\n<p>Al\u00e9m disso, Leila Pereira e Anderson Barros seguem atentos ao mercado, tanto para refor\u00e7ar o grupo quanto para negociar jogadores que n\u00e3o fazem mais parte dos planos.<\/p>\n\n\n\n<p>Dessa maneira, Rony surge como um dos principais nomes cotados para deixar o Verd\u00e3o. O atacante desperta interesse de Vasco e Atl\u00e9tico-MG, e o clube paulista j\u00e1 definiu o valor para vend\u00ea-lo.<\/p>\n\n\n\n<h2 class=\"wp-block-heading\" id=\"h-palmeiras-define-preco-e-nao-fara-concessoes\">Palmeiras define pre\u00e7o e n\u00e3o far\u00e1 concess\u00f5es<\/h2>\n\n\n\n<p>Nesta ter\u00e7a-feira (11), o portal GOAL confirmou que o Vasco abriu conversas para tentar contratar Rony, entrando na disputa com o Atl\u00e9tico-MG. O Palmeiras, por sua vez, j\u00e1 avisou que aceita negociar o camisa 10, mas n\u00e3o pretende abrir m\u00e3o de, no m\u00ednimo, \u20ac 6 milh\u00f5es (cerca de R$ 35,86 milh\u00f5es), valor que havia sido acordado na negocia\u00e7\u00e3o frustrada com o Al Rayyan, do Qatar.<\/p>\n\n\n\n<p>Vale destacar que a diretoria alviverde n\u00e3o tem prefer\u00eancia por destino, priorizando a proposta mais vantajosa financeiramente. Isso porque o atacante est\u00e1 sem clima no clube, especialmente ap\u00f3s declara\u00e7\u00f5es recentes da presidente Leila Pereira.<\/p>\n\n\n\n<h2 class=\"wp-block-heading\" id=\"h-atletico-mg-e-vasco-travam-disputa-pelo-atacante\">Atl\u00e9tico-MG e Vasco travam disputa pelo atacante<\/h2>\n\n\n\n<p>O Atl\u00e9tico-MG parece estar um passo \u00e0 frente na briga por Rony. Isso porque o t\u00e9cnico Cuca j\u00e1 entrou em contato diretamente com o jogador para convenc\u00ea-lo a se juntar ao elenco, deixando claro que ele seria titular ao lado de Hulk em 2025.<\/p>\n\n\n\n<p>Por outro lado, o interesse do Vasco ainda est\u00e1 em fase inicial. Sendo assim, at\u00e9 o momento n\u00e3o houve avan\u00e7os significativos, mas a inten\u00e7\u00e3o do Cruz-Maltino \u00e9 montar um ataque forte com Vegetti, Coutinho e Payet.<\/p>\n\n\n\n<h2 class=\"wp-block-heading\" id=\"h-futuro-indefinido-mas-com-saida-encaminhada\">Futuro indefinido, mas com sa\u00edda encaminhada<\/h2>\n\n\n\n<p>Com isso, tudo indica que Rony ter\u00e1 um novo destino em 2025. Cabe ressaltar que o Palmeiras n\u00e3o pretende dificultar sua sa\u00edda, desde que os valores estipulados sejam atendidos.&nbsp;<\/p>\n\n\n\n<p>Portanto, a tend\u00eancia \u00e9 que nas pr\u00f3ximas semanas o desfecho da negocia\u00e7\u00e3o seja definido.<\/p>\n","protected":false},"excerpt":{"rendered":"<p>O Palmeiras vive um in\u00edcio de temporada turbulento, e os reflexos j\u00e1 s\u00e3o sentidos no elenco. Com resultados abaixo do esperado e a confirma\u00e7\u00e3o de que Abel Ferreira deixar\u00e1 o clube ao final de 2025, a diretoria j\u00e1 come\u00e7a a reformular o time.&nbsp; Al\u00e9m disso, Leila Pereira e Anderson Barros seguem atentos ao mercado, tanto [&hellip;]<\/p>\n","protected":false},"author":25,"featured_media":143006,"comment_status":"open","ping_status":"closed","sticky":false,"template":"","format":"standard","meta":{"footnotes":""},"categories":[136,150,152],"tags":[],"class_list":["post-226252","post","type-post","status-publish","format-standard","has-post-thumbnail","hentry","category-atletico-mg","category-palmeiras","category-vasco"],"yoast_head":"<!-- This site is optimized with the Yoast SEO Premium plugin v24.2 (Yoast SEO v26.9) - https:\/\/yoast.com\/product\/yoast-seo-premium-wordpress\/ -->\n<title>Veja quanto o Palmeiras pede para vender Rony, alvo de Vasco e Atl\u00e9tico-MG<\/title>\n<meta name=\"robots\" content=\"index, follow, max-snippet:-1, max-image-preview:large, max-video-preview:-1\" \/>\n<link rel=\"canonical\" href=\"https:\/\/www.gaveanews.com\/index.php\/2025\/02\/11\/veja-quanto-o-palmeiras-pede-para-vender-rony-alvo-de-vasco-e-atletico-mg\/\" \/>\n<meta property=\"og:locale\" content=\"pt_BR\" \/>\n<meta property=\"og:type\" content=\"article\" \/>\n<meta property=\"og:title\" content=\"Veja quanto o Palmeiras pede para vender Rony, alvo de Vasco e Atl\u00e9tico-MG\" \/>\n<meta property=\"og:description\" content=\"O Palmeiras vive um in\u00edcio de temporada turbulento, e os reflexos j\u00e1 s\u00e3o sentidos no elenco. Com resultados abaixo do esperado e a confirma\u00e7\u00e3o de que Abel Ferreira deixar\u00e1 o clube ao final de 2025, a diretoria j\u00e1 come\u00e7a a reformular o time.&nbsp; Al\u00e9m disso, Leila Pereira e Anderson Barros seguem atentos ao mercado, tanto [&hellip;]\" \/>\n<meta property=\"og:url\" content=\"https:\/\/www.gaveanews.com\/index.php\/2025\/02\/11\/veja-quanto-o-palmeiras-pede-para-vender-rony-alvo-de-vasco-e-atletico-mg\/\" \/>\n<meta property=\"og:site_name\" content=\"G\u00e1vea News\" \/>\n<meta property=\"article:publisher\" content=\"https:\/\/facebook.com\/gaveaNews\/\" \/>\n<meta property=\"article:published_time\" content=\"2025-02-11T21:45:00+00:00\" \/>\n<meta property=\"og:image\" content=\"https:\/\/www.gaveanews.com\/wp-content\/uploads\/rony-no-palmeiras-729x400-1.webp\" \/>\n\t<meta property=\"og:image:width\" content=\"729\" \/>\n\t<meta property=\"og:image:height\" content=\"400\" \/>\n\t<meta property=\"og:image:type\" content=\"image\/jpeg\" \/>\n<meta name=\"author\" content=\"Rafaela Ladeira\" \/>\n<meta name=\"twitter:card\" content=\"summary_large_image\" \/>\n<meta name=\"twitter:label1\" content=\"Escrito por\" \/>\n\t<meta name=\"twitter:data1\" content=\"Rafaela Ladeira\" \/>\n\t<meta name=\"twitter:label2\" content=\"Est. tempo de leitura\" \/>\n\t<meta name=\"twitter:data2\" content=\"3 minutos\" \/>\n<script type=\"application\/ld+json\" class=\"yoast-schema-graph\">{\"@context\":\"https:\/\/schema.org\",\"@graph\":[{\"@type\":\"NewsArticle\",\"@id\":\"https:\/\/www.gaveanews.com\/index.php\/2025\/02\/11\/veja-quanto-o-palmeiras-pede-para-vender-rony-alvo-de-vasco-e-atletico-mg\/#article\",\"isPartOf\":{\"@id\":\"https:\/\/www.gaveanews.com\/index.php\/2025\/02\/11\/veja-quanto-o-palmeiras-pede-para-vender-rony-alvo-de-vasco-e-atletico-mg\/\"},\"author\":{\"name\":\"Rafaela Ladeira\",\"@id\":\"https:\/\/www.gaveanews.com\/#\/schema\/person\/0eb3e3fe1754f0205218538adbe8f5ed\"},\"headline\":\"Veja quanto o Palmeiras pede para vender Rony, alvo de Vasco e Atl\u00e9tico-MG\",\"datePublished\":\"2025-02-11T21:45:00+00:00\",\"mainEntityOfPage\":{\"@id\":\"https:\/\/www.gaveanews.com\/index.php\/2025\/02\/11\/veja-quanto-o-palmeiras-pede-para-vender-rony-alvo-de-vasco-e-atletico-mg\/\"},\"wordCount\":387,\"commentCount\":0,\"image\":{\"@id\":\"https:\/\/www.gaveanews.com\/index.php\/2025\/02\/11\/veja-quanto-o-palmeiras-pede-para-vender-rony-alvo-de-vasco-e-atletico-mg\/#primaryimage\"},\"thumbnailUrl\":\"https:\/\/www.gaveanews.com\/wp-content\/uploads\/rony-no-palmeiras-729x400-1.webp\",\"articleSection\":[\"Atl\u00e9tico-MG\",\"Palmeiras\",\"Vasco\"],\"inLanguage\":\"pt-BR\",\"potentialAction\":[{\"@type\":\"CommentAction\",\"name\":\"Comment\",\"target\":[\"https:\/\/www.gaveanews.com\/index.php\/2025\/02\/11\/veja-quanto-o-palmeiras-pede-para-vender-rony-alvo-de-vasco-e-atletico-mg\/#respond\"]}],\"copyrightYear\":\"2025\",\"copyrightHolder\":{\"@id\":\"https:\/\/www.gaveanews.com\/#organization\"}},{\"@type\":\"WebPage\",\"@id\":\"https:\/\/www.gaveanews.com\/index.php\/2025\/02\/11\/veja-quanto-o-palmeiras-pede-para-vender-rony-alvo-de-vasco-e-atletico-mg\/\",\"url\":\"https:\/\/www.gaveanews.com\/index.php\/2025\/02\/11\/veja-quanto-o-palmeiras-pede-para-vender-rony-alvo-de-vasco-e-atletico-mg\/\",\"name\":\"Veja quanto o Palmeiras pede para vender Rony, alvo de Vasco e Atl\u00e9tico-MG\",\"isPartOf\":{\"@id\":\"https:\/\/www.gaveanews.com\/#website\"},\"primaryImageOfPage\":{\"@id\":\"https:\/\/www.gaveanews.com\/index.php\/2025\/02\/11\/veja-quanto-o-palmeiras-pede-para-vender-rony-alvo-de-vasco-e-atletico-mg\/#primaryimage\"},\"image\":{\"@id\":\"https:\/\/www.gaveanews.com\/index.php\/2025\/02\/11\/veja-quanto-o-palmeiras-pede-para-vender-rony-alvo-de-vasco-e-atletico-mg\/#primaryimage\"},\"thumbnailUrl\":\"https:\/\/www.gaveanews.com\/wp-content\/uploads\/rony-no-palmeiras-729x400-1.webp\",\"datePublished\":\"2025-02-11T21:45:00+00:00\",\"author\":{\"@id\":\"https:\/\/www.gaveanews.com\/#\/schema\/person\/0eb3e3fe1754f0205218538adbe8f5ed\"},\"breadcrumb\":{\"@id\":\"https:\/\/www.gaveanews.com\/index.php\/2025\/02\/11\/veja-quanto-o-palmeiras-pede-para-vender-rony-alvo-de-vasco-e-atletico-mg\/#breadcrumb\"},\"inLanguage\":\"pt-BR\",\"potentialAction\":[{\"@type\":\"ReadAction\",\"target\":[\"https:\/\/www.gaveanews.com\/index.php\/2025\/02\/11\/veja-quanto-o-palmeiras-pede-para-vender-rony-alvo-de-vasco-e-atletico-mg\/\"]}]},{\"@type\":\"ImageObject\",\"inLanguage\":\"pt-BR\",\"@id\":\"https:\/\/www.gaveanews.com\/index.php\/2025\/02\/11\/veja-quanto-o-palmeiras-pede-para-vender-rony-alvo-de-vasco-e-atletico-mg\/#primaryimage\",\"url\":\"https:\/\/www.gaveanews.com\/wp-content\/uploads\/rony-no-palmeiras-729x400-1.webp\",\"contentUrl\":\"https:\/\/www.gaveanews.com\/wp-content\/uploads\/rony-no-palmeiras-729x400-1.webp\",\"width\":729,\"height\":400},{\"@type\":\"BreadcrumbList\",\"@id\":\"https:\/\/www.gaveanews.com\/index.php\/2025\/02\/11\/veja-quanto-o-palmeiras-pede-para-vender-rony-alvo-de-vasco-e-atletico-mg\/#breadcrumb\",\"itemListElement\":[{\"@type\":\"ListItem\",\"position\":1,\"name\":\"Home\",\"item\":\"https:\/\/www.gaveanews.com\/\"},{\"@type\":\"ListItem\",\"position\":2,\"name\":\"Veja quanto o Palmeiras pede para vender Rony, alvo de Vasco e Atl\u00e9tico-MG\"}]},{\"@type\":\"WebSite\",\"@id\":\"https:\/\/www.gaveanews.com\/#website\",\"url\":\"https:\/\/www.gaveanews.com\/\",\"name\":\"G\u00e1vea News\",\"description\":\"Veja todas as not\u00edcias sobre o Flamengo: Contrata\u00e7\u00f5es, categorias de base, resultados das partidas, tabela de classifica\u00e7\u00e3o, pr\u00f3ximos jogos!\",\"potentialAction\":[{\"@type\":\"SearchAction\",\"target\":{\"@type\":\"EntryPoint\",\"urlTemplate\":\"https:\/\/www.gaveanews.com\/?s={search_term_string}\"},\"query-input\":{\"@type\":\"PropertyValueSpecification\",\"valueRequired\":true,\"valueName\":\"search_term_string\"}}],\"inLanguage\":\"pt-BR\"},{\"@type\":\"Person\",\"@id\":\"https:\/\/www.gaveanews.com\/#\/schema\/person\/0eb3e3fe1754f0205218538adbe8f5ed\",\"name\":\"Rafaela Ladeira\",\"image\":{\"@type\":\"ImageObject\",\"inLanguage\":\"pt-BR\",\"@id\":\"https:\/\/www.gaveanews.com\/#\/schema\/person\/image\/\",\"url\":\"https:\/\/secure.gravatar.com\/avatar\/c31f513acffd85eacab5730cbdfdbbf59f21ba5aeada8cd890acea879fbb2455?s=96&d=mm&r=g\",\"contentUrl\":\"https:\/\/secure.gravatar.com\/avatar\/c31f513acffd85eacab5730cbdfdbbf59f21ba5aeada8cd890acea879fbb2455?s=96&d=mm&r=g\",\"caption\":\"Rafaela Ladeira\"}}]}<\/script>\n<!-- \/ Yoast SEO Premium plugin. -->","yoast_head_json":{"title":"Veja quanto o Palmeiras pede para vender Rony, alvo de Vasco e Atl\u00e9tico-MG","robots":{"index":"index","follow":"follow","max-snippet":"max-snippet:-1","max-image-preview":"max-image-preview:large","max-video-preview":"max-video-preview:-1"},"canonical":"https:\/\/www.gaveanews.com\/index.php\/2025\/02\/11\/veja-quanto-o-palmeiras-pede-para-vender-rony-alvo-de-vasco-e-atletico-mg\/","og_locale":"pt_BR","og_type":"article","og_title":"Veja quanto o Palmeiras pede para vender Rony, alvo de Vasco e Atl\u00e9tico-MG","og_description":"O Palmeiras vive um in\u00edcio de temporada turbulento, e os reflexos j\u00e1 s\u00e3o sentidos no elenco. Com resultados abaixo do esperado e a confirma\u00e7\u00e3o de que Abel Ferreira deixar\u00e1 o clube ao final de 2025, a diretoria j\u00e1 come\u00e7a a reformular o time.&nbsp; Al\u00e9m disso, Leila Pereira e Anderson Barros seguem atentos ao mercado, tanto [&hellip;]","og_url":"https:\/\/www.gaveanews.com\/index.php\/2025\/02\/11\/veja-quanto-o-palmeiras-pede-para-vender-rony-alvo-de-vasco-e-atletico-mg\/","og_site_name":"G\u00e1vea News","article_publisher":"https:\/\/facebook.com\/gaveaNews\/","article_published_time":"2025-02-11T21:45:00+00:00","og_image":[{"width":729,"height":400,"url":"https:\/\/www.gaveanews.com\/wp-content\/uploads\/rony-no-palmeiras-729x400-1.webp","type":"image\/jpeg"}],"author":"Rafaela Ladeira","twitter_card":"summary_large_image","twitter_misc":{"Escrito por":"Rafaela Ladeira","Est. tempo de leitura":"3 minutos"},"schema":{"@context":"https:\/\/schema.org","@graph":[{"@type":"NewsArticle","@id":"https:\/\/www.gaveanews.com\/index.php\/2025\/02\/11\/veja-quanto-o-palmeiras-pede-para-vender-rony-alvo-de-vasco-e-atletico-mg\/#article","isPartOf":{"@id":"https:\/\/www.gaveanews.com\/index.php\/2025\/02\/11\/veja-quanto-o-palmeiras-pede-para-vender-rony-alvo-de-vasco-e-atletico-mg\/"},"author":{"name":"Rafaela Ladeira","@id":"https:\/\/www.gaveanews.com\/#\/schema\/person\/0eb3e3fe1754f0205218538adbe8f5ed"},"headline":"Veja quanto o Palmeiras pede para vender Rony, alvo de Vasco e Atl\u00e9tico-MG","datePublished":"2025-02-11T21:45:00+00:00","mainEntityOfPage":{"@id":"https:\/\/www.gaveanews.com\/index.php\/2025\/02\/11\/veja-quanto-o-palmeiras-pede-para-vender-rony-alvo-de-vasco-e-atletico-mg\/"},"wordCount":387,"commentCount":0,"image":{"@id":"https:\/\/www.gaveanews.com\/index.php\/2025\/02\/11\/veja-quanto-o-palmeiras-pede-para-vender-rony-alvo-de-vasco-e-atletico-mg\/#primaryimage"},"thumbnailUrl":"https:\/\/www.gaveanews.com\/wp-content\/uploads\/rony-no-palmeiras-729x400-1.webp","articleSection":["Atl\u00e9tico-MG","Palmeiras","Vasco"],"inLanguage":"pt-BR","potentialAction":[{"@type":"CommentAction","name":"Comment","target":["https:\/\/www.gaveanews.com\/index.php\/2025\/02\/11\/veja-quanto-o-palmeiras-pede-para-vender-rony-alvo-de-vasco-e-atletico-mg\/#respond"]}],"copyrightYear":"2025","copyrightHolder":{"@id":"https:\/\/www.gaveanews.com\/#organization"}},{"@type":"WebPage","@id":"https:\/\/www.gaveanews.com\/index.php\/2025\/02\/11\/veja-quanto-o-palmeiras-pede-para-vender-rony-alvo-de-vasco-e-atletico-mg\/","url":"https:\/\/www.gaveanews.com\/index.php\/2025\/02\/11\/veja-quanto-o-palmeiras-pede-para-vender-rony-alvo-de-vasco-e-atletico-mg\/","name":"Veja quanto o Palmeiras pede para vender Rony, alvo de Vasco e Atl\u00e9tico-MG","isPartOf":{"@id":"https:\/\/www.gaveanews.com\/#website"},"primaryImageOfPage":{"@id":"https:\/\/www.gaveanews.com\/index.php\/2025\/02\/11\/veja-quanto-o-palmeiras-pede-para-vender-rony-alvo-de-vasco-e-atletico-mg\/#primaryimage"},"image":{"@id":"https:\/\/www.gaveanews.com\/index.php\/2025\/02\/11\/veja-quanto-o-palmeiras-pede-para-vender-rony-alvo-de-vasco-e-atletico-mg\/#primaryimage"},"thumbnailUrl":"https:\/\/www.gaveanews.com\/wp-content\/uploads\/rony-no-palmeiras-729x400-1.webp","datePublished":"2025-02-11T21:45:00+00:00","author":{"@id":"https:\/\/www.gaveanews.com\/#\/schema\/person\/0eb3e3fe1754f0205218538adbe8f5ed"},"breadcrumb":{"@id":"https:\/\/www.gaveanews.com\/index.php\/2025\/02\/11\/veja-quanto-o-palmeiras-pede-para-vender-rony-alvo-de-vasco-e-atletico-mg\/#breadcrumb"},"inLanguage":"pt-BR","potentialAction":[{"@type":"ReadAction","target":["https:\/\/www.gaveanews.com\/index.php\/2025\/02\/11\/veja-quanto-o-palmeiras-pede-para-vender-rony-alvo-de-vasco-e-atletico-mg\/"]}]},{"@type":"ImageObject","inLanguage":"pt-BR","@id":"https:\/\/www.gaveanews.com\/index.php\/2025\/02\/11\/veja-quanto-o-palmeiras-pede-para-vender-rony-alvo-de-vasco-e-atletico-mg\/#primaryimage","url":"https:\/\/www.gaveanews.com\/wp-content\/uploads\/rony-no-palmeiras-729x400-1.webp","contentUrl":"https:\/\/www.gaveanews.com\/wp-content\/uploads\/rony-no-palmeiras-729x400-1.webp","width":729,"height":400},{"@type":"BreadcrumbList","@id":"https:\/\/www.gaveanews.com\/index.php\/2025\/02\/11\/veja-quanto-o-palmeiras-pede-para-vender-rony-alvo-de-vasco-e-atletico-mg\/#breadcrumb","itemListElement":[{"@type":"ListItem","position":1,"name":"Home","item":"https:\/\/www.gaveanews.com\/"},{"@type":"ListItem","position":2,"name":"Veja quanto o Palmeiras pede para vender Rony, alvo de Vasco e Atl\u00e9tico-MG"}]},{"@type":"WebSite","@id":"https:\/\/www.gaveanews.com\/#website","url":"https:\/\/www.gaveanews.com\/","name":"G\u00e1vea News","description":"Veja todas as not\u00edcias sobre o Flamengo: Contrata\u00e7\u00f5es, categorias de base, resultados das partidas, tabela de classifica\u00e7\u00e3o, pr\u00f3ximos jogos!","potentialAction":[{"@type":"SearchAction","target":{"@type":"EntryPoint","urlTemplate":"https:\/\/www.gaveanews.com\/?s={search_term_string}"},"query-input":{"@type":"PropertyValueSpecification","valueRequired":true,"valueName":"search_term_string"}}],"inLanguage":"pt-BR"},{"@type":"Person","@id":"https:\/\/www.gaveanews.com\/#\/schema\/person\/0eb3e3fe1754f0205218538adbe8f5ed","name":"Rafaela Ladeira","image":{"@type":"ImageObject","inLanguage":"pt-BR","@id":"https:\/\/www.gaveanews.com\/#\/schema\/person\/image\/","url":"https:\/\/secure.gravatar.com\/avatar\/c31f513acffd85eacab5730cbdfdbbf59f21ba5aeada8cd890acea879fbb2455?s=96&d=mm&r=g","contentUrl":"https:\/\/secure.gravatar.com\/avatar\/c31f513acffd85eacab5730cbdfdbbf59f21ba5aeada8cd890acea879fbb2455?s=96&d=mm&r=g","caption":"Rafaela Ladeira"}}]}},"_links":{"self":[{"href":"https:\/\/www.gaveanews.com\/index.php\/wp-json\/wp\/v2\/posts\/226252","targetHints":{"allow":["GET"]}}],"collection":[{"href":"https:\/\/www.gaveanews.com\/index.php\/wp-json\/wp\/v2\/posts"}],"about":[{"href":"https:\/\/www.gaveanews.com\/index.php\/wp-json\/wp\/v2\/types\/post"}],"author":[{"embeddable":true,"href":"https:\/\/www.gaveanews.com\/index.php\/wp-json\/wp\/v2\/users\/25"}],"replies":[{"embeddable":true,"href":"https:\/\/www.gaveanews.com\/index.php\/wp-json\/wp\/v2\/comments?post=226252"}],"version-history":[{"count":1,"href":"https:\/\/www.gaveanews.com\/index.php\/wp-json\/wp\/v2\/posts\/226252\/revisions"}],"predecessor-version":[{"id":226253,"href":"https:\/\/www.gaveanews.com\/index.php\/wp-json\/wp\/v2\/posts\/226252\/revisions\/226253"}],"wp:featuredmedia":[{"embeddable":true,"href":"https:\/\/www.gaveanews.com\/index.php\/wp-json\/wp\/v2\/media\/143006"}],"wp:attachment":[{"href":"https:\/\/www.gaveanews.com\/index.php\/wp-json\/wp\/v2\/media?parent=226252"}],"wp:term":[{"taxonomy":"category","embeddable":true,"href":"https:\/\/www.gaveanews.com\/index.php\/wp-json\/wp\/v2\/categories?post=226252"},{"taxonomy":"post_tag","embeddable":true,"href":"https:\/\/www.gaveanews.com\/index.php\/wp-json\/wp\/v2\/tags?post=226252"}],"curies":[{"name":"wp","href":"https:\/\/api.w.org\/{rel}","templated":true}]}}