{"id":226276,"date":"2025-02-11T18:00:00","date_gmt":"2025-02-11T21:00:00","guid":{"rendered":"https:\/\/www.gaveanews.com\/?p=226276"},"modified":"2025-02-11T17:19:25","modified_gmt":"2025-02-11T20:19:25","slug":"zenit-toma-decisao-e-nao-desiste-da-contratacao-de-wesley-do-flamengo","status":"publish","type":"post","link":"https:\/\/www.gaveanews.com\/index.php\/2025\/02\/11\/zenit-toma-decisao-e-nao-desiste-da-contratacao-de-wesley-do-flamengo\/","title":{"rendered":"Zenit toma decis\u00e3o e n\u00e3o desiste da contrata\u00e7\u00e3o de Wesley, do Flamengo"},"content":{"rendered":"\n<p>O mercado de transfer\u00eancias est\u00e1 longe de ser previs\u00edvel, e o Flamengo se v\u00ea no centro de uma nova disputa internacional. O lateral-direito Wesley, jogador promissor do Rubro-Negro, segue sendo cobi\u00e7ado por equipes do futebol europeu.&nbsp;<\/p>\n\n\n\n<p>Recentemente, o Zenit, da R\u00fassia, decidiu n\u00e3o avan\u00e7ar com a negocia\u00e7\u00e3o nesta janela, mas deixou claro que voltar\u00e1 \u00e0 carga em junho, com uma proposta que pode alcan\u00e7ar n\u00fameros impressionantes.&nbsp;<\/p>\n\n\n\n<h2 class=\"wp-block-heading\" id=\"h-o-zenit-adiando-a-investida-por-wesley\">O Zenit adiando a investida por Wesley<\/h2>\n\n\n\n<p>O Zenit, tradicional clube da R\u00fassia, decidiu adiar a contrata\u00e7\u00e3o de Wesley, lateral-direito do Flamengo, para a pr\u00f3xima janela de transfer\u00eancias, em junho. Embora a janela russa permita negocia\u00e7\u00f5es at\u00e9 20 de fevereiro, o clube de S\u00e3o Petersburgo n\u00e3o ir\u00e1 insistir na busca por Wesley neste momento.&nbsp;<\/p>\n\n\n\n<p>Isso porque a equipe preferiu concentrar seus esfor\u00e7os em outras op\u00e7\u00f5es, planejando uma nova proposta no meio do ano. A proposta futura pode chegar a 30 milh\u00f5es de euros, o que equivale a cerca de R$ 180 milh\u00f5es.<\/p>\n\n\n\n<h2 class=\"wp-block-heading\" id=\"h-a-chance-de-wesley-na-selecao-brasileira\">A chance de Wesley na Sele\u00e7\u00e3o Brasileira<\/h2>\n\n\n\n<p>Al\u00e9m da especula\u00e7\u00e3o internacional, Wesley tamb\u00e9m est\u00e1 na mira da Sele\u00e7\u00e3o Brasileira para os pr\u00f3ximos compromissos da equipe. Essa chance de representar o Brasil pode ser um fator motivador para o lateral, que continua ganhando destaque no futebol brasileiro.<\/p>\n\n\n\n<h2 class=\"wp-block-heading\" id=\"h-a-concorrencia-no-flamengo-para-a-posicao\">A concorr\u00eancia no Flamengo para a posi\u00e7\u00e3o<\/h2>\n\n\n\n<p>No Flamengo, Wesley precisa competir por espa\u00e7o com outros jogadores. O t\u00e9cnico Filipe Lu\u00eds conta com o uruguaio Guillermo Varela para a lateral-direita, mas recentemente o Flamengo contratou Danilo, que atuava nessa posi\u00e7\u00e3o, mas agora tem o desejo de se estabelecer como zagueiro.&nbsp;<\/p>\n\n\n\n<p>Cabe ressaltar que o Flamengo segue sendo uma vitrine importante para Wesley, que continua sendo uma pe\u00e7a importante no time.<\/p>\n\n\n\n<h2 class=\"wp-block-heading\" id=\"h-o-futuro-de-wesley-no-flamengo\">O futuro de Wesley no Flamengo<\/h2>\n\n\n\n<p>Portanto, a perman\u00eancia de Wesley no Flamengo depende de muitos fatores, incluindo o interesse do Zenit e a concorr\u00eancia interna no clube. Com uma proposta milion\u00e1ria a caminho e a chance de brilhar na Sele\u00e7\u00e3o Brasileira, o lateral-direito tem um futuro promissor pela frente.<\/p>\n\n\n\n<p>Dessa maneira, o Flamengo deve se preparar para decis\u00f5es estrat\u00e9gicas nas pr\u00f3ximas janelas, garantindo que seu jogador-chave n\u00e3o saia por um pre\u00e7o abaixo de sua real valoriza\u00e7\u00e3o.<\/p>\n","protected":false},"excerpt":{"rendered":"<p>O mercado de transfer\u00eancias est\u00e1 longe de ser previs\u00edvel, e o Flamengo se v\u00ea no centro de uma nova disputa internacional. O lateral-direito Wesley, jogador promissor do Rubro-Negro, segue sendo cobi\u00e7ado por equipes do futebol europeu.&nbsp; Recentemente, o Zenit, da R\u00fassia, decidiu n\u00e3o avan\u00e7ar com a negocia\u00e7\u00e3o nesta janela, mas deixou claro que voltar\u00e1 \u00e0 [&hellip;]<\/p>\n","protected":false},"author":25,"featured_media":100514,"comment_status":"open","ping_status":"closed","sticky":false,"template":"","format":"standard","meta":{"footnotes":""},"categories":[1],"tags":[],"class_list":["post-226276","post","type-post","status-publish","format-standard","has-post-thumbnail","hentry","category-flamengo"],"yoast_head":"<!-- This site is optimized with the Yoast SEO Premium plugin v24.2 (Yoast SEO v26.9) - https:\/\/yoast.com\/product\/yoast-seo-premium-wordpress\/ -->\n<title>Zenit toma decis\u00e3o e n\u00e3o desiste da contrata\u00e7\u00e3o de Wesley, do Flamengo<\/title>\n<meta name=\"robots\" content=\"index, follow, max-snippet:-1, max-image-preview:large, max-video-preview:-1\" \/>\n<link rel=\"canonical\" href=\"https:\/\/www.gaveanews.com\/index.php\/2025\/02\/11\/zenit-toma-decisao-e-nao-desiste-da-contratacao-de-wesley-do-flamengo\/\" \/>\n<meta property=\"og:locale\" content=\"pt_BR\" \/>\n<meta property=\"og:type\" content=\"article\" \/>\n<meta property=\"og:title\" content=\"Zenit toma decis\u00e3o e n\u00e3o desiste da contrata\u00e7\u00e3o de Wesley, do Flamengo\" \/>\n<meta property=\"og:description\" content=\"O mercado de transfer\u00eancias est\u00e1 longe de ser previs\u00edvel, e o Flamengo se v\u00ea no centro de uma nova disputa internacional. O lateral-direito Wesley, jogador promissor do Rubro-Negro, segue sendo cobi\u00e7ado por equipes do futebol europeu.&nbsp; Recentemente, o Zenit, da R\u00fassia, decidiu n\u00e3o avan\u00e7ar com a negocia\u00e7\u00e3o nesta janela, mas deixou claro que voltar\u00e1 \u00e0 [&hellip;]\" \/>\n<meta property=\"og:url\" content=\"https:\/\/www.gaveanews.com\/index.php\/2025\/02\/11\/zenit-toma-decisao-e-nao-desiste-da-contratacao-de-wesley-do-flamengo\/\" \/>\n<meta property=\"og:site_name\" content=\"G\u00e1vea News\" \/>\n<meta property=\"article:publisher\" content=\"https:\/\/facebook.com\/gaveaNews\/\" \/>\n<meta property=\"article:published_time\" content=\"2025-02-11T21:00:00+00:00\" \/>\n<meta property=\"og:image\" content=\"https:\/\/www.gaveanews.com\/wp-content\/uploads\/wesley.webp\" \/>\n\t<meta property=\"og:image:width\" content=\"760\" \/>\n\t<meta property=\"og:image:height\" content=\"475\" \/>\n\t<meta property=\"og:image:type\" content=\"image\/jpeg\" \/>\n<meta name=\"author\" content=\"Rafaela Ladeira\" \/>\n<meta name=\"twitter:card\" content=\"summary_large_image\" \/>\n<meta name=\"twitter:label1\" content=\"Escrito por\" \/>\n\t<meta name=\"twitter:data1\" content=\"Rafaela Ladeira\" \/>\n\t<meta name=\"twitter:label2\" content=\"Est. tempo de leitura\" \/>\n\t<meta name=\"twitter:data2\" content=\"3 minutos\" \/>\n<script type=\"application\/ld+json\" class=\"yoast-schema-graph\">{\"@context\":\"https:\/\/schema.org\",\"@graph\":[{\"@type\":\"NewsArticle\",\"@id\":\"https:\/\/www.gaveanews.com\/index.php\/2025\/02\/11\/zenit-toma-decisao-e-nao-desiste-da-contratacao-de-wesley-do-flamengo\/#article\",\"isPartOf\":{\"@id\":\"https:\/\/www.gaveanews.com\/index.php\/2025\/02\/11\/zenit-toma-decisao-e-nao-desiste-da-contratacao-de-wesley-do-flamengo\/\"},\"author\":{\"name\":\"Rafaela Ladeira\",\"@id\":\"https:\/\/www.gaveanews.com\/#\/schema\/person\/0eb3e3fe1754f0205218538adbe8f5ed\"},\"headline\":\"Zenit toma decis\u00e3o e n\u00e3o desiste da contrata\u00e7\u00e3o de Wesley, do Flamengo\",\"datePublished\":\"2025-02-11T21:00:00+00:00\",\"mainEntityOfPage\":{\"@id\":\"https:\/\/www.gaveanews.com\/index.php\/2025\/02\/11\/zenit-toma-decisao-e-nao-desiste-da-contratacao-de-wesley-do-flamengo\/\"},\"wordCount\":409,\"commentCount\":0,\"image\":{\"@id\":\"https:\/\/www.gaveanews.com\/index.php\/2025\/02\/11\/zenit-toma-decisao-e-nao-desiste-da-contratacao-de-wesley-do-flamengo\/#primaryimage\"},\"thumbnailUrl\":\"https:\/\/www.gaveanews.com\/wp-content\/uploads\/wesley.webp\",\"articleSection\":[\"Flamengo\"],\"inLanguage\":\"pt-BR\",\"potentialAction\":[{\"@type\":\"CommentAction\",\"name\":\"Comment\",\"target\":[\"https:\/\/www.gaveanews.com\/index.php\/2025\/02\/11\/zenit-toma-decisao-e-nao-desiste-da-contratacao-de-wesley-do-flamengo\/#respond\"]}],\"copyrightYear\":\"2025\",\"copyrightHolder\":{\"@id\":\"https:\/\/www.gaveanews.com\/#organization\"}},{\"@type\":\"WebPage\",\"@id\":\"https:\/\/www.gaveanews.com\/index.php\/2025\/02\/11\/zenit-toma-decisao-e-nao-desiste-da-contratacao-de-wesley-do-flamengo\/\",\"url\":\"https:\/\/www.gaveanews.com\/index.php\/2025\/02\/11\/zenit-toma-decisao-e-nao-desiste-da-contratacao-de-wesley-do-flamengo\/\",\"name\":\"Zenit toma decis\u00e3o e n\u00e3o desiste da contrata\u00e7\u00e3o de Wesley, do Flamengo\",\"isPartOf\":{\"@id\":\"https:\/\/www.gaveanews.com\/#website\"},\"primaryImageOfPage\":{\"@id\":\"https:\/\/www.gaveanews.com\/index.php\/2025\/02\/11\/zenit-toma-decisao-e-nao-desiste-da-contratacao-de-wesley-do-flamengo\/#primaryimage\"},\"image\":{\"@id\":\"https:\/\/www.gaveanews.com\/index.php\/2025\/02\/11\/zenit-toma-decisao-e-nao-desiste-da-contratacao-de-wesley-do-flamengo\/#primaryimage\"},\"thumbnailUrl\":\"https:\/\/www.gaveanews.com\/wp-content\/uploads\/wesley.webp\",\"datePublished\":\"2025-02-11T21:00:00+00:00\",\"author\":{\"@id\":\"https:\/\/www.gaveanews.com\/#\/schema\/person\/0eb3e3fe1754f0205218538adbe8f5ed\"},\"breadcrumb\":{\"@id\":\"https:\/\/www.gaveanews.com\/index.php\/2025\/02\/11\/zenit-toma-decisao-e-nao-desiste-da-contratacao-de-wesley-do-flamengo\/#breadcrumb\"},\"inLanguage\":\"pt-BR\",\"potentialAction\":[{\"@type\":\"ReadAction\",\"target\":[\"https:\/\/www.gaveanews.com\/index.php\/2025\/02\/11\/zenit-toma-decisao-e-nao-desiste-da-contratacao-de-wesley-do-flamengo\/\"]}]},{\"@type\":\"ImageObject\",\"inLanguage\":\"pt-BR\",\"@id\":\"https:\/\/www.gaveanews.com\/index.php\/2025\/02\/11\/zenit-toma-decisao-e-nao-desiste-da-contratacao-de-wesley-do-flamengo\/#primaryimage\",\"url\":\"https:\/\/www.gaveanews.com\/wp-content\/uploads\/wesley.webp\",\"contentUrl\":\"https:\/\/www.gaveanews.com\/wp-content\/uploads\/wesley.webp\",\"width\":760,\"height\":475,\"caption\":\"Wesley comemora gol contra o Racing, pela Libertadores (Foto: Alexandre LOUREIRO\/AFP)\"},{\"@type\":\"BreadcrumbList\",\"@id\":\"https:\/\/www.gaveanews.com\/index.php\/2025\/02\/11\/zenit-toma-decisao-e-nao-desiste-da-contratacao-de-wesley-do-flamengo\/#breadcrumb\",\"itemListElement\":[{\"@type\":\"ListItem\",\"position\":1,\"name\":\"Home\",\"item\":\"https:\/\/www.gaveanews.com\/\"},{\"@type\":\"ListItem\",\"position\":2,\"name\":\"Zenit toma decis\u00e3o e n\u00e3o desiste da contrata\u00e7\u00e3o de Wesley, do Flamengo\"}]},{\"@type\":\"WebSite\",\"@id\":\"https:\/\/www.gaveanews.com\/#website\",\"url\":\"https:\/\/www.gaveanews.com\/\",\"name\":\"G\u00e1vea News\",\"description\":\"Veja todas as not\u00edcias sobre o Flamengo: Contrata\u00e7\u00f5es, categorias de base, resultados das partidas, tabela de classifica\u00e7\u00e3o, pr\u00f3ximos jogos!\",\"potentialAction\":[{\"@type\":\"SearchAction\",\"target\":{\"@type\":\"EntryPoint\",\"urlTemplate\":\"https:\/\/www.gaveanews.com\/?s={search_term_string}\"},\"query-input\":{\"@type\":\"PropertyValueSpecification\",\"valueRequired\":true,\"valueName\":\"search_term_string\"}}],\"inLanguage\":\"pt-BR\"},{\"@type\":\"Person\",\"@id\":\"https:\/\/www.gaveanews.com\/#\/schema\/person\/0eb3e3fe1754f0205218538adbe8f5ed\",\"name\":\"Rafaela Ladeira\",\"image\":{\"@type\":\"ImageObject\",\"inLanguage\":\"pt-BR\",\"@id\":\"https:\/\/www.gaveanews.com\/#\/schema\/person\/image\/\",\"url\":\"https:\/\/secure.gravatar.com\/avatar\/c31f513acffd85eacab5730cbdfdbbf59f21ba5aeada8cd890acea879fbb2455?s=96&d=mm&r=g\",\"contentUrl\":\"https:\/\/secure.gravatar.com\/avatar\/c31f513acffd85eacab5730cbdfdbbf59f21ba5aeada8cd890acea879fbb2455?s=96&d=mm&r=g\",\"caption\":\"Rafaela Ladeira\"}}]}<\/script>\n<!-- \/ Yoast SEO Premium plugin. -->","yoast_head_json":{"title":"Zenit toma decis\u00e3o e n\u00e3o desiste da contrata\u00e7\u00e3o de Wesley, do Flamengo","robots":{"index":"index","follow":"follow","max-snippet":"max-snippet:-1","max-image-preview":"max-image-preview:large","max-video-preview":"max-video-preview:-1"},"canonical":"https:\/\/www.gaveanews.com\/index.php\/2025\/02\/11\/zenit-toma-decisao-e-nao-desiste-da-contratacao-de-wesley-do-flamengo\/","og_locale":"pt_BR","og_type":"article","og_title":"Zenit toma decis\u00e3o e n\u00e3o desiste da contrata\u00e7\u00e3o de Wesley, do Flamengo","og_description":"O mercado de transfer\u00eancias est\u00e1 longe de ser previs\u00edvel, e o Flamengo se v\u00ea no centro de uma nova disputa internacional. O lateral-direito Wesley, jogador promissor do Rubro-Negro, segue sendo cobi\u00e7ado por equipes do futebol europeu.&nbsp; Recentemente, o Zenit, da R\u00fassia, decidiu n\u00e3o avan\u00e7ar com a negocia\u00e7\u00e3o nesta janela, mas deixou claro que voltar\u00e1 \u00e0 [&hellip;]","og_url":"https:\/\/www.gaveanews.com\/index.php\/2025\/02\/11\/zenit-toma-decisao-e-nao-desiste-da-contratacao-de-wesley-do-flamengo\/","og_site_name":"G\u00e1vea News","article_publisher":"https:\/\/facebook.com\/gaveaNews\/","article_published_time":"2025-02-11T21:00:00+00:00","og_image":[{"width":760,"height":475,"url":"https:\/\/www.gaveanews.com\/wp-content\/uploads\/wesley.webp","type":"image\/jpeg"}],"author":"Rafaela Ladeira","twitter_card":"summary_large_image","twitter_misc":{"Escrito por":"Rafaela Ladeira","Est. tempo de leitura":"3 minutos"},"schema":{"@context":"https:\/\/schema.org","@graph":[{"@type":"NewsArticle","@id":"https:\/\/www.gaveanews.com\/index.php\/2025\/02\/11\/zenit-toma-decisao-e-nao-desiste-da-contratacao-de-wesley-do-flamengo\/#article","isPartOf":{"@id":"https:\/\/www.gaveanews.com\/index.php\/2025\/02\/11\/zenit-toma-decisao-e-nao-desiste-da-contratacao-de-wesley-do-flamengo\/"},"author":{"name":"Rafaela Ladeira","@id":"https:\/\/www.gaveanews.com\/#\/schema\/person\/0eb3e3fe1754f0205218538adbe8f5ed"},"headline":"Zenit toma decis\u00e3o e n\u00e3o desiste da contrata\u00e7\u00e3o de Wesley, do Flamengo","datePublished":"2025-02-11T21:00:00+00:00","mainEntityOfPage":{"@id":"https:\/\/www.gaveanews.com\/index.php\/2025\/02\/11\/zenit-toma-decisao-e-nao-desiste-da-contratacao-de-wesley-do-flamengo\/"},"wordCount":409,"commentCount":0,"image":{"@id":"https:\/\/www.gaveanews.com\/index.php\/2025\/02\/11\/zenit-toma-decisao-e-nao-desiste-da-contratacao-de-wesley-do-flamengo\/#primaryimage"},"thumbnailUrl":"https:\/\/www.gaveanews.com\/wp-content\/uploads\/wesley.webp","articleSection":["Flamengo"],"inLanguage":"pt-BR","potentialAction":[{"@type":"CommentAction","name":"Comment","target":["https:\/\/www.gaveanews.com\/index.php\/2025\/02\/11\/zenit-toma-decisao-e-nao-desiste-da-contratacao-de-wesley-do-flamengo\/#respond"]}],"copyrightYear":"2025","copyrightHolder":{"@id":"https:\/\/www.gaveanews.com\/#organization"}},{"@type":"WebPage","@id":"https:\/\/www.gaveanews.com\/index.php\/2025\/02\/11\/zenit-toma-decisao-e-nao-desiste-da-contratacao-de-wesley-do-flamengo\/","url":"https:\/\/www.gaveanews.com\/index.php\/2025\/02\/11\/zenit-toma-decisao-e-nao-desiste-da-contratacao-de-wesley-do-flamengo\/","name":"Zenit toma decis\u00e3o e n\u00e3o desiste da contrata\u00e7\u00e3o de Wesley, do Flamengo","isPartOf":{"@id":"https:\/\/www.gaveanews.com\/#website"},"primaryImageOfPage":{"@id":"https:\/\/www.gaveanews.com\/index.php\/2025\/02\/11\/zenit-toma-decisao-e-nao-desiste-da-contratacao-de-wesley-do-flamengo\/#primaryimage"},"image":{"@id":"https:\/\/www.gaveanews.com\/index.php\/2025\/02\/11\/zenit-toma-decisao-e-nao-desiste-da-contratacao-de-wesley-do-flamengo\/#primaryimage"},"thumbnailUrl":"https:\/\/www.gaveanews.com\/wp-content\/uploads\/wesley.webp","datePublished":"2025-02-11T21:00:00+00:00","author":{"@id":"https:\/\/www.gaveanews.com\/#\/schema\/person\/0eb3e3fe1754f0205218538adbe8f5ed"},"breadcrumb":{"@id":"https:\/\/www.gaveanews.com\/index.php\/2025\/02\/11\/zenit-toma-decisao-e-nao-desiste-da-contratacao-de-wesley-do-flamengo\/#breadcrumb"},"inLanguage":"pt-BR","potentialAction":[{"@type":"ReadAction","target":["https:\/\/www.gaveanews.com\/index.php\/2025\/02\/11\/zenit-toma-decisao-e-nao-desiste-da-contratacao-de-wesley-do-flamengo\/"]}]},{"@type":"ImageObject","inLanguage":"pt-BR","@id":"https:\/\/www.gaveanews.com\/index.php\/2025\/02\/11\/zenit-toma-decisao-e-nao-desiste-da-contratacao-de-wesley-do-flamengo\/#primaryimage","url":"https:\/\/www.gaveanews.com\/wp-content\/uploads\/wesley.webp","contentUrl":"https:\/\/www.gaveanews.com\/wp-content\/uploads\/wesley.webp","width":760,"height":475,"caption":"Wesley comemora gol contra o Racing, pela Libertadores (Foto: Alexandre LOUREIRO\/AFP)"},{"@type":"BreadcrumbList","@id":"https:\/\/www.gaveanews.com\/index.php\/2025\/02\/11\/zenit-toma-decisao-e-nao-desiste-da-contratacao-de-wesley-do-flamengo\/#breadcrumb","itemListElement":[{"@type":"ListItem","position":1,"name":"Home","item":"https:\/\/www.gaveanews.com\/"},{"@type":"ListItem","position":2,"name":"Zenit toma decis\u00e3o e n\u00e3o desiste da contrata\u00e7\u00e3o de Wesley, do Flamengo"}]},{"@type":"WebSite","@id":"https:\/\/www.gaveanews.com\/#website","url":"https:\/\/www.gaveanews.com\/","name":"G\u00e1vea News","description":"Veja todas as not\u00edcias sobre o Flamengo: Contrata\u00e7\u00f5es, categorias de base, resultados das partidas, tabela de classifica\u00e7\u00e3o, pr\u00f3ximos jogos!","potentialAction":[{"@type":"SearchAction","target":{"@type":"EntryPoint","urlTemplate":"https:\/\/www.gaveanews.com\/?s={search_term_string}"},"query-input":{"@type":"PropertyValueSpecification","valueRequired":true,"valueName":"search_term_string"}}],"inLanguage":"pt-BR"},{"@type":"Person","@id":"https:\/\/www.gaveanews.com\/#\/schema\/person\/0eb3e3fe1754f0205218538adbe8f5ed","name":"Rafaela Ladeira","image":{"@type":"ImageObject","inLanguage":"pt-BR","@id":"https:\/\/www.gaveanews.com\/#\/schema\/person\/image\/","url":"https:\/\/secure.gravatar.com\/avatar\/c31f513acffd85eacab5730cbdfdbbf59f21ba5aeada8cd890acea879fbb2455?s=96&d=mm&r=g","contentUrl":"https:\/\/secure.gravatar.com\/avatar\/c31f513acffd85eacab5730cbdfdbbf59f21ba5aeada8cd890acea879fbb2455?s=96&d=mm&r=g","caption":"Rafaela Ladeira"}}]}},"_links":{"self":[{"href":"https:\/\/www.gaveanews.com\/index.php\/wp-json\/wp\/v2\/posts\/226276","targetHints":{"allow":["GET"]}}],"collection":[{"href":"https:\/\/www.gaveanews.com\/index.php\/wp-json\/wp\/v2\/posts"}],"about":[{"href":"https:\/\/www.gaveanews.com\/index.php\/wp-json\/wp\/v2\/types\/post"}],"author":[{"embeddable":true,"href":"https:\/\/www.gaveanews.com\/index.php\/wp-json\/wp\/v2\/users\/25"}],"replies":[{"embeddable":true,"href":"https:\/\/www.gaveanews.com\/index.php\/wp-json\/wp\/v2\/comments?post=226276"}],"version-history":[{"count":1,"href":"https:\/\/www.gaveanews.com\/index.php\/wp-json\/wp\/v2\/posts\/226276\/revisions"}],"predecessor-version":[{"id":226277,"href":"https:\/\/www.gaveanews.com\/index.php\/wp-json\/wp\/v2\/posts\/226276\/revisions\/226277"}],"wp:featuredmedia":[{"embeddable":true,"href":"https:\/\/www.gaveanews.com\/index.php\/wp-json\/wp\/v2\/media\/100514"}],"wp:attachment":[{"href":"https:\/\/www.gaveanews.com\/index.php\/wp-json\/wp\/v2\/media?parent=226276"}],"wp:term":[{"taxonomy":"category","embeddable":true,"href":"https:\/\/www.gaveanews.com\/index.php\/wp-json\/wp\/v2\/categories?post=226276"},{"taxonomy":"post_tag","embeddable":true,"href":"https:\/\/www.gaveanews.com\/index.php\/wp-json\/wp\/v2\/tags?post=226276"}],"curies":[{"name":"wp","href":"https:\/\/api.w.org\/{rel}","templated":true}]}}