{"id":226284,"date":"2025-02-11T18:30:00","date_gmt":"2025-02-11T21:30:00","guid":{"rendered":"https:\/\/www.gaveanews.com\/?p=226284"},"modified":"2025-02-11T17:43:27","modified_gmt":"2025-02-11T20:43:27","slug":"campeonato-carioca-ferj-marca-reuniao-com-os-clubes","status":"publish","type":"post","link":"https:\/\/www.gaveanews.com\/index.php\/2025\/02\/11\/campeonato-carioca-ferj-marca-reuniao-com-os-clubes\/","title":{"rendered":"Campeonato Carioca: FERJ marca reuni\u00e3o com os clubes"},"content":{"rendered":"\n<p>No Campeonato Carioca, temas como a qualidade da bola e o estado dos gramados t\u00eam sido alvos de cr\u00edticas frequentes por jogadores, t\u00e9cnicos e torcedores. Por isso, a Federa\u00e7\u00e3o de Futebol do Estado do Rio de Janeiro (FERJ) convocou uma reuni\u00e3o com representantes dos clubes, membros das comiss\u00f5es t\u00e9cnicas, jogadores e imprensa para discutir esses problemas. O encontro acontecer\u00e1 na pr\u00f3xima quinta-feira (13), e visa resolver quest\u00f5es que t\u00eam impactado o desempenho das equipes e a experi\u00eancia dos f\u00e3s.<\/p>\n\n\n\n<blockquote class=\"twitter-tweet\"><p lang=\"pt\" dir=\"ltr\">FERJ marca reuni\u00e3o com clubes para debater a bola e a qualidade de alguns gramados do Campeonato Carioca.<br><br>O evento ser\u00e1 nesta quinta-feira e ter\u00e1 a presen\u00e7a da imprensa.<br><br>Jogadores, membros de comiss\u00f5es t\u00e9cnicas e representantes dos clubes tamb\u00e9m foram convidados.<br><br>\ud83d\uddde\u2026 <a href=\"https:\/\/t.co\/fVx1Gc9f91\">pic.twitter.com\/fVx1Gc9f91<\/a><\/p>&mdash; Planeta do Futebol \ud83c\udf0e (@futebol_info) <a href=\"https:\/\/twitter.com\/futebol_info\/status\/1889349547182215358?ref_src=twsrc%5Etfw\">February 11, 2025<\/a><\/blockquote> <script async src=\"https:\/\/platform.twitter.com\/widgets.js\" charset=\"utf-8\"><\/script>\n\n\n\n<h2 class=\"wp-block-heading\" id=\"h-bola-do-campeonato-carioca-gera-conflito-de-opinioes\">Bola do Campeonato Carioca gera conflito de opini\u00f5es<\/h2>\n\n\n\n<p>A qualidade da bola tem sido um dos principais pontos de disc\u00f3rdia entre os jogadores. Filipe Lu\u00eds e Rossi, do Flamengo, e Guga, do Fluminense, se manifestaram contra o material utilizado no estadual. A Penalty, fornecedora oficial da bola, respondeu \u00e0s cr\u00edticas afirmando que o modelo S11 Ecoknit segue todos os par\u00e2metros exigidos pela FIFA e possui o selo FIFA Quality Pro, garantindo sua alta performance. Dessa maneira, a empresa reafirma o compromisso com a qualidade do produto, buscando tranquilizar os jogadores e a comiss\u00e3o t\u00e9cnica.<\/p>\n\n\n\n<p>Por que essas cr\u00edticas se intensificaram? Isso porque, em campo, a bola parece apresentar caracter\u00edsticas que dificultam o controle e o passe, fatores cruciais para o jogo de alto n\u00edvel que as equipes do Carioca buscam. Sendo assim, a reuni\u00e3o pode ser decisiva para um consenso entre os envolvidos.<\/p>\n\n\n\n<h2 class=\"wp-block-heading\" id=\"h-mano-menezes-e-filipe-luis-criticaram-o-gramado\">Mano Menezes e Filipe Lu\u00eds criticaram o gramado<\/h2>\n\n\n\n<p>Al\u00e9m disso, os gramados dos est\u00e1dios tamb\u00e9m est\u00e3o no centro das discuss\u00f5es. O Maracan\u00e3, por exemplo, foi alvo de cr\u00edticas por Mano Menezes, t\u00e9cnico do Fluminense, ap\u00f3s o cl\u00e1ssico contra o Flamengo. Segundo Menezes, o gramado estava &#8220;muito duro&#8221;, o que dificultou a mobilidade dos jogadores. Ele explicou que uma resina foi aplicada no campo no in\u00edcio da temporada, o que tornou o piso mais dif\u00edcil nos primeiros jogos. <\/p>\n\n\n\n<p>&#8220;O gramado est\u00e1 muito duro, todos os jogadores est\u00e3o reclamando muito. O pessoal que cuida explicou que, no in\u00edcio da temporada, colocaram uma resina, e essa resina faz com que os primeiros jogos sejam dif\u00edceis em termos de piso. Todo mundo saiu reclamando um pouco, talvez o Thiago Silva tenha tamb\u00e9m sofrido alguma coisa&#8221;, disse o treinador do Fluminense.<\/p>\n\n\n\n<p>Filipe Lu\u00eds tamb\u00e9m comentou sobre a situa\u00e7\u00e3o do Maracan\u00e3, classificando-a como uma &#8220;briga eterna&#8221; devido \u00e0s dificuldades constantes com o gramado. <\/p>\n\n\n\n<p>&#8220;Briga eterna. Eu entendo que \u00e9 muito quente, cuidar de um gramado n\u00e3o deve ser f\u00e1cil. Temos que pensar nos jogadores e fazer um investimento. Se tiver que trocar o gramado e fazer um investimento alto, tem que fazer. O clima aqui \u00e9 extremo. Para o telespectador \u00e9 um jogo mais chato, complica muito&#8221;, afirmou o t\u00e9cnico.<\/p>\n\n\n\n<p>Com isso, a FERJ tem a miss\u00e3o de encontrar solu\u00e7\u00f5es para esses problemas, que afetam diretamente o desempenho t\u00e9cnico das equipes e a qualidade dos jogos. \u00c9 essencial que a entidade tome medidas r\u00e1pidas e eficazes, garantindo que o Campeonato Carioca continue a ser uma competi\u00e7\u00e3o de alto n\u00edvel.<\/p>\n\n\n\n<h2 class=\"wp-block-heading\" id=\"h-outros-estadios-tambem-em-pauta\">Outros est\u00e1dios tamb\u00e9m em pauta<\/h2>\n\n\n\n<p>Al\u00e9m do Maracan\u00e3, gramados de outros est\u00e1dios, como o Est\u00e1dio Lourival Gomes e Mo\u00e7a Bonita, tamb\u00e9m est\u00e3o sendo discutidos. Cabe ressaltar que a qualidade do campo n\u00e3o afeta apenas o desempenho dos jogadores, mas tamb\u00e9m a est\u00e9tica das partidas e a experi\u00eancia do torcedor que acompanha os jogos. Dessa maneira, \u00e9 crucial que a FERJ tome a\u00e7\u00f5es concretas para resolver esses problemas de forma eficaz.<\/p>\n","protected":false},"excerpt":{"rendered":"<p>No Campeonato Carioca, temas como a qualidade da bola e o estado dos gramados t\u00eam sido alvos de cr\u00edticas frequentes por jogadores, t\u00e9cnicos e torcedores. Por isso, a Federa\u00e7\u00e3o de Futebol do Estado do Rio de Janeiro (FERJ) convocou uma reuni\u00e3o com representantes dos clubes, membros das comiss\u00f5es t\u00e9cnicas, jogadores e imprensa para discutir esses [&hellip;]<\/p>\n","protected":false},"author":24,"featured_media":126532,"comment_status":"open","ping_status":"closed","sticky":false,"template":"","format":"standard","meta":{"footnotes":""},"categories":[138,1,145,152],"tags":[],"class_list":["post-226284","post","type-post","status-publish","format-standard","has-post-thumbnail","hentry","category-botafogo","category-flamengo","category-fluminense","category-vasco"],"yoast_head":"<!-- This site is optimized with the Yoast SEO Premium plugin v24.2 (Yoast SEO v26.9) - https:\/\/yoast.com\/product\/yoast-seo-premium-wordpress\/ -->\n<title>Campeonato Carioca: FERJ marca reuni\u00e3o com os clubes<\/title>\n<meta name=\"robots\" content=\"index, follow, max-snippet:-1, max-image-preview:large, max-video-preview:-1\" \/>\n<link rel=\"canonical\" href=\"https:\/\/www.gaveanews.com\/index.php\/2025\/02\/11\/campeonato-carioca-ferj-marca-reuniao-com-os-clubes\/\" \/>\n<meta property=\"og:locale\" content=\"pt_BR\" \/>\n<meta property=\"og:type\" content=\"article\" \/>\n<meta property=\"og:title\" content=\"Campeonato Carioca: FERJ marca reuni\u00e3o com os clubes\" \/>\n<meta property=\"og:description\" content=\"No Campeonato Carioca, temas como a qualidade da bola e o estado dos gramados t\u00eam sido alvos de cr\u00edticas frequentes por jogadores, t\u00e9cnicos e torcedores. Por isso, a Federa\u00e7\u00e3o de Futebol do Estado do Rio de Janeiro (FERJ) convocou uma reuni\u00e3o com representantes dos clubes, membros das comiss\u00f5es t\u00e9cnicas, jogadores e imprensa para discutir esses [&hellip;]\" \/>\n<meta property=\"og:url\" content=\"https:\/\/www.gaveanews.com\/index.php\/2025\/02\/11\/campeonato-carioca-ferj-marca-reuniao-com-os-clubes\/\" \/>\n<meta property=\"og:site_name\" content=\"G\u00e1vea News\" \/>\n<meta property=\"article:publisher\" content=\"https:\/\/facebook.com\/gaveaNews\/\" \/>\n<meta property=\"article:published_time\" content=\"2025-02-11T21:30:00+00:00\" \/>\n<meta property=\"og:image\" content=\"https:\/\/www.gaveanews.com\/wp-content\/uploads\/chrome_zy2GleMuvA.webp\" \/>\n\t<meta property=\"og:image:width\" content=\"1576\" \/>\n\t<meta property=\"og:image:height\" content=\"925\" \/>\n\t<meta property=\"og:image:type\" content=\"image\/png\" \/>\n<meta name=\"author\" content=\"Leandro Cardoso\" \/>\n<meta name=\"twitter:card\" content=\"summary_large_image\" \/>\n<meta name=\"twitter:label1\" content=\"Escrito por\" \/>\n\t<meta name=\"twitter:data1\" content=\"Leandro Cardoso\" \/>\n\t<meta name=\"twitter:label2\" content=\"Est. tempo de leitura\" \/>\n\t<meta name=\"twitter:data2\" content=\"4 minutos\" \/>\n<script type=\"application\/ld+json\" class=\"yoast-schema-graph\">{\"@context\":\"https:\/\/schema.org\",\"@graph\":[{\"@type\":\"NewsArticle\",\"@id\":\"https:\/\/www.gaveanews.com\/index.php\/2025\/02\/11\/campeonato-carioca-ferj-marca-reuniao-com-os-clubes\/#article\",\"isPartOf\":{\"@id\":\"https:\/\/www.gaveanews.com\/index.php\/2025\/02\/11\/campeonato-carioca-ferj-marca-reuniao-com-os-clubes\/\"},\"author\":{\"name\":\"Leandro Cardoso\",\"@id\":\"https:\/\/www.gaveanews.com\/#\/schema\/person\/2424ec6409bc3f068411fc5e4e9b6168\"},\"headline\":\"Campeonato Carioca: FERJ marca reuni\u00e3o com os clubes\",\"datePublished\":\"2025-02-11T21:30:00+00:00\",\"mainEntityOfPage\":{\"@id\":\"https:\/\/www.gaveanews.com\/index.php\/2025\/02\/11\/campeonato-carioca-ferj-marca-reuniao-com-os-clubes\/\"},\"wordCount\":681,\"commentCount\":0,\"image\":{\"@id\":\"https:\/\/www.gaveanews.com\/index.php\/2025\/02\/11\/campeonato-carioca-ferj-marca-reuniao-com-os-clubes\/#primaryimage\"},\"thumbnailUrl\":\"https:\/\/www.gaveanews.com\/wp-content\/uploads\/chrome_zy2GleMuvA.webp\",\"articleSection\":[\"Botafogo\",\"Flamengo\",\"Fluminense\",\"Vasco\"],\"inLanguage\":\"pt-BR\",\"potentialAction\":[{\"@type\":\"CommentAction\",\"name\":\"Comment\",\"target\":[\"https:\/\/www.gaveanews.com\/index.php\/2025\/02\/11\/campeonato-carioca-ferj-marca-reuniao-com-os-clubes\/#respond\"]}],\"copyrightYear\":\"2025\",\"copyrightHolder\":{\"@id\":\"https:\/\/www.gaveanews.com\/#organization\"}},{\"@type\":\"WebPage\",\"@id\":\"https:\/\/www.gaveanews.com\/index.php\/2025\/02\/11\/campeonato-carioca-ferj-marca-reuniao-com-os-clubes\/\",\"url\":\"https:\/\/www.gaveanews.com\/index.php\/2025\/02\/11\/campeonato-carioca-ferj-marca-reuniao-com-os-clubes\/\",\"name\":\"Campeonato Carioca: FERJ marca reuni\u00e3o com os clubes\",\"isPartOf\":{\"@id\":\"https:\/\/www.gaveanews.com\/#website\"},\"primaryImageOfPage\":{\"@id\":\"https:\/\/www.gaveanews.com\/index.php\/2025\/02\/11\/campeonato-carioca-ferj-marca-reuniao-com-os-clubes\/#primaryimage\"},\"image\":{\"@id\":\"https:\/\/www.gaveanews.com\/index.php\/2025\/02\/11\/campeonato-carioca-ferj-marca-reuniao-com-os-clubes\/#primaryimage\"},\"thumbnailUrl\":\"https:\/\/www.gaveanews.com\/wp-content\/uploads\/chrome_zy2GleMuvA.webp\",\"datePublished\":\"2025-02-11T21:30:00+00:00\",\"author\":{\"@id\":\"https:\/\/www.gaveanews.com\/#\/schema\/person\/2424ec6409bc3f068411fc5e4e9b6168\"},\"breadcrumb\":{\"@id\":\"https:\/\/www.gaveanews.com\/index.php\/2025\/02\/11\/campeonato-carioca-ferj-marca-reuniao-com-os-clubes\/#breadcrumb\"},\"inLanguage\":\"pt-BR\",\"potentialAction\":[{\"@type\":\"ReadAction\",\"target\":[\"https:\/\/www.gaveanews.com\/index.php\/2025\/02\/11\/campeonato-carioca-ferj-marca-reuniao-com-os-clubes\/\"]}]},{\"@type\":\"ImageObject\",\"inLanguage\":\"pt-BR\",\"@id\":\"https:\/\/www.gaveanews.com\/index.php\/2025\/02\/11\/campeonato-carioca-ferj-marca-reuniao-com-os-clubes\/#primaryimage\",\"url\":\"https:\/\/www.gaveanews.com\/wp-content\/uploads\/chrome_zy2GleMuvA.webp\",\"contentUrl\":\"https:\/\/www.gaveanews.com\/wp-content\/uploads\/chrome_zy2GleMuvA.webp\",\"width\":1576,\"height\":925,\"caption\":\"FERJ\"},{\"@type\":\"BreadcrumbList\",\"@id\":\"https:\/\/www.gaveanews.com\/index.php\/2025\/02\/11\/campeonato-carioca-ferj-marca-reuniao-com-os-clubes\/#breadcrumb\",\"itemListElement\":[{\"@type\":\"ListItem\",\"position\":1,\"name\":\"Home\",\"item\":\"https:\/\/www.gaveanews.com\/\"},{\"@type\":\"ListItem\",\"position\":2,\"name\":\"Campeonato Carioca: FERJ marca reuni\u00e3o com os clubes\"}]},{\"@type\":\"WebSite\",\"@id\":\"https:\/\/www.gaveanews.com\/#website\",\"url\":\"https:\/\/www.gaveanews.com\/\",\"name\":\"G\u00e1vea News\",\"description\":\"Veja todas as not\u00edcias sobre o Flamengo: Contrata\u00e7\u00f5es, categorias de base, resultados das partidas, tabela de classifica\u00e7\u00e3o, pr\u00f3ximos jogos!\",\"potentialAction\":[{\"@type\":\"SearchAction\",\"target\":{\"@type\":\"EntryPoint\",\"urlTemplate\":\"https:\/\/www.gaveanews.com\/?s={search_term_string}\"},\"query-input\":{\"@type\":\"PropertyValueSpecification\",\"valueRequired\":true,\"valueName\":\"search_term_string\"}}],\"inLanguage\":\"pt-BR\"},{\"@type\":\"Person\",\"@id\":\"https:\/\/www.gaveanews.com\/#\/schema\/person\/2424ec6409bc3f068411fc5e4e9b6168\",\"name\":\"Leandro Cardoso\",\"image\":{\"@type\":\"ImageObject\",\"inLanguage\":\"pt-BR\",\"@id\":\"https:\/\/www.gaveanews.com\/#\/schema\/person\/image\/\",\"url\":\"https:\/\/secure.gravatar.com\/avatar\/8ca179f9b55eefe9f376f5493ef25475bfa59fbc28ce937f6076ce20e523098f?s=96&d=mm&r=g\",\"contentUrl\":\"https:\/\/secure.gravatar.com\/avatar\/8ca179f9b55eefe9f376f5493ef25475bfa59fbc28ce937f6076ce20e523098f?s=96&d=mm&r=g\",\"caption\":\"Leandro Cardoso\"}}]}<\/script>\n<!-- \/ Yoast SEO Premium plugin. -->","yoast_head_json":{"title":"Campeonato Carioca: FERJ marca reuni\u00e3o com os clubes","robots":{"index":"index","follow":"follow","max-snippet":"max-snippet:-1","max-image-preview":"max-image-preview:large","max-video-preview":"max-video-preview:-1"},"canonical":"https:\/\/www.gaveanews.com\/index.php\/2025\/02\/11\/campeonato-carioca-ferj-marca-reuniao-com-os-clubes\/","og_locale":"pt_BR","og_type":"article","og_title":"Campeonato Carioca: FERJ marca reuni\u00e3o com os clubes","og_description":"No Campeonato Carioca, temas como a qualidade da bola e o estado dos gramados t\u00eam sido alvos de cr\u00edticas frequentes por jogadores, t\u00e9cnicos e torcedores. Por isso, a Federa\u00e7\u00e3o de Futebol do Estado do Rio de Janeiro (FERJ) convocou uma reuni\u00e3o com representantes dos clubes, membros das comiss\u00f5es t\u00e9cnicas, jogadores e imprensa para discutir esses [&hellip;]","og_url":"https:\/\/www.gaveanews.com\/index.php\/2025\/02\/11\/campeonato-carioca-ferj-marca-reuniao-com-os-clubes\/","og_site_name":"G\u00e1vea News","article_publisher":"https:\/\/facebook.com\/gaveaNews\/","article_published_time":"2025-02-11T21:30:00+00:00","og_image":[{"width":1576,"height":925,"url":"https:\/\/www.gaveanews.com\/wp-content\/uploads\/chrome_zy2GleMuvA.webp","type":"image\/png"}],"author":"Leandro Cardoso","twitter_card":"summary_large_image","twitter_misc":{"Escrito por":"Leandro Cardoso","Est. tempo de leitura":"4 minutos"},"schema":{"@context":"https:\/\/schema.org","@graph":[{"@type":"NewsArticle","@id":"https:\/\/www.gaveanews.com\/index.php\/2025\/02\/11\/campeonato-carioca-ferj-marca-reuniao-com-os-clubes\/#article","isPartOf":{"@id":"https:\/\/www.gaveanews.com\/index.php\/2025\/02\/11\/campeonato-carioca-ferj-marca-reuniao-com-os-clubes\/"},"author":{"name":"Leandro Cardoso","@id":"https:\/\/www.gaveanews.com\/#\/schema\/person\/2424ec6409bc3f068411fc5e4e9b6168"},"headline":"Campeonato Carioca: FERJ marca reuni\u00e3o com os clubes","datePublished":"2025-02-11T21:30:00+00:00","mainEntityOfPage":{"@id":"https:\/\/www.gaveanews.com\/index.php\/2025\/02\/11\/campeonato-carioca-ferj-marca-reuniao-com-os-clubes\/"},"wordCount":681,"commentCount":0,"image":{"@id":"https:\/\/www.gaveanews.com\/index.php\/2025\/02\/11\/campeonato-carioca-ferj-marca-reuniao-com-os-clubes\/#primaryimage"},"thumbnailUrl":"https:\/\/www.gaveanews.com\/wp-content\/uploads\/chrome_zy2GleMuvA.webp","articleSection":["Botafogo","Flamengo","Fluminense","Vasco"],"inLanguage":"pt-BR","potentialAction":[{"@type":"CommentAction","name":"Comment","target":["https:\/\/www.gaveanews.com\/index.php\/2025\/02\/11\/campeonato-carioca-ferj-marca-reuniao-com-os-clubes\/#respond"]}],"copyrightYear":"2025","copyrightHolder":{"@id":"https:\/\/www.gaveanews.com\/#organization"}},{"@type":"WebPage","@id":"https:\/\/www.gaveanews.com\/index.php\/2025\/02\/11\/campeonato-carioca-ferj-marca-reuniao-com-os-clubes\/","url":"https:\/\/www.gaveanews.com\/index.php\/2025\/02\/11\/campeonato-carioca-ferj-marca-reuniao-com-os-clubes\/","name":"Campeonato Carioca: FERJ marca reuni\u00e3o com os clubes","isPartOf":{"@id":"https:\/\/www.gaveanews.com\/#website"},"primaryImageOfPage":{"@id":"https:\/\/www.gaveanews.com\/index.php\/2025\/02\/11\/campeonato-carioca-ferj-marca-reuniao-com-os-clubes\/#primaryimage"},"image":{"@id":"https:\/\/www.gaveanews.com\/index.php\/2025\/02\/11\/campeonato-carioca-ferj-marca-reuniao-com-os-clubes\/#primaryimage"},"thumbnailUrl":"https:\/\/www.gaveanews.com\/wp-content\/uploads\/chrome_zy2GleMuvA.webp","datePublished":"2025-02-11T21:30:00+00:00","author":{"@id":"https:\/\/www.gaveanews.com\/#\/schema\/person\/2424ec6409bc3f068411fc5e4e9b6168"},"breadcrumb":{"@id":"https:\/\/www.gaveanews.com\/index.php\/2025\/02\/11\/campeonato-carioca-ferj-marca-reuniao-com-os-clubes\/#breadcrumb"},"inLanguage":"pt-BR","potentialAction":[{"@type":"ReadAction","target":["https:\/\/www.gaveanews.com\/index.php\/2025\/02\/11\/campeonato-carioca-ferj-marca-reuniao-com-os-clubes\/"]}]},{"@type":"ImageObject","inLanguage":"pt-BR","@id":"https:\/\/www.gaveanews.com\/index.php\/2025\/02\/11\/campeonato-carioca-ferj-marca-reuniao-com-os-clubes\/#primaryimage","url":"https:\/\/www.gaveanews.com\/wp-content\/uploads\/chrome_zy2GleMuvA.webp","contentUrl":"https:\/\/www.gaveanews.com\/wp-content\/uploads\/chrome_zy2GleMuvA.webp","width":1576,"height":925,"caption":"FERJ"},{"@type":"BreadcrumbList","@id":"https:\/\/www.gaveanews.com\/index.php\/2025\/02\/11\/campeonato-carioca-ferj-marca-reuniao-com-os-clubes\/#breadcrumb","itemListElement":[{"@type":"ListItem","position":1,"name":"Home","item":"https:\/\/www.gaveanews.com\/"},{"@type":"ListItem","position":2,"name":"Campeonato Carioca: FERJ marca reuni\u00e3o com os clubes"}]},{"@type":"WebSite","@id":"https:\/\/www.gaveanews.com\/#website","url":"https:\/\/www.gaveanews.com\/","name":"G\u00e1vea News","description":"Veja todas as not\u00edcias sobre o Flamengo: Contrata\u00e7\u00f5es, categorias de base, resultados das partidas, tabela de classifica\u00e7\u00e3o, pr\u00f3ximos jogos!","potentialAction":[{"@type":"SearchAction","target":{"@type":"EntryPoint","urlTemplate":"https:\/\/www.gaveanews.com\/?s={search_term_string}"},"query-input":{"@type":"PropertyValueSpecification","valueRequired":true,"valueName":"search_term_string"}}],"inLanguage":"pt-BR"},{"@type":"Person","@id":"https:\/\/www.gaveanews.com\/#\/schema\/person\/2424ec6409bc3f068411fc5e4e9b6168","name":"Leandro Cardoso","image":{"@type":"ImageObject","inLanguage":"pt-BR","@id":"https:\/\/www.gaveanews.com\/#\/schema\/person\/image\/","url":"https:\/\/secure.gravatar.com\/avatar\/8ca179f9b55eefe9f376f5493ef25475bfa59fbc28ce937f6076ce20e523098f?s=96&d=mm&r=g","contentUrl":"https:\/\/secure.gravatar.com\/avatar\/8ca179f9b55eefe9f376f5493ef25475bfa59fbc28ce937f6076ce20e523098f?s=96&d=mm&r=g","caption":"Leandro Cardoso"}}]}},"_links":{"self":[{"href":"https:\/\/www.gaveanews.com\/index.php\/wp-json\/wp\/v2\/posts\/226284","targetHints":{"allow":["GET"]}}],"collection":[{"href":"https:\/\/www.gaveanews.com\/index.php\/wp-json\/wp\/v2\/posts"}],"about":[{"href":"https:\/\/www.gaveanews.com\/index.php\/wp-json\/wp\/v2\/types\/post"}],"author":[{"embeddable":true,"href":"https:\/\/www.gaveanews.com\/index.php\/wp-json\/wp\/v2\/users\/24"}],"replies":[{"embeddable":true,"href":"https:\/\/www.gaveanews.com\/index.php\/wp-json\/wp\/v2\/comments?post=226284"}],"version-history":[{"count":1,"href":"https:\/\/www.gaveanews.com\/index.php\/wp-json\/wp\/v2\/posts\/226284\/revisions"}],"predecessor-version":[{"id":226290,"href":"https:\/\/www.gaveanews.com\/index.php\/wp-json\/wp\/v2\/posts\/226284\/revisions\/226290"}],"wp:featuredmedia":[{"embeddable":true,"href":"https:\/\/www.gaveanews.com\/index.php\/wp-json\/wp\/v2\/media\/126532"}],"wp:attachment":[{"href":"https:\/\/www.gaveanews.com\/index.php\/wp-json\/wp\/v2\/media?parent=226284"}],"wp:term":[{"taxonomy":"category","embeddable":true,"href":"https:\/\/www.gaveanews.com\/index.php\/wp-json\/wp\/v2\/categories?post=226284"},{"taxonomy":"post_tag","embeddable":true,"href":"https:\/\/www.gaveanews.com\/index.php\/wp-json\/wp\/v2\/tags?post=226284"}],"curies":[{"name":"wp","href":"https:\/\/api.w.org\/{rel}","templated":true}]}}