{"id":226312,"date":"2025-02-11T18:15:00","date_gmt":"2025-02-11T21:15:00","guid":{"rendered":"https:\/\/www.gaveanews.com\/?p=226312"},"modified":"2025-02-11T17:19:06","modified_gmt":"2025-02-11T20:19:06","slug":"santos-esta-proximo-de-fechar-contratacao-veja-detalhes","status":"publish","type":"post","link":"https:\/\/www.gaveanews.com\/index.php\/2025\/02\/11\/santos-esta-proximo-de-fechar-contratacao-veja-detalhes\/","title":{"rendered":"Santos est\u00e1 proximo de fechar contrata\u00e7\u00e3o; veja detalhes"},"content":{"rendered":"\n<h2 class=\"wp-block-heading\" id=\"h-santos-retoma-negociacoes-e-encaminha-retorno-de-thiago-maia\">Santos retoma negocia\u00e7\u00f5es e encaminha retorno de Thiago Maia<\/h2>\n\n\n\n<p>O Santos retomou as negocia\u00e7\u00f5es para contratar Thiago Maia, do Internacional. Ap\u00f3s desistir do neg\u00f3cio no in\u00edcio do ano, a diretoria do clube paulista voltou a conversar com o Colorado e est\u00e1 pr\u00f3xima de um acordo pelo volante revelado na base santista.<\/p>\n\n\n\n<figure class=\"wp-block-image size-full\"><img loading=\"lazy\" decoding=\"async\" width=\"774\" height=\"508\" src=\"http:\/\/www.gaveanews.com\/wp-content\/uploads\/Thiago-Maia-em-acao-pelo-Internacional.webp\" alt=\"\" class=\"wp-image-169849\" srcset=\"https:\/\/www.gaveanews.com\/wp-content\/uploads\/Thiago-Maia-em-acao-pelo-Internacional.webp 774w, https:\/\/www.gaveanews.com\/wp-content\/uploads\/Thiago-Maia-em-acao-pelo-Internacional-300x197.webp 300w, https:\/\/www.gaveanews.com\/wp-content\/uploads\/Thiago-Maia-em-acao-pelo-Internacional-768x504.webp 768w, https:\/\/www.gaveanews.com\/wp-content\/uploads\/Thiago-Maia-em-acao-pelo-Internacional-640x420.webp 640w, https:\/\/www.gaveanews.com\/wp-content\/uploads\/Thiago-Maia-em-acao-pelo-Internacional-681x447.webp 681w, https:\/\/www.gaveanews.com\/wp-content\/uploads\/Thiago-Maia-em-acao-pelo-Internacional-100x66.webp 100w\" sizes=\"auto, (max-width: 774px) 100vw, 774px\" \/><figcaption class=\"wp-element-caption\">Thiago Maia em a\u00e7\u00e3o pelo Internacional (Foto: Divulga\u00e7\u00e3o\/Internacional)<\/figcaption><\/figure>\n\n\n\n<p>A busca por refor\u00e7os no meio de campo levou o Santos a reavaliar a contrata\u00e7\u00e3o de Thiago Maia. A diretoria considera que o setor ofensivo est\u00e1 bem servido ap\u00f3s o acerto com Benjam\u00edn Rollheiser, do Benfica, e agora foca na chegada de volantes para fortalecer a equipe comandada por Pedro Caixinha. A necessidade se tornou ainda mais evidente com a fase inst\u00e1vel de Jo\u00e3o Schmidt e Diego Pituca, al\u00e9m da preocupa\u00e7\u00e3o com a sequ\u00eancia de jogos de Tom\u00e1s Rinc\u00f3n, que, aos 37 anos, \u00e9 considerado pe\u00e7a fundamental, mas precisa de um substituto para rodagem ao longo da temporada.<\/p>\n\n\n\n<p>No fim de 2024, o Santos esteve muito pr\u00f3ximo de fechar com Thiago Maia, mas a negocia\u00e7\u00e3o foi interrompida na reta final. Na \u00e9poca, o clube pagaria 6,5 milh\u00f5es de euros (R$ 41 milh\u00f5es na cota\u00e7\u00e3o da \u00e9poca), assumindo parte da d\u00edvida do Internacional com o Flamengo, referente \u00e0 compra do volante. Agora, os valores seguem os mesmos, e o Santos encaminha o neg\u00f3cio com um formato semelhante: pagaria 2,5 milh\u00f5es de euros (R$ 14,9 milh\u00f5es) diretamente ao Inter e assumiria os 4 milh\u00f5es de euros (R$ 23,8 milh\u00f5es) que os ga\u00fachos ainda devem ao Flamengo, totalizando 6,5 milh\u00f5es de euros (R$ 38,7 milh\u00f5es).<\/p>\n\n\n\n<p>A negocia\u00e7\u00e3o avan\u00e7ou nos \u00faltimos dias e, segundo fontes ligadas ao clube, o acerto j\u00e1 est\u00e1 90% encaminhado. Restam apenas detalhes burocr\u00e1ticos para a conclus\u00e3o do acordo. O Internacional aceitou os termos propostos pelo Peixe, e a expectativa \u00e9 que o desfecho ocorra em breve.<\/p>\n\n\n\n<p>Apesar de ser titular do Internacional no Campeonato Ga\u00facho e ter atuado nas seis partidas da equipe na competi\u00e7\u00e3o, Thiago Maia v\u00ea com bons olhos o retorno \u00e0 Vila Belmiro. O jogador tem uma rela\u00e7\u00e3o especial com o Santos, clube que o revelou, e se anima com a possibilidade de voltar a vestir a camisa alvinegra.<\/p>\n\n\n\n<p>A retomada das conversas contou com a participa\u00e7\u00e3o direta de Neymar e de seu pai, Neymar da Silva Santos, que foram pe\u00e7as-chave na insist\u00eancia para que o Peixe refizesse a proposta. A proximidade entre as partes facilitou a reaproxima\u00e7\u00e3o, e agora o clube paulista se prepara para anunciar mais um refor\u00e7o para a temporada.<\/p>\n","protected":false},"excerpt":{"rendered":"<p>Santos retoma negocia\u00e7\u00f5es e encaminha retorno de Thiago Maia O Santos retomou as negocia\u00e7\u00f5es para contratar Thiago Maia, do Internacional. Ap\u00f3s desistir do neg\u00f3cio no in\u00edcio do ano, a diretoria do clube paulista voltou a conversar com o Colorado e est\u00e1 pr\u00f3xima de um acordo pelo volante revelado na base santista. A busca por refor\u00e7os [&hellip;]<\/p>\n","protected":false},"author":17,"featured_media":165619,"comment_status":"open","ping_status":"closed","sticky":false,"template":"","format":"standard","meta":{"footnotes":""},"categories":[139],"tags":[],"class_list":["post-226312","post","type-post","status-publish","format-standard","has-post-thumbnail","hentry","category-santos"],"yoast_head":"<!-- This site is optimized with the Yoast SEO Premium plugin v24.2 (Yoast SEO v26.9) - https:\/\/yoast.com\/product\/yoast-seo-premium-wordpress\/ -->\n<title>Santos est\u00e1 proximo de fechar contrata\u00e7\u00e3o; veja detalhes<\/title>\n<meta name=\"robots\" content=\"index, follow, max-snippet:-1, max-image-preview:large, max-video-preview:-1\" \/>\n<link rel=\"canonical\" href=\"https:\/\/www.gaveanews.com\/index.php\/2025\/02\/11\/santos-esta-proximo-de-fechar-contratacao-veja-detalhes\/\" \/>\n<meta property=\"og:locale\" content=\"pt_BR\" \/>\n<meta property=\"og:type\" content=\"article\" \/>\n<meta property=\"og:title\" content=\"Santos est\u00e1 proximo de fechar contrata\u00e7\u00e3o; veja detalhes\" \/>\n<meta property=\"og:description\" content=\"Santos retoma negocia\u00e7\u00f5es e encaminha retorno de Thiago Maia O Santos retomou as negocia\u00e7\u00f5es para contratar Thiago Maia, do Internacional. Ap\u00f3s desistir do neg\u00f3cio no in\u00edcio do ano, a diretoria do clube paulista voltou a conversar com o Colorado e est\u00e1 pr\u00f3xima de um acordo pelo volante revelado na base santista. A busca por refor\u00e7os [&hellip;]\" \/>\n<meta property=\"og:url\" content=\"https:\/\/www.gaveanews.com\/index.php\/2025\/02\/11\/santos-esta-proximo-de-fechar-contratacao-veja-detalhes\/\" \/>\n<meta property=\"og:site_name\" content=\"G\u00e1vea News\" \/>\n<meta property=\"article:publisher\" content=\"https:\/\/facebook.com\/gaveaNews\/\" \/>\n<meta property=\"article:published_time\" content=\"2025-02-11T21:15:00+00:00\" \/>\n<meta property=\"og:image\" content=\"https:\/\/www.gaveanews.com\/wp-content\/uploads\/Escudo-do-Santos-2.webp\" \/>\n\t<meta property=\"og:image:width\" content=\"1424\" \/>\n\t<meta property=\"og:image:height\" content=\"949\" \/>\n\t<meta property=\"og:image:type\" content=\"image\/webp\" \/>\n<meta name=\"author\" content=\"Geovanna Thomaz\" \/>\n<meta name=\"twitter:card\" content=\"summary_large_image\" \/>\n<meta name=\"twitter:label1\" content=\"Escrito por\" \/>\n\t<meta name=\"twitter:data1\" content=\"Geovanna Thomaz\" \/>\n\t<meta name=\"twitter:label2\" content=\"Est. tempo de leitura\" \/>\n\t<meta name=\"twitter:data2\" content=\"3 minutos\" \/>\n<script type=\"application\/ld+json\" class=\"yoast-schema-graph\">{\"@context\":\"https:\/\/schema.org\",\"@graph\":[{\"@type\":\"NewsArticle\",\"@id\":\"https:\/\/www.gaveanews.com\/index.php\/2025\/02\/11\/santos-esta-proximo-de-fechar-contratacao-veja-detalhes\/#article\",\"isPartOf\":{\"@id\":\"https:\/\/www.gaveanews.com\/index.php\/2025\/02\/11\/santos-esta-proximo-de-fechar-contratacao-veja-detalhes\/\"},\"author\":{\"name\":\"Geovanna Thomaz\",\"@id\":\"https:\/\/www.gaveanews.com\/#\/schema\/person\/f42654babcd2b2014a1a65af82b081f1\"},\"headline\":\"Santos est\u00e1 proximo de fechar contrata\u00e7\u00e3o; veja detalhes\",\"datePublished\":\"2025-02-11T21:15:00+00:00\",\"mainEntityOfPage\":{\"@id\":\"https:\/\/www.gaveanews.com\/index.php\/2025\/02\/11\/santos-esta-proximo-de-fechar-contratacao-veja-detalhes\/\"},\"wordCount\":457,\"commentCount\":0,\"image\":{\"@id\":\"https:\/\/www.gaveanews.com\/index.php\/2025\/02\/11\/santos-esta-proximo-de-fechar-contratacao-veja-detalhes\/#primaryimage\"},\"thumbnailUrl\":\"https:\/\/www.gaveanews.com\/wp-content\/uploads\/Escudo-do-Santos-2.webp\",\"articleSection\":[\"Santos\"],\"inLanguage\":\"pt-BR\",\"potentialAction\":[{\"@type\":\"CommentAction\",\"name\":\"Comment\",\"target\":[\"https:\/\/www.gaveanews.com\/index.php\/2025\/02\/11\/santos-esta-proximo-de-fechar-contratacao-veja-detalhes\/#respond\"]}],\"copyrightYear\":\"2025\",\"copyrightHolder\":{\"@id\":\"https:\/\/www.gaveanews.com\/#organization\"}},{\"@type\":\"WebPage\",\"@id\":\"https:\/\/www.gaveanews.com\/index.php\/2025\/02\/11\/santos-esta-proximo-de-fechar-contratacao-veja-detalhes\/\",\"url\":\"https:\/\/www.gaveanews.com\/index.php\/2025\/02\/11\/santos-esta-proximo-de-fechar-contratacao-veja-detalhes\/\",\"name\":\"Santos est\u00e1 proximo de fechar contrata\u00e7\u00e3o; veja detalhes\",\"isPartOf\":{\"@id\":\"https:\/\/www.gaveanews.com\/#website\"},\"primaryImageOfPage\":{\"@id\":\"https:\/\/www.gaveanews.com\/index.php\/2025\/02\/11\/santos-esta-proximo-de-fechar-contratacao-veja-detalhes\/#primaryimage\"},\"image\":{\"@id\":\"https:\/\/www.gaveanews.com\/index.php\/2025\/02\/11\/santos-esta-proximo-de-fechar-contratacao-veja-detalhes\/#primaryimage\"},\"thumbnailUrl\":\"https:\/\/www.gaveanews.com\/wp-content\/uploads\/Escudo-do-Santos-2.webp\",\"datePublished\":\"2025-02-11T21:15:00+00:00\",\"author\":{\"@id\":\"https:\/\/www.gaveanews.com\/#\/schema\/person\/f42654babcd2b2014a1a65af82b081f1\"},\"breadcrumb\":{\"@id\":\"https:\/\/www.gaveanews.com\/index.php\/2025\/02\/11\/santos-esta-proximo-de-fechar-contratacao-veja-detalhes\/#breadcrumb\"},\"inLanguage\":\"pt-BR\",\"potentialAction\":[{\"@type\":\"ReadAction\",\"target\":[\"https:\/\/www.gaveanews.com\/index.php\/2025\/02\/11\/santos-esta-proximo-de-fechar-contratacao-veja-detalhes\/\"]}]},{\"@type\":\"ImageObject\",\"inLanguage\":\"pt-BR\",\"@id\":\"https:\/\/www.gaveanews.com\/index.php\/2025\/02\/11\/santos-esta-proximo-de-fechar-contratacao-veja-detalhes\/#primaryimage\",\"url\":\"https:\/\/www.gaveanews.com\/wp-content\/uploads\/Escudo-do-Santos-2.webp\",\"contentUrl\":\"https:\/\/www.gaveanews.com\/wp-content\/uploads\/Escudo-do-Santos-2.webp\",\"width\":1424,\"height\":949,\"caption\":\"Escudo do Santos (Foto: Raul Baretta\/Santos FC)\"},{\"@type\":\"BreadcrumbList\",\"@id\":\"https:\/\/www.gaveanews.com\/index.php\/2025\/02\/11\/santos-esta-proximo-de-fechar-contratacao-veja-detalhes\/#breadcrumb\",\"itemListElement\":[{\"@type\":\"ListItem\",\"position\":1,\"name\":\"Home\",\"item\":\"https:\/\/www.gaveanews.com\/\"},{\"@type\":\"ListItem\",\"position\":2,\"name\":\"Santos est\u00e1 proximo de fechar contrata\u00e7\u00e3o; veja detalhes\"}]},{\"@type\":\"WebSite\",\"@id\":\"https:\/\/www.gaveanews.com\/#website\",\"url\":\"https:\/\/www.gaveanews.com\/\",\"name\":\"G\u00e1vea News\",\"description\":\"Veja todas as not\u00edcias sobre o Flamengo: Contrata\u00e7\u00f5es, categorias de base, resultados das partidas, tabela de classifica\u00e7\u00e3o, pr\u00f3ximos jogos!\",\"potentialAction\":[{\"@type\":\"SearchAction\",\"target\":{\"@type\":\"EntryPoint\",\"urlTemplate\":\"https:\/\/www.gaveanews.com\/?s={search_term_string}\"},\"query-input\":{\"@type\":\"PropertyValueSpecification\",\"valueRequired\":true,\"valueName\":\"search_term_string\"}}],\"inLanguage\":\"pt-BR\"},{\"@type\":\"Person\",\"@id\":\"https:\/\/www.gaveanews.com\/#\/schema\/person\/f42654babcd2b2014a1a65af82b081f1\",\"name\":\"Geovanna Thomaz\",\"image\":{\"@type\":\"ImageObject\",\"inLanguage\":\"pt-BR\",\"@id\":\"https:\/\/www.gaveanews.com\/#\/schema\/person\/image\/\",\"url\":\"https:\/\/secure.gravatar.com\/avatar\/4092073255489533afb558984b49b64268c47198af8623cc82a925ae9fb7118a?s=96&d=mm&r=g\",\"contentUrl\":\"https:\/\/secure.gravatar.com\/avatar\/4092073255489533afb558984b49b64268c47198af8623cc82a925ae9fb7118a?s=96&d=mm&r=g\",\"caption\":\"Geovanna Thomaz\"}}]}<\/script>\n<!-- \/ Yoast SEO Premium plugin. -->","yoast_head_json":{"title":"Santos est\u00e1 proximo de fechar contrata\u00e7\u00e3o; veja detalhes","robots":{"index":"index","follow":"follow","max-snippet":"max-snippet:-1","max-image-preview":"max-image-preview:large","max-video-preview":"max-video-preview:-1"},"canonical":"https:\/\/www.gaveanews.com\/index.php\/2025\/02\/11\/santos-esta-proximo-de-fechar-contratacao-veja-detalhes\/","og_locale":"pt_BR","og_type":"article","og_title":"Santos est\u00e1 proximo de fechar contrata\u00e7\u00e3o; veja detalhes","og_description":"Santos retoma negocia\u00e7\u00f5es e encaminha retorno de Thiago Maia O Santos retomou as negocia\u00e7\u00f5es para contratar Thiago Maia, do Internacional. Ap\u00f3s desistir do neg\u00f3cio no in\u00edcio do ano, a diretoria do clube paulista voltou a conversar com o Colorado e est\u00e1 pr\u00f3xima de um acordo pelo volante revelado na base santista. A busca por refor\u00e7os [&hellip;]","og_url":"https:\/\/www.gaveanews.com\/index.php\/2025\/02\/11\/santos-esta-proximo-de-fechar-contratacao-veja-detalhes\/","og_site_name":"G\u00e1vea News","article_publisher":"https:\/\/facebook.com\/gaveaNews\/","article_published_time":"2025-02-11T21:15:00+00:00","og_image":[{"width":1424,"height":949,"url":"https:\/\/www.gaveanews.com\/wp-content\/uploads\/Escudo-do-Santos-2.webp","type":"image\/webp"}],"author":"Geovanna Thomaz","twitter_card":"summary_large_image","twitter_misc":{"Escrito por":"Geovanna Thomaz","Est. tempo de leitura":"3 minutos"},"schema":{"@context":"https:\/\/schema.org","@graph":[{"@type":"NewsArticle","@id":"https:\/\/www.gaveanews.com\/index.php\/2025\/02\/11\/santos-esta-proximo-de-fechar-contratacao-veja-detalhes\/#article","isPartOf":{"@id":"https:\/\/www.gaveanews.com\/index.php\/2025\/02\/11\/santos-esta-proximo-de-fechar-contratacao-veja-detalhes\/"},"author":{"name":"Geovanna Thomaz","@id":"https:\/\/www.gaveanews.com\/#\/schema\/person\/f42654babcd2b2014a1a65af82b081f1"},"headline":"Santos est\u00e1 proximo de fechar contrata\u00e7\u00e3o; veja detalhes","datePublished":"2025-02-11T21:15:00+00:00","mainEntityOfPage":{"@id":"https:\/\/www.gaveanews.com\/index.php\/2025\/02\/11\/santos-esta-proximo-de-fechar-contratacao-veja-detalhes\/"},"wordCount":457,"commentCount":0,"image":{"@id":"https:\/\/www.gaveanews.com\/index.php\/2025\/02\/11\/santos-esta-proximo-de-fechar-contratacao-veja-detalhes\/#primaryimage"},"thumbnailUrl":"https:\/\/www.gaveanews.com\/wp-content\/uploads\/Escudo-do-Santos-2.webp","articleSection":["Santos"],"inLanguage":"pt-BR","potentialAction":[{"@type":"CommentAction","name":"Comment","target":["https:\/\/www.gaveanews.com\/index.php\/2025\/02\/11\/santos-esta-proximo-de-fechar-contratacao-veja-detalhes\/#respond"]}],"copyrightYear":"2025","copyrightHolder":{"@id":"https:\/\/www.gaveanews.com\/#organization"}},{"@type":"WebPage","@id":"https:\/\/www.gaveanews.com\/index.php\/2025\/02\/11\/santos-esta-proximo-de-fechar-contratacao-veja-detalhes\/","url":"https:\/\/www.gaveanews.com\/index.php\/2025\/02\/11\/santos-esta-proximo-de-fechar-contratacao-veja-detalhes\/","name":"Santos est\u00e1 proximo de fechar contrata\u00e7\u00e3o; veja detalhes","isPartOf":{"@id":"https:\/\/www.gaveanews.com\/#website"},"primaryImageOfPage":{"@id":"https:\/\/www.gaveanews.com\/index.php\/2025\/02\/11\/santos-esta-proximo-de-fechar-contratacao-veja-detalhes\/#primaryimage"},"image":{"@id":"https:\/\/www.gaveanews.com\/index.php\/2025\/02\/11\/santos-esta-proximo-de-fechar-contratacao-veja-detalhes\/#primaryimage"},"thumbnailUrl":"https:\/\/www.gaveanews.com\/wp-content\/uploads\/Escudo-do-Santos-2.webp","datePublished":"2025-02-11T21:15:00+00:00","author":{"@id":"https:\/\/www.gaveanews.com\/#\/schema\/person\/f42654babcd2b2014a1a65af82b081f1"},"breadcrumb":{"@id":"https:\/\/www.gaveanews.com\/index.php\/2025\/02\/11\/santos-esta-proximo-de-fechar-contratacao-veja-detalhes\/#breadcrumb"},"inLanguage":"pt-BR","potentialAction":[{"@type":"ReadAction","target":["https:\/\/www.gaveanews.com\/index.php\/2025\/02\/11\/santos-esta-proximo-de-fechar-contratacao-veja-detalhes\/"]}]},{"@type":"ImageObject","inLanguage":"pt-BR","@id":"https:\/\/www.gaveanews.com\/index.php\/2025\/02\/11\/santos-esta-proximo-de-fechar-contratacao-veja-detalhes\/#primaryimage","url":"https:\/\/www.gaveanews.com\/wp-content\/uploads\/Escudo-do-Santos-2.webp","contentUrl":"https:\/\/www.gaveanews.com\/wp-content\/uploads\/Escudo-do-Santos-2.webp","width":1424,"height":949,"caption":"Escudo do Santos (Foto: Raul Baretta\/Santos FC)"},{"@type":"BreadcrumbList","@id":"https:\/\/www.gaveanews.com\/index.php\/2025\/02\/11\/santos-esta-proximo-de-fechar-contratacao-veja-detalhes\/#breadcrumb","itemListElement":[{"@type":"ListItem","position":1,"name":"Home","item":"https:\/\/www.gaveanews.com\/"},{"@type":"ListItem","position":2,"name":"Santos est\u00e1 proximo de fechar contrata\u00e7\u00e3o; veja detalhes"}]},{"@type":"WebSite","@id":"https:\/\/www.gaveanews.com\/#website","url":"https:\/\/www.gaveanews.com\/","name":"G\u00e1vea News","description":"Veja todas as not\u00edcias sobre o Flamengo: Contrata\u00e7\u00f5es, categorias de base, resultados das partidas, tabela de classifica\u00e7\u00e3o, pr\u00f3ximos jogos!","potentialAction":[{"@type":"SearchAction","target":{"@type":"EntryPoint","urlTemplate":"https:\/\/www.gaveanews.com\/?s={search_term_string}"},"query-input":{"@type":"PropertyValueSpecification","valueRequired":true,"valueName":"search_term_string"}}],"inLanguage":"pt-BR"},{"@type":"Person","@id":"https:\/\/www.gaveanews.com\/#\/schema\/person\/f42654babcd2b2014a1a65af82b081f1","name":"Geovanna Thomaz","image":{"@type":"ImageObject","inLanguage":"pt-BR","@id":"https:\/\/www.gaveanews.com\/#\/schema\/person\/image\/","url":"https:\/\/secure.gravatar.com\/avatar\/4092073255489533afb558984b49b64268c47198af8623cc82a925ae9fb7118a?s=96&d=mm&r=g","contentUrl":"https:\/\/secure.gravatar.com\/avatar\/4092073255489533afb558984b49b64268c47198af8623cc82a925ae9fb7118a?s=96&d=mm&r=g","caption":"Geovanna Thomaz"}}]}},"_links":{"self":[{"href":"https:\/\/www.gaveanews.com\/index.php\/wp-json\/wp\/v2\/posts\/226312","targetHints":{"allow":["GET"]}}],"collection":[{"href":"https:\/\/www.gaveanews.com\/index.php\/wp-json\/wp\/v2\/posts"}],"about":[{"href":"https:\/\/www.gaveanews.com\/index.php\/wp-json\/wp\/v2\/types\/post"}],"author":[{"embeddable":true,"href":"https:\/\/www.gaveanews.com\/index.php\/wp-json\/wp\/v2\/users\/17"}],"replies":[{"embeddable":true,"href":"https:\/\/www.gaveanews.com\/index.php\/wp-json\/wp\/v2\/comments?post=226312"}],"version-history":[{"count":2,"href":"https:\/\/www.gaveanews.com\/index.php\/wp-json\/wp\/v2\/posts\/226312\/revisions"}],"predecessor-version":[{"id":226317,"href":"https:\/\/www.gaveanews.com\/index.php\/wp-json\/wp\/v2\/posts\/226312\/revisions\/226317"}],"wp:featuredmedia":[{"embeddable":true,"href":"https:\/\/www.gaveanews.com\/index.php\/wp-json\/wp\/v2\/media\/165619"}],"wp:attachment":[{"href":"https:\/\/www.gaveanews.com\/index.php\/wp-json\/wp\/v2\/media?parent=226312"}],"wp:term":[{"taxonomy":"category","embeddable":true,"href":"https:\/\/www.gaveanews.com\/index.php\/wp-json\/wp\/v2\/categories?post=226312"},{"taxonomy":"post_tag","embeddable":true,"href":"https:\/\/www.gaveanews.com\/index.php\/wp-json\/wp\/v2\/tags?post=226312"}],"curies":[{"name":"wp","href":"https:\/\/api.w.org\/{rel}","templated":true}]}}