{"id":226541,"date":"2025-02-12T05:00:00","date_gmt":"2025-02-12T08:00:00","guid":{"rendered":"https:\/\/www.gaveanews.com\/?p=226541"},"modified":"2025-02-12T00:58:39","modified_gmt":"2025-02-12T03:58:39","slug":"renovacao-de-erick-pulgar-declaracao-de-filipe-luis-e-recado-de-ana-thais-mattos-as-ultimas-noticias-do-flamengo","status":"publish","type":"post","link":"https:\/\/www.gaveanews.com\/index.php\/2025\/02\/12\/renovacao-de-erick-pulgar-declaracao-de-filipe-luis-e-recado-de-ana-thais-mattos-as-ultimas-noticias-do-flamengo\/","title":{"rendered":"Renova\u00e7\u00e3o de Erick Pulgar, declara\u00e7\u00e3o de Filipe Lu\u00eds e recado de Ana Thais Mattos: as \u00faltimas not\u00edcias do Flamengo"},"content":{"rendered":"\n<p>Nas \u00faltimas horas, o foco das not\u00edcias sobre o Flamengo se concentram nos bastidores do clube, com destaques do dia a dia do time.<\/p>\n\n\n\n<p>Por conta deste contexto, leia abaixo um resumo preparado pela equipe do portal G\u00e1vea News para lhe manter muito bem informado!<\/p>\n\n\n\n<h2 class=\"wp-block-heading\" id=\"h-recado-de-ana-thais-mattos\">Recado de Ana Thais Mattos<\/h2>\n\n\n\n<p>Durante a transmiss\u00e3o da vit\u00f3ria do Flamengo sobre a Portuguesa, a comentarista Ana Tha\u00eds Matos elogiou bastante o desempenho de Luiz Ara\u00fajo. O atacante tem se destacado em 2024, sendo apontado como pe\u00e7a fundamental no esquema t\u00e1tico do time. Sua versatilidade dentro de campo, aliada \u00e0 capacidade de atuar tanto aberto pelas pontas quanto na cria\u00e7\u00e3o de jogadas, chamou a aten\u00e7\u00e3o da jornalista, que o descreveu como um jogador completo e essencial para o setor ofensivo rubro-negro <strong><a href=\"https:\/\/www.gaveanews.com\/index.php\/2025\/02\/06\/a-declaracao-de-ana-thais-mattos-direcionada-a-luiz-araujo\/\">(leia a mat\u00e9ria completa).<\/a><\/strong><\/p>\n\n\n\n<figure class=\"wp-block-image size-large\"><img loading=\"lazy\" decoding=\"async\" width=\"1024\" height=\"576\" src=\"http:\/\/www.gaveanews.com\/wp-content\/uploads\/Ana-Thais-Matos-jornalista-do-Sportv-1024x576.webp\" alt=\"\" class=\"wp-image-55460\" srcset=\"https:\/\/www.gaveanews.com\/wp-content\/uploads\/Ana-Thais-Matos-jornalista-do-Sportv-1024x576.webp 1024w, https:\/\/www.gaveanews.com\/wp-content\/uploads\/Ana-Thais-Matos-jornalista-do-Sportv-300x169.webp 300w, https:\/\/www.gaveanews.com\/wp-content\/uploads\/Ana-Thais-Matos-jornalista-do-Sportv-768x432.webp 768w, https:\/\/www.gaveanews.com\/wp-content\/uploads\/Ana-Thais-Matos-jornalista-do-Sportv-746x420.webp 746w, https:\/\/www.gaveanews.com\/wp-content\/uploads\/Ana-Thais-Matos-jornalista-do-Sportv-640x360.webp 640w, https:\/\/www.gaveanews.com\/wp-content\/uploads\/Ana-Thais-Matos-jornalista-do-Sportv-1280x721.webp 1280w, https:\/\/www.gaveanews.com\/wp-content\/uploads\/Ana-Thais-Matos-jornalista-do-Sportv-681x383.webp 681w, https:\/\/www.gaveanews.com\/wp-content\/uploads\/Ana-Thais-Matos-jornalista-do-Sportv-1362x767.webp 1362w, https:\/\/www.gaveanews.com\/wp-content\/uploads\/Ana-Thais-Matos-jornalista-do-Sportv-100x56.webp 100w, https:\/\/www.gaveanews.com\/wp-content\/uploads\/Ana-Thais-Matos-jornalista-do-Sportv.webp 1366w\" sizes=\"auto, (max-width: 1024px) 100vw, 1024px\" \/><figcaption class=\"wp-element-caption\">Ana Thais Matos, jornalista do Sportv (Foto: Reprodu\u00e7\u00e3o)<\/figcaption><\/figure>\n\n\n\n<p>Ana Tha\u00eds destacou a intelig\u00eancia t\u00e1tica de Luiz Ara\u00fajo, comparando sua fun\u00e7\u00e3o \u00e0 de um meia pelo lado direito, enquanto Arrascaeta desempenha papel semelhante pelo lado esquerdo. <\/p>\n\n\n\n<p>Segundo a comentarista, ele contribui silenciosamente para o time, sem a necessidade de grande exposi\u00e7\u00e3o midi\u00e1tica, mas sendo altamente eficiente na cria\u00e7\u00e3o de oportunidades para os atacantes. Sua movimenta\u00e7\u00e3o estrat\u00e9gica e habilidade em atuar nas costas da defesa advers\u00e1ria s\u00e3o alguns dos pontos que o tornam uma pe\u00e7a-chave na equipe.<\/p>\n\n\n\n<p>Contratado em 2023 junto ao Atlanta United, Luiz Ara\u00fajo enfrentou altos e baixos em sua trajet\u00f3ria no Flamengo, incluindo uma les\u00e3o que o afastou no fim da temporada passada. No entanto, seus n\u00fameros refor\u00e7am sua import\u00e2ncia: em 2024, ele j\u00e1 acumula dez assist\u00eancias e sete gols, totalizando 11 gols e 13 passes decisivos desde sua chegada ao clube. Com seu retorno ao time titular, ele se consolida como um dos principais jogadores do elenco, ajudando diretamente no sucesso do Flamengo na temporada.<\/p>\n\n\n\n<h2 class=\"wp-block-heading\" id=\"h-declaracao-de-filipe-luis\">Declara\u00e7\u00e3o de Filipe Lu\u00eds<\/h2>\n\n\n\n<p>A goleada do Flamengo sobre a Portuguesa por 5 a 0, pelo Campeonato Carioca, marcou mais um triunfo de Filipe Lu\u00eds como t\u00e9cnico do clube. Com 100% de aproveitamento at\u00e9 o momento, o treinador celebrou a boa atua\u00e7\u00e3o do time, que contou com gols de Arrascaeta, Luiz Ara\u00fajo, Juninho, Matheus Gon\u00e7alves e Wallace Yan. Apesar do foco no desempenho esportivo, Filipe Lu\u00eds tamb\u00e9m abordou um tema delicado: a trag\u00e9dia no Ninho do Urubu, que vitimou 10 jovens da base em 2019 <strong><a href=\"https:\/\/www.gaveanews.com\/index.php\/2025\/02\/06\/flamengo-a-declaracao-de-filipe-luis-sobre-tragedia-no-ninho-do-urubu\/\">(leia a mat\u00e9ria completa).<\/a><\/strong><\/p>\n\n\n\n<figure class=\"wp-block-image size-full\"><img loading=\"lazy\" decoding=\"async\" width=\"860\" height=\"538\" src=\"http:\/\/www.gaveanews.com\/wp-content\/uploads\/filipe-luis-campeao-maracana-860x538-1.webp\" alt=\"\" class=\"wp-image-161321\" srcset=\"https:\/\/www.gaveanews.com\/wp-content\/uploads\/filipe-luis-campeao-maracana-860x538-1.webp 860w, https:\/\/www.gaveanews.com\/wp-content\/uploads\/filipe-luis-campeao-maracana-860x538-1-300x188.webp 300w, https:\/\/www.gaveanews.com\/wp-content\/uploads\/filipe-luis-campeao-maracana-860x538-1-768x480.webp 768w, https:\/\/www.gaveanews.com\/wp-content\/uploads\/filipe-luis-campeao-maracana-860x538-1-671x420.webp 671w, https:\/\/www.gaveanews.com\/wp-content\/uploads\/filipe-luis-campeao-maracana-860x538-1-640x400.webp 640w, https:\/\/www.gaveanews.com\/wp-content\/uploads\/filipe-luis-campeao-maracana-860x538-1-681x426.webp 681w, https:\/\/www.gaveanews.com\/wp-content\/uploads\/filipe-luis-campeao-maracana-860x538-1-100x63.webp 100w\" sizes=\"auto, (max-width: 860px) 100vw, 860px\" \/><figcaption class=\"wp-element-caption\">Foto: Adriano Fontes \/ Flamengo\n<\/figcaption><\/figure>\n\n\n\n<p>Durante a coletiva de imprensa, o t\u00e9cnico se emocionou ao falar sobre sua conex\u00e3o com as v\u00edtimas e suas fam\u00edlias. Embora n\u00e3o estivesse no clube na \u00e9poca, Filipe Lu\u00eds revelou que sempre visita o memorial no CT e destacou que nenhum acordo financeiro pode apagar a dor dos pais. Ele refor\u00e7ou o compromisso do Flamengo em oferecer apoio e demonstrar solidariedade, afirmando que continuar\u00e1 lembrando e homenageando os meninos que perderam suas vidas.<\/p>\n\n\n\n<p>Com a vit\u00f3ria, o Flamengo segue firme na briga pelo t\u00edtulo estadual, ocupando a vice-lideran\u00e7a da tabela. O time, que contou com uma escala\u00e7\u00e3o mista, mostrou a for\u00e7a de seu elenco, aumentando a competitividade interna por uma vaga entre os titulares. No pr\u00f3ximo s\u00e1bado (08), a equipe enfrentar\u00e1 o Fluminense em um cl\u00e1ssico decisivo pelo Campeonato Carioca, buscando manter a boa fase e a sequ\u00eancia de vit\u00f3rias.<\/p>\n\n\n\n<h2 class=\"wp-block-heading\" id=\"h-renovacao-de-erick-pulgar\">Renova\u00e7\u00e3o de Erick Pulgar<\/h2>\n\n\n\n<p>O Flamengo retomou as negocia\u00e7\u00f5es para a renova\u00e7\u00e3o contratual do volante Erick Pulgar, pe\u00e7a fundamental no esquema de Filipe Lu\u00eds. Inicialmente, o jogador recusou algumas propostas, mas mudou de postura ao perceber sua valoriza\u00e7\u00e3o no clube. Apesar do sinal positivo para continuar, Pulgar ainda precisa resolver quest\u00f5es familiares antes de definir seu futuro, enquanto a diretoria trabalha para viabilizar um novo acordo o mais r\u00e1pido poss\u00edvel <strong><a href=\"https:\/\/www.gaveanews.com\/index.php\/2025\/02\/07\/vene-casagrande-atualiza-renovacao-de-erick-pulgar-com-o-flamengo\/\">(leia a mat\u00e9ria completa).<\/a><\/strong><\/p>\n\n\n\n<figure class=\"wp-block-image size-full\"><img loading=\"lazy\" decoding=\"async\" width=\"799\" height=\"533\" src=\"http:\/\/www.gaveanews.com\/wp-content\/uploads\/Eirck-Pulgar-em-coletiva-de-apresentacao-no-Flamengo.webp\" alt=\"\" class=\"wp-image-85566\" srcset=\"https:\/\/www.gaveanews.com\/wp-content\/uploads\/Eirck-Pulgar-em-coletiva-de-apresentacao-no-Flamengo.webp 799w, https:\/\/www.gaveanews.com\/wp-content\/uploads\/Eirck-Pulgar-em-coletiva-de-apresentacao-no-Flamengo-300x200.webp 300w, https:\/\/www.gaveanews.com\/wp-content\/uploads\/Eirck-Pulgar-em-coletiva-de-apresentacao-no-Flamengo-768x512.webp 768w, https:\/\/www.gaveanews.com\/wp-content\/uploads\/Eirck-Pulgar-em-coletiva-de-apresentacao-no-Flamengo-630x420.webp 630w, https:\/\/www.gaveanews.com\/wp-content\/uploads\/Eirck-Pulgar-em-coletiva-de-apresentacao-no-Flamengo-640x427.webp 640w, https:\/\/www.gaveanews.com\/wp-content\/uploads\/Eirck-Pulgar-em-coletiva-de-apresentacao-no-Flamengo-681x454.webp 681w, https:\/\/www.gaveanews.com\/wp-content\/uploads\/Eirck-Pulgar-em-coletiva-de-apresentacao-no-Flamengo-100x67.webp 100w\" sizes=\"auto, (max-width: 799px) 100vw, 799px\" \/><figcaption class=\"wp-element-caption\">Erick Pulgar em coletiva de apresenta\u00e7\u00e3o no Flamengo (Foto: Gilvan de Souza\/Flamengo)<\/figcaption><\/figure>\n\n\n\n<p>A diretoria j\u00e1 entrou em contato com Fernando Felicevich, representante do jogador, e agendou uma reuni\u00e3o para discutir os detalhes da renova\u00e7\u00e3o. O clube pretende oferecer um reajuste salarial que reflita sua import\u00e2ncia no elenco, tornando-o um dos mais bem pagos do grupo. Al\u00e9m disso, o contrato dever\u00e1 ter uma dura\u00e7\u00e3o estendida para garantir estabilidade ao meio-campo rubro-negro nas pr\u00f3ximas temporadas.<\/p>\n\n\n\n<p>A perman\u00eancia de Pulgar \u00e9 vista como essencial para a competitividade do time, especialmente ap\u00f3s sua boa atua\u00e7\u00e3o na conquista da Supercopa do Brasil contra o Botafogo. O t\u00e9cnico Filipe Lu\u00eds destacou publicamente o desempenho do chileno, refor\u00e7ando sua relev\u00e2ncia para a equipe. Caso as negocia\u00e7\u00f5es avancem, o Flamengo poder\u00e1 contar com um dos seus principais jogadores por um longo per\u00edodo.<\/p>\n","protected":false},"excerpt":{"rendered":"<p>Nas \u00faltimas horas, o foco das not\u00edcias sobre o Flamengo se concentram nos bastidores do clube, com destaques do dia a dia do time. Por conta deste contexto, leia abaixo um resumo preparado pela equipe do portal G\u00e1vea News para lhe manter muito bem informado! Recado de Ana Thais Mattos Durante a transmiss\u00e3o da vit\u00f3ria [&hellip;]<\/p>\n","protected":false},"author":27,"featured_media":101250,"comment_status":"open","ping_status":"closed","sticky":false,"template":"","format":"standard","meta":{"footnotes":""},"categories":[1],"tags":[],"class_list":["post-226541","post","type-post","status-publish","format-standard","has-post-thumbnail","hentry","category-flamengo"],"yoast_head":"<!-- This site is optimized with the Yoast SEO Premium plugin v24.2 (Yoast SEO v26.9) - https:\/\/yoast.com\/product\/yoast-seo-premium-wordpress\/ -->\n<title>Renova\u00e7\u00e3o de Erick Pulgar, declara\u00e7\u00e3o de Filipe Lu\u00eds e recado de Ana Thais Mattos: as \u00faltimas not\u00edcias do Flamengo<\/title>\n<meta name=\"robots\" content=\"index, follow, max-snippet:-1, max-image-preview:large, max-video-preview:-1\" \/>\n<link rel=\"canonical\" href=\"https:\/\/www.gaveanews.com\/index.php\/2025\/02\/12\/renovacao-de-erick-pulgar-declaracao-de-filipe-luis-e-recado-de-ana-thais-mattos-as-ultimas-noticias-do-flamengo\/\" \/>\n<meta property=\"og:locale\" content=\"pt_BR\" \/>\n<meta property=\"og:type\" content=\"article\" \/>\n<meta property=\"og:title\" content=\"Renova\u00e7\u00e3o de Erick Pulgar, declara\u00e7\u00e3o de Filipe Lu\u00eds e recado de Ana Thais Mattos: as \u00faltimas not\u00edcias do Flamengo\" \/>\n<meta property=\"og:description\" content=\"Nas \u00faltimas horas, o foco das not\u00edcias sobre o Flamengo se concentram nos bastidores do clube, com destaques do dia a dia do time. Por conta deste contexto, leia abaixo um resumo preparado pela equipe do portal G\u00e1vea News para lhe manter muito bem informado! Recado de Ana Thais Mattos Durante a transmiss\u00e3o da vit\u00f3ria [&hellip;]\" \/>\n<meta property=\"og:url\" content=\"https:\/\/www.gaveanews.com\/index.php\/2025\/02\/12\/renovacao-de-erick-pulgar-declaracao-de-filipe-luis-e-recado-de-ana-thais-mattos-as-ultimas-noticias-do-flamengo\/\" \/>\n<meta property=\"og:site_name\" content=\"G\u00e1vea News\" \/>\n<meta property=\"article:publisher\" content=\"https:\/\/facebook.com\/gaveaNews\/\" \/>\n<meta property=\"article:published_time\" content=\"2025-02-12T08:00:00+00:00\" \/>\n<meta property=\"og:image\" content=\"https:\/\/www.gaveanews.com\/wp-content\/uploads\/Maracanao-escudo-Flamengo.webp\" \/>\n\t<meta property=\"og:image:width\" content=\"640\" \/>\n\t<meta property=\"og:image:height\" content=\"427\" \/>\n\t<meta property=\"og:image:type\" content=\"image\/jpeg\" \/>\n<meta name=\"author\" content=\"Matheus Felipe\" \/>\n<meta name=\"twitter:card\" content=\"summary_large_image\" \/>\n<meta name=\"twitter:label1\" content=\"Escrito por\" \/>\n\t<meta name=\"twitter:data1\" content=\"Matheus Felipe\" \/>\n\t<meta name=\"twitter:label2\" content=\"Est. tempo de leitura\" \/>\n\t<meta name=\"twitter:data2\" content=\"5 minutos\" \/>\n<script type=\"application\/ld+json\" class=\"yoast-schema-graph\">{\"@context\":\"https:\/\/schema.org\",\"@graph\":[{\"@type\":\"NewsArticle\",\"@id\":\"https:\/\/www.gaveanews.com\/index.php\/2025\/02\/12\/renovacao-de-erick-pulgar-declaracao-de-filipe-luis-e-recado-de-ana-thais-mattos-as-ultimas-noticias-do-flamengo\/#article\",\"isPartOf\":{\"@id\":\"https:\/\/www.gaveanews.com\/index.php\/2025\/02\/12\/renovacao-de-erick-pulgar-declaracao-de-filipe-luis-e-recado-de-ana-thais-mattos-as-ultimas-noticias-do-flamengo\/\"},\"author\":{\"name\":\"Matheus Felipe\",\"@id\":\"https:\/\/www.gaveanews.com\/#\/schema\/person\/8207cd4627f56151707418bfc835b2fb\"},\"headline\":\"Renova\u00e7\u00e3o de Erick Pulgar, declara\u00e7\u00e3o de Filipe Lu\u00eds e recado de Ana Thais Mattos: as \u00faltimas not\u00edcias do Flamengo\",\"datePublished\":\"2025-02-12T08:00:00+00:00\",\"mainEntityOfPage\":{\"@id\":\"https:\/\/www.gaveanews.com\/index.php\/2025\/02\/12\/renovacao-de-erick-pulgar-declaracao-de-filipe-luis-e-recado-de-ana-thais-mattos-as-ultimas-noticias-do-flamengo\/\"},\"wordCount\":835,\"commentCount\":0,\"image\":{\"@id\":\"https:\/\/www.gaveanews.com\/index.php\/2025\/02\/12\/renovacao-de-erick-pulgar-declaracao-de-filipe-luis-e-recado-de-ana-thais-mattos-as-ultimas-noticias-do-flamengo\/#primaryimage\"},\"thumbnailUrl\":\"https:\/\/www.gaveanews.com\/wp-content\/uploads\/Maracanao-escudo-Flamengo.webp\",\"articleSection\":[\"Flamengo\"],\"inLanguage\":\"pt-BR\",\"potentialAction\":[{\"@type\":\"CommentAction\",\"name\":\"Comment\",\"target\":[\"https:\/\/www.gaveanews.com\/index.php\/2025\/02\/12\/renovacao-de-erick-pulgar-declaracao-de-filipe-luis-e-recado-de-ana-thais-mattos-as-ultimas-noticias-do-flamengo\/#respond\"]}],\"copyrightYear\":\"2025\",\"copyrightHolder\":{\"@id\":\"https:\/\/www.gaveanews.com\/#organization\"}},{\"@type\":\"WebPage\",\"@id\":\"https:\/\/www.gaveanews.com\/index.php\/2025\/02\/12\/renovacao-de-erick-pulgar-declaracao-de-filipe-luis-e-recado-de-ana-thais-mattos-as-ultimas-noticias-do-flamengo\/\",\"url\":\"https:\/\/www.gaveanews.com\/index.php\/2025\/02\/12\/renovacao-de-erick-pulgar-declaracao-de-filipe-luis-e-recado-de-ana-thais-mattos-as-ultimas-noticias-do-flamengo\/\",\"name\":\"Renova\u00e7\u00e3o de Erick Pulgar, declara\u00e7\u00e3o de Filipe Lu\u00eds e recado de Ana Thais Mattos: as \u00faltimas not\u00edcias do Flamengo\",\"isPartOf\":{\"@id\":\"https:\/\/www.gaveanews.com\/#website\"},\"primaryImageOfPage\":{\"@id\":\"https:\/\/www.gaveanews.com\/index.php\/2025\/02\/12\/renovacao-de-erick-pulgar-declaracao-de-filipe-luis-e-recado-de-ana-thais-mattos-as-ultimas-noticias-do-flamengo\/#primaryimage\"},\"image\":{\"@id\":\"https:\/\/www.gaveanews.com\/index.php\/2025\/02\/12\/renovacao-de-erick-pulgar-declaracao-de-filipe-luis-e-recado-de-ana-thais-mattos-as-ultimas-noticias-do-flamengo\/#primaryimage\"},\"thumbnailUrl\":\"https:\/\/www.gaveanews.com\/wp-content\/uploads\/Maracanao-escudo-Flamengo.webp\",\"datePublished\":\"2025-02-12T08:00:00+00:00\",\"author\":{\"@id\":\"https:\/\/www.gaveanews.com\/#\/schema\/person\/8207cd4627f56151707418bfc835b2fb\"},\"breadcrumb\":{\"@id\":\"https:\/\/www.gaveanews.com\/index.php\/2025\/02\/12\/renovacao-de-erick-pulgar-declaracao-de-filipe-luis-e-recado-de-ana-thais-mattos-as-ultimas-noticias-do-flamengo\/#breadcrumb\"},\"inLanguage\":\"pt-BR\",\"potentialAction\":[{\"@type\":\"ReadAction\",\"target\":[\"https:\/\/www.gaveanews.com\/index.php\/2025\/02\/12\/renovacao-de-erick-pulgar-declaracao-de-filipe-luis-e-recado-de-ana-thais-mattos-as-ultimas-noticias-do-flamengo\/\"]}]},{\"@type\":\"ImageObject\",\"inLanguage\":\"pt-BR\",\"@id\":\"https:\/\/www.gaveanews.com\/index.php\/2025\/02\/12\/renovacao-de-erick-pulgar-declaracao-de-filipe-luis-e-recado-de-ana-thais-mattos-as-ultimas-noticias-do-flamengo\/#primaryimage\",\"url\":\"https:\/\/www.gaveanews.com\/wp-content\/uploads\/Maracanao-escudo-Flamengo.webp\",\"contentUrl\":\"https:\/\/www.gaveanews.com\/wp-content\/uploads\/Maracanao-escudo-Flamengo.webp\",\"width\":640,\"height\":427,\"caption\":\"Escudo do Flamengo no gramado do Maracan\u00e3 (Foto: Reprodu\u00e7\u00e3o)\"},{\"@type\":\"BreadcrumbList\",\"@id\":\"https:\/\/www.gaveanews.com\/index.php\/2025\/02\/12\/renovacao-de-erick-pulgar-declaracao-de-filipe-luis-e-recado-de-ana-thais-mattos-as-ultimas-noticias-do-flamengo\/#breadcrumb\",\"itemListElement\":[{\"@type\":\"ListItem\",\"position\":1,\"name\":\"Home\",\"item\":\"https:\/\/www.gaveanews.com\/\"},{\"@type\":\"ListItem\",\"position\":2,\"name\":\"Renova\u00e7\u00e3o de Erick Pulgar, declara\u00e7\u00e3o de Filipe Lu\u00eds e recado de Ana Thais Mattos: as \u00faltimas not\u00edcias do Flamengo\"}]},{\"@type\":\"WebSite\",\"@id\":\"https:\/\/www.gaveanews.com\/#website\",\"url\":\"https:\/\/www.gaveanews.com\/\",\"name\":\"G\u00e1vea News\",\"description\":\"Veja todas as not\u00edcias sobre o Flamengo: Contrata\u00e7\u00f5es, categorias de base, resultados das partidas, tabela de classifica\u00e7\u00e3o, pr\u00f3ximos jogos!\",\"potentialAction\":[{\"@type\":\"SearchAction\",\"target\":{\"@type\":\"EntryPoint\",\"urlTemplate\":\"https:\/\/www.gaveanews.com\/?s={search_term_string}\"},\"query-input\":{\"@type\":\"PropertyValueSpecification\",\"valueRequired\":true,\"valueName\":\"search_term_string\"}}],\"inLanguage\":\"pt-BR\"},{\"@type\":\"Person\",\"@id\":\"https:\/\/www.gaveanews.com\/#\/schema\/person\/8207cd4627f56151707418bfc835b2fb\",\"name\":\"Matheus Felipe\",\"image\":{\"@type\":\"ImageObject\",\"inLanguage\":\"pt-BR\",\"@id\":\"https:\/\/www.gaveanews.com\/#\/schema\/person\/image\/\",\"url\":\"https:\/\/secure.gravatar.com\/avatar\/a452ffbed9130f726358b298bb3a99ce4bd3c5338411f8440e87e14d74c7c087?s=96&d=mm&r=g\",\"contentUrl\":\"https:\/\/secure.gravatar.com\/avatar\/a452ffbed9130f726358b298bb3a99ce4bd3c5338411f8440e87e14d74c7c087?s=96&d=mm&r=g\",\"caption\":\"Matheus Felipe\"}}]}<\/script>\n<!-- \/ Yoast SEO Premium plugin. -->","yoast_head_json":{"title":"Renova\u00e7\u00e3o de Erick Pulgar, declara\u00e7\u00e3o de Filipe Lu\u00eds e recado de Ana Thais Mattos: as \u00faltimas not\u00edcias do Flamengo","robots":{"index":"index","follow":"follow","max-snippet":"max-snippet:-1","max-image-preview":"max-image-preview:large","max-video-preview":"max-video-preview:-1"},"canonical":"https:\/\/www.gaveanews.com\/index.php\/2025\/02\/12\/renovacao-de-erick-pulgar-declaracao-de-filipe-luis-e-recado-de-ana-thais-mattos-as-ultimas-noticias-do-flamengo\/","og_locale":"pt_BR","og_type":"article","og_title":"Renova\u00e7\u00e3o de Erick Pulgar, declara\u00e7\u00e3o de Filipe Lu\u00eds e recado de Ana Thais Mattos: as \u00faltimas not\u00edcias do Flamengo","og_description":"Nas \u00faltimas horas, o foco das not\u00edcias sobre o Flamengo se concentram nos bastidores do clube, com destaques do dia a dia do time. Por conta deste contexto, leia abaixo um resumo preparado pela equipe do portal G\u00e1vea News para lhe manter muito bem informado! Recado de Ana Thais Mattos Durante a transmiss\u00e3o da vit\u00f3ria [&hellip;]","og_url":"https:\/\/www.gaveanews.com\/index.php\/2025\/02\/12\/renovacao-de-erick-pulgar-declaracao-de-filipe-luis-e-recado-de-ana-thais-mattos-as-ultimas-noticias-do-flamengo\/","og_site_name":"G\u00e1vea News","article_publisher":"https:\/\/facebook.com\/gaveaNews\/","article_published_time":"2025-02-12T08:00:00+00:00","og_image":[{"width":640,"height":427,"url":"https:\/\/www.gaveanews.com\/wp-content\/uploads\/Maracanao-escudo-Flamengo.webp","type":"image\/jpeg"}],"author":"Matheus Felipe","twitter_card":"summary_large_image","twitter_misc":{"Escrito por":"Matheus Felipe","Est. tempo de leitura":"5 minutos"},"schema":{"@context":"https:\/\/schema.org","@graph":[{"@type":"NewsArticle","@id":"https:\/\/www.gaveanews.com\/index.php\/2025\/02\/12\/renovacao-de-erick-pulgar-declaracao-de-filipe-luis-e-recado-de-ana-thais-mattos-as-ultimas-noticias-do-flamengo\/#article","isPartOf":{"@id":"https:\/\/www.gaveanews.com\/index.php\/2025\/02\/12\/renovacao-de-erick-pulgar-declaracao-de-filipe-luis-e-recado-de-ana-thais-mattos-as-ultimas-noticias-do-flamengo\/"},"author":{"name":"Matheus Felipe","@id":"https:\/\/www.gaveanews.com\/#\/schema\/person\/8207cd4627f56151707418bfc835b2fb"},"headline":"Renova\u00e7\u00e3o de Erick Pulgar, declara\u00e7\u00e3o de Filipe Lu\u00eds e recado de Ana Thais Mattos: as \u00faltimas not\u00edcias do Flamengo","datePublished":"2025-02-12T08:00:00+00:00","mainEntityOfPage":{"@id":"https:\/\/www.gaveanews.com\/index.php\/2025\/02\/12\/renovacao-de-erick-pulgar-declaracao-de-filipe-luis-e-recado-de-ana-thais-mattos-as-ultimas-noticias-do-flamengo\/"},"wordCount":835,"commentCount":0,"image":{"@id":"https:\/\/www.gaveanews.com\/index.php\/2025\/02\/12\/renovacao-de-erick-pulgar-declaracao-de-filipe-luis-e-recado-de-ana-thais-mattos-as-ultimas-noticias-do-flamengo\/#primaryimage"},"thumbnailUrl":"https:\/\/www.gaveanews.com\/wp-content\/uploads\/Maracanao-escudo-Flamengo.webp","articleSection":["Flamengo"],"inLanguage":"pt-BR","potentialAction":[{"@type":"CommentAction","name":"Comment","target":["https:\/\/www.gaveanews.com\/index.php\/2025\/02\/12\/renovacao-de-erick-pulgar-declaracao-de-filipe-luis-e-recado-de-ana-thais-mattos-as-ultimas-noticias-do-flamengo\/#respond"]}],"copyrightYear":"2025","copyrightHolder":{"@id":"https:\/\/www.gaveanews.com\/#organization"}},{"@type":"WebPage","@id":"https:\/\/www.gaveanews.com\/index.php\/2025\/02\/12\/renovacao-de-erick-pulgar-declaracao-de-filipe-luis-e-recado-de-ana-thais-mattos-as-ultimas-noticias-do-flamengo\/","url":"https:\/\/www.gaveanews.com\/index.php\/2025\/02\/12\/renovacao-de-erick-pulgar-declaracao-de-filipe-luis-e-recado-de-ana-thais-mattos-as-ultimas-noticias-do-flamengo\/","name":"Renova\u00e7\u00e3o de Erick Pulgar, declara\u00e7\u00e3o de Filipe Lu\u00eds e recado de Ana Thais Mattos: as \u00faltimas not\u00edcias do Flamengo","isPartOf":{"@id":"https:\/\/www.gaveanews.com\/#website"},"primaryImageOfPage":{"@id":"https:\/\/www.gaveanews.com\/index.php\/2025\/02\/12\/renovacao-de-erick-pulgar-declaracao-de-filipe-luis-e-recado-de-ana-thais-mattos-as-ultimas-noticias-do-flamengo\/#primaryimage"},"image":{"@id":"https:\/\/www.gaveanews.com\/index.php\/2025\/02\/12\/renovacao-de-erick-pulgar-declaracao-de-filipe-luis-e-recado-de-ana-thais-mattos-as-ultimas-noticias-do-flamengo\/#primaryimage"},"thumbnailUrl":"https:\/\/www.gaveanews.com\/wp-content\/uploads\/Maracanao-escudo-Flamengo.webp","datePublished":"2025-02-12T08:00:00+00:00","author":{"@id":"https:\/\/www.gaveanews.com\/#\/schema\/person\/8207cd4627f56151707418bfc835b2fb"},"breadcrumb":{"@id":"https:\/\/www.gaveanews.com\/index.php\/2025\/02\/12\/renovacao-de-erick-pulgar-declaracao-de-filipe-luis-e-recado-de-ana-thais-mattos-as-ultimas-noticias-do-flamengo\/#breadcrumb"},"inLanguage":"pt-BR","potentialAction":[{"@type":"ReadAction","target":["https:\/\/www.gaveanews.com\/index.php\/2025\/02\/12\/renovacao-de-erick-pulgar-declaracao-de-filipe-luis-e-recado-de-ana-thais-mattos-as-ultimas-noticias-do-flamengo\/"]}]},{"@type":"ImageObject","inLanguage":"pt-BR","@id":"https:\/\/www.gaveanews.com\/index.php\/2025\/02\/12\/renovacao-de-erick-pulgar-declaracao-de-filipe-luis-e-recado-de-ana-thais-mattos-as-ultimas-noticias-do-flamengo\/#primaryimage","url":"https:\/\/www.gaveanews.com\/wp-content\/uploads\/Maracanao-escudo-Flamengo.webp","contentUrl":"https:\/\/www.gaveanews.com\/wp-content\/uploads\/Maracanao-escudo-Flamengo.webp","width":640,"height":427,"caption":"Escudo do Flamengo no gramado do Maracan\u00e3 (Foto: Reprodu\u00e7\u00e3o)"},{"@type":"BreadcrumbList","@id":"https:\/\/www.gaveanews.com\/index.php\/2025\/02\/12\/renovacao-de-erick-pulgar-declaracao-de-filipe-luis-e-recado-de-ana-thais-mattos-as-ultimas-noticias-do-flamengo\/#breadcrumb","itemListElement":[{"@type":"ListItem","position":1,"name":"Home","item":"https:\/\/www.gaveanews.com\/"},{"@type":"ListItem","position":2,"name":"Renova\u00e7\u00e3o de Erick Pulgar, declara\u00e7\u00e3o de Filipe Lu\u00eds e recado de Ana Thais Mattos: as \u00faltimas not\u00edcias do Flamengo"}]},{"@type":"WebSite","@id":"https:\/\/www.gaveanews.com\/#website","url":"https:\/\/www.gaveanews.com\/","name":"G\u00e1vea News","description":"Veja todas as not\u00edcias sobre o Flamengo: Contrata\u00e7\u00f5es, categorias de base, resultados das partidas, tabela de classifica\u00e7\u00e3o, pr\u00f3ximos jogos!","potentialAction":[{"@type":"SearchAction","target":{"@type":"EntryPoint","urlTemplate":"https:\/\/www.gaveanews.com\/?s={search_term_string}"},"query-input":{"@type":"PropertyValueSpecification","valueRequired":true,"valueName":"search_term_string"}}],"inLanguage":"pt-BR"},{"@type":"Person","@id":"https:\/\/www.gaveanews.com\/#\/schema\/person\/8207cd4627f56151707418bfc835b2fb","name":"Matheus Felipe","image":{"@type":"ImageObject","inLanguage":"pt-BR","@id":"https:\/\/www.gaveanews.com\/#\/schema\/person\/image\/","url":"https:\/\/secure.gravatar.com\/avatar\/a452ffbed9130f726358b298bb3a99ce4bd3c5338411f8440e87e14d74c7c087?s=96&d=mm&r=g","contentUrl":"https:\/\/secure.gravatar.com\/avatar\/a452ffbed9130f726358b298bb3a99ce4bd3c5338411f8440e87e14d74c7c087?s=96&d=mm&r=g","caption":"Matheus Felipe"}}]}},"_links":{"self":[{"href":"https:\/\/www.gaveanews.com\/index.php\/wp-json\/wp\/v2\/posts\/226541","targetHints":{"allow":["GET"]}}],"collection":[{"href":"https:\/\/www.gaveanews.com\/index.php\/wp-json\/wp\/v2\/posts"}],"about":[{"href":"https:\/\/www.gaveanews.com\/index.php\/wp-json\/wp\/v2\/types\/post"}],"author":[{"embeddable":true,"href":"https:\/\/www.gaveanews.com\/index.php\/wp-json\/wp\/v2\/users\/27"}],"replies":[{"embeddable":true,"href":"https:\/\/www.gaveanews.com\/index.php\/wp-json\/wp\/v2\/comments?post=226541"}],"version-history":[{"count":1,"href":"https:\/\/www.gaveanews.com\/index.php\/wp-json\/wp\/v2\/posts\/226541\/revisions"}],"predecessor-version":[{"id":226553,"href":"https:\/\/www.gaveanews.com\/index.php\/wp-json\/wp\/v2\/posts\/226541\/revisions\/226553"}],"wp:featuredmedia":[{"embeddable":true,"href":"https:\/\/www.gaveanews.com\/index.php\/wp-json\/wp\/v2\/media\/101250"}],"wp:attachment":[{"href":"https:\/\/www.gaveanews.com\/index.php\/wp-json\/wp\/v2\/media?parent=226541"}],"wp:term":[{"taxonomy":"category","embeddable":true,"href":"https:\/\/www.gaveanews.com\/index.php\/wp-json\/wp\/v2\/categories?post=226541"},{"taxonomy":"post_tag","embeddable":true,"href":"https:\/\/www.gaveanews.com\/index.php\/wp-json\/wp\/v2\/tags?post=226541"}],"curies":[{"name":"wp","href":"https:\/\/api.w.org\/{rel}","templated":true}]}}