{"id":226543,"date":"2025-02-12T05:05:00","date_gmt":"2025-02-12T08:05:00","guid":{"rendered":"https:\/\/www.gaveanews.com\/?p=226543"},"modified":"2025-02-12T01:26:35","modified_gmt":"2025-02-12T04:26:35","slug":"contratacao-de-jogador-declaracao-de-zinho-e-as-contratacoes-do-brasileirao-serie-a-as-ultimas-noticias-do-atletico-mg","status":"publish","type":"post","link":"https:\/\/www.gaveanews.com\/index.php\/2025\/02\/12\/contratacao-de-jogador-declaracao-de-zinho-e-as-contratacoes-do-brasileirao-serie-a-as-ultimas-noticias-do-atletico-mg\/","title":{"rendered":"Contrata\u00e7\u00e3o de jogador, declara\u00e7\u00e3o de Zinho e as contrata\u00e7\u00f5es do Brasileir\u00e3o S\u00e9rie A\u00a0: as \u00faltimas not\u00edcias do Atl\u00e9tico-MG"},"content":{"rendered":"\n<p>Nas \u00faltimas horas, o foco das not\u00edcias sobre o Atl\u00e9tico-MG se concentram nos bastidores do clube, com destaques do dia a dia do time.<\/p>\n\n\n\n<p>Por conta deste contexto, leia abaixo um resumo preparado pela equipe do portal G\u00e1vea News para lhe manter muito bem informado!<\/p>\n\n\n\n<h2 class=\"wp-block-heading\" id=\"h-as-contratacoes-do-brasileirao-serie-a\">As contrata\u00e7\u00f5es do Brasileir\u00e3o S\u00e9rie A\u00a0<\/h2>\n\n\n\n<p>A temporada de 2025 do Brasileir\u00e3o S\u00e9rie A segue movimentada com diversas contrata\u00e7\u00f5es de peso, elevando o n\u00edvel da competi\u00e7\u00e3o. Entre os refor\u00e7os confirmados, destacam-se a chegada de David Luiz ao Fortaleza ap\u00f3s sua sa\u00edda do Flamengo e a contrata\u00e7\u00e3o de Vitinho pelo Internacional. Al\u00e9m disso, o Fluminense surpreendeu ao investir 29 milh\u00f5es de reais no meio-campista H\u00e9rcules, enquanto o Santos refor\u00e7ou sua defesa com Z\u00e9 Ivaldo, emprestado pelo Cruzeiro at\u00e9 o final do ano. O Botafogo, por sua vez, contratou o goleiro L\u00e9o Linck para suprir a sa\u00edda de Gatito Fern\u00e1ndez <strong><a href=\"https:\/\/www.gaveanews.com\/index.php\/2025\/02\/10\/david-luiz-patrick-erick-gabriel-leo-linck-marllon-marquinhos-hercules-ze-ivaldo-e-vitinho-as-contratacoes-do-brasileirao-serie-a-2025\/\">(leia a mat\u00e9ria completa).<\/a><\/strong><\/p>\n\n\n\n<figure class=\"wp-block-image size-full\"><img loading=\"lazy\" decoding=\"async\" width=\"1000\" height=\"667\" src=\"http:\/\/www.gaveanews.com\/wp-content\/uploads\/Taca-do-Campeonato-Brasileiro.webp\" alt=\"\" class=\"wp-image-86017\" srcset=\"https:\/\/www.gaveanews.com\/wp-content\/uploads\/Taca-do-Campeonato-Brasileiro.webp 1000w, https:\/\/www.gaveanews.com\/wp-content\/uploads\/Taca-do-Campeonato-Brasileiro-300x200.webp 300w, https:\/\/www.gaveanews.com\/wp-content\/uploads\/Taca-do-Campeonato-Brasileiro-768x512.webp 768w, https:\/\/www.gaveanews.com\/wp-content\/uploads\/Taca-do-Campeonato-Brasileiro-630x420.webp 630w, https:\/\/www.gaveanews.com\/wp-content\/uploads\/Taca-do-Campeonato-Brasileiro-640x427.webp 640w, https:\/\/www.gaveanews.com\/wp-content\/uploads\/Taca-do-Campeonato-Brasileiro-681x454.webp 681w, https:\/\/www.gaveanews.com\/wp-content\/uploads\/Taca-do-Campeonato-Brasileiro-100x67.webp 100w\" sizes=\"auto, (max-width: 1000px) 100vw, 1000px\" \/><figcaption class=\"wp-element-caption\">Ta\u00e7a do Campeonato Brasileiro (Foto: Lucas Figueiredo\/CBF)<\/figcaption><\/figure>\n\n\n\n<p>O Atl\u00e9tico-MG garantiu a chegada do jovem Patrick, envolvido na negocia\u00e7\u00e3o que levou Paulinho ao Palmeiras. J\u00e1 o Bahia refor\u00e7ou seu meio-campo com Erick, aproveitando a queda do Athletico-PR para a S\u00e9rie B, e desembolsou 29 milh\u00f5es de reais pelo volante. <\/p>\n\n\n\n<p>No Cear\u00e1, o experiente zagueiro Marllon assinou contrato at\u00e9 2026, trazendo bagagem de passagens por clubes como Corinthians e Cruzeiro. O Bragantino, por sua vez, apostou na experi\u00eancia do volante Gabriel, ex-Corinthians e Internacional, para compor seu elenco na temporada.<\/p>\n\n\n\n<p>As movimenta\u00e7\u00f5es demonstram a estrat\u00e9gia dos clubes brasileiros em mesclar experi\u00eancia e juventude para fortalecer seus elencos. Enquanto alguns times focaram em repor perdas importantes, outros buscaram refor\u00e7os de longo prazo, garantindo contrata\u00e7\u00f5es com contratos extensos. Com isso, o Brasileir\u00e3o 2025 promete ser ainda mais competitivo, com equipes refor\u00e7adas e preparadas para a disputa de t\u00edtulos e vagas em competi\u00e7\u00f5es internacionais.<\/p>\n\n\n\n<h2 class=\"wp-block-heading\" id=\"h-declaracao-de-zinho\">Declara\u00e7\u00e3o de Zinho<\/h2>\n\n\n\n<p>No \u00faltimo domingo, o Mineir\u00e3o foi palco de uma grande atua\u00e7\u00e3o de Hulk, que marcou dois gols e comandou a vit\u00f3ria do Atl\u00e9tico-MG sobre o Cruzeiro. O atacante brilhou diante de mais de 60 mil torcedores advers\u00e1rios, garantindo um triunfo fundamental para o Galo na briga pelo G4 do Campeonato Mineiro. Com essa performance, o time precisa de apenas uma vit\u00f3ria contra o Itabirito para confirmar sua classifica\u00e7\u00e3o para as semifinais <strong><a href=\"https:\/\/www.gaveanews.com\/index.php\/2025\/02\/10\/a-declaracao-de-zinho-direcionada-a-neymar-hulk-e-gabigol\/\">(leia a mat\u00e9ria completa).<\/a><\/strong><\/p>\n\n\n\n<figure class=\"wp-block-image size-full\"><img loading=\"lazy\" decoding=\"async\" width=\"800\" height=\"450\" src=\"http:\/\/www.gaveanews.com\/wp-content\/uploads\/Zinho-ex-jogador-e-comentarista-esportivo.webp\" alt=\"\" class=\"wp-image-128167\" srcset=\"https:\/\/www.gaveanews.com\/wp-content\/uploads\/Zinho-ex-jogador-e-comentarista-esportivo.webp 800w, https:\/\/www.gaveanews.com\/wp-content\/uploads\/Zinho-ex-jogador-e-comentarista-esportivo-300x169.webp 300w, https:\/\/www.gaveanews.com\/wp-content\/uploads\/Zinho-ex-jogador-e-comentarista-esportivo-768x432.webp 768w, https:\/\/www.gaveanews.com\/wp-content\/uploads\/Zinho-ex-jogador-e-comentarista-esportivo-747x420.webp 747w, https:\/\/www.gaveanews.com\/wp-content\/uploads\/Zinho-ex-jogador-e-comentarista-esportivo-640x360.webp 640w, https:\/\/www.gaveanews.com\/wp-content\/uploads\/Zinho-ex-jogador-e-comentarista-esportivo-681x383.webp 681w, https:\/\/www.gaveanews.com\/wp-content\/uploads\/Zinho-ex-jogador-e-comentarista-esportivo-100x56.webp 100w\" sizes=\"auto, (max-width: 800px) 100vw, 800px\" \/><figcaption class=\"wp-element-caption\">Zinho ex-jogador e comentarista esportivo &#8211; Foto: Divulga\u00e7\u00e3o<\/figcaption><\/figure>\n\n\n\n<p>A atua\u00e7\u00e3o de Hulk rendeu elogios do ex-jogador e comentarista Zinho, que, durante participa\u00e7\u00e3o na ESPN, comparou o camisa 7 com Neymar e Gabigol. Para ele, embora o domingo tenha sido aguardado como um dia de grandes exibi\u00e7\u00f5es dessas estrelas, apenas o atacante do Atl\u00e9tico-MG se destacou. Com esse reconhecimento, Hulk reafirma sua import\u00e2ncia para a equipe, n\u00e3o apenas pelos gols, mas tamb\u00e9m pelo impacto t\u00e9cnico e motivacional dentro de campo.<\/p>\n\n\n\n<p>Com quatro gols no estadual, Hulk lidera a artilharia da competi\u00e7\u00e3o e se consolida como pe\u00e7a-chave no elenco atleticano. Sua influ\u00eancia vai al\u00e9m do desempenho individual, ajudando o time a manter a regularidade e a confian\u00e7a na busca pelo t\u00edtulo. A vit\u00f3ria sobre o Cruzeiro trouxe tranquilidade ao clube na tabela e refor\u00e7ou a import\u00e2ncia do atacante, que segue como refer\u00eancia para os jovens jogadores e para o futebol brasileiro.<\/p>\n\n\n\n<h2 class=\"wp-block-heading\" id=\"h-contratacao-de-jogador\">Contrata\u00e7\u00e3o de jogador<\/h2>\n\n\n\n<p>O Fluminense segue ativo no mercado da bola e concentra esfor\u00e7os na contrata\u00e7\u00e3o de um volante para refor\u00e7ar seu elenco em 2025. Ap\u00f3s a tentativa frustrada de trazer Gustavo Cu\u00e9llar, que optou pelo Gr\u00eamio, o clube agora mira Ot\u00e1vio, do Atl\u00e9tico-MG. As negocia\u00e7\u00f5es entre as diretorias j\u00e1 come\u00e7aram, e a possibilidade de acordo est\u00e1 sendo discutida, visto que o jogador tem contrato com o time mineiro at\u00e9 junho de 2026 e tem sido pe\u00e7a regular nas \u00faltimas temporadas<strong><a href=\"https:\/\/www.gaveanews.com\/index.php\/2025\/02\/10\/fluminense-mira-contratacao-de-jogador-do-atletico-mg\/\"> (leia a mat\u00e9ria completa).<\/a><\/strong><\/p>\n\n\n\n<blockquote class=\"instagram-media\" data-instgrm-permalink=\"https:\/\/www.instagram.com\/p\/DFjPwfYvU-J\/?utm_source=ig_embed&amp;utm_campaign=loading\" data-instgrm-version=\"14\" style=\" background:#FFF; border:0; border-radius:3px; box-shadow:0 0 1px 0 rgba(0,0,0,0.5),0 1px 10px 0 rgba(0,0,0,0.15); margin: 1px; max-width:540px; min-width:326px; padding:0; width:99.375%; width:-webkit-calc(100% - 2px); width:calc(100% - 2px);\"><div style=\"padding:16px;\"> <a href=\"https:\/\/www.instagram.com\/p\/DFjPwfYvU-J\/?utm_source=ig_embed&amp;utm_campaign=loading\" style=\" background:#FFFFFF; line-height:0; padding:0 0; text-align:center; text-decoration:none; width:100%;\" target=\"_blank\"> <div style=\" display: flex; flex-direction: row; align-items: center;\"> <div style=\"background-color: #F4F4F4; border-radius: 50%; flex-grow: 0; height: 40px; margin-right: 14px; width: 40px;\"><\/div> <div style=\"display: flex; flex-direction: column; flex-grow: 1; justify-content: center;\"> <div style=\" background-color: #F4F4F4; border-radius: 4px; flex-grow: 0; height: 14px; margin-bottom: 6px; width: 100px;\"><\/div> <div style=\" background-color: #F4F4F4; border-radius: 4px; flex-grow: 0; height: 14px; width: 60px;\"><\/div><\/div><\/div><div style=\"padding: 19% 0;\"><\/div> <div style=\"display:block; height:50px; margin:0 auto 12px; width:50px;\"><svg width=\"50px\" height=\"50px\" viewBox=\"0 0 60 60\" version=\"1.1\" xmlns=\"https:\/\/www.w3.org\/2000\/svg\" xmlns:xlink=\"https:\/\/www.w3.org\/1999\/xlink\"><g stroke=\"none\" stroke-width=\"1\" fill=\"none\" fill-rule=\"evenodd\"><g transform=\"translate(-511.000000, -20.000000)\" fill=\"#000000\"><g><path d=\"M556.869,30.41 C554.814,30.41 553.148,32.076 553.148,34.131 C553.148,36.186 554.814,37.852 556.869,37.852 C558.924,37.852 560.59,36.186 560.59,34.131 C560.59,32.076 558.924,30.41 556.869,30.41 M541,60.657 C535.114,60.657 530.342,55.887 530.342,50 C530.342,44.114 535.114,39.342 541,39.342 C546.887,39.342 551.658,44.114 551.658,50 C551.658,55.887 546.887,60.657 541,60.657 M541,33.886 C532.1,33.886 524.886,41.1 524.886,50 C524.886,58.899 532.1,66.113 541,66.113 C549.9,66.113 557.115,58.899 557.115,50 C557.115,41.1 549.9,33.886 541,33.886 M565.378,62.101 C565.244,65.022 564.756,66.606 564.346,67.663 C563.803,69.06 563.154,70.057 562.106,71.106 C561.058,72.155 560.06,72.803 558.662,73.347 C557.607,73.757 556.021,74.244 553.102,74.378 C549.944,74.521 548.997,74.552 541,74.552 C533.003,74.552 532.056,74.521 528.898,74.378 C525.979,74.244 524.393,73.757 523.338,73.347 C521.94,72.803 520.942,72.155 519.894,71.106 C518.846,70.057 518.197,69.06 517.654,67.663 C517.244,66.606 516.755,65.022 516.623,62.101 C516.479,58.943 516.448,57.996 516.448,50 C516.448,42.003 516.479,41.056 516.623,37.899 C516.755,34.978 517.244,33.391 517.654,32.338 C518.197,30.938 518.846,29.942 519.894,28.894 C520.942,27.846 521.94,27.196 523.338,26.654 C524.393,26.244 525.979,25.756 528.898,25.623 C532.057,25.479 533.004,25.448 541,25.448 C548.997,25.448 549.943,25.479 553.102,25.623 C556.021,25.756 557.607,26.244 558.662,26.654 C560.06,27.196 561.058,27.846 562.106,28.894 C563.154,29.942 563.803,30.938 564.346,32.338 C564.756,33.391 565.244,34.978 565.378,37.899 C565.522,41.056 565.552,42.003 565.552,50 C565.552,57.996 565.522,58.943 565.378,62.101 M570.82,37.631 C570.674,34.438 570.167,32.258 569.425,30.349 C568.659,28.377 567.633,26.702 565.965,25.035 C564.297,23.368 562.623,22.342 560.652,21.575 C558.743,20.834 556.562,20.326 553.369,20.18 C550.169,20.033 549.148,20 541,20 C532.853,20 531.831,20.033 528.631,20.18 C525.438,20.326 523.257,20.834 521.349,21.575 C519.376,22.342 517.703,23.368 516.035,25.035 C514.368,26.702 513.342,28.377 512.574,30.349 C511.834,32.258 511.326,34.438 511.181,37.631 C511.035,40.831 511,41.851 511,50 C511,58.147 511.035,59.17 511.181,62.369 C511.326,65.562 511.834,67.743 512.574,69.651 C513.342,71.625 514.368,73.296 516.035,74.965 C517.703,76.634 519.376,77.658 521.349,78.425 C523.257,79.167 525.438,79.673 528.631,79.82 C531.831,79.965 532.853,80.001 541,80.001 C549.148,80.001 550.169,79.965 553.369,79.82 C556.562,79.673 558.743,79.167 560.652,78.425 C562.623,77.658 564.297,76.634 565.965,74.965 C567.633,73.296 568.659,71.625 569.425,69.651 C570.167,67.743 570.674,65.562 570.82,62.369 C570.966,59.17 571,58.147 571,50 C571,41.851 570.966,40.831 570.82,37.631\"><\/path><\/g><\/g><\/g><\/svg><\/div><div style=\"padding-top: 8px;\"> <div style=\" color:#3897f0; font-family:Arial,sans-serif; font-size:14px; font-style:normal; font-weight:550; line-height:18px;\">Ver essa foto no Instagram<\/div><\/div><div style=\"padding: 12.5% 0;\"><\/div> <div style=\"display: flex; flex-direction: row; margin-bottom: 14px; align-items: center;\"><div> <div style=\"background-color: #F4F4F4; border-radius: 50%; height: 12.5px; width: 12.5px; transform: translateX(0px) translateY(7px);\"><\/div> <div style=\"background-color: #F4F4F4; height: 12.5px; transform: rotate(-45deg) translateX(3px) translateY(1px); width: 12.5px; flex-grow: 0; margin-right: 14px; margin-left: 2px;\"><\/div> <div style=\"background-color: #F4F4F4; border-radius: 50%; height: 12.5px; width: 12.5px; transform: translateX(9px) translateY(-18px);\"><\/div><\/div><div style=\"margin-left: 8px;\"> <div style=\" background-color: #F4F4F4; border-radius: 50%; flex-grow: 0; height: 20px; width: 20px;\"><\/div> <div style=\" width: 0; height: 0; border-top: 2px solid transparent; border-left: 6px solid #f4f4f4; border-bottom: 2px solid transparent; transform: translateX(16px) translateY(-4px) rotate(30deg)\"><\/div><\/div><div style=\"margin-left: auto;\"> <div style=\" width: 0px; border-top: 8px solid #F4F4F4; border-right: 8px solid transparent; transform: translateY(16px);\"><\/div> <div style=\" background-color: #F4F4F4; flex-grow: 0; height: 12px; width: 16px; transform: translateY(-4px);\"><\/div> <div style=\" width: 0; height: 0; border-top: 8px solid #F4F4F4; border-left: 8px solid transparent; transform: translateY(-4px) translateX(8px);\"><\/div><\/div><\/div> <div style=\"display: flex; flex-direction: column; flex-grow: 1; justify-content: center; margin-bottom: 24px;\"> <div style=\" background-color: #F4F4F4; border-radius: 4px; flex-grow: 0; height: 14px; margin-bottom: 6px; width: 224px;\"><\/div> <div style=\" background-color: #F4F4F4; border-radius: 4px; flex-grow: 0; height: 14px; width: 144px;\"><\/div><\/div><\/a><p style=\" color:#c9c8cd; font-family:Arial,sans-serif; font-size:14px; line-height:17px; margin-bottom:0; margin-top:8px; overflow:hidden; padding:8px 0 7px; text-align:center; text-overflow:ellipsis; white-space:nowrap;\"><a href=\"https:\/\/www.instagram.com\/p\/DFjPwfYvU-J\/?utm_source=ig_embed&amp;utm_campaign=loading\" style=\" color:#c9c8cd; font-family:Arial,sans-serif; font-size:14px; font-style:normal; font-weight:normal; line-height:17px; text-decoration:none;\" target=\"_blank\">Uma publica\u00e7\u00e3o compartilhada por Ota\u0301vio Henrique (@otaviosantos)<\/a><\/p><\/div><\/blockquote>\n<script async src=\"\/\/www.instagram.com\/embed.js\"><\/script>\n\n\n\n<p>A busca por um refor\u00e7o para o meio-campo foi um pedido do t\u00e9cnico Mano Menezes, que conta atualmente com Martinelli, H\u00e9rcules, Nonato e Facundo Bernal como volantes de origem. O nome de Z\u00e9 Welison, do Fortaleza, chegou a ser cogitado, mas as tratativas n\u00e3o avan\u00e7aram. Dessa forma, Ot\u00e1vio se tornou o principal alvo da diretoria tricolor para fortalecer a equipe antes do fechamento da janela de transfer\u00eancias.<\/p>\n\n\n\n<p>O volante, de 30 anos, disputou tr\u00eas jogos na atual temporada e tem um hist\u00f3rico de regularidade, com 50 partidas em 2024 e 47 em 2023. A negocia\u00e7\u00e3o \u00e9 considerada uma das mais importantes para o Fluminense no momento, e o clube aguarda os pr\u00f3ximos desdobramentos para concretizar o refor\u00e7o e atender \u00e0s demandas do treinador.<\/p>\n","protected":false},"excerpt":{"rendered":"<p>Nas \u00faltimas horas, o foco das not\u00edcias sobre o Atl\u00e9tico-MG se concentram nos bastidores do clube, com destaques do dia a dia do time. Por conta deste contexto, leia abaixo um resumo preparado pela equipe do portal G\u00e1vea News para lhe manter muito bem informado! As contrata\u00e7\u00f5es do Brasileir\u00e3o S\u00e9rie A\u00a0 A temporada de 2025 [&hellip;]<\/p>\n","protected":false},"author":27,"featured_media":153999,"comment_status":"open","ping_status":"closed","sticky":false,"template":"","format":"standard","meta":{"footnotes":""},"categories":[136],"tags":[],"class_list":["post-226543","post","type-post","status-publish","format-standard","has-post-thumbnail","hentry","category-atletico-mg"],"yoast_head":"<!-- This site is optimized with the Yoast SEO Premium plugin v24.2 (Yoast SEO v26.9) - https:\/\/yoast.com\/product\/yoast-seo-premium-wordpress\/ -->\n<title>Contrata\u00e7\u00e3o de jogador, declara\u00e7\u00e3o de Zinho e as contrata\u00e7\u00f5es do Brasileir\u00e3o S\u00e9rie A\u00a0: as \u00faltimas not\u00edcias do Atl\u00e9tico-MG<\/title>\n<meta name=\"robots\" content=\"index, follow, max-snippet:-1, max-image-preview:large, max-video-preview:-1\" \/>\n<link rel=\"canonical\" href=\"https:\/\/www.gaveanews.com\/index.php\/2025\/02\/12\/contratacao-de-jogador-declaracao-de-zinho-e-as-contratacoes-do-brasileirao-serie-a-as-ultimas-noticias-do-atletico-mg\/\" \/>\n<meta property=\"og:locale\" content=\"pt_BR\" \/>\n<meta property=\"og:type\" content=\"article\" \/>\n<meta property=\"og:title\" content=\"Contrata\u00e7\u00e3o de jogador, declara\u00e7\u00e3o de Zinho e as contrata\u00e7\u00f5es do Brasileir\u00e3o S\u00e9rie A\u00a0: as \u00faltimas not\u00edcias do Atl\u00e9tico-MG\" \/>\n<meta property=\"og:description\" content=\"Nas \u00faltimas horas, o foco das not\u00edcias sobre o Atl\u00e9tico-MG se concentram nos bastidores do clube, com destaques do dia a dia do time. Por conta deste contexto, leia abaixo um resumo preparado pela equipe do portal G\u00e1vea News para lhe manter muito bem informado! As contrata\u00e7\u00f5es do Brasileir\u00e3o S\u00e9rie A\u00a0 A temporada de 2025 [&hellip;]\" \/>\n<meta property=\"og:url\" content=\"https:\/\/www.gaveanews.com\/index.php\/2025\/02\/12\/contratacao-de-jogador-declaracao-de-zinho-e-as-contratacoes-do-brasileirao-serie-a-as-ultimas-noticias-do-atletico-mg\/\" \/>\n<meta property=\"og:site_name\" content=\"G\u00e1vea News\" \/>\n<meta property=\"article:publisher\" content=\"https:\/\/facebook.com\/gaveaNews\/\" \/>\n<meta property=\"article:published_time\" content=\"2025-02-12T08:05:00+00:00\" \/>\n<meta property=\"og:image\" content=\"https:\/\/www.gaveanews.com\/wp-content\/uploads\/Estadio-do-Atletico-MG.webp\" \/>\n\t<meta property=\"og:image:width\" content=\"900\" \/>\n\t<meta property=\"og:image:height\" content=\"600\" \/>\n\t<meta property=\"og:image:type\" content=\"image\/webp\" \/>\n<meta name=\"author\" content=\"Matheus Felipe\" \/>\n<meta name=\"twitter:card\" content=\"summary_large_image\" \/>\n<meta name=\"twitter:label1\" content=\"Escrito por\" \/>\n\t<meta name=\"twitter:data1\" content=\"Matheus Felipe\" \/>\n\t<meta name=\"twitter:label2\" content=\"Est. tempo de leitura\" \/>\n\t<meta name=\"twitter:data2\" content=\"5 minutos\" \/>\n<script type=\"application\/ld+json\" class=\"yoast-schema-graph\">{\"@context\":\"https:\/\/schema.org\",\"@graph\":[{\"@type\":\"NewsArticle\",\"@id\":\"https:\/\/www.gaveanews.com\/index.php\/2025\/02\/12\/contratacao-de-jogador-declaracao-de-zinho-e-as-contratacoes-do-brasileirao-serie-a-as-ultimas-noticias-do-atletico-mg\/#article\",\"isPartOf\":{\"@id\":\"https:\/\/www.gaveanews.com\/index.php\/2025\/02\/12\/contratacao-de-jogador-declaracao-de-zinho-e-as-contratacoes-do-brasileirao-serie-a-as-ultimas-noticias-do-atletico-mg\/\"},\"author\":{\"name\":\"Matheus Felipe\",\"@id\":\"https:\/\/www.gaveanews.com\/#\/schema\/person\/8207cd4627f56151707418bfc835b2fb\"},\"headline\":\"Contrata\u00e7\u00e3o de jogador, declara\u00e7\u00e3o de Zinho e as contrata\u00e7\u00f5es do Brasileir\u00e3o S\u00e9rie A\u00a0: as \u00faltimas not\u00edcias do Atl\u00e9tico-MG\",\"datePublished\":\"2025-02-12T08:05:00+00:00\",\"mainEntityOfPage\":{\"@id\":\"https:\/\/www.gaveanews.com\/index.php\/2025\/02\/12\/contratacao-de-jogador-declaracao-de-zinho-e-as-contratacoes-do-brasileirao-serie-a-as-ultimas-noticias-do-atletico-mg\/\"},\"wordCount\":848,\"commentCount\":0,\"image\":{\"@id\":\"https:\/\/www.gaveanews.com\/index.php\/2025\/02\/12\/contratacao-de-jogador-declaracao-de-zinho-e-as-contratacoes-do-brasileirao-serie-a-as-ultimas-noticias-do-atletico-mg\/#primaryimage\"},\"thumbnailUrl\":\"https:\/\/www.gaveanews.com\/wp-content\/uploads\/Estadio-do-Atletico-MG.webp\",\"articleSection\":[\"Atl\u00e9tico-MG\"],\"inLanguage\":\"pt-BR\",\"potentialAction\":[{\"@type\":\"CommentAction\",\"name\":\"Comment\",\"target\":[\"https:\/\/www.gaveanews.com\/index.php\/2025\/02\/12\/contratacao-de-jogador-declaracao-de-zinho-e-as-contratacoes-do-brasileirao-serie-a-as-ultimas-noticias-do-atletico-mg\/#respond\"]}],\"copyrightYear\":\"2025\",\"copyrightHolder\":{\"@id\":\"https:\/\/www.gaveanews.com\/#organization\"}},{\"@type\":\"WebPage\",\"@id\":\"https:\/\/www.gaveanews.com\/index.php\/2025\/02\/12\/contratacao-de-jogador-declaracao-de-zinho-e-as-contratacoes-do-brasileirao-serie-a-as-ultimas-noticias-do-atletico-mg\/\",\"url\":\"https:\/\/www.gaveanews.com\/index.php\/2025\/02\/12\/contratacao-de-jogador-declaracao-de-zinho-e-as-contratacoes-do-brasileirao-serie-a-as-ultimas-noticias-do-atletico-mg\/\",\"name\":\"Contrata\u00e7\u00e3o de jogador, declara\u00e7\u00e3o de Zinho e as contrata\u00e7\u00f5es do Brasileir\u00e3o S\u00e9rie A\u00a0: as \u00faltimas not\u00edcias do Atl\u00e9tico-MG\",\"isPartOf\":{\"@id\":\"https:\/\/www.gaveanews.com\/#website\"},\"primaryImageOfPage\":{\"@id\":\"https:\/\/www.gaveanews.com\/index.php\/2025\/02\/12\/contratacao-de-jogador-declaracao-de-zinho-e-as-contratacoes-do-brasileirao-serie-a-as-ultimas-noticias-do-atletico-mg\/#primaryimage\"},\"image\":{\"@id\":\"https:\/\/www.gaveanews.com\/index.php\/2025\/02\/12\/contratacao-de-jogador-declaracao-de-zinho-e-as-contratacoes-do-brasileirao-serie-a-as-ultimas-noticias-do-atletico-mg\/#primaryimage\"},\"thumbnailUrl\":\"https:\/\/www.gaveanews.com\/wp-content\/uploads\/Estadio-do-Atletico-MG.webp\",\"datePublished\":\"2025-02-12T08:05:00+00:00\",\"author\":{\"@id\":\"https:\/\/www.gaveanews.com\/#\/schema\/person\/8207cd4627f56151707418bfc835b2fb\"},\"breadcrumb\":{\"@id\":\"https:\/\/www.gaveanews.com\/index.php\/2025\/02\/12\/contratacao-de-jogador-declaracao-de-zinho-e-as-contratacoes-do-brasileirao-serie-a-as-ultimas-noticias-do-atletico-mg\/#breadcrumb\"},\"inLanguage\":\"pt-BR\",\"potentialAction\":[{\"@type\":\"ReadAction\",\"target\":[\"https:\/\/www.gaveanews.com\/index.php\/2025\/02\/12\/contratacao-de-jogador-declaracao-de-zinho-e-as-contratacoes-do-brasileirao-serie-a-as-ultimas-noticias-do-atletico-mg\/\"]}]},{\"@type\":\"ImageObject\",\"inLanguage\":\"pt-BR\",\"@id\":\"https:\/\/www.gaveanews.com\/index.php\/2025\/02\/12\/contratacao-de-jogador-declaracao-de-zinho-e-as-contratacoes-do-brasileirao-serie-a-as-ultimas-noticias-do-atletico-mg\/#primaryimage\",\"url\":\"https:\/\/www.gaveanews.com\/wp-content\/uploads\/Estadio-do-Atletico-MG.webp\",\"contentUrl\":\"https:\/\/www.gaveanews.com\/wp-content\/uploads\/Estadio-do-Atletico-MG.webp\",\"width\":900,\"height\":600,\"caption\":\"Arena MRV, est\u00e1dio do Atl\u00e9tico-MG (Foto: Reprodu\u00e7\u00e3o\/Atl\u00e9tico)\"},{\"@type\":\"BreadcrumbList\",\"@id\":\"https:\/\/www.gaveanews.com\/index.php\/2025\/02\/12\/contratacao-de-jogador-declaracao-de-zinho-e-as-contratacoes-do-brasileirao-serie-a-as-ultimas-noticias-do-atletico-mg\/#breadcrumb\",\"itemListElement\":[{\"@type\":\"ListItem\",\"position\":1,\"name\":\"Home\",\"item\":\"https:\/\/www.gaveanews.com\/\"},{\"@type\":\"ListItem\",\"position\":2,\"name\":\"Contrata\u00e7\u00e3o de jogador, declara\u00e7\u00e3o de Zinho e as contrata\u00e7\u00f5es do Brasileir\u00e3o S\u00e9rie A\u00a0: as \u00faltimas not\u00edcias do Atl\u00e9tico-MG\"}]},{\"@type\":\"WebSite\",\"@id\":\"https:\/\/www.gaveanews.com\/#website\",\"url\":\"https:\/\/www.gaveanews.com\/\",\"name\":\"G\u00e1vea News\",\"description\":\"Veja todas as not\u00edcias sobre o Flamengo: Contrata\u00e7\u00f5es, categorias de base, resultados das partidas, tabela de classifica\u00e7\u00e3o, pr\u00f3ximos jogos!\",\"potentialAction\":[{\"@type\":\"SearchAction\",\"target\":{\"@type\":\"EntryPoint\",\"urlTemplate\":\"https:\/\/www.gaveanews.com\/?s={search_term_string}\"},\"query-input\":{\"@type\":\"PropertyValueSpecification\",\"valueRequired\":true,\"valueName\":\"search_term_string\"}}],\"inLanguage\":\"pt-BR\"},{\"@type\":\"Person\",\"@id\":\"https:\/\/www.gaveanews.com\/#\/schema\/person\/8207cd4627f56151707418bfc835b2fb\",\"name\":\"Matheus Felipe\",\"image\":{\"@type\":\"ImageObject\",\"inLanguage\":\"pt-BR\",\"@id\":\"https:\/\/www.gaveanews.com\/#\/schema\/person\/image\/\",\"url\":\"https:\/\/secure.gravatar.com\/avatar\/a452ffbed9130f726358b298bb3a99ce4bd3c5338411f8440e87e14d74c7c087?s=96&d=mm&r=g\",\"contentUrl\":\"https:\/\/secure.gravatar.com\/avatar\/a452ffbed9130f726358b298bb3a99ce4bd3c5338411f8440e87e14d74c7c087?s=96&d=mm&r=g\",\"caption\":\"Matheus Felipe\"}}]}<\/script>\n<!-- \/ Yoast SEO Premium plugin. -->","yoast_head_json":{"title":"Contrata\u00e7\u00e3o de jogador, declara\u00e7\u00e3o de Zinho e as contrata\u00e7\u00f5es do Brasileir\u00e3o S\u00e9rie A\u00a0: as \u00faltimas not\u00edcias do Atl\u00e9tico-MG","robots":{"index":"index","follow":"follow","max-snippet":"max-snippet:-1","max-image-preview":"max-image-preview:large","max-video-preview":"max-video-preview:-1"},"canonical":"https:\/\/www.gaveanews.com\/index.php\/2025\/02\/12\/contratacao-de-jogador-declaracao-de-zinho-e-as-contratacoes-do-brasileirao-serie-a-as-ultimas-noticias-do-atletico-mg\/","og_locale":"pt_BR","og_type":"article","og_title":"Contrata\u00e7\u00e3o de jogador, declara\u00e7\u00e3o de Zinho e as contrata\u00e7\u00f5es do Brasileir\u00e3o S\u00e9rie A\u00a0: as \u00faltimas not\u00edcias do Atl\u00e9tico-MG","og_description":"Nas \u00faltimas horas, o foco das not\u00edcias sobre o Atl\u00e9tico-MG se concentram nos bastidores do clube, com destaques do dia a dia do time. Por conta deste contexto, leia abaixo um resumo preparado pela equipe do portal G\u00e1vea News para lhe manter muito bem informado! As contrata\u00e7\u00f5es do Brasileir\u00e3o S\u00e9rie A\u00a0 A temporada de 2025 [&hellip;]","og_url":"https:\/\/www.gaveanews.com\/index.php\/2025\/02\/12\/contratacao-de-jogador-declaracao-de-zinho-e-as-contratacoes-do-brasileirao-serie-a-as-ultimas-noticias-do-atletico-mg\/","og_site_name":"G\u00e1vea News","article_publisher":"https:\/\/facebook.com\/gaveaNews\/","article_published_time":"2025-02-12T08:05:00+00:00","og_image":[{"width":900,"height":600,"url":"https:\/\/www.gaveanews.com\/wp-content\/uploads\/Estadio-do-Atletico-MG.webp","type":"image\/webp"}],"author":"Matheus Felipe","twitter_card":"summary_large_image","twitter_misc":{"Escrito por":"Matheus Felipe","Est. tempo de leitura":"5 minutos"},"schema":{"@context":"https:\/\/schema.org","@graph":[{"@type":"NewsArticle","@id":"https:\/\/www.gaveanews.com\/index.php\/2025\/02\/12\/contratacao-de-jogador-declaracao-de-zinho-e-as-contratacoes-do-brasileirao-serie-a-as-ultimas-noticias-do-atletico-mg\/#article","isPartOf":{"@id":"https:\/\/www.gaveanews.com\/index.php\/2025\/02\/12\/contratacao-de-jogador-declaracao-de-zinho-e-as-contratacoes-do-brasileirao-serie-a-as-ultimas-noticias-do-atletico-mg\/"},"author":{"name":"Matheus Felipe","@id":"https:\/\/www.gaveanews.com\/#\/schema\/person\/8207cd4627f56151707418bfc835b2fb"},"headline":"Contrata\u00e7\u00e3o de jogador, declara\u00e7\u00e3o de Zinho e as contrata\u00e7\u00f5es do Brasileir\u00e3o S\u00e9rie A\u00a0: as \u00faltimas not\u00edcias do Atl\u00e9tico-MG","datePublished":"2025-02-12T08:05:00+00:00","mainEntityOfPage":{"@id":"https:\/\/www.gaveanews.com\/index.php\/2025\/02\/12\/contratacao-de-jogador-declaracao-de-zinho-e-as-contratacoes-do-brasileirao-serie-a-as-ultimas-noticias-do-atletico-mg\/"},"wordCount":848,"commentCount":0,"image":{"@id":"https:\/\/www.gaveanews.com\/index.php\/2025\/02\/12\/contratacao-de-jogador-declaracao-de-zinho-e-as-contratacoes-do-brasileirao-serie-a-as-ultimas-noticias-do-atletico-mg\/#primaryimage"},"thumbnailUrl":"https:\/\/www.gaveanews.com\/wp-content\/uploads\/Estadio-do-Atletico-MG.webp","articleSection":["Atl\u00e9tico-MG"],"inLanguage":"pt-BR","potentialAction":[{"@type":"CommentAction","name":"Comment","target":["https:\/\/www.gaveanews.com\/index.php\/2025\/02\/12\/contratacao-de-jogador-declaracao-de-zinho-e-as-contratacoes-do-brasileirao-serie-a-as-ultimas-noticias-do-atletico-mg\/#respond"]}],"copyrightYear":"2025","copyrightHolder":{"@id":"https:\/\/www.gaveanews.com\/#organization"}},{"@type":"WebPage","@id":"https:\/\/www.gaveanews.com\/index.php\/2025\/02\/12\/contratacao-de-jogador-declaracao-de-zinho-e-as-contratacoes-do-brasileirao-serie-a-as-ultimas-noticias-do-atletico-mg\/","url":"https:\/\/www.gaveanews.com\/index.php\/2025\/02\/12\/contratacao-de-jogador-declaracao-de-zinho-e-as-contratacoes-do-brasileirao-serie-a-as-ultimas-noticias-do-atletico-mg\/","name":"Contrata\u00e7\u00e3o de jogador, declara\u00e7\u00e3o de Zinho e as contrata\u00e7\u00f5es do Brasileir\u00e3o S\u00e9rie A\u00a0: as \u00faltimas not\u00edcias do Atl\u00e9tico-MG","isPartOf":{"@id":"https:\/\/www.gaveanews.com\/#website"},"primaryImageOfPage":{"@id":"https:\/\/www.gaveanews.com\/index.php\/2025\/02\/12\/contratacao-de-jogador-declaracao-de-zinho-e-as-contratacoes-do-brasileirao-serie-a-as-ultimas-noticias-do-atletico-mg\/#primaryimage"},"image":{"@id":"https:\/\/www.gaveanews.com\/index.php\/2025\/02\/12\/contratacao-de-jogador-declaracao-de-zinho-e-as-contratacoes-do-brasileirao-serie-a-as-ultimas-noticias-do-atletico-mg\/#primaryimage"},"thumbnailUrl":"https:\/\/www.gaveanews.com\/wp-content\/uploads\/Estadio-do-Atletico-MG.webp","datePublished":"2025-02-12T08:05:00+00:00","author":{"@id":"https:\/\/www.gaveanews.com\/#\/schema\/person\/8207cd4627f56151707418bfc835b2fb"},"breadcrumb":{"@id":"https:\/\/www.gaveanews.com\/index.php\/2025\/02\/12\/contratacao-de-jogador-declaracao-de-zinho-e-as-contratacoes-do-brasileirao-serie-a-as-ultimas-noticias-do-atletico-mg\/#breadcrumb"},"inLanguage":"pt-BR","potentialAction":[{"@type":"ReadAction","target":["https:\/\/www.gaveanews.com\/index.php\/2025\/02\/12\/contratacao-de-jogador-declaracao-de-zinho-e-as-contratacoes-do-brasileirao-serie-a-as-ultimas-noticias-do-atletico-mg\/"]}]},{"@type":"ImageObject","inLanguage":"pt-BR","@id":"https:\/\/www.gaveanews.com\/index.php\/2025\/02\/12\/contratacao-de-jogador-declaracao-de-zinho-e-as-contratacoes-do-brasileirao-serie-a-as-ultimas-noticias-do-atletico-mg\/#primaryimage","url":"https:\/\/www.gaveanews.com\/wp-content\/uploads\/Estadio-do-Atletico-MG.webp","contentUrl":"https:\/\/www.gaveanews.com\/wp-content\/uploads\/Estadio-do-Atletico-MG.webp","width":900,"height":600,"caption":"Arena MRV, est\u00e1dio do Atl\u00e9tico-MG (Foto: Reprodu\u00e7\u00e3o\/Atl\u00e9tico)"},{"@type":"BreadcrumbList","@id":"https:\/\/www.gaveanews.com\/index.php\/2025\/02\/12\/contratacao-de-jogador-declaracao-de-zinho-e-as-contratacoes-do-brasileirao-serie-a-as-ultimas-noticias-do-atletico-mg\/#breadcrumb","itemListElement":[{"@type":"ListItem","position":1,"name":"Home","item":"https:\/\/www.gaveanews.com\/"},{"@type":"ListItem","position":2,"name":"Contrata\u00e7\u00e3o de jogador, declara\u00e7\u00e3o de Zinho e as contrata\u00e7\u00f5es do Brasileir\u00e3o S\u00e9rie A\u00a0: as \u00faltimas not\u00edcias do Atl\u00e9tico-MG"}]},{"@type":"WebSite","@id":"https:\/\/www.gaveanews.com\/#website","url":"https:\/\/www.gaveanews.com\/","name":"G\u00e1vea News","description":"Veja todas as not\u00edcias sobre o Flamengo: Contrata\u00e7\u00f5es, categorias de base, resultados das partidas, tabela de classifica\u00e7\u00e3o, pr\u00f3ximos jogos!","potentialAction":[{"@type":"SearchAction","target":{"@type":"EntryPoint","urlTemplate":"https:\/\/www.gaveanews.com\/?s={search_term_string}"},"query-input":{"@type":"PropertyValueSpecification","valueRequired":true,"valueName":"search_term_string"}}],"inLanguage":"pt-BR"},{"@type":"Person","@id":"https:\/\/www.gaveanews.com\/#\/schema\/person\/8207cd4627f56151707418bfc835b2fb","name":"Matheus Felipe","image":{"@type":"ImageObject","inLanguage":"pt-BR","@id":"https:\/\/www.gaveanews.com\/#\/schema\/person\/image\/","url":"https:\/\/secure.gravatar.com\/avatar\/a452ffbed9130f726358b298bb3a99ce4bd3c5338411f8440e87e14d74c7c087?s=96&d=mm&r=g","contentUrl":"https:\/\/secure.gravatar.com\/avatar\/a452ffbed9130f726358b298bb3a99ce4bd3c5338411f8440e87e14d74c7c087?s=96&d=mm&r=g","caption":"Matheus Felipe"}}]}},"_links":{"self":[{"href":"https:\/\/www.gaveanews.com\/index.php\/wp-json\/wp\/v2\/posts\/226543","targetHints":{"allow":["GET"]}}],"collection":[{"href":"https:\/\/www.gaveanews.com\/index.php\/wp-json\/wp\/v2\/posts"}],"about":[{"href":"https:\/\/www.gaveanews.com\/index.php\/wp-json\/wp\/v2\/types\/post"}],"author":[{"embeddable":true,"href":"https:\/\/www.gaveanews.com\/index.php\/wp-json\/wp\/v2\/users\/27"}],"replies":[{"embeddable":true,"href":"https:\/\/www.gaveanews.com\/index.php\/wp-json\/wp\/v2\/comments?post=226543"}],"version-history":[{"count":1,"href":"https:\/\/www.gaveanews.com\/index.php\/wp-json\/wp\/v2\/posts\/226543\/revisions"}],"predecessor-version":[{"id":226557,"href":"https:\/\/www.gaveanews.com\/index.php\/wp-json\/wp\/v2\/posts\/226543\/revisions\/226557"}],"wp:featuredmedia":[{"embeddable":true,"href":"https:\/\/www.gaveanews.com\/index.php\/wp-json\/wp\/v2\/media\/153999"}],"wp:attachment":[{"href":"https:\/\/www.gaveanews.com\/index.php\/wp-json\/wp\/v2\/media?parent=226543"}],"wp:term":[{"taxonomy":"category","embeddable":true,"href":"https:\/\/www.gaveanews.com\/index.php\/wp-json\/wp\/v2\/categories?post=226543"},{"taxonomy":"post_tag","embeddable":true,"href":"https:\/\/www.gaveanews.com\/index.php\/wp-json\/wp\/v2\/tags?post=226543"}],"curies":[{"name":"wp","href":"https:\/\/api.w.org\/{rel}","templated":true}]}}