{"id":226551,"date":"2025-02-12T05:25:00","date_gmt":"2025-02-12T08:25:00","guid":{"rendered":"https:\/\/www.gaveanews.com\/?p=226551"},"modified":"2025-02-12T02:06:39","modified_gmt":"2025-02-12T05:06:39","slug":"situacao-de-mauricio-declaracao-de-bruno-prado-e-trajetoria-de-rony-as-ultimas-noticias-do-palmeiras","status":"publish","type":"post","link":"https:\/\/www.gaveanews.com\/index.php\/2025\/02\/12\/situacao-de-mauricio-declaracao-de-bruno-prado-e-trajetoria-de-rony-as-ultimas-noticias-do-palmeiras\/","title":{"rendered":"Situa\u00e7\u00e3o de Maur\u00edcio, declara\u00e7\u00e3o de Bruno Prado e trajet\u00f3ria de Rony: as \u00faltimas not\u00edcias do Palmeiras"},"content":{"rendered":"\n<p>Nas \u00faltimas horas, o foco das not\u00edcias sobre o Palmeiras se concentram nos bastidores do clube, com destaques do dia a dia do time.<\/p>\n\n\n\n<p>Por conta deste contexto, leia abaixo um resumo preparado pela equipe do portal G\u00e1vea News para lhe manter muito bem informado!<\/p>\n\n\n\n<h2 class=\"wp-block-heading\" id=\"h-trajetoria-de-rony\">Trajet\u00f3ria de Rony<\/h2>\n\n\n\n<p>O Atl\u00e9tico-MG segue atento ao mercado em busca de refor\u00e7os para seu setor ofensivo e pode retomar as negocia\u00e7\u00f5es com Rony, do Palmeiras. Inicialmente, o clube mineiro havia desistido da contrata\u00e7\u00e3o devido \u00e0 alta pedida dos representantes do jogador, mas, segundo informa\u00e7\u00f5es recentes, as condi\u00e7\u00f5es mudaram. O estafe do atacante flexibilizou suas exig\u00eancias, o que abre caminho para novas conversas entre as partes. A diretoria atleticana considera Rony uma op\u00e7\u00e3o vi\u00e1vel para fortalecer o elenco e avalia a possibilidade de formalizar uma nova proposta em breve <strong><a href=\"https:\/\/www.gaveanews.com\/index.php\/2025\/02\/07\/atletico-mg-prepara-proposta-para-tirar-jogador-do-palmeiras\/\">(leia a mat\u00e9ria completa).<\/a><\/strong><\/p>\n\n\n\n<figure class=\"wp-block-image size-full\"><img loading=\"lazy\" decoding=\"async\" width=\"720\" height=\"480\" src=\"http:\/\/www.gaveanews.com\/wp-content\/uploads\/rony7oficial_1706308549610-edited.webp\" alt=\"\" class=\"wp-image-123955\" srcset=\"https:\/\/www.gaveanews.com\/wp-content\/uploads\/rony7oficial_1706308549610-edited.webp 720w, https:\/\/www.gaveanews.com\/wp-content\/uploads\/rony7oficial_1706308549610-edited-300x200.webp 300w, https:\/\/www.gaveanews.com\/wp-content\/uploads\/rony7oficial_1706308549610-edited-630x420.webp 630w, https:\/\/www.gaveanews.com\/wp-content\/uploads\/rony7oficial_1706308549610-edited-640x427.webp 640w, https:\/\/www.gaveanews.com\/wp-content\/uploads\/rony7oficial_1706308549610-edited-681x454.webp 681w, https:\/\/www.gaveanews.com\/wp-content\/uploads\/rony7oficial_1706308549610-edited-100x67.webp 100w\" sizes=\"auto, (max-width: 720px) 100vw, 720px\" \/><figcaption class=\"wp-element-caption\">Rony em a\u00e7\u00e3o pelo Palmeiras (Foto: Reprodu\u00e7\u00e3o\/Instagram)<\/figcaption><\/figure>\n\n\n\n<p>Aos 29 anos, Rony ainda n\u00e3o atuou pelo Palmeiras em 2025 e sabe que seu ciclo no clube est\u00e1 pr\u00f3ximo do fim. <\/p>\n\n\n\n<p>A presidente Leila Pereira j\u00e1 afirmou que n\u00e3o h\u00e1 obst\u00e1culos para sua sa\u00edda, e o t\u00e9cnico Abel Ferreira n\u00e3o conta mais com o atacante. Apesar de ter marcado 10 gols e dado 6 assist\u00eancias em 2024, seu desempenho caiu na reta final da temporada, resultando na perda de espa\u00e7o no time titular. A torcida, que antes o via como pe\u00e7a fundamental, passou a questionar suas atua\u00e7\u00f5es, aumentando a especula\u00e7\u00e3o sobre sua transfer\u00eancia.<\/p>\n\n\n\n<p>Mesmo com a recente queda de rendimento, Rony construiu uma trajet\u00f3ria vitoriosa no Palmeiras, conquistando 11 t\u00edtulos, incluindo duas Libertadores e dois Campeonatos Brasileiros. Ele chegou a recusar ofertas de Fluminense e Santos, mas uma proposta do Atl\u00e9tico-MG pode ser mais atrativa. A expectativa \u00e9 de que os pr\u00f3ximos meses sejam decisivos para definir o futuro do jogador, que ainda tem mercado no futebol brasileiro e pode refor\u00e7ar um concorrente direto na temporada.<\/p>\n\n\n\n<h2 class=\"wp-block-heading\" id=\"h-declaracao-de-bruno-prado\">Declara\u00e7\u00e3o de Bruno Prado<\/h2>\n\n\n\n<p>Palmeiras e Corinthians se enfrentam nesta quinta-feira (6), \u00e0s 20h, no Allianz Parque, em um dos cl\u00e1ssicos mais aguardados do Campeonato Paulista. O Tim\u00e3o chega em melhor fase, liderando o Grupo A com 18 pontos, enquanto o Verd\u00e3o ocupa a vice-lideran\u00e7a do Grupo D, com 11. Al\u00e9m da rivalidade hist\u00f3rica, o confronto promete ser decisivo para as pretens\u00f5es das equipes no estadual. As duas torcidas divergem na contagem oficial do retrospecto, mas o equil\u00edbrio marca o duelo ao longo dos anos <strong><a href=\"https:\/\/www.gaveanews.com\/index.php\/2025\/02\/05\/palmeiras-x-corinthians-a-declaracao-de-bruno-prado\/\">(leia a mat\u00e9ria completa).<\/a><\/strong><\/p>\n\n\n\n<figure class=\"wp-block-image size-full\"><img loading=\"lazy\" decoding=\"async\" width=\"1023\" height=\"767\" src=\"http:\/\/www.gaveanews.com\/wp-content\/uploads\/Allianz-Parque-estadio-do-Palmeiras.webp\" alt=\"\" class=\"wp-image-155182\" srcset=\"https:\/\/www.gaveanews.com\/wp-content\/uploads\/Allianz-Parque-estadio-do-Palmeiras.webp 1023w, https:\/\/www.gaveanews.com\/wp-content\/uploads\/Allianz-Parque-estadio-do-Palmeiras-300x225.webp 300w, https:\/\/www.gaveanews.com\/wp-content\/uploads\/Allianz-Parque-estadio-do-Palmeiras-768x576.webp 768w, https:\/\/www.gaveanews.com\/wp-content\/uploads\/Allianz-Parque-estadio-do-Palmeiras-560x420.webp 560w, https:\/\/www.gaveanews.com\/wp-content\/uploads\/Allianz-Parque-estadio-do-Palmeiras-80x60.webp 80w, https:\/\/www.gaveanews.com\/wp-content\/uploads\/Allianz-Parque-estadio-do-Palmeiras-160x120.webp 160w, https:\/\/www.gaveanews.com\/wp-content\/uploads\/Allianz-Parque-estadio-do-Palmeiras-100x75.webp 100w, https:\/\/www.gaveanews.com\/wp-content\/uploads\/Allianz-Parque-estadio-do-Palmeiras-200x150.webp 200w, https:\/\/www.gaveanews.com\/wp-content\/uploads\/Allianz-Parque-estadio-do-Palmeiras-180x135.webp 180w, https:\/\/www.gaveanews.com\/wp-content\/uploads\/Allianz-Parque-estadio-do-Palmeiras-360x270.webp 360w, https:\/\/www.gaveanews.com\/wp-content\/uploads\/Allianz-Parque-estadio-do-Palmeiras-238x178.webp 238w, https:\/\/www.gaveanews.com\/wp-content\/uploads\/Allianz-Parque-estadio-do-Palmeiras-476x356.webp 476w, https:\/\/www.gaveanews.com\/wp-content\/uploads\/Allianz-Parque-estadio-do-Palmeiras-640x480.webp 640w, https:\/\/www.gaveanews.com\/wp-content\/uploads\/Allianz-Parque-estadio-do-Palmeiras-681x511.webp 681w\" sizes=\"auto, (max-width: 1023px) 100vw, 1023px\" \/><figcaption class=\"wp-element-caption\">Allianz Parque, est\u00e1dio do Palmeiras (Foto: Reprodu\u00e7\u00e3o\/Palmeiras)<\/figcaption><\/figure>\n\n\n\n<p>As prov\u00e1veis escala\u00e7\u00f5es indicam que os t\u00e9cnicos Abel Ferreira e Ram\u00f3n D\u00edaz devem levar a campo o que t\u00eam de melhor. O Palmeiras deve contar com Raphael Veiga, Gustavo G\u00f3mez e Est\u00eav\u00e3o, enquanto o Corinthians aposta na experi\u00eancia de Memphis Depay, Yuri Alberto e Romero para buscar um bom resultado fora de casa. A arbitragem ser\u00e1 comandada por Raphael Claus, auxiliado por Danilo Ricardo Simon Manis e Alex Ang Ribeiro, com Daiane Muniz no VAR.<\/p>\n\n\n\n<p>O comentarista Bruno Prado analisou a expectativa para o cl\u00e1ssico, destacando a press\u00e3o por refor\u00e7os e resultados imediatos. Segundo ele, a torcida n\u00e3o tem paci\u00eancia para erros, principalmente em jogos grandes como esse. Com o Paulist\u00e3o se aproximando da fase decisiva, o resultado do d\u00e9rbi pode influenciar diretamente o planejamento dos clubes para o restante da temporada.<\/p>\n\n\n\n<h2 class=\"wp-block-heading\" id=\"h-situacao-de-mauricio\">Situa\u00e7\u00e3o de Maur\u00edcio<\/h2>\n\n\n\n<p>O meio-campista Maur\u00edcio, do Palmeiras, tem chamado a aten\u00e7\u00e3o de clubes europeus ap\u00f3s suas boas atua\u00e7\u00f5es no in\u00edcio do Campeonato Paulista. Napoli, Crystal Palace e Betis demonstraram interesse no jogador de 23 anos, mas, at\u00e9 o momento, nenhuma proposta oficial foi feita. A diretoria alviverde n\u00e3o pretende negociar o atleta antes da disputa do Super Mundial, que ocorrer\u00e1 na metade do ano, o que pode adiar qualquer tratativa para o futuro <strong><a href=\"https:\/\/www.gaveanews.com\/index.php\/2025\/02\/05\/titular-absoluto-do-palmeiras-atrai-interesse-de-clubes-da-europa\/\">(leia a mat\u00e9ria completa).<\/a><\/strong><\/p>\n\n\n\n<blockquote class=\"instagram-media\" data-instgrm-permalink=\"https:\/\/www.instagram.com\/p\/DFl4XbdgHdm\/?utm_source=ig_embed&amp;utm_campaign=loading\" data-instgrm-version=\"14\" style=\" background:#FFF; border:0; border-radius:3px; box-shadow:0 0 1px 0 rgba(0,0,0,0.5),0 1px 10px 0 rgba(0,0,0,0.15); margin: 1px; max-width:540px; min-width:326px; padding:0; width:99.375%; width:-webkit-calc(100% - 2px); width:calc(100% - 2px);\"><div style=\"padding:16px;\"> <a href=\"https:\/\/www.instagram.com\/p\/DFl4XbdgHdm\/?utm_source=ig_embed&amp;utm_campaign=loading\" style=\" background:#FFFFFF; line-height:0; padding:0 0; text-align:center; text-decoration:none; width:100%;\" target=\"_blank\"> <div style=\" display: flex; flex-direction: row; align-items: center;\"> <div style=\"background-color: #F4F4F4; border-radius: 50%; flex-grow: 0; height: 40px; margin-right: 14px; width: 40px;\"><\/div> <div style=\"display: flex; flex-direction: column; flex-grow: 1; justify-content: center;\"> <div style=\" background-color: #F4F4F4; border-radius: 4px; flex-grow: 0; height: 14px; margin-bottom: 6px; width: 100px;\"><\/div> <div style=\" background-color: #F4F4F4; border-radius: 4px; flex-grow: 0; height: 14px; width: 60px;\"><\/div><\/div><\/div><div style=\"padding: 19% 0;\"><\/div> <div style=\"display:block; height:50px; margin:0 auto 12px; width:50px;\"><svg width=\"50px\" height=\"50px\" viewBox=\"0 0 60 60\" version=\"1.1\" xmlns=\"https:\/\/www.w3.org\/2000\/svg\" xmlns:xlink=\"https:\/\/www.w3.org\/1999\/xlink\"><g stroke=\"none\" stroke-width=\"1\" fill=\"none\" fill-rule=\"evenodd\"><g transform=\"translate(-511.000000, -20.000000)\" fill=\"#000000\"><g><path d=\"M556.869,30.41 C554.814,30.41 553.148,32.076 553.148,34.131 C553.148,36.186 554.814,37.852 556.869,37.852 C558.924,37.852 560.59,36.186 560.59,34.131 C560.59,32.076 558.924,30.41 556.869,30.41 M541,60.657 C535.114,60.657 530.342,55.887 530.342,50 C530.342,44.114 535.114,39.342 541,39.342 C546.887,39.342 551.658,44.114 551.658,50 C551.658,55.887 546.887,60.657 541,60.657 M541,33.886 C532.1,33.886 524.886,41.1 524.886,50 C524.886,58.899 532.1,66.113 541,66.113 C549.9,66.113 557.115,58.899 557.115,50 C557.115,41.1 549.9,33.886 541,33.886 M565.378,62.101 C565.244,65.022 564.756,66.606 564.346,67.663 C563.803,69.06 563.154,70.057 562.106,71.106 C561.058,72.155 560.06,72.803 558.662,73.347 C557.607,73.757 556.021,74.244 553.102,74.378 C549.944,74.521 548.997,74.552 541,74.552 C533.003,74.552 532.056,74.521 528.898,74.378 C525.979,74.244 524.393,73.757 523.338,73.347 C521.94,72.803 520.942,72.155 519.894,71.106 C518.846,70.057 518.197,69.06 517.654,67.663 C517.244,66.606 516.755,65.022 516.623,62.101 C516.479,58.943 516.448,57.996 516.448,50 C516.448,42.003 516.479,41.056 516.623,37.899 C516.755,34.978 517.244,33.391 517.654,32.338 C518.197,30.938 518.846,29.942 519.894,28.894 C520.942,27.846 521.94,27.196 523.338,26.654 C524.393,26.244 525.979,25.756 528.898,25.623 C532.057,25.479 533.004,25.448 541,25.448 C548.997,25.448 549.943,25.479 553.102,25.623 C556.021,25.756 557.607,26.244 558.662,26.654 C560.06,27.196 561.058,27.846 562.106,28.894 C563.154,29.942 563.803,30.938 564.346,32.338 C564.756,33.391 565.244,34.978 565.378,37.899 C565.522,41.056 565.552,42.003 565.552,50 C565.552,57.996 565.522,58.943 565.378,62.101 M570.82,37.631 C570.674,34.438 570.167,32.258 569.425,30.349 C568.659,28.377 567.633,26.702 565.965,25.035 C564.297,23.368 562.623,22.342 560.652,21.575 C558.743,20.834 556.562,20.326 553.369,20.18 C550.169,20.033 549.148,20 541,20 C532.853,20 531.831,20.033 528.631,20.18 C525.438,20.326 523.257,20.834 521.349,21.575 C519.376,22.342 517.703,23.368 516.035,25.035 C514.368,26.702 513.342,28.377 512.574,30.349 C511.834,32.258 511.326,34.438 511.181,37.631 C511.035,40.831 511,41.851 511,50 C511,58.147 511.035,59.17 511.181,62.369 C511.326,65.562 511.834,67.743 512.574,69.651 C513.342,71.625 514.368,73.296 516.035,74.965 C517.703,76.634 519.376,77.658 521.349,78.425 C523.257,79.167 525.438,79.673 528.631,79.82 C531.831,79.965 532.853,80.001 541,80.001 C549.148,80.001 550.169,79.965 553.369,79.82 C556.562,79.673 558.743,79.167 560.652,78.425 C562.623,77.658 564.297,76.634 565.965,74.965 C567.633,73.296 568.659,71.625 569.425,69.651 C570.167,67.743 570.674,65.562 570.82,62.369 C570.966,59.17 571,58.147 571,50 C571,41.851 570.966,40.831 570.82,37.631\"><\/path><\/g><\/g><\/g><\/svg><\/div><div style=\"padding-top: 8px;\"> <div style=\" color:#3897f0; font-family:Arial,sans-serif; font-size:14px; font-style:normal; font-weight:550; line-height:18px;\">Ver essa foto no Instagram<\/div><\/div><div style=\"padding: 12.5% 0;\"><\/div> <div style=\"display: flex; flex-direction: row; margin-bottom: 14px; align-items: center;\"><div> <div style=\"background-color: #F4F4F4; border-radius: 50%; height: 12.5px; width: 12.5px; transform: translateX(0px) translateY(7px);\"><\/div> <div style=\"background-color: #F4F4F4; height: 12.5px; transform: rotate(-45deg) translateX(3px) translateY(1px); width: 12.5px; flex-grow: 0; margin-right: 14px; margin-left: 2px;\"><\/div> <div style=\"background-color: #F4F4F4; border-radius: 50%; height: 12.5px; width: 12.5px; transform: translateX(9px) translateY(-18px);\"><\/div><\/div><div style=\"margin-left: 8px;\"> <div style=\" background-color: #F4F4F4; border-radius: 50%; flex-grow: 0; height: 20px; width: 20px;\"><\/div> <div style=\" width: 0; height: 0; border-top: 2px solid transparent; border-left: 6px solid #f4f4f4; border-bottom: 2px solid transparent; transform: translateX(16px) translateY(-4px) rotate(30deg)\"><\/div><\/div><div style=\"margin-left: auto;\"> <div style=\" width: 0px; border-top: 8px solid #F4F4F4; border-right: 8px solid transparent; transform: translateY(16px);\"><\/div> <div style=\" background-color: #F4F4F4; flex-grow: 0; height: 12px; width: 16px; transform: translateY(-4px);\"><\/div> <div style=\" width: 0; height: 0; border-top: 8px solid #F4F4F4; border-left: 8px solid transparent; transform: translateY(-4px) translateX(8px);\"><\/div><\/div><\/div> <div style=\"display: flex; flex-direction: column; flex-grow: 1; justify-content: center; margin-bottom: 24px;\"> <div style=\" background-color: #F4F4F4; border-radius: 4px; flex-grow: 0; height: 14px; margin-bottom: 6px; width: 224px;\"><\/div> <div style=\" background-color: #F4F4F4; border-radius: 4px; flex-grow: 0; height: 14px; width: 144px;\"><\/div><\/div><\/a><p style=\" color:#c9c8cd; font-family:Arial,sans-serif; font-size:14px; line-height:17px; margin-bottom:0; margin-top:8px; overflow:hidden; padding:8px 0 7px; text-align:center; text-overflow:ellipsis; white-space:nowrap;\"><a href=\"https:\/\/www.instagram.com\/p\/DFl4XbdgHdm\/?utm_source=ig_embed&amp;utm_campaign=loading\" style=\" color:#c9c8cd; font-family:Arial,sans-serif; font-size:14px; font-style:normal; font-weight:normal; line-height:17px; text-decoration:none;\" target=\"_blank\">Uma publica\u00e7\u00e3o compartilhada por Mauricio Prado (@mauriciomp7)<\/a><\/p><\/div><\/blockquote>\n<script async src=\"\/\/www.instagram.com\/embed.js\"><\/script>\n\n\n\n<p>Desde sua chegada ao Palmeiras em 2024, Maur\u00edcio vem se destacando e j\u00e1 soma 26 jogos e sete gols com a camisa alviverde. No atual campeonato estadual, ele tem sido pe\u00e7a-chave no esquema de Abel Ferreira, participando diretamente de gols importantes, como na vit\u00f3ria sobre a Portuguesa e na goleada contra o Guarani. Al\u00e9m disso, sua assist\u00eancia para Thalys garantiu a virada sobre o Santos, refor\u00e7ando sua import\u00e2ncia no elenco.<\/p>\n\n\n\n<p>A r\u00e1pida adapta\u00e7\u00e3o ao estilo de jogo do Palmeiras e a confian\u00e7a do treinador t\u00eam impulsionado seu crescimento dentro da equipe. Com desafios importantes ao longo da temporada, Maur\u00edcio segue como titular absoluto e pode se valorizar ainda mais, aumentando o interesse de clubes do exterior para as pr\u00f3ximas janelas de transfer\u00eancias.<\/p>\n","protected":false},"excerpt":{"rendered":"<p>Nas \u00faltimas horas, o foco das not\u00edcias sobre o Palmeiras se concentram nos bastidores do clube, com destaques do dia a dia do time. Por conta deste contexto, leia abaixo um resumo preparado pela equipe do portal G\u00e1vea News para lhe manter muito bem informado! Trajet\u00f3ria de Rony O Atl\u00e9tico-MG segue atento ao mercado em [&hellip;]<\/p>\n","protected":false},"author":27,"featured_media":155182,"comment_status":"open","ping_status":"closed","sticky":false,"template":"","format":"standard","meta":{"footnotes":""},"categories":[150],"tags":[],"class_list":["post-226551","post","type-post","status-publish","format-standard","has-post-thumbnail","hentry","category-palmeiras"],"yoast_head":"<!-- This site is optimized with the Yoast SEO Premium plugin v24.2 (Yoast SEO v26.9) - https:\/\/yoast.com\/product\/yoast-seo-premium-wordpress\/ -->\n<title>Situa\u00e7\u00e3o de Maur\u00edcio, declara\u00e7\u00e3o de Bruno Prado e trajet\u00f3ria de Rony: as \u00faltimas not\u00edcias do Palmeiras<\/title>\n<meta name=\"robots\" content=\"index, follow, max-snippet:-1, max-image-preview:large, max-video-preview:-1\" \/>\n<link rel=\"canonical\" href=\"https:\/\/www.gaveanews.com\/index.php\/2025\/02\/12\/situacao-de-mauricio-declaracao-de-bruno-prado-e-trajetoria-de-rony-as-ultimas-noticias-do-palmeiras\/\" \/>\n<meta property=\"og:locale\" content=\"pt_BR\" \/>\n<meta property=\"og:type\" content=\"article\" \/>\n<meta property=\"og:title\" content=\"Situa\u00e7\u00e3o de Maur\u00edcio, declara\u00e7\u00e3o de Bruno Prado e trajet\u00f3ria de Rony: as \u00faltimas not\u00edcias do Palmeiras\" \/>\n<meta property=\"og:description\" content=\"Nas \u00faltimas horas, o foco das not\u00edcias sobre o Palmeiras se concentram nos bastidores do clube, com destaques do dia a dia do time. Por conta deste contexto, leia abaixo um resumo preparado pela equipe do portal G\u00e1vea News para lhe manter muito bem informado! Trajet\u00f3ria de Rony O Atl\u00e9tico-MG segue atento ao mercado em [&hellip;]\" \/>\n<meta property=\"og:url\" content=\"https:\/\/www.gaveanews.com\/index.php\/2025\/02\/12\/situacao-de-mauricio-declaracao-de-bruno-prado-e-trajetoria-de-rony-as-ultimas-noticias-do-palmeiras\/\" \/>\n<meta property=\"og:site_name\" content=\"G\u00e1vea News\" \/>\n<meta property=\"article:publisher\" content=\"https:\/\/facebook.com\/gaveaNews\/\" \/>\n<meta property=\"article:published_time\" content=\"2025-02-12T08:25:00+00:00\" \/>\n<meta property=\"og:image\" content=\"https:\/\/www.gaveanews.com\/wp-content\/uploads\/Allianz-Parque-estadio-do-Palmeiras.webp\" \/>\n\t<meta property=\"og:image:width\" content=\"1023\" \/>\n\t<meta property=\"og:image:height\" content=\"767\" \/>\n\t<meta property=\"og:image:type\" content=\"image\/webp\" \/>\n<meta name=\"author\" content=\"Matheus Felipe\" \/>\n<meta name=\"twitter:card\" content=\"summary_large_image\" \/>\n<meta name=\"twitter:label1\" content=\"Escrito por\" \/>\n\t<meta name=\"twitter:data1\" content=\"Matheus Felipe\" \/>\n\t<meta name=\"twitter:label2\" content=\"Est. tempo de leitura\" \/>\n\t<meta name=\"twitter:data2\" content=\"5 minutos\" \/>\n<script type=\"application\/ld+json\" class=\"yoast-schema-graph\">{\"@context\":\"https:\/\/schema.org\",\"@graph\":[{\"@type\":\"NewsArticle\",\"@id\":\"https:\/\/www.gaveanews.com\/index.php\/2025\/02\/12\/situacao-de-mauricio-declaracao-de-bruno-prado-e-trajetoria-de-rony-as-ultimas-noticias-do-palmeiras\/#article\",\"isPartOf\":{\"@id\":\"https:\/\/www.gaveanews.com\/index.php\/2025\/02\/12\/situacao-de-mauricio-declaracao-de-bruno-prado-e-trajetoria-de-rony-as-ultimas-noticias-do-palmeiras\/\"},\"author\":{\"name\":\"Matheus Felipe\",\"@id\":\"https:\/\/www.gaveanews.com\/#\/schema\/person\/8207cd4627f56151707418bfc835b2fb\"},\"headline\":\"Situa\u00e7\u00e3o de Maur\u00edcio, declara\u00e7\u00e3o de Bruno Prado e trajet\u00f3ria de Rony: as \u00faltimas not\u00edcias do Palmeiras\",\"datePublished\":\"2025-02-12T08:25:00+00:00\",\"mainEntityOfPage\":{\"@id\":\"https:\/\/www.gaveanews.com\/index.php\/2025\/02\/12\/situacao-de-mauricio-declaracao-de-bruno-prado-e-trajetoria-de-rony-as-ultimas-noticias-do-palmeiras\/\"},\"wordCount\":847,\"commentCount\":0,\"image\":{\"@id\":\"https:\/\/www.gaveanews.com\/index.php\/2025\/02\/12\/situacao-de-mauricio-declaracao-de-bruno-prado-e-trajetoria-de-rony-as-ultimas-noticias-do-palmeiras\/#primaryimage\"},\"thumbnailUrl\":\"https:\/\/www.gaveanews.com\/wp-content\/uploads\/Allianz-Parque-estadio-do-Palmeiras.webp\",\"articleSection\":[\"Palmeiras\"],\"inLanguage\":\"pt-BR\",\"potentialAction\":[{\"@type\":\"CommentAction\",\"name\":\"Comment\",\"target\":[\"https:\/\/www.gaveanews.com\/index.php\/2025\/02\/12\/situacao-de-mauricio-declaracao-de-bruno-prado-e-trajetoria-de-rony-as-ultimas-noticias-do-palmeiras\/#respond\"]}],\"copyrightYear\":\"2025\",\"copyrightHolder\":{\"@id\":\"https:\/\/www.gaveanews.com\/#organization\"}},{\"@type\":\"WebPage\",\"@id\":\"https:\/\/www.gaveanews.com\/index.php\/2025\/02\/12\/situacao-de-mauricio-declaracao-de-bruno-prado-e-trajetoria-de-rony-as-ultimas-noticias-do-palmeiras\/\",\"url\":\"https:\/\/www.gaveanews.com\/index.php\/2025\/02\/12\/situacao-de-mauricio-declaracao-de-bruno-prado-e-trajetoria-de-rony-as-ultimas-noticias-do-palmeiras\/\",\"name\":\"Situa\u00e7\u00e3o de Maur\u00edcio, declara\u00e7\u00e3o de Bruno Prado e trajet\u00f3ria de Rony: as \u00faltimas not\u00edcias do Palmeiras\",\"isPartOf\":{\"@id\":\"https:\/\/www.gaveanews.com\/#website\"},\"primaryImageOfPage\":{\"@id\":\"https:\/\/www.gaveanews.com\/index.php\/2025\/02\/12\/situacao-de-mauricio-declaracao-de-bruno-prado-e-trajetoria-de-rony-as-ultimas-noticias-do-palmeiras\/#primaryimage\"},\"image\":{\"@id\":\"https:\/\/www.gaveanews.com\/index.php\/2025\/02\/12\/situacao-de-mauricio-declaracao-de-bruno-prado-e-trajetoria-de-rony-as-ultimas-noticias-do-palmeiras\/#primaryimage\"},\"thumbnailUrl\":\"https:\/\/www.gaveanews.com\/wp-content\/uploads\/Allianz-Parque-estadio-do-Palmeiras.webp\",\"datePublished\":\"2025-02-12T08:25:00+00:00\",\"author\":{\"@id\":\"https:\/\/www.gaveanews.com\/#\/schema\/person\/8207cd4627f56151707418bfc835b2fb\"},\"breadcrumb\":{\"@id\":\"https:\/\/www.gaveanews.com\/index.php\/2025\/02\/12\/situacao-de-mauricio-declaracao-de-bruno-prado-e-trajetoria-de-rony-as-ultimas-noticias-do-palmeiras\/#breadcrumb\"},\"inLanguage\":\"pt-BR\",\"potentialAction\":[{\"@type\":\"ReadAction\",\"target\":[\"https:\/\/www.gaveanews.com\/index.php\/2025\/02\/12\/situacao-de-mauricio-declaracao-de-bruno-prado-e-trajetoria-de-rony-as-ultimas-noticias-do-palmeiras\/\"]}]},{\"@type\":\"ImageObject\",\"inLanguage\":\"pt-BR\",\"@id\":\"https:\/\/www.gaveanews.com\/index.php\/2025\/02\/12\/situacao-de-mauricio-declaracao-de-bruno-prado-e-trajetoria-de-rony-as-ultimas-noticias-do-palmeiras\/#primaryimage\",\"url\":\"https:\/\/www.gaveanews.com\/wp-content\/uploads\/Allianz-Parque-estadio-do-Palmeiras.webp\",\"contentUrl\":\"https:\/\/www.gaveanews.com\/wp-content\/uploads\/Allianz-Parque-estadio-do-Palmeiras.webp\",\"width\":1023,\"height\":767,\"caption\":\"Allianz Parque, est\u00e1dio do Palmeiras (Foto: Reprodu\u00e7\u00e3o\/Palmeiras)\"},{\"@type\":\"BreadcrumbList\",\"@id\":\"https:\/\/www.gaveanews.com\/index.php\/2025\/02\/12\/situacao-de-mauricio-declaracao-de-bruno-prado-e-trajetoria-de-rony-as-ultimas-noticias-do-palmeiras\/#breadcrumb\",\"itemListElement\":[{\"@type\":\"ListItem\",\"position\":1,\"name\":\"Home\",\"item\":\"https:\/\/www.gaveanews.com\/\"},{\"@type\":\"ListItem\",\"position\":2,\"name\":\"Situa\u00e7\u00e3o de Maur\u00edcio, declara\u00e7\u00e3o de Bruno Prado e trajet\u00f3ria de Rony: as \u00faltimas not\u00edcias do Palmeiras\"}]},{\"@type\":\"WebSite\",\"@id\":\"https:\/\/www.gaveanews.com\/#website\",\"url\":\"https:\/\/www.gaveanews.com\/\",\"name\":\"G\u00e1vea News\",\"description\":\"Veja todas as not\u00edcias sobre o Flamengo: Contrata\u00e7\u00f5es, categorias de base, resultados das partidas, tabela de classifica\u00e7\u00e3o, pr\u00f3ximos jogos!\",\"potentialAction\":[{\"@type\":\"SearchAction\",\"target\":{\"@type\":\"EntryPoint\",\"urlTemplate\":\"https:\/\/www.gaveanews.com\/?s={search_term_string}\"},\"query-input\":{\"@type\":\"PropertyValueSpecification\",\"valueRequired\":true,\"valueName\":\"search_term_string\"}}],\"inLanguage\":\"pt-BR\"},{\"@type\":\"Person\",\"@id\":\"https:\/\/www.gaveanews.com\/#\/schema\/person\/8207cd4627f56151707418bfc835b2fb\",\"name\":\"Matheus Felipe\",\"image\":{\"@type\":\"ImageObject\",\"inLanguage\":\"pt-BR\",\"@id\":\"https:\/\/www.gaveanews.com\/#\/schema\/person\/image\/\",\"url\":\"https:\/\/secure.gravatar.com\/avatar\/a452ffbed9130f726358b298bb3a99ce4bd3c5338411f8440e87e14d74c7c087?s=96&d=mm&r=g\",\"contentUrl\":\"https:\/\/secure.gravatar.com\/avatar\/a452ffbed9130f726358b298bb3a99ce4bd3c5338411f8440e87e14d74c7c087?s=96&d=mm&r=g\",\"caption\":\"Matheus Felipe\"}}]}<\/script>\n<!-- \/ Yoast SEO Premium plugin. -->","yoast_head_json":{"title":"Situa\u00e7\u00e3o de Maur\u00edcio, declara\u00e7\u00e3o de Bruno Prado e trajet\u00f3ria de Rony: as \u00faltimas not\u00edcias do Palmeiras","robots":{"index":"index","follow":"follow","max-snippet":"max-snippet:-1","max-image-preview":"max-image-preview:large","max-video-preview":"max-video-preview:-1"},"canonical":"https:\/\/www.gaveanews.com\/index.php\/2025\/02\/12\/situacao-de-mauricio-declaracao-de-bruno-prado-e-trajetoria-de-rony-as-ultimas-noticias-do-palmeiras\/","og_locale":"pt_BR","og_type":"article","og_title":"Situa\u00e7\u00e3o de Maur\u00edcio, declara\u00e7\u00e3o de Bruno Prado e trajet\u00f3ria de Rony: as \u00faltimas not\u00edcias do Palmeiras","og_description":"Nas \u00faltimas horas, o foco das not\u00edcias sobre o Palmeiras se concentram nos bastidores do clube, com destaques do dia a dia do time. Por conta deste contexto, leia abaixo um resumo preparado pela equipe do portal G\u00e1vea News para lhe manter muito bem informado! Trajet\u00f3ria de Rony O Atl\u00e9tico-MG segue atento ao mercado em [&hellip;]","og_url":"https:\/\/www.gaveanews.com\/index.php\/2025\/02\/12\/situacao-de-mauricio-declaracao-de-bruno-prado-e-trajetoria-de-rony-as-ultimas-noticias-do-palmeiras\/","og_site_name":"G\u00e1vea News","article_publisher":"https:\/\/facebook.com\/gaveaNews\/","article_published_time":"2025-02-12T08:25:00+00:00","og_image":[{"width":1023,"height":767,"url":"https:\/\/www.gaveanews.com\/wp-content\/uploads\/Allianz-Parque-estadio-do-Palmeiras.webp","type":"image\/webp"}],"author":"Matheus Felipe","twitter_card":"summary_large_image","twitter_misc":{"Escrito por":"Matheus Felipe","Est. tempo de leitura":"5 minutos"},"schema":{"@context":"https:\/\/schema.org","@graph":[{"@type":"NewsArticle","@id":"https:\/\/www.gaveanews.com\/index.php\/2025\/02\/12\/situacao-de-mauricio-declaracao-de-bruno-prado-e-trajetoria-de-rony-as-ultimas-noticias-do-palmeiras\/#article","isPartOf":{"@id":"https:\/\/www.gaveanews.com\/index.php\/2025\/02\/12\/situacao-de-mauricio-declaracao-de-bruno-prado-e-trajetoria-de-rony-as-ultimas-noticias-do-palmeiras\/"},"author":{"name":"Matheus Felipe","@id":"https:\/\/www.gaveanews.com\/#\/schema\/person\/8207cd4627f56151707418bfc835b2fb"},"headline":"Situa\u00e7\u00e3o de Maur\u00edcio, declara\u00e7\u00e3o de Bruno Prado e trajet\u00f3ria de Rony: as \u00faltimas not\u00edcias do Palmeiras","datePublished":"2025-02-12T08:25:00+00:00","mainEntityOfPage":{"@id":"https:\/\/www.gaveanews.com\/index.php\/2025\/02\/12\/situacao-de-mauricio-declaracao-de-bruno-prado-e-trajetoria-de-rony-as-ultimas-noticias-do-palmeiras\/"},"wordCount":847,"commentCount":0,"image":{"@id":"https:\/\/www.gaveanews.com\/index.php\/2025\/02\/12\/situacao-de-mauricio-declaracao-de-bruno-prado-e-trajetoria-de-rony-as-ultimas-noticias-do-palmeiras\/#primaryimage"},"thumbnailUrl":"https:\/\/www.gaveanews.com\/wp-content\/uploads\/Allianz-Parque-estadio-do-Palmeiras.webp","articleSection":["Palmeiras"],"inLanguage":"pt-BR","potentialAction":[{"@type":"CommentAction","name":"Comment","target":["https:\/\/www.gaveanews.com\/index.php\/2025\/02\/12\/situacao-de-mauricio-declaracao-de-bruno-prado-e-trajetoria-de-rony-as-ultimas-noticias-do-palmeiras\/#respond"]}],"copyrightYear":"2025","copyrightHolder":{"@id":"https:\/\/www.gaveanews.com\/#organization"}},{"@type":"WebPage","@id":"https:\/\/www.gaveanews.com\/index.php\/2025\/02\/12\/situacao-de-mauricio-declaracao-de-bruno-prado-e-trajetoria-de-rony-as-ultimas-noticias-do-palmeiras\/","url":"https:\/\/www.gaveanews.com\/index.php\/2025\/02\/12\/situacao-de-mauricio-declaracao-de-bruno-prado-e-trajetoria-de-rony-as-ultimas-noticias-do-palmeiras\/","name":"Situa\u00e7\u00e3o de Maur\u00edcio, declara\u00e7\u00e3o de Bruno Prado e trajet\u00f3ria de Rony: as \u00faltimas not\u00edcias do Palmeiras","isPartOf":{"@id":"https:\/\/www.gaveanews.com\/#website"},"primaryImageOfPage":{"@id":"https:\/\/www.gaveanews.com\/index.php\/2025\/02\/12\/situacao-de-mauricio-declaracao-de-bruno-prado-e-trajetoria-de-rony-as-ultimas-noticias-do-palmeiras\/#primaryimage"},"image":{"@id":"https:\/\/www.gaveanews.com\/index.php\/2025\/02\/12\/situacao-de-mauricio-declaracao-de-bruno-prado-e-trajetoria-de-rony-as-ultimas-noticias-do-palmeiras\/#primaryimage"},"thumbnailUrl":"https:\/\/www.gaveanews.com\/wp-content\/uploads\/Allianz-Parque-estadio-do-Palmeiras.webp","datePublished":"2025-02-12T08:25:00+00:00","author":{"@id":"https:\/\/www.gaveanews.com\/#\/schema\/person\/8207cd4627f56151707418bfc835b2fb"},"breadcrumb":{"@id":"https:\/\/www.gaveanews.com\/index.php\/2025\/02\/12\/situacao-de-mauricio-declaracao-de-bruno-prado-e-trajetoria-de-rony-as-ultimas-noticias-do-palmeiras\/#breadcrumb"},"inLanguage":"pt-BR","potentialAction":[{"@type":"ReadAction","target":["https:\/\/www.gaveanews.com\/index.php\/2025\/02\/12\/situacao-de-mauricio-declaracao-de-bruno-prado-e-trajetoria-de-rony-as-ultimas-noticias-do-palmeiras\/"]}]},{"@type":"ImageObject","inLanguage":"pt-BR","@id":"https:\/\/www.gaveanews.com\/index.php\/2025\/02\/12\/situacao-de-mauricio-declaracao-de-bruno-prado-e-trajetoria-de-rony-as-ultimas-noticias-do-palmeiras\/#primaryimage","url":"https:\/\/www.gaveanews.com\/wp-content\/uploads\/Allianz-Parque-estadio-do-Palmeiras.webp","contentUrl":"https:\/\/www.gaveanews.com\/wp-content\/uploads\/Allianz-Parque-estadio-do-Palmeiras.webp","width":1023,"height":767,"caption":"Allianz Parque, est\u00e1dio do Palmeiras (Foto: Reprodu\u00e7\u00e3o\/Palmeiras)"},{"@type":"BreadcrumbList","@id":"https:\/\/www.gaveanews.com\/index.php\/2025\/02\/12\/situacao-de-mauricio-declaracao-de-bruno-prado-e-trajetoria-de-rony-as-ultimas-noticias-do-palmeiras\/#breadcrumb","itemListElement":[{"@type":"ListItem","position":1,"name":"Home","item":"https:\/\/www.gaveanews.com\/"},{"@type":"ListItem","position":2,"name":"Situa\u00e7\u00e3o de Maur\u00edcio, declara\u00e7\u00e3o de Bruno Prado e trajet\u00f3ria de Rony: as \u00faltimas not\u00edcias do Palmeiras"}]},{"@type":"WebSite","@id":"https:\/\/www.gaveanews.com\/#website","url":"https:\/\/www.gaveanews.com\/","name":"G\u00e1vea News","description":"Veja todas as not\u00edcias sobre o Flamengo: Contrata\u00e7\u00f5es, categorias de base, resultados das partidas, tabela de classifica\u00e7\u00e3o, pr\u00f3ximos jogos!","potentialAction":[{"@type":"SearchAction","target":{"@type":"EntryPoint","urlTemplate":"https:\/\/www.gaveanews.com\/?s={search_term_string}"},"query-input":{"@type":"PropertyValueSpecification","valueRequired":true,"valueName":"search_term_string"}}],"inLanguage":"pt-BR"},{"@type":"Person","@id":"https:\/\/www.gaveanews.com\/#\/schema\/person\/8207cd4627f56151707418bfc835b2fb","name":"Matheus Felipe","image":{"@type":"ImageObject","inLanguage":"pt-BR","@id":"https:\/\/www.gaveanews.com\/#\/schema\/person\/image\/","url":"https:\/\/secure.gravatar.com\/avatar\/a452ffbed9130f726358b298bb3a99ce4bd3c5338411f8440e87e14d74c7c087?s=96&d=mm&r=g","contentUrl":"https:\/\/secure.gravatar.com\/avatar\/a452ffbed9130f726358b298bb3a99ce4bd3c5338411f8440e87e14d74c7c087?s=96&d=mm&r=g","caption":"Matheus Felipe"}}]}},"_links":{"self":[{"href":"https:\/\/www.gaveanews.com\/index.php\/wp-json\/wp\/v2\/posts\/226551","targetHints":{"allow":["GET"]}}],"collection":[{"href":"https:\/\/www.gaveanews.com\/index.php\/wp-json\/wp\/v2\/posts"}],"about":[{"href":"https:\/\/www.gaveanews.com\/index.php\/wp-json\/wp\/v2\/types\/post"}],"author":[{"embeddable":true,"href":"https:\/\/www.gaveanews.com\/index.php\/wp-json\/wp\/v2\/users\/27"}],"replies":[{"embeddable":true,"href":"https:\/\/www.gaveanews.com\/index.php\/wp-json\/wp\/v2\/comments?post=226551"}],"version-history":[{"count":1,"href":"https:\/\/www.gaveanews.com\/index.php\/wp-json\/wp\/v2\/posts\/226551\/revisions"}],"predecessor-version":[{"id":226583,"href":"https:\/\/www.gaveanews.com\/index.php\/wp-json\/wp\/v2\/posts\/226551\/revisions\/226583"}],"wp:featuredmedia":[{"embeddable":true,"href":"https:\/\/www.gaveanews.com\/index.php\/wp-json\/wp\/v2\/media\/155182"}],"wp:attachment":[{"href":"https:\/\/www.gaveanews.com\/index.php\/wp-json\/wp\/v2\/media?parent=226551"}],"wp:term":[{"taxonomy":"category","embeddable":true,"href":"https:\/\/www.gaveanews.com\/index.php\/wp-json\/wp\/v2\/categories?post=226551"},{"taxonomy":"post_tag","embeddable":true,"href":"https:\/\/www.gaveanews.com\/index.php\/wp-json\/wp\/v2\/tags?post=226551"}],"curies":[{"name":"wp","href":"https:\/\/api.w.org\/{rel}","templated":true}]}}