{"id":226555,"date":"2025-02-12T05:30:00","date_gmt":"2025-02-12T08:30:00","guid":{"rendered":"https:\/\/www.gaveanews.com\/?p=226555"},"modified":"2025-02-12T02:19:39","modified_gmt":"2025-02-12T05:19:39","slug":"mercado-de-transferencias-declaracao-de-wendell-e-as-melhores-medias-de-gols-as-ultimas-noticias-do-sao-paulo","status":"publish","type":"post","link":"https:\/\/www.gaveanews.com\/index.php\/2025\/02\/12\/mercado-de-transferencias-declaracao-de-wendell-e-as-melhores-medias-de-gols-as-ultimas-noticias-do-sao-paulo\/","title":{"rendered":"Mercado de transfer\u00eancias, declara\u00e7\u00e3o de Wendell e as melhores m\u00e9dias de gols: as \u00faltimas not\u00edcias do S\u00e3o Paulo"},"content":{"rendered":"\n<p>Nas \u00faltimas horas, o foco das not\u00edcias sobre o S\u00e3o Paulo se concentram nos bastidores do clube, com destaques do dia a dia do time.<\/p>\n\n\n\n<p>Por conta deste contexto, leia abaixo um resumo preparado pela equipe do portal G\u00e1vea News para lhe manter muito bem informado!<\/p>\n\n\n\n<h2 class=\"wp-block-heading\" id=\"h-as-melhores-medias-de-gols\">As melhores m\u00e9dias de gols<\/h2>\n\n\n\n<p>O S\u00e3o Paulo iniciou a temporada de 2025 com bons n\u00fameros no setor ofensivo, e alguns jogadores j\u00e1 se destacam pela m\u00e9dia de gols. O principal nome at\u00e9 o momento \u00e9 Lucas Moura, que lidera o ranking com uma m\u00e9dia impressionante de 0.75 gols por partida em quatro jogos disputados. Logo atr\u00e1s, Oscar aparece com 0.50, refor\u00e7ando sua import\u00e2ncia para o time, enquanto Andr\u00e9 Silva completa o top-3 com uma m\u00e9dia de 0.40 gols por jogo, demonstrando sua efici\u00eancia nas finaliza\u00e7\u00f5es <strong><a href=\"https:\/\/www.gaveanews.com\/index.php\/2025\/02\/07\/lucas-moura-oscar-andre-silva-ryan-luciano-calleri-e-enzo-diaz-as-melhores-medias-de-gols-do-sao-paulo-no-inicio-da-temporada\/\">(leia a mat\u00e9ria completa).<\/a><\/strong><\/p>\n\n\n\n<figure class=\"wp-block-image size-large\"><img loading=\"lazy\" decoding=\"async\" width=\"820\" height=\"1024\" src=\"http:\/\/www.gaveanews.com\/wp-content\/uploads\/Lucas-Moura-corre-e-vibra-apos-marcar-um-gol-pelo-Sao-Paulo-no-estadio-do-Morumbi-820x1024.webp\" alt=\"\" class=\"wp-image-157849\" srcset=\"https:\/\/www.gaveanews.com\/wp-content\/uploads\/Lucas-Moura-corre-e-vibra-apos-marcar-um-gol-pelo-Sao-Paulo-no-estadio-do-Morumbi-820x1024.webp 820w, https:\/\/www.gaveanews.com\/wp-content\/uploads\/Lucas-Moura-corre-e-vibra-apos-marcar-um-gol-pelo-Sao-Paulo-no-estadio-do-Morumbi-240x300.webp 240w, https:\/\/www.gaveanews.com\/wp-content\/uploads\/Lucas-Moura-corre-e-vibra-apos-marcar-um-gol-pelo-Sao-Paulo-no-estadio-do-Morumbi-768x960.webp 768w, https:\/\/www.gaveanews.com\/wp-content\/uploads\/Lucas-Moura-corre-e-vibra-apos-marcar-um-gol-pelo-Sao-Paulo-no-estadio-do-Morumbi-336x420.webp 336w, https:\/\/www.gaveanews.com\/wp-content\/uploads\/Lucas-Moura-corre-e-vibra-apos-marcar-um-gol-pelo-Sao-Paulo-no-estadio-do-Morumbi-672x840.webp 672w, https:\/\/www.gaveanews.com\/wp-content\/uploads\/Lucas-Moura-corre-e-vibra-apos-marcar-um-gol-pelo-Sao-Paulo-no-estadio-do-Morumbi-640x800.webp 640w, https:\/\/www.gaveanews.com\/wp-content\/uploads\/Lucas-Moura-corre-e-vibra-apos-marcar-um-gol-pelo-Sao-Paulo-no-estadio-do-Morumbi-681x851.webp 681w, https:\/\/www.gaveanews.com\/wp-content\/uploads\/Lucas-Moura-corre-e-vibra-apos-marcar-um-gol-pelo-Sao-Paulo-no-estadio-do-Morumbi-100x125.webp 100w, https:\/\/www.gaveanews.com\/wp-content\/uploads\/Lucas-Moura-corre-e-vibra-apos-marcar-um-gol-pelo-Sao-Paulo-no-estadio-do-Morumbi.webp 1066w\" sizes=\"auto, (max-width: 820px) 100vw, 820px\" \/><figcaption class=\"wp-element-caption\">Lucas Moura corre e vibra ap\u00f3s marcar um gol pelo S\u00e3o Paulo no est\u00e1dio do Morumbi (Foto: Reprodu\u00e7\u00e3o\/Instagram)<\/figcaption><\/figure>\n\n\n\n<p>Outros jogadores do elenco tamb\u00e9m v\u00eam contribuindo para o bom desempenho ofensivo. O jovem Ryan, vindo da base, se destaca com uma m\u00e9dia de 0.33 gols por partida, superando nomes mais experientes como Luciano, que registra 0.25. J\u00e1 Calleri e Enzo D\u00edaz aparecem com 0.20 de m\u00e9dia cada, mostrando que o time conta com diversas op\u00e7\u00f5es para balan\u00e7ar as redes.<\/p>\n\n\n\n<p>Com um ataque variado e jogadores em boa fase, o S\u00e3o Paulo tem um in\u00edcio de temporada promissor e busca manter esse desempenho nos pr\u00f3ximos jogos. A diversidade de atletas contribuindo com gols pode ser um diferencial para a equipe ao longo das competi\u00e7\u00f5es, aumentando suas chances de brigar por t\u00edtulos e consolidar um time competitivo para a temporada.<\/p>\n\n\n\n<h2 class=\"wp-block-heading\" id=\"h-declaracao-de-wendell\">Declara\u00e7\u00e3o de Wendell<\/h2>\n\n\n\n<p>O lateral-esquerdo Wendell desembarcou em S\u00e3o Paulo na noite de segunda-feira (3) para assinar contrato com o Tricolor e refor\u00e7ar a equipe na temporada de 2025. Liberado pelo Porto antes do fim do seu v\u00ednculo, o jogador chega com grandes expectativas e se mostrou emocionado com a nova fase. Em sua chegada, Wendell destacou a recep\u00e7\u00e3o calorosa da diretoria e do t\u00e9cnico do S\u00e3o Paulo, afirmando estar motivado para dar alegrias \u00e0 torcida e honrar a camisa de um clube tricampe\u00e3o mundial <strong><a href=\"https:\/\/www.gaveanews.com\/index.php\/2025\/02\/04\/sao-paulo-a-declaracao-de-wendell-apos-chegada-ao-brasil\/\">(leia a mat\u00e9ria completa).<\/a><\/strong><\/p>\n\n\n\n<figure class=\"wp-block-image size-full\"><img loading=\"lazy\" decoding=\"async\" width=\"750\" height=\"350\" src=\"http:\/\/www.gaveanews.com\/wp-content\/uploads\/29-01-Wendell.webp\" alt=\"\" class=\"wp-image-220209\"\/><figcaption class=\"wp-element-caption\">Foto: S\u00e3o Paulo<\/figcaption><\/figure>\n\n\n\n<p>Al\u00e9m de exaltar a tradi\u00e7\u00e3o do S\u00e3o Paulo, Wendell revelou que seu retorno ao Brasil tem um objetivo maior: voltar ao radar da Sele\u00e7\u00e3o Brasileira para a Copa do Mundo de 2026. Ele acredita que uma boa temporada pelo Tricolor pode abrir portas para novas convoca\u00e7\u00f5es. O lateral tamb\u00e9m comemorou o reencontro com Alisson, seu amigo desde as categorias de base da Sele\u00e7\u00e3o, e afirmou que j\u00e1 vinha conversando com o volante sobre a possibilidade de atuar juntos novamente.<\/p>\n\n\n\n<p>Com a chegada de Wendell, o S\u00e3o Paulo ganha mais uma op\u00e7\u00e3o para a lateral-esquerda, aumentando a disputa por posi\u00e7\u00e3o com Enzo D\u00edaz. A expectativa da torcida \u00e9 alta, e o jogador se mostrou determinado a corresponder dentro de campo. Seu primeiro desafio ser\u00e1 se adaptar rapidamente ao time e contribuir para os objetivos do clube na temporada.<\/p>\n\n\n\n<h2 class=\"wp-block-heading\" id=\"h-mercado-de-transferencias\">Mercado de transfer\u00eancias<\/h2>\n\n\n\n<p>O S\u00e3o Paulo segue ativo no mercado e j\u00e1 encaminhou sua primeira contrata\u00e7\u00e3o para a pr\u00f3xima janela de transfer\u00eancias. O clube busca refor\u00e7ar o elenco com um meio-campista e um atacante de lado de campo, atendendo \u00e0s necessidades do t\u00e9cnico Luis Zubeld\u00eda. A chegada de novos jogadores faz parte da estrat\u00e9gia tricolor para aumentar a competitividade da equipe em 2025, principalmente ap\u00f3s a classifica\u00e7\u00e3o direta para a fase de grupos da Libertadores <strong><a href=\"https:\/\/www.gaveanews.com\/index.php\/2025\/02\/08\/reforco-sao-paulo-ja-tem-primeira-contratacao-da-proxima-janela-encaminhada\/\">(leia a mat\u00e9ria completa).<\/a><\/strong><\/p>\n\n\n\n<figure class=\"wp-block-image size-large\"><img loading=\"lazy\" decoding=\"async\" width=\"1024\" height=\"683\" src=\"http:\/\/www.gaveanews.com\/wp-content\/uploads\/Luis-Francisco-Zubeldia-treinador-do-Sao-Paulo-durante-partida-da-Copa-do-Brasil-2024-1024x683.webp\" alt=\"\" class=\"wp-image-155699\" srcset=\"https:\/\/www.gaveanews.com\/wp-content\/uploads\/Luis-Francisco-Zubeldia-treinador-do-Sao-Paulo-durante-partida-da-Copa-do-Brasil-2024-1024x683.webp 1024w, https:\/\/www.gaveanews.com\/wp-content\/uploads\/Luis-Francisco-Zubeldia-treinador-do-Sao-Paulo-durante-partida-da-Copa-do-Brasil-2024-300x200.webp 300w, https:\/\/www.gaveanews.com\/wp-content\/uploads\/Luis-Francisco-Zubeldia-treinador-do-Sao-Paulo-durante-partida-da-Copa-do-Brasil-2024-768x512.webp 768w, https:\/\/www.gaveanews.com\/wp-content\/uploads\/Luis-Francisco-Zubeldia-treinador-do-Sao-Paulo-durante-partida-da-Copa-do-Brasil-2024-630x420.webp 630w, https:\/\/www.gaveanews.com\/wp-content\/uploads\/Luis-Francisco-Zubeldia-treinador-do-Sao-Paulo-durante-partida-da-Copa-do-Brasil-2024-1260x840.webp 1260w, https:\/\/www.gaveanews.com\/wp-content\/uploads\/Luis-Francisco-Zubeldia-treinador-do-Sao-Paulo-durante-partida-da-Copa-do-Brasil-2024-640x427.webp 640w, https:\/\/www.gaveanews.com\/wp-content\/uploads\/Luis-Francisco-Zubeldia-treinador-do-Sao-Paulo-durante-partida-da-Copa-do-Brasil-2024-1280x854.webp 1280w, https:\/\/www.gaveanews.com\/wp-content\/uploads\/Luis-Francisco-Zubeldia-treinador-do-Sao-Paulo-durante-partida-da-Copa-do-Brasil-2024-681x454.webp 681w, https:\/\/www.gaveanews.com\/wp-content\/uploads\/Luis-Francisco-Zubeldia-treinador-do-Sao-Paulo-durante-partida-da-Copa-do-Brasil-2024-100x67.webp 100w, https:\/\/www.gaveanews.com\/wp-content\/uploads\/Luis-Francisco-Zubeldia-treinador-do-Sao-Paulo-durante-partida-da-Copa-do-Brasil-2024.webp 1333w\" sizes=\"auto, (max-width: 1024px) 100vw, 1024px\" \/><figcaption class=\"wp-element-caption\">Luis Francisco Zubeld\u00eda, treinador do S\u00e3o Paulo durante partida da Copa do Brasil 2024 (Foto: Rubens Chiri e Paulo Pinto\/S\u00e3o Paulo)<\/figcaption><\/figure>\n\n\n\n<p>Entre os alvos do S\u00e3o Paulo, o volante Thiago Mendes, atualmente no Al-Rayyan, do Catar, \u00e9 um dos principais nomes. O clube tentou sua contrata\u00e7\u00e3o em janeiro, mas a negocia\u00e7\u00e3o n\u00e3o avan\u00e7ou. No entanto, um acordo verbal prev\u00ea a chegada do jogador em maio, refor\u00e7ando o time no segundo semestre. Al\u00e9m dele, o Tricolor j\u00e1 confirmou as contrata\u00e7\u00f5es de Enzo D\u00edaz, para a lateral esquerda, e dos atacantes Oscar e C\u00e9dric Soares, que devem estrear em breve.<\/p>\n\n\n\n<p>A gest\u00e3o de Julio Casares tem equilibrado investimentos e moderniza\u00e7\u00e3o estrutural, priorizando contrata\u00e7\u00f5es pontuais que se encaixem no modelo de jogo de Zubeld\u00eda. Com foco na Libertadores e no Campeonato Brasileiro, o S\u00e3o Paulo busca consolidar um elenco forte para brigar por t\u00edtulos na temporada e evitar problemas enfrentados em anos anteriores.<\/p>\n","protected":false},"excerpt":{"rendered":"<p>Nas \u00faltimas horas, o foco das not\u00edcias sobre o S\u00e3o Paulo se concentram nos bastidores do clube, com destaques do dia a dia do time. Por conta deste contexto, leia abaixo um resumo preparado pela equipe do portal G\u00e1vea News para lhe manter muito bem informado! As melhores m\u00e9dias de gols O S\u00e3o Paulo iniciou [&hellip;]<\/p>\n","protected":false},"author":27,"featured_media":154451,"comment_status":"open","ping_status":"closed","sticky":false,"template":"","format":"standard","meta":{"footnotes":""},"categories":[151],"tags":[],"class_list":["post-226555","post","type-post","status-publish","format-standard","has-post-thumbnail","hentry","category-sao-paulo"],"yoast_head":"<!-- This site is optimized with the Yoast SEO Premium plugin v24.2 (Yoast SEO v26.9) - https:\/\/yoast.com\/product\/yoast-seo-premium-wordpress\/ -->\n<title>Mercado de transfer\u00eancias, declara\u00e7\u00e3o de Wendell e as melhores m\u00e9dias de gols: as \u00faltimas not\u00edcias do S\u00e3o Paulo<\/title>\n<meta name=\"robots\" content=\"index, follow, max-snippet:-1, max-image-preview:large, max-video-preview:-1\" \/>\n<link rel=\"canonical\" href=\"https:\/\/www.gaveanews.com\/index.php\/2025\/02\/12\/mercado-de-transferencias-declaracao-de-wendell-e-as-melhores-medias-de-gols-as-ultimas-noticias-do-sao-paulo\/\" \/>\n<meta property=\"og:locale\" content=\"pt_BR\" \/>\n<meta property=\"og:type\" content=\"article\" \/>\n<meta property=\"og:title\" content=\"Mercado de transfer\u00eancias, declara\u00e7\u00e3o de Wendell e as melhores m\u00e9dias de gols: as \u00faltimas not\u00edcias do S\u00e3o Paulo\" \/>\n<meta property=\"og:description\" content=\"Nas \u00faltimas horas, o foco das not\u00edcias sobre o S\u00e3o Paulo se concentram nos bastidores do clube, com destaques do dia a dia do time. Por conta deste contexto, leia abaixo um resumo preparado pela equipe do portal G\u00e1vea News para lhe manter muito bem informado! As melhores m\u00e9dias de gols O S\u00e3o Paulo iniciou [&hellip;]\" \/>\n<meta property=\"og:url\" content=\"https:\/\/www.gaveanews.com\/index.php\/2025\/02\/12\/mercado-de-transferencias-declaracao-de-wendell-e-as-melhores-medias-de-gols-as-ultimas-noticias-do-sao-paulo\/\" \/>\n<meta property=\"og:site_name\" content=\"G\u00e1vea News\" \/>\n<meta property=\"article:publisher\" content=\"https:\/\/facebook.com\/gaveaNews\/\" \/>\n<meta property=\"article:published_time\" content=\"2025-02-12T08:30:00+00:00\" \/>\n<meta property=\"og:image\" content=\"https:\/\/www.gaveanews.com\/wp-content\/uploads\/Escudo-do-Sao-Paulo.webp\" \/>\n\t<meta property=\"og:image:width\" content=\"977\" \/>\n\t<meta property=\"og:image:height\" content=\"651\" \/>\n\t<meta property=\"og:image:type\" content=\"image\/webp\" \/>\n<meta name=\"author\" content=\"Matheus Felipe\" \/>\n<meta name=\"twitter:card\" content=\"summary_large_image\" \/>\n<meta name=\"twitter:label1\" content=\"Escrito por\" \/>\n\t<meta name=\"twitter:data1\" content=\"Matheus Felipe\" \/>\n\t<meta name=\"twitter:label2\" content=\"Est. tempo de leitura\" \/>\n\t<meta name=\"twitter:data2\" content=\"5 minutos\" \/>\n<script type=\"application\/ld+json\" class=\"yoast-schema-graph\">{\"@context\":\"https:\/\/schema.org\",\"@graph\":[{\"@type\":\"NewsArticle\",\"@id\":\"https:\/\/www.gaveanews.com\/index.php\/2025\/02\/12\/mercado-de-transferencias-declaracao-de-wendell-e-as-melhores-medias-de-gols-as-ultimas-noticias-do-sao-paulo\/#article\",\"isPartOf\":{\"@id\":\"https:\/\/www.gaveanews.com\/index.php\/2025\/02\/12\/mercado-de-transferencias-declaracao-de-wendell-e-as-melhores-medias-de-gols-as-ultimas-noticias-do-sao-paulo\/\"},\"author\":{\"name\":\"Matheus Felipe\",\"@id\":\"https:\/\/www.gaveanews.com\/#\/schema\/person\/8207cd4627f56151707418bfc835b2fb\"},\"headline\":\"Mercado de transfer\u00eancias, declara\u00e7\u00e3o de Wendell e as melhores m\u00e9dias de gols: as \u00faltimas not\u00edcias do S\u00e3o Paulo\",\"datePublished\":\"2025-02-12T08:30:00+00:00\",\"mainEntityOfPage\":{\"@id\":\"https:\/\/www.gaveanews.com\/index.php\/2025\/02\/12\/mercado-de-transferencias-declaracao-de-wendell-e-as-melhores-medias-de-gols-as-ultimas-noticias-do-sao-paulo\/\"},\"wordCount\":823,\"commentCount\":0,\"image\":{\"@id\":\"https:\/\/www.gaveanews.com\/index.php\/2025\/02\/12\/mercado-de-transferencias-declaracao-de-wendell-e-as-melhores-medias-de-gols-as-ultimas-noticias-do-sao-paulo\/#primaryimage\"},\"thumbnailUrl\":\"https:\/\/www.gaveanews.com\/wp-content\/uploads\/Escudo-do-Sao-Paulo.webp\",\"articleSection\":[\"S\u00e3o Paulo\"],\"inLanguage\":\"pt-BR\",\"potentialAction\":[{\"@type\":\"CommentAction\",\"name\":\"Comment\",\"target\":[\"https:\/\/www.gaveanews.com\/index.php\/2025\/02\/12\/mercado-de-transferencias-declaracao-de-wendell-e-as-melhores-medias-de-gols-as-ultimas-noticias-do-sao-paulo\/#respond\"]}],\"copyrightYear\":\"2025\",\"copyrightHolder\":{\"@id\":\"https:\/\/www.gaveanews.com\/#organization\"}},{\"@type\":\"WebPage\",\"@id\":\"https:\/\/www.gaveanews.com\/index.php\/2025\/02\/12\/mercado-de-transferencias-declaracao-de-wendell-e-as-melhores-medias-de-gols-as-ultimas-noticias-do-sao-paulo\/\",\"url\":\"https:\/\/www.gaveanews.com\/index.php\/2025\/02\/12\/mercado-de-transferencias-declaracao-de-wendell-e-as-melhores-medias-de-gols-as-ultimas-noticias-do-sao-paulo\/\",\"name\":\"Mercado de transfer\u00eancias, declara\u00e7\u00e3o de Wendell e as melhores m\u00e9dias de gols: as \u00faltimas not\u00edcias do S\u00e3o Paulo\",\"isPartOf\":{\"@id\":\"https:\/\/www.gaveanews.com\/#website\"},\"primaryImageOfPage\":{\"@id\":\"https:\/\/www.gaveanews.com\/index.php\/2025\/02\/12\/mercado-de-transferencias-declaracao-de-wendell-e-as-melhores-medias-de-gols-as-ultimas-noticias-do-sao-paulo\/#primaryimage\"},\"image\":{\"@id\":\"https:\/\/www.gaveanews.com\/index.php\/2025\/02\/12\/mercado-de-transferencias-declaracao-de-wendell-e-as-melhores-medias-de-gols-as-ultimas-noticias-do-sao-paulo\/#primaryimage\"},\"thumbnailUrl\":\"https:\/\/www.gaveanews.com\/wp-content\/uploads\/Escudo-do-Sao-Paulo.webp\",\"datePublished\":\"2025-02-12T08:30:00+00:00\",\"author\":{\"@id\":\"https:\/\/www.gaveanews.com\/#\/schema\/person\/8207cd4627f56151707418bfc835b2fb\"},\"breadcrumb\":{\"@id\":\"https:\/\/www.gaveanews.com\/index.php\/2025\/02\/12\/mercado-de-transferencias-declaracao-de-wendell-e-as-melhores-medias-de-gols-as-ultimas-noticias-do-sao-paulo\/#breadcrumb\"},\"inLanguage\":\"pt-BR\",\"potentialAction\":[{\"@type\":\"ReadAction\",\"target\":[\"https:\/\/www.gaveanews.com\/index.php\/2025\/02\/12\/mercado-de-transferencias-declaracao-de-wendell-e-as-melhores-medias-de-gols-as-ultimas-noticias-do-sao-paulo\/\"]}]},{\"@type\":\"ImageObject\",\"inLanguage\":\"pt-BR\",\"@id\":\"https:\/\/www.gaveanews.com\/index.php\/2025\/02\/12\/mercado-de-transferencias-declaracao-de-wendell-e-as-melhores-medias-de-gols-as-ultimas-noticias-do-sao-paulo\/#primaryimage\",\"url\":\"https:\/\/www.gaveanews.com\/wp-content\/uploads\/Escudo-do-Sao-Paulo.webp\",\"contentUrl\":\"https:\/\/www.gaveanews.com\/wp-content\/uploads\/Escudo-do-Sao-Paulo.webp\",\"width\":977,\"height\":651,\"caption\":\"Escudo do S\u00e3o Paulo (Foto: Reprodu\u00e7\u00e3o\/S\u00e3o Paulo)\"},{\"@type\":\"BreadcrumbList\",\"@id\":\"https:\/\/www.gaveanews.com\/index.php\/2025\/02\/12\/mercado-de-transferencias-declaracao-de-wendell-e-as-melhores-medias-de-gols-as-ultimas-noticias-do-sao-paulo\/#breadcrumb\",\"itemListElement\":[{\"@type\":\"ListItem\",\"position\":1,\"name\":\"Home\",\"item\":\"https:\/\/www.gaveanews.com\/\"},{\"@type\":\"ListItem\",\"position\":2,\"name\":\"Mercado de transfer\u00eancias, declara\u00e7\u00e3o de Wendell e as melhores m\u00e9dias de gols: as \u00faltimas not\u00edcias do S\u00e3o Paulo\"}]},{\"@type\":\"WebSite\",\"@id\":\"https:\/\/www.gaveanews.com\/#website\",\"url\":\"https:\/\/www.gaveanews.com\/\",\"name\":\"G\u00e1vea News\",\"description\":\"Veja todas as not\u00edcias sobre o Flamengo: Contrata\u00e7\u00f5es, categorias de base, resultados das partidas, tabela de classifica\u00e7\u00e3o, pr\u00f3ximos jogos!\",\"potentialAction\":[{\"@type\":\"SearchAction\",\"target\":{\"@type\":\"EntryPoint\",\"urlTemplate\":\"https:\/\/www.gaveanews.com\/?s={search_term_string}\"},\"query-input\":{\"@type\":\"PropertyValueSpecification\",\"valueRequired\":true,\"valueName\":\"search_term_string\"}}],\"inLanguage\":\"pt-BR\"},{\"@type\":\"Person\",\"@id\":\"https:\/\/www.gaveanews.com\/#\/schema\/person\/8207cd4627f56151707418bfc835b2fb\",\"name\":\"Matheus Felipe\",\"image\":{\"@type\":\"ImageObject\",\"inLanguage\":\"pt-BR\",\"@id\":\"https:\/\/www.gaveanews.com\/#\/schema\/person\/image\/\",\"url\":\"https:\/\/secure.gravatar.com\/avatar\/a452ffbed9130f726358b298bb3a99ce4bd3c5338411f8440e87e14d74c7c087?s=96&d=mm&r=g\",\"contentUrl\":\"https:\/\/secure.gravatar.com\/avatar\/a452ffbed9130f726358b298bb3a99ce4bd3c5338411f8440e87e14d74c7c087?s=96&d=mm&r=g\",\"caption\":\"Matheus Felipe\"}}]}<\/script>\n<!-- \/ Yoast SEO Premium plugin. -->","yoast_head_json":{"title":"Mercado de transfer\u00eancias, declara\u00e7\u00e3o de Wendell e as melhores m\u00e9dias de gols: as \u00faltimas not\u00edcias do S\u00e3o Paulo","robots":{"index":"index","follow":"follow","max-snippet":"max-snippet:-1","max-image-preview":"max-image-preview:large","max-video-preview":"max-video-preview:-1"},"canonical":"https:\/\/www.gaveanews.com\/index.php\/2025\/02\/12\/mercado-de-transferencias-declaracao-de-wendell-e-as-melhores-medias-de-gols-as-ultimas-noticias-do-sao-paulo\/","og_locale":"pt_BR","og_type":"article","og_title":"Mercado de transfer\u00eancias, declara\u00e7\u00e3o de Wendell e as melhores m\u00e9dias de gols: as \u00faltimas not\u00edcias do S\u00e3o Paulo","og_description":"Nas \u00faltimas horas, o foco das not\u00edcias sobre o S\u00e3o Paulo se concentram nos bastidores do clube, com destaques do dia a dia do time. Por conta deste contexto, leia abaixo um resumo preparado pela equipe do portal G\u00e1vea News para lhe manter muito bem informado! As melhores m\u00e9dias de gols O S\u00e3o Paulo iniciou [&hellip;]","og_url":"https:\/\/www.gaveanews.com\/index.php\/2025\/02\/12\/mercado-de-transferencias-declaracao-de-wendell-e-as-melhores-medias-de-gols-as-ultimas-noticias-do-sao-paulo\/","og_site_name":"G\u00e1vea News","article_publisher":"https:\/\/facebook.com\/gaveaNews\/","article_published_time":"2025-02-12T08:30:00+00:00","og_image":[{"width":977,"height":651,"url":"https:\/\/www.gaveanews.com\/wp-content\/uploads\/Escudo-do-Sao-Paulo.webp","type":"image\/webp"}],"author":"Matheus Felipe","twitter_card":"summary_large_image","twitter_misc":{"Escrito por":"Matheus Felipe","Est. tempo de leitura":"5 minutos"},"schema":{"@context":"https:\/\/schema.org","@graph":[{"@type":"NewsArticle","@id":"https:\/\/www.gaveanews.com\/index.php\/2025\/02\/12\/mercado-de-transferencias-declaracao-de-wendell-e-as-melhores-medias-de-gols-as-ultimas-noticias-do-sao-paulo\/#article","isPartOf":{"@id":"https:\/\/www.gaveanews.com\/index.php\/2025\/02\/12\/mercado-de-transferencias-declaracao-de-wendell-e-as-melhores-medias-de-gols-as-ultimas-noticias-do-sao-paulo\/"},"author":{"name":"Matheus Felipe","@id":"https:\/\/www.gaveanews.com\/#\/schema\/person\/8207cd4627f56151707418bfc835b2fb"},"headline":"Mercado de transfer\u00eancias, declara\u00e7\u00e3o de Wendell e as melhores m\u00e9dias de gols: as \u00faltimas not\u00edcias do S\u00e3o Paulo","datePublished":"2025-02-12T08:30:00+00:00","mainEntityOfPage":{"@id":"https:\/\/www.gaveanews.com\/index.php\/2025\/02\/12\/mercado-de-transferencias-declaracao-de-wendell-e-as-melhores-medias-de-gols-as-ultimas-noticias-do-sao-paulo\/"},"wordCount":823,"commentCount":0,"image":{"@id":"https:\/\/www.gaveanews.com\/index.php\/2025\/02\/12\/mercado-de-transferencias-declaracao-de-wendell-e-as-melhores-medias-de-gols-as-ultimas-noticias-do-sao-paulo\/#primaryimage"},"thumbnailUrl":"https:\/\/www.gaveanews.com\/wp-content\/uploads\/Escudo-do-Sao-Paulo.webp","articleSection":["S\u00e3o Paulo"],"inLanguage":"pt-BR","potentialAction":[{"@type":"CommentAction","name":"Comment","target":["https:\/\/www.gaveanews.com\/index.php\/2025\/02\/12\/mercado-de-transferencias-declaracao-de-wendell-e-as-melhores-medias-de-gols-as-ultimas-noticias-do-sao-paulo\/#respond"]}],"copyrightYear":"2025","copyrightHolder":{"@id":"https:\/\/www.gaveanews.com\/#organization"}},{"@type":"WebPage","@id":"https:\/\/www.gaveanews.com\/index.php\/2025\/02\/12\/mercado-de-transferencias-declaracao-de-wendell-e-as-melhores-medias-de-gols-as-ultimas-noticias-do-sao-paulo\/","url":"https:\/\/www.gaveanews.com\/index.php\/2025\/02\/12\/mercado-de-transferencias-declaracao-de-wendell-e-as-melhores-medias-de-gols-as-ultimas-noticias-do-sao-paulo\/","name":"Mercado de transfer\u00eancias, declara\u00e7\u00e3o de Wendell e as melhores m\u00e9dias de gols: as \u00faltimas not\u00edcias do S\u00e3o Paulo","isPartOf":{"@id":"https:\/\/www.gaveanews.com\/#website"},"primaryImageOfPage":{"@id":"https:\/\/www.gaveanews.com\/index.php\/2025\/02\/12\/mercado-de-transferencias-declaracao-de-wendell-e-as-melhores-medias-de-gols-as-ultimas-noticias-do-sao-paulo\/#primaryimage"},"image":{"@id":"https:\/\/www.gaveanews.com\/index.php\/2025\/02\/12\/mercado-de-transferencias-declaracao-de-wendell-e-as-melhores-medias-de-gols-as-ultimas-noticias-do-sao-paulo\/#primaryimage"},"thumbnailUrl":"https:\/\/www.gaveanews.com\/wp-content\/uploads\/Escudo-do-Sao-Paulo.webp","datePublished":"2025-02-12T08:30:00+00:00","author":{"@id":"https:\/\/www.gaveanews.com\/#\/schema\/person\/8207cd4627f56151707418bfc835b2fb"},"breadcrumb":{"@id":"https:\/\/www.gaveanews.com\/index.php\/2025\/02\/12\/mercado-de-transferencias-declaracao-de-wendell-e-as-melhores-medias-de-gols-as-ultimas-noticias-do-sao-paulo\/#breadcrumb"},"inLanguage":"pt-BR","potentialAction":[{"@type":"ReadAction","target":["https:\/\/www.gaveanews.com\/index.php\/2025\/02\/12\/mercado-de-transferencias-declaracao-de-wendell-e-as-melhores-medias-de-gols-as-ultimas-noticias-do-sao-paulo\/"]}]},{"@type":"ImageObject","inLanguage":"pt-BR","@id":"https:\/\/www.gaveanews.com\/index.php\/2025\/02\/12\/mercado-de-transferencias-declaracao-de-wendell-e-as-melhores-medias-de-gols-as-ultimas-noticias-do-sao-paulo\/#primaryimage","url":"https:\/\/www.gaveanews.com\/wp-content\/uploads\/Escudo-do-Sao-Paulo.webp","contentUrl":"https:\/\/www.gaveanews.com\/wp-content\/uploads\/Escudo-do-Sao-Paulo.webp","width":977,"height":651,"caption":"Escudo do S\u00e3o Paulo (Foto: Reprodu\u00e7\u00e3o\/S\u00e3o Paulo)"},{"@type":"BreadcrumbList","@id":"https:\/\/www.gaveanews.com\/index.php\/2025\/02\/12\/mercado-de-transferencias-declaracao-de-wendell-e-as-melhores-medias-de-gols-as-ultimas-noticias-do-sao-paulo\/#breadcrumb","itemListElement":[{"@type":"ListItem","position":1,"name":"Home","item":"https:\/\/www.gaveanews.com\/"},{"@type":"ListItem","position":2,"name":"Mercado de transfer\u00eancias, declara\u00e7\u00e3o de Wendell e as melhores m\u00e9dias de gols: as \u00faltimas not\u00edcias do S\u00e3o Paulo"}]},{"@type":"WebSite","@id":"https:\/\/www.gaveanews.com\/#website","url":"https:\/\/www.gaveanews.com\/","name":"G\u00e1vea News","description":"Veja todas as not\u00edcias sobre o Flamengo: Contrata\u00e7\u00f5es, categorias de base, resultados das partidas, tabela de classifica\u00e7\u00e3o, pr\u00f3ximos jogos!","potentialAction":[{"@type":"SearchAction","target":{"@type":"EntryPoint","urlTemplate":"https:\/\/www.gaveanews.com\/?s={search_term_string}"},"query-input":{"@type":"PropertyValueSpecification","valueRequired":true,"valueName":"search_term_string"}}],"inLanguage":"pt-BR"},{"@type":"Person","@id":"https:\/\/www.gaveanews.com\/#\/schema\/person\/8207cd4627f56151707418bfc835b2fb","name":"Matheus Felipe","image":{"@type":"ImageObject","inLanguage":"pt-BR","@id":"https:\/\/www.gaveanews.com\/#\/schema\/person\/image\/","url":"https:\/\/secure.gravatar.com\/avatar\/a452ffbed9130f726358b298bb3a99ce4bd3c5338411f8440e87e14d74c7c087?s=96&d=mm&r=g","contentUrl":"https:\/\/secure.gravatar.com\/avatar\/a452ffbed9130f726358b298bb3a99ce4bd3c5338411f8440e87e14d74c7c087?s=96&d=mm&r=g","caption":"Matheus Felipe"}}]}},"_links":{"self":[{"href":"https:\/\/www.gaveanews.com\/index.php\/wp-json\/wp\/v2\/posts\/226555","targetHints":{"allow":["GET"]}}],"collection":[{"href":"https:\/\/www.gaveanews.com\/index.php\/wp-json\/wp\/v2\/posts"}],"about":[{"href":"https:\/\/www.gaveanews.com\/index.php\/wp-json\/wp\/v2\/types\/post"}],"author":[{"embeddable":true,"href":"https:\/\/www.gaveanews.com\/index.php\/wp-json\/wp\/v2\/users\/27"}],"replies":[{"embeddable":true,"href":"https:\/\/www.gaveanews.com\/index.php\/wp-json\/wp\/v2\/comments?post=226555"}],"version-history":[{"count":1,"href":"https:\/\/www.gaveanews.com\/index.php\/wp-json\/wp\/v2\/posts\/226555\/revisions"}],"predecessor-version":[{"id":226599,"href":"https:\/\/www.gaveanews.com\/index.php\/wp-json\/wp\/v2\/posts\/226555\/revisions\/226599"}],"wp:featuredmedia":[{"embeddable":true,"href":"https:\/\/www.gaveanews.com\/index.php\/wp-json\/wp\/v2\/media\/154451"}],"wp:attachment":[{"href":"https:\/\/www.gaveanews.com\/index.php\/wp-json\/wp\/v2\/media?parent=226555"}],"wp:term":[{"taxonomy":"category","embeddable":true,"href":"https:\/\/www.gaveanews.com\/index.php\/wp-json\/wp\/v2\/categories?post=226555"},{"taxonomy":"post_tag","embeddable":true,"href":"https:\/\/www.gaveanews.com\/index.php\/wp-json\/wp\/v2\/tags?post=226555"}],"curies":[{"name":"wp","href":"https:\/\/api.w.org\/{rel}","templated":true}]}}