{"id":226558,"date":"2025-02-12T06:00:00","date_gmt":"2025-02-12T09:00:00","guid":{"rendered":"https:\/\/www.gaveanews.com\/?p=226558"},"modified":"2025-02-12T01:36:34","modified_gmt":"2025-02-12T04:36:34","slug":"situacao-de-alex-sandro-declaracao-de-filipe-luis-e-recado-de-neto-as-ultimas-noticias-do-flamengo","status":"publish","type":"post","link":"https:\/\/www.gaveanews.com\/index.php\/2025\/02\/12\/situacao-de-alex-sandro-declaracao-de-filipe-luis-e-recado-de-neto-as-ultimas-noticias-do-flamengo\/","title":{"rendered":"Situa\u00e7\u00e3o de Alex Sandro, declara\u00e7\u00e3o de Filipe Lu\u00eds e recado de Neto: as \u00faltimas not\u00edcias do Flamengo"},"content":{"rendered":"\n<p>Nas \u00faltimas horas, o foco das not\u00edcias sobre o Flamengo se concentram nos bastidores do clube, com destaques do dia a dia do time.<\/p>\n\n\n\n<p>Por conta deste contexto, leia abaixo um resumo preparado pela equipe do portal G\u00e1vea News para lhe manter muito bem informado!<\/p>\n\n\n\n<h2 class=\"wp-block-heading\" id=\"h-recado-de-neto\">Recado de Neto<\/h2>\n\n\n\n<p>Craque Neto fez duras cr\u00edticas \u00e0 Rede Globo e ao Palmeiras durante o programa &#8220;Os Donos da Bola&#8221;, na Band. O ex-jogador demonstrou insatisfa\u00e7\u00e3o com a prefer\u00eancia da assessoria de imprensa do clube alviverde pela emissora carioca, reclamando da facilidade com que a Globo tem acesso ao time, enquanto a Band n\u00e3o recebe o mesmo tratamento. Neto ironizou a rela\u00e7\u00e3o entre as partes e afirmou que n\u00e3o se importa com eventuais consequ\u00eancias de suas declara\u00e7\u00f5es<a href=\"https:\/\/www.gaveanews.com\/index.php\/2025\/02\/08\/a-declaracao-de-craque-neto-direcionada-a-rede-globo-e-ao-palmeiras\/\"> <strong>(leia a mat\u00e9ria completa).<\/strong><\/a><\/p>\n\n\n\n<figure class=\"wp-block-image size-full\"><img loading=\"lazy\" decoding=\"async\" width=\"846\" height=\"476\" src=\"http:\/\/www.gaveanews.com\/wp-content\/uploads\/Comentarista-Neto-em-programa-da-Band.webp\" alt=\"\" class=\"wp-image-71983\" srcset=\"https:\/\/www.gaveanews.com\/wp-content\/uploads\/Comentarista-Neto-em-programa-da-Band.webp 846w, https:\/\/www.gaveanews.com\/wp-content\/uploads\/Comentarista-Neto-em-programa-da-Band-300x169.webp 300w, https:\/\/www.gaveanews.com\/wp-content\/uploads\/Comentarista-Neto-em-programa-da-Band-768x432.webp 768w, https:\/\/www.gaveanews.com\/wp-content\/uploads\/Comentarista-Neto-em-programa-da-Band-746x420.webp 746w, https:\/\/www.gaveanews.com\/wp-content\/uploads\/Comentarista-Neto-em-programa-da-Band-640x360.webp 640w, https:\/\/www.gaveanews.com\/wp-content\/uploads\/Comentarista-Neto-em-programa-da-Band-681x383.webp 681w, https:\/\/www.gaveanews.com\/wp-content\/uploads\/Comentarista-Neto-em-programa-da-Band-100x56.webp 100w\" sizes=\"auto, (max-width: 846px) 100vw, 846px\" \/><figcaption class=\"wp-element-caption\">Comentarista Neto em programa da Band (Foto: Reprodu\u00e7\u00e3o\/Band)<\/figcaption><\/figure>\n\n\n\n<p>Al\u00e9m das cr\u00edticas \u00e0 emissora e ao Palmeiras, Neto tamb\u00e9m disparou contra o goleiro Weverton, classificando-o como &#8220;desumilde&#8221; e apontando uma postura soberba desde sua chegada ao clube. <\/p>\n\n\n\n<p>Ele j\u00e1 havia acusado a Globo de favorecer o Flamengo em outras ocasi\u00f5es, chegando a afirmar que a emissora tenta inflar a presen\u00e7a da torcida rubro-negra em transmiss\u00f5es.<\/p>\n\n\n\n<p>As declara\u00e7\u00f5es do comentarista refor\u00e7am sua postura pol\u00eamica e sua disposi\u00e7\u00e3o para contestar o status quo do futebol brasileiro. Suas falas geraram grande repercuss\u00e3o nas redes sociais, dividindo opini\u00f5es entre torcedores e profissionais do meio esportivo.<\/p>\n\n\n\n<h2 class=\"wp-block-heading\" id=\"h-declaracao-de-filipe-luis\">Declara\u00e7\u00e3o de Filipe Lu\u00eds<\/h2>\n\n\n\n<p>Ap\u00f3s a goleada do Flamengo por 5 a 0 sobre a Portuguesa pelo Campeonato Carioca, o t\u00e9cnico Filipe Lu\u00eds elogiou o atacante Luiz Ara\u00fajo por sua contribui\u00e7\u00e3o \u00e0 equipe. Segundo o treinador, o jogador tem demonstrado grande regularidade e comprometimento, sendo decisivo sempre que entra em campo. Filipe Lu\u00eds destacou que Luiz Ara\u00fajo constantemente eleva o n\u00edvel do time e que essa competitividade dentro do elenco \u00e9 essencial para a evolu\u00e7\u00e3o da equipe <strong><a href=\"https:\/\/www.gaveanews.com\/index.php\/2025\/02\/09\/flamengo-a-declaracao-de-filipe-luis-direcionada-a-luiz-araujo\/\">(leia a mat\u00e9ria completa).<\/a><\/strong><\/p>\n\n\n\n<figure class=\"wp-block-image size-large\"><img loading=\"lazy\" decoding=\"async\" width=\"939\" height=\"1024\" src=\"http:\/\/www.gaveanews.com\/wp-content\/uploads\/Luiz-Araujo-durante-jogo-entre-Flamengo-e-Atletico-GO-pelo-Brasileirao-em-2024-939x1024.webp\" alt=\"\" class=\"wp-image-155239\" srcset=\"https:\/\/www.gaveanews.com\/wp-content\/uploads\/Luiz-Araujo-durante-jogo-entre-Flamengo-e-Atletico-GO-pelo-Brasileirao-em-2024-939x1024.webp 939w, https:\/\/www.gaveanews.com\/wp-content\/uploads\/Luiz-Araujo-durante-jogo-entre-Flamengo-e-Atletico-GO-pelo-Brasileirao-em-2024-275x300.webp 275w, https:\/\/www.gaveanews.com\/wp-content\/uploads\/Luiz-Araujo-durante-jogo-entre-Flamengo-e-Atletico-GO-pelo-Brasileirao-em-2024-768x838.webp 768w, https:\/\/www.gaveanews.com\/wp-content\/uploads\/Luiz-Araujo-durante-jogo-entre-Flamengo-e-Atletico-GO-pelo-Brasileirao-em-2024-385x420.webp 385w, https:\/\/www.gaveanews.com\/wp-content\/uploads\/Luiz-Araujo-durante-jogo-entre-Flamengo-e-Atletico-GO-pelo-Brasileirao-em-2024-770x840.webp 770w, https:\/\/www.gaveanews.com\/wp-content\/uploads\/Luiz-Araujo-durante-jogo-entre-Flamengo-e-Atletico-GO-pelo-Brasileirao-em-2024-640x698.webp 640w, https:\/\/www.gaveanews.com\/wp-content\/uploads\/Luiz-Araujo-durante-jogo-entre-Flamengo-e-Atletico-GO-pelo-Brasileirao-em-2024-681x743.webp 681w, https:\/\/www.gaveanews.com\/wp-content\/uploads\/Luiz-Araujo-durante-jogo-entre-Flamengo-e-Atletico-GO-pelo-Brasileirao-em-2024-100x109.webp 100w, https:\/\/www.gaveanews.com\/wp-content\/uploads\/Luiz-Araujo-durante-jogo-entre-Flamengo-e-Atletico-GO-pelo-Brasileirao-em-2024.webp 1170w\" sizes=\"auto, (max-width: 939px) 100vw, 939px\" \/><figcaption class=\"wp-element-caption\">Luiz Ara\u00fajo durante jogo entre Flamengo e Atl\u00e9tico-GO, pelo Brasileir\u00e3o em 2024 (Foto: Reprodu\u00e7\u00e3o\/Instagram Luiz Ara\u00fajo)<\/figcaption><\/figure>\n\n\n\n<p>Apesar de ainda disputar uma vaga no time titular, Luiz Ara\u00fajo tem se mostrado um dos jogadores mais produtivos do Flamengo na temporada. Em apenas tr\u00eas partidas oficiais, ele j\u00e1 soma gols e assist\u00eancias decisivas, incluindo participa\u00e7\u00f5es fundamentais nos jogos contra Sampaio Corr\u00eaa e Botafogo. Contra a Portuguesa, ele marcou o terceiro gol da goleada, consolidando sua import\u00e2ncia como um &#8220;reserva de luxo&#8221;.<\/p>\n\n\n\n<p>Vale lembrar que o atacante passou por uma grave les\u00e3o no joelho em 2024, que exigiu uma recupera\u00e7\u00e3o prolongada. No entanto, seu retorno aos gramados tem sido marcado por atua\u00e7\u00f5es de alto n\u00edvel, refor\u00e7ando sua relev\u00e2ncia dentro do elenco rubro-negro. A disputa por espa\u00e7o na equipe titular segue acirrada, e Filipe Lu\u00eds reconhece que ter jogadores como Luiz Ara\u00fajo \u00e0 disposi\u00e7\u00e3o \u00e9 um grande diferencial para o Flamengo.<\/p>\n\n\n\n<h2 class=\"wp-block-heading\" id=\"h-situacao-de-alex-sandro\">Situa\u00e7\u00e3o de Alex Sandro<\/h2>\n\n\n\n<p>Durante o cl\u00e1ssico entre Flamengo e Fluminense, v\u00e1lido pela nona rodada do Campeonato Carioca, o lateral Alex Sandro precisou ser substitu\u00eddo aos sete minutos do primeiro tempo ap\u00f3s sentir dores musculares. O clube emitiu uma nota oficial informando que a mudan\u00e7a foi feita por precau\u00e7\u00e3o, evitando uma poss\u00edvel les\u00e3o mais grave. Ayrton Lucas entrou em seu lugar e completou a partida sem problemas <strong><a href=\"https:\/\/www.gaveanews.com\/index.php\/2025\/02\/08\/flamengo-emite-nota-oficial-sobre-alex-sandro-2\/\">(leia a mat\u00e9ria completa).<\/a><\/strong><\/p>\n\n\n\n<figure class=\"wp-block-image size-full\"><img loading=\"lazy\" decoding=\"async\" width=\"570\" height=\"450\" src=\"http:\/\/www.gaveanews.com\/wp-content\/uploads\/Alex-Sandro-pelo-FLAMENGO.webp\" alt=\"\" class=\"wp-image-222148\"\/><\/figure>\n\n\n\n<p>Ap\u00f3s o jogo, o t\u00e9cnico Filipe Lu\u00eds atualizou a situa\u00e7\u00e3o do jogador, explicando que ainda n\u00e3o h\u00e1 confirma\u00e7\u00e3o de les\u00e3o, mas que Alex Sandro ser\u00e1 reavaliado pelo departamento m\u00e9dico. O treinador afirmou que a substitui\u00e7\u00e3o foi uma decis\u00e3o estrat\u00e9gica para evitar riscos desnecess\u00e1rios, destacando a import\u00e2ncia do atleta para o elenco rubro-negro na temporada.<\/p>\n\n\n\n<p>Ayrton Lucas, que assumiu a posi\u00e7\u00e3o na partida, recebeu elogios de Filipe Lu\u00eds, que destacou a competitividade entre os dois jogadores. O treinador refor\u00e7ou que ambos desempenham fun\u00e7\u00f5es semelhantes dentro de campo e que a disputa pela titularidade ser\u00e1 intensa ao longo do ano, dependendo do desempenho e das condi\u00e7\u00f5es f\u00edsicas de cada um.<\/p>\n","protected":false},"excerpt":{"rendered":"<p>Nas \u00faltimas horas, o foco das not\u00edcias sobre o Flamengo se concentram nos bastidores do clube, com destaques do dia a dia do time. Por conta deste contexto, leia abaixo um resumo preparado pela equipe do portal G\u00e1vea News para lhe manter muito bem informado! Recado de Neto Craque Neto fez duras cr\u00edticas \u00e0 Rede [&hellip;]<\/p>\n","protected":false},"author":27,"featured_media":183758,"comment_status":"open","ping_status":"closed","sticky":false,"template":"","format":"standard","meta":{"footnotes":""},"categories":[1],"tags":[],"class_list":["post-226558","post","type-post","status-publish","format-standard","has-post-thumbnail","hentry","category-flamengo"],"yoast_head":"<!-- This site is optimized with the Yoast SEO Premium plugin v24.2 (Yoast SEO v26.9) - https:\/\/yoast.com\/product\/yoast-seo-premium-wordpress\/ -->\n<title>Situa\u00e7\u00e3o de Alex Sandro, declara\u00e7\u00e3o de Filipe Lu\u00eds e recado de Neto: as \u00faltimas not\u00edcias do Flamengo<\/title>\n<meta name=\"robots\" content=\"index, follow, max-snippet:-1, max-image-preview:large, max-video-preview:-1\" \/>\n<link rel=\"canonical\" href=\"https:\/\/www.gaveanews.com\/index.php\/2025\/02\/12\/situacao-de-alex-sandro-declaracao-de-filipe-luis-e-recado-de-neto-as-ultimas-noticias-do-flamengo\/\" \/>\n<meta property=\"og:locale\" content=\"pt_BR\" \/>\n<meta property=\"og:type\" content=\"article\" \/>\n<meta property=\"og:title\" content=\"Situa\u00e7\u00e3o de Alex Sandro, declara\u00e7\u00e3o de Filipe Lu\u00eds e recado de Neto: as \u00faltimas not\u00edcias do Flamengo\" \/>\n<meta property=\"og:description\" content=\"Nas \u00faltimas horas, o foco das not\u00edcias sobre o Flamengo se concentram nos bastidores do clube, com destaques do dia a dia do time. Por conta deste contexto, leia abaixo um resumo preparado pela equipe do portal G\u00e1vea News para lhe manter muito bem informado! Recado de Neto Craque Neto fez duras cr\u00edticas \u00e0 Rede [&hellip;]\" \/>\n<meta property=\"og:url\" content=\"https:\/\/www.gaveanews.com\/index.php\/2025\/02\/12\/situacao-de-alex-sandro-declaracao-de-filipe-luis-e-recado-de-neto-as-ultimas-noticias-do-flamengo\/\" \/>\n<meta property=\"og:site_name\" content=\"G\u00e1vea News\" \/>\n<meta property=\"article:publisher\" content=\"https:\/\/facebook.com\/gaveaNews\/\" \/>\n<meta property=\"article:published_time\" content=\"2025-02-12T09:00:00+00:00\" \/>\n<meta property=\"og:image\" content=\"https:\/\/www.gaveanews.com\/wp-content\/uploads\/Jogadores-do-Flamengo-erguendo-a-taca-da-Copa-do-Brasil-2024.webp\" \/>\n\t<meta property=\"og:image:width\" content=\"1208\" \/>\n\t<meta property=\"og:image:height\" content=\"805\" \/>\n\t<meta property=\"og:image:type\" content=\"image\/webp\" \/>\n<meta name=\"author\" content=\"Matheus Felipe\" \/>\n<meta name=\"twitter:card\" content=\"summary_large_image\" \/>\n<meta name=\"twitter:label1\" content=\"Escrito por\" \/>\n\t<meta name=\"twitter:data1\" content=\"Matheus Felipe\" \/>\n\t<meta name=\"twitter:label2\" content=\"Est. tempo de leitura\" \/>\n\t<meta name=\"twitter:data2\" content=\"5 minutos\" \/>\n<script type=\"application\/ld+json\" class=\"yoast-schema-graph\">{\"@context\":\"https:\/\/schema.org\",\"@graph\":[{\"@type\":\"NewsArticle\",\"@id\":\"https:\/\/www.gaveanews.com\/index.php\/2025\/02\/12\/situacao-de-alex-sandro-declaracao-de-filipe-luis-e-recado-de-neto-as-ultimas-noticias-do-flamengo\/#article\",\"isPartOf\":{\"@id\":\"https:\/\/www.gaveanews.com\/index.php\/2025\/02\/12\/situacao-de-alex-sandro-declaracao-de-filipe-luis-e-recado-de-neto-as-ultimas-noticias-do-flamengo\/\"},\"author\":{\"name\":\"Matheus Felipe\",\"@id\":\"https:\/\/www.gaveanews.com\/#\/schema\/person\/8207cd4627f56151707418bfc835b2fb\"},\"headline\":\"Situa\u00e7\u00e3o de Alex Sandro, declara\u00e7\u00e3o de Filipe Lu\u00eds e recado de Neto: as \u00faltimas not\u00edcias do Flamengo\",\"datePublished\":\"2025-02-12T09:00:00+00:00\",\"mainEntityOfPage\":{\"@id\":\"https:\/\/www.gaveanews.com\/index.php\/2025\/02\/12\/situacao-de-alex-sandro-declaracao-de-filipe-luis-e-recado-de-neto-as-ultimas-noticias-do-flamengo\/\"},\"wordCount\":733,\"commentCount\":0,\"image\":{\"@id\":\"https:\/\/www.gaveanews.com\/index.php\/2025\/02\/12\/situacao-de-alex-sandro-declaracao-de-filipe-luis-e-recado-de-neto-as-ultimas-noticias-do-flamengo\/#primaryimage\"},\"thumbnailUrl\":\"https:\/\/www.gaveanews.com\/wp-content\/uploads\/Jogadores-do-Flamengo-erguendo-a-taca-da-Copa-do-Brasil-2024.webp\",\"articleSection\":[\"Flamengo\"],\"inLanguage\":\"pt-BR\",\"potentialAction\":[{\"@type\":\"CommentAction\",\"name\":\"Comment\",\"target\":[\"https:\/\/www.gaveanews.com\/index.php\/2025\/02\/12\/situacao-de-alex-sandro-declaracao-de-filipe-luis-e-recado-de-neto-as-ultimas-noticias-do-flamengo\/#respond\"]}],\"copyrightYear\":\"2025\",\"copyrightHolder\":{\"@id\":\"https:\/\/www.gaveanews.com\/#organization\"}},{\"@type\":\"WebPage\",\"@id\":\"https:\/\/www.gaveanews.com\/index.php\/2025\/02\/12\/situacao-de-alex-sandro-declaracao-de-filipe-luis-e-recado-de-neto-as-ultimas-noticias-do-flamengo\/\",\"url\":\"https:\/\/www.gaveanews.com\/index.php\/2025\/02\/12\/situacao-de-alex-sandro-declaracao-de-filipe-luis-e-recado-de-neto-as-ultimas-noticias-do-flamengo\/\",\"name\":\"Situa\u00e7\u00e3o de Alex Sandro, declara\u00e7\u00e3o de Filipe Lu\u00eds e recado de Neto: as \u00faltimas not\u00edcias do Flamengo\",\"isPartOf\":{\"@id\":\"https:\/\/www.gaveanews.com\/#website\"},\"primaryImageOfPage\":{\"@id\":\"https:\/\/www.gaveanews.com\/index.php\/2025\/02\/12\/situacao-de-alex-sandro-declaracao-de-filipe-luis-e-recado-de-neto-as-ultimas-noticias-do-flamengo\/#primaryimage\"},\"image\":{\"@id\":\"https:\/\/www.gaveanews.com\/index.php\/2025\/02\/12\/situacao-de-alex-sandro-declaracao-de-filipe-luis-e-recado-de-neto-as-ultimas-noticias-do-flamengo\/#primaryimage\"},\"thumbnailUrl\":\"https:\/\/www.gaveanews.com\/wp-content\/uploads\/Jogadores-do-Flamengo-erguendo-a-taca-da-Copa-do-Brasil-2024.webp\",\"datePublished\":\"2025-02-12T09:00:00+00:00\",\"author\":{\"@id\":\"https:\/\/www.gaveanews.com\/#\/schema\/person\/8207cd4627f56151707418bfc835b2fb\"},\"breadcrumb\":{\"@id\":\"https:\/\/www.gaveanews.com\/index.php\/2025\/02\/12\/situacao-de-alex-sandro-declaracao-de-filipe-luis-e-recado-de-neto-as-ultimas-noticias-do-flamengo\/#breadcrumb\"},\"inLanguage\":\"pt-BR\",\"potentialAction\":[{\"@type\":\"ReadAction\",\"target\":[\"https:\/\/www.gaveanews.com\/index.php\/2025\/02\/12\/situacao-de-alex-sandro-declaracao-de-filipe-luis-e-recado-de-neto-as-ultimas-noticias-do-flamengo\/\"]}]},{\"@type\":\"ImageObject\",\"inLanguage\":\"pt-BR\",\"@id\":\"https:\/\/www.gaveanews.com\/index.php\/2025\/02\/12\/situacao-de-alex-sandro-declaracao-de-filipe-luis-e-recado-de-neto-as-ultimas-noticias-do-flamengo\/#primaryimage\",\"url\":\"https:\/\/www.gaveanews.com\/wp-content\/uploads\/Jogadores-do-Flamengo-erguendo-a-taca-da-Copa-do-Brasil-2024.webp\",\"contentUrl\":\"https:\/\/www.gaveanews.com\/wp-content\/uploads\/Jogadores-do-Flamengo-erguendo-a-taca-da-Copa-do-Brasil-2024.webp\",\"width\":1208,\"height\":805,\"caption\":\"Jogadores do Flamengo erguendo a ta\u00e7a da Copa do Brasil 2024 (Foto: Gilvan de Souza \/ CRF)\"},{\"@type\":\"BreadcrumbList\",\"@id\":\"https:\/\/www.gaveanews.com\/index.php\/2025\/02\/12\/situacao-de-alex-sandro-declaracao-de-filipe-luis-e-recado-de-neto-as-ultimas-noticias-do-flamengo\/#breadcrumb\",\"itemListElement\":[{\"@type\":\"ListItem\",\"position\":1,\"name\":\"Home\",\"item\":\"https:\/\/www.gaveanews.com\/\"},{\"@type\":\"ListItem\",\"position\":2,\"name\":\"Situa\u00e7\u00e3o de Alex Sandro, declara\u00e7\u00e3o de Filipe Lu\u00eds e recado de Neto: as \u00faltimas not\u00edcias do Flamengo\"}]},{\"@type\":\"WebSite\",\"@id\":\"https:\/\/www.gaveanews.com\/#website\",\"url\":\"https:\/\/www.gaveanews.com\/\",\"name\":\"G\u00e1vea News\",\"description\":\"Veja todas as not\u00edcias sobre o Flamengo: Contrata\u00e7\u00f5es, categorias de base, resultados das partidas, tabela de classifica\u00e7\u00e3o, pr\u00f3ximos jogos!\",\"potentialAction\":[{\"@type\":\"SearchAction\",\"target\":{\"@type\":\"EntryPoint\",\"urlTemplate\":\"https:\/\/www.gaveanews.com\/?s={search_term_string}\"},\"query-input\":{\"@type\":\"PropertyValueSpecification\",\"valueRequired\":true,\"valueName\":\"search_term_string\"}}],\"inLanguage\":\"pt-BR\"},{\"@type\":\"Person\",\"@id\":\"https:\/\/www.gaveanews.com\/#\/schema\/person\/8207cd4627f56151707418bfc835b2fb\",\"name\":\"Matheus Felipe\",\"image\":{\"@type\":\"ImageObject\",\"inLanguage\":\"pt-BR\",\"@id\":\"https:\/\/www.gaveanews.com\/#\/schema\/person\/image\/\",\"url\":\"https:\/\/secure.gravatar.com\/avatar\/a452ffbed9130f726358b298bb3a99ce4bd3c5338411f8440e87e14d74c7c087?s=96&d=mm&r=g\",\"contentUrl\":\"https:\/\/secure.gravatar.com\/avatar\/a452ffbed9130f726358b298bb3a99ce4bd3c5338411f8440e87e14d74c7c087?s=96&d=mm&r=g\",\"caption\":\"Matheus Felipe\"}}]}<\/script>\n<!-- \/ Yoast SEO Premium plugin. -->","yoast_head_json":{"title":"Situa\u00e7\u00e3o de Alex Sandro, declara\u00e7\u00e3o de Filipe Lu\u00eds e recado de Neto: as \u00faltimas not\u00edcias do Flamengo","robots":{"index":"index","follow":"follow","max-snippet":"max-snippet:-1","max-image-preview":"max-image-preview:large","max-video-preview":"max-video-preview:-1"},"canonical":"https:\/\/www.gaveanews.com\/index.php\/2025\/02\/12\/situacao-de-alex-sandro-declaracao-de-filipe-luis-e-recado-de-neto-as-ultimas-noticias-do-flamengo\/","og_locale":"pt_BR","og_type":"article","og_title":"Situa\u00e7\u00e3o de Alex Sandro, declara\u00e7\u00e3o de Filipe Lu\u00eds e recado de Neto: as \u00faltimas not\u00edcias do Flamengo","og_description":"Nas \u00faltimas horas, o foco das not\u00edcias sobre o Flamengo se concentram nos bastidores do clube, com destaques do dia a dia do time. Por conta deste contexto, leia abaixo um resumo preparado pela equipe do portal G\u00e1vea News para lhe manter muito bem informado! Recado de Neto Craque Neto fez duras cr\u00edticas \u00e0 Rede [&hellip;]","og_url":"https:\/\/www.gaveanews.com\/index.php\/2025\/02\/12\/situacao-de-alex-sandro-declaracao-de-filipe-luis-e-recado-de-neto-as-ultimas-noticias-do-flamengo\/","og_site_name":"G\u00e1vea News","article_publisher":"https:\/\/facebook.com\/gaveaNews\/","article_published_time":"2025-02-12T09:00:00+00:00","og_image":[{"width":1208,"height":805,"url":"https:\/\/www.gaveanews.com\/wp-content\/uploads\/Jogadores-do-Flamengo-erguendo-a-taca-da-Copa-do-Brasil-2024.webp","type":"image\/webp"}],"author":"Matheus Felipe","twitter_card":"summary_large_image","twitter_misc":{"Escrito por":"Matheus Felipe","Est. tempo de leitura":"5 minutos"},"schema":{"@context":"https:\/\/schema.org","@graph":[{"@type":"NewsArticle","@id":"https:\/\/www.gaveanews.com\/index.php\/2025\/02\/12\/situacao-de-alex-sandro-declaracao-de-filipe-luis-e-recado-de-neto-as-ultimas-noticias-do-flamengo\/#article","isPartOf":{"@id":"https:\/\/www.gaveanews.com\/index.php\/2025\/02\/12\/situacao-de-alex-sandro-declaracao-de-filipe-luis-e-recado-de-neto-as-ultimas-noticias-do-flamengo\/"},"author":{"name":"Matheus Felipe","@id":"https:\/\/www.gaveanews.com\/#\/schema\/person\/8207cd4627f56151707418bfc835b2fb"},"headline":"Situa\u00e7\u00e3o de Alex Sandro, declara\u00e7\u00e3o de Filipe Lu\u00eds e recado de Neto: as \u00faltimas not\u00edcias do Flamengo","datePublished":"2025-02-12T09:00:00+00:00","mainEntityOfPage":{"@id":"https:\/\/www.gaveanews.com\/index.php\/2025\/02\/12\/situacao-de-alex-sandro-declaracao-de-filipe-luis-e-recado-de-neto-as-ultimas-noticias-do-flamengo\/"},"wordCount":733,"commentCount":0,"image":{"@id":"https:\/\/www.gaveanews.com\/index.php\/2025\/02\/12\/situacao-de-alex-sandro-declaracao-de-filipe-luis-e-recado-de-neto-as-ultimas-noticias-do-flamengo\/#primaryimage"},"thumbnailUrl":"https:\/\/www.gaveanews.com\/wp-content\/uploads\/Jogadores-do-Flamengo-erguendo-a-taca-da-Copa-do-Brasil-2024.webp","articleSection":["Flamengo"],"inLanguage":"pt-BR","potentialAction":[{"@type":"CommentAction","name":"Comment","target":["https:\/\/www.gaveanews.com\/index.php\/2025\/02\/12\/situacao-de-alex-sandro-declaracao-de-filipe-luis-e-recado-de-neto-as-ultimas-noticias-do-flamengo\/#respond"]}],"copyrightYear":"2025","copyrightHolder":{"@id":"https:\/\/www.gaveanews.com\/#organization"}},{"@type":"WebPage","@id":"https:\/\/www.gaveanews.com\/index.php\/2025\/02\/12\/situacao-de-alex-sandro-declaracao-de-filipe-luis-e-recado-de-neto-as-ultimas-noticias-do-flamengo\/","url":"https:\/\/www.gaveanews.com\/index.php\/2025\/02\/12\/situacao-de-alex-sandro-declaracao-de-filipe-luis-e-recado-de-neto-as-ultimas-noticias-do-flamengo\/","name":"Situa\u00e7\u00e3o de Alex Sandro, declara\u00e7\u00e3o de Filipe Lu\u00eds e recado de Neto: as \u00faltimas not\u00edcias do Flamengo","isPartOf":{"@id":"https:\/\/www.gaveanews.com\/#website"},"primaryImageOfPage":{"@id":"https:\/\/www.gaveanews.com\/index.php\/2025\/02\/12\/situacao-de-alex-sandro-declaracao-de-filipe-luis-e-recado-de-neto-as-ultimas-noticias-do-flamengo\/#primaryimage"},"image":{"@id":"https:\/\/www.gaveanews.com\/index.php\/2025\/02\/12\/situacao-de-alex-sandro-declaracao-de-filipe-luis-e-recado-de-neto-as-ultimas-noticias-do-flamengo\/#primaryimage"},"thumbnailUrl":"https:\/\/www.gaveanews.com\/wp-content\/uploads\/Jogadores-do-Flamengo-erguendo-a-taca-da-Copa-do-Brasil-2024.webp","datePublished":"2025-02-12T09:00:00+00:00","author":{"@id":"https:\/\/www.gaveanews.com\/#\/schema\/person\/8207cd4627f56151707418bfc835b2fb"},"breadcrumb":{"@id":"https:\/\/www.gaveanews.com\/index.php\/2025\/02\/12\/situacao-de-alex-sandro-declaracao-de-filipe-luis-e-recado-de-neto-as-ultimas-noticias-do-flamengo\/#breadcrumb"},"inLanguage":"pt-BR","potentialAction":[{"@type":"ReadAction","target":["https:\/\/www.gaveanews.com\/index.php\/2025\/02\/12\/situacao-de-alex-sandro-declaracao-de-filipe-luis-e-recado-de-neto-as-ultimas-noticias-do-flamengo\/"]}]},{"@type":"ImageObject","inLanguage":"pt-BR","@id":"https:\/\/www.gaveanews.com\/index.php\/2025\/02\/12\/situacao-de-alex-sandro-declaracao-de-filipe-luis-e-recado-de-neto-as-ultimas-noticias-do-flamengo\/#primaryimage","url":"https:\/\/www.gaveanews.com\/wp-content\/uploads\/Jogadores-do-Flamengo-erguendo-a-taca-da-Copa-do-Brasil-2024.webp","contentUrl":"https:\/\/www.gaveanews.com\/wp-content\/uploads\/Jogadores-do-Flamengo-erguendo-a-taca-da-Copa-do-Brasil-2024.webp","width":1208,"height":805,"caption":"Jogadores do Flamengo erguendo a ta\u00e7a da Copa do Brasil 2024 (Foto: Gilvan de Souza \/ CRF)"},{"@type":"BreadcrumbList","@id":"https:\/\/www.gaveanews.com\/index.php\/2025\/02\/12\/situacao-de-alex-sandro-declaracao-de-filipe-luis-e-recado-de-neto-as-ultimas-noticias-do-flamengo\/#breadcrumb","itemListElement":[{"@type":"ListItem","position":1,"name":"Home","item":"https:\/\/www.gaveanews.com\/"},{"@type":"ListItem","position":2,"name":"Situa\u00e7\u00e3o de Alex Sandro, declara\u00e7\u00e3o de Filipe Lu\u00eds e recado de Neto: as \u00faltimas not\u00edcias do Flamengo"}]},{"@type":"WebSite","@id":"https:\/\/www.gaveanews.com\/#website","url":"https:\/\/www.gaveanews.com\/","name":"G\u00e1vea News","description":"Veja todas as not\u00edcias sobre o Flamengo: Contrata\u00e7\u00f5es, categorias de base, resultados das partidas, tabela de classifica\u00e7\u00e3o, pr\u00f3ximos jogos!","potentialAction":[{"@type":"SearchAction","target":{"@type":"EntryPoint","urlTemplate":"https:\/\/www.gaveanews.com\/?s={search_term_string}"},"query-input":{"@type":"PropertyValueSpecification","valueRequired":true,"valueName":"search_term_string"}}],"inLanguage":"pt-BR"},{"@type":"Person","@id":"https:\/\/www.gaveanews.com\/#\/schema\/person\/8207cd4627f56151707418bfc835b2fb","name":"Matheus Felipe","image":{"@type":"ImageObject","inLanguage":"pt-BR","@id":"https:\/\/www.gaveanews.com\/#\/schema\/person\/image\/","url":"https:\/\/secure.gravatar.com\/avatar\/a452ffbed9130f726358b298bb3a99ce4bd3c5338411f8440e87e14d74c7c087?s=96&d=mm&r=g","contentUrl":"https:\/\/secure.gravatar.com\/avatar\/a452ffbed9130f726358b298bb3a99ce4bd3c5338411f8440e87e14d74c7c087?s=96&d=mm&r=g","caption":"Matheus Felipe"}}]}},"_links":{"self":[{"href":"https:\/\/www.gaveanews.com\/index.php\/wp-json\/wp\/v2\/posts\/226558","targetHints":{"allow":["GET"]}}],"collection":[{"href":"https:\/\/www.gaveanews.com\/index.php\/wp-json\/wp\/v2\/posts"}],"about":[{"href":"https:\/\/www.gaveanews.com\/index.php\/wp-json\/wp\/v2\/types\/post"}],"author":[{"embeddable":true,"href":"https:\/\/www.gaveanews.com\/index.php\/wp-json\/wp\/v2\/users\/27"}],"replies":[{"embeddable":true,"href":"https:\/\/www.gaveanews.com\/index.php\/wp-json\/wp\/v2\/comments?post=226558"}],"version-history":[{"count":1,"href":"https:\/\/www.gaveanews.com\/index.php\/wp-json\/wp\/v2\/posts\/226558\/revisions"}],"predecessor-version":[{"id":226563,"href":"https:\/\/www.gaveanews.com\/index.php\/wp-json\/wp\/v2\/posts\/226558\/revisions\/226563"}],"wp:featuredmedia":[{"embeddable":true,"href":"https:\/\/www.gaveanews.com\/index.php\/wp-json\/wp\/v2\/media\/183758"}],"wp:attachment":[{"href":"https:\/\/www.gaveanews.com\/index.php\/wp-json\/wp\/v2\/media?parent=226558"}],"wp:term":[{"taxonomy":"category","embeddable":true,"href":"https:\/\/www.gaveanews.com\/index.php\/wp-json\/wp\/v2\/categories?post=226558"},{"taxonomy":"post_tag","embeddable":true,"href":"https:\/\/www.gaveanews.com\/index.php\/wp-json\/wp\/v2\/tags?post=226558"}],"curies":[{"name":"wp","href":"https:\/\/api.w.org\/{rel}","templated":true}]}}