{"id":226559,"date":"2025-02-12T04:35:00","date_gmt":"2025-02-12T07:35:00","guid":{"rendered":"https:\/\/www.gaveanews.com\/?p=226559"},"modified":"2025-02-12T02:27:15","modified_gmt":"2025-02-12T05:27:15","slug":"situacao-de-joao-victor-declaracao-de-carille-e-as-contratacoes-do-brasileirao-serie-a-as-ultimas-noticias-do-vasco","status":"publish","type":"post","link":"https:\/\/www.gaveanews.com\/index.php\/2025\/02\/12\/situacao-de-joao-victor-declaracao-de-carille-e-as-contratacoes-do-brasileirao-serie-a-as-ultimas-noticias-do-vasco\/","title":{"rendered":"Situa\u00e7\u00e3o de Jo\u00e3o Victor, declara\u00e7\u00e3o de Carille e as contrata\u00e7\u00f5es do Brasileir\u00e3o S\u00e9rie A: as \u00faltimas not\u00edcias do Vasco"},"content":{"rendered":"\n<p>Nas \u00faltimas horas, o foco das not\u00edcias sobre o Vasco se concentram nos bastidores do clube, com destaques do dia a dia do time.<\/p>\n\n\n\n<p>Por conta deste contexto, leia abaixo um resumo preparado pela equipe do portal G\u00e1vea News para lhe manter muito bem informado!<\/p>\n\n\n\n<h2 class=\"wp-block-heading\" id=\"h-as-contratacoes-do-brasileirao-serie-a\">As contrata\u00e7\u00f5es do Brasileir\u00e3o S\u00e9rie A<\/h2>\n\n\n\n<p>A edi\u00e7\u00e3o de 2025 do Brasileir\u00e3o S\u00e9rie A segue movimentada com v\u00e1rias contrata\u00e7\u00f5es, refor\u00e7ando elencos e aumentando a competitividade do torneio. Entre os destaques da janela, o Vit\u00f3ria se mostrou bastante ativo no mercado, trazendo Z\u00e9 Marcos, Baralhas, Claudinho e Carlinhos, este \u00faltimo emprestado pelo Flamengo. O Mirassol, estreante na elite do futebol brasileiro, tamb\u00e9m se refor\u00e7ou com Jemmes e o experiente zagueiro David Braz. J\u00e1 o Vasco buscou refor\u00e7o para sua defesa e contratou Lucas Freitas, ap\u00f3s sua sa\u00edda do Palmeiras<strong><a href=\"https:\/\/www.gaveanews.com\/index.php\/2025\/02\/11\/david-braz-carlinhos-baralhas-rodrigo-atencio-lucas-freitas-petterson-gustavo-fabiano-souza-claudinho-jemmes-e-ze-marcos-as-contratacoes-do-brasileirao-serie-a-2025\/\"> (leia a mat\u00e9ria completa).<\/a><\/strong><\/p>\n\n\n\n<figure class=\"wp-block-image size-full\"><img loading=\"lazy\" decoding=\"async\" width=\"1000\" height=\"667\" src=\"http:\/\/www.gaveanews.com\/wp-content\/uploads\/Taca-do-Campeonato-Brasileiro.webp\" alt=\"\" class=\"wp-image-86017\" srcset=\"https:\/\/www.gaveanews.com\/wp-content\/uploads\/Taca-do-Campeonato-Brasileiro.webp 1000w, https:\/\/www.gaveanews.com\/wp-content\/uploads\/Taca-do-Campeonato-Brasileiro-300x200.webp 300w, https:\/\/www.gaveanews.com\/wp-content\/uploads\/Taca-do-Campeonato-Brasileiro-768x512.webp 768w, https:\/\/www.gaveanews.com\/wp-content\/uploads\/Taca-do-Campeonato-Brasileiro-630x420.webp 630w, https:\/\/www.gaveanews.com\/wp-content\/uploads\/Taca-do-Campeonato-Brasileiro-640x427.webp 640w, https:\/\/www.gaveanews.com\/wp-content\/uploads\/Taca-do-Campeonato-Brasileiro-681x454.webp 681w, https:\/\/www.gaveanews.com\/wp-content\/uploads\/Taca-do-Campeonato-Brasileiro-100x67.webp 100w\" sizes=\"auto, (max-width: 1000px) 100vw, 1000px\" \/><figcaption class=\"wp-element-caption\">Ta\u00e7a do Campeonato Brasileiro (Foto: Lucas Figueiredo\/CBF)<\/figcaption><\/figure>\n\n\n\n<p>Outros clubes tamb\u00e9m se movimentaram para fortalecer seus elencos. O Juventude garantiu a chegada do goleiro Gustavo, al\u00e9m do jovem atacante Petterson, ex-Flamengo. <\/p>\n\n\n\n<p>O Sport apostou no meio-campista Rodrigo Atencio, do Independiente, enquanto o Cear\u00e1 trouxe o lateral Fabiano Souza por empr\u00e9stimo do Moreirense, de Portugal. Com essas aquisi\u00e7\u00f5es, os times buscam aumentar suas chances de sucesso na competi\u00e7\u00e3o e garantir boas campanhas ao longo da temporada.<\/p>\n\n\n\n<p>Com as novas contrata\u00e7\u00f5es, a expectativa \u00e9 que o Brasileir\u00e3o 2025 seja ainda mais disputado, com equipes refor\u00e7adas e prontas para brigar tanto na parte de cima da tabela quanto para evitar o rebaixamento. As movimenta\u00e7\u00f5es no mercado demonstram que os clubes est\u00e3o apostando em uma mescla de experi\u00eancia e juventude, visando um equil\u00edbrio entre curto e longo prazo. Ainda h\u00e1 possibilidade de novas transfer\u00eancias, o que pode trazer mais surpresas antes do fechamento da janela.<\/p>\n\n\n\n<h2 class=\"wp-block-heading\" id=\"h-declaracao-de-carille\">Declara\u00e7\u00e3o de Carille<\/h2>\n\n\n\n<p>O Vasco empatou em 0 a 0 com o Sampaio Corr\u00eaa em Saquarema, em um jogo marcado por um desempenho abaixo das expectativas e vaias da torcida. A equipe de F\u00e1bio Carille n\u00e3o conseguiu transformar a posse de bola em chances claras de gol, aumentando a preocupa\u00e7\u00e3o dos vasca\u00ednos diante dos pr\u00f3ximos desafios no Campeonato Carioca e na Copa do Brasil. Com cl\u00e1ssicos contra Flamengo e Botafogo pela frente, a necessidade de evolu\u00e7\u00e3o no rendimento do time se torna ainda mais evidente <strong><a href=\"https:\/\/www.gaveanews.com\/index.php\/2025\/02\/11\/vasco-a-declaracao-de-carille-envolvendo-vegetti-payet-tche-tche-e-paulinho\/\">(leia a mat\u00e9ria completa).<\/a><\/strong><\/p>\n\n\n\n<figure class=\"wp-block-image size-full\"><img loading=\"lazy\" decoding=\"async\" width=\"1501\" height=\"1000\" src=\"http:\/\/www.gaveanews.com\/wp-content\/uploads\/Carille-apresentado-pelo-Vasco.webp\" alt=\"Carille apresentado pelo Vasco\" class=\"wp-image-220356\"\/><figcaption class=\"wp-element-caption\">Carille apresentado pelo Vasco (Foto: Divulga\u00e7\u00e3o)<\/figcaption><\/figure>\n\n\n\n<p>Ap\u00f3s a partida, Carille explicou sua escolha t\u00e1tica, destacando que a forma\u00e7\u00e3o com tr\u00eas volantes n\u00e3o foi uma decis\u00e3o pontual, mas sim uma estrat\u00e9gia j\u00e1 adotada desde o in\u00edcio de seu trabalho. Segundo ele, Tch\u00ea Tch\u00ea e Paulinho t\u00eam a fun\u00e7\u00e3o de dar suporte a Payet e Vegetti, visando fortalecer o meio de campo e melhorar as a\u00e7\u00f5es ofensivas. No entanto, o treinador reconheceu que a equipe precisa ajustar a transi\u00e7\u00e3o ao ataque para ser mais eficiente diante de advers\u00e1rios mais fortes.<\/p>\n\n\n\n<p>Com o Campeonato Carioca se tornando cada vez mais competitivo, o Vasco n\u00e3o pode se dar ao luxo de desperdi\u00e7ar pontos. A an\u00e1lise de Carille refor\u00e7a que, apesar de um esquema t\u00e1tico bem definido, a equipe precisa aprimorar sua execu\u00e7\u00e3o dentro de campo. O desempenho nos pr\u00f3ximos jogos ser\u00e1 fundamental para determinar se o time conseguir\u00e1 se recuperar e alcan\u00e7ar seus objetivos na temporada.<\/p>\n\n\n\n<h2 class=\"wp-block-heading\" id=\"h-situacao-de-joao-victor\">Situa\u00e7\u00e3o de Jo\u00e3o Victor<\/h2>\n\n\n\n<p>Ap\u00f3s o empate sem gols entre Vasco e Sampaio Corr\u00eaa, no est\u00e1dio Lourival Gomes, um momento tenso marcou o fim da partida. O zagueiro Jo\u00e3o Victor discutiu com torcedores cruz-maltinos pr\u00f3ximos ao vesti\u00e1rio, demonstrando insatisfa\u00e7\u00e3o com as cr\u00edticas recebidas. A situa\u00e7\u00e3o precisou da interven\u00e7\u00e3o de seguran\u00e7as e dos companheiros Vegetti e Lucas Piton para ser controlada, enquanto imagens do ocorrido rapidamente viralizaram nas redes sociais<strong><a href=\"https:\/\/www.gaveanews.com\/index.php\/2025\/02\/11\/video-jogador-do-vasco-discute-com-torcedores-apos-empate-contra-o-sampaio-correa\/\"> (leia a mat\u00e9ria completa).<\/a><\/strong><\/p>\n\n\n\n<figure class=\"wp-block-image size-full\"><img loading=\"lazy\" decoding=\"async\" width=\"984\" height=\"656\" src=\"http:\/\/www.gaveanews.com\/wp-content\/uploads\/Joao-Victor-em-acao-pelo-Vasco.webp\" alt=\"\" class=\"wp-image-169870\" srcset=\"https:\/\/www.gaveanews.com\/wp-content\/uploads\/Joao-Victor-em-acao-pelo-Vasco.webp 984w, https:\/\/www.gaveanews.com\/wp-content\/uploads\/Joao-Victor-em-acao-pelo-Vasco-300x200.webp 300w, https:\/\/www.gaveanews.com\/wp-content\/uploads\/Joao-Victor-em-acao-pelo-Vasco-768x512.webp 768w, https:\/\/www.gaveanews.com\/wp-content\/uploads\/Joao-Victor-em-acao-pelo-Vasco-630x420.webp 630w, https:\/\/www.gaveanews.com\/wp-content\/uploads\/Joao-Victor-em-acao-pelo-Vasco-640x427.webp 640w, https:\/\/www.gaveanews.com\/wp-content\/uploads\/Joao-Victor-em-acao-pelo-Vasco-681x454.webp 681w, https:\/\/www.gaveanews.com\/wp-content\/uploads\/Joao-Victor-em-acao-pelo-Vasco-100x67.webp 100w\" sizes=\"auto, (max-width: 984px) 100vw, 984px\" \/><figcaption class=\"wp-element-caption\">Jo\u00e3o Victor em a\u00e7\u00e3o pelo Vasco (Foto: Leandro Amorim\/Vasco)<\/figcaption><\/figure>\n\n\n\n<p>O jogo foi de baixo n\u00edvel t\u00e9cnico, com poucas chances claras de gol, frustrando a torcida vasca\u00edna. Apesar do resultado ter mantido o time no G4 do Campeonato Carioca, a equipe ocupa a terceira posi\u00e7\u00e3o com 14 pontos, apenas um a mais que o Nova Igua\u00e7u, que est\u00e1 fora da zona de classifica\u00e7\u00e3o. Isso coloca o Vasco sob press\u00e3o para vencer pelo menos um dos dois cl\u00e1ssicos restantes e garantir vaga tranquila na semifinal.<\/p>\n\n\n\n<p>A rea\u00e7\u00e3o de Jo\u00e3o Victor reflete o momento delicado do Vasco, que precisa melhorar seu desempenho para manter a confian\u00e7a da torcida e assegurar sua classifica\u00e7\u00e3o. Com jogos decisivos pela frente, o time sabe da necessidade de evolu\u00e7\u00e3o para evitar novos trope\u00e7os e buscar um desempenho mais s\u00f3lido na reta final do estadual.<\/p>\n","protected":false},"excerpt":{"rendered":"<p>Nas \u00faltimas horas, o foco das not\u00edcias sobre o Vasco se concentram nos bastidores do clube, com destaques do dia a dia do time. Por conta deste contexto, leia abaixo um resumo preparado pela equipe do portal G\u00e1vea News para lhe manter muito bem informado! As contrata\u00e7\u00f5es do Brasileir\u00e3o S\u00e9rie A A edi\u00e7\u00e3o de 2025 [&hellip;]<\/p>\n","protected":false},"author":27,"featured_media":161261,"comment_status":"open","ping_status":"closed","sticky":false,"template":"","format":"standard","meta":{"footnotes":""},"categories":[152],"tags":[],"class_list":["post-226559","post","type-post","status-publish","format-standard","has-post-thumbnail","hentry","category-vasco"],"yoast_head":"<!-- This site is optimized with the Yoast SEO Premium plugin v24.2 (Yoast SEO v26.9) - https:\/\/yoast.com\/product\/yoast-seo-premium-wordpress\/ -->\n<title>Situa\u00e7\u00e3o de Jo\u00e3o Victor, declara\u00e7\u00e3o de Carille e as contrata\u00e7\u00f5es do Brasileir\u00e3o S\u00e9rie A: as \u00faltimas not\u00edcias do Vasco<\/title>\n<meta name=\"robots\" content=\"index, follow, max-snippet:-1, max-image-preview:large, max-video-preview:-1\" \/>\n<link rel=\"canonical\" href=\"https:\/\/www.gaveanews.com\/index.php\/2025\/02\/12\/situacao-de-joao-victor-declaracao-de-carille-e-as-contratacoes-do-brasileirao-serie-a-as-ultimas-noticias-do-vasco\/\" \/>\n<meta property=\"og:locale\" content=\"pt_BR\" \/>\n<meta property=\"og:type\" content=\"article\" \/>\n<meta property=\"og:title\" content=\"Situa\u00e7\u00e3o de Jo\u00e3o Victor, declara\u00e7\u00e3o de Carille e as contrata\u00e7\u00f5es do Brasileir\u00e3o S\u00e9rie A: as \u00faltimas not\u00edcias do Vasco\" \/>\n<meta property=\"og:description\" content=\"Nas \u00faltimas horas, o foco das not\u00edcias sobre o Vasco se concentram nos bastidores do clube, com destaques do dia a dia do time. Por conta deste contexto, leia abaixo um resumo preparado pela equipe do portal G\u00e1vea News para lhe manter muito bem informado! As contrata\u00e7\u00f5es do Brasileir\u00e3o S\u00e9rie A A edi\u00e7\u00e3o de 2025 [&hellip;]\" \/>\n<meta property=\"og:url\" content=\"https:\/\/www.gaveanews.com\/index.php\/2025\/02\/12\/situacao-de-joao-victor-declaracao-de-carille-e-as-contratacoes-do-brasileirao-serie-a-as-ultimas-noticias-do-vasco\/\" \/>\n<meta property=\"og:site_name\" content=\"G\u00e1vea News\" \/>\n<meta property=\"article:publisher\" content=\"https:\/\/facebook.com\/gaveaNews\/\" \/>\n<meta property=\"article:published_time\" content=\"2025-02-12T07:35:00+00:00\" \/>\n<meta property=\"og:image\" content=\"https:\/\/www.gaveanews.com\/wp-content\/uploads\/Camisa-do-Vasco-2024.webp\" \/>\n\t<meta property=\"og:image:width\" content=\"1059\" \/>\n\t<meta property=\"og:image:height\" content=\"794\" \/>\n\t<meta property=\"og:image:type\" content=\"image\/webp\" \/>\n<meta name=\"author\" content=\"Matheus Felipe\" \/>\n<meta name=\"twitter:card\" content=\"summary_large_image\" \/>\n<meta name=\"twitter:label1\" content=\"Escrito por\" \/>\n\t<meta name=\"twitter:data1\" content=\"Matheus Felipe\" \/>\n\t<meta name=\"twitter:label2\" content=\"Est. tempo de leitura\" \/>\n\t<meta name=\"twitter:data2\" content=\"5 minutos\" \/>\n<script type=\"application\/ld+json\" class=\"yoast-schema-graph\">{\"@context\":\"https:\/\/schema.org\",\"@graph\":[{\"@type\":\"NewsArticle\",\"@id\":\"https:\/\/www.gaveanews.com\/index.php\/2025\/02\/12\/situacao-de-joao-victor-declaracao-de-carille-e-as-contratacoes-do-brasileirao-serie-a-as-ultimas-noticias-do-vasco\/#article\",\"isPartOf\":{\"@id\":\"https:\/\/www.gaveanews.com\/index.php\/2025\/02\/12\/situacao-de-joao-victor-declaracao-de-carille-e-as-contratacoes-do-brasileirao-serie-a-as-ultimas-noticias-do-vasco\/\"},\"author\":{\"name\":\"Matheus Felipe\",\"@id\":\"https:\/\/www.gaveanews.com\/#\/schema\/person\/8207cd4627f56151707418bfc835b2fb\"},\"headline\":\"Situa\u00e7\u00e3o de Jo\u00e3o Victor, declara\u00e7\u00e3o de Carille e as contrata\u00e7\u00f5es do Brasileir\u00e3o S\u00e9rie A: as \u00faltimas not\u00edcias do Vasco\",\"datePublished\":\"2025-02-12T07:35:00+00:00\",\"mainEntityOfPage\":{\"@id\":\"https:\/\/www.gaveanews.com\/index.php\/2025\/02\/12\/situacao-de-joao-victor-declaracao-de-carille-e-as-contratacoes-do-brasileirao-serie-a-as-ultimas-noticias-do-vasco\/\"},\"wordCount\":854,\"commentCount\":0,\"image\":{\"@id\":\"https:\/\/www.gaveanews.com\/index.php\/2025\/02\/12\/situacao-de-joao-victor-declaracao-de-carille-e-as-contratacoes-do-brasileirao-serie-a-as-ultimas-noticias-do-vasco\/#primaryimage\"},\"thumbnailUrl\":\"https:\/\/www.gaveanews.com\/wp-content\/uploads\/Camisa-do-Vasco-2024.webp\",\"articleSection\":[\"Vasco\"],\"inLanguage\":\"pt-BR\",\"potentialAction\":[{\"@type\":\"CommentAction\",\"name\":\"Comment\",\"target\":[\"https:\/\/www.gaveanews.com\/index.php\/2025\/02\/12\/situacao-de-joao-victor-declaracao-de-carille-e-as-contratacoes-do-brasileirao-serie-a-as-ultimas-noticias-do-vasco\/#respond\"]}],\"copyrightYear\":\"2025\",\"copyrightHolder\":{\"@id\":\"https:\/\/www.gaveanews.com\/#organization\"}},{\"@type\":\"WebPage\",\"@id\":\"https:\/\/www.gaveanews.com\/index.php\/2025\/02\/12\/situacao-de-joao-victor-declaracao-de-carille-e-as-contratacoes-do-brasileirao-serie-a-as-ultimas-noticias-do-vasco\/\",\"url\":\"https:\/\/www.gaveanews.com\/index.php\/2025\/02\/12\/situacao-de-joao-victor-declaracao-de-carille-e-as-contratacoes-do-brasileirao-serie-a-as-ultimas-noticias-do-vasco\/\",\"name\":\"Situa\u00e7\u00e3o de Jo\u00e3o Victor, declara\u00e7\u00e3o de Carille e as contrata\u00e7\u00f5es do Brasileir\u00e3o S\u00e9rie A: as \u00faltimas not\u00edcias do Vasco\",\"isPartOf\":{\"@id\":\"https:\/\/www.gaveanews.com\/#website\"},\"primaryImageOfPage\":{\"@id\":\"https:\/\/www.gaveanews.com\/index.php\/2025\/02\/12\/situacao-de-joao-victor-declaracao-de-carille-e-as-contratacoes-do-brasileirao-serie-a-as-ultimas-noticias-do-vasco\/#primaryimage\"},\"image\":{\"@id\":\"https:\/\/www.gaveanews.com\/index.php\/2025\/02\/12\/situacao-de-joao-victor-declaracao-de-carille-e-as-contratacoes-do-brasileirao-serie-a-as-ultimas-noticias-do-vasco\/#primaryimage\"},\"thumbnailUrl\":\"https:\/\/www.gaveanews.com\/wp-content\/uploads\/Camisa-do-Vasco-2024.webp\",\"datePublished\":\"2025-02-12T07:35:00+00:00\",\"author\":{\"@id\":\"https:\/\/www.gaveanews.com\/#\/schema\/person\/8207cd4627f56151707418bfc835b2fb\"},\"breadcrumb\":{\"@id\":\"https:\/\/www.gaveanews.com\/index.php\/2025\/02\/12\/situacao-de-joao-victor-declaracao-de-carille-e-as-contratacoes-do-brasileirao-serie-a-as-ultimas-noticias-do-vasco\/#breadcrumb\"},\"inLanguage\":\"pt-BR\",\"potentialAction\":[{\"@type\":\"ReadAction\",\"target\":[\"https:\/\/www.gaveanews.com\/index.php\/2025\/02\/12\/situacao-de-joao-victor-declaracao-de-carille-e-as-contratacoes-do-brasileirao-serie-a-as-ultimas-noticias-do-vasco\/\"]}]},{\"@type\":\"ImageObject\",\"inLanguage\":\"pt-BR\",\"@id\":\"https:\/\/www.gaveanews.com\/index.php\/2025\/02\/12\/situacao-de-joao-victor-declaracao-de-carille-e-as-contratacoes-do-brasileirao-serie-a-as-ultimas-noticias-do-vasco\/#primaryimage\",\"url\":\"https:\/\/www.gaveanews.com\/wp-content\/uploads\/Camisa-do-Vasco-2024.webp\",\"contentUrl\":\"https:\/\/www.gaveanews.com\/wp-content\/uploads\/Camisa-do-Vasco-2024.webp\",\"width\":1059,\"height\":794,\"caption\":\"Camisa do Vasco 2024 (Foto: Reprodu\u00e7\u00e3o\/Instagram)\"},{\"@type\":\"BreadcrumbList\",\"@id\":\"https:\/\/www.gaveanews.com\/index.php\/2025\/02\/12\/situacao-de-joao-victor-declaracao-de-carille-e-as-contratacoes-do-brasileirao-serie-a-as-ultimas-noticias-do-vasco\/#breadcrumb\",\"itemListElement\":[{\"@type\":\"ListItem\",\"position\":1,\"name\":\"Home\",\"item\":\"https:\/\/www.gaveanews.com\/\"},{\"@type\":\"ListItem\",\"position\":2,\"name\":\"Situa\u00e7\u00e3o de Jo\u00e3o Victor, declara\u00e7\u00e3o de Carille e as contrata\u00e7\u00f5es do Brasileir\u00e3o S\u00e9rie A: as \u00faltimas not\u00edcias do Vasco\"}]},{\"@type\":\"WebSite\",\"@id\":\"https:\/\/www.gaveanews.com\/#website\",\"url\":\"https:\/\/www.gaveanews.com\/\",\"name\":\"G\u00e1vea News\",\"description\":\"Veja todas as not\u00edcias sobre o Flamengo: Contrata\u00e7\u00f5es, categorias de base, resultados das partidas, tabela de classifica\u00e7\u00e3o, pr\u00f3ximos jogos!\",\"potentialAction\":[{\"@type\":\"SearchAction\",\"target\":{\"@type\":\"EntryPoint\",\"urlTemplate\":\"https:\/\/www.gaveanews.com\/?s={search_term_string}\"},\"query-input\":{\"@type\":\"PropertyValueSpecification\",\"valueRequired\":true,\"valueName\":\"search_term_string\"}}],\"inLanguage\":\"pt-BR\"},{\"@type\":\"Person\",\"@id\":\"https:\/\/www.gaveanews.com\/#\/schema\/person\/8207cd4627f56151707418bfc835b2fb\",\"name\":\"Matheus Felipe\",\"image\":{\"@type\":\"ImageObject\",\"inLanguage\":\"pt-BR\",\"@id\":\"https:\/\/www.gaveanews.com\/#\/schema\/person\/image\/\",\"url\":\"https:\/\/secure.gravatar.com\/avatar\/a452ffbed9130f726358b298bb3a99ce4bd3c5338411f8440e87e14d74c7c087?s=96&d=mm&r=g\",\"contentUrl\":\"https:\/\/secure.gravatar.com\/avatar\/a452ffbed9130f726358b298bb3a99ce4bd3c5338411f8440e87e14d74c7c087?s=96&d=mm&r=g\",\"caption\":\"Matheus Felipe\"}}]}<\/script>\n<!-- \/ Yoast SEO Premium plugin. -->","yoast_head_json":{"title":"Situa\u00e7\u00e3o de Jo\u00e3o Victor, declara\u00e7\u00e3o de Carille e as contrata\u00e7\u00f5es do Brasileir\u00e3o S\u00e9rie A: as \u00faltimas not\u00edcias do Vasco","robots":{"index":"index","follow":"follow","max-snippet":"max-snippet:-1","max-image-preview":"max-image-preview:large","max-video-preview":"max-video-preview:-1"},"canonical":"https:\/\/www.gaveanews.com\/index.php\/2025\/02\/12\/situacao-de-joao-victor-declaracao-de-carille-e-as-contratacoes-do-brasileirao-serie-a-as-ultimas-noticias-do-vasco\/","og_locale":"pt_BR","og_type":"article","og_title":"Situa\u00e7\u00e3o de Jo\u00e3o Victor, declara\u00e7\u00e3o de Carille e as contrata\u00e7\u00f5es do Brasileir\u00e3o S\u00e9rie A: as \u00faltimas not\u00edcias do Vasco","og_description":"Nas \u00faltimas horas, o foco das not\u00edcias sobre o Vasco se concentram nos bastidores do clube, com destaques do dia a dia do time. Por conta deste contexto, leia abaixo um resumo preparado pela equipe do portal G\u00e1vea News para lhe manter muito bem informado! As contrata\u00e7\u00f5es do Brasileir\u00e3o S\u00e9rie A A edi\u00e7\u00e3o de 2025 [&hellip;]","og_url":"https:\/\/www.gaveanews.com\/index.php\/2025\/02\/12\/situacao-de-joao-victor-declaracao-de-carille-e-as-contratacoes-do-brasileirao-serie-a-as-ultimas-noticias-do-vasco\/","og_site_name":"G\u00e1vea News","article_publisher":"https:\/\/facebook.com\/gaveaNews\/","article_published_time":"2025-02-12T07:35:00+00:00","og_image":[{"width":1059,"height":794,"url":"https:\/\/www.gaveanews.com\/wp-content\/uploads\/Camisa-do-Vasco-2024.webp","type":"image\/webp"}],"author":"Matheus Felipe","twitter_card":"summary_large_image","twitter_misc":{"Escrito por":"Matheus Felipe","Est. tempo de leitura":"5 minutos"},"schema":{"@context":"https:\/\/schema.org","@graph":[{"@type":"NewsArticle","@id":"https:\/\/www.gaveanews.com\/index.php\/2025\/02\/12\/situacao-de-joao-victor-declaracao-de-carille-e-as-contratacoes-do-brasileirao-serie-a-as-ultimas-noticias-do-vasco\/#article","isPartOf":{"@id":"https:\/\/www.gaveanews.com\/index.php\/2025\/02\/12\/situacao-de-joao-victor-declaracao-de-carille-e-as-contratacoes-do-brasileirao-serie-a-as-ultimas-noticias-do-vasco\/"},"author":{"name":"Matheus Felipe","@id":"https:\/\/www.gaveanews.com\/#\/schema\/person\/8207cd4627f56151707418bfc835b2fb"},"headline":"Situa\u00e7\u00e3o de Jo\u00e3o Victor, declara\u00e7\u00e3o de Carille e as contrata\u00e7\u00f5es do Brasileir\u00e3o S\u00e9rie A: as \u00faltimas not\u00edcias do Vasco","datePublished":"2025-02-12T07:35:00+00:00","mainEntityOfPage":{"@id":"https:\/\/www.gaveanews.com\/index.php\/2025\/02\/12\/situacao-de-joao-victor-declaracao-de-carille-e-as-contratacoes-do-brasileirao-serie-a-as-ultimas-noticias-do-vasco\/"},"wordCount":854,"commentCount":0,"image":{"@id":"https:\/\/www.gaveanews.com\/index.php\/2025\/02\/12\/situacao-de-joao-victor-declaracao-de-carille-e-as-contratacoes-do-brasileirao-serie-a-as-ultimas-noticias-do-vasco\/#primaryimage"},"thumbnailUrl":"https:\/\/www.gaveanews.com\/wp-content\/uploads\/Camisa-do-Vasco-2024.webp","articleSection":["Vasco"],"inLanguage":"pt-BR","potentialAction":[{"@type":"CommentAction","name":"Comment","target":["https:\/\/www.gaveanews.com\/index.php\/2025\/02\/12\/situacao-de-joao-victor-declaracao-de-carille-e-as-contratacoes-do-brasileirao-serie-a-as-ultimas-noticias-do-vasco\/#respond"]}],"copyrightYear":"2025","copyrightHolder":{"@id":"https:\/\/www.gaveanews.com\/#organization"}},{"@type":"WebPage","@id":"https:\/\/www.gaveanews.com\/index.php\/2025\/02\/12\/situacao-de-joao-victor-declaracao-de-carille-e-as-contratacoes-do-brasileirao-serie-a-as-ultimas-noticias-do-vasco\/","url":"https:\/\/www.gaveanews.com\/index.php\/2025\/02\/12\/situacao-de-joao-victor-declaracao-de-carille-e-as-contratacoes-do-brasileirao-serie-a-as-ultimas-noticias-do-vasco\/","name":"Situa\u00e7\u00e3o de Jo\u00e3o Victor, declara\u00e7\u00e3o de Carille e as contrata\u00e7\u00f5es do Brasileir\u00e3o S\u00e9rie A: as \u00faltimas not\u00edcias do Vasco","isPartOf":{"@id":"https:\/\/www.gaveanews.com\/#website"},"primaryImageOfPage":{"@id":"https:\/\/www.gaveanews.com\/index.php\/2025\/02\/12\/situacao-de-joao-victor-declaracao-de-carille-e-as-contratacoes-do-brasileirao-serie-a-as-ultimas-noticias-do-vasco\/#primaryimage"},"image":{"@id":"https:\/\/www.gaveanews.com\/index.php\/2025\/02\/12\/situacao-de-joao-victor-declaracao-de-carille-e-as-contratacoes-do-brasileirao-serie-a-as-ultimas-noticias-do-vasco\/#primaryimage"},"thumbnailUrl":"https:\/\/www.gaveanews.com\/wp-content\/uploads\/Camisa-do-Vasco-2024.webp","datePublished":"2025-02-12T07:35:00+00:00","author":{"@id":"https:\/\/www.gaveanews.com\/#\/schema\/person\/8207cd4627f56151707418bfc835b2fb"},"breadcrumb":{"@id":"https:\/\/www.gaveanews.com\/index.php\/2025\/02\/12\/situacao-de-joao-victor-declaracao-de-carille-e-as-contratacoes-do-brasileirao-serie-a-as-ultimas-noticias-do-vasco\/#breadcrumb"},"inLanguage":"pt-BR","potentialAction":[{"@type":"ReadAction","target":["https:\/\/www.gaveanews.com\/index.php\/2025\/02\/12\/situacao-de-joao-victor-declaracao-de-carille-e-as-contratacoes-do-brasileirao-serie-a-as-ultimas-noticias-do-vasco\/"]}]},{"@type":"ImageObject","inLanguage":"pt-BR","@id":"https:\/\/www.gaveanews.com\/index.php\/2025\/02\/12\/situacao-de-joao-victor-declaracao-de-carille-e-as-contratacoes-do-brasileirao-serie-a-as-ultimas-noticias-do-vasco\/#primaryimage","url":"https:\/\/www.gaveanews.com\/wp-content\/uploads\/Camisa-do-Vasco-2024.webp","contentUrl":"https:\/\/www.gaveanews.com\/wp-content\/uploads\/Camisa-do-Vasco-2024.webp","width":1059,"height":794,"caption":"Camisa do Vasco 2024 (Foto: Reprodu\u00e7\u00e3o\/Instagram)"},{"@type":"BreadcrumbList","@id":"https:\/\/www.gaveanews.com\/index.php\/2025\/02\/12\/situacao-de-joao-victor-declaracao-de-carille-e-as-contratacoes-do-brasileirao-serie-a-as-ultimas-noticias-do-vasco\/#breadcrumb","itemListElement":[{"@type":"ListItem","position":1,"name":"Home","item":"https:\/\/www.gaveanews.com\/"},{"@type":"ListItem","position":2,"name":"Situa\u00e7\u00e3o de Jo\u00e3o Victor, declara\u00e7\u00e3o de Carille e as contrata\u00e7\u00f5es do Brasileir\u00e3o S\u00e9rie A: as \u00faltimas not\u00edcias do Vasco"}]},{"@type":"WebSite","@id":"https:\/\/www.gaveanews.com\/#website","url":"https:\/\/www.gaveanews.com\/","name":"G\u00e1vea News","description":"Veja todas as not\u00edcias sobre o Flamengo: Contrata\u00e7\u00f5es, categorias de base, resultados das partidas, tabela de classifica\u00e7\u00e3o, pr\u00f3ximos jogos!","potentialAction":[{"@type":"SearchAction","target":{"@type":"EntryPoint","urlTemplate":"https:\/\/www.gaveanews.com\/?s={search_term_string}"},"query-input":{"@type":"PropertyValueSpecification","valueRequired":true,"valueName":"search_term_string"}}],"inLanguage":"pt-BR"},{"@type":"Person","@id":"https:\/\/www.gaveanews.com\/#\/schema\/person\/8207cd4627f56151707418bfc835b2fb","name":"Matheus Felipe","image":{"@type":"ImageObject","inLanguage":"pt-BR","@id":"https:\/\/www.gaveanews.com\/#\/schema\/person\/image\/","url":"https:\/\/secure.gravatar.com\/avatar\/a452ffbed9130f726358b298bb3a99ce4bd3c5338411f8440e87e14d74c7c087?s=96&d=mm&r=g","contentUrl":"https:\/\/secure.gravatar.com\/avatar\/a452ffbed9130f726358b298bb3a99ce4bd3c5338411f8440e87e14d74c7c087?s=96&d=mm&r=g","caption":"Matheus Felipe"}}]}},"_links":{"self":[{"href":"https:\/\/www.gaveanews.com\/index.php\/wp-json\/wp\/v2\/posts\/226559","targetHints":{"allow":["GET"]}}],"collection":[{"href":"https:\/\/www.gaveanews.com\/index.php\/wp-json\/wp\/v2\/posts"}],"about":[{"href":"https:\/\/www.gaveanews.com\/index.php\/wp-json\/wp\/v2\/types\/post"}],"author":[{"embeddable":true,"href":"https:\/\/www.gaveanews.com\/index.php\/wp-json\/wp\/v2\/users\/27"}],"replies":[{"embeddable":true,"href":"https:\/\/www.gaveanews.com\/index.php\/wp-json\/wp\/v2\/comments?post=226559"}],"version-history":[{"count":1,"href":"https:\/\/www.gaveanews.com\/index.php\/wp-json\/wp\/v2\/posts\/226559\/revisions"}],"predecessor-version":[{"id":226603,"href":"https:\/\/www.gaveanews.com\/index.php\/wp-json\/wp\/v2\/posts\/226559\/revisions\/226603"}],"wp:featuredmedia":[{"embeddable":true,"href":"https:\/\/www.gaveanews.com\/index.php\/wp-json\/wp\/v2\/media\/161261"}],"wp:attachment":[{"href":"https:\/\/www.gaveanews.com\/index.php\/wp-json\/wp\/v2\/media?parent=226559"}],"wp:term":[{"taxonomy":"category","embeddable":true,"href":"https:\/\/www.gaveanews.com\/index.php\/wp-json\/wp\/v2\/categories?post=226559"},{"taxonomy":"post_tag","embeddable":true,"href":"https:\/\/www.gaveanews.com\/index.php\/wp-json\/wp\/v2\/tags?post=226559"}],"curies":[{"name":"wp","href":"https:\/\/api.w.org\/{rel}","templated":true}]}}