{"id":226560,"date":"2025-02-12T05:35:00","date_gmt":"2025-02-12T08:35:00","guid":{"rendered":"https:\/\/www.gaveanews.com\/?p=226560"},"modified":"2025-02-12T02:27:17","modified_gmt":"2025-02-12T05:27:17","slug":"declaracao-de-carille-mudanca-importante-e-as-contratacoes-do-brasileirao-serie-a-as-ultimas-noticias-do-vasco","status":"publish","type":"post","link":"https:\/\/www.gaveanews.com\/index.php\/2025\/02\/12\/declaracao-de-carille-mudanca-importante-e-as-contratacoes-do-brasileirao-serie-a-as-ultimas-noticias-do-vasco\/","title":{"rendered":"Declara\u00e7\u00e3o de Carille, mudan\u00e7a importante e as contrata\u00e7\u00f5es do Brasileir\u00e3o S\u00e9rie A: as \u00faltimas not\u00edcias do Vasco"},"content":{"rendered":"\n<p>Nas \u00faltimas horas, o foco das not\u00edcias sobre o Vasco se concentram nos bastidores do clube, com destaques do dia a dia do time.<\/p>\n\n\n\n<p>Por conta deste contexto, leia abaixo um resumo preparado pela equipe do portal G\u00e1vea News para lhe manter muito bem informado!<\/p>\n\n\n\n<h2 class=\"wp-block-heading\" id=\"h-as-contratacoes-do-brasileirao-serie-a\">As contrata\u00e7\u00f5es do Brasileir\u00e3o S\u00e9rie A<\/h2>\n\n\n\n<p>A temporada de 2025 do Brasileir\u00e3o S\u00e9rie A segue movimentada com novas contrata\u00e7\u00f5es, fortalecendo os elencos e aumentando a expectativa para um campeonato disputado. Entre os refor\u00e7os, o Fluminense trouxe o goleiro Marcelo Pitaluga, ex-Liverpool, e o zagueiro Juan Freytes, ex-Alianza Lima, ambos com contrato at\u00e9 2028. J\u00e1 o Vasco refor\u00e7ou sua defesa com Maur\u00edcio Lemos, enquanto o S\u00e3o Paulo acertou com o lateral portugu\u00eas C\u00e9dric Soares em um contrato curto, v\u00e1lido at\u00e9 abril. O Juventude tamb\u00e9m se movimentou, garantindo os atacantes Batalla e \u00canio por empr\u00e9stimo <strong><a href=\"https:\/\/www.gaveanews.com\/index.php\/2025\/02\/11\/goncalo-paciencia-hyoran-bruno-tubarao-ronald-lopes-cedric-soares-daniel-borges-enio-mauricio-lemos-juan-freytes-marcelo-pitaluga-e-batalla-as-contratacoes-do-brasileirao-serie-a-2025\/\">(leia a mat\u00e9ria completa).<\/a><\/strong><\/p>\n\n\n\n<figure class=\"wp-block-image size-full\"><img loading=\"lazy\" decoding=\"async\" width=\"1000\" height=\"598\" src=\"http:\/\/www.gaveanews.com\/wp-content\/uploads\/Tacas-do-Campeonato-Brasileiro.webp\" alt=\"\" class=\"wp-image-163855\" srcset=\"https:\/\/www.gaveanews.com\/wp-content\/uploads\/Tacas-do-Campeonato-Brasileiro.webp 1000w, https:\/\/www.gaveanews.com\/wp-content\/uploads\/Tacas-do-Campeonato-Brasileiro-300x179.webp 300w, https:\/\/www.gaveanews.com\/wp-content\/uploads\/Tacas-do-Campeonato-Brasileiro-768x459.webp 768w, https:\/\/www.gaveanews.com\/wp-content\/uploads\/Tacas-do-Campeonato-Brasileiro-702x420.webp 702w, https:\/\/www.gaveanews.com\/wp-content\/uploads\/Tacas-do-Campeonato-Brasileiro-640x383.webp 640w, https:\/\/www.gaveanews.com\/wp-content\/uploads\/Tacas-do-Campeonato-Brasileiro-681x407.webp 681w, https:\/\/www.gaveanews.com\/wp-content\/uploads\/Tacas-do-Campeonato-Brasileiro-100x60.webp 100w\" sizes=\"auto, (max-width: 1000px) 100vw, 1000px\" \/><figcaption class=\"wp-element-caption\">Ta\u00e7as do Campeonato Brasileiro (Foto: Joilson Marcone)<\/figcaption><\/figure>\n\n\n\n<p>Outros clubes tamb\u00e9m investiram para fortalecer suas equipes. O Sport contratou Gon\u00e7alo Paci\u00eancia, atacante portugu\u00eas que estava no futebol japon\u00eas, al\u00e9m de Hyoran, emprestado pelo Internacional. <\/p>\n\n\n\n<p>O Vit\u00f3ria trouxe o meio-campista Ronald Lopes e o Cear\u00e1 fechou com Bruno Tubar\u00e3o para refor\u00e7ar o ataque. O Mirassol, por sua vez, anunciou o retorno do lateral Daniel Borges, que j\u00e1 teve passagens pelo clube em temporadas anteriores. Essas movimenta\u00e7\u00f5es mostram a busca dos times por refor\u00e7os estrat\u00e9gicos para encarar os desafios da S\u00e9rie A.<\/p>\n\n\n\n<p>Com o mercado ainda aberto, as equipes seguem atentas a novas oportunidades para qualificar seus elencos. A mescla de jogadores experientes com jovens promissores pode ser um diferencial importante ao longo do campeonato. A expectativa \u00e9 de que essas contrata\u00e7\u00f5es elevem o n\u00edvel da competi\u00e7\u00e3o e garantam um Brasileir\u00e3o 2025 ainda mais equilibrado e emocionante para os torcedores.<\/p>\n\n\n\n<h2 class=\"wp-block-heading\" id=\"h-mudanca-importante\">Mudan\u00e7a importante<\/h2>\n\n\n\n<p>O Campeonato Carioca passar\u00e1 por mudan\u00e7as significativas a partir de 2026, conforme anunciado pelo presidente da FERJ, Rubens Lopes. O atual formato tem sido alvo de cr\u00edticas dos clubes, que alegam desgaste excessivo e baixo retorno financeiro. Em entrevista \u00e0 r\u00e1dio Tupi, Lopes garantiu que a federa\u00e7\u00e3o discutir\u00e1 uma nova estrutura para o torneio, ouvindo as sugest\u00f5es das equipes e buscando um modelo mais equilibrado e atrativo para todos os envolvidos <strong><a href=\"https:\/\/www.gaveanews.com\/index.php\/2025\/02\/11\/campeonato-carioca-tera-mudanca-importante-em-2026\/\">(leia a mat\u00e9ria completa).<\/a><\/strong><\/p>\n\n\n\n<figure class=\"wp-block-image size-full\"><img loading=\"lazy\" decoding=\"async\" width=\"640\" height=\"400\" src=\"http:\/\/www.gaveanews.com\/wp-content\/uploads\/campeonato-carioca-taca.webp\" alt=\"\" class=\"wp-image-95987\" srcset=\"https:\/\/www.gaveanews.com\/wp-content\/uploads\/campeonato-carioca-taca.webp 640w, https:\/\/www.gaveanews.com\/wp-content\/uploads\/campeonato-carioca-taca-300x188.webp 300w, https:\/\/www.gaveanews.com\/wp-content\/uploads\/campeonato-carioca-taca-100x63.webp 100w\" sizes=\"auto, (max-width: 640px) 100vw, 640px\" \/><figcaption class=\"wp-element-caption\">Ta\u00e7a do Campeonato Carioca (Foto: Marcelo Cortes\/Flamengo)<\/figcaption><\/figure>\n\n\n\n<p>Al\u00e9m da quest\u00e3o do formato, outros aspectos da competi\u00e7\u00e3o tamb\u00e9m t\u00eam gerado reclama\u00e7\u00f5es. Flamengo e Fluminense criticaram a qualidade da bola utilizada no torneio e o estado do gramado do Maracan\u00e3. Em resposta, a FERJ entrou em contato com a fornecedora do material para avaliar poss\u00edveis ajustes, mas Lopes minimizou as queixas sobre o campo, ressaltando que a percep\u00e7\u00e3o sobre as condi\u00e7\u00f5es do gramado pode variar entre os pr\u00f3prios clubes que utilizam o est\u00e1dio.<\/p>\n\n\n\n<p>Com a promessa de mudan\u00e7as, a expectativa \u00e9 que o Carioc\u00e3o se torne uma competi\u00e7\u00e3o mais atrativa e bem estruturada nos pr\u00f3ximos anos. Para os clubes que disputam competi\u00e7\u00f5es paralelas, como Brasileir\u00e3o e Libertadores, um novo modelo pode representar um al\u00edvio no calend\u00e1rio e um torneio mais competitivo. A defini\u00e7\u00e3o do novo formato dever\u00e1 ser debatida ao longo de 2025, com ajustes sendo implementados na temporada seguinte.<\/p>\n\n\n\n<h2 class=\"wp-block-heading\" id=\"h-declaracao-de-carille\">Declara\u00e7\u00e3o de Carille<\/h2>\n\n\n\n<p>O Vasco empatou sem gols com o Sampaio Corr\u00eaa na nona rodada do Campeonato Carioca, resultado que gerou insatisfa\u00e7\u00e3o entre os torcedores. Ap\u00f3s a partida, o t\u00e9cnico F\u00e1bio Carille reconheceu a falta de agressividade da equipe e afirmou que o time n\u00e3o conseguiu impor o ritmo necess\u00e1rio para furar a defesa advers\u00e1ria. O treinador tamb\u00e9m destacou que o vesti\u00e1rio ficou abalado com o trope\u00e7o, mas refor\u00e7ou a necessidade de foco no pr\u00f3ximo desafio <strong><a href=\"https:\/\/www.gaveanews.com\/index.php\/2025\/02\/10\/sampaio-correa-x-vasco-a-declaracao-de-carille\/\">(leia a mat\u00e9ria completa).<\/a><\/strong><\/p>\n\n\n\n<figure class=\"wp-block-image size-full\"><img loading=\"lazy\" decoding=\"async\" width=\"1501\" height=\"1000\" src=\"http:\/\/www.gaveanews.com\/wp-content\/uploads\/Carille-apresentado-pelo-Vasco.webp\" alt=\"Carille apresentado pelo Vasco\" class=\"wp-image-220356\"\/><figcaption class=\"wp-element-caption\">Carille apresentado pelo Vasco (Foto: Divulga\u00e7\u00e3o)<\/figcaption><\/figure>\n\n\n\n<p>Carille explicou que o Vasco se preparou para enfrentar um advers\u00e1rio que prioriza a marca\u00e7\u00e3o e o contra-ataque, mas, em alguns momentos, a equipe n\u00e3o teve a velocidade necess\u00e1ria na troca de passes para quebrar a defesa rival. Sobre a discuss\u00e3o entre Jo\u00e3o Victor e torcedores ap\u00f3s o apito final, o t\u00e9cnico disse n\u00e3o ter presenciado o incidente, mas refor\u00e7ou que o momento \u00e9 de trabalhar em sil\u00eancio para buscar uma rea\u00e7\u00e3o imediata.<\/p>\n\n\n\n<p>Com 14 pontos, o Vasco segue na terceira posi\u00e7\u00e3o da tabela, um ponto \u00e0 frente do Sampaio Corr\u00eaa, que ocupa o quarto lugar. Agora, o Cruzmaltino se prepara para um desafio ainda mais complicado: o cl\u00e1ssico contra o Flamengo, no s\u00e1bado (15), no Maracan\u00e3. A equipe precisa de um bom resultado para garantir sua vaga na pr\u00f3xima fase do estadual e recuperar a confian\u00e7a da torcida.<\/p>\n","protected":false},"excerpt":{"rendered":"<p>Nas \u00faltimas horas, o foco das not\u00edcias sobre o Vasco se concentram nos bastidores do clube, com destaques do dia a dia do time. Por conta deste contexto, leia abaixo um resumo preparado pela equipe do portal G\u00e1vea News para lhe manter muito bem informado! As contrata\u00e7\u00f5es do Brasileir\u00e3o S\u00e9rie A A temporada de 2025 [&hellip;]<\/p>\n","protected":false},"author":27,"featured_media":157096,"comment_status":"open","ping_status":"closed","sticky":false,"template":"","format":"standard","meta":{"footnotes":""},"categories":[152],"tags":[],"class_list":["post-226560","post","type-post","status-publish","format-standard","has-post-thumbnail","hentry","category-vasco"],"yoast_head":"<!-- This site is optimized with the Yoast SEO Premium plugin v24.2 (Yoast SEO v26.9) - https:\/\/yoast.com\/product\/yoast-seo-premium-wordpress\/ -->\n<title>Declara\u00e7\u00e3o de Carille, mudan\u00e7a importante e as contrata\u00e7\u00f5es do Brasileir\u00e3o S\u00e9rie A: as \u00faltimas not\u00edcias do Vasco<\/title>\n<meta name=\"robots\" content=\"index, follow, max-snippet:-1, max-image-preview:large, max-video-preview:-1\" \/>\n<link rel=\"canonical\" href=\"https:\/\/www.gaveanews.com\/index.php\/2025\/02\/12\/declaracao-de-carille-mudanca-importante-e-as-contratacoes-do-brasileirao-serie-a-as-ultimas-noticias-do-vasco\/\" \/>\n<meta property=\"og:locale\" content=\"pt_BR\" \/>\n<meta property=\"og:type\" content=\"article\" \/>\n<meta property=\"og:title\" content=\"Declara\u00e7\u00e3o de Carille, mudan\u00e7a importante e as contrata\u00e7\u00f5es do Brasileir\u00e3o S\u00e9rie A: as \u00faltimas not\u00edcias do Vasco\" \/>\n<meta property=\"og:description\" content=\"Nas \u00faltimas horas, o foco das not\u00edcias sobre o Vasco se concentram nos bastidores do clube, com destaques do dia a dia do time. Por conta deste contexto, leia abaixo um resumo preparado pela equipe do portal G\u00e1vea News para lhe manter muito bem informado! As contrata\u00e7\u00f5es do Brasileir\u00e3o S\u00e9rie A A temporada de 2025 [&hellip;]\" \/>\n<meta property=\"og:url\" content=\"https:\/\/www.gaveanews.com\/index.php\/2025\/02\/12\/declaracao-de-carille-mudanca-importante-e-as-contratacoes-do-brasileirao-serie-a-as-ultimas-noticias-do-vasco\/\" \/>\n<meta property=\"og:site_name\" content=\"G\u00e1vea News\" \/>\n<meta property=\"article:publisher\" content=\"https:\/\/facebook.com\/gaveaNews\/\" \/>\n<meta property=\"article:published_time\" content=\"2025-02-12T08:35:00+00:00\" \/>\n<meta property=\"og:image\" content=\"https:\/\/www.gaveanews.com\/wp-content\/uploads\/Jogadores-do-Vasco-durante-partida-contra-o-Atletico-GO-pela-Copa-do-Brasil-2024.webp\" \/>\n\t<meta property=\"og:image:width\" content=\"1440\" \/>\n\t<meta property=\"og:image:height\" content=\"960\" \/>\n\t<meta property=\"og:image:type\" content=\"image\/jpeg\" \/>\n<meta name=\"author\" content=\"Matheus Felipe\" \/>\n<meta name=\"twitter:card\" content=\"summary_large_image\" \/>\n<meta name=\"twitter:label1\" content=\"Escrito por\" \/>\n\t<meta name=\"twitter:data1\" content=\"Matheus Felipe\" \/>\n\t<meta name=\"twitter:label2\" content=\"Est. tempo de leitura\" \/>\n\t<meta name=\"twitter:data2\" content=\"5 minutos\" \/>\n<script type=\"application\/ld+json\" class=\"yoast-schema-graph\">{\"@context\":\"https:\/\/schema.org\",\"@graph\":[{\"@type\":\"NewsArticle\",\"@id\":\"https:\/\/www.gaveanews.com\/index.php\/2025\/02\/12\/declaracao-de-carille-mudanca-importante-e-as-contratacoes-do-brasileirao-serie-a-as-ultimas-noticias-do-vasco\/#article\",\"isPartOf\":{\"@id\":\"https:\/\/www.gaveanews.com\/index.php\/2025\/02\/12\/declaracao-de-carille-mudanca-importante-e-as-contratacoes-do-brasileirao-serie-a-as-ultimas-noticias-do-vasco\/\"},\"author\":{\"name\":\"Matheus Felipe\",\"@id\":\"https:\/\/www.gaveanews.com\/#\/schema\/person\/8207cd4627f56151707418bfc835b2fb\"},\"headline\":\"Declara\u00e7\u00e3o de Carille, mudan\u00e7a importante e as contrata\u00e7\u00f5es do Brasileir\u00e3o S\u00e9rie A: as \u00faltimas not\u00edcias do Vasco\",\"datePublished\":\"2025-02-12T08:35:00+00:00\",\"mainEntityOfPage\":{\"@id\":\"https:\/\/www.gaveanews.com\/index.php\/2025\/02\/12\/declaracao-de-carille-mudanca-importante-e-as-contratacoes-do-brasileirao-serie-a-as-ultimas-noticias-do-vasco\/\"},\"wordCount\":849,\"commentCount\":0,\"image\":{\"@id\":\"https:\/\/www.gaveanews.com\/index.php\/2025\/02\/12\/declaracao-de-carille-mudanca-importante-e-as-contratacoes-do-brasileirao-serie-a-as-ultimas-noticias-do-vasco\/#primaryimage\"},\"thumbnailUrl\":\"https:\/\/www.gaveanews.com\/wp-content\/uploads\/Jogadores-do-Vasco-durante-partida-contra-o-Atletico-GO-pela-Copa-do-Brasil-2024.webp\",\"articleSection\":[\"Vasco\"],\"inLanguage\":\"pt-BR\",\"potentialAction\":[{\"@type\":\"CommentAction\",\"name\":\"Comment\",\"target\":[\"https:\/\/www.gaveanews.com\/index.php\/2025\/02\/12\/declaracao-de-carille-mudanca-importante-e-as-contratacoes-do-brasileirao-serie-a-as-ultimas-noticias-do-vasco\/#respond\"]}],\"copyrightYear\":\"2025\",\"copyrightHolder\":{\"@id\":\"https:\/\/www.gaveanews.com\/#organization\"}},{\"@type\":\"WebPage\",\"@id\":\"https:\/\/www.gaveanews.com\/index.php\/2025\/02\/12\/declaracao-de-carille-mudanca-importante-e-as-contratacoes-do-brasileirao-serie-a-as-ultimas-noticias-do-vasco\/\",\"url\":\"https:\/\/www.gaveanews.com\/index.php\/2025\/02\/12\/declaracao-de-carille-mudanca-importante-e-as-contratacoes-do-brasileirao-serie-a-as-ultimas-noticias-do-vasco\/\",\"name\":\"Declara\u00e7\u00e3o de Carille, mudan\u00e7a importante e as contrata\u00e7\u00f5es do Brasileir\u00e3o S\u00e9rie A: as \u00faltimas not\u00edcias do Vasco\",\"isPartOf\":{\"@id\":\"https:\/\/www.gaveanews.com\/#website\"},\"primaryImageOfPage\":{\"@id\":\"https:\/\/www.gaveanews.com\/index.php\/2025\/02\/12\/declaracao-de-carille-mudanca-importante-e-as-contratacoes-do-brasileirao-serie-a-as-ultimas-noticias-do-vasco\/#primaryimage\"},\"image\":{\"@id\":\"https:\/\/www.gaveanews.com\/index.php\/2025\/02\/12\/declaracao-de-carille-mudanca-importante-e-as-contratacoes-do-brasileirao-serie-a-as-ultimas-noticias-do-vasco\/#primaryimage\"},\"thumbnailUrl\":\"https:\/\/www.gaveanews.com\/wp-content\/uploads\/Jogadores-do-Vasco-durante-partida-contra-o-Atletico-GO-pela-Copa-do-Brasil-2024.webp\",\"datePublished\":\"2025-02-12T08:35:00+00:00\",\"author\":{\"@id\":\"https:\/\/www.gaveanews.com\/#\/schema\/person\/8207cd4627f56151707418bfc835b2fb\"},\"breadcrumb\":{\"@id\":\"https:\/\/www.gaveanews.com\/index.php\/2025\/02\/12\/declaracao-de-carille-mudanca-importante-e-as-contratacoes-do-brasileirao-serie-a-as-ultimas-noticias-do-vasco\/#breadcrumb\"},\"inLanguage\":\"pt-BR\",\"potentialAction\":[{\"@type\":\"ReadAction\",\"target\":[\"https:\/\/www.gaveanews.com\/index.php\/2025\/02\/12\/declaracao-de-carille-mudanca-importante-e-as-contratacoes-do-brasileirao-serie-a-as-ultimas-noticias-do-vasco\/\"]}]},{\"@type\":\"ImageObject\",\"inLanguage\":\"pt-BR\",\"@id\":\"https:\/\/www.gaveanews.com\/index.php\/2025\/02\/12\/declaracao-de-carille-mudanca-importante-e-as-contratacoes-do-brasileirao-serie-a-as-ultimas-noticias-do-vasco\/#primaryimage\",\"url\":\"https:\/\/www.gaveanews.com\/wp-content\/uploads\/Jogadores-do-Vasco-durante-partida-contra-o-Atletico-GO-pela-Copa-do-Brasil-2024.webp\",\"contentUrl\":\"https:\/\/www.gaveanews.com\/wp-content\/uploads\/Jogadores-do-Vasco-durante-partida-contra-o-Atletico-GO-pela-Copa-do-Brasil-2024.webp\",\"width\":1440,\"height\":960,\"caption\":\"Jogadores do Vasco durante partida contra o Atletico-GO pela Copa do Brasil 2024 (Foto: Reprodu\u00e7\u00e3o\/Instagram)\"},{\"@type\":\"BreadcrumbList\",\"@id\":\"https:\/\/www.gaveanews.com\/index.php\/2025\/02\/12\/declaracao-de-carille-mudanca-importante-e-as-contratacoes-do-brasileirao-serie-a-as-ultimas-noticias-do-vasco\/#breadcrumb\",\"itemListElement\":[{\"@type\":\"ListItem\",\"position\":1,\"name\":\"Home\",\"item\":\"https:\/\/www.gaveanews.com\/\"},{\"@type\":\"ListItem\",\"position\":2,\"name\":\"Declara\u00e7\u00e3o de Carille, mudan\u00e7a importante e as contrata\u00e7\u00f5es do Brasileir\u00e3o S\u00e9rie A: as \u00faltimas not\u00edcias do Vasco\"}]},{\"@type\":\"WebSite\",\"@id\":\"https:\/\/www.gaveanews.com\/#website\",\"url\":\"https:\/\/www.gaveanews.com\/\",\"name\":\"G\u00e1vea News\",\"description\":\"Veja todas as not\u00edcias sobre o Flamengo: Contrata\u00e7\u00f5es, categorias de base, resultados das partidas, tabela de classifica\u00e7\u00e3o, pr\u00f3ximos jogos!\",\"potentialAction\":[{\"@type\":\"SearchAction\",\"target\":{\"@type\":\"EntryPoint\",\"urlTemplate\":\"https:\/\/www.gaveanews.com\/?s={search_term_string}\"},\"query-input\":{\"@type\":\"PropertyValueSpecification\",\"valueRequired\":true,\"valueName\":\"search_term_string\"}}],\"inLanguage\":\"pt-BR\"},{\"@type\":\"Person\",\"@id\":\"https:\/\/www.gaveanews.com\/#\/schema\/person\/8207cd4627f56151707418bfc835b2fb\",\"name\":\"Matheus Felipe\",\"image\":{\"@type\":\"ImageObject\",\"inLanguage\":\"pt-BR\",\"@id\":\"https:\/\/www.gaveanews.com\/#\/schema\/person\/image\/\",\"url\":\"https:\/\/secure.gravatar.com\/avatar\/a452ffbed9130f726358b298bb3a99ce4bd3c5338411f8440e87e14d74c7c087?s=96&d=mm&r=g\",\"contentUrl\":\"https:\/\/secure.gravatar.com\/avatar\/a452ffbed9130f726358b298bb3a99ce4bd3c5338411f8440e87e14d74c7c087?s=96&d=mm&r=g\",\"caption\":\"Matheus Felipe\"}}]}<\/script>\n<!-- \/ Yoast SEO Premium plugin. -->","yoast_head_json":{"title":"Declara\u00e7\u00e3o de Carille, mudan\u00e7a importante e as contrata\u00e7\u00f5es do Brasileir\u00e3o S\u00e9rie A: as \u00faltimas not\u00edcias do Vasco","robots":{"index":"index","follow":"follow","max-snippet":"max-snippet:-1","max-image-preview":"max-image-preview:large","max-video-preview":"max-video-preview:-1"},"canonical":"https:\/\/www.gaveanews.com\/index.php\/2025\/02\/12\/declaracao-de-carille-mudanca-importante-e-as-contratacoes-do-brasileirao-serie-a-as-ultimas-noticias-do-vasco\/","og_locale":"pt_BR","og_type":"article","og_title":"Declara\u00e7\u00e3o de Carille, mudan\u00e7a importante e as contrata\u00e7\u00f5es do Brasileir\u00e3o S\u00e9rie A: as \u00faltimas not\u00edcias do Vasco","og_description":"Nas \u00faltimas horas, o foco das not\u00edcias sobre o Vasco se concentram nos bastidores do clube, com destaques do dia a dia do time. Por conta deste contexto, leia abaixo um resumo preparado pela equipe do portal G\u00e1vea News para lhe manter muito bem informado! As contrata\u00e7\u00f5es do Brasileir\u00e3o S\u00e9rie A A temporada de 2025 [&hellip;]","og_url":"https:\/\/www.gaveanews.com\/index.php\/2025\/02\/12\/declaracao-de-carille-mudanca-importante-e-as-contratacoes-do-brasileirao-serie-a-as-ultimas-noticias-do-vasco\/","og_site_name":"G\u00e1vea News","article_publisher":"https:\/\/facebook.com\/gaveaNews\/","article_published_time":"2025-02-12T08:35:00+00:00","og_image":[{"width":1440,"height":960,"url":"https:\/\/www.gaveanews.com\/wp-content\/uploads\/Jogadores-do-Vasco-durante-partida-contra-o-Atletico-GO-pela-Copa-do-Brasil-2024.webp","type":"image\/jpeg"}],"author":"Matheus Felipe","twitter_card":"summary_large_image","twitter_misc":{"Escrito por":"Matheus Felipe","Est. tempo de leitura":"5 minutos"},"schema":{"@context":"https:\/\/schema.org","@graph":[{"@type":"NewsArticle","@id":"https:\/\/www.gaveanews.com\/index.php\/2025\/02\/12\/declaracao-de-carille-mudanca-importante-e-as-contratacoes-do-brasileirao-serie-a-as-ultimas-noticias-do-vasco\/#article","isPartOf":{"@id":"https:\/\/www.gaveanews.com\/index.php\/2025\/02\/12\/declaracao-de-carille-mudanca-importante-e-as-contratacoes-do-brasileirao-serie-a-as-ultimas-noticias-do-vasco\/"},"author":{"name":"Matheus Felipe","@id":"https:\/\/www.gaveanews.com\/#\/schema\/person\/8207cd4627f56151707418bfc835b2fb"},"headline":"Declara\u00e7\u00e3o de Carille, mudan\u00e7a importante e as contrata\u00e7\u00f5es do Brasileir\u00e3o S\u00e9rie A: as \u00faltimas not\u00edcias do Vasco","datePublished":"2025-02-12T08:35:00+00:00","mainEntityOfPage":{"@id":"https:\/\/www.gaveanews.com\/index.php\/2025\/02\/12\/declaracao-de-carille-mudanca-importante-e-as-contratacoes-do-brasileirao-serie-a-as-ultimas-noticias-do-vasco\/"},"wordCount":849,"commentCount":0,"image":{"@id":"https:\/\/www.gaveanews.com\/index.php\/2025\/02\/12\/declaracao-de-carille-mudanca-importante-e-as-contratacoes-do-brasileirao-serie-a-as-ultimas-noticias-do-vasco\/#primaryimage"},"thumbnailUrl":"https:\/\/www.gaveanews.com\/wp-content\/uploads\/Jogadores-do-Vasco-durante-partida-contra-o-Atletico-GO-pela-Copa-do-Brasil-2024.webp","articleSection":["Vasco"],"inLanguage":"pt-BR","potentialAction":[{"@type":"CommentAction","name":"Comment","target":["https:\/\/www.gaveanews.com\/index.php\/2025\/02\/12\/declaracao-de-carille-mudanca-importante-e-as-contratacoes-do-brasileirao-serie-a-as-ultimas-noticias-do-vasco\/#respond"]}],"copyrightYear":"2025","copyrightHolder":{"@id":"https:\/\/www.gaveanews.com\/#organization"}},{"@type":"WebPage","@id":"https:\/\/www.gaveanews.com\/index.php\/2025\/02\/12\/declaracao-de-carille-mudanca-importante-e-as-contratacoes-do-brasileirao-serie-a-as-ultimas-noticias-do-vasco\/","url":"https:\/\/www.gaveanews.com\/index.php\/2025\/02\/12\/declaracao-de-carille-mudanca-importante-e-as-contratacoes-do-brasileirao-serie-a-as-ultimas-noticias-do-vasco\/","name":"Declara\u00e7\u00e3o de Carille, mudan\u00e7a importante e as contrata\u00e7\u00f5es do Brasileir\u00e3o S\u00e9rie A: as \u00faltimas not\u00edcias do Vasco","isPartOf":{"@id":"https:\/\/www.gaveanews.com\/#website"},"primaryImageOfPage":{"@id":"https:\/\/www.gaveanews.com\/index.php\/2025\/02\/12\/declaracao-de-carille-mudanca-importante-e-as-contratacoes-do-brasileirao-serie-a-as-ultimas-noticias-do-vasco\/#primaryimage"},"image":{"@id":"https:\/\/www.gaveanews.com\/index.php\/2025\/02\/12\/declaracao-de-carille-mudanca-importante-e-as-contratacoes-do-brasileirao-serie-a-as-ultimas-noticias-do-vasco\/#primaryimage"},"thumbnailUrl":"https:\/\/www.gaveanews.com\/wp-content\/uploads\/Jogadores-do-Vasco-durante-partida-contra-o-Atletico-GO-pela-Copa-do-Brasil-2024.webp","datePublished":"2025-02-12T08:35:00+00:00","author":{"@id":"https:\/\/www.gaveanews.com\/#\/schema\/person\/8207cd4627f56151707418bfc835b2fb"},"breadcrumb":{"@id":"https:\/\/www.gaveanews.com\/index.php\/2025\/02\/12\/declaracao-de-carille-mudanca-importante-e-as-contratacoes-do-brasileirao-serie-a-as-ultimas-noticias-do-vasco\/#breadcrumb"},"inLanguage":"pt-BR","potentialAction":[{"@type":"ReadAction","target":["https:\/\/www.gaveanews.com\/index.php\/2025\/02\/12\/declaracao-de-carille-mudanca-importante-e-as-contratacoes-do-brasileirao-serie-a-as-ultimas-noticias-do-vasco\/"]}]},{"@type":"ImageObject","inLanguage":"pt-BR","@id":"https:\/\/www.gaveanews.com\/index.php\/2025\/02\/12\/declaracao-de-carille-mudanca-importante-e-as-contratacoes-do-brasileirao-serie-a-as-ultimas-noticias-do-vasco\/#primaryimage","url":"https:\/\/www.gaveanews.com\/wp-content\/uploads\/Jogadores-do-Vasco-durante-partida-contra-o-Atletico-GO-pela-Copa-do-Brasil-2024.webp","contentUrl":"https:\/\/www.gaveanews.com\/wp-content\/uploads\/Jogadores-do-Vasco-durante-partida-contra-o-Atletico-GO-pela-Copa-do-Brasil-2024.webp","width":1440,"height":960,"caption":"Jogadores do Vasco durante partida contra o Atletico-GO pela Copa do Brasil 2024 (Foto: Reprodu\u00e7\u00e3o\/Instagram)"},{"@type":"BreadcrumbList","@id":"https:\/\/www.gaveanews.com\/index.php\/2025\/02\/12\/declaracao-de-carille-mudanca-importante-e-as-contratacoes-do-brasileirao-serie-a-as-ultimas-noticias-do-vasco\/#breadcrumb","itemListElement":[{"@type":"ListItem","position":1,"name":"Home","item":"https:\/\/www.gaveanews.com\/"},{"@type":"ListItem","position":2,"name":"Declara\u00e7\u00e3o de Carille, mudan\u00e7a importante e as contrata\u00e7\u00f5es do Brasileir\u00e3o S\u00e9rie A: as \u00faltimas not\u00edcias do Vasco"}]},{"@type":"WebSite","@id":"https:\/\/www.gaveanews.com\/#website","url":"https:\/\/www.gaveanews.com\/","name":"G\u00e1vea News","description":"Veja todas as not\u00edcias sobre o Flamengo: Contrata\u00e7\u00f5es, categorias de base, resultados das partidas, tabela de classifica\u00e7\u00e3o, pr\u00f3ximos jogos!","potentialAction":[{"@type":"SearchAction","target":{"@type":"EntryPoint","urlTemplate":"https:\/\/www.gaveanews.com\/?s={search_term_string}"},"query-input":{"@type":"PropertyValueSpecification","valueRequired":true,"valueName":"search_term_string"}}],"inLanguage":"pt-BR"},{"@type":"Person","@id":"https:\/\/www.gaveanews.com\/#\/schema\/person\/8207cd4627f56151707418bfc835b2fb","name":"Matheus Felipe","image":{"@type":"ImageObject","inLanguage":"pt-BR","@id":"https:\/\/www.gaveanews.com\/#\/schema\/person\/image\/","url":"https:\/\/secure.gravatar.com\/avatar\/a452ffbed9130f726358b298bb3a99ce4bd3c5338411f8440e87e14d74c7c087?s=96&d=mm&r=g","contentUrl":"https:\/\/secure.gravatar.com\/avatar\/a452ffbed9130f726358b298bb3a99ce4bd3c5338411f8440e87e14d74c7c087?s=96&d=mm&r=g","caption":"Matheus Felipe"}}]}},"_links":{"self":[{"href":"https:\/\/www.gaveanews.com\/index.php\/wp-json\/wp\/v2\/posts\/226560","targetHints":{"allow":["GET"]}}],"collection":[{"href":"https:\/\/www.gaveanews.com\/index.php\/wp-json\/wp\/v2\/posts"}],"about":[{"href":"https:\/\/www.gaveanews.com\/index.php\/wp-json\/wp\/v2\/types\/post"}],"author":[{"embeddable":true,"href":"https:\/\/www.gaveanews.com\/index.php\/wp-json\/wp\/v2\/users\/27"}],"replies":[{"embeddable":true,"href":"https:\/\/www.gaveanews.com\/index.php\/wp-json\/wp\/v2\/comments?post=226560"}],"version-history":[{"count":1,"href":"https:\/\/www.gaveanews.com\/index.php\/wp-json\/wp\/v2\/posts\/226560\/revisions"}],"predecessor-version":[{"id":226604,"href":"https:\/\/www.gaveanews.com\/index.php\/wp-json\/wp\/v2\/posts\/226560\/revisions\/226604"}],"wp:featuredmedia":[{"embeddable":true,"href":"https:\/\/www.gaveanews.com\/index.php\/wp-json\/wp\/v2\/media\/157096"}],"wp:attachment":[{"href":"https:\/\/www.gaveanews.com\/index.php\/wp-json\/wp\/v2\/media?parent=226560"}],"wp:term":[{"taxonomy":"category","embeddable":true,"href":"https:\/\/www.gaveanews.com\/index.php\/wp-json\/wp\/v2\/categories?post=226560"},{"taxonomy":"post_tag","embeddable":true,"href":"https:\/\/www.gaveanews.com\/index.php\/wp-json\/wp\/v2\/tags?post=226560"}],"curies":[{"name":"wp","href":"https:\/\/api.w.org\/{rel}","templated":true}]}}