{"id":226564,"date":"2025-02-12T07:00:00","date_gmt":"2025-02-12T10:00:00","guid":{"rendered":"https:\/\/www.gaveanews.com\/?p=226564"},"modified":"2025-02-12T01:42:19","modified_gmt":"2025-02-12T04:42:19","slug":"declaracao-de-zinho-relacionados-para-o-classico-e-recado-de-casagrande-as-ultimas-noticias-do-flamengo","status":"publish","type":"post","link":"https:\/\/www.gaveanews.com\/index.php\/2025\/02\/12\/declaracao-de-zinho-relacionados-para-o-classico-e-recado-de-casagrande-as-ultimas-noticias-do-flamengo\/","title":{"rendered":"Declara\u00e7\u00e3o de Zinho, relacionados para o cl\u00e1ssico e recado de Casagrande: as \u00faltimas not\u00edcias do Flamengo"},"content":{"rendered":"\n<p>Nas \u00faltimas horas, o foco das not\u00edcias sobre o Flamengo se concentram nos bastidores do clube, com destaques do dia a dia do time.<\/p>\n\n\n\n<p>Por conta deste contexto, leia abaixo um resumo preparado pela equipe do portal G\u00e1vea News para lhe manter muito bem informado!<\/p>\n\n\n\n<h2 class=\"wp-block-heading\" id=\"h-recado-de-casagrande\">Recado de Casagrande<\/h2>\n\n\n\n<p>O comentarista Casagrande surpreendeu ao eleger os atacantes mais decisivos do futebol brasileiro na atualidade. Durante participa\u00e7\u00e3o no canal <em>Desimpedidos<\/em>, ele apontou Est\u00eav\u00e3o, jovem promessa do Palmeiras, como o melhor jogador do pa\u00eds, seguido por Bruno Henrique, do Flamengo. O que chamou aten\u00e7\u00e3o foi a aus\u00eancia de Neymar na discuss\u00e3o, mesmo com seu recente retorno ao Santos. Segundo Casagrande, Est\u00eav\u00e3o se destaca pelo talento precoce, enquanto Bruno Henrique tem um hist\u00f3rico comprovado de decis\u00f5es e gols importantes<strong><a href=\"https:\/\/www.gaveanews.com\/index.php\/2025\/02\/08\/casagrande-elege-atacantes-mais-decisivos-do-futebol-brasileiro\/\"> (leia a mat\u00e9ria completa).<\/a><\/strong><\/p>\n\n\n\n<figure class=\"wp-block-image size-full\"><img loading=\"lazy\" decoding=\"async\" width=\"829\" height=\"397\" src=\"http:\/\/www.gaveanews.com\/wp-content\/uploads\/Casagrande-comentarista-do-Grupo-Globo.webp\" alt=\"\" class=\"wp-image-66729\" srcset=\"https:\/\/www.gaveanews.com\/wp-content\/uploads\/Casagrande-comentarista-do-Grupo-Globo.webp 829w, https:\/\/www.gaveanews.com\/wp-content\/uploads\/Casagrande-comentarista-do-Grupo-Globo-300x144.webp 300w, https:\/\/www.gaveanews.com\/wp-content\/uploads\/Casagrande-comentarista-do-Grupo-Globo-768x368.webp 768w, https:\/\/www.gaveanews.com\/wp-content\/uploads\/Casagrande-comentarista-do-Grupo-Globo-640x306.webp 640w, https:\/\/www.gaveanews.com\/wp-content\/uploads\/Casagrande-comentarista-do-Grupo-Globo-681x326.webp 681w, https:\/\/www.gaveanews.com\/wp-content\/uploads\/Casagrande-comentarista-do-Grupo-Globo-100x48.webp 100w\" sizes=\"auto, (max-width: 829px) 100vw, 829px\" \/><figcaption class=\"wp-element-caption\">Casagrande (Foto: Reprodu\u00e7\u00e3o\/SporTV)<\/figcaption><\/figure>\n\n\n\n<p>O comentarista afirmou que sua \u00fanica d\u00favida seria entre Est\u00eav\u00e3o e Bruno Henrique, destacando a capacidade do atacante do Flamengo de decidir partidas, como fez na Supercopa do Brasil, marcando dois gols na vit\u00f3ria sobre o Botafogo. <\/p>\n\n\n\n<p>Al\u00e9m disso, Casagrande ressaltou que Bruno Henrique sempre teve esse perfil decisivo, desde seus tempos no Santos.<\/p>\n\n\n\n<p>Com a les\u00e3o de Pedro, Bruno Henrique tem assumido um papel ainda mais importante no Flamengo, refor\u00e7ando seu status como um dos principais atacantes do pa\u00eds. J\u00e1 Est\u00eav\u00e3o, apesar da pouca idade, vem impressionando com atua\u00e7\u00f5es consistentes pelo Palmeiras. A discuss\u00e3o levantada por Casagrande abre um debate sobre quem \u00e9, de fato, o atacante mais influente do futebol brasileiro no momento.<\/p>\n\n\n\n<h2 class=\"wp-block-heading\" id=\"h-relacionados-para-o-classico\">Relacionados para o cl\u00e1ssico<\/h2>\n\n\n\n<p>O Flamengo divulgou a lista de jogadores relacionados para o cl\u00e1ssico contra o Fluminense, v\u00e1lido pela nona rodada do Campeonato Carioca. Entre os convocados, est\u00e3o nomes como Bruno Henrique, Everton Cebolinha, Gerson, L\u00e9o Ortiz e Michael. No entanto, chamou aten\u00e7\u00e3o a aus\u00eancia de Arrascaeta e De La Cruz, que seguem um planejamento especial estabelecido no in\u00edcio da temporada e treinaram separadamente no CT George Helal antes da partida <strong><a href=\"https:\/\/www.gaveanews.com\/index.php\/2025\/02\/08\/alex-sandro-bruno-henrique-danilo-everton-cebolinha-gerson-juninho-luiz-araujo-leo-ortiz-leo-pereira-michael-plata-pulgar-rossi-e-wesley-os-relacionados-do-flamengo-para-classico-contra-o\/\">(leia a mat\u00e9ria completa).<\/a><\/strong><\/p>\n\n\n\n<figure class=\"wp-block-image size-full\"><img loading=\"lazy\" decoding=\"async\" width=\"696\" height=\"464\" src=\"http:\/\/www.gaveanews.com\/wp-content\/uploads\/matheus-cunha-flamengo.webp\" alt=\"\" class=\"wp-image-103480\" srcset=\"https:\/\/www.gaveanews.com\/wp-content\/uploads\/matheus-cunha-flamengo.webp 696w, https:\/\/www.gaveanews.com\/wp-content\/uploads\/matheus-cunha-flamengo-300x200.webp 300w, https:\/\/www.gaveanews.com\/wp-content\/uploads\/matheus-cunha-flamengo-630x420.webp 630w, https:\/\/www.gaveanews.com\/wp-content\/uploads\/matheus-cunha-flamengo-640x427.webp 640w, https:\/\/www.gaveanews.com\/wp-content\/uploads\/matheus-cunha-flamengo-681x454.webp 681w, https:\/\/www.gaveanews.com\/wp-content\/uploads\/matheus-cunha-flamengo-100x67.webp 100w\" sizes=\"auto, (max-width: 696px) 100vw, 696px\" \/><figcaption class=\"wp-element-caption\">Matheus Cunha em a\u00e7\u00e3o pelo Flamengo (Foto: Paula Reis\/Flamengo)<\/figcaption><\/figure>\n\n\n\n<p>Al\u00e9m disso, o clube informou que Guillermo Varela tamb\u00e9m ficou fora do jogo, pois foi liberado para resolver quest\u00f5es familiares ap\u00f3s o falecimento de sua m\u00e3e. Em contrapartida, o lateral Alex Sandro foi inclu\u00eddo na lista, apesar de ter sentido dores musculares recentemente. O Flamengo ocupa a segunda posi\u00e7\u00e3o no Campeonato Carioca, com 13 pontos, enquanto o Fluminense est\u00e1 em oitavo, com 10.<\/p>\n\n\n\n<p>O cl\u00e1ssico contra o Fluminense foi disputado no Maracan\u00e3 \u00e0s 16h30 (hor\u00e1rio de Bras\u00edlia). Com um jogo a menos que os demais times, o Flamengo busca se aproximar da lideran\u00e7a do estadual e manter a boa fase na competi\u00e7\u00e3o.<\/p>\n\n\n\n<h2 class=\"wp-block-heading\" id=\"h-declaracao-de-zinho\">Declara\u00e7\u00e3o de Zinho<\/h2>\n\n\n\n<p>Zinho reafirmou sua forte liga\u00e7\u00e3o com o Flamengo durante o programa &#8220;ESPN FC&#8221;, destacando sua gratid\u00e3o pelo clube que o revelou. O ex-meia relembrou os momentos marcantes vividos na G\u00e1vea e afirmou que, sempre que poss\u00edvel, gosta de homenagear o Rubro-Negro. Em sua carreira pelo clube, ele disputou 469 partidas e marcou 63 gols, deixando um legado significativo na hist\u00f3ria flamenguista <strong><a href=\"https:\/\/www.gaveanews.com\/index.php\/2025\/02\/08\/a-declaracao-de-zinho-direcionada-ao-flamengo\/\">(leia a mat\u00e9ria completa).<\/a><\/strong><\/p>\n\n\n\n<figure class=\"wp-block-image size-full\"><img loading=\"lazy\" decoding=\"async\" width=\"800\" height=\"450\" src=\"http:\/\/www.gaveanews.com\/wp-content\/uploads\/Zinho-ex-jogador-e-comentarista-esportivo.webp\" alt=\"\" class=\"wp-image-128167\" srcset=\"https:\/\/www.gaveanews.com\/wp-content\/uploads\/Zinho-ex-jogador-e-comentarista-esportivo.webp 800w, https:\/\/www.gaveanews.com\/wp-content\/uploads\/Zinho-ex-jogador-e-comentarista-esportivo-300x169.webp 300w, https:\/\/www.gaveanews.com\/wp-content\/uploads\/Zinho-ex-jogador-e-comentarista-esportivo-768x432.webp 768w, https:\/\/www.gaveanews.com\/wp-content\/uploads\/Zinho-ex-jogador-e-comentarista-esportivo-747x420.webp 747w, https:\/\/www.gaveanews.com\/wp-content\/uploads\/Zinho-ex-jogador-e-comentarista-esportivo-640x360.webp 640w, https:\/\/www.gaveanews.com\/wp-content\/uploads\/Zinho-ex-jogador-e-comentarista-esportivo-681x383.webp 681w, https:\/\/www.gaveanews.com\/wp-content\/uploads\/Zinho-ex-jogador-e-comentarista-esportivo-100x56.webp 100w\" sizes=\"auto, (max-width: 800px) 100vw, 800px\" \/><figcaption class=\"wp-element-caption\">Zinho ex-jogador e comentarista esportivo &#8211; Foto: Divulga\u00e7\u00e3o<\/figcaption><\/figure>\n\n\n\n<p>O ex-jogador tamb\u00e9m ressaltou que sua rela\u00e7\u00e3o com o Flamengo vai al\u00e9m do tempo em que esteve em campo, j\u00e1 que sua trajet\u00f3ria na equipe carioca se estendeu por mais de 16 anos. Ele teve duas passagens pelo clube: a primeira entre 1986 e 1992, e a segunda em 2004, j\u00e1 no fim da carreira. Sua identifica\u00e7\u00e3o com o Meng\u00e3o continua forte, sendo sempre lembrado pelos torcedores.<\/p>\n\n\n\n<p>Enquanto isso, o Flamengo segue na briga pela lideran\u00e7a do Campeonato Carioca, ocupando a vice-lideran\u00e7a com um jogo a menos que o Volta Redonda. A equipe de Filipe Lu\u00eds ter\u00e1 desafios importantes pela frente, enfrentando Fluminense, Botafogo e Vasco, em uma sequ\u00eancia decisiva para assumir a ponta da tabela.<\/p>\n","protected":false},"excerpt":{"rendered":"<p>Nas \u00faltimas horas, o foco das not\u00edcias sobre o Flamengo se concentram nos bastidores do clube, com destaques do dia a dia do time. Por conta deste contexto, leia abaixo um resumo preparado pela equipe do portal G\u00e1vea News para lhe manter muito bem informado! Recado de Casagrande O comentarista Casagrande surpreendeu ao eleger os [&hellip;]<\/p>\n","protected":false},"author":27,"featured_media":149729,"comment_status":"open","ping_status":"closed","sticky":false,"template":"","format":"standard","meta":{"footnotes":""},"categories":[1],"tags":[],"class_list":["post-226564","post","type-post","status-publish","format-standard","has-post-thumbnail","hentry","category-flamengo"],"yoast_head":"<!-- This site is optimized with the Yoast SEO Premium plugin v24.2 (Yoast SEO v26.9) - https:\/\/yoast.com\/product\/yoast-seo-premium-wordpress\/ -->\n<title>Declara\u00e7\u00e3o de Zinho, relacionados para o cl\u00e1ssico e recado de Casagrande: as \u00faltimas not\u00edcias do Flamengo<\/title>\n<meta name=\"robots\" content=\"index, follow, max-snippet:-1, max-image-preview:large, max-video-preview:-1\" \/>\n<link rel=\"canonical\" href=\"https:\/\/www.gaveanews.com\/index.php\/2025\/02\/12\/declaracao-de-zinho-relacionados-para-o-classico-e-recado-de-casagrande-as-ultimas-noticias-do-flamengo\/\" \/>\n<meta property=\"og:locale\" content=\"pt_BR\" \/>\n<meta property=\"og:type\" content=\"article\" \/>\n<meta property=\"og:title\" content=\"Declara\u00e7\u00e3o de Zinho, relacionados para o cl\u00e1ssico e recado de Casagrande: as \u00faltimas not\u00edcias do Flamengo\" \/>\n<meta property=\"og:description\" content=\"Nas \u00faltimas horas, o foco das not\u00edcias sobre o Flamengo se concentram nos bastidores do clube, com destaques do dia a dia do time. Por conta deste contexto, leia abaixo um resumo preparado pela equipe do portal G\u00e1vea News para lhe manter muito bem informado! Recado de Casagrande O comentarista Casagrande surpreendeu ao eleger os [&hellip;]\" \/>\n<meta property=\"og:url\" content=\"https:\/\/www.gaveanews.com\/index.php\/2025\/02\/12\/declaracao-de-zinho-relacionados-para-o-classico-e-recado-de-casagrande-as-ultimas-noticias-do-flamengo\/\" \/>\n<meta property=\"og:site_name\" content=\"G\u00e1vea News\" \/>\n<meta property=\"article:publisher\" content=\"https:\/\/facebook.com\/gaveaNews\/\" \/>\n<meta property=\"article:published_time\" content=\"2025-02-12T10:00:00+00:00\" \/>\n<meta property=\"og:image\" content=\"https:\/\/www.gaveanews.com\/wp-content\/uploads\/Adidas-promove-mundaca-na-camisa-do-Flamengo.webp\" \/>\n\t<meta property=\"og:image:width\" content=\"711\" \/>\n\t<meta property=\"og:image:height\" content=\"708\" \/>\n\t<meta property=\"og:image:type\" content=\"image\/jpeg\" \/>\n<meta name=\"author\" content=\"Matheus Felipe\" \/>\n<meta name=\"twitter:card\" content=\"summary_large_image\" \/>\n<meta name=\"twitter:label1\" content=\"Escrito por\" \/>\n\t<meta name=\"twitter:data1\" content=\"Matheus Felipe\" \/>\n\t<meta name=\"twitter:label2\" content=\"Est. tempo de leitura\" \/>\n\t<meta name=\"twitter:data2\" content=\"5 minutos\" \/>\n<script type=\"application\/ld+json\" class=\"yoast-schema-graph\">{\"@context\":\"https:\/\/schema.org\",\"@graph\":[{\"@type\":\"NewsArticle\",\"@id\":\"https:\/\/www.gaveanews.com\/index.php\/2025\/02\/12\/declaracao-de-zinho-relacionados-para-o-classico-e-recado-de-casagrande-as-ultimas-noticias-do-flamengo\/#article\",\"isPartOf\":{\"@id\":\"https:\/\/www.gaveanews.com\/index.php\/2025\/02\/12\/declaracao-de-zinho-relacionados-para-o-classico-e-recado-de-casagrande-as-ultimas-noticias-do-flamengo\/\"},\"author\":{\"name\":\"Matheus Felipe\",\"@id\":\"https:\/\/www.gaveanews.com\/#\/schema\/person\/8207cd4627f56151707418bfc835b2fb\"},\"headline\":\"Declara\u00e7\u00e3o de Zinho, relacionados para o cl\u00e1ssico e recado de Casagrande: as \u00faltimas not\u00edcias do Flamengo\",\"datePublished\":\"2025-02-12T10:00:00+00:00\",\"mainEntityOfPage\":{\"@id\":\"https:\/\/www.gaveanews.com\/index.php\/2025\/02\/12\/declaracao-de-zinho-relacionados-para-o-classico-e-recado-de-casagrande-as-ultimas-noticias-do-flamengo\/\"},\"wordCount\":705,\"commentCount\":0,\"image\":{\"@id\":\"https:\/\/www.gaveanews.com\/index.php\/2025\/02\/12\/declaracao-de-zinho-relacionados-para-o-classico-e-recado-de-casagrande-as-ultimas-noticias-do-flamengo\/#primaryimage\"},\"thumbnailUrl\":\"https:\/\/www.gaveanews.com\/wp-content\/uploads\/Adidas-promove-mundaca-na-camisa-do-Flamengo.webp\",\"articleSection\":[\"Flamengo\"],\"inLanguage\":\"pt-BR\",\"potentialAction\":[{\"@type\":\"CommentAction\",\"name\":\"Comment\",\"target\":[\"https:\/\/www.gaveanews.com\/index.php\/2025\/02\/12\/declaracao-de-zinho-relacionados-para-o-classico-e-recado-de-casagrande-as-ultimas-noticias-do-flamengo\/#respond\"]}],\"copyrightYear\":\"2025\",\"copyrightHolder\":{\"@id\":\"https:\/\/www.gaveanews.com\/#organization\"}},{\"@type\":\"WebPage\",\"@id\":\"https:\/\/www.gaveanews.com\/index.php\/2025\/02\/12\/declaracao-de-zinho-relacionados-para-o-classico-e-recado-de-casagrande-as-ultimas-noticias-do-flamengo\/\",\"url\":\"https:\/\/www.gaveanews.com\/index.php\/2025\/02\/12\/declaracao-de-zinho-relacionados-para-o-classico-e-recado-de-casagrande-as-ultimas-noticias-do-flamengo\/\",\"name\":\"Declara\u00e7\u00e3o de Zinho, relacionados para o cl\u00e1ssico e recado de Casagrande: as \u00faltimas not\u00edcias do Flamengo\",\"isPartOf\":{\"@id\":\"https:\/\/www.gaveanews.com\/#website\"},\"primaryImageOfPage\":{\"@id\":\"https:\/\/www.gaveanews.com\/index.php\/2025\/02\/12\/declaracao-de-zinho-relacionados-para-o-classico-e-recado-de-casagrande-as-ultimas-noticias-do-flamengo\/#primaryimage\"},\"image\":{\"@id\":\"https:\/\/www.gaveanews.com\/index.php\/2025\/02\/12\/declaracao-de-zinho-relacionados-para-o-classico-e-recado-de-casagrande-as-ultimas-noticias-do-flamengo\/#primaryimage\"},\"thumbnailUrl\":\"https:\/\/www.gaveanews.com\/wp-content\/uploads\/Adidas-promove-mundaca-na-camisa-do-Flamengo.webp\",\"datePublished\":\"2025-02-12T10:00:00+00:00\",\"author\":{\"@id\":\"https:\/\/www.gaveanews.com\/#\/schema\/person\/8207cd4627f56151707418bfc835b2fb\"},\"breadcrumb\":{\"@id\":\"https:\/\/www.gaveanews.com\/index.php\/2025\/02\/12\/declaracao-de-zinho-relacionados-para-o-classico-e-recado-de-casagrande-as-ultimas-noticias-do-flamengo\/#breadcrumb\"},\"inLanguage\":\"pt-BR\",\"potentialAction\":[{\"@type\":\"ReadAction\",\"target\":[\"https:\/\/www.gaveanews.com\/index.php\/2025\/02\/12\/declaracao-de-zinho-relacionados-para-o-classico-e-recado-de-casagrande-as-ultimas-noticias-do-flamengo\/\"]}]},{\"@type\":\"ImageObject\",\"inLanguage\":\"pt-BR\",\"@id\":\"https:\/\/www.gaveanews.com\/index.php\/2025\/02\/12\/declaracao-de-zinho-relacionados-para-o-classico-e-recado-de-casagrande-as-ultimas-noticias-do-flamengo\/#primaryimage\",\"url\":\"https:\/\/www.gaveanews.com\/wp-content\/uploads\/Adidas-promove-mundaca-na-camisa-do-Flamengo.webp\",\"contentUrl\":\"https:\/\/www.gaveanews.com\/wp-content\/uploads\/Adidas-promove-mundaca-na-camisa-do-Flamengo.webp\",\"width\":711,\"height\":708,\"caption\":\"Adidas promove mudan\u00e7a na camisa do Flamengo (Imagem: Editoria de arte\/G\u00e1vea News\/Henrique Machado)\"},{\"@type\":\"BreadcrumbList\",\"@id\":\"https:\/\/www.gaveanews.com\/index.php\/2025\/02\/12\/declaracao-de-zinho-relacionados-para-o-classico-e-recado-de-casagrande-as-ultimas-noticias-do-flamengo\/#breadcrumb\",\"itemListElement\":[{\"@type\":\"ListItem\",\"position\":1,\"name\":\"Home\",\"item\":\"https:\/\/www.gaveanews.com\/\"},{\"@type\":\"ListItem\",\"position\":2,\"name\":\"Declara\u00e7\u00e3o de Zinho, relacionados para o cl\u00e1ssico e recado de Casagrande: as \u00faltimas not\u00edcias do Flamengo\"}]},{\"@type\":\"WebSite\",\"@id\":\"https:\/\/www.gaveanews.com\/#website\",\"url\":\"https:\/\/www.gaveanews.com\/\",\"name\":\"G\u00e1vea News\",\"description\":\"Veja todas as not\u00edcias sobre o Flamengo: Contrata\u00e7\u00f5es, categorias de base, resultados das partidas, tabela de classifica\u00e7\u00e3o, pr\u00f3ximos jogos!\",\"potentialAction\":[{\"@type\":\"SearchAction\",\"target\":{\"@type\":\"EntryPoint\",\"urlTemplate\":\"https:\/\/www.gaveanews.com\/?s={search_term_string}\"},\"query-input\":{\"@type\":\"PropertyValueSpecification\",\"valueRequired\":true,\"valueName\":\"search_term_string\"}}],\"inLanguage\":\"pt-BR\"},{\"@type\":\"Person\",\"@id\":\"https:\/\/www.gaveanews.com\/#\/schema\/person\/8207cd4627f56151707418bfc835b2fb\",\"name\":\"Matheus Felipe\",\"image\":{\"@type\":\"ImageObject\",\"inLanguage\":\"pt-BR\",\"@id\":\"https:\/\/www.gaveanews.com\/#\/schema\/person\/image\/\",\"url\":\"https:\/\/secure.gravatar.com\/avatar\/a452ffbed9130f726358b298bb3a99ce4bd3c5338411f8440e87e14d74c7c087?s=96&d=mm&r=g\",\"contentUrl\":\"https:\/\/secure.gravatar.com\/avatar\/a452ffbed9130f726358b298bb3a99ce4bd3c5338411f8440e87e14d74c7c087?s=96&d=mm&r=g\",\"caption\":\"Matheus Felipe\"}}]}<\/script>\n<!-- \/ Yoast SEO Premium plugin. -->","yoast_head_json":{"title":"Declara\u00e7\u00e3o de Zinho, relacionados para o cl\u00e1ssico e recado de Casagrande: as \u00faltimas not\u00edcias do Flamengo","robots":{"index":"index","follow":"follow","max-snippet":"max-snippet:-1","max-image-preview":"max-image-preview:large","max-video-preview":"max-video-preview:-1"},"canonical":"https:\/\/www.gaveanews.com\/index.php\/2025\/02\/12\/declaracao-de-zinho-relacionados-para-o-classico-e-recado-de-casagrande-as-ultimas-noticias-do-flamengo\/","og_locale":"pt_BR","og_type":"article","og_title":"Declara\u00e7\u00e3o de Zinho, relacionados para o cl\u00e1ssico e recado de Casagrande: as \u00faltimas not\u00edcias do Flamengo","og_description":"Nas \u00faltimas horas, o foco das not\u00edcias sobre o Flamengo se concentram nos bastidores do clube, com destaques do dia a dia do time. Por conta deste contexto, leia abaixo um resumo preparado pela equipe do portal G\u00e1vea News para lhe manter muito bem informado! Recado de Casagrande O comentarista Casagrande surpreendeu ao eleger os [&hellip;]","og_url":"https:\/\/www.gaveanews.com\/index.php\/2025\/02\/12\/declaracao-de-zinho-relacionados-para-o-classico-e-recado-de-casagrande-as-ultimas-noticias-do-flamengo\/","og_site_name":"G\u00e1vea News","article_publisher":"https:\/\/facebook.com\/gaveaNews\/","article_published_time":"2025-02-12T10:00:00+00:00","og_image":[{"width":711,"height":708,"url":"https:\/\/www.gaveanews.com\/wp-content\/uploads\/Adidas-promove-mundaca-na-camisa-do-Flamengo.webp","type":"image\/jpeg"}],"author":"Matheus Felipe","twitter_card":"summary_large_image","twitter_misc":{"Escrito por":"Matheus Felipe","Est. tempo de leitura":"5 minutos"},"schema":{"@context":"https:\/\/schema.org","@graph":[{"@type":"NewsArticle","@id":"https:\/\/www.gaveanews.com\/index.php\/2025\/02\/12\/declaracao-de-zinho-relacionados-para-o-classico-e-recado-de-casagrande-as-ultimas-noticias-do-flamengo\/#article","isPartOf":{"@id":"https:\/\/www.gaveanews.com\/index.php\/2025\/02\/12\/declaracao-de-zinho-relacionados-para-o-classico-e-recado-de-casagrande-as-ultimas-noticias-do-flamengo\/"},"author":{"name":"Matheus Felipe","@id":"https:\/\/www.gaveanews.com\/#\/schema\/person\/8207cd4627f56151707418bfc835b2fb"},"headline":"Declara\u00e7\u00e3o de Zinho, relacionados para o cl\u00e1ssico e recado de Casagrande: as \u00faltimas not\u00edcias do Flamengo","datePublished":"2025-02-12T10:00:00+00:00","mainEntityOfPage":{"@id":"https:\/\/www.gaveanews.com\/index.php\/2025\/02\/12\/declaracao-de-zinho-relacionados-para-o-classico-e-recado-de-casagrande-as-ultimas-noticias-do-flamengo\/"},"wordCount":705,"commentCount":0,"image":{"@id":"https:\/\/www.gaveanews.com\/index.php\/2025\/02\/12\/declaracao-de-zinho-relacionados-para-o-classico-e-recado-de-casagrande-as-ultimas-noticias-do-flamengo\/#primaryimage"},"thumbnailUrl":"https:\/\/www.gaveanews.com\/wp-content\/uploads\/Adidas-promove-mundaca-na-camisa-do-Flamengo.webp","articleSection":["Flamengo"],"inLanguage":"pt-BR","potentialAction":[{"@type":"CommentAction","name":"Comment","target":["https:\/\/www.gaveanews.com\/index.php\/2025\/02\/12\/declaracao-de-zinho-relacionados-para-o-classico-e-recado-de-casagrande-as-ultimas-noticias-do-flamengo\/#respond"]}],"copyrightYear":"2025","copyrightHolder":{"@id":"https:\/\/www.gaveanews.com\/#organization"}},{"@type":"WebPage","@id":"https:\/\/www.gaveanews.com\/index.php\/2025\/02\/12\/declaracao-de-zinho-relacionados-para-o-classico-e-recado-de-casagrande-as-ultimas-noticias-do-flamengo\/","url":"https:\/\/www.gaveanews.com\/index.php\/2025\/02\/12\/declaracao-de-zinho-relacionados-para-o-classico-e-recado-de-casagrande-as-ultimas-noticias-do-flamengo\/","name":"Declara\u00e7\u00e3o de Zinho, relacionados para o cl\u00e1ssico e recado de Casagrande: as \u00faltimas not\u00edcias do Flamengo","isPartOf":{"@id":"https:\/\/www.gaveanews.com\/#website"},"primaryImageOfPage":{"@id":"https:\/\/www.gaveanews.com\/index.php\/2025\/02\/12\/declaracao-de-zinho-relacionados-para-o-classico-e-recado-de-casagrande-as-ultimas-noticias-do-flamengo\/#primaryimage"},"image":{"@id":"https:\/\/www.gaveanews.com\/index.php\/2025\/02\/12\/declaracao-de-zinho-relacionados-para-o-classico-e-recado-de-casagrande-as-ultimas-noticias-do-flamengo\/#primaryimage"},"thumbnailUrl":"https:\/\/www.gaveanews.com\/wp-content\/uploads\/Adidas-promove-mundaca-na-camisa-do-Flamengo.webp","datePublished":"2025-02-12T10:00:00+00:00","author":{"@id":"https:\/\/www.gaveanews.com\/#\/schema\/person\/8207cd4627f56151707418bfc835b2fb"},"breadcrumb":{"@id":"https:\/\/www.gaveanews.com\/index.php\/2025\/02\/12\/declaracao-de-zinho-relacionados-para-o-classico-e-recado-de-casagrande-as-ultimas-noticias-do-flamengo\/#breadcrumb"},"inLanguage":"pt-BR","potentialAction":[{"@type":"ReadAction","target":["https:\/\/www.gaveanews.com\/index.php\/2025\/02\/12\/declaracao-de-zinho-relacionados-para-o-classico-e-recado-de-casagrande-as-ultimas-noticias-do-flamengo\/"]}]},{"@type":"ImageObject","inLanguage":"pt-BR","@id":"https:\/\/www.gaveanews.com\/index.php\/2025\/02\/12\/declaracao-de-zinho-relacionados-para-o-classico-e-recado-de-casagrande-as-ultimas-noticias-do-flamengo\/#primaryimage","url":"https:\/\/www.gaveanews.com\/wp-content\/uploads\/Adidas-promove-mundaca-na-camisa-do-Flamengo.webp","contentUrl":"https:\/\/www.gaveanews.com\/wp-content\/uploads\/Adidas-promove-mundaca-na-camisa-do-Flamengo.webp","width":711,"height":708,"caption":"Adidas promove mudan\u00e7a na camisa do Flamengo (Imagem: Editoria de arte\/G\u00e1vea News\/Henrique Machado)"},{"@type":"BreadcrumbList","@id":"https:\/\/www.gaveanews.com\/index.php\/2025\/02\/12\/declaracao-de-zinho-relacionados-para-o-classico-e-recado-de-casagrande-as-ultimas-noticias-do-flamengo\/#breadcrumb","itemListElement":[{"@type":"ListItem","position":1,"name":"Home","item":"https:\/\/www.gaveanews.com\/"},{"@type":"ListItem","position":2,"name":"Declara\u00e7\u00e3o de Zinho, relacionados para o cl\u00e1ssico e recado de Casagrande: as \u00faltimas not\u00edcias do Flamengo"}]},{"@type":"WebSite","@id":"https:\/\/www.gaveanews.com\/#website","url":"https:\/\/www.gaveanews.com\/","name":"G\u00e1vea News","description":"Veja todas as not\u00edcias sobre o Flamengo: Contrata\u00e7\u00f5es, categorias de base, resultados das partidas, tabela de classifica\u00e7\u00e3o, pr\u00f3ximos jogos!","potentialAction":[{"@type":"SearchAction","target":{"@type":"EntryPoint","urlTemplate":"https:\/\/www.gaveanews.com\/?s={search_term_string}"},"query-input":{"@type":"PropertyValueSpecification","valueRequired":true,"valueName":"search_term_string"}}],"inLanguage":"pt-BR"},{"@type":"Person","@id":"https:\/\/www.gaveanews.com\/#\/schema\/person\/8207cd4627f56151707418bfc835b2fb","name":"Matheus Felipe","image":{"@type":"ImageObject","inLanguage":"pt-BR","@id":"https:\/\/www.gaveanews.com\/#\/schema\/person\/image\/","url":"https:\/\/secure.gravatar.com\/avatar\/a452ffbed9130f726358b298bb3a99ce4bd3c5338411f8440e87e14d74c7c087?s=96&d=mm&r=g","contentUrl":"https:\/\/secure.gravatar.com\/avatar\/a452ffbed9130f726358b298bb3a99ce4bd3c5338411f8440e87e14d74c7c087?s=96&d=mm&r=g","caption":"Matheus Felipe"}}]}},"_links":{"self":[{"href":"https:\/\/www.gaveanews.com\/index.php\/wp-json\/wp\/v2\/posts\/226564","targetHints":{"allow":["GET"]}}],"collection":[{"href":"https:\/\/www.gaveanews.com\/index.php\/wp-json\/wp\/v2\/posts"}],"about":[{"href":"https:\/\/www.gaveanews.com\/index.php\/wp-json\/wp\/v2\/types\/post"}],"author":[{"embeddable":true,"href":"https:\/\/www.gaveanews.com\/index.php\/wp-json\/wp\/v2\/users\/27"}],"replies":[{"embeddable":true,"href":"https:\/\/www.gaveanews.com\/index.php\/wp-json\/wp\/v2\/comments?post=226564"}],"version-history":[{"count":1,"href":"https:\/\/www.gaveanews.com\/index.php\/wp-json\/wp\/v2\/posts\/226564\/revisions"}],"predecessor-version":[{"id":226568,"href":"https:\/\/www.gaveanews.com\/index.php\/wp-json\/wp\/v2\/posts\/226564\/revisions\/226568"}],"wp:featuredmedia":[{"embeddable":true,"href":"https:\/\/www.gaveanews.com\/index.php\/wp-json\/wp\/v2\/media\/149729"}],"wp:attachment":[{"href":"https:\/\/www.gaveanews.com\/index.php\/wp-json\/wp\/v2\/media?parent=226564"}],"wp:term":[{"taxonomy":"category","embeddable":true,"href":"https:\/\/www.gaveanews.com\/index.php\/wp-json\/wp\/v2\/categories?post=226564"},{"taxonomy":"post_tag","embeddable":true,"href":"https:\/\/www.gaveanews.com\/index.php\/wp-json\/wp\/v2\/tags?post=226564"}],"curies":[{"name":"wp","href":"https:\/\/api.w.org\/{rel}","templated":true}]}}