{"id":226567,"date":"2025-02-12T05:40:00","date_gmt":"2025-02-12T08:40:00","guid":{"rendered":"https:\/\/www.gaveanews.com\/?p=226567"},"modified":"2025-02-12T02:40:38","modified_gmt":"2025-02-12T05:40:38","slug":"neymar-faz-reclamacao-chegada-de-reforco-e-declaracao-de-zinho-as-ultimas-noticias-do-santos","status":"publish","type":"post","link":"https:\/\/www.gaveanews.com\/index.php\/2025\/02\/12\/neymar-faz-reclamacao-chegada-de-reforco-e-declaracao-de-zinho-as-ultimas-noticias-do-santos\/","title":{"rendered":"Neymar faz reclama\u00e7\u00e3o, chegada de refor\u00e7o e declara\u00e7\u00e3o de Zinho: as \u00faltimas not\u00edcias do Santos"},"content":{"rendered":"\n<p>Nas \u00faltimas horas, o foco das not\u00edcias sobre o Santos se concentram nos bastidores do clube, com destaques do dia a dia do time.<\/p>\n\n\n\n<p>Por conta deste contexto, leia abaixo um resumo preparado pela equipe do portal G\u00e1vea News para lhe manter muito bem informado!<\/p>\n\n\n\n<h2 class=\"wp-block-heading\" id=\"h-declaracao-de-zinho\">Declara\u00e7\u00e3o de Zinho<\/h2>\n\n\n\n<p>No \u00faltimo domingo, o est\u00e1dio Mineir\u00e3o foi palco de uma grande atua\u00e7\u00e3o de Hulk, que marcou dois gols e liderou o Atl\u00e9tico-MG na vit\u00f3ria sobre o Cruzeiro, calando mais de 60 mil torcedores advers\u00e1rios. O desempenho do atacante chamou a aten\u00e7\u00e3o do ex-jogador e comentarista Zinho, que, durante participa\u00e7\u00e3o na ESPN, comparou Hulk a Neymar e Gabigol. Segundo ele, dos tr\u00eas craques, apenas o camisa 7 do Galo brilhou na rodada, destacando sua regularidade e influ\u00eancia dentro de campo<strong><a href=\"https:\/\/www.gaveanews.com\/index.php\/2025\/02\/10\/a-declaracao-de-zinho-direcionada-a-neymar-hulk-e-gabigol\/\"> (leia a mat\u00e9ria completa).<\/a><\/strong><\/p>\n\n\n\n<figure class=\"wp-block-image size-full\"><img loading=\"lazy\" decoding=\"async\" width=\"800\" height=\"450\" src=\"http:\/\/www.gaveanews.com\/wp-content\/uploads\/Zinho-ex-jogador-e-comentarista-esportivo.webp\" alt=\"\" class=\"wp-image-128167\" srcset=\"https:\/\/www.gaveanews.com\/wp-content\/uploads\/Zinho-ex-jogador-e-comentarista-esportivo.webp 800w, https:\/\/www.gaveanews.com\/wp-content\/uploads\/Zinho-ex-jogador-e-comentarista-esportivo-300x169.webp 300w, https:\/\/www.gaveanews.com\/wp-content\/uploads\/Zinho-ex-jogador-e-comentarista-esportivo-768x432.webp 768w, https:\/\/www.gaveanews.com\/wp-content\/uploads\/Zinho-ex-jogador-e-comentarista-esportivo-747x420.webp 747w, https:\/\/www.gaveanews.com\/wp-content\/uploads\/Zinho-ex-jogador-e-comentarista-esportivo-640x360.webp 640w, https:\/\/www.gaveanews.com\/wp-content\/uploads\/Zinho-ex-jogador-e-comentarista-esportivo-681x383.webp 681w, https:\/\/www.gaveanews.com\/wp-content\/uploads\/Zinho-ex-jogador-e-comentarista-esportivo-100x56.webp 100w\" sizes=\"auto, (max-width: 800px) 100vw, 800px\" \/><figcaption class=\"wp-element-caption\">Zinho ex-jogador e comentarista esportivo &#8211; Foto: Divulga\u00e7\u00e3o<\/figcaption><\/figure>\n\n\n\n<p>Al\u00e9m de ser o artilheiro do Campeonato Mineiro com quatro gols, Hulk tem sido pe\u00e7a-chave na campanha do Atl\u00e9tico-MG, n\u00e3o apenas pelos tentos marcados, mas tamb\u00e9m por sua lideran\u00e7a t\u00e9cnica e motivacional. <\/p>\n\n\n\n<p>A vit\u00f3ria sobre o Cruzeiro aproximou o time da classifica\u00e7\u00e3o para as semifinais do estadual, precisando apenas de um triunfo sobre o Itabirito para garantir a vaga. O impacto do atacante na equipe \u00e9 ineg\u00e1vel, sendo um dos principais respons\u00e1veis pelo bom momento do Galo na temporada.<\/p>\n\n\n\n<p>A compara\u00e7\u00e3o feita por Zinho refor\u00e7a o peso que Hulk tem no futebol brasileiro atual, rivalizando com nomes como Neymar e Gabigol. Enquanto os outros astros n\u00e3o tiveram atua\u00e7\u00f5es de destaque na rodada, o camisa 7 do Atl\u00e9tico-MG mostrou, mais uma vez, sua capacidade de decidir partidas importantes. Sua consist\u00eancia e protagonismo fazem dele um exemplo para jogadores mais jovens e um dos maiores \u00eddolos recentes da hist\u00f3ria atleticana.<\/p>\n\n\n\n<h2 class=\"wp-block-heading\" id=\"h-chegada-de-reforco\">Chegada de refor\u00e7o<\/h2>\n\n\n\n<p>O Santos superou a concorr\u00eancia do Botafogo e garantiu a contrata\u00e7\u00e3o do meio-campista Benjam\u00edn Rollheiser, ex-Benfica. Um dos fatores decisivos para o desfecho positivo foi a participa\u00e7\u00e3o de Neymar, que entrou em contato com o jogador para convenc\u00ea-lo a vestir a camisa do Peixe. Al\u00e9m do craque brasileiro, o t\u00e9cnico Pedro Caixinha tamb\u00e9m teve um papel fundamental ao apresentar um projeto detalhado para o atleta, destacando a import\u00e2ncia que ele teria no esquema da equipe<strong><a href=\"https:\/\/www.gaveanews.com\/index.php\/2025\/02\/10\/neymar-foi-fundamental-para-chegada-de-reforco-ao-santos\/\"> (leia a mat\u00e9ria completa).<\/a><\/strong><\/p>\n\n\n\n<figure class=\"wp-block-image size-full\"><img loading=\"lazy\" decoding=\"async\" width=\"475\" height=\"377\" src=\"http:\/\/www.gaveanews.com\/wp-content\/uploads\/Benjamin-Rollheiser-pelo-Benfica.webp\" alt=\"\" class=\"wp-image-223090\"\/><figcaption class=\"wp-element-caption\">Benjamin Rollheiser pelo Benfica (Foto: Reprodu\u00e7\u00e3o\/Instagram)<\/figcaption><\/figure>\n\n\n\n<p>A disputa entre Santos e Botafogo foi acirrada, com propostas financeiras semelhantes. O clube paulista ofereceu \u20ac 11 milh\u00f5es (R$ 66 milh\u00f5es) por 85% dos direitos econ\u00f4micos do jogador, enquanto o time carioca fez uma oferta de \u20ac 10,5 milh\u00f5es (R$ 63 milh\u00f5es) por 90%. No entanto, o forte apelo esportivo apresentado pelo Santos, aliado \u00e0 influ\u00eancia de Neymar, foi determinante para a escolha de Rollheiser.<\/p>\n\n\n\n<p>Com a contrata\u00e7\u00e3o, o Santos refor\u00e7a ainda mais seu elenco para a temporada, apostando no talento do argentino para fortalecer o meio de campo. A chegada de Rollheiser aumenta a expectativa da torcida, que j\u00e1 viu o clube investir pesado em refor\u00e7os como Neymar, Tiquinho Soares e Gabriel Veron. Agora, o jogador desembarca no Brasil pronto para ajudar o Peixe a brigar por t\u00edtulos em 2025.<\/p>\n\n\n\n<h2 class=\"wp-block-heading\" id=\"h-neymar-faz-reclamacao\">Neymar faz reclama\u00e7\u00e3o<\/h2>\n\n\n\n<p>O retorno de Neymar ao Santos reacendeu o debate sobre a estrutura do CT Rei Pel\u00e9. O atacante criticou as condi\u00e7\u00f5es das instala\u00e7\u00f5es, afirmando que pouco mudou desde sua sa\u00edda em 2013. Suas declara\u00e7\u00f5es impulsionaram a diretoria a retomar um projeto de reforma que havia sido adiado, com foco na moderniza\u00e7\u00e3o dos alojamentos, incluindo quartos, banheiros e arm\u00e1rios, al\u00e9m de melhorias no layout geral do centro de treinamento<strong><a href=\"https:\/\/www.gaveanews.com\/index.php\/2025\/02\/08\/neymar-faz-reclamacao-e-santos-busca-melhorias\/\"> (leia a mat\u00e9ria completa).<\/a><\/strong><\/p>\n\n\n\n<figure class=\"wp-block-image size-full\"><img loading=\"lazy\" decoding=\"async\" width=\"573\" height=\"636\" src=\"http:\/\/www.gaveanews.com\/wp-content\/uploads\/Neymar-volta-ao-Santos.webp\" alt=\"\" class=\"wp-image-221593\"\/><figcaption class=\"wp-element-caption\">Neymar volta ao Santos (Foto: GuilhermeKastner \/ Santos FC)<\/figcaption><\/figure>\n\n\n\n<p>Com a viagem do elenco para os Estados Unidos cancelada, a diretoria reorganizou o cronograma de obras, aproveitando a perman\u00eancia da equipe no Brasil para iniciar as melhorias. Algumas mudan\u00e7as j\u00e1 foram implementadas, como a renova\u00e7\u00e3o de camas, len\u00e7\u00f3is e \u00e1reas de conviv\u00eancia dos jogadores, mas a principal reforma ainda est\u00e1 por vir. Ainda n\u00e3o h\u00e1 uma data definida para a conclus\u00e3o das obras, que devem acontecer paralelamente \u00e0s reformas na Vila Belmiro.<\/p>\n\n\n\n<p>A volta de Neymar n\u00e3o apenas trouxe grande expectativa dentro de campo, mas tamb\u00e9m refor\u00e7ou a necessidade de moderniza\u00e7\u00e3o do clube. Com as obras em andamento, a diretoria espera oferecer melhores condi\u00e7\u00f5es ao elenco e fortalecer a estrutura do Santos, tornando-o mais competitivo no cen\u00e1rio nacional.<\/p>\n","protected":false},"excerpt":{"rendered":"<p>Nas \u00faltimas horas, o foco das not\u00edcias sobre o Santos se concentram nos bastidores do clube, com destaques do dia a dia do time. Por conta deste contexto, leia abaixo um resumo preparado pela equipe do portal G\u00e1vea News para lhe manter muito bem informado! Declara\u00e7\u00e3o de Zinho No \u00faltimo domingo, o est\u00e1dio Mineir\u00e3o foi [&hellip;]<\/p>\n","protected":false},"author":27,"featured_media":152156,"comment_status":"open","ping_status":"closed","sticky":false,"template":"","format":"standard","meta":{"footnotes":""},"categories":[139],"tags":[],"class_list":["post-226567","post","type-post","status-publish","format-standard","has-post-thumbnail","hentry","category-santos"],"yoast_head":"<!-- This site is optimized with the Yoast SEO Premium plugin v24.2 (Yoast SEO v26.9) - https:\/\/yoast.com\/product\/yoast-seo-premium-wordpress\/ -->\n<title>Neymar faz reclama\u00e7\u00e3o, chegada de refor\u00e7o e declara\u00e7\u00e3o de Zinho: as \u00faltimas not\u00edcias do Santos<\/title>\n<meta name=\"robots\" content=\"index, follow, max-snippet:-1, max-image-preview:large, max-video-preview:-1\" \/>\n<link rel=\"canonical\" href=\"https:\/\/www.gaveanews.com\/index.php\/2025\/02\/12\/neymar-faz-reclamacao-chegada-de-reforco-e-declaracao-de-zinho-as-ultimas-noticias-do-santos\/\" \/>\n<meta property=\"og:locale\" content=\"pt_BR\" \/>\n<meta property=\"og:type\" content=\"article\" \/>\n<meta property=\"og:title\" content=\"Neymar faz reclama\u00e7\u00e3o, chegada de refor\u00e7o e declara\u00e7\u00e3o de Zinho: as \u00faltimas not\u00edcias do Santos\" \/>\n<meta property=\"og:description\" content=\"Nas \u00faltimas horas, o foco das not\u00edcias sobre o Santos se concentram nos bastidores do clube, com destaques do dia a dia do time. Por conta deste contexto, leia abaixo um resumo preparado pela equipe do portal G\u00e1vea News para lhe manter muito bem informado! Declara\u00e7\u00e3o de Zinho No \u00faltimo domingo, o est\u00e1dio Mineir\u00e3o foi [&hellip;]\" \/>\n<meta property=\"og:url\" content=\"https:\/\/www.gaveanews.com\/index.php\/2025\/02\/12\/neymar-faz-reclamacao-chegada-de-reforco-e-declaracao-de-zinho-as-ultimas-noticias-do-santos\/\" \/>\n<meta property=\"og:site_name\" content=\"G\u00e1vea News\" \/>\n<meta property=\"article:publisher\" content=\"https:\/\/facebook.com\/gaveaNews\/\" \/>\n<meta property=\"article:published_time\" content=\"2025-02-12T08:40:00+00:00\" \/>\n<meta property=\"og:image\" content=\"https:\/\/www.gaveanews.com\/wp-content\/uploads\/Escudo-do-Santos-1.webp\" \/>\n\t<meta property=\"og:image:width\" content=\"1300\" \/>\n\t<meta property=\"og:image:height\" content=\"1056\" \/>\n\t<meta property=\"og:image:type\" content=\"image\/webp\" \/>\n<meta name=\"author\" content=\"Matheus Felipe\" \/>\n<meta name=\"twitter:card\" content=\"summary_large_image\" \/>\n<meta name=\"twitter:label1\" content=\"Escrito por\" \/>\n\t<meta name=\"twitter:data1\" content=\"Matheus Felipe\" \/>\n\t<meta name=\"twitter:label2\" content=\"Est. tempo de leitura\" \/>\n\t<meta name=\"twitter:data2\" content=\"5 minutos\" \/>\n<script type=\"application\/ld+json\" class=\"yoast-schema-graph\">{\"@context\":\"https:\/\/schema.org\",\"@graph\":[{\"@type\":\"NewsArticle\",\"@id\":\"https:\/\/www.gaveanews.com\/index.php\/2025\/02\/12\/neymar-faz-reclamacao-chegada-de-reforco-e-declaracao-de-zinho-as-ultimas-noticias-do-santos\/#article\",\"isPartOf\":{\"@id\":\"https:\/\/www.gaveanews.com\/index.php\/2025\/02\/12\/neymar-faz-reclamacao-chegada-de-reforco-e-declaracao-de-zinho-as-ultimas-noticias-do-santos\/\"},\"author\":{\"name\":\"Matheus Felipe\",\"@id\":\"https:\/\/www.gaveanews.com\/#\/schema\/person\/8207cd4627f56151707418bfc835b2fb\"},\"headline\":\"Neymar faz reclama\u00e7\u00e3o, chegada de refor\u00e7o e declara\u00e7\u00e3o de Zinho: as \u00faltimas not\u00edcias do Santos\",\"datePublished\":\"2025-02-12T08:40:00+00:00\",\"mainEntityOfPage\":{\"@id\":\"https:\/\/www.gaveanews.com\/index.php\/2025\/02\/12\/neymar-faz-reclamacao-chegada-de-reforco-e-declaracao-de-zinho-as-ultimas-noticias-do-santos\/\"},\"wordCount\":791,\"commentCount\":0,\"image\":{\"@id\":\"https:\/\/www.gaveanews.com\/index.php\/2025\/02\/12\/neymar-faz-reclamacao-chegada-de-reforco-e-declaracao-de-zinho-as-ultimas-noticias-do-santos\/#primaryimage\"},\"thumbnailUrl\":\"https:\/\/www.gaveanews.com\/wp-content\/uploads\/Escudo-do-Santos-1.webp\",\"articleSection\":[\"Santos\"],\"inLanguage\":\"pt-BR\",\"potentialAction\":[{\"@type\":\"CommentAction\",\"name\":\"Comment\",\"target\":[\"https:\/\/www.gaveanews.com\/index.php\/2025\/02\/12\/neymar-faz-reclamacao-chegada-de-reforco-e-declaracao-de-zinho-as-ultimas-noticias-do-santos\/#respond\"]}],\"copyrightYear\":\"2025\",\"copyrightHolder\":{\"@id\":\"https:\/\/www.gaveanews.com\/#organization\"}},{\"@type\":\"WebPage\",\"@id\":\"https:\/\/www.gaveanews.com\/index.php\/2025\/02\/12\/neymar-faz-reclamacao-chegada-de-reforco-e-declaracao-de-zinho-as-ultimas-noticias-do-santos\/\",\"url\":\"https:\/\/www.gaveanews.com\/index.php\/2025\/02\/12\/neymar-faz-reclamacao-chegada-de-reforco-e-declaracao-de-zinho-as-ultimas-noticias-do-santos\/\",\"name\":\"Neymar faz reclama\u00e7\u00e3o, chegada de refor\u00e7o e declara\u00e7\u00e3o de Zinho: as \u00faltimas not\u00edcias do Santos\",\"isPartOf\":{\"@id\":\"https:\/\/www.gaveanews.com\/#website\"},\"primaryImageOfPage\":{\"@id\":\"https:\/\/www.gaveanews.com\/index.php\/2025\/02\/12\/neymar-faz-reclamacao-chegada-de-reforco-e-declaracao-de-zinho-as-ultimas-noticias-do-santos\/#primaryimage\"},\"image\":{\"@id\":\"https:\/\/www.gaveanews.com\/index.php\/2025\/02\/12\/neymar-faz-reclamacao-chegada-de-reforco-e-declaracao-de-zinho-as-ultimas-noticias-do-santos\/#primaryimage\"},\"thumbnailUrl\":\"https:\/\/www.gaveanews.com\/wp-content\/uploads\/Escudo-do-Santos-1.webp\",\"datePublished\":\"2025-02-12T08:40:00+00:00\",\"author\":{\"@id\":\"https:\/\/www.gaveanews.com\/#\/schema\/person\/8207cd4627f56151707418bfc835b2fb\"},\"breadcrumb\":{\"@id\":\"https:\/\/www.gaveanews.com\/index.php\/2025\/02\/12\/neymar-faz-reclamacao-chegada-de-reforco-e-declaracao-de-zinho-as-ultimas-noticias-do-santos\/#breadcrumb\"},\"inLanguage\":\"pt-BR\",\"potentialAction\":[{\"@type\":\"ReadAction\",\"target\":[\"https:\/\/www.gaveanews.com\/index.php\/2025\/02\/12\/neymar-faz-reclamacao-chegada-de-reforco-e-declaracao-de-zinho-as-ultimas-noticias-do-santos\/\"]}]},{\"@type\":\"ImageObject\",\"inLanguage\":\"pt-BR\",\"@id\":\"https:\/\/www.gaveanews.com\/index.php\/2025\/02\/12\/neymar-faz-reclamacao-chegada-de-reforco-e-declaracao-de-zinho-as-ultimas-noticias-do-santos\/#primaryimage\",\"url\":\"https:\/\/www.gaveanews.com\/wp-content\/uploads\/Escudo-do-Santos-1.webp\",\"contentUrl\":\"https:\/\/www.gaveanews.com\/wp-content\/uploads\/Escudo-do-Santos-1.webp\",\"width\":1300,\"height\":1056,\"caption\":\"Escudo do Santos (Foto: Reprodu\u00e7\u00e3o\/Instagram)\"},{\"@type\":\"BreadcrumbList\",\"@id\":\"https:\/\/www.gaveanews.com\/index.php\/2025\/02\/12\/neymar-faz-reclamacao-chegada-de-reforco-e-declaracao-de-zinho-as-ultimas-noticias-do-santos\/#breadcrumb\",\"itemListElement\":[{\"@type\":\"ListItem\",\"position\":1,\"name\":\"Home\",\"item\":\"https:\/\/www.gaveanews.com\/\"},{\"@type\":\"ListItem\",\"position\":2,\"name\":\"Neymar faz reclama\u00e7\u00e3o, chegada de refor\u00e7o e declara\u00e7\u00e3o de Zinho: as \u00faltimas not\u00edcias do Santos\"}]},{\"@type\":\"WebSite\",\"@id\":\"https:\/\/www.gaveanews.com\/#website\",\"url\":\"https:\/\/www.gaveanews.com\/\",\"name\":\"G\u00e1vea News\",\"description\":\"Veja todas as not\u00edcias sobre o Flamengo: Contrata\u00e7\u00f5es, categorias de base, resultados das partidas, tabela de classifica\u00e7\u00e3o, pr\u00f3ximos jogos!\",\"potentialAction\":[{\"@type\":\"SearchAction\",\"target\":{\"@type\":\"EntryPoint\",\"urlTemplate\":\"https:\/\/www.gaveanews.com\/?s={search_term_string}\"},\"query-input\":{\"@type\":\"PropertyValueSpecification\",\"valueRequired\":true,\"valueName\":\"search_term_string\"}}],\"inLanguage\":\"pt-BR\"},{\"@type\":\"Person\",\"@id\":\"https:\/\/www.gaveanews.com\/#\/schema\/person\/8207cd4627f56151707418bfc835b2fb\",\"name\":\"Matheus Felipe\",\"image\":{\"@type\":\"ImageObject\",\"inLanguage\":\"pt-BR\",\"@id\":\"https:\/\/www.gaveanews.com\/#\/schema\/person\/image\/\",\"url\":\"https:\/\/secure.gravatar.com\/avatar\/a452ffbed9130f726358b298bb3a99ce4bd3c5338411f8440e87e14d74c7c087?s=96&d=mm&r=g\",\"contentUrl\":\"https:\/\/secure.gravatar.com\/avatar\/a452ffbed9130f726358b298bb3a99ce4bd3c5338411f8440e87e14d74c7c087?s=96&d=mm&r=g\",\"caption\":\"Matheus Felipe\"}}]}<\/script>\n<!-- \/ Yoast SEO Premium plugin. -->","yoast_head_json":{"title":"Neymar faz reclama\u00e7\u00e3o, chegada de refor\u00e7o e declara\u00e7\u00e3o de Zinho: as \u00faltimas not\u00edcias do Santos","robots":{"index":"index","follow":"follow","max-snippet":"max-snippet:-1","max-image-preview":"max-image-preview:large","max-video-preview":"max-video-preview:-1"},"canonical":"https:\/\/www.gaveanews.com\/index.php\/2025\/02\/12\/neymar-faz-reclamacao-chegada-de-reforco-e-declaracao-de-zinho-as-ultimas-noticias-do-santos\/","og_locale":"pt_BR","og_type":"article","og_title":"Neymar faz reclama\u00e7\u00e3o, chegada de refor\u00e7o e declara\u00e7\u00e3o de Zinho: as \u00faltimas not\u00edcias do Santos","og_description":"Nas \u00faltimas horas, o foco das not\u00edcias sobre o Santos se concentram nos bastidores do clube, com destaques do dia a dia do time. Por conta deste contexto, leia abaixo um resumo preparado pela equipe do portal G\u00e1vea News para lhe manter muito bem informado! Declara\u00e7\u00e3o de Zinho No \u00faltimo domingo, o est\u00e1dio Mineir\u00e3o foi [&hellip;]","og_url":"https:\/\/www.gaveanews.com\/index.php\/2025\/02\/12\/neymar-faz-reclamacao-chegada-de-reforco-e-declaracao-de-zinho-as-ultimas-noticias-do-santos\/","og_site_name":"G\u00e1vea News","article_publisher":"https:\/\/facebook.com\/gaveaNews\/","article_published_time":"2025-02-12T08:40:00+00:00","og_image":[{"width":1300,"height":1056,"url":"https:\/\/www.gaveanews.com\/wp-content\/uploads\/Escudo-do-Santos-1.webp","type":"image\/webp"}],"author":"Matheus Felipe","twitter_card":"summary_large_image","twitter_misc":{"Escrito por":"Matheus Felipe","Est. tempo de leitura":"5 minutos"},"schema":{"@context":"https:\/\/schema.org","@graph":[{"@type":"NewsArticle","@id":"https:\/\/www.gaveanews.com\/index.php\/2025\/02\/12\/neymar-faz-reclamacao-chegada-de-reforco-e-declaracao-de-zinho-as-ultimas-noticias-do-santos\/#article","isPartOf":{"@id":"https:\/\/www.gaveanews.com\/index.php\/2025\/02\/12\/neymar-faz-reclamacao-chegada-de-reforco-e-declaracao-de-zinho-as-ultimas-noticias-do-santos\/"},"author":{"name":"Matheus Felipe","@id":"https:\/\/www.gaveanews.com\/#\/schema\/person\/8207cd4627f56151707418bfc835b2fb"},"headline":"Neymar faz reclama\u00e7\u00e3o, chegada de refor\u00e7o e declara\u00e7\u00e3o de Zinho: as \u00faltimas not\u00edcias do Santos","datePublished":"2025-02-12T08:40:00+00:00","mainEntityOfPage":{"@id":"https:\/\/www.gaveanews.com\/index.php\/2025\/02\/12\/neymar-faz-reclamacao-chegada-de-reforco-e-declaracao-de-zinho-as-ultimas-noticias-do-santos\/"},"wordCount":791,"commentCount":0,"image":{"@id":"https:\/\/www.gaveanews.com\/index.php\/2025\/02\/12\/neymar-faz-reclamacao-chegada-de-reforco-e-declaracao-de-zinho-as-ultimas-noticias-do-santos\/#primaryimage"},"thumbnailUrl":"https:\/\/www.gaveanews.com\/wp-content\/uploads\/Escudo-do-Santos-1.webp","articleSection":["Santos"],"inLanguage":"pt-BR","potentialAction":[{"@type":"CommentAction","name":"Comment","target":["https:\/\/www.gaveanews.com\/index.php\/2025\/02\/12\/neymar-faz-reclamacao-chegada-de-reforco-e-declaracao-de-zinho-as-ultimas-noticias-do-santos\/#respond"]}],"copyrightYear":"2025","copyrightHolder":{"@id":"https:\/\/www.gaveanews.com\/#organization"}},{"@type":"WebPage","@id":"https:\/\/www.gaveanews.com\/index.php\/2025\/02\/12\/neymar-faz-reclamacao-chegada-de-reforco-e-declaracao-de-zinho-as-ultimas-noticias-do-santos\/","url":"https:\/\/www.gaveanews.com\/index.php\/2025\/02\/12\/neymar-faz-reclamacao-chegada-de-reforco-e-declaracao-de-zinho-as-ultimas-noticias-do-santos\/","name":"Neymar faz reclama\u00e7\u00e3o, chegada de refor\u00e7o e declara\u00e7\u00e3o de Zinho: as \u00faltimas not\u00edcias do Santos","isPartOf":{"@id":"https:\/\/www.gaveanews.com\/#website"},"primaryImageOfPage":{"@id":"https:\/\/www.gaveanews.com\/index.php\/2025\/02\/12\/neymar-faz-reclamacao-chegada-de-reforco-e-declaracao-de-zinho-as-ultimas-noticias-do-santos\/#primaryimage"},"image":{"@id":"https:\/\/www.gaveanews.com\/index.php\/2025\/02\/12\/neymar-faz-reclamacao-chegada-de-reforco-e-declaracao-de-zinho-as-ultimas-noticias-do-santos\/#primaryimage"},"thumbnailUrl":"https:\/\/www.gaveanews.com\/wp-content\/uploads\/Escudo-do-Santos-1.webp","datePublished":"2025-02-12T08:40:00+00:00","author":{"@id":"https:\/\/www.gaveanews.com\/#\/schema\/person\/8207cd4627f56151707418bfc835b2fb"},"breadcrumb":{"@id":"https:\/\/www.gaveanews.com\/index.php\/2025\/02\/12\/neymar-faz-reclamacao-chegada-de-reforco-e-declaracao-de-zinho-as-ultimas-noticias-do-santos\/#breadcrumb"},"inLanguage":"pt-BR","potentialAction":[{"@type":"ReadAction","target":["https:\/\/www.gaveanews.com\/index.php\/2025\/02\/12\/neymar-faz-reclamacao-chegada-de-reforco-e-declaracao-de-zinho-as-ultimas-noticias-do-santos\/"]}]},{"@type":"ImageObject","inLanguage":"pt-BR","@id":"https:\/\/www.gaveanews.com\/index.php\/2025\/02\/12\/neymar-faz-reclamacao-chegada-de-reforco-e-declaracao-de-zinho-as-ultimas-noticias-do-santos\/#primaryimage","url":"https:\/\/www.gaveanews.com\/wp-content\/uploads\/Escudo-do-Santos-1.webp","contentUrl":"https:\/\/www.gaveanews.com\/wp-content\/uploads\/Escudo-do-Santos-1.webp","width":1300,"height":1056,"caption":"Escudo do Santos (Foto: Reprodu\u00e7\u00e3o\/Instagram)"},{"@type":"BreadcrumbList","@id":"https:\/\/www.gaveanews.com\/index.php\/2025\/02\/12\/neymar-faz-reclamacao-chegada-de-reforco-e-declaracao-de-zinho-as-ultimas-noticias-do-santos\/#breadcrumb","itemListElement":[{"@type":"ListItem","position":1,"name":"Home","item":"https:\/\/www.gaveanews.com\/"},{"@type":"ListItem","position":2,"name":"Neymar faz reclama\u00e7\u00e3o, chegada de refor\u00e7o e declara\u00e7\u00e3o de Zinho: as \u00faltimas not\u00edcias do Santos"}]},{"@type":"WebSite","@id":"https:\/\/www.gaveanews.com\/#website","url":"https:\/\/www.gaveanews.com\/","name":"G\u00e1vea News","description":"Veja todas as not\u00edcias sobre o Flamengo: Contrata\u00e7\u00f5es, categorias de base, resultados das partidas, tabela de classifica\u00e7\u00e3o, pr\u00f3ximos jogos!","potentialAction":[{"@type":"SearchAction","target":{"@type":"EntryPoint","urlTemplate":"https:\/\/www.gaveanews.com\/?s={search_term_string}"},"query-input":{"@type":"PropertyValueSpecification","valueRequired":true,"valueName":"search_term_string"}}],"inLanguage":"pt-BR"},{"@type":"Person","@id":"https:\/\/www.gaveanews.com\/#\/schema\/person\/8207cd4627f56151707418bfc835b2fb","name":"Matheus Felipe","image":{"@type":"ImageObject","inLanguage":"pt-BR","@id":"https:\/\/www.gaveanews.com\/#\/schema\/person\/image\/","url":"https:\/\/secure.gravatar.com\/avatar\/a452ffbed9130f726358b298bb3a99ce4bd3c5338411f8440e87e14d74c7c087?s=96&d=mm&r=g","contentUrl":"https:\/\/secure.gravatar.com\/avatar\/a452ffbed9130f726358b298bb3a99ce4bd3c5338411f8440e87e14d74c7c087?s=96&d=mm&r=g","caption":"Matheus Felipe"}}]}},"_links":{"self":[{"href":"https:\/\/www.gaveanews.com\/index.php\/wp-json\/wp\/v2\/posts\/226567","targetHints":{"allow":["GET"]}}],"collection":[{"href":"https:\/\/www.gaveanews.com\/index.php\/wp-json\/wp\/v2\/posts"}],"about":[{"href":"https:\/\/www.gaveanews.com\/index.php\/wp-json\/wp\/v2\/types\/post"}],"author":[{"embeddable":true,"href":"https:\/\/www.gaveanews.com\/index.php\/wp-json\/wp\/v2\/users\/27"}],"replies":[{"embeddable":true,"href":"https:\/\/www.gaveanews.com\/index.php\/wp-json\/wp\/v2\/comments?post=226567"}],"version-history":[{"count":1,"href":"https:\/\/www.gaveanews.com\/index.php\/wp-json\/wp\/v2\/posts\/226567\/revisions"}],"predecessor-version":[{"id":226614,"href":"https:\/\/www.gaveanews.com\/index.php\/wp-json\/wp\/v2\/posts\/226567\/revisions\/226614"}],"wp:featuredmedia":[{"embeddable":true,"href":"https:\/\/www.gaveanews.com\/index.php\/wp-json\/wp\/v2\/media\/152156"}],"wp:attachment":[{"href":"https:\/\/www.gaveanews.com\/index.php\/wp-json\/wp\/v2\/media?parent=226567"}],"wp:term":[{"taxonomy":"category","embeddable":true,"href":"https:\/\/www.gaveanews.com\/index.php\/wp-json\/wp\/v2\/categories?post=226567"},{"taxonomy":"post_tag","embeddable":true,"href":"https:\/\/www.gaveanews.com\/index.php\/wp-json\/wp\/v2\/tags?post=226567"}],"curies":[{"name":"wp","href":"https:\/\/api.w.org\/{rel}","templated":true}]}}