{"id":226579,"date":"2025-02-12T07:10:00","date_gmt":"2025-02-12T10:10:00","guid":{"rendered":"https:\/\/www.gaveanews.com\/?p=226579"},"modified":"2025-02-12T02:05:04","modified_gmt":"2025-02-12T05:05:04","slug":"lesao-de-bastos-futuro-de-matheus-nascimento-e-recado-de-eric-faria-as-ultimas-noticias-do-botafogo","status":"publish","type":"post","link":"https:\/\/www.gaveanews.com\/index.php\/2025\/02\/12\/lesao-de-bastos-futuro-de-matheus-nascimento-e-recado-de-eric-faria-as-ultimas-noticias-do-botafogo\/","title":{"rendered":"Les\u00e3o de Bastos, futuro de Matheus Nascimento e recado de Eric Faria: as \u00faltimas not\u00edcias do Botafogo"},"content":{"rendered":"\n<p>Nas \u00faltimas horas, o foco das not\u00edcias sobre o Botafogo se concentram nos bastidores do clube, com destaques do dia a dia do time.<\/p>\n\n\n\n<p>Por conta deste contexto, leia abaixo um resumo preparado pela equipe do portal G\u00e1vea News para lhe manter muito bem informado!<\/p>\n\n\n\n<h2 class=\"wp-block-heading\" id=\"h-recado-de-eric-faria\">Recado de Eric Faria<\/h2>\n\n\n\n<p>O jornalista Eric Faria avaliou o momento do Botafogo na temporada 2025 e apontou desafios que a equipe enfrenta. Apesar da vit\u00f3ria por 1 a 0 sobre o Nova Igua\u00e7u no Campeonato Carioca, o desempenho do time gerou cr\u00edticas, principalmente devido \u00e0 sa\u00edda de jogadores-chave como Luiz Henrique e Thiago Almada. Al\u00e9m disso, a aus\u00eancia de um t\u00e9cnico consolidado tem dificultado a adapta\u00e7\u00e3o do elenco \u00e0s novas ideias de jogo <strong><a href=\"https:\/\/www.gaveanews.com\/index.php\/2025\/02\/08\/eric-faria-e-sincero-ao-falar-sobre-o-time-do-botafogo-em-2025\/\">(leia a mat\u00e9ria completa).<\/a><\/strong><\/p>\n\n\n\n<figure class=\"wp-block-image size-large\"><img loading=\"lazy\" decoding=\"async\" width=\"1024\" height=\"631\" src=\"http:\/\/www.gaveanews.com\/wp-content\/uploads\/Eric-Faria-durante-um-programa-do-Grupo-Globo-1024x631.webp\" alt=\"\" class=\"wp-image-101416\" srcset=\"https:\/\/www.gaveanews.com\/wp-content\/uploads\/Eric-Faria-durante-um-programa-do-Grupo-Globo-1024x631.webp 1024w, https:\/\/www.gaveanews.com\/wp-content\/uploads\/Eric-Faria-durante-um-programa-do-Grupo-Globo-300x185.webp 300w, https:\/\/www.gaveanews.com\/wp-content\/uploads\/Eric-Faria-durante-um-programa-do-Grupo-Globo-768x474.webp 768w, https:\/\/www.gaveanews.com\/wp-content\/uploads\/Eric-Faria-durante-um-programa-do-Grupo-Globo-681x420.webp 681w, https:\/\/www.gaveanews.com\/wp-content\/uploads\/Eric-Faria-durante-um-programa-do-Grupo-Globo-640x395.webp 640w, https:\/\/www.gaveanews.com\/wp-content\/uploads\/Eric-Faria-durante-um-programa-do-Grupo-Globo-100x62.webp 100w, https:\/\/www.gaveanews.com\/wp-content\/uploads\/Eric-Faria-durante-um-programa-do-Grupo-Globo.webp 1200w\" sizes=\"auto, (max-width: 1024px) 100vw, 1024px\" \/><figcaption class=\"wp-element-caption\">Eric Faria durante um programa do Grupo Globo (Foto: Reprodu\u00e7\u00e3o)<\/figcaption><\/figure>\n\n\n\n<p>Durante o programa <em>Sele\u00e7\u00e3o Sportv<\/em>, Eric Faria destacou que o Botafogo encara o Campeonato Carioca mais como uma pr\u00e9-temporada do que como uma competi\u00e7\u00e3o priorit\u00e1ria, diferentemente de Flamengo, Vasco e Fluminense. <\/p>\n\n\n\n<p>O clube, sob a gest\u00e3o de John Textor, tem focado em projetos de longo prazo, o que se reflete nas escolhas da diretoria em rela\u00e7\u00e3o ao elenco e \u00e0 estrat\u00e9gia de jogo.<\/p>\n\n\n\n<p>Com o pr\u00f3ximo jogo marcado contra o Madureira, a equipe busca consolidar uma vaga entre os quatro primeiros da Ta\u00e7a Guanabara e recuperar a confian\u00e7a da torcida. No entanto, a press\u00e3o por resultados cresce \u00e0 medida que os problemas t\u00e1ticos e as dificuldades na adapta\u00e7\u00e3o de novos jogadores persistem. O Botafogo espera encontrar um ritmo mais consistente antes do in\u00edcio das competi\u00e7\u00f5es nacionais e continentais.<\/p>\n\n\n\n<h2 class=\"wp-block-heading\" id=\"h-futuro-de-matheus-nascimento\">Futuro de Matheus Nascimento<\/h2>\n\n\n\n<p>O Botafogo encaminhou o empr\u00e9stimo do atacante Matheus Nascimento para o Los Angeles Galaxy, dos Estados Unidos. O acordo ser\u00e1 v\u00e1lido at\u00e9 o final da temporada e inclui uma op\u00e7\u00e3o de compra, mas o clube carioca tenta estabelecer metas que possam tornar essa aquisi\u00e7\u00e3o obrigat\u00f3ria. Aos 20 anos, Matheus \u00e9 uma das joias das categorias de base alvinegras, mas n\u00e3o conseguiu se firmar no time principal <strong><a href=\"https:\/\/www.gaveanews.com\/index.php\/2025\/02\/08\/botafogo-define-futuro-de-matheus-nascimento\/\">(leia a mat\u00e9ria completa).<\/a><\/strong><\/p>\n\n\n\n<figure class=\"wp-block-image size-large\"><img loading=\"lazy\" decoding=\"async\" width=\"1024\" height=\"721\" src=\"http:\/\/www.gaveanews.com\/wp-content\/uploads\/Matheus-Nascimento-pelo-Botafogo-1024x721.webp\" alt=\"\" class=\"wp-image-168196\" srcset=\"https:\/\/www.gaveanews.com\/wp-content\/uploads\/Matheus-Nascimento-pelo-Botafogo-1024x721.webp 1024w, https:\/\/www.gaveanews.com\/wp-content\/uploads\/Matheus-Nascimento-pelo-Botafogo-300x211.webp 300w, https:\/\/www.gaveanews.com\/wp-content\/uploads\/Matheus-Nascimento-pelo-Botafogo-768x541.webp 768w, https:\/\/www.gaveanews.com\/wp-content\/uploads\/Matheus-Nascimento-pelo-Botafogo-596x420.webp 596w, https:\/\/www.gaveanews.com\/wp-content\/uploads\/Matheus-Nascimento-pelo-Botafogo-1193x840.webp 1193w, https:\/\/www.gaveanews.com\/wp-content\/uploads\/Matheus-Nascimento-pelo-Botafogo-640x451.webp 640w, https:\/\/www.gaveanews.com\/wp-content\/uploads\/Matheus-Nascimento-pelo-Botafogo-1280x901.webp 1280w, https:\/\/www.gaveanews.com\/wp-content\/uploads\/Matheus-Nascimento-pelo-Botafogo-681x480.webp 681w, https:\/\/www.gaveanews.com\/wp-content\/uploads\/Matheus-Nascimento-pelo-Botafogo-100x70.webp 100w, https:\/\/www.gaveanews.com\/wp-content\/uploads\/Matheus-Nascimento-pelo-Botafogo.webp 1356w\" sizes=\"auto, (max-width: 1024px) 100vw, 1024px\" \/><figcaption class=\"wp-element-caption\">Matheus Nascimento pelo Botafogo (Foto: Vitor Silva\/Botafogo)<\/figcaption><\/figure>\n\n\n\n<p>O jovem atacante estreou como profissional em 2020, aos 16 anos, e acumulou convoca\u00e7\u00f5es para sele\u00e7\u00f5es de base do Brasil. Em sua passagem pelo Botafogo, disputou 96 partidas, marcou 12 gols e deu seis assist\u00eancias. Em 2025, atuou em cinco jogos pelo Campeonato Carioca, sendo titular em quatro, e contribuiu com um gol e uma assist\u00eancia. Agora, ele ter\u00e1 a oportunidade de atuar na Major League Soccer, defendendo o atual campe\u00e3o da competi\u00e7\u00e3o.<\/p>\n\n\n\n<p>O Los Angeles Galaxy j\u00e1 teve sucesso ao contratar brasileiros, como Gabriel Pec, ex-Vasco, que se adaptou rapidamente e teve grande desempenho na equipe. A ida de Matheus Nascimento para a MLS pode representar uma nova chance para o atacante desenvolver seu futebol e, dependendo do rendimento, consolidar sua perman\u00eancia no clube norte-americano.<\/p>\n\n\n\n<h2 class=\"wp-block-heading\" id=\"h-lesao-de-bastos\">Les\u00e3o de Bastos<\/h2>\n\n\n\n<p>O Botafogo sofreu um duro golpe com a nova les\u00e3o do zagueiro Bastos, que retornava aos gramados ap\u00f3s um per\u00edodo de recupera\u00e7\u00e3o. O defensor sentiu dores no joelho esquerdo logo aos tr\u00eas minutos da partida contra o Nova Igua\u00e7u e precisou ser substitu\u00eddo. Al\u00e9m dele, Serafim, que entrou em seu lugar, tamb\u00e9m deixou o campo no segundo tempo com dores na coxa, agravando ainda mais os problemas defensivos da equipe <strong><a href=\"https:\/\/www.gaveanews.com\/index.php\/2025\/02\/08\/botafogo-recem-recuperado-de-lesao-jogador-se-machuca-novamente\/\">(leia a mat\u00e9ria completa).<\/a><\/strong><\/p>\n\n\n\n<figure class=\"wp-block-image size-full\"><img loading=\"lazy\" decoding=\"async\" width=\"667\" height=\"592\" src=\"http:\/\/www.gaveanews.com\/wp-content\/uploads\/Bastos-em-acao-pelo-Botafogo.webp\" alt=\"\" class=\"wp-image-170336\" srcset=\"https:\/\/www.gaveanews.com\/wp-content\/uploads\/Bastos-em-acao-pelo-Botafogo.webp 667w, https:\/\/www.gaveanews.com\/wp-content\/uploads\/Bastos-em-acao-pelo-Botafogo-300x266.webp 300w, https:\/\/www.gaveanews.com\/wp-content\/uploads\/Bastos-em-acao-pelo-Botafogo-473x420.webp 473w, https:\/\/www.gaveanews.com\/wp-content\/uploads\/Bastos-em-acao-pelo-Botafogo-640x568.webp 640w, https:\/\/www.gaveanews.com\/wp-content\/uploads\/Bastos-em-acao-pelo-Botafogo-100x89.webp 100w\" sizes=\"auto, (max-width: 667px) 100vw, 667px\" \/><figcaption class=\"wp-element-caption\">Bastos em a\u00e7\u00e3o pelo Botafogo (Foto: Vitor Silva\/Botafogo)<\/figcaption><\/figure>\n\n\n\n<p>A situa\u00e7\u00e3o preocupante n\u00e3o parou por a\u00ed. O atacante Artur, um dos refor\u00e7os do Botafogo para a temporada, tamb\u00e9m sofreu uma les\u00e3o na coxa esquerda ainda no primeiro tempo e teve que ser substitu\u00eddo. A gravidade das contus\u00f5es de Bastos e Artur ser\u00e1 avaliada nos pr\u00f3ximos dias, aumentando a incerteza sobre quando poder\u00e3o retornar aos gramados.<\/p>\n\n\n\n<p>O t\u00e9cnico Carlos Leiria destacou a import\u00e2ncia de Bastos para o time, mas reconheceu que o zagueiro vinha de um per\u00edodo curto de treinamento, o que exigia um planejamento cuidadoso para sua utiliza\u00e7\u00e3o. Agora, o Botafogo precisa lidar com essa s\u00e9rie de desfalques enquanto tenta manter um desempenho competitivo no Campeonato Carioca.<\/p>\n","protected":false},"excerpt":{"rendered":"<p>Nas \u00faltimas horas, o foco das not\u00edcias sobre o Botafogo se concentram nos bastidores do clube, com destaques do dia a dia do time. Por conta deste contexto, leia abaixo um resumo preparado pela equipe do portal G\u00e1vea News para lhe manter muito bem informado! Recado de Eric Faria O jornalista Eric Faria avaliou o [&hellip;]<\/p>\n","protected":false},"author":27,"featured_media":158965,"comment_status":"open","ping_status":"closed","sticky":false,"template":"","format":"standard","meta":{"footnotes":""},"categories":[138],"tags":[],"class_list":["post-226579","post","type-post","status-publish","format-standard","has-post-thumbnail","hentry","category-botafogo"],"yoast_head":"<!-- This site is optimized with the Yoast SEO Premium plugin v24.2 (Yoast SEO v26.9) - https:\/\/yoast.com\/product\/yoast-seo-premium-wordpress\/ -->\n<title>Les\u00e3o de Bastos, futuro de Matheus Nascimento e recado de Eric Faria: as \u00faltimas not\u00edcias do Botafogo<\/title>\n<meta name=\"robots\" content=\"index, follow, max-snippet:-1, max-image-preview:large, max-video-preview:-1\" \/>\n<link rel=\"canonical\" href=\"https:\/\/www.gaveanews.com\/index.php\/2025\/02\/12\/lesao-de-bastos-futuro-de-matheus-nascimento-e-recado-de-eric-faria-as-ultimas-noticias-do-botafogo\/\" \/>\n<meta property=\"og:locale\" content=\"pt_BR\" \/>\n<meta property=\"og:type\" content=\"article\" \/>\n<meta property=\"og:title\" content=\"Les\u00e3o de Bastos, futuro de Matheus Nascimento e recado de Eric Faria: as \u00faltimas not\u00edcias do Botafogo\" \/>\n<meta property=\"og:description\" content=\"Nas \u00faltimas horas, o foco das not\u00edcias sobre o Botafogo se concentram nos bastidores do clube, com destaques do dia a dia do time. Por conta deste contexto, leia abaixo um resumo preparado pela equipe do portal G\u00e1vea News para lhe manter muito bem informado! Recado de Eric Faria O jornalista Eric Faria avaliou o [&hellip;]\" \/>\n<meta property=\"og:url\" content=\"https:\/\/www.gaveanews.com\/index.php\/2025\/02\/12\/lesao-de-bastos-futuro-de-matheus-nascimento-e-recado-de-eric-faria-as-ultimas-noticias-do-botafogo\/\" \/>\n<meta property=\"og:site_name\" content=\"G\u00e1vea News\" \/>\n<meta property=\"article:publisher\" content=\"https:\/\/facebook.com\/gaveaNews\/\" \/>\n<meta property=\"article:published_time\" content=\"2025-02-12T10:10:00+00:00\" \/>\n<meta property=\"og:image\" content=\"https:\/\/www.gaveanews.com\/wp-content\/uploads\/53924402764_6b4493792f_o-e1723743312178.webp\" \/>\n\t<meta property=\"og:image:width\" content=\"1220\" \/>\n\t<meta property=\"og:image:height\" content=\"674\" \/>\n\t<meta property=\"og:image:type\" content=\"image\/webp\" \/>\n<meta name=\"author\" content=\"Matheus Felipe\" \/>\n<meta name=\"twitter:card\" content=\"summary_large_image\" \/>\n<meta name=\"twitter:label1\" content=\"Escrito por\" \/>\n\t<meta name=\"twitter:data1\" content=\"Matheus Felipe\" \/>\n\t<meta name=\"twitter:label2\" content=\"Est. tempo de leitura\" \/>\n\t<meta name=\"twitter:data2\" content=\"5 minutos\" \/>\n<script type=\"application\/ld+json\" class=\"yoast-schema-graph\">{\"@context\":\"https:\/\/schema.org\",\"@graph\":[{\"@type\":\"NewsArticle\",\"@id\":\"https:\/\/www.gaveanews.com\/index.php\/2025\/02\/12\/lesao-de-bastos-futuro-de-matheus-nascimento-e-recado-de-eric-faria-as-ultimas-noticias-do-botafogo\/#article\",\"isPartOf\":{\"@id\":\"https:\/\/www.gaveanews.com\/index.php\/2025\/02\/12\/lesao-de-bastos-futuro-de-matheus-nascimento-e-recado-de-eric-faria-as-ultimas-noticias-do-botafogo\/\"},\"author\":{\"name\":\"Matheus Felipe\",\"@id\":\"https:\/\/www.gaveanews.com\/#\/schema\/person\/8207cd4627f56151707418bfc835b2fb\"},\"headline\":\"Les\u00e3o de Bastos, futuro de Matheus Nascimento e recado de Eric Faria: as \u00faltimas not\u00edcias do Botafogo\",\"datePublished\":\"2025-02-12T10:10:00+00:00\",\"mainEntityOfPage\":{\"@id\":\"https:\/\/www.gaveanews.com\/index.php\/2025\/02\/12\/lesao-de-bastos-futuro-de-matheus-nascimento-e-recado-de-eric-faria-as-ultimas-noticias-do-botafogo\/\"},\"wordCount\":736,\"commentCount\":0,\"image\":{\"@id\":\"https:\/\/www.gaveanews.com\/index.php\/2025\/02\/12\/lesao-de-bastos-futuro-de-matheus-nascimento-e-recado-de-eric-faria-as-ultimas-noticias-do-botafogo\/#primaryimage\"},\"thumbnailUrl\":\"https:\/\/www.gaveanews.com\/wp-content\/uploads\/53924402764_6b4493792f_o-e1723743312178.webp\",\"articleSection\":[\"Botafogo\"],\"inLanguage\":\"pt-BR\",\"potentialAction\":[{\"@type\":\"CommentAction\",\"name\":\"Comment\",\"target\":[\"https:\/\/www.gaveanews.com\/index.php\/2025\/02\/12\/lesao-de-bastos-futuro-de-matheus-nascimento-e-recado-de-eric-faria-as-ultimas-noticias-do-botafogo\/#respond\"]}],\"copyrightYear\":\"2025\",\"copyrightHolder\":{\"@id\":\"https:\/\/www.gaveanews.com\/#organization\"}},{\"@type\":\"WebPage\",\"@id\":\"https:\/\/www.gaveanews.com\/index.php\/2025\/02\/12\/lesao-de-bastos-futuro-de-matheus-nascimento-e-recado-de-eric-faria-as-ultimas-noticias-do-botafogo\/\",\"url\":\"https:\/\/www.gaveanews.com\/index.php\/2025\/02\/12\/lesao-de-bastos-futuro-de-matheus-nascimento-e-recado-de-eric-faria-as-ultimas-noticias-do-botafogo\/\",\"name\":\"Les\u00e3o de Bastos, futuro de Matheus Nascimento e recado de Eric Faria: as \u00faltimas not\u00edcias do Botafogo\",\"isPartOf\":{\"@id\":\"https:\/\/www.gaveanews.com\/#website\"},\"primaryImageOfPage\":{\"@id\":\"https:\/\/www.gaveanews.com\/index.php\/2025\/02\/12\/lesao-de-bastos-futuro-de-matheus-nascimento-e-recado-de-eric-faria-as-ultimas-noticias-do-botafogo\/#primaryimage\"},\"image\":{\"@id\":\"https:\/\/www.gaveanews.com\/index.php\/2025\/02\/12\/lesao-de-bastos-futuro-de-matheus-nascimento-e-recado-de-eric-faria-as-ultimas-noticias-do-botafogo\/#primaryimage\"},\"thumbnailUrl\":\"https:\/\/www.gaveanews.com\/wp-content\/uploads\/53924402764_6b4493792f_o-e1723743312178.webp\",\"datePublished\":\"2025-02-12T10:10:00+00:00\",\"author\":{\"@id\":\"https:\/\/www.gaveanews.com\/#\/schema\/person\/8207cd4627f56151707418bfc835b2fb\"},\"breadcrumb\":{\"@id\":\"https:\/\/www.gaveanews.com\/index.php\/2025\/02\/12\/lesao-de-bastos-futuro-de-matheus-nascimento-e-recado-de-eric-faria-as-ultimas-noticias-do-botafogo\/#breadcrumb\"},\"inLanguage\":\"pt-BR\",\"potentialAction\":[{\"@type\":\"ReadAction\",\"target\":[\"https:\/\/www.gaveanews.com\/index.php\/2025\/02\/12\/lesao-de-bastos-futuro-de-matheus-nascimento-e-recado-de-eric-faria-as-ultimas-noticias-do-botafogo\/\"]}]},{\"@type\":\"ImageObject\",\"inLanguage\":\"pt-BR\",\"@id\":\"https:\/\/www.gaveanews.com\/index.php\/2025\/02\/12\/lesao-de-bastos-futuro-de-matheus-nascimento-e-recado-de-eric-faria-as-ultimas-noticias-do-botafogo\/#primaryimage\",\"url\":\"https:\/\/www.gaveanews.com\/wp-content\/uploads\/53924402764_6b4493792f_o-e1723743312178.webp\",\"contentUrl\":\"https:\/\/www.gaveanews.com\/wp-content\/uploads\/53924402764_6b4493792f_o-e1723743312178.webp\",\"width\":1220,\"height\":674,\"caption\":\"Torcida do Botafogo no jogo contra o Palmeiras pela Libertadores - Foto: Botafogo\/Flickr\"},{\"@type\":\"BreadcrumbList\",\"@id\":\"https:\/\/www.gaveanews.com\/index.php\/2025\/02\/12\/lesao-de-bastos-futuro-de-matheus-nascimento-e-recado-de-eric-faria-as-ultimas-noticias-do-botafogo\/#breadcrumb\",\"itemListElement\":[{\"@type\":\"ListItem\",\"position\":1,\"name\":\"Home\",\"item\":\"https:\/\/www.gaveanews.com\/\"},{\"@type\":\"ListItem\",\"position\":2,\"name\":\"Les\u00e3o de Bastos, futuro de Matheus Nascimento e recado de Eric Faria: as \u00faltimas not\u00edcias do Botafogo\"}]},{\"@type\":\"WebSite\",\"@id\":\"https:\/\/www.gaveanews.com\/#website\",\"url\":\"https:\/\/www.gaveanews.com\/\",\"name\":\"G\u00e1vea News\",\"description\":\"Veja todas as not\u00edcias sobre o Flamengo: Contrata\u00e7\u00f5es, categorias de base, resultados das partidas, tabela de classifica\u00e7\u00e3o, pr\u00f3ximos jogos!\",\"potentialAction\":[{\"@type\":\"SearchAction\",\"target\":{\"@type\":\"EntryPoint\",\"urlTemplate\":\"https:\/\/www.gaveanews.com\/?s={search_term_string}\"},\"query-input\":{\"@type\":\"PropertyValueSpecification\",\"valueRequired\":true,\"valueName\":\"search_term_string\"}}],\"inLanguage\":\"pt-BR\"},{\"@type\":\"Person\",\"@id\":\"https:\/\/www.gaveanews.com\/#\/schema\/person\/8207cd4627f56151707418bfc835b2fb\",\"name\":\"Matheus Felipe\",\"image\":{\"@type\":\"ImageObject\",\"inLanguage\":\"pt-BR\",\"@id\":\"https:\/\/www.gaveanews.com\/#\/schema\/person\/image\/\",\"url\":\"https:\/\/secure.gravatar.com\/avatar\/a452ffbed9130f726358b298bb3a99ce4bd3c5338411f8440e87e14d74c7c087?s=96&d=mm&r=g\",\"contentUrl\":\"https:\/\/secure.gravatar.com\/avatar\/a452ffbed9130f726358b298bb3a99ce4bd3c5338411f8440e87e14d74c7c087?s=96&d=mm&r=g\",\"caption\":\"Matheus Felipe\"}}]}<\/script>\n<!-- \/ Yoast SEO Premium plugin. -->","yoast_head_json":{"title":"Les\u00e3o de Bastos, futuro de Matheus Nascimento e recado de Eric Faria: as \u00faltimas not\u00edcias do Botafogo","robots":{"index":"index","follow":"follow","max-snippet":"max-snippet:-1","max-image-preview":"max-image-preview:large","max-video-preview":"max-video-preview:-1"},"canonical":"https:\/\/www.gaveanews.com\/index.php\/2025\/02\/12\/lesao-de-bastos-futuro-de-matheus-nascimento-e-recado-de-eric-faria-as-ultimas-noticias-do-botafogo\/","og_locale":"pt_BR","og_type":"article","og_title":"Les\u00e3o de Bastos, futuro de Matheus Nascimento e recado de Eric Faria: as \u00faltimas not\u00edcias do Botafogo","og_description":"Nas \u00faltimas horas, o foco das not\u00edcias sobre o Botafogo se concentram nos bastidores do clube, com destaques do dia a dia do time. Por conta deste contexto, leia abaixo um resumo preparado pela equipe do portal G\u00e1vea News para lhe manter muito bem informado! Recado de Eric Faria O jornalista Eric Faria avaliou o [&hellip;]","og_url":"https:\/\/www.gaveanews.com\/index.php\/2025\/02\/12\/lesao-de-bastos-futuro-de-matheus-nascimento-e-recado-de-eric-faria-as-ultimas-noticias-do-botafogo\/","og_site_name":"G\u00e1vea News","article_publisher":"https:\/\/facebook.com\/gaveaNews\/","article_published_time":"2025-02-12T10:10:00+00:00","og_image":[{"width":1220,"height":674,"url":"https:\/\/www.gaveanews.com\/wp-content\/uploads\/53924402764_6b4493792f_o-e1723743312178.webp","type":"image\/webp"}],"author":"Matheus Felipe","twitter_card":"summary_large_image","twitter_misc":{"Escrito por":"Matheus Felipe","Est. tempo de leitura":"5 minutos"},"schema":{"@context":"https:\/\/schema.org","@graph":[{"@type":"NewsArticle","@id":"https:\/\/www.gaveanews.com\/index.php\/2025\/02\/12\/lesao-de-bastos-futuro-de-matheus-nascimento-e-recado-de-eric-faria-as-ultimas-noticias-do-botafogo\/#article","isPartOf":{"@id":"https:\/\/www.gaveanews.com\/index.php\/2025\/02\/12\/lesao-de-bastos-futuro-de-matheus-nascimento-e-recado-de-eric-faria-as-ultimas-noticias-do-botafogo\/"},"author":{"name":"Matheus Felipe","@id":"https:\/\/www.gaveanews.com\/#\/schema\/person\/8207cd4627f56151707418bfc835b2fb"},"headline":"Les\u00e3o de Bastos, futuro de Matheus Nascimento e recado de Eric Faria: as \u00faltimas not\u00edcias do Botafogo","datePublished":"2025-02-12T10:10:00+00:00","mainEntityOfPage":{"@id":"https:\/\/www.gaveanews.com\/index.php\/2025\/02\/12\/lesao-de-bastos-futuro-de-matheus-nascimento-e-recado-de-eric-faria-as-ultimas-noticias-do-botafogo\/"},"wordCount":736,"commentCount":0,"image":{"@id":"https:\/\/www.gaveanews.com\/index.php\/2025\/02\/12\/lesao-de-bastos-futuro-de-matheus-nascimento-e-recado-de-eric-faria-as-ultimas-noticias-do-botafogo\/#primaryimage"},"thumbnailUrl":"https:\/\/www.gaveanews.com\/wp-content\/uploads\/53924402764_6b4493792f_o-e1723743312178.webp","articleSection":["Botafogo"],"inLanguage":"pt-BR","potentialAction":[{"@type":"CommentAction","name":"Comment","target":["https:\/\/www.gaveanews.com\/index.php\/2025\/02\/12\/lesao-de-bastos-futuro-de-matheus-nascimento-e-recado-de-eric-faria-as-ultimas-noticias-do-botafogo\/#respond"]}],"copyrightYear":"2025","copyrightHolder":{"@id":"https:\/\/www.gaveanews.com\/#organization"}},{"@type":"WebPage","@id":"https:\/\/www.gaveanews.com\/index.php\/2025\/02\/12\/lesao-de-bastos-futuro-de-matheus-nascimento-e-recado-de-eric-faria-as-ultimas-noticias-do-botafogo\/","url":"https:\/\/www.gaveanews.com\/index.php\/2025\/02\/12\/lesao-de-bastos-futuro-de-matheus-nascimento-e-recado-de-eric-faria-as-ultimas-noticias-do-botafogo\/","name":"Les\u00e3o de Bastos, futuro de Matheus Nascimento e recado de Eric Faria: as \u00faltimas not\u00edcias do Botafogo","isPartOf":{"@id":"https:\/\/www.gaveanews.com\/#website"},"primaryImageOfPage":{"@id":"https:\/\/www.gaveanews.com\/index.php\/2025\/02\/12\/lesao-de-bastos-futuro-de-matheus-nascimento-e-recado-de-eric-faria-as-ultimas-noticias-do-botafogo\/#primaryimage"},"image":{"@id":"https:\/\/www.gaveanews.com\/index.php\/2025\/02\/12\/lesao-de-bastos-futuro-de-matheus-nascimento-e-recado-de-eric-faria-as-ultimas-noticias-do-botafogo\/#primaryimage"},"thumbnailUrl":"https:\/\/www.gaveanews.com\/wp-content\/uploads\/53924402764_6b4493792f_o-e1723743312178.webp","datePublished":"2025-02-12T10:10:00+00:00","author":{"@id":"https:\/\/www.gaveanews.com\/#\/schema\/person\/8207cd4627f56151707418bfc835b2fb"},"breadcrumb":{"@id":"https:\/\/www.gaveanews.com\/index.php\/2025\/02\/12\/lesao-de-bastos-futuro-de-matheus-nascimento-e-recado-de-eric-faria-as-ultimas-noticias-do-botafogo\/#breadcrumb"},"inLanguage":"pt-BR","potentialAction":[{"@type":"ReadAction","target":["https:\/\/www.gaveanews.com\/index.php\/2025\/02\/12\/lesao-de-bastos-futuro-de-matheus-nascimento-e-recado-de-eric-faria-as-ultimas-noticias-do-botafogo\/"]}]},{"@type":"ImageObject","inLanguage":"pt-BR","@id":"https:\/\/www.gaveanews.com\/index.php\/2025\/02\/12\/lesao-de-bastos-futuro-de-matheus-nascimento-e-recado-de-eric-faria-as-ultimas-noticias-do-botafogo\/#primaryimage","url":"https:\/\/www.gaveanews.com\/wp-content\/uploads\/53924402764_6b4493792f_o-e1723743312178.webp","contentUrl":"https:\/\/www.gaveanews.com\/wp-content\/uploads\/53924402764_6b4493792f_o-e1723743312178.webp","width":1220,"height":674,"caption":"Torcida do Botafogo no jogo contra o Palmeiras pela Libertadores - Foto: Botafogo\/Flickr"},{"@type":"BreadcrumbList","@id":"https:\/\/www.gaveanews.com\/index.php\/2025\/02\/12\/lesao-de-bastos-futuro-de-matheus-nascimento-e-recado-de-eric-faria-as-ultimas-noticias-do-botafogo\/#breadcrumb","itemListElement":[{"@type":"ListItem","position":1,"name":"Home","item":"https:\/\/www.gaveanews.com\/"},{"@type":"ListItem","position":2,"name":"Les\u00e3o de Bastos, futuro de Matheus Nascimento e recado de Eric Faria: as \u00faltimas not\u00edcias do Botafogo"}]},{"@type":"WebSite","@id":"https:\/\/www.gaveanews.com\/#website","url":"https:\/\/www.gaveanews.com\/","name":"G\u00e1vea News","description":"Veja todas as not\u00edcias sobre o Flamengo: Contrata\u00e7\u00f5es, categorias de base, resultados das partidas, tabela de classifica\u00e7\u00e3o, pr\u00f3ximos jogos!","potentialAction":[{"@type":"SearchAction","target":{"@type":"EntryPoint","urlTemplate":"https:\/\/www.gaveanews.com\/?s={search_term_string}"},"query-input":{"@type":"PropertyValueSpecification","valueRequired":true,"valueName":"search_term_string"}}],"inLanguage":"pt-BR"},{"@type":"Person","@id":"https:\/\/www.gaveanews.com\/#\/schema\/person\/8207cd4627f56151707418bfc835b2fb","name":"Matheus Felipe","image":{"@type":"ImageObject","inLanguage":"pt-BR","@id":"https:\/\/www.gaveanews.com\/#\/schema\/person\/image\/","url":"https:\/\/secure.gravatar.com\/avatar\/a452ffbed9130f726358b298bb3a99ce4bd3c5338411f8440e87e14d74c7c087?s=96&d=mm&r=g","contentUrl":"https:\/\/secure.gravatar.com\/avatar\/a452ffbed9130f726358b298bb3a99ce4bd3c5338411f8440e87e14d74c7c087?s=96&d=mm&r=g","caption":"Matheus Felipe"}}]}},"_links":{"self":[{"href":"https:\/\/www.gaveanews.com\/index.php\/wp-json\/wp\/v2\/posts\/226579","targetHints":{"allow":["GET"]}}],"collection":[{"href":"https:\/\/www.gaveanews.com\/index.php\/wp-json\/wp\/v2\/posts"}],"about":[{"href":"https:\/\/www.gaveanews.com\/index.php\/wp-json\/wp\/v2\/types\/post"}],"author":[{"embeddable":true,"href":"https:\/\/www.gaveanews.com\/index.php\/wp-json\/wp\/v2\/users\/27"}],"replies":[{"embeddable":true,"href":"https:\/\/www.gaveanews.com\/index.php\/wp-json\/wp\/v2\/comments?post=226579"}],"version-history":[{"count":1,"href":"https:\/\/www.gaveanews.com\/index.php\/wp-json\/wp\/v2\/posts\/226579\/revisions"}],"predecessor-version":[{"id":226581,"href":"https:\/\/www.gaveanews.com\/index.php\/wp-json\/wp\/v2\/posts\/226579\/revisions\/226581"}],"wp:featuredmedia":[{"embeddable":true,"href":"https:\/\/www.gaveanews.com\/index.php\/wp-json\/wp\/v2\/media\/158965"}],"wp:attachment":[{"href":"https:\/\/www.gaveanews.com\/index.php\/wp-json\/wp\/v2\/media?parent=226579"}],"wp:term":[{"taxonomy":"category","embeddable":true,"href":"https:\/\/www.gaveanews.com\/index.php\/wp-json\/wp\/v2\/categories?post=226579"},{"taxonomy":"post_tag","embeddable":true,"href":"https:\/\/www.gaveanews.com\/index.php\/wp-json\/wp\/v2\/tags?post=226579"}],"curies":[{"name":"wp","href":"https:\/\/api.w.org\/{rel}","templated":true}]}}