{"id":226582,"date":"2025-02-12T06:15:00","date_gmt":"2025-02-12T09:15:00","guid":{"rendered":"https:\/\/www.gaveanews.com\/?p=226582"},"modified":"2025-02-12T02:11:41","modified_gmt":"2025-02-12T05:11:41","slug":"esquema-especial-declaracao-de-fabricio-bruno-e-alerta-ligado-as-ultimas-noticias-do-cruzeiro","status":"publish","type":"post","link":"https:\/\/www.gaveanews.com\/index.php\/2025\/02\/12\/esquema-especial-declaracao-de-fabricio-bruno-e-alerta-ligado-as-ultimas-noticias-do-cruzeiro\/","title":{"rendered":"Esquema especial, declara\u00e7\u00e3o de Fabr\u00edcio Bruno e alerta ligado: as \u00faltimas not\u00edcias do Cruzeiro"},"content":{"rendered":"\n<p>Nas \u00faltimas horas, o foco das not\u00edcias sobre o Cruzeiro se concentram nos bastidores do clube, com destaques do dia a dia do time.<\/p>\n\n\n\n<p>Por conta deste contexto, leia abaixo um resumo preparado pela equipe do portal G\u00e1vea News para lhe manter muito bem informado!<\/p>\n\n\n\n<h2 class=\"wp-block-heading\" id=\"h-alerta-ligado\">Alerta ligado<\/h2>\n\n\n\n<p>O Cruzeiro ligou o sinal de alerta para dois jogadores antes do cl\u00e1ssico contra o Atl\u00e9tico-MG, v\u00e1lido pela 7\u00aa rodada do Campeonato Mineiro. O zagueiro Fabr\u00edcio Bruno e o volante Lucas Romero est\u00e3o pendurados com dois cart\u00f5es amarelos e, caso sejam advertidos novamente, ficar\u00e3o suspensos para a \u00faltima rodada da fase de grupos. A partida ser\u00e1 disputada no domingo (9), \u00e0s 16h, no Mineir\u00e3o, e pode ser decisiva para a classifica\u00e7\u00e3o do time celeste \u00e0s semifinais do estadual<strong>.<\/strong><\/p>\n\n\n\n<figure class=\"wp-block-image size-full\"><img loading=\"lazy\" decoding=\"async\" width=\"665\" height=\"500\" src=\"http:\/\/www.gaveanews.com\/wp-content\/uploads\/Lucas-Romero-pelo-Cruzeiro.webp\" alt=\"\" class=\"wp-image-170359\" srcset=\"https:\/\/www.gaveanews.com\/wp-content\/uploads\/Lucas-Romero-pelo-Cruzeiro.webp 665w, https:\/\/www.gaveanews.com\/wp-content\/uploads\/Lucas-Romero-pelo-Cruzeiro-300x226.webp 300w, https:\/\/www.gaveanews.com\/wp-content\/uploads\/Lucas-Romero-pelo-Cruzeiro-559x420.webp 559w, https:\/\/www.gaveanews.com\/wp-content\/uploads\/Lucas-Romero-pelo-Cruzeiro-80x60.webp 80w, https:\/\/www.gaveanews.com\/wp-content\/uploads\/Lucas-Romero-pelo-Cruzeiro-160x120.webp 160w, https:\/\/www.gaveanews.com\/wp-content\/uploads\/Lucas-Romero-pelo-Cruzeiro-100x75.webp 100w, https:\/\/www.gaveanews.com\/wp-content\/uploads\/Lucas-Romero-pelo-Cruzeiro-200x150.webp 200w, https:\/\/www.gaveanews.com\/wp-content\/uploads\/Lucas-Romero-pelo-Cruzeiro-180x135.webp 180w, https:\/\/www.gaveanews.com\/wp-content\/uploads\/Lucas-Romero-pelo-Cruzeiro-360x270.webp 360w, https:\/\/www.gaveanews.com\/wp-content\/uploads\/Lucas-Romero-pelo-Cruzeiro-238x178.webp 238w, https:\/\/www.gaveanews.com\/wp-content\/uploads\/Lucas-Romero-pelo-Cruzeiro-640x481.webp 640w\" sizes=\"auto, (max-width: 665px) 100vw, 665px\" \/><figcaption class=\"wp-element-caption\">Lucas Romero pelo Cruzeiro (Foto: Bruno Haddad\/Cruzeiro)<\/figcaption><\/figure>\n\n\n\n<p>A preocupa\u00e7\u00e3o da comiss\u00e3o t\u00e9cnica \u00e9 manter a equipe completa na reta final do torneio, especialmente considerando que Romero e Fabr\u00edcio Bruno s\u00e3o pe\u00e7as-chave no sistema defensivo. <\/p>\n\n\n\n<p>O capit\u00e3o do Cruzeiro recebeu cart\u00f5es nas partidas contra o Athletic e Itabirito, enquanto o zagueiro foi advertido nos jogos contra Athletic e Am\u00e9rica-MG. Com 10 pontos, o Cruzeiro precisa de uma vit\u00f3ria e de uma combina\u00e7\u00e3o de resultados para garantir a vaga antecipada na pr\u00f3xima fase.<\/p>\n\n\n\n<p>O cl\u00e1ssico promete grande mobiliza\u00e7\u00e3o, com expectativa de p\u00fablico superior a 60 mil torcedores. Al\u00e9m da rivalidade hist\u00f3rica, a partida ser\u00e1 crucial para definir os rumos das equipes na competi\u00e7\u00e3o. O Cruzeiro busca embalar ap\u00f3s bons resultados, enquanto o Am\u00e9rica-MG e o Athletic ainda brigam por posi\u00e7\u00f5es no Grupo B.<\/p>\n\n\n\n<h2 class=\"wp-block-heading\" id=\"h-declaracao-de-fabricio-bruno\">Declara\u00e7\u00e3o de Fabr\u00edcio Bruno<\/h2>\n\n\n\n<p>O zagueiro Fabr\u00edcio Bruno, do Cruzeiro, minimizou a rivalidade com Lyanco, do Atl\u00e9tico-MG, antes do cl\u00e1ssico entre as equipes pelo Campeonato Mineiro. Ap\u00f3s o empate em 1 a 1 contra o Am\u00e9rica-MG, ele afirmou estar focado apenas no desempenho do time celeste e ressaltou que n\u00e3o far\u00e1 nada al\u00e9m do habitual no duelo contra o Galo, destacando a import\u00e2ncia de manter a mesma postura adotada nos jogos recentes<strong><a href=\"https:\/\/www.gaveanews.com\/index.php\/2025\/02\/06\/cruzeiro-a-declaracao-de-fabricio-bruno-direcionada-a-lyanco-do-atletico-mg\/\"> (leia a mat\u00e9ria completa).<\/a><\/strong><\/p>\n\n\n\n<figure class=\"wp-block-image size-full\"><img loading=\"lazy\" decoding=\"async\" width=\"473\" height=\"575\" src=\"http:\/\/www.gaveanews.com\/wp-content\/uploads\/Fabricio-Bruno-pelo-Cruzeiro.webp\" alt=\"\" class=\"wp-image-213420\" srcset=\"https:\/\/www.gaveanews.com\/wp-content\/uploads\/Fabricio-Bruno-pelo-Cruzeiro.webp 473w, https:\/\/www.gaveanews.com\/wp-content\/uploads\/Fabricio-Bruno-pelo-Cruzeiro-247x300.webp 247w, https:\/\/www.gaveanews.com\/wp-content\/uploads\/Fabricio-Bruno-pelo-Cruzeiro-345x420.webp 345w, https:\/\/www.gaveanews.com\/wp-content\/uploads\/Fabricio-Bruno-pelo-Cruzeiro-100x122.webp 100w\" sizes=\"auto, (max-width: 473px) 100vw, 473px\" \/><figcaption class=\"wp-element-caption\">Fabr\u00edcio Bruno pelo Cruzeiro (Foto: Gustavo Aleixo\/Cruzeiro)\n\n<\/figcaption><\/figure>\n\n\n\n<p>A tens\u00e3o entre os jogadores come\u00e7ou na pr\u00e9-temporada, durante a FC Series nos Estados Unidos, quando Cruzeiro e Atl\u00e9tico-MG empataram sem gols. Na ocasi\u00e3o, Fabr\u00edcio Bruno criticou a postura de Lyanco, sugerindo que o defensor rival \u00e0s vezes exagera dentro de campo. Em resposta, Lyanco ironizou a declara\u00e7\u00e3o, questionando a experi\u00eancia do cruzeirense e minimizando a discuss\u00e3o sobre velocidade e for\u00e7a f\u00edsica.<\/p>\n\n\n\n<p>Agora, com o cl\u00e1ssico marcado para domingo (9), \u00e0s 16h, no Mineir\u00e3o, a expectativa cresce n\u00e3o apenas pela rivalidade entre os clubes, mas tamb\u00e9m pelo reencontro dos zagueiros em campo. Al\u00e9m da disputa pelo orgulho local, o Cruzeiro tem a chance de eliminar o Atl\u00e9tico-MG da pr\u00f3xima fase do estadual, aumentando ainda mais a tens\u00e3o para o confronto.<\/p>\n\n\n\n<h2 class=\"wp-block-heading\" id=\"h-esquema-especial\">Esquema especial<\/h2>\n\n\n\n<p>O Cruzeiro montou um esquema especial para que Leonardo Jardim pudesse avaliar melhor o elenco antes de assumir o comando da equipe. No duelo contra o Uberl\u00e2ndia, o time celeste utilizou uma forma\u00e7\u00e3o alternativa, permitindo que o treinador interino Wesley Carvalho testasse diferentes jogadores e repassasse informa\u00e7\u00f5es ao novo t\u00e9cnico. O Cruzeiro venceu a partida por 3 a 1, e alguns titulares come\u00e7aram no banco para dar espa\u00e7o a atletas que ainda n\u00e3o haviam atuado na temporada <strong><a href=\"https:\/\/www.gaveanews.com\/index.php\/2025\/02\/06\/cruzeiro-montou-esquema-especial-para-leonardo-jardim-entenda\/\">(leia a mat\u00e9ria completa).<\/a><\/strong><\/p>\n\n\n\n<figure class=\"wp-block-image size-full\"><img loading=\"lazy\" decoding=\"async\" width=\"799\" height=\"533\" src=\"http:\/\/www.gaveanews.com\/wp-content\/uploads\/Pedro-Lourenco-e-Leonardo-Jardim-durante-partida-do-Cruzeiro-em-2025.webp\" alt=\"\" class=\"wp-image-225547\"\/><figcaption class=\"wp-element-caption\">Pedro Louren\u00e7o e Leonardo Jardim durante partida do Cruzeiro em 2025 (Foto: Gustavo Aleixo\/Cruzeiro)<\/figcaption><\/figure>\n\n\n\n<p>Wesley destacou que tem mantido um contato constante com Leonardo Jardim, compartilhando detalhes sobre o desempenho da equipe e discutindo estrat\u00e9gias. O objetivo \u00e9 facilitar a adapta\u00e7\u00e3o do portugu\u00eas e garantir que ele tenha um panorama completo do elenco antes de assumir o time de forma definitiva. A Raposa tamb\u00e9m busca garantir a classifica\u00e7\u00e3o antecipada no Campeonato Mineiro para que o novo treinador possa iniciar seu trabalho com mais tranquilidade.<\/p>\n\n\n\n<p>O Cruzeiro lidera o Grupo C da competi\u00e7\u00e3o, enquanto o Atl\u00e9tico-MG, seu pr\u00f3ximo advers\u00e1rio, ocupa a terceira posi\u00e7\u00e3o no Grupo A. O cl\u00e1ssico contra o Galo ser\u00e1 um teste importante para a equipe, que deseja consolidar sua posi\u00e7\u00e3o na tabela e oferecer um cen\u00e1rio favor\u00e1vel para a chegada de Jardim.<\/p>\n","protected":false},"excerpt":{"rendered":"<p>Nas \u00faltimas horas, o foco das not\u00edcias sobre o Cruzeiro se concentram nos bastidores do clube, com destaques do dia a dia do time. Por conta deste contexto, leia abaixo um resumo preparado pela equipe do portal G\u00e1vea News para lhe manter muito bem informado! Alerta ligado O Cruzeiro ligou o sinal de alerta para [&hellip;]<\/p>\n","protected":false},"author":27,"featured_media":163709,"comment_status":"open","ping_status":"closed","sticky":false,"template":"","format":"standard","meta":{"footnotes":""},"categories":[143],"tags":[],"class_list":["post-226582","post","type-post","status-publish","format-standard","has-post-thumbnail","hentry","category-cruzeiro"],"yoast_head":"<!-- This site is optimized with the Yoast SEO Premium plugin v24.2 (Yoast SEO v26.9) - https:\/\/yoast.com\/product\/yoast-seo-premium-wordpress\/ -->\n<title>Esquema especial, declara\u00e7\u00e3o de Fabr\u00edcio Bruno e alerta ligado: as \u00faltimas not\u00edcias do Cruzeiro<\/title>\n<meta name=\"robots\" content=\"index, follow, max-snippet:-1, max-image-preview:large, max-video-preview:-1\" \/>\n<link rel=\"canonical\" href=\"https:\/\/www.gaveanews.com\/index.php\/2025\/02\/12\/esquema-especial-declaracao-de-fabricio-bruno-e-alerta-ligado-as-ultimas-noticias-do-cruzeiro\/\" \/>\n<meta property=\"og:locale\" content=\"pt_BR\" \/>\n<meta property=\"og:type\" content=\"article\" \/>\n<meta property=\"og:title\" content=\"Esquema especial, declara\u00e7\u00e3o de Fabr\u00edcio Bruno e alerta ligado: as \u00faltimas not\u00edcias do Cruzeiro\" \/>\n<meta property=\"og:description\" content=\"Nas \u00faltimas horas, o foco das not\u00edcias sobre o Cruzeiro se concentram nos bastidores do clube, com destaques do dia a dia do time. Por conta deste contexto, leia abaixo um resumo preparado pela equipe do portal G\u00e1vea News para lhe manter muito bem informado! Alerta ligado O Cruzeiro ligou o sinal de alerta para [&hellip;]\" \/>\n<meta property=\"og:url\" content=\"https:\/\/www.gaveanews.com\/index.php\/2025\/02\/12\/esquema-especial-declaracao-de-fabricio-bruno-e-alerta-ligado-as-ultimas-noticias-do-cruzeiro\/\" \/>\n<meta property=\"og:site_name\" content=\"G\u00e1vea News\" \/>\n<meta property=\"article:publisher\" content=\"https:\/\/facebook.com\/gaveaNews\/\" \/>\n<meta property=\"article:published_time\" content=\"2025-02-12T09:15:00+00:00\" \/>\n<meta property=\"og:image\" content=\"https:\/\/www.gaveanews.com\/wp-content\/uploads\/Camisa-do-Cruzeiro-2024.webp\" \/>\n\t<meta property=\"og:image:width\" content=\"1292\" \/>\n\t<meta property=\"og:image:height\" content=\"861\" \/>\n\t<meta property=\"og:image:type\" content=\"image\/webp\" \/>\n<meta name=\"author\" content=\"Matheus Felipe\" \/>\n<meta name=\"twitter:card\" content=\"summary_large_image\" \/>\n<meta name=\"twitter:label1\" content=\"Escrito por\" \/>\n\t<meta name=\"twitter:data1\" content=\"Matheus Felipe\" \/>\n\t<meta name=\"twitter:label2\" content=\"Est. tempo de leitura\" \/>\n\t<meta name=\"twitter:data2\" content=\"5 minutos\" \/>\n<script type=\"application\/ld+json\" class=\"yoast-schema-graph\">{\"@context\":\"https:\/\/schema.org\",\"@graph\":[{\"@type\":\"NewsArticle\",\"@id\":\"https:\/\/www.gaveanews.com\/index.php\/2025\/02\/12\/esquema-especial-declaracao-de-fabricio-bruno-e-alerta-ligado-as-ultimas-noticias-do-cruzeiro\/#article\",\"isPartOf\":{\"@id\":\"https:\/\/www.gaveanews.com\/index.php\/2025\/02\/12\/esquema-especial-declaracao-de-fabricio-bruno-e-alerta-ligado-as-ultimas-noticias-do-cruzeiro\/\"},\"author\":{\"name\":\"Matheus Felipe\",\"@id\":\"https:\/\/www.gaveanews.com\/#\/schema\/person\/8207cd4627f56151707418bfc835b2fb\"},\"headline\":\"Esquema especial, declara\u00e7\u00e3o de Fabr\u00edcio Bruno e alerta ligado: as \u00faltimas not\u00edcias do Cruzeiro\",\"datePublished\":\"2025-02-12T09:15:00+00:00\",\"mainEntityOfPage\":{\"@id\":\"https:\/\/www.gaveanews.com\/index.php\/2025\/02\/12\/esquema-especial-declaracao-de-fabricio-bruno-e-alerta-ligado-as-ultimas-noticias-do-cruzeiro\/\"},\"wordCount\":770,\"commentCount\":0,\"image\":{\"@id\":\"https:\/\/www.gaveanews.com\/index.php\/2025\/02\/12\/esquema-especial-declaracao-de-fabricio-bruno-e-alerta-ligado-as-ultimas-noticias-do-cruzeiro\/#primaryimage\"},\"thumbnailUrl\":\"https:\/\/www.gaveanews.com\/wp-content\/uploads\/Camisa-do-Cruzeiro-2024.webp\",\"articleSection\":[\"Cruzeiro\"],\"inLanguage\":\"pt-BR\",\"potentialAction\":[{\"@type\":\"CommentAction\",\"name\":\"Comment\",\"target\":[\"https:\/\/www.gaveanews.com\/index.php\/2025\/02\/12\/esquema-especial-declaracao-de-fabricio-bruno-e-alerta-ligado-as-ultimas-noticias-do-cruzeiro\/#respond\"]}],\"copyrightYear\":\"2025\",\"copyrightHolder\":{\"@id\":\"https:\/\/www.gaveanews.com\/#organization\"}},{\"@type\":\"WebPage\",\"@id\":\"https:\/\/www.gaveanews.com\/index.php\/2025\/02\/12\/esquema-especial-declaracao-de-fabricio-bruno-e-alerta-ligado-as-ultimas-noticias-do-cruzeiro\/\",\"url\":\"https:\/\/www.gaveanews.com\/index.php\/2025\/02\/12\/esquema-especial-declaracao-de-fabricio-bruno-e-alerta-ligado-as-ultimas-noticias-do-cruzeiro\/\",\"name\":\"Esquema especial, declara\u00e7\u00e3o de Fabr\u00edcio Bruno e alerta ligado: as \u00faltimas not\u00edcias do Cruzeiro\",\"isPartOf\":{\"@id\":\"https:\/\/www.gaveanews.com\/#website\"},\"primaryImageOfPage\":{\"@id\":\"https:\/\/www.gaveanews.com\/index.php\/2025\/02\/12\/esquema-especial-declaracao-de-fabricio-bruno-e-alerta-ligado-as-ultimas-noticias-do-cruzeiro\/#primaryimage\"},\"image\":{\"@id\":\"https:\/\/www.gaveanews.com\/index.php\/2025\/02\/12\/esquema-especial-declaracao-de-fabricio-bruno-e-alerta-ligado-as-ultimas-noticias-do-cruzeiro\/#primaryimage\"},\"thumbnailUrl\":\"https:\/\/www.gaveanews.com\/wp-content\/uploads\/Camisa-do-Cruzeiro-2024.webp\",\"datePublished\":\"2025-02-12T09:15:00+00:00\",\"author\":{\"@id\":\"https:\/\/www.gaveanews.com\/#\/schema\/person\/8207cd4627f56151707418bfc835b2fb\"},\"breadcrumb\":{\"@id\":\"https:\/\/www.gaveanews.com\/index.php\/2025\/02\/12\/esquema-especial-declaracao-de-fabricio-bruno-e-alerta-ligado-as-ultimas-noticias-do-cruzeiro\/#breadcrumb\"},\"inLanguage\":\"pt-BR\",\"potentialAction\":[{\"@type\":\"ReadAction\",\"target\":[\"https:\/\/www.gaveanews.com\/index.php\/2025\/02\/12\/esquema-especial-declaracao-de-fabricio-bruno-e-alerta-ligado-as-ultimas-noticias-do-cruzeiro\/\"]}]},{\"@type\":\"ImageObject\",\"inLanguage\":\"pt-BR\",\"@id\":\"https:\/\/www.gaveanews.com\/index.php\/2025\/02\/12\/esquema-especial-declaracao-de-fabricio-bruno-e-alerta-ligado-as-ultimas-noticias-do-cruzeiro\/#primaryimage\",\"url\":\"https:\/\/www.gaveanews.com\/wp-content\/uploads\/Camisa-do-Cruzeiro-2024.webp\",\"contentUrl\":\"https:\/\/www.gaveanews.com\/wp-content\/uploads\/Camisa-do-Cruzeiro-2024.webp\",\"width\":1292,\"height\":861,\"caption\":\"Camisa do Cruzeiro 2024 (Foto: Reprodu\u00e7\u00e3o\/Instagram)\"},{\"@type\":\"BreadcrumbList\",\"@id\":\"https:\/\/www.gaveanews.com\/index.php\/2025\/02\/12\/esquema-especial-declaracao-de-fabricio-bruno-e-alerta-ligado-as-ultimas-noticias-do-cruzeiro\/#breadcrumb\",\"itemListElement\":[{\"@type\":\"ListItem\",\"position\":1,\"name\":\"Home\",\"item\":\"https:\/\/www.gaveanews.com\/\"},{\"@type\":\"ListItem\",\"position\":2,\"name\":\"Esquema especial, declara\u00e7\u00e3o de Fabr\u00edcio Bruno e alerta ligado: as \u00faltimas not\u00edcias do Cruzeiro\"}]},{\"@type\":\"WebSite\",\"@id\":\"https:\/\/www.gaveanews.com\/#website\",\"url\":\"https:\/\/www.gaveanews.com\/\",\"name\":\"G\u00e1vea News\",\"description\":\"Veja todas as not\u00edcias sobre o Flamengo: Contrata\u00e7\u00f5es, categorias de base, resultados das partidas, tabela de classifica\u00e7\u00e3o, pr\u00f3ximos jogos!\",\"potentialAction\":[{\"@type\":\"SearchAction\",\"target\":{\"@type\":\"EntryPoint\",\"urlTemplate\":\"https:\/\/www.gaveanews.com\/?s={search_term_string}\"},\"query-input\":{\"@type\":\"PropertyValueSpecification\",\"valueRequired\":true,\"valueName\":\"search_term_string\"}}],\"inLanguage\":\"pt-BR\"},{\"@type\":\"Person\",\"@id\":\"https:\/\/www.gaveanews.com\/#\/schema\/person\/8207cd4627f56151707418bfc835b2fb\",\"name\":\"Matheus Felipe\",\"image\":{\"@type\":\"ImageObject\",\"inLanguage\":\"pt-BR\",\"@id\":\"https:\/\/www.gaveanews.com\/#\/schema\/person\/image\/\",\"url\":\"https:\/\/secure.gravatar.com\/avatar\/a452ffbed9130f726358b298bb3a99ce4bd3c5338411f8440e87e14d74c7c087?s=96&d=mm&r=g\",\"contentUrl\":\"https:\/\/secure.gravatar.com\/avatar\/a452ffbed9130f726358b298bb3a99ce4bd3c5338411f8440e87e14d74c7c087?s=96&d=mm&r=g\",\"caption\":\"Matheus Felipe\"}}]}<\/script>\n<!-- \/ Yoast SEO Premium plugin. -->","yoast_head_json":{"title":"Esquema especial, declara\u00e7\u00e3o de Fabr\u00edcio Bruno e alerta ligado: as \u00faltimas not\u00edcias do Cruzeiro","robots":{"index":"index","follow":"follow","max-snippet":"max-snippet:-1","max-image-preview":"max-image-preview:large","max-video-preview":"max-video-preview:-1"},"canonical":"https:\/\/www.gaveanews.com\/index.php\/2025\/02\/12\/esquema-especial-declaracao-de-fabricio-bruno-e-alerta-ligado-as-ultimas-noticias-do-cruzeiro\/","og_locale":"pt_BR","og_type":"article","og_title":"Esquema especial, declara\u00e7\u00e3o de Fabr\u00edcio Bruno e alerta ligado: as \u00faltimas not\u00edcias do Cruzeiro","og_description":"Nas \u00faltimas horas, o foco das not\u00edcias sobre o Cruzeiro se concentram nos bastidores do clube, com destaques do dia a dia do time. Por conta deste contexto, leia abaixo um resumo preparado pela equipe do portal G\u00e1vea News para lhe manter muito bem informado! Alerta ligado O Cruzeiro ligou o sinal de alerta para [&hellip;]","og_url":"https:\/\/www.gaveanews.com\/index.php\/2025\/02\/12\/esquema-especial-declaracao-de-fabricio-bruno-e-alerta-ligado-as-ultimas-noticias-do-cruzeiro\/","og_site_name":"G\u00e1vea News","article_publisher":"https:\/\/facebook.com\/gaveaNews\/","article_published_time":"2025-02-12T09:15:00+00:00","og_image":[{"width":1292,"height":861,"url":"https:\/\/www.gaveanews.com\/wp-content\/uploads\/Camisa-do-Cruzeiro-2024.webp","type":"image\/webp"}],"author":"Matheus Felipe","twitter_card":"summary_large_image","twitter_misc":{"Escrito por":"Matheus Felipe","Est. tempo de leitura":"5 minutos"},"schema":{"@context":"https:\/\/schema.org","@graph":[{"@type":"NewsArticle","@id":"https:\/\/www.gaveanews.com\/index.php\/2025\/02\/12\/esquema-especial-declaracao-de-fabricio-bruno-e-alerta-ligado-as-ultimas-noticias-do-cruzeiro\/#article","isPartOf":{"@id":"https:\/\/www.gaveanews.com\/index.php\/2025\/02\/12\/esquema-especial-declaracao-de-fabricio-bruno-e-alerta-ligado-as-ultimas-noticias-do-cruzeiro\/"},"author":{"name":"Matheus Felipe","@id":"https:\/\/www.gaveanews.com\/#\/schema\/person\/8207cd4627f56151707418bfc835b2fb"},"headline":"Esquema especial, declara\u00e7\u00e3o de Fabr\u00edcio Bruno e alerta ligado: as \u00faltimas not\u00edcias do Cruzeiro","datePublished":"2025-02-12T09:15:00+00:00","mainEntityOfPage":{"@id":"https:\/\/www.gaveanews.com\/index.php\/2025\/02\/12\/esquema-especial-declaracao-de-fabricio-bruno-e-alerta-ligado-as-ultimas-noticias-do-cruzeiro\/"},"wordCount":770,"commentCount":0,"image":{"@id":"https:\/\/www.gaveanews.com\/index.php\/2025\/02\/12\/esquema-especial-declaracao-de-fabricio-bruno-e-alerta-ligado-as-ultimas-noticias-do-cruzeiro\/#primaryimage"},"thumbnailUrl":"https:\/\/www.gaveanews.com\/wp-content\/uploads\/Camisa-do-Cruzeiro-2024.webp","articleSection":["Cruzeiro"],"inLanguage":"pt-BR","potentialAction":[{"@type":"CommentAction","name":"Comment","target":["https:\/\/www.gaveanews.com\/index.php\/2025\/02\/12\/esquema-especial-declaracao-de-fabricio-bruno-e-alerta-ligado-as-ultimas-noticias-do-cruzeiro\/#respond"]}],"copyrightYear":"2025","copyrightHolder":{"@id":"https:\/\/www.gaveanews.com\/#organization"}},{"@type":"WebPage","@id":"https:\/\/www.gaveanews.com\/index.php\/2025\/02\/12\/esquema-especial-declaracao-de-fabricio-bruno-e-alerta-ligado-as-ultimas-noticias-do-cruzeiro\/","url":"https:\/\/www.gaveanews.com\/index.php\/2025\/02\/12\/esquema-especial-declaracao-de-fabricio-bruno-e-alerta-ligado-as-ultimas-noticias-do-cruzeiro\/","name":"Esquema especial, declara\u00e7\u00e3o de Fabr\u00edcio Bruno e alerta ligado: as \u00faltimas not\u00edcias do Cruzeiro","isPartOf":{"@id":"https:\/\/www.gaveanews.com\/#website"},"primaryImageOfPage":{"@id":"https:\/\/www.gaveanews.com\/index.php\/2025\/02\/12\/esquema-especial-declaracao-de-fabricio-bruno-e-alerta-ligado-as-ultimas-noticias-do-cruzeiro\/#primaryimage"},"image":{"@id":"https:\/\/www.gaveanews.com\/index.php\/2025\/02\/12\/esquema-especial-declaracao-de-fabricio-bruno-e-alerta-ligado-as-ultimas-noticias-do-cruzeiro\/#primaryimage"},"thumbnailUrl":"https:\/\/www.gaveanews.com\/wp-content\/uploads\/Camisa-do-Cruzeiro-2024.webp","datePublished":"2025-02-12T09:15:00+00:00","author":{"@id":"https:\/\/www.gaveanews.com\/#\/schema\/person\/8207cd4627f56151707418bfc835b2fb"},"breadcrumb":{"@id":"https:\/\/www.gaveanews.com\/index.php\/2025\/02\/12\/esquema-especial-declaracao-de-fabricio-bruno-e-alerta-ligado-as-ultimas-noticias-do-cruzeiro\/#breadcrumb"},"inLanguage":"pt-BR","potentialAction":[{"@type":"ReadAction","target":["https:\/\/www.gaveanews.com\/index.php\/2025\/02\/12\/esquema-especial-declaracao-de-fabricio-bruno-e-alerta-ligado-as-ultimas-noticias-do-cruzeiro\/"]}]},{"@type":"ImageObject","inLanguage":"pt-BR","@id":"https:\/\/www.gaveanews.com\/index.php\/2025\/02\/12\/esquema-especial-declaracao-de-fabricio-bruno-e-alerta-ligado-as-ultimas-noticias-do-cruzeiro\/#primaryimage","url":"https:\/\/www.gaveanews.com\/wp-content\/uploads\/Camisa-do-Cruzeiro-2024.webp","contentUrl":"https:\/\/www.gaveanews.com\/wp-content\/uploads\/Camisa-do-Cruzeiro-2024.webp","width":1292,"height":861,"caption":"Camisa do Cruzeiro 2024 (Foto: Reprodu\u00e7\u00e3o\/Instagram)"},{"@type":"BreadcrumbList","@id":"https:\/\/www.gaveanews.com\/index.php\/2025\/02\/12\/esquema-especial-declaracao-de-fabricio-bruno-e-alerta-ligado-as-ultimas-noticias-do-cruzeiro\/#breadcrumb","itemListElement":[{"@type":"ListItem","position":1,"name":"Home","item":"https:\/\/www.gaveanews.com\/"},{"@type":"ListItem","position":2,"name":"Esquema especial, declara\u00e7\u00e3o de Fabr\u00edcio Bruno e alerta ligado: as \u00faltimas not\u00edcias do Cruzeiro"}]},{"@type":"WebSite","@id":"https:\/\/www.gaveanews.com\/#website","url":"https:\/\/www.gaveanews.com\/","name":"G\u00e1vea News","description":"Veja todas as not\u00edcias sobre o Flamengo: Contrata\u00e7\u00f5es, categorias de base, resultados das partidas, tabela de classifica\u00e7\u00e3o, pr\u00f3ximos jogos!","potentialAction":[{"@type":"SearchAction","target":{"@type":"EntryPoint","urlTemplate":"https:\/\/www.gaveanews.com\/?s={search_term_string}"},"query-input":{"@type":"PropertyValueSpecification","valueRequired":true,"valueName":"search_term_string"}}],"inLanguage":"pt-BR"},{"@type":"Person","@id":"https:\/\/www.gaveanews.com\/#\/schema\/person\/8207cd4627f56151707418bfc835b2fb","name":"Matheus Felipe","image":{"@type":"ImageObject","inLanguage":"pt-BR","@id":"https:\/\/www.gaveanews.com\/#\/schema\/person\/image\/","url":"https:\/\/secure.gravatar.com\/avatar\/a452ffbed9130f726358b298bb3a99ce4bd3c5338411f8440e87e14d74c7c087?s=96&d=mm&r=g","contentUrl":"https:\/\/secure.gravatar.com\/avatar\/a452ffbed9130f726358b298bb3a99ce4bd3c5338411f8440e87e14d74c7c087?s=96&d=mm&r=g","caption":"Matheus Felipe"}}]}},"_links":{"self":[{"href":"https:\/\/www.gaveanews.com\/index.php\/wp-json\/wp\/v2\/posts\/226582","targetHints":{"allow":["GET"]}}],"collection":[{"href":"https:\/\/www.gaveanews.com\/index.php\/wp-json\/wp\/v2\/posts"}],"about":[{"href":"https:\/\/www.gaveanews.com\/index.php\/wp-json\/wp\/v2\/types\/post"}],"author":[{"embeddable":true,"href":"https:\/\/www.gaveanews.com\/index.php\/wp-json\/wp\/v2\/users\/27"}],"replies":[{"embeddable":true,"href":"https:\/\/www.gaveanews.com\/index.php\/wp-json\/wp\/v2\/comments?post=226582"}],"version-history":[{"count":1,"href":"https:\/\/www.gaveanews.com\/index.php\/wp-json\/wp\/v2\/posts\/226582\/revisions"}],"predecessor-version":[{"id":226591,"href":"https:\/\/www.gaveanews.com\/index.php\/wp-json\/wp\/v2\/posts\/226582\/revisions\/226591"}],"wp:featuredmedia":[{"embeddable":true,"href":"https:\/\/www.gaveanews.com\/index.php\/wp-json\/wp\/v2\/media\/163709"}],"wp:attachment":[{"href":"https:\/\/www.gaveanews.com\/index.php\/wp-json\/wp\/v2\/media?parent=226582"}],"wp:term":[{"taxonomy":"category","embeddable":true,"href":"https:\/\/www.gaveanews.com\/index.php\/wp-json\/wp\/v2\/categories?post=226582"},{"taxonomy":"post_tag","embeddable":true,"href":"https:\/\/www.gaveanews.com\/index.php\/wp-json\/wp\/v2\/tags?post=226582"}],"curies":[{"name":"wp","href":"https:\/\/api.w.org\/{rel}","templated":true}]}}