{"id":226585,"date":"2025-02-12T05:45:00","date_gmt":"2025-02-12T08:45:00","guid":{"rendered":"https:\/\/www.gaveanews.com\/?p=226585"},"modified":"2025-02-12T02:50:44","modified_gmt":"2025-02-12T05:50:44","slug":"declaracao-de-mano-menezes-classificacao-no-carioca-e-o-melhor-lateral-da-historia-do-futebol-as-ultimas-noticias-do-fluminense","status":"publish","type":"post","link":"https:\/\/www.gaveanews.com\/index.php\/2025\/02\/12\/declaracao-de-mano-menezes-classificacao-no-carioca-e-o-melhor-lateral-da-historia-do-futebol-as-ultimas-noticias-do-fluminense\/","title":{"rendered":"Declara\u00e7\u00e3o de Mano Menezes, classifica\u00e7\u00e3o no Carioca e o melhor lateral da hist\u00f3ria do futebol: as \u00faltimas not\u00edcias do Fluminense"},"content":{"rendered":"\n<p>Nas \u00faltimas horas, o foco das not\u00edcias sobre o Fluminense se concentram nos bastidores do clube, com destaques do dia a dia do time.<\/p>\n\n\n\n<p>Por conta deste contexto, leia abaixo um resumo preparado pela equipe do portal G\u00e1vea News para lhe manter muito bem informado!<\/p>\n\n\n\n<h2 class=\"wp-block-heading\" id=\"h-o-melhor-lateral-da-historia-do-futebol\">O melhor lateral da hist\u00f3ria do futebol<\/h2>\n\n\n\n<p>O apresentador Milton Neves surpreendeu ao eleger Marinho Chagas como o melhor lateral da hist\u00f3ria do futebol brasileiro, deixando de lado lendas como Nilton Santos. Em sua coluna no UOL, ele destacou a import\u00e2ncia do ex-jogador, que completaria 73 anos no \u00faltimo s\u00e1bado (8), exaltando seu estilo ofensivo e inovador. Segundo Milton, Marinho revolucionou a posi\u00e7\u00e3o ao quebrar o estigma de que um lateral precisava ser prioritariamente defensivo, tornando-se uma refer\u00eancia para futuras gera\u00e7\u00f5es <strong><a href=\"https:\/\/www.gaveanews.com\/index.php\/2025\/02\/08\/milton-neves-e-sincero-e-elege-melhor-lateral-da-historia-do-futebol-brasileiro\/\">(leia a mat\u00e9ria completa).<\/a><\/strong><\/p>\n\n\n\n<figure class=\"wp-block-image size-large\"><img loading=\"lazy\" decoding=\"async\" width=\"1024\" height=\"576\" src=\"http:\/\/www.gaveanews.com\/wp-content\/uploads\/Milton-Neves-durante-a-programacao-da-Bandeirantes-1024x576.webp\" alt=\"\" class=\"wp-image-166659\" srcset=\"https:\/\/www.gaveanews.com\/wp-content\/uploads\/Milton-Neves-durante-a-programacao-da-Bandeirantes-1024x576.webp 1024w, https:\/\/www.gaveanews.com\/wp-content\/uploads\/Milton-Neves-durante-a-programacao-da-Bandeirantes-300x169.webp 300w, https:\/\/www.gaveanews.com\/wp-content\/uploads\/Milton-Neves-durante-a-programacao-da-Bandeirantes-768x432.webp 768w, https:\/\/www.gaveanews.com\/wp-content\/uploads\/Milton-Neves-durante-a-programacao-da-Bandeirantes-747x420.webp 747w, https:\/\/www.gaveanews.com\/wp-content\/uploads\/Milton-Neves-durante-a-programacao-da-Bandeirantes-1493x840.webp 1493w, https:\/\/www.gaveanews.com\/wp-content\/uploads\/Milton-Neves-durante-a-programacao-da-Bandeirantes-640x360.webp 640w, https:\/\/www.gaveanews.com\/wp-content\/uploads\/Milton-Neves-durante-a-programacao-da-Bandeirantes-1280x720.webp 1280w, https:\/\/www.gaveanews.com\/wp-content\/uploads\/Milton-Neves-durante-a-programacao-da-Bandeirantes-681x383.webp 681w, https:\/\/www.gaveanews.com\/wp-content\/uploads\/Milton-Neves-durante-a-programacao-da-Bandeirantes-1362x766.webp 1362w, https:\/\/www.gaveanews.com\/wp-content\/uploads\/Milton-Neves-durante-a-programacao-da-Bandeirantes-100x56.webp 100w, https:\/\/www.gaveanews.com\/wp-content\/uploads\/Milton-Neves-durante-a-programacao-da-Bandeirantes.webp 1536w\" sizes=\"auto, (max-width: 1024px) 100vw, 1024px\" \/><figcaption class=\"wp-element-caption\">Milton Neves durante a programa\u00e7\u00e3o da Bandeirantes (Foto: Reprodu\u00e7\u00e3o\/Bandeirantes)<\/figcaption><\/figure>\n\n\n\n<p>Marinho Chagas teve passagens marcantes por Botafogo, Fluminense e S\u00e3o Paulo, sendo conhecido por sua t\u00e9cnica refinada, dribles e cruzamentos precisos. <\/p>\n\n\n\n<p>Sua forma de atuar influenciou laterais mais ofensivos que vieram depois dele, mostrando que a posi\u00e7\u00e3o podia ir al\u00e9m da marca\u00e7\u00e3o e contribuir ativamente no ataque. Seu impacto no futebol brasileiro foi t\u00e3o grande que, mesmo sem uma cole\u00e7\u00e3o de t\u00edtulos expressivos, segue sendo lembrado como um dos grandes nomes da hist\u00f3ria da Sele\u00e7\u00e3o Brasileira.<\/p>\n\n\n\n<p>A escolha de Milton Neves, apesar de pol\u00eamica, refor\u00e7a a import\u00e2ncia do ex-jogador no cen\u00e1rio esportivo. Especialista no assunto, o apresentador possui grande conhecimento sobre a hist\u00f3ria do futebol e sua opini\u00e3o tem peso. Ao homenagear Marinho Chagas como o maior lateral de todos os tempos, ele destaca n\u00e3o apenas o talento do ex-atleta, mas tamb\u00e9m sua contribui\u00e7\u00e3o para a evolu\u00e7\u00e3o t\u00e1tica do futebol brasileiro.<\/p>\n\n\n\n<h2 class=\"wp-block-heading\" id=\"h-classificacao-no-carioca\">Classifica\u00e7\u00e3o no Carioca<\/h2>\n\n\n\n<p>Flamengo e Fluminense empataram em 0 a 0 no cl\u00e1ssico deste s\u00e1bado (8), pela nona rodada do Campeonato Carioca. Com o resultado, o Tricolor segue em uma situa\u00e7\u00e3o delicada na tabela, ocupando a oitava posi\u00e7\u00e3o com 11 pontos. Apesar disso, o t\u00e9cnico Mano Menezes mant\u00e9m a confian\u00e7a na classifica\u00e7\u00e3o e destacou que a equipe ainda tem chances de avan\u00e7ar na competi\u00e7\u00e3o. Ele ressaltou a import\u00e2ncia do ponto conquistado no cl\u00e1ssico e afirmou que o time seguir\u00e1 trabalhando para evoluir nas pr\u00f3ximas rodadas <strong><a href=\"https:\/\/www.gaveanews.com\/index.php\/2025\/02\/08\/mano-menezes-e-sincero-sobre-classificacao-no-carioca\/\">(leia a mat\u00e9ria completa).<\/a><\/strong><\/p>\n\n\n\n<figure class=\"wp-block-image size-full\"><img loading=\"lazy\" decoding=\"async\" width=\"640\" height=\"400\" src=\"http:\/\/www.gaveanews.com\/wp-content\/uploads\/campeonato-carioca-taca.webp\" alt=\"\" class=\"wp-image-95987\" srcset=\"https:\/\/www.gaveanews.com\/wp-content\/uploads\/campeonato-carioca-taca.webp 640w, https:\/\/www.gaveanews.com\/wp-content\/uploads\/campeonato-carioca-taca-300x188.webp 300w, https:\/\/www.gaveanews.com\/wp-content\/uploads\/campeonato-carioca-taca-100x63.webp 100w\" sizes=\"auto, (max-width: 640px) 100vw, 640px\" \/><figcaption class=\"wp-element-caption\">Ta\u00e7a do Campeonato Carioca (Foto: Marcelo Cortes\/Flamengo)<\/figcaption><\/figure>\n\n\n\n<p>Mano Menezes tamb\u00e9m analisou o desempenho do Fluminense no torneio e enfatizou a melhoria f\u00edsica e t\u00e9cnica da equipe ao longo das \u00faltimas partidas. O treinador reconheceu as dificuldades enfrentadas no in\u00edcio da temporada, especialmente contra equipes menores, mas afirmou que o grupo est\u00e1 mais preparado e competitivo. Para ele, o tempo de trabalho reduzido em compara\u00e7\u00e3o a outros clubes tem sido um fator de diferen\u00e7a, mas o elenco vem ganhando mais consist\u00eancia a cada jogo.<\/p>\n\n\n\n<p>O Fluminense volta a campo no pr\u00f3ximo domingo (16) para enfrentar o Nova Igua\u00e7u, no Maracan\u00e3, em busca de uma recupera\u00e7\u00e3o no campeonato. A partida ser\u00e1 crucial para manter vivas as chances de classifica\u00e7\u00e3o \u00e0s semifinais. Com um elenco ainda em processo de evolu\u00e7\u00e3o, Mano aposta na continuidade do trabalho e no crescimento da equipe para reverter a situa\u00e7\u00e3o no estadual.<\/p>\n\n\n\n<h2 class=\"wp-block-heading\" id=\"h-declaracao-de-mano-menezes\">Declara\u00e7\u00e3o de Mano Menezes<\/h2>\n\n\n\n<p>Flamengo e Fluminense empataram sem gols no cl\u00e1ssico v\u00e1lido pela nona rodada do Campeonato Carioca, em uma partida com poucas chances claras para ambos os lados. Ap\u00f3s o jogo, o t\u00e9cnico Mano Menezes avaliou a atua\u00e7\u00e3o do Tricolor e destacou a organiza\u00e7\u00e3o defensiva da equipe diante de um advers\u00e1rio de alto n\u00edvel. Para ele, os sistemas defensivos prevaleceram sobre os ataques, o que justificou a escassez de oportunidades no confronto <strong><a href=\"https:\/\/www.gaveanews.com\/index.php\/2025\/02\/08\/fluminense-x-flamengo-a-declaracao-de-mano-menezes\/\">(leia a mat\u00e9ria completa).<\/a><\/strong><\/p>\n\n\n\n<figure class=\"wp-block-image size-full\"><img loading=\"lazy\" decoding=\"async\" width=\"911\" height=\"623\" src=\"http:\/\/www.gaveanews.com\/wp-content\/uploads\/Mano-Menezes-pelo-Fluminense.webp\" alt=\"\" class=\"wp-image-225314\"\/><figcaption class=\"wp-element-caption\">Mano Menezes pelo Fluminense (Foto: Lucas Mer\u00e7on\/Fluminense)<\/figcaption><\/figure>\n\n\n\n<p>Mano reconheceu que o Fluminense come\u00e7ou melhor, conseguindo construir algumas jogadas ofensivas, mas viu o Flamengo crescer ao longo da partida e ter mais posse de bola. No entanto, no fim do jogo, o Tricolor teve boas chances em contra-ataques, que poderiam ter garantido a vit\u00f3ria se fossem melhor aproveitadas. Apesar do empate, o treinador demonstrou otimismo, afirmando que a equipe seguir\u00e1 evoluindo e ter\u00e1 mais efici\u00eancia ofensiva nos pr\u00f3ximos jogos.<\/p>\n\n\n\n<p>Com o resultado, o Fluminense chegou aos 11 pontos e ocupa a oitava posi\u00e7\u00e3o na tabela do estadual. O time volta a campo no pr\u00f3ximo domingo (16) contra o Nova Igua\u00e7u, no Maracan\u00e3, buscando um triunfo para se aproximar da zona de classifica\u00e7\u00e3o para a pr\u00f3xima fase do Carioca.<\/p>\n","protected":false},"excerpt":{"rendered":"<p>Nas \u00faltimas horas, o foco das not\u00edcias sobre o Fluminense se concentram nos bastidores do clube, com destaques do dia a dia do time. Por conta deste contexto, leia abaixo um resumo preparado pela equipe do portal G\u00e1vea News para lhe manter muito bem informado! O melhor lateral da hist\u00f3ria do futebol O apresentador Milton [&hellip;]<\/p>\n","protected":false},"author":27,"featured_media":144992,"comment_status":"open","ping_status":"closed","sticky":false,"template":"","format":"standard","meta":{"footnotes":""},"categories":[145],"tags":[],"class_list":["post-226585","post","type-post","status-publish","format-standard","has-post-thumbnail","hentry","category-fluminense"],"yoast_head":"<!-- This site is optimized with the Yoast SEO Premium plugin v24.2 (Yoast SEO v26.9) - https:\/\/yoast.com\/product\/yoast-seo-premium-wordpress\/ -->\n<title>Declara\u00e7\u00e3o de Mano Menezes, classifica\u00e7\u00e3o no Carioca e o melhor lateral da hist\u00f3ria do futebol: as \u00faltimas not\u00edcias do Fluminense<\/title>\n<meta name=\"robots\" content=\"index, follow, max-snippet:-1, max-image-preview:large, max-video-preview:-1\" \/>\n<link rel=\"canonical\" href=\"https:\/\/www.gaveanews.com\/index.php\/2025\/02\/12\/declaracao-de-mano-menezes-classificacao-no-carioca-e-o-melhor-lateral-da-historia-do-futebol-as-ultimas-noticias-do-fluminense\/\" \/>\n<meta property=\"og:locale\" content=\"pt_BR\" \/>\n<meta property=\"og:type\" content=\"article\" \/>\n<meta property=\"og:title\" content=\"Declara\u00e7\u00e3o de Mano Menezes, classifica\u00e7\u00e3o no Carioca e o melhor lateral da hist\u00f3ria do futebol: as \u00faltimas not\u00edcias do Fluminense\" \/>\n<meta property=\"og:description\" content=\"Nas \u00faltimas horas, o foco das not\u00edcias sobre o Fluminense se concentram nos bastidores do clube, com destaques do dia a dia do time. Por conta deste contexto, leia abaixo um resumo preparado pela equipe do portal G\u00e1vea News para lhe manter muito bem informado! O melhor lateral da hist\u00f3ria do futebol O apresentador Milton [&hellip;]\" \/>\n<meta property=\"og:url\" content=\"https:\/\/www.gaveanews.com\/index.php\/2025\/02\/12\/declaracao-de-mano-menezes-classificacao-no-carioca-e-o-melhor-lateral-da-historia-do-futebol-as-ultimas-noticias-do-fluminense\/\" \/>\n<meta property=\"og:site_name\" content=\"G\u00e1vea News\" \/>\n<meta property=\"article:publisher\" content=\"https:\/\/facebook.com\/gaveaNews\/\" \/>\n<meta property=\"article:published_time\" content=\"2025-02-12T08:45:00+00:00\" \/>\n<meta property=\"og:image\" content=\"https:\/\/www.gaveanews.com\/wp-content\/uploads\/Escudo-do-Fluminense.webp\" \/>\n\t<meta property=\"og:image:width\" content=\"1000\" \/>\n\t<meta property=\"og:image:height\" content=\"667\" \/>\n\t<meta property=\"og:image:type\" content=\"image\/webp\" \/>\n<meta name=\"author\" content=\"Matheus Felipe\" \/>\n<meta name=\"twitter:card\" content=\"summary_large_image\" \/>\n<meta name=\"twitter:label1\" content=\"Escrito por\" \/>\n\t<meta name=\"twitter:data1\" content=\"Matheus Felipe\" \/>\n\t<meta name=\"twitter:label2\" content=\"Est. tempo de leitura\" \/>\n\t<meta name=\"twitter:data2\" content=\"5 minutos\" \/>\n<script type=\"application\/ld+json\" class=\"yoast-schema-graph\">{\"@context\":\"https:\/\/schema.org\",\"@graph\":[{\"@type\":\"NewsArticle\",\"@id\":\"https:\/\/www.gaveanews.com\/index.php\/2025\/02\/12\/declaracao-de-mano-menezes-classificacao-no-carioca-e-o-melhor-lateral-da-historia-do-futebol-as-ultimas-noticias-do-fluminense\/#article\",\"isPartOf\":{\"@id\":\"https:\/\/www.gaveanews.com\/index.php\/2025\/02\/12\/declaracao-de-mano-menezes-classificacao-no-carioca-e-o-melhor-lateral-da-historia-do-futebol-as-ultimas-noticias-do-fluminense\/\"},\"author\":{\"name\":\"Matheus Felipe\",\"@id\":\"https:\/\/www.gaveanews.com\/#\/schema\/person\/8207cd4627f56151707418bfc835b2fb\"},\"headline\":\"Declara\u00e7\u00e3o de Mano Menezes, classifica\u00e7\u00e3o no Carioca e o melhor lateral da hist\u00f3ria do futebol: as \u00faltimas not\u00edcias do Fluminense\",\"datePublished\":\"2025-02-12T08:45:00+00:00\",\"mainEntityOfPage\":{\"@id\":\"https:\/\/www.gaveanews.com\/index.php\/2025\/02\/12\/declaracao-de-mano-menezes-classificacao-no-carioca-e-o-melhor-lateral-da-historia-do-futebol-as-ultimas-noticias-do-fluminense\/\"},\"wordCount\":818,\"commentCount\":0,\"image\":{\"@id\":\"https:\/\/www.gaveanews.com\/index.php\/2025\/02\/12\/declaracao-de-mano-menezes-classificacao-no-carioca-e-o-melhor-lateral-da-historia-do-futebol-as-ultimas-noticias-do-fluminense\/#primaryimage\"},\"thumbnailUrl\":\"https:\/\/www.gaveanews.com\/wp-content\/uploads\/Escudo-do-Fluminense.webp\",\"articleSection\":[\"Fluminense\"],\"inLanguage\":\"pt-BR\",\"potentialAction\":[{\"@type\":\"CommentAction\",\"name\":\"Comment\",\"target\":[\"https:\/\/www.gaveanews.com\/index.php\/2025\/02\/12\/declaracao-de-mano-menezes-classificacao-no-carioca-e-o-melhor-lateral-da-historia-do-futebol-as-ultimas-noticias-do-fluminense\/#respond\"]}],\"copyrightYear\":\"2025\",\"copyrightHolder\":{\"@id\":\"https:\/\/www.gaveanews.com\/#organization\"}},{\"@type\":\"WebPage\",\"@id\":\"https:\/\/www.gaveanews.com\/index.php\/2025\/02\/12\/declaracao-de-mano-menezes-classificacao-no-carioca-e-o-melhor-lateral-da-historia-do-futebol-as-ultimas-noticias-do-fluminense\/\",\"url\":\"https:\/\/www.gaveanews.com\/index.php\/2025\/02\/12\/declaracao-de-mano-menezes-classificacao-no-carioca-e-o-melhor-lateral-da-historia-do-futebol-as-ultimas-noticias-do-fluminense\/\",\"name\":\"Declara\u00e7\u00e3o de Mano Menezes, classifica\u00e7\u00e3o no Carioca e o melhor lateral da hist\u00f3ria do futebol: as \u00faltimas not\u00edcias do Fluminense\",\"isPartOf\":{\"@id\":\"https:\/\/www.gaveanews.com\/#website\"},\"primaryImageOfPage\":{\"@id\":\"https:\/\/www.gaveanews.com\/index.php\/2025\/02\/12\/declaracao-de-mano-menezes-classificacao-no-carioca-e-o-melhor-lateral-da-historia-do-futebol-as-ultimas-noticias-do-fluminense\/#primaryimage\"},\"image\":{\"@id\":\"https:\/\/www.gaveanews.com\/index.php\/2025\/02\/12\/declaracao-de-mano-menezes-classificacao-no-carioca-e-o-melhor-lateral-da-historia-do-futebol-as-ultimas-noticias-do-fluminense\/#primaryimage\"},\"thumbnailUrl\":\"https:\/\/www.gaveanews.com\/wp-content\/uploads\/Escudo-do-Fluminense.webp\",\"datePublished\":\"2025-02-12T08:45:00+00:00\",\"author\":{\"@id\":\"https:\/\/www.gaveanews.com\/#\/schema\/person\/8207cd4627f56151707418bfc835b2fb\"},\"breadcrumb\":{\"@id\":\"https:\/\/www.gaveanews.com\/index.php\/2025\/02\/12\/declaracao-de-mano-menezes-classificacao-no-carioca-e-o-melhor-lateral-da-historia-do-futebol-as-ultimas-noticias-do-fluminense\/#breadcrumb\"},\"inLanguage\":\"pt-BR\",\"potentialAction\":[{\"@type\":\"ReadAction\",\"target\":[\"https:\/\/www.gaveanews.com\/index.php\/2025\/02\/12\/declaracao-de-mano-menezes-classificacao-no-carioca-e-o-melhor-lateral-da-historia-do-futebol-as-ultimas-noticias-do-fluminense\/\"]}]},{\"@type\":\"ImageObject\",\"inLanguage\":\"pt-BR\",\"@id\":\"https:\/\/www.gaveanews.com\/index.php\/2025\/02\/12\/declaracao-de-mano-menezes-classificacao-no-carioca-e-o-melhor-lateral-da-historia-do-futebol-as-ultimas-noticias-do-fluminense\/#primaryimage\",\"url\":\"https:\/\/www.gaveanews.com\/wp-content\/uploads\/Escudo-do-Fluminense.webp\",\"contentUrl\":\"https:\/\/www.gaveanews.com\/wp-content\/uploads\/Escudo-do-Fluminense.webp\",\"width\":1000,\"height\":667,\"caption\":\"Escudo do Fluminense (Foto Reprodu\u00e7\u00e3o\/Instagram)\"},{\"@type\":\"BreadcrumbList\",\"@id\":\"https:\/\/www.gaveanews.com\/index.php\/2025\/02\/12\/declaracao-de-mano-menezes-classificacao-no-carioca-e-o-melhor-lateral-da-historia-do-futebol-as-ultimas-noticias-do-fluminense\/#breadcrumb\",\"itemListElement\":[{\"@type\":\"ListItem\",\"position\":1,\"name\":\"Home\",\"item\":\"https:\/\/www.gaveanews.com\/\"},{\"@type\":\"ListItem\",\"position\":2,\"name\":\"Declara\u00e7\u00e3o de Mano Menezes, classifica\u00e7\u00e3o no Carioca e o melhor lateral da hist\u00f3ria do futebol: as \u00faltimas not\u00edcias do Fluminense\"}]},{\"@type\":\"WebSite\",\"@id\":\"https:\/\/www.gaveanews.com\/#website\",\"url\":\"https:\/\/www.gaveanews.com\/\",\"name\":\"G\u00e1vea News\",\"description\":\"Veja todas as not\u00edcias sobre o Flamengo: Contrata\u00e7\u00f5es, categorias de base, resultados das partidas, tabela de classifica\u00e7\u00e3o, pr\u00f3ximos jogos!\",\"potentialAction\":[{\"@type\":\"SearchAction\",\"target\":{\"@type\":\"EntryPoint\",\"urlTemplate\":\"https:\/\/www.gaveanews.com\/?s={search_term_string}\"},\"query-input\":{\"@type\":\"PropertyValueSpecification\",\"valueRequired\":true,\"valueName\":\"search_term_string\"}}],\"inLanguage\":\"pt-BR\"},{\"@type\":\"Person\",\"@id\":\"https:\/\/www.gaveanews.com\/#\/schema\/person\/8207cd4627f56151707418bfc835b2fb\",\"name\":\"Matheus Felipe\",\"image\":{\"@type\":\"ImageObject\",\"inLanguage\":\"pt-BR\",\"@id\":\"https:\/\/www.gaveanews.com\/#\/schema\/person\/image\/\",\"url\":\"https:\/\/secure.gravatar.com\/avatar\/a452ffbed9130f726358b298bb3a99ce4bd3c5338411f8440e87e14d74c7c087?s=96&d=mm&r=g\",\"contentUrl\":\"https:\/\/secure.gravatar.com\/avatar\/a452ffbed9130f726358b298bb3a99ce4bd3c5338411f8440e87e14d74c7c087?s=96&d=mm&r=g\",\"caption\":\"Matheus Felipe\"}}]}<\/script>\n<!-- \/ Yoast SEO Premium plugin. -->","yoast_head_json":{"title":"Declara\u00e7\u00e3o de Mano Menezes, classifica\u00e7\u00e3o no Carioca e o melhor lateral da hist\u00f3ria do futebol: as \u00faltimas not\u00edcias do Fluminense","robots":{"index":"index","follow":"follow","max-snippet":"max-snippet:-1","max-image-preview":"max-image-preview:large","max-video-preview":"max-video-preview:-1"},"canonical":"https:\/\/www.gaveanews.com\/index.php\/2025\/02\/12\/declaracao-de-mano-menezes-classificacao-no-carioca-e-o-melhor-lateral-da-historia-do-futebol-as-ultimas-noticias-do-fluminense\/","og_locale":"pt_BR","og_type":"article","og_title":"Declara\u00e7\u00e3o de Mano Menezes, classifica\u00e7\u00e3o no Carioca e o melhor lateral da hist\u00f3ria do futebol: as \u00faltimas not\u00edcias do Fluminense","og_description":"Nas \u00faltimas horas, o foco das not\u00edcias sobre o Fluminense se concentram nos bastidores do clube, com destaques do dia a dia do time. Por conta deste contexto, leia abaixo um resumo preparado pela equipe do portal G\u00e1vea News para lhe manter muito bem informado! O melhor lateral da hist\u00f3ria do futebol O apresentador Milton [&hellip;]","og_url":"https:\/\/www.gaveanews.com\/index.php\/2025\/02\/12\/declaracao-de-mano-menezes-classificacao-no-carioca-e-o-melhor-lateral-da-historia-do-futebol-as-ultimas-noticias-do-fluminense\/","og_site_name":"G\u00e1vea News","article_publisher":"https:\/\/facebook.com\/gaveaNews\/","article_published_time":"2025-02-12T08:45:00+00:00","og_image":[{"width":1000,"height":667,"url":"https:\/\/www.gaveanews.com\/wp-content\/uploads\/Escudo-do-Fluminense.webp","type":"image\/webp"}],"author":"Matheus Felipe","twitter_card":"summary_large_image","twitter_misc":{"Escrito por":"Matheus Felipe","Est. tempo de leitura":"5 minutos"},"schema":{"@context":"https:\/\/schema.org","@graph":[{"@type":"NewsArticle","@id":"https:\/\/www.gaveanews.com\/index.php\/2025\/02\/12\/declaracao-de-mano-menezes-classificacao-no-carioca-e-o-melhor-lateral-da-historia-do-futebol-as-ultimas-noticias-do-fluminense\/#article","isPartOf":{"@id":"https:\/\/www.gaveanews.com\/index.php\/2025\/02\/12\/declaracao-de-mano-menezes-classificacao-no-carioca-e-o-melhor-lateral-da-historia-do-futebol-as-ultimas-noticias-do-fluminense\/"},"author":{"name":"Matheus Felipe","@id":"https:\/\/www.gaveanews.com\/#\/schema\/person\/8207cd4627f56151707418bfc835b2fb"},"headline":"Declara\u00e7\u00e3o de Mano Menezes, classifica\u00e7\u00e3o no Carioca e o melhor lateral da hist\u00f3ria do futebol: as \u00faltimas not\u00edcias do Fluminense","datePublished":"2025-02-12T08:45:00+00:00","mainEntityOfPage":{"@id":"https:\/\/www.gaveanews.com\/index.php\/2025\/02\/12\/declaracao-de-mano-menezes-classificacao-no-carioca-e-o-melhor-lateral-da-historia-do-futebol-as-ultimas-noticias-do-fluminense\/"},"wordCount":818,"commentCount":0,"image":{"@id":"https:\/\/www.gaveanews.com\/index.php\/2025\/02\/12\/declaracao-de-mano-menezes-classificacao-no-carioca-e-o-melhor-lateral-da-historia-do-futebol-as-ultimas-noticias-do-fluminense\/#primaryimage"},"thumbnailUrl":"https:\/\/www.gaveanews.com\/wp-content\/uploads\/Escudo-do-Fluminense.webp","articleSection":["Fluminense"],"inLanguage":"pt-BR","potentialAction":[{"@type":"CommentAction","name":"Comment","target":["https:\/\/www.gaveanews.com\/index.php\/2025\/02\/12\/declaracao-de-mano-menezes-classificacao-no-carioca-e-o-melhor-lateral-da-historia-do-futebol-as-ultimas-noticias-do-fluminense\/#respond"]}],"copyrightYear":"2025","copyrightHolder":{"@id":"https:\/\/www.gaveanews.com\/#organization"}},{"@type":"WebPage","@id":"https:\/\/www.gaveanews.com\/index.php\/2025\/02\/12\/declaracao-de-mano-menezes-classificacao-no-carioca-e-o-melhor-lateral-da-historia-do-futebol-as-ultimas-noticias-do-fluminense\/","url":"https:\/\/www.gaveanews.com\/index.php\/2025\/02\/12\/declaracao-de-mano-menezes-classificacao-no-carioca-e-o-melhor-lateral-da-historia-do-futebol-as-ultimas-noticias-do-fluminense\/","name":"Declara\u00e7\u00e3o de Mano Menezes, classifica\u00e7\u00e3o no Carioca e o melhor lateral da hist\u00f3ria do futebol: as \u00faltimas not\u00edcias do Fluminense","isPartOf":{"@id":"https:\/\/www.gaveanews.com\/#website"},"primaryImageOfPage":{"@id":"https:\/\/www.gaveanews.com\/index.php\/2025\/02\/12\/declaracao-de-mano-menezes-classificacao-no-carioca-e-o-melhor-lateral-da-historia-do-futebol-as-ultimas-noticias-do-fluminense\/#primaryimage"},"image":{"@id":"https:\/\/www.gaveanews.com\/index.php\/2025\/02\/12\/declaracao-de-mano-menezes-classificacao-no-carioca-e-o-melhor-lateral-da-historia-do-futebol-as-ultimas-noticias-do-fluminense\/#primaryimage"},"thumbnailUrl":"https:\/\/www.gaveanews.com\/wp-content\/uploads\/Escudo-do-Fluminense.webp","datePublished":"2025-02-12T08:45:00+00:00","author":{"@id":"https:\/\/www.gaveanews.com\/#\/schema\/person\/8207cd4627f56151707418bfc835b2fb"},"breadcrumb":{"@id":"https:\/\/www.gaveanews.com\/index.php\/2025\/02\/12\/declaracao-de-mano-menezes-classificacao-no-carioca-e-o-melhor-lateral-da-historia-do-futebol-as-ultimas-noticias-do-fluminense\/#breadcrumb"},"inLanguage":"pt-BR","potentialAction":[{"@type":"ReadAction","target":["https:\/\/www.gaveanews.com\/index.php\/2025\/02\/12\/declaracao-de-mano-menezes-classificacao-no-carioca-e-o-melhor-lateral-da-historia-do-futebol-as-ultimas-noticias-do-fluminense\/"]}]},{"@type":"ImageObject","inLanguage":"pt-BR","@id":"https:\/\/www.gaveanews.com\/index.php\/2025\/02\/12\/declaracao-de-mano-menezes-classificacao-no-carioca-e-o-melhor-lateral-da-historia-do-futebol-as-ultimas-noticias-do-fluminense\/#primaryimage","url":"https:\/\/www.gaveanews.com\/wp-content\/uploads\/Escudo-do-Fluminense.webp","contentUrl":"https:\/\/www.gaveanews.com\/wp-content\/uploads\/Escudo-do-Fluminense.webp","width":1000,"height":667,"caption":"Escudo do Fluminense (Foto Reprodu\u00e7\u00e3o\/Instagram)"},{"@type":"BreadcrumbList","@id":"https:\/\/www.gaveanews.com\/index.php\/2025\/02\/12\/declaracao-de-mano-menezes-classificacao-no-carioca-e-o-melhor-lateral-da-historia-do-futebol-as-ultimas-noticias-do-fluminense\/#breadcrumb","itemListElement":[{"@type":"ListItem","position":1,"name":"Home","item":"https:\/\/www.gaveanews.com\/"},{"@type":"ListItem","position":2,"name":"Declara\u00e7\u00e3o de Mano Menezes, classifica\u00e7\u00e3o no Carioca e o melhor lateral da hist\u00f3ria do futebol: as \u00faltimas not\u00edcias do Fluminense"}]},{"@type":"WebSite","@id":"https:\/\/www.gaveanews.com\/#website","url":"https:\/\/www.gaveanews.com\/","name":"G\u00e1vea News","description":"Veja todas as not\u00edcias sobre o Flamengo: Contrata\u00e7\u00f5es, categorias de base, resultados das partidas, tabela de classifica\u00e7\u00e3o, pr\u00f3ximos jogos!","potentialAction":[{"@type":"SearchAction","target":{"@type":"EntryPoint","urlTemplate":"https:\/\/www.gaveanews.com\/?s={search_term_string}"},"query-input":{"@type":"PropertyValueSpecification","valueRequired":true,"valueName":"search_term_string"}}],"inLanguage":"pt-BR"},{"@type":"Person","@id":"https:\/\/www.gaveanews.com\/#\/schema\/person\/8207cd4627f56151707418bfc835b2fb","name":"Matheus Felipe","image":{"@type":"ImageObject","inLanguage":"pt-BR","@id":"https:\/\/www.gaveanews.com\/#\/schema\/person\/image\/","url":"https:\/\/secure.gravatar.com\/avatar\/a452ffbed9130f726358b298bb3a99ce4bd3c5338411f8440e87e14d74c7c087?s=96&d=mm&r=g","contentUrl":"https:\/\/secure.gravatar.com\/avatar\/a452ffbed9130f726358b298bb3a99ce4bd3c5338411f8440e87e14d74c7c087?s=96&d=mm&r=g","caption":"Matheus Felipe"}}]}},"_links":{"self":[{"href":"https:\/\/www.gaveanews.com\/index.php\/wp-json\/wp\/v2\/posts\/226585","targetHints":{"allow":["GET"]}}],"collection":[{"href":"https:\/\/www.gaveanews.com\/index.php\/wp-json\/wp\/v2\/posts"}],"about":[{"href":"https:\/\/www.gaveanews.com\/index.php\/wp-json\/wp\/v2\/types\/post"}],"author":[{"embeddable":true,"href":"https:\/\/www.gaveanews.com\/index.php\/wp-json\/wp\/v2\/users\/27"}],"replies":[{"embeddable":true,"href":"https:\/\/www.gaveanews.com\/index.php\/wp-json\/wp\/v2\/comments?post=226585"}],"version-history":[{"count":1,"href":"https:\/\/www.gaveanews.com\/index.php\/wp-json\/wp\/v2\/posts\/226585\/revisions"}],"predecessor-version":[{"id":226622,"href":"https:\/\/www.gaveanews.com\/index.php\/wp-json\/wp\/v2\/posts\/226585\/revisions\/226622"}],"wp:featuredmedia":[{"embeddable":true,"href":"https:\/\/www.gaveanews.com\/index.php\/wp-json\/wp\/v2\/media\/144992"}],"wp:attachment":[{"href":"https:\/\/www.gaveanews.com\/index.php\/wp-json\/wp\/v2\/media?parent=226585"}],"wp:term":[{"taxonomy":"category","embeddable":true,"href":"https:\/\/www.gaveanews.com\/index.php\/wp-json\/wp\/v2\/categories?post=226585"},{"taxonomy":"post_tag","embeddable":true,"href":"https:\/\/www.gaveanews.com\/index.php\/wp-json\/wp\/v2\/tags?post=226585"}],"curies":[{"name":"wp","href":"https:\/\/api.w.org\/{rel}","templated":true}]}}