{"id":226586,"date":"2025-02-12T04:50:00","date_gmt":"2025-02-12T07:50:00","guid":{"rendered":"https:\/\/www.gaveanews.com\/?p=226586"},"modified":"2025-02-12T02:56:33","modified_gmt":"2025-02-12T05:56:33","slug":"homenagem-de-marcelo-declaracao-de-rodrygo-e-recado-de-ancelotti-as-ultimas-noticias-do-real-madrid","status":"publish","type":"post","link":"https:\/\/www.gaveanews.com\/index.php\/2025\/02\/12\/homenagem-de-marcelo-declaracao-de-rodrygo-e-recado-de-ancelotti-as-ultimas-noticias-do-real-madrid\/","title":{"rendered":"Homenagem de Marcelo, declara\u00e7\u00e3o de Rodrygo e recado de Ancelotti: as \u00faltimas not\u00edcias do Real Madrid"},"content":{"rendered":"\n<p>Nas \u00faltimas horas, o foco das not\u00edcias sobre o Real Madrid se concentram nos bastidores do clube, com destaques do dia a dia do time.<\/p>\n\n\n\n<p>Por conta deste contexto, leia abaixo um resumo preparado pela equipe do portal G\u00e1vea News para lhe manter muito bem informado!<\/p>\n\n\n\n<h2 class=\"wp-block-heading\" id=\"h-recado-de-ancelotti\">Recado de Ancelotti<\/h2>\n\n\n\n<p>A rivalidade entre Manchester City e Real Madrid na Champions League ganha mais um cap\u00edtulo nesta ter\u00e7a-feira (11), quando as equipes se enfrentam no Etihad Stadium pelo jogo de ida dos playoffs. Antes do confronto, o t\u00e9cnico Carlo Ancelotti elogiou Pep Guardiola, destacando sua capacidade inovadora no futebol. O treinador do Real Madrid afirmou que enfrentar Guardiola \u00e9 sempre um desafio, j\u00e1 que ele constantemente apresenta novas ideias t\u00e1ticas, tornando a prepara\u00e7\u00e3o para os jogos um verdadeiro &#8220;pesadelo&#8221;<strong><a href=\"https:\/\/www.gaveanews.com\/index.php\/2025\/02\/10\/a-declaracao-de-ancelotti-do-real-madrid-direcionada-a-pep-guardiola-do-manchester-city\/\"> (leia a mat\u00e9ria completa).<\/a><\/strong><\/p>\n\n\n\n<figure class=\"wp-block-image size-full\"><img loading=\"lazy\" decoding=\"async\" width=\"984\" height=\"678\" src=\"http:\/\/www.gaveanews.com\/wp-content\/uploads\/2023-04-29t184531z-1598421574-up1ej4t1g3tth-rtrmadp-3-soccer-spain-mad-uda-report.webp\" alt=\"\" class=\"wp-image-119629\" srcset=\"https:\/\/www.gaveanews.com\/wp-content\/uploads\/2023-04-29t184531z-1598421574-up1ej4t1g3tth-rtrmadp-3-soccer-spain-mad-uda-report.webp 984w, https:\/\/www.gaveanews.com\/wp-content\/uploads\/2023-04-29t184531z-1598421574-up1ej4t1g3tth-rtrmadp-3-soccer-spain-mad-uda-report-300x207.webp 300w, https:\/\/www.gaveanews.com\/wp-content\/uploads\/2023-04-29t184531z-1598421574-up1ej4t1g3tth-rtrmadp-3-soccer-spain-mad-uda-report-768x529.webp 768w, https:\/\/www.gaveanews.com\/wp-content\/uploads\/2023-04-29t184531z-1598421574-up1ej4t1g3tth-rtrmadp-3-soccer-spain-mad-uda-report-610x420.webp 610w, https:\/\/www.gaveanews.com\/wp-content\/uploads\/2023-04-29t184531z-1598421574-up1ej4t1g3tth-rtrmadp-3-soccer-spain-mad-uda-report-640x441.webp 640w, https:\/\/www.gaveanews.com\/wp-content\/uploads\/2023-04-29t184531z-1598421574-up1ej4t1g3tth-rtrmadp-3-soccer-spain-mad-uda-report-681x469.webp 681w, https:\/\/www.gaveanews.com\/wp-content\/uploads\/2023-04-29t184531z-1598421574-up1ej4t1g3tth-rtrmadp-3-soccer-spain-mad-uda-report-100x69.webp 100w\" sizes=\"auto, (max-width: 984px) 100vw, 984px\" \/><figcaption class=\"wp-element-caption\">Carlo Ancelotti, t\u00e9cnico do Real Madrid (Foto: Reuters)<\/figcaption><\/figure>\n\n\n\n<p>O Real Madrid entra em campo com desafios defensivos significativos, j\u00e1 que Alaba, \u00c9der Milit\u00e3o e R\u00fcdiger est\u00e3o lesionados. Com isso, Ancelotti deve improvisar Valverde na lateral-direita e Tchouam\u00e9ni na zaga. <\/p>\n\n\n\n<p>J\u00e1 o Manchester City tem praticamente todo o elenco \u00e0 disposi\u00e7\u00e3o, com Rodri sendo a \u00fanica aus\u00eancia confirmada por les\u00e3o no joelho. Apesar disso, jogadores como Nathan Ak\u00e9 e J\u00e9remy Doku treinaram normalmente e devem estar dispon\u00edveis para a partida.<\/p>\n\n\n\n<p>Com dois dos melhores times do mundo em campo, a expectativa \u00e9 de um duelo equilibrado e de alto n\u00edvel t\u00e9cnico. O jogo de volta acontece na pr\u00f3xima quarta-feira (19), no Santiago Bernab\u00e9u, e o vencedor do confronto enfrentar\u00e1 Atl\u00e9tico de Madrid ou Bayer Leverkusen na fase seguinte. A disputa promete ser acirrada, e tanto Ancelotti quanto Guardiola ter\u00e3o que demonstrar toda sua genialidade t\u00e1tica para levar suas equipes \u00e0 pr\u00f3xima fase da competi\u00e7\u00e3o.<\/p>\n\n\n\n<h2 class=\"wp-block-heading\" id=\"h-declaracao-de-rodrygo\">Declara\u00e7\u00e3o de Rodrygo<\/h2>\n\n\n\n<p>Rodrygo, um dos destaques do Real Madrid nos \u00faltimos meses, falou sobre seu futuro durante uma coletiva de imprensa ao lado de Carlo Ancelotti, na v\u00e9spera do confronto contra o Manchester City pela Champions League. Questionado sobre o interesse do Al-Hilal, da Ar\u00e1bia Saudita, o atacante brasileiro garantiu que est\u00e1 feliz no clube espanhol e pretende permanecer por muitos anos. Ele afirmou que n\u00e3o est\u00e1 envolvido diretamente em negocia\u00e7\u00f5es e que essa parte \u00e9 gerenciada por seu pai, que atua como seu agente <strong><a href=\"https:\/\/www.gaveanews.com\/index.php\/2025\/02\/10\/a-declaracao-de-rodrygo-sobre-deixar-o-real-madrid\/\">(leia a mat\u00e9ria completa).<\/a><\/strong><\/p>\n\n\n\n<figure class=\"wp-block-image size-full\"><img loading=\"lazy\" decoding=\"async\" width=\"846\" height=\"564\" src=\"http:\/\/www.gaveanews.com\/wp-content\/uploads\/rodrygo-real-madrid.webp\" alt=\"\" class=\"wp-image-94011\" srcset=\"https:\/\/www.gaveanews.com\/wp-content\/uploads\/rodrygo-real-madrid.webp 846w, https:\/\/www.gaveanews.com\/wp-content\/uploads\/rodrygo-real-madrid-300x200.webp 300w, https:\/\/www.gaveanews.com\/wp-content\/uploads\/rodrygo-real-madrid-768x512.webp 768w, https:\/\/www.gaveanews.com\/wp-content\/uploads\/rodrygo-real-madrid-630x420.webp 630w, https:\/\/www.gaveanews.com\/wp-content\/uploads\/rodrygo-real-madrid-640x427.webp 640w, https:\/\/www.gaveanews.com\/wp-content\/uploads\/rodrygo-real-madrid-681x454.webp 681w, https:\/\/www.gaveanews.com\/wp-content\/uploads\/rodrygo-real-madrid-100x67.webp 100w\" sizes=\"auto, (max-width: 846px) 100vw, 846px\" \/><figcaption class=\"wp-element-caption\">Rodrygo em a\u00e7\u00e3o pelo Real Madrid no Mundial de Clubes (Foto: KHALED DESOUKI\/AFP)<\/figcaption><\/figure>\n\n\n\n<p>O atacante vive uma grande fase com a camisa do Real Madrid, acumulando sete gols e tr\u00eas assist\u00eancias nos \u00faltimos 10 jogos. Com um hist\u00f3rico positivo contra o Manchester City, Rodrygo destacou a dificuldade do confronto e a import\u00e2ncia de manter a mesma mentalidade da temporada passada. O Real Madrid enfrentou os ingleses quatro vezes em mata-matas desde a chegada do brasileiro, com duas vit\u00f3rias para cada lado.<\/p>\n\n\n\n<p>Rodrygo tamb\u00e9m ressaltou sua confian\u00e7a para o jogo decisivo, lembrando que j\u00e1 balan\u00e7ou as redes contra o City em momentos importantes. Ele afirmou que se sente preparado para ser decisivo mais uma vez e ajudar sua equipe a avan\u00e7ar na competi\u00e7\u00e3o. Com o duelo marcado para esta ter\u00e7a-feira, o atacante espera manter o bom momento e contribuir para mais um triunfo do Real Madrid na Champions League.<\/p>\n\n\n\n<h2 class=\"wp-block-heading\" id=\"h-homenagem-de-marcelo\">Homenagem de Marcelo<\/h2>\n\n\n\n<p>Marcelo foi homenageado pelo Real Madrid antes do cl\u00e1ssico contra o Atl\u00e9tico de Madrid, no \u00faltimo s\u00e1bado (8), no Santiago Bernab\u00e9u. Ap\u00f3s anunciar sua aposentadoria, o ex-lateral recebeu o carinho da torcida madridista e uma camisa autografada pelos jogadores do clube, emoldurada em um quadro. A homenagem reconheceu sua trajet\u00f3ria vitoriosa no time espanhol, onde conquistou 25 t\u00edtulos e se tornou o jogador mais vencedor da hist\u00f3ria do clube<strong><a href=\"https:\/\/www.gaveanews.com\/index.php\/2025\/02\/10\/marcelo-e-homenageado-antes-de-jogo-do-real-madrid-veja\/\"> (leia a mat\u00e9ria completa).<\/a><\/strong><\/p>\n\n\n\n<figure class=\"wp-block-image size-full\"><img loading=\"lazy\" decoding=\"async\" width=\"774\" height=\"436\" src=\"http:\/\/www.gaveanews.com\/wp-content\/uploads\/Marcelo-pelo-Fluminense.webp\" alt=\"\" class=\"wp-image-167658\" srcset=\"https:\/\/www.gaveanews.com\/wp-content\/uploads\/Marcelo-pelo-Fluminense.webp 774w, https:\/\/www.gaveanews.com\/wp-content\/uploads\/Marcelo-pelo-Fluminense-300x169.webp 300w, https:\/\/www.gaveanews.com\/wp-content\/uploads\/Marcelo-pelo-Fluminense-768x433.webp 768w, https:\/\/www.gaveanews.com\/wp-content\/uploads\/Marcelo-pelo-Fluminense-746x420.webp 746w, https:\/\/www.gaveanews.com\/wp-content\/uploads\/Marcelo-pelo-Fluminense-640x361.webp 640w, https:\/\/www.gaveanews.com\/wp-content\/uploads\/Marcelo-pelo-Fluminense-681x384.webp 681w, https:\/\/www.gaveanews.com\/wp-content\/uploads\/Marcelo-pelo-Fluminense-100x56.webp 100w\" sizes=\"auto, (max-width: 774px) 100vw, 774px\" \/><figcaption class=\"wp-element-caption\">Marcelo pelo Fluminense (Foto: Mailson Santana\/Fluminense)<\/figcaption><\/figure>\n\n\n\n<p>Ap\u00f3s rescindir contrato com o Fluminense em dezembro de 2024, Marcelo encerrou sua carreira como atleta profissional. Revelado pelo Tricolor em 2005, ele brilhou no futebol europeu vestindo a camisa do Real Madrid por 16 anos, antes de uma breve passagem pelo Olympiacos e seu retorno ao Brasil. No Fluminense, encerrou sua trajet\u00f3ria conquistando a in\u00e9dita Libertadores de 2023.<\/p>\n\n\n\n<p>Nas redes sociais, Marcelo agradeceu a homenagem e declarou seu amor ao clube espanhol, afirmando que o Santiago Bernab\u00e9u sempre ser\u00e1 sua casa. Com um legado marcado por cinco t\u00edtulos da Liga dos Campe\u00f5es e quatro Mundiais de Clubes, o ex-lateral deixa o futebol como um dos maiores \u00eddolos da hist\u00f3ria do Real Madrid e do futebol brasileiro.<\/p>\n","protected":false},"excerpt":{"rendered":"<p>Nas \u00faltimas horas, o foco das not\u00edcias sobre o Real Madrid se concentram nos bastidores do clube, com destaques do dia a dia do time. Por conta deste contexto, leia abaixo um resumo preparado pela equipe do portal G\u00e1vea News para lhe manter muito bem informado! Recado de Ancelotti A rivalidade entre Manchester City e [&hellip;]<\/p>\n","protected":false},"author":27,"featured_media":128328,"comment_status":"open","ping_status":"closed","sticky":false,"template":"","format":"standard","meta":{"footnotes":""},"categories":[88],"tags":[],"class_list":["post-226586","post","type-post","status-publish","format-standard","has-post-thumbnail","hentry","category-real-madrid"],"yoast_head":"<!-- This site is optimized with the Yoast SEO Premium plugin v24.2 (Yoast SEO v26.9) - https:\/\/yoast.com\/product\/yoast-seo-premium-wordpress\/ -->\n<title>Homenagem de Marcelo, declara\u00e7\u00e3o de Rodrygo e recado de Ancelotti: as \u00faltimas not\u00edcias do Real Madrid<\/title>\n<meta name=\"robots\" content=\"index, follow, max-snippet:-1, max-image-preview:large, max-video-preview:-1\" \/>\n<link rel=\"canonical\" href=\"https:\/\/www.gaveanews.com\/index.php\/2025\/02\/12\/homenagem-de-marcelo-declaracao-de-rodrygo-e-recado-de-ancelotti-as-ultimas-noticias-do-real-madrid\/\" \/>\n<meta property=\"og:locale\" content=\"pt_BR\" \/>\n<meta property=\"og:type\" content=\"article\" \/>\n<meta property=\"og:title\" content=\"Homenagem de Marcelo, declara\u00e7\u00e3o de Rodrygo e recado de Ancelotti: as \u00faltimas not\u00edcias do Real Madrid\" \/>\n<meta property=\"og:description\" content=\"Nas \u00faltimas horas, o foco das not\u00edcias sobre o Real Madrid se concentram nos bastidores do clube, com destaques do dia a dia do time. Por conta deste contexto, leia abaixo um resumo preparado pela equipe do portal G\u00e1vea News para lhe manter muito bem informado! Recado de Ancelotti A rivalidade entre Manchester City e [&hellip;]\" \/>\n<meta property=\"og:url\" content=\"https:\/\/www.gaveanews.com\/index.php\/2025\/02\/12\/homenagem-de-marcelo-declaracao-de-rodrygo-e-recado-de-ancelotti-as-ultimas-noticias-do-real-madrid\/\" \/>\n<meta property=\"og:site_name\" content=\"G\u00e1vea News\" \/>\n<meta property=\"article:publisher\" content=\"https:\/\/facebook.com\/gaveaNews\/\" \/>\n<meta property=\"article:published_time\" content=\"2025-02-12T07:50:00+00:00\" \/>\n<meta property=\"og:image\" content=\"https:\/\/www.gaveanews.com\/wp-content\/uploads\/lw9cjnt8bgmej6ominan.webp\" \/>\n\t<meta property=\"og:image:width\" content=\"1280\" \/>\n\t<meta property=\"og:image:height\" content=\"720\" \/>\n\t<meta property=\"og:image:type\" content=\"image\/jpeg\" \/>\n<meta name=\"author\" content=\"Matheus Felipe\" \/>\n<meta name=\"twitter:card\" content=\"summary_large_image\" \/>\n<meta name=\"twitter:label1\" content=\"Escrito por\" \/>\n\t<meta name=\"twitter:data1\" content=\"Matheus Felipe\" \/>\n\t<meta name=\"twitter:label2\" content=\"Est. tempo de leitura\" \/>\n\t<meta name=\"twitter:data2\" content=\"5 minutos\" \/>\n<script type=\"application\/ld+json\" class=\"yoast-schema-graph\">{\"@context\":\"https:\/\/schema.org\",\"@graph\":[{\"@type\":\"NewsArticle\",\"@id\":\"https:\/\/www.gaveanews.com\/index.php\/2025\/02\/12\/homenagem-de-marcelo-declaracao-de-rodrygo-e-recado-de-ancelotti-as-ultimas-noticias-do-real-madrid\/#article\",\"isPartOf\":{\"@id\":\"https:\/\/www.gaveanews.com\/index.php\/2025\/02\/12\/homenagem-de-marcelo-declaracao-de-rodrygo-e-recado-de-ancelotti-as-ultimas-noticias-do-real-madrid\/\"},\"author\":{\"name\":\"Matheus Felipe\",\"@id\":\"https:\/\/www.gaveanews.com\/#\/schema\/person\/8207cd4627f56151707418bfc835b2fb\"},\"headline\":\"Homenagem de Marcelo, declara\u00e7\u00e3o de Rodrygo e recado de Ancelotti: as \u00faltimas not\u00edcias do Real Madrid\",\"datePublished\":\"2025-02-12T07:50:00+00:00\",\"mainEntityOfPage\":{\"@id\":\"https:\/\/www.gaveanews.com\/index.php\/2025\/02\/12\/homenagem-de-marcelo-declaracao-de-rodrygo-e-recado-de-ancelotti-as-ultimas-noticias-do-real-madrid\/\"},\"wordCount\":788,\"commentCount\":0,\"image\":{\"@id\":\"https:\/\/www.gaveanews.com\/index.php\/2025\/02\/12\/homenagem-de-marcelo-declaracao-de-rodrygo-e-recado-de-ancelotti-as-ultimas-noticias-do-real-madrid\/#primaryimage\"},\"thumbnailUrl\":\"https:\/\/www.gaveanews.com\/wp-content\/uploads\/lw9cjnt8bgmej6ominan.webp\",\"articleSection\":[\"Real Madrid\"],\"inLanguage\":\"pt-BR\",\"potentialAction\":[{\"@type\":\"CommentAction\",\"name\":\"Comment\",\"target\":[\"https:\/\/www.gaveanews.com\/index.php\/2025\/02\/12\/homenagem-de-marcelo-declaracao-de-rodrygo-e-recado-de-ancelotti-as-ultimas-noticias-do-real-madrid\/#respond\"]}],\"copyrightYear\":\"2025\",\"copyrightHolder\":{\"@id\":\"https:\/\/www.gaveanews.com\/#organization\"}},{\"@type\":\"WebPage\",\"@id\":\"https:\/\/www.gaveanews.com\/index.php\/2025\/02\/12\/homenagem-de-marcelo-declaracao-de-rodrygo-e-recado-de-ancelotti-as-ultimas-noticias-do-real-madrid\/\",\"url\":\"https:\/\/www.gaveanews.com\/index.php\/2025\/02\/12\/homenagem-de-marcelo-declaracao-de-rodrygo-e-recado-de-ancelotti-as-ultimas-noticias-do-real-madrid\/\",\"name\":\"Homenagem de Marcelo, declara\u00e7\u00e3o de Rodrygo e recado de Ancelotti: as \u00faltimas not\u00edcias do Real Madrid\",\"isPartOf\":{\"@id\":\"https:\/\/www.gaveanews.com\/#website\"},\"primaryImageOfPage\":{\"@id\":\"https:\/\/www.gaveanews.com\/index.php\/2025\/02\/12\/homenagem-de-marcelo-declaracao-de-rodrygo-e-recado-de-ancelotti-as-ultimas-noticias-do-real-madrid\/#primaryimage\"},\"image\":{\"@id\":\"https:\/\/www.gaveanews.com\/index.php\/2025\/02\/12\/homenagem-de-marcelo-declaracao-de-rodrygo-e-recado-de-ancelotti-as-ultimas-noticias-do-real-madrid\/#primaryimage\"},\"thumbnailUrl\":\"https:\/\/www.gaveanews.com\/wp-content\/uploads\/lw9cjnt8bgmej6ominan.webp\",\"datePublished\":\"2025-02-12T07:50:00+00:00\",\"author\":{\"@id\":\"https:\/\/www.gaveanews.com\/#\/schema\/person\/8207cd4627f56151707418bfc835b2fb\"},\"breadcrumb\":{\"@id\":\"https:\/\/www.gaveanews.com\/index.php\/2025\/02\/12\/homenagem-de-marcelo-declaracao-de-rodrygo-e-recado-de-ancelotti-as-ultimas-noticias-do-real-madrid\/#breadcrumb\"},\"inLanguage\":\"pt-BR\",\"potentialAction\":[{\"@type\":\"ReadAction\",\"target\":[\"https:\/\/www.gaveanews.com\/index.php\/2025\/02\/12\/homenagem-de-marcelo-declaracao-de-rodrygo-e-recado-de-ancelotti-as-ultimas-noticias-do-real-madrid\/\"]}]},{\"@type\":\"ImageObject\",\"inLanguage\":\"pt-BR\",\"@id\":\"https:\/\/www.gaveanews.com\/index.php\/2025\/02\/12\/homenagem-de-marcelo-declaracao-de-rodrygo-e-recado-de-ancelotti-as-ultimas-noticias-do-real-madrid\/#primaryimage\",\"url\":\"https:\/\/www.gaveanews.com\/wp-content\/uploads\/lw9cjnt8bgmej6ominan.webp\",\"contentUrl\":\"https:\/\/www.gaveanews.com\/wp-content\/uploads\/lw9cjnt8bgmej6ominan.webp\",\"width\":1280,\"height\":720,\"caption\":\"Escudos de Juventus e Real Madrid (Foto: Reprodu\u00e7\u00e3o)\"},{\"@type\":\"BreadcrumbList\",\"@id\":\"https:\/\/www.gaveanews.com\/index.php\/2025\/02\/12\/homenagem-de-marcelo-declaracao-de-rodrygo-e-recado-de-ancelotti-as-ultimas-noticias-do-real-madrid\/#breadcrumb\",\"itemListElement\":[{\"@type\":\"ListItem\",\"position\":1,\"name\":\"Home\",\"item\":\"https:\/\/www.gaveanews.com\/\"},{\"@type\":\"ListItem\",\"position\":2,\"name\":\"Homenagem de Marcelo, declara\u00e7\u00e3o de Rodrygo e recado de Ancelotti: as \u00faltimas not\u00edcias do Real Madrid\"}]},{\"@type\":\"WebSite\",\"@id\":\"https:\/\/www.gaveanews.com\/#website\",\"url\":\"https:\/\/www.gaveanews.com\/\",\"name\":\"G\u00e1vea News\",\"description\":\"Veja todas as not\u00edcias sobre o Flamengo: Contrata\u00e7\u00f5es, categorias de base, resultados das partidas, tabela de classifica\u00e7\u00e3o, pr\u00f3ximos jogos!\",\"potentialAction\":[{\"@type\":\"SearchAction\",\"target\":{\"@type\":\"EntryPoint\",\"urlTemplate\":\"https:\/\/www.gaveanews.com\/?s={search_term_string}\"},\"query-input\":{\"@type\":\"PropertyValueSpecification\",\"valueRequired\":true,\"valueName\":\"search_term_string\"}}],\"inLanguage\":\"pt-BR\"},{\"@type\":\"Person\",\"@id\":\"https:\/\/www.gaveanews.com\/#\/schema\/person\/8207cd4627f56151707418bfc835b2fb\",\"name\":\"Matheus Felipe\",\"image\":{\"@type\":\"ImageObject\",\"inLanguage\":\"pt-BR\",\"@id\":\"https:\/\/www.gaveanews.com\/#\/schema\/person\/image\/\",\"url\":\"https:\/\/secure.gravatar.com\/avatar\/a452ffbed9130f726358b298bb3a99ce4bd3c5338411f8440e87e14d74c7c087?s=96&d=mm&r=g\",\"contentUrl\":\"https:\/\/secure.gravatar.com\/avatar\/a452ffbed9130f726358b298bb3a99ce4bd3c5338411f8440e87e14d74c7c087?s=96&d=mm&r=g\",\"caption\":\"Matheus Felipe\"}}]}<\/script>\n<!-- \/ Yoast SEO Premium plugin. -->","yoast_head_json":{"title":"Homenagem de Marcelo, declara\u00e7\u00e3o de Rodrygo e recado de Ancelotti: as \u00faltimas not\u00edcias do Real Madrid","robots":{"index":"index","follow":"follow","max-snippet":"max-snippet:-1","max-image-preview":"max-image-preview:large","max-video-preview":"max-video-preview:-1"},"canonical":"https:\/\/www.gaveanews.com\/index.php\/2025\/02\/12\/homenagem-de-marcelo-declaracao-de-rodrygo-e-recado-de-ancelotti-as-ultimas-noticias-do-real-madrid\/","og_locale":"pt_BR","og_type":"article","og_title":"Homenagem de Marcelo, declara\u00e7\u00e3o de Rodrygo e recado de Ancelotti: as \u00faltimas not\u00edcias do Real Madrid","og_description":"Nas \u00faltimas horas, o foco das not\u00edcias sobre o Real Madrid se concentram nos bastidores do clube, com destaques do dia a dia do time. Por conta deste contexto, leia abaixo um resumo preparado pela equipe do portal G\u00e1vea News para lhe manter muito bem informado! Recado de Ancelotti A rivalidade entre Manchester City e [&hellip;]","og_url":"https:\/\/www.gaveanews.com\/index.php\/2025\/02\/12\/homenagem-de-marcelo-declaracao-de-rodrygo-e-recado-de-ancelotti-as-ultimas-noticias-do-real-madrid\/","og_site_name":"G\u00e1vea News","article_publisher":"https:\/\/facebook.com\/gaveaNews\/","article_published_time":"2025-02-12T07:50:00+00:00","og_image":[{"width":1280,"height":720,"url":"https:\/\/www.gaveanews.com\/wp-content\/uploads\/lw9cjnt8bgmej6ominan.webp","type":"image\/jpeg"}],"author":"Matheus Felipe","twitter_card":"summary_large_image","twitter_misc":{"Escrito por":"Matheus Felipe","Est. tempo de leitura":"5 minutos"},"schema":{"@context":"https:\/\/schema.org","@graph":[{"@type":"NewsArticle","@id":"https:\/\/www.gaveanews.com\/index.php\/2025\/02\/12\/homenagem-de-marcelo-declaracao-de-rodrygo-e-recado-de-ancelotti-as-ultimas-noticias-do-real-madrid\/#article","isPartOf":{"@id":"https:\/\/www.gaveanews.com\/index.php\/2025\/02\/12\/homenagem-de-marcelo-declaracao-de-rodrygo-e-recado-de-ancelotti-as-ultimas-noticias-do-real-madrid\/"},"author":{"name":"Matheus Felipe","@id":"https:\/\/www.gaveanews.com\/#\/schema\/person\/8207cd4627f56151707418bfc835b2fb"},"headline":"Homenagem de Marcelo, declara\u00e7\u00e3o de Rodrygo e recado de Ancelotti: as \u00faltimas not\u00edcias do Real Madrid","datePublished":"2025-02-12T07:50:00+00:00","mainEntityOfPage":{"@id":"https:\/\/www.gaveanews.com\/index.php\/2025\/02\/12\/homenagem-de-marcelo-declaracao-de-rodrygo-e-recado-de-ancelotti-as-ultimas-noticias-do-real-madrid\/"},"wordCount":788,"commentCount":0,"image":{"@id":"https:\/\/www.gaveanews.com\/index.php\/2025\/02\/12\/homenagem-de-marcelo-declaracao-de-rodrygo-e-recado-de-ancelotti-as-ultimas-noticias-do-real-madrid\/#primaryimage"},"thumbnailUrl":"https:\/\/www.gaveanews.com\/wp-content\/uploads\/lw9cjnt8bgmej6ominan.webp","articleSection":["Real Madrid"],"inLanguage":"pt-BR","potentialAction":[{"@type":"CommentAction","name":"Comment","target":["https:\/\/www.gaveanews.com\/index.php\/2025\/02\/12\/homenagem-de-marcelo-declaracao-de-rodrygo-e-recado-de-ancelotti-as-ultimas-noticias-do-real-madrid\/#respond"]}],"copyrightYear":"2025","copyrightHolder":{"@id":"https:\/\/www.gaveanews.com\/#organization"}},{"@type":"WebPage","@id":"https:\/\/www.gaveanews.com\/index.php\/2025\/02\/12\/homenagem-de-marcelo-declaracao-de-rodrygo-e-recado-de-ancelotti-as-ultimas-noticias-do-real-madrid\/","url":"https:\/\/www.gaveanews.com\/index.php\/2025\/02\/12\/homenagem-de-marcelo-declaracao-de-rodrygo-e-recado-de-ancelotti-as-ultimas-noticias-do-real-madrid\/","name":"Homenagem de Marcelo, declara\u00e7\u00e3o de Rodrygo e recado de Ancelotti: as \u00faltimas not\u00edcias do Real Madrid","isPartOf":{"@id":"https:\/\/www.gaveanews.com\/#website"},"primaryImageOfPage":{"@id":"https:\/\/www.gaveanews.com\/index.php\/2025\/02\/12\/homenagem-de-marcelo-declaracao-de-rodrygo-e-recado-de-ancelotti-as-ultimas-noticias-do-real-madrid\/#primaryimage"},"image":{"@id":"https:\/\/www.gaveanews.com\/index.php\/2025\/02\/12\/homenagem-de-marcelo-declaracao-de-rodrygo-e-recado-de-ancelotti-as-ultimas-noticias-do-real-madrid\/#primaryimage"},"thumbnailUrl":"https:\/\/www.gaveanews.com\/wp-content\/uploads\/lw9cjnt8bgmej6ominan.webp","datePublished":"2025-02-12T07:50:00+00:00","author":{"@id":"https:\/\/www.gaveanews.com\/#\/schema\/person\/8207cd4627f56151707418bfc835b2fb"},"breadcrumb":{"@id":"https:\/\/www.gaveanews.com\/index.php\/2025\/02\/12\/homenagem-de-marcelo-declaracao-de-rodrygo-e-recado-de-ancelotti-as-ultimas-noticias-do-real-madrid\/#breadcrumb"},"inLanguage":"pt-BR","potentialAction":[{"@type":"ReadAction","target":["https:\/\/www.gaveanews.com\/index.php\/2025\/02\/12\/homenagem-de-marcelo-declaracao-de-rodrygo-e-recado-de-ancelotti-as-ultimas-noticias-do-real-madrid\/"]}]},{"@type":"ImageObject","inLanguage":"pt-BR","@id":"https:\/\/www.gaveanews.com\/index.php\/2025\/02\/12\/homenagem-de-marcelo-declaracao-de-rodrygo-e-recado-de-ancelotti-as-ultimas-noticias-do-real-madrid\/#primaryimage","url":"https:\/\/www.gaveanews.com\/wp-content\/uploads\/lw9cjnt8bgmej6ominan.webp","contentUrl":"https:\/\/www.gaveanews.com\/wp-content\/uploads\/lw9cjnt8bgmej6ominan.webp","width":1280,"height":720,"caption":"Escudos de Juventus e Real Madrid (Foto: Reprodu\u00e7\u00e3o)"},{"@type":"BreadcrumbList","@id":"https:\/\/www.gaveanews.com\/index.php\/2025\/02\/12\/homenagem-de-marcelo-declaracao-de-rodrygo-e-recado-de-ancelotti-as-ultimas-noticias-do-real-madrid\/#breadcrumb","itemListElement":[{"@type":"ListItem","position":1,"name":"Home","item":"https:\/\/www.gaveanews.com\/"},{"@type":"ListItem","position":2,"name":"Homenagem de Marcelo, declara\u00e7\u00e3o de Rodrygo e recado de Ancelotti: as \u00faltimas not\u00edcias do Real Madrid"}]},{"@type":"WebSite","@id":"https:\/\/www.gaveanews.com\/#website","url":"https:\/\/www.gaveanews.com\/","name":"G\u00e1vea News","description":"Veja todas as not\u00edcias sobre o Flamengo: Contrata\u00e7\u00f5es, categorias de base, resultados das partidas, tabela de classifica\u00e7\u00e3o, pr\u00f3ximos jogos!","potentialAction":[{"@type":"SearchAction","target":{"@type":"EntryPoint","urlTemplate":"https:\/\/www.gaveanews.com\/?s={search_term_string}"},"query-input":{"@type":"PropertyValueSpecification","valueRequired":true,"valueName":"search_term_string"}}],"inLanguage":"pt-BR"},{"@type":"Person","@id":"https:\/\/www.gaveanews.com\/#\/schema\/person\/8207cd4627f56151707418bfc835b2fb","name":"Matheus Felipe","image":{"@type":"ImageObject","inLanguage":"pt-BR","@id":"https:\/\/www.gaveanews.com\/#\/schema\/person\/image\/","url":"https:\/\/secure.gravatar.com\/avatar\/a452ffbed9130f726358b298bb3a99ce4bd3c5338411f8440e87e14d74c7c087?s=96&d=mm&r=g","contentUrl":"https:\/\/secure.gravatar.com\/avatar\/a452ffbed9130f726358b298bb3a99ce4bd3c5338411f8440e87e14d74c7c087?s=96&d=mm&r=g","caption":"Matheus Felipe"}}]}},"_links":{"self":[{"href":"https:\/\/www.gaveanews.com\/index.php\/wp-json\/wp\/v2\/posts\/226586","targetHints":{"allow":["GET"]}}],"collection":[{"href":"https:\/\/www.gaveanews.com\/index.php\/wp-json\/wp\/v2\/posts"}],"about":[{"href":"https:\/\/www.gaveanews.com\/index.php\/wp-json\/wp\/v2\/types\/post"}],"author":[{"embeddable":true,"href":"https:\/\/www.gaveanews.com\/index.php\/wp-json\/wp\/v2\/users\/27"}],"replies":[{"embeddable":true,"href":"https:\/\/www.gaveanews.com\/index.php\/wp-json\/wp\/v2\/comments?post=226586"}],"version-history":[{"count":1,"href":"https:\/\/www.gaveanews.com\/index.php\/wp-json\/wp\/v2\/posts\/226586\/revisions"}],"predecessor-version":[{"id":226625,"href":"https:\/\/www.gaveanews.com\/index.php\/wp-json\/wp\/v2\/posts\/226586\/revisions\/226625"}],"wp:featuredmedia":[{"embeddable":true,"href":"https:\/\/www.gaveanews.com\/index.php\/wp-json\/wp\/v2\/media\/128328"}],"wp:attachment":[{"href":"https:\/\/www.gaveanews.com\/index.php\/wp-json\/wp\/v2\/media?parent=226586"}],"wp:term":[{"taxonomy":"category","embeddable":true,"href":"https:\/\/www.gaveanews.com\/index.php\/wp-json\/wp\/v2\/categories?post=226586"},{"taxonomy":"post_tag","embeddable":true,"href":"https:\/\/www.gaveanews.com\/index.php\/wp-json\/wp\/v2\/tags?post=226586"}],"curies":[{"name":"wp","href":"https:\/\/api.w.org\/{rel}","templated":true}]}}