{"id":226587,"date":"2025-02-12T05:50:00","date_gmt":"2025-02-12T08:50:00","guid":{"rendered":"https:\/\/www.gaveanews.com\/?p=226587"},"modified":"2025-02-12T02:59:41","modified_gmt":"2025-02-12T05:59:41","slug":"declaracao-de-pep-guardiola-situacao-de-rodrygo-e-recado-de-savinho-as-ultimas-noticias-do-real-madrid","status":"publish","type":"post","link":"https:\/\/www.gaveanews.com\/index.php\/2025\/02\/12\/declaracao-de-pep-guardiola-situacao-de-rodrygo-e-recado-de-savinho-as-ultimas-noticias-do-real-madrid\/","title":{"rendered":"Declara\u00e7\u00e3o de Pep Guardiola, Situa\u00e7\u00e3o de Rodrygo e recado de Savinho: as \u00faltimas not\u00edcias do Real Madrid"},"content":{"rendered":"\n<p>Nas \u00faltimas horas, o foco das not\u00edcias sobre o Real Madrid se concentram nos bastidores do clube, com destaques do dia a dia do time.<\/p>\n\n\n\n<p>Por conta deste contexto, leia abaixo um resumo preparado pela equipe do portal G\u00e1vea News para lhe manter muito bem informado!<\/p>\n\n\n\n<h2 class=\"wp-block-heading\" id=\"h-recado-de-savinho\">Recado de Savinho<\/h2>\n\n\n\n<p>O aguardado duelo entre Manchester City e Real Madrid pela Champions League promete ser um dos grandes espet\u00e1culos desta fase da competi\u00e7\u00e3o. A presen\u00e7a das duas equipes nos playoffs surpreendeu muitos torcedores e jogadores, incluindo Savinho, atacante brasileiro do City. O jogador admitiu que n\u00e3o esperava disputar essa fase eliminat\u00f3ria logo em seu primeiro mata-mata pelo clube ingl\u00eas e afirmou que tanto sua equipe quanto o Real Madrid deveriam ter avan\u00e7ado diretamente \u00e0s oitavas de final, dada a grandeza de ambos no cen\u00e1rio europeu<strong><a href=\"https:\/\/www.gaveanews.com\/index.php\/2025\/02\/10\/manchester-city-x-real-madrid-a-declaracao-de-savinho\/\"> (leia a mat\u00e9ria completa).<\/a><\/strong><\/p>\n\n\n\n<figure class=\"wp-block-image size-large\"><img loading=\"lazy\" decoding=\"async\" width=\"819\" height=\"1024\" src=\"http:\/\/www.gaveanews.com\/wp-content\/uploads\/savinho_1707176434077-819x1024.webp\" alt=\"\" class=\"wp-image-125723\" srcset=\"https:\/\/www.gaveanews.com\/wp-content\/uploads\/savinho_1707176434077-819x1024.webp 819w, https:\/\/www.gaveanews.com\/wp-content\/uploads\/savinho_1707176434077-240x300.webp 240w, https:\/\/www.gaveanews.com\/wp-content\/uploads\/savinho_1707176434077-768x960.webp 768w, https:\/\/www.gaveanews.com\/wp-content\/uploads\/savinho_1707176434077-1229x1536.webp 1229w, https:\/\/www.gaveanews.com\/wp-content\/uploads\/savinho_1707176434077-336x420.webp 336w, https:\/\/www.gaveanews.com\/wp-content\/uploads\/savinho_1707176434077-672x840.webp 672w, https:\/\/www.gaveanews.com\/wp-content\/uploads\/savinho_1707176434077-640x800.webp 640w, https:\/\/www.gaveanews.com\/wp-content\/uploads\/savinho_1707176434077-1280x1600.webp 1280w, https:\/\/www.gaveanews.com\/wp-content\/uploads\/savinho_1707176434077-681x851.webp 681w, https:\/\/www.gaveanews.com\/wp-content\/uploads\/savinho_1707176434077-1362x1703.webp 1362w, https:\/\/www.gaveanews.com\/wp-content\/uploads\/savinho_1707176434077-100x125.webp 100w, https:\/\/www.gaveanews.com\/wp-content\/uploads\/savinho_1707176434077.webp 1440w\" sizes=\"auto, (max-width: 819px) 100vw, 819px\" \/><figcaption class=\"wp-element-caption\">Savinho em a\u00e7\u00e3o pela Sele\u00e7\u00e3o Brasileira (Foto: Reprodu\u00e7\u00e3o\/Instagram)<\/figcaption><\/figure>\n\n\n\n<p>A classifica\u00e7\u00e3o apertada das duas equipes na fase de grupos explica a situa\u00e7\u00e3o at\u00edpica. O Real Madrid terminou em 12\u00ba na classifica\u00e7\u00e3o geral, enquanto o City garantiu sua vaga apenas na \u00faltima rodada, ocupando o 22\u00ba lugar. <\/p>\n\n\n\n<p>Isso os obrigou a disputar a repescagem para seguir vivos no torneio. Apesar disso, o confronto promete ser equilibrado, considerando que os dois \u00faltimos campe\u00f5es da Champions se enfrentar\u00e3o. O hist\u00f3rico entre os clubes na competi\u00e7\u00e3o reflete esse equil\u00edbrio, com quatro vit\u00f3rias para o City, tr\u00eas para o Real Madrid e cinco empates em 12 partidas.<\/p>\n\n\n\n<p>O vencedor do confronto aguardar\u00e1 o sorteio para conhecer seu advers\u00e1rio nas oitavas de final, podendo enfrentar Atl\u00e9tico de Madrid ou Bayer Leverkusen. Com dois elencos estrelados e um hist\u00f3rico recente de jogos emocionantes, a expectativa \u00e9 de um duelo intenso e decisivo. Ambos os times buscam reafirmar sua for\u00e7a no cen\u00e1rio europeu e mostrar que, apesar da fase irregular, ainda s\u00e3o candidatos ao t\u00edtulo desta edi\u00e7\u00e3o da Champions League.<\/p>\n\n\n\n<h2 class=\"wp-block-heading\" id=\"h-situacao-de-rodrygo\">Situa\u00e7\u00e3o de Rodrygo<\/h2>\n\n\n\n<p>Rodrygo vive grande fase no Real Madrid, mas sua rela\u00e7\u00e3o com Carlo Ancelotti tem gerado debates na imprensa europeia. Apesar de ser um dos destaques do time, o atacante brasileiro frequentemente \u00e9 substitu\u00eddo ou come\u00e7a no banco, o que levanta questionamentos sobre o tratamento do treinador em rela\u00e7\u00e3o a ele. No trio ofensivo formado com Vini Jr. e Mbapp\u00e9, Rodrygo \u00e9 apontado como o mais \u201csacrificado\u201d nas escolhas t\u00e1ticas do t\u00e9cnico italiano <strong><a href=\"https:\/\/www.gaveanews.com\/index.php\/2025\/02\/10\/situacao-de-rodrygo-com-ancelotti-no-real-madrid-ganha-destaque-na-midia-internacional\/\">(leia a mat\u00e9ria completa).<\/a><\/strong><\/p>\n\n\n\n<figure class=\"wp-block-image size-full\"><img loading=\"lazy\" decoding=\"async\" width=\"846\" height=\"564\" src=\"http:\/\/www.gaveanews.com\/wp-content\/uploads\/rodrygo-real-madrid.webp\" alt=\"\" class=\"wp-image-94011\" srcset=\"https:\/\/www.gaveanews.com\/wp-content\/uploads\/rodrygo-real-madrid.webp 846w, https:\/\/www.gaveanews.com\/wp-content\/uploads\/rodrygo-real-madrid-300x200.webp 300w, https:\/\/www.gaveanews.com\/wp-content\/uploads\/rodrygo-real-madrid-768x512.webp 768w, https:\/\/www.gaveanews.com\/wp-content\/uploads\/rodrygo-real-madrid-630x420.webp 630w, https:\/\/www.gaveanews.com\/wp-content\/uploads\/rodrygo-real-madrid-640x427.webp 640w, https:\/\/www.gaveanews.com\/wp-content\/uploads\/rodrygo-real-madrid-681x454.webp 681w, https:\/\/www.gaveanews.com\/wp-content\/uploads\/rodrygo-real-madrid-100x67.webp 100w\" sizes=\"auto, (max-width: 846px) 100vw, 846px\" \/><figcaption class=\"wp-element-caption\">Rodrygo em a\u00e7\u00e3o pelo Real Madrid no Mundial de Clubes (Foto: KHALED DESOUKI\/AFP)<\/figcaption><\/figure>\n\n\n\n<p>Na \u00faltima partida contra o Atl\u00e9tico de Madrid, o camisa 11 foi substitu\u00eddo nos minutos finais, mesmo tendo participa\u00e7\u00e3o direta no gol de empate. O jornal espanhol <em>Marca<\/em> publicou uma cr\u00edtica afirmando que Ancelotti &#8220;n\u00e3o est\u00e1 sendo justo&#8221; com o brasileiro, destacando que, nos \u00faltimos 15 jogos, ele foi sacado ou come\u00e7ou no banco em 10 ocasi\u00f5es. Ainda assim, seus n\u00fameros impressionam: 10 gols e cinco assist\u00eancias nesse per\u00edodo, desempenho superior ao de Vini Jr., que participou de seis gols, e pr\u00f3ximo ao de Mbapp\u00e9, que marcou 11 vezes.<\/p>\n\n\n\n<p>Agora, o Real Madrid se prepara para um confronto decisivo contra o Manchester City pela Champions League, e a expectativa \u00e9 que Rodrygo tenha papel fundamental na partida. O brasileiro j\u00e1 brilhou contra o time ingl\u00eas em edi\u00e7\u00f5es anteriores do torneio e pode ser decisivo mais uma vez, independentemente da decis\u00e3o de Ancelotti sobre sua titularidade.<\/p>\n\n\n\n<h2 class=\"wp-block-heading\" id=\"h-declaracao-de-pep-guardiola\">Declara\u00e7\u00e3o de Pep Guardiola<\/h2>\n\n\n\n<p>O t\u00e9cnico Pep Guardiola comentou sobre a crescente rivalidade entre Manchester City e Real Madrid antes do novo confronto entre as equipes na Champions League. O treinador espanhol reconheceu que, apesar do equil\u00edbrio nos \u00faltimos anos, a hist\u00f3ria dos merengues ainda \u00e9 incompar\u00e1vel. Ele destacou que o City tem se aproximado do n\u00edvel do Real Madrid, mas ressaltou a grandeza do advers\u00e1rio no cen\u00e1rio europeu, onde soma 14 t\u00edtulos da competi\u00e7\u00e3o <strong><a href=\"https:\/\/www.gaveanews.com\/index.php\/2025\/02\/10\/manchester-city-x-real-madrid-a-declaracao-de-pep-guardiola-2\/\">(leia a mat\u00e9ria completa).<\/a><\/strong><\/p>\n\n\n\n<figure class=\"wp-block-image size-large\"><img loading=\"lazy\" decoding=\"async\" width=\"1024\" height=\"682\" src=\"http:\/\/www.gaveanews.com\/wp-content\/uploads\/Pep-Guardiola-durante-o-jogo-entre-Manchester-City-x-West-Ham-pela-Premier-League-2023-24-1024x682.webp\" alt=\"\" class=\"wp-image-110322\" srcset=\"https:\/\/www.gaveanews.com\/wp-content\/uploads\/Pep-Guardiola-durante-o-jogo-entre-Manchester-City-x-West-Ham-pela-Premier-League-2023-24-1024x682.webp 1024w, https:\/\/www.gaveanews.com\/wp-content\/uploads\/Pep-Guardiola-durante-o-jogo-entre-Manchester-City-x-West-Ham-pela-Premier-League-2023-24-300x200.webp 300w, https:\/\/www.gaveanews.com\/wp-content\/uploads\/Pep-Guardiola-durante-o-jogo-entre-Manchester-City-x-West-Ham-pela-Premier-League-2023-24-768x511.webp 768w, https:\/\/www.gaveanews.com\/wp-content\/uploads\/Pep-Guardiola-durante-o-jogo-entre-Manchester-City-x-West-Ham-pela-Premier-League-2023-24-631x420.webp 631w, https:\/\/www.gaveanews.com\/wp-content\/uploads\/Pep-Guardiola-durante-o-jogo-entre-Manchester-City-x-West-Ham-pela-Premier-League-2023-24-640x426.webp 640w, https:\/\/www.gaveanews.com\/wp-content\/uploads\/Pep-Guardiola-durante-o-jogo-entre-Manchester-City-x-West-Ham-pela-Premier-League-2023-24-681x453.webp 681w, https:\/\/www.gaveanews.com\/wp-content\/uploads\/Pep-Guardiola-durante-o-jogo-entre-Manchester-City-x-West-Ham-pela-Premier-League-2023-24-100x67.webp 100w, https:\/\/www.gaveanews.com\/wp-content\/uploads\/Pep-Guardiola-durante-o-jogo-entre-Manchester-City-x-West-Ham-pela-Premier-League-2023-24.webp 1080w\" sizes=\"auto, (max-width: 1024px) 100vw, 1024px\" \/><figcaption class=\"wp-element-caption\">Pep Guardiola durante o jogo entre Manchester City x West Ham pela Premier League 2023-24 (Foto: Reprodu\u00e7\u00e3o\/Instagram)<\/figcaption><\/figure>\n\n\n\n<p>Os confrontos recentes entre os clubes t\u00eam sido marcados por grandes reviravoltas. Em 2022, o Real Madrid eliminou o City de forma \u00e9pica, enquanto em 2023 os ingleses deram o troco com uma goleada por 4 a 0. Na \u00faltima edi\u00e7\u00e3o, os espanh\u00f3is levaram a melhor nos p\u00eanaltis. Al\u00e9m da disputa dentro de campo, a rivalidade ganhou for\u00e7a com a Bola de Ouro de 2024, vencida por Rodri, enquanto o Real Madrid demonstrou apoio a Vin\u00edcius J\u00fanior ao boicotar a premia\u00e7\u00e3o.<\/p>\n\n\n\n<p>Nesta ter\u00e7a-feira (11), Manchester City e Real Madrid se reencontram no Etihad Stadium para mais um duelo decisivo. Guardiola afirmou que uma vit\u00f3ria pode dar um grande impulso ao time para o restante da temporada, destacando a evolu\u00e7\u00e3o do clube na \u00faltima d\u00e9cada e a import\u00e2ncia de superar o atual campe\u00e3o espanhol. A expectativa \u00e9 de mais um jogo intenso entre duas das maiores pot\u00eancias do futebol mundial.<\/p>\n","protected":false},"excerpt":{"rendered":"<p>Nas \u00faltimas horas, o foco das not\u00edcias sobre o Real Madrid se concentram nos bastidores do clube, com destaques do dia a dia do time. Por conta deste contexto, leia abaixo um resumo preparado pela equipe do portal G\u00e1vea News para lhe manter muito bem informado! Recado de Savinho O aguardado duelo entre Manchester City [&hellip;]<\/p>\n","protected":false},"author":27,"featured_media":124645,"comment_status":"open","ping_status":"closed","sticky":false,"template":"","format":"standard","meta":{"footnotes":""},"categories":[88],"tags":[],"class_list":["post-226587","post","type-post","status-publish","format-standard","has-post-thumbnail","hentry","category-real-madrid"],"yoast_head":"<!-- This site is optimized with the Yoast SEO Premium plugin v24.2 (Yoast SEO v26.9) - https:\/\/yoast.com\/product\/yoast-seo-premium-wordpress\/ -->\n<title>Declara\u00e7\u00e3o de Pep Guardiola, Situa\u00e7\u00e3o de Rodrygo e recado de Savinho: as \u00faltimas not\u00edcias do Real Madrid<\/title>\n<meta name=\"robots\" content=\"index, follow, max-snippet:-1, max-image-preview:large, max-video-preview:-1\" \/>\n<link rel=\"canonical\" href=\"https:\/\/www.gaveanews.com\/index.php\/2025\/02\/12\/declaracao-de-pep-guardiola-situacao-de-rodrygo-e-recado-de-savinho-as-ultimas-noticias-do-real-madrid\/\" \/>\n<meta property=\"og:locale\" content=\"pt_BR\" \/>\n<meta property=\"og:type\" content=\"article\" \/>\n<meta property=\"og:title\" content=\"Declara\u00e7\u00e3o de Pep Guardiola, Situa\u00e7\u00e3o de Rodrygo e recado de Savinho: as \u00faltimas not\u00edcias do Real Madrid\" \/>\n<meta property=\"og:description\" content=\"Nas \u00faltimas horas, o foco das not\u00edcias sobre o Real Madrid se concentram nos bastidores do clube, com destaques do dia a dia do time. Por conta deste contexto, leia abaixo um resumo preparado pela equipe do portal G\u00e1vea News para lhe manter muito bem informado! Recado de Savinho O aguardado duelo entre Manchester City [&hellip;]\" \/>\n<meta property=\"og:url\" content=\"https:\/\/www.gaveanews.com\/index.php\/2025\/02\/12\/declaracao-de-pep-guardiola-situacao-de-rodrygo-e-recado-de-savinho-as-ultimas-noticias-do-real-madrid\/\" \/>\n<meta property=\"og:site_name\" content=\"G\u00e1vea News\" \/>\n<meta property=\"article:publisher\" content=\"https:\/\/facebook.com\/gaveaNews\/\" \/>\n<meta property=\"article:published_time\" content=\"2025-02-12T08:50:00+00:00\" \/>\n<meta property=\"og:image\" content=\"https:\/\/www.gaveanews.com\/wp-content\/uploads\/realmadrid.webp\" \/>\n\t<meta property=\"og:image:width\" content=\"1200\" \/>\n\t<meta property=\"og:image:height\" content=\"900\" \/>\n\t<meta property=\"og:image:type\" content=\"image\/jpeg\" \/>\n<meta name=\"author\" content=\"Matheus Felipe\" \/>\n<meta name=\"twitter:card\" content=\"summary_large_image\" \/>\n<meta name=\"twitter:label1\" content=\"Escrito por\" \/>\n\t<meta name=\"twitter:data1\" content=\"Matheus Felipe\" \/>\n\t<meta name=\"twitter:label2\" content=\"Est. tempo de leitura\" \/>\n\t<meta name=\"twitter:data2\" content=\"6 minutos\" \/>\n<script type=\"application\/ld+json\" class=\"yoast-schema-graph\">{\"@context\":\"https:\/\/schema.org\",\"@graph\":[{\"@type\":\"NewsArticle\",\"@id\":\"https:\/\/www.gaveanews.com\/index.php\/2025\/02\/12\/declaracao-de-pep-guardiola-situacao-de-rodrygo-e-recado-de-savinho-as-ultimas-noticias-do-real-madrid\/#article\",\"isPartOf\":{\"@id\":\"https:\/\/www.gaveanews.com\/index.php\/2025\/02\/12\/declaracao-de-pep-guardiola-situacao-de-rodrygo-e-recado-de-savinho-as-ultimas-noticias-do-real-madrid\/\"},\"author\":{\"name\":\"Matheus Felipe\",\"@id\":\"https:\/\/www.gaveanews.com\/#\/schema\/person\/8207cd4627f56151707418bfc835b2fb\"},\"headline\":\"Declara\u00e7\u00e3o de Pep Guardiola, Situa\u00e7\u00e3o de Rodrygo e recado de Savinho: as \u00faltimas not\u00edcias do Real Madrid\",\"datePublished\":\"2025-02-12T08:50:00+00:00\",\"mainEntityOfPage\":{\"@id\":\"https:\/\/www.gaveanews.com\/index.php\/2025\/02\/12\/declaracao-de-pep-guardiola-situacao-de-rodrygo-e-recado-de-savinho-as-ultimas-noticias-do-real-madrid\/\"},\"wordCount\":876,\"commentCount\":0,\"image\":{\"@id\":\"https:\/\/www.gaveanews.com\/index.php\/2025\/02\/12\/declaracao-de-pep-guardiola-situacao-de-rodrygo-e-recado-de-savinho-as-ultimas-noticias-do-real-madrid\/#primaryimage\"},\"thumbnailUrl\":\"https:\/\/www.gaveanews.com\/wp-content\/uploads\/realmadrid.webp\",\"articleSection\":[\"Real Madrid\"],\"inLanguage\":\"pt-BR\",\"potentialAction\":[{\"@type\":\"CommentAction\",\"name\":\"Comment\",\"target\":[\"https:\/\/www.gaveanews.com\/index.php\/2025\/02\/12\/declaracao-de-pep-guardiola-situacao-de-rodrygo-e-recado-de-savinho-as-ultimas-noticias-do-real-madrid\/#respond\"]}],\"copyrightYear\":\"2025\",\"copyrightHolder\":{\"@id\":\"https:\/\/www.gaveanews.com\/#organization\"}},{\"@type\":\"WebPage\",\"@id\":\"https:\/\/www.gaveanews.com\/index.php\/2025\/02\/12\/declaracao-de-pep-guardiola-situacao-de-rodrygo-e-recado-de-savinho-as-ultimas-noticias-do-real-madrid\/\",\"url\":\"https:\/\/www.gaveanews.com\/index.php\/2025\/02\/12\/declaracao-de-pep-guardiola-situacao-de-rodrygo-e-recado-de-savinho-as-ultimas-noticias-do-real-madrid\/\",\"name\":\"Declara\u00e7\u00e3o de Pep Guardiola, Situa\u00e7\u00e3o de Rodrygo e recado de Savinho: as \u00faltimas not\u00edcias do Real Madrid\",\"isPartOf\":{\"@id\":\"https:\/\/www.gaveanews.com\/#website\"},\"primaryImageOfPage\":{\"@id\":\"https:\/\/www.gaveanews.com\/index.php\/2025\/02\/12\/declaracao-de-pep-guardiola-situacao-de-rodrygo-e-recado-de-savinho-as-ultimas-noticias-do-real-madrid\/#primaryimage\"},\"image\":{\"@id\":\"https:\/\/www.gaveanews.com\/index.php\/2025\/02\/12\/declaracao-de-pep-guardiola-situacao-de-rodrygo-e-recado-de-savinho-as-ultimas-noticias-do-real-madrid\/#primaryimage\"},\"thumbnailUrl\":\"https:\/\/www.gaveanews.com\/wp-content\/uploads\/realmadrid.webp\",\"datePublished\":\"2025-02-12T08:50:00+00:00\",\"author\":{\"@id\":\"https:\/\/www.gaveanews.com\/#\/schema\/person\/8207cd4627f56151707418bfc835b2fb\"},\"breadcrumb\":{\"@id\":\"https:\/\/www.gaveanews.com\/index.php\/2025\/02\/12\/declaracao-de-pep-guardiola-situacao-de-rodrygo-e-recado-de-savinho-as-ultimas-noticias-do-real-madrid\/#breadcrumb\"},\"inLanguage\":\"pt-BR\",\"potentialAction\":[{\"@type\":\"ReadAction\",\"target\":[\"https:\/\/www.gaveanews.com\/index.php\/2025\/02\/12\/declaracao-de-pep-guardiola-situacao-de-rodrygo-e-recado-de-savinho-as-ultimas-noticias-do-real-madrid\/\"]}]},{\"@type\":\"ImageObject\",\"inLanguage\":\"pt-BR\",\"@id\":\"https:\/\/www.gaveanews.com\/index.php\/2025\/02\/12\/declaracao-de-pep-guardiola-situacao-de-rodrygo-e-recado-de-savinho-as-ultimas-noticias-do-real-madrid\/#primaryimage\",\"url\":\"https:\/\/www.gaveanews.com\/wp-content\/uploads\/realmadrid.webp\",\"contentUrl\":\"https:\/\/www.gaveanews.com\/wp-content\/uploads\/realmadrid.webp\",\"width\":1200,\"height\":900,\"caption\":\"Escudo do Real Madrid (Foto: Reprodu\u00e7\u00e3o)\"},{\"@type\":\"BreadcrumbList\",\"@id\":\"https:\/\/www.gaveanews.com\/index.php\/2025\/02\/12\/declaracao-de-pep-guardiola-situacao-de-rodrygo-e-recado-de-savinho-as-ultimas-noticias-do-real-madrid\/#breadcrumb\",\"itemListElement\":[{\"@type\":\"ListItem\",\"position\":1,\"name\":\"Home\",\"item\":\"https:\/\/www.gaveanews.com\/\"},{\"@type\":\"ListItem\",\"position\":2,\"name\":\"Declara\u00e7\u00e3o de Pep Guardiola, Situa\u00e7\u00e3o de Rodrygo e recado de Savinho: as \u00faltimas not\u00edcias do Real Madrid\"}]},{\"@type\":\"WebSite\",\"@id\":\"https:\/\/www.gaveanews.com\/#website\",\"url\":\"https:\/\/www.gaveanews.com\/\",\"name\":\"G\u00e1vea News\",\"description\":\"Veja todas as not\u00edcias sobre o Flamengo: Contrata\u00e7\u00f5es, categorias de base, resultados das partidas, tabela de classifica\u00e7\u00e3o, pr\u00f3ximos jogos!\",\"potentialAction\":[{\"@type\":\"SearchAction\",\"target\":{\"@type\":\"EntryPoint\",\"urlTemplate\":\"https:\/\/www.gaveanews.com\/?s={search_term_string}\"},\"query-input\":{\"@type\":\"PropertyValueSpecification\",\"valueRequired\":true,\"valueName\":\"search_term_string\"}}],\"inLanguage\":\"pt-BR\"},{\"@type\":\"Person\",\"@id\":\"https:\/\/www.gaveanews.com\/#\/schema\/person\/8207cd4627f56151707418bfc835b2fb\",\"name\":\"Matheus Felipe\",\"image\":{\"@type\":\"ImageObject\",\"inLanguage\":\"pt-BR\",\"@id\":\"https:\/\/www.gaveanews.com\/#\/schema\/person\/image\/\",\"url\":\"https:\/\/secure.gravatar.com\/avatar\/a452ffbed9130f726358b298bb3a99ce4bd3c5338411f8440e87e14d74c7c087?s=96&d=mm&r=g\",\"contentUrl\":\"https:\/\/secure.gravatar.com\/avatar\/a452ffbed9130f726358b298bb3a99ce4bd3c5338411f8440e87e14d74c7c087?s=96&d=mm&r=g\",\"caption\":\"Matheus Felipe\"}}]}<\/script>\n<!-- \/ Yoast SEO Premium plugin. -->","yoast_head_json":{"title":"Declara\u00e7\u00e3o de Pep Guardiola, Situa\u00e7\u00e3o de Rodrygo e recado de Savinho: as \u00faltimas not\u00edcias do Real Madrid","robots":{"index":"index","follow":"follow","max-snippet":"max-snippet:-1","max-image-preview":"max-image-preview:large","max-video-preview":"max-video-preview:-1"},"canonical":"https:\/\/www.gaveanews.com\/index.php\/2025\/02\/12\/declaracao-de-pep-guardiola-situacao-de-rodrygo-e-recado-de-savinho-as-ultimas-noticias-do-real-madrid\/","og_locale":"pt_BR","og_type":"article","og_title":"Declara\u00e7\u00e3o de Pep Guardiola, Situa\u00e7\u00e3o de Rodrygo e recado de Savinho: as \u00faltimas not\u00edcias do Real Madrid","og_description":"Nas \u00faltimas horas, o foco das not\u00edcias sobre o Real Madrid se concentram nos bastidores do clube, com destaques do dia a dia do time. Por conta deste contexto, leia abaixo um resumo preparado pela equipe do portal G\u00e1vea News para lhe manter muito bem informado! Recado de Savinho O aguardado duelo entre Manchester City [&hellip;]","og_url":"https:\/\/www.gaveanews.com\/index.php\/2025\/02\/12\/declaracao-de-pep-guardiola-situacao-de-rodrygo-e-recado-de-savinho-as-ultimas-noticias-do-real-madrid\/","og_site_name":"G\u00e1vea News","article_publisher":"https:\/\/facebook.com\/gaveaNews\/","article_published_time":"2025-02-12T08:50:00+00:00","og_image":[{"width":1200,"height":900,"url":"https:\/\/www.gaveanews.com\/wp-content\/uploads\/realmadrid.webp","type":"image\/jpeg"}],"author":"Matheus Felipe","twitter_card":"summary_large_image","twitter_misc":{"Escrito por":"Matheus Felipe","Est. tempo de leitura":"6 minutos"},"schema":{"@context":"https:\/\/schema.org","@graph":[{"@type":"NewsArticle","@id":"https:\/\/www.gaveanews.com\/index.php\/2025\/02\/12\/declaracao-de-pep-guardiola-situacao-de-rodrygo-e-recado-de-savinho-as-ultimas-noticias-do-real-madrid\/#article","isPartOf":{"@id":"https:\/\/www.gaveanews.com\/index.php\/2025\/02\/12\/declaracao-de-pep-guardiola-situacao-de-rodrygo-e-recado-de-savinho-as-ultimas-noticias-do-real-madrid\/"},"author":{"name":"Matheus Felipe","@id":"https:\/\/www.gaveanews.com\/#\/schema\/person\/8207cd4627f56151707418bfc835b2fb"},"headline":"Declara\u00e7\u00e3o de Pep Guardiola, Situa\u00e7\u00e3o de Rodrygo e recado de Savinho: as \u00faltimas not\u00edcias do Real Madrid","datePublished":"2025-02-12T08:50:00+00:00","mainEntityOfPage":{"@id":"https:\/\/www.gaveanews.com\/index.php\/2025\/02\/12\/declaracao-de-pep-guardiola-situacao-de-rodrygo-e-recado-de-savinho-as-ultimas-noticias-do-real-madrid\/"},"wordCount":876,"commentCount":0,"image":{"@id":"https:\/\/www.gaveanews.com\/index.php\/2025\/02\/12\/declaracao-de-pep-guardiola-situacao-de-rodrygo-e-recado-de-savinho-as-ultimas-noticias-do-real-madrid\/#primaryimage"},"thumbnailUrl":"https:\/\/www.gaveanews.com\/wp-content\/uploads\/realmadrid.webp","articleSection":["Real Madrid"],"inLanguage":"pt-BR","potentialAction":[{"@type":"CommentAction","name":"Comment","target":["https:\/\/www.gaveanews.com\/index.php\/2025\/02\/12\/declaracao-de-pep-guardiola-situacao-de-rodrygo-e-recado-de-savinho-as-ultimas-noticias-do-real-madrid\/#respond"]}],"copyrightYear":"2025","copyrightHolder":{"@id":"https:\/\/www.gaveanews.com\/#organization"}},{"@type":"WebPage","@id":"https:\/\/www.gaveanews.com\/index.php\/2025\/02\/12\/declaracao-de-pep-guardiola-situacao-de-rodrygo-e-recado-de-savinho-as-ultimas-noticias-do-real-madrid\/","url":"https:\/\/www.gaveanews.com\/index.php\/2025\/02\/12\/declaracao-de-pep-guardiola-situacao-de-rodrygo-e-recado-de-savinho-as-ultimas-noticias-do-real-madrid\/","name":"Declara\u00e7\u00e3o de Pep Guardiola, Situa\u00e7\u00e3o de Rodrygo e recado de Savinho: as \u00faltimas not\u00edcias do Real Madrid","isPartOf":{"@id":"https:\/\/www.gaveanews.com\/#website"},"primaryImageOfPage":{"@id":"https:\/\/www.gaveanews.com\/index.php\/2025\/02\/12\/declaracao-de-pep-guardiola-situacao-de-rodrygo-e-recado-de-savinho-as-ultimas-noticias-do-real-madrid\/#primaryimage"},"image":{"@id":"https:\/\/www.gaveanews.com\/index.php\/2025\/02\/12\/declaracao-de-pep-guardiola-situacao-de-rodrygo-e-recado-de-savinho-as-ultimas-noticias-do-real-madrid\/#primaryimage"},"thumbnailUrl":"https:\/\/www.gaveanews.com\/wp-content\/uploads\/realmadrid.webp","datePublished":"2025-02-12T08:50:00+00:00","author":{"@id":"https:\/\/www.gaveanews.com\/#\/schema\/person\/8207cd4627f56151707418bfc835b2fb"},"breadcrumb":{"@id":"https:\/\/www.gaveanews.com\/index.php\/2025\/02\/12\/declaracao-de-pep-guardiola-situacao-de-rodrygo-e-recado-de-savinho-as-ultimas-noticias-do-real-madrid\/#breadcrumb"},"inLanguage":"pt-BR","potentialAction":[{"@type":"ReadAction","target":["https:\/\/www.gaveanews.com\/index.php\/2025\/02\/12\/declaracao-de-pep-guardiola-situacao-de-rodrygo-e-recado-de-savinho-as-ultimas-noticias-do-real-madrid\/"]}]},{"@type":"ImageObject","inLanguage":"pt-BR","@id":"https:\/\/www.gaveanews.com\/index.php\/2025\/02\/12\/declaracao-de-pep-guardiola-situacao-de-rodrygo-e-recado-de-savinho-as-ultimas-noticias-do-real-madrid\/#primaryimage","url":"https:\/\/www.gaveanews.com\/wp-content\/uploads\/realmadrid.webp","contentUrl":"https:\/\/www.gaveanews.com\/wp-content\/uploads\/realmadrid.webp","width":1200,"height":900,"caption":"Escudo do Real Madrid (Foto: Reprodu\u00e7\u00e3o)"},{"@type":"BreadcrumbList","@id":"https:\/\/www.gaveanews.com\/index.php\/2025\/02\/12\/declaracao-de-pep-guardiola-situacao-de-rodrygo-e-recado-de-savinho-as-ultimas-noticias-do-real-madrid\/#breadcrumb","itemListElement":[{"@type":"ListItem","position":1,"name":"Home","item":"https:\/\/www.gaveanews.com\/"},{"@type":"ListItem","position":2,"name":"Declara\u00e7\u00e3o de Pep Guardiola, Situa\u00e7\u00e3o de Rodrygo e recado de Savinho: as \u00faltimas not\u00edcias do Real Madrid"}]},{"@type":"WebSite","@id":"https:\/\/www.gaveanews.com\/#website","url":"https:\/\/www.gaveanews.com\/","name":"G\u00e1vea News","description":"Veja todas as not\u00edcias sobre o Flamengo: Contrata\u00e7\u00f5es, categorias de base, resultados das partidas, tabela de classifica\u00e7\u00e3o, pr\u00f3ximos jogos!","potentialAction":[{"@type":"SearchAction","target":{"@type":"EntryPoint","urlTemplate":"https:\/\/www.gaveanews.com\/?s={search_term_string}"},"query-input":{"@type":"PropertyValueSpecification","valueRequired":true,"valueName":"search_term_string"}}],"inLanguage":"pt-BR"},{"@type":"Person","@id":"https:\/\/www.gaveanews.com\/#\/schema\/person\/8207cd4627f56151707418bfc835b2fb","name":"Matheus Felipe","image":{"@type":"ImageObject","inLanguage":"pt-BR","@id":"https:\/\/www.gaveanews.com\/#\/schema\/person\/image\/","url":"https:\/\/secure.gravatar.com\/avatar\/a452ffbed9130f726358b298bb3a99ce4bd3c5338411f8440e87e14d74c7c087?s=96&d=mm&r=g","contentUrl":"https:\/\/secure.gravatar.com\/avatar\/a452ffbed9130f726358b298bb3a99ce4bd3c5338411f8440e87e14d74c7c087?s=96&d=mm&r=g","caption":"Matheus Felipe"}}]}},"_links":{"self":[{"href":"https:\/\/www.gaveanews.com\/index.php\/wp-json\/wp\/v2\/posts\/226587","targetHints":{"allow":["GET"]}}],"collection":[{"href":"https:\/\/www.gaveanews.com\/index.php\/wp-json\/wp\/v2\/posts"}],"about":[{"href":"https:\/\/www.gaveanews.com\/index.php\/wp-json\/wp\/v2\/types\/post"}],"author":[{"embeddable":true,"href":"https:\/\/www.gaveanews.com\/index.php\/wp-json\/wp\/v2\/users\/27"}],"replies":[{"embeddable":true,"href":"https:\/\/www.gaveanews.com\/index.php\/wp-json\/wp\/v2\/comments?post=226587"}],"version-history":[{"count":1,"href":"https:\/\/www.gaveanews.com\/index.php\/wp-json\/wp\/v2\/posts\/226587\/revisions"}],"predecessor-version":[{"id":226626,"href":"https:\/\/www.gaveanews.com\/index.php\/wp-json\/wp\/v2\/posts\/226587\/revisions\/226626"}],"wp:featuredmedia":[{"embeddable":true,"href":"https:\/\/www.gaveanews.com\/index.php\/wp-json\/wp\/v2\/media\/124645"}],"wp:attachment":[{"href":"https:\/\/www.gaveanews.com\/index.php\/wp-json\/wp\/v2\/media?parent=226587"}],"wp:term":[{"taxonomy":"category","embeddable":true,"href":"https:\/\/www.gaveanews.com\/index.php\/wp-json\/wp\/v2\/categories?post=226587"},{"taxonomy":"post_tag","embeddable":true,"href":"https:\/\/www.gaveanews.com\/index.php\/wp-json\/wp\/v2\/tags?post=226587"}],"curies":[{"name":"wp","href":"https:\/\/api.w.org\/{rel}","templated":true}]}}