{"id":226594,"date":"2025-02-12T04:55:00","date_gmt":"2025-02-12T07:55:00","guid":{"rendered":"https:\/\/www.gaveanews.com\/?p=226594"},"modified":"2025-02-12T03:07:32","modified_gmt":"2025-02-12T06:07:32","slug":"decisao-sobre-raphinha-declaracao-de-marcelo-e-situacao-de-yerry-mina-as-ultimas-noticias-do-barcelona","status":"publish","type":"post","link":"https:\/\/www.gaveanews.com\/index.php\/2025\/02\/12\/decisao-sobre-raphinha-declaracao-de-marcelo-e-situacao-de-yerry-mina-as-ultimas-noticias-do-barcelona\/","title":{"rendered":"Decis\u00e3o sobre Raphinha, declara\u00e7\u00e3o de Marcelo e situa\u00e7\u00e3o de Yerry Mina: as \u00faltimas not\u00edcias do Barcelona"},"content":{"rendered":"\n<p>Nas \u00faltimas horas, o foco das not\u00edcias sobre o Barcelona se concentram nos bastidores do clube, com destaques do dia a dia do time.<\/p>\n\n\n\n<p>Por conta deste contexto, leia abaixo um resumo preparado pela equipe do portal G\u00e1vea News para lhe manter muito bem informado!<\/p>\n\n\n\n<h2 class=\"wp-block-heading\" id=\"h-situacao-de-yerry-mina\">Situa\u00e7\u00e3o de Yerry Mina<\/h2>\n\n\n\n<p>O Atl\u00e9tico-MG segue atento ao mercado em busca de refor\u00e7os para sua defesa e iniciou negocia\u00e7\u00f5es com o zagueiro colombiano Yerry Mina, atualmente no Cagliari, da It\u00e1lia. Com contrato at\u00e9 meados de 2025, Mina j\u00e1 pode assinar um pr\u00e9-contrato com outra equipe, mas o Galo avalia a possibilidade de antecipar sua chegada, negociando uma libera\u00e7\u00e3o imediata junto ao clube italiano. A experi\u00eancia internacional do jogador e sua passagem pelo futebol brasileiro s\u00e3o fatores que pesam a favor da contrata\u00e7\u00e3o <strong><a href=\"https:\/\/www.gaveanews.com\/index.php\/2025\/02\/12\/ex-barcelona-negocia-com-o-atletico-mg\/\">(leia a mat\u00e9ria completa).<\/a><\/strong><\/p>\n\n\n\n<blockquote class=\"instagram-media\" data-instgrm-permalink=\"https:\/\/www.instagram.com\/p\/DA3VfM9gQDy\/?utm_source=ig_embed&amp;utm_campaign=loading\" data-instgrm-version=\"14\" style=\" background:#FFF; border:0; border-radius:3px; box-shadow:0 0 1px 0 rgba(0,0,0,0.5),0 1px 10px 0 rgba(0,0,0,0.15); margin: 1px; max-width:540px; min-width:326px; padding:0; width:99.375%; width:-webkit-calc(100% - 2px); width:calc(100% - 2px);\"><div style=\"padding:16px;\"> <a href=\"https:\/\/www.instagram.com\/p\/DA3VfM9gQDy\/?utm_source=ig_embed&amp;utm_campaign=loading\" style=\" background:#FFFFFF; line-height:0; padding:0 0; text-align:center; text-decoration:none; width:100%;\" target=\"_blank\"> <div style=\" display: flex; flex-direction: row; align-items: center;\"> <div style=\"background-color: #F4F4F4; border-radius: 50%; flex-grow: 0; height: 40px; margin-right: 14px; width: 40px;\"><\/div> <div style=\"display: flex; flex-direction: column; flex-grow: 1; justify-content: center;\"> <div style=\" background-color: #F4F4F4; border-radius: 4px; flex-grow: 0; height: 14px; margin-bottom: 6px; width: 100px;\"><\/div> <div style=\" background-color: #F4F4F4; border-radius: 4px; flex-grow: 0; height: 14px; width: 60px;\"><\/div><\/div><\/div><div style=\"padding: 19% 0;\"><\/div> <div style=\"display:block; height:50px; margin:0 auto 12px; width:50px;\"><svg width=\"50px\" height=\"50px\" viewBox=\"0 0 60 60\" version=\"1.1\" xmlns=\"https:\/\/www.w3.org\/2000\/svg\" xmlns:xlink=\"https:\/\/www.w3.org\/1999\/xlink\"><g stroke=\"none\" stroke-width=\"1\" fill=\"none\" fill-rule=\"evenodd\"><g transform=\"translate(-511.000000, -20.000000)\" fill=\"#000000\"><g><path d=\"M556.869,30.41 C554.814,30.41 553.148,32.076 553.148,34.131 C553.148,36.186 554.814,37.852 556.869,37.852 C558.924,37.852 560.59,36.186 560.59,34.131 C560.59,32.076 558.924,30.41 556.869,30.41 M541,60.657 C535.114,60.657 530.342,55.887 530.342,50 C530.342,44.114 535.114,39.342 541,39.342 C546.887,39.342 551.658,44.114 551.658,50 C551.658,55.887 546.887,60.657 541,60.657 M541,33.886 C532.1,33.886 524.886,41.1 524.886,50 C524.886,58.899 532.1,66.113 541,66.113 C549.9,66.113 557.115,58.899 557.115,50 C557.115,41.1 549.9,33.886 541,33.886 M565.378,62.101 C565.244,65.022 564.756,66.606 564.346,67.663 C563.803,69.06 563.154,70.057 562.106,71.106 C561.058,72.155 560.06,72.803 558.662,73.347 C557.607,73.757 556.021,74.244 553.102,74.378 C549.944,74.521 548.997,74.552 541,74.552 C533.003,74.552 532.056,74.521 528.898,74.378 C525.979,74.244 524.393,73.757 523.338,73.347 C521.94,72.803 520.942,72.155 519.894,71.106 C518.846,70.057 518.197,69.06 517.654,67.663 C517.244,66.606 516.755,65.022 516.623,62.101 C516.479,58.943 516.448,57.996 516.448,50 C516.448,42.003 516.479,41.056 516.623,37.899 C516.755,34.978 517.244,33.391 517.654,32.338 C518.197,30.938 518.846,29.942 519.894,28.894 C520.942,27.846 521.94,27.196 523.338,26.654 C524.393,26.244 525.979,25.756 528.898,25.623 C532.057,25.479 533.004,25.448 541,25.448 C548.997,25.448 549.943,25.479 553.102,25.623 C556.021,25.756 557.607,26.244 558.662,26.654 C560.06,27.196 561.058,27.846 562.106,28.894 C563.154,29.942 563.803,30.938 564.346,32.338 C564.756,33.391 565.244,34.978 565.378,37.899 C565.522,41.056 565.552,42.003 565.552,50 C565.552,57.996 565.522,58.943 565.378,62.101 M570.82,37.631 C570.674,34.438 570.167,32.258 569.425,30.349 C568.659,28.377 567.633,26.702 565.965,25.035 C564.297,23.368 562.623,22.342 560.652,21.575 C558.743,20.834 556.562,20.326 553.369,20.18 C550.169,20.033 549.148,20 541,20 C532.853,20 531.831,20.033 528.631,20.18 C525.438,20.326 523.257,20.834 521.349,21.575 C519.376,22.342 517.703,23.368 516.035,25.035 C514.368,26.702 513.342,28.377 512.574,30.349 C511.834,32.258 511.326,34.438 511.181,37.631 C511.035,40.831 511,41.851 511,50 C511,58.147 511.035,59.17 511.181,62.369 C511.326,65.562 511.834,67.743 512.574,69.651 C513.342,71.625 514.368,73.296 516.035,74.965 C517.703,76.634 519.376,77.658 521.349,78.425 C523.257,79.167 525.438,79.673 528.631,79.82 C531.831,79.965 532.853,80.001 541,80.001 C549.148,80.001 550.169,79.965 553.369,79.82 C556.562,79.673 558.743,79.167 560.652,78.425 C562.623,77.658 564.297,76.634 565.965,74.965 C567.633,73.296 568.659,71.625 569.425,69.651 C570.167,67.743 570.674,65.562 570.82,62.369 C570.966,59.17 571,58.147 571,50 C571,41.851 570.966,40.831 570.82,37.631\"><\/path><\/g><\/g><\/g><\/svg><\/div><div style=\"padding-top: 8px;\"> <div style=\" color:#3897f0; font-family:Arial,sans-serif; font-size:14px; font-style:normal; font-weight:550; line-height:18px;\">Ver essa foto no Instagram<\/div><\/div><div style=\"padding: 12.5% 0;\"><\/div> <div style=\"display: flex; flex-direction: row; margin-bottom: 14px; align-items: center;\"><div> <div style=\"background-color: #F4F4F4; border-radius: 50%; height: 12.5px; width: 12.5px; transform: translateX(0px) translateY(7px);\"><\/div> <div style=\"background-color: #F4F4F4; height: 12.5px; transform: rotate(-45deg) translateX(3px) translateY(1px); width: 12.5px; flex-grow: 0; margin-right: 14px; margin-left: 2px;\"><\/div> <div style=\"background-color: #F4F4F4; border-radius: 50%; height: 12.5px; width: 12.5px; transform: translateX(9px) translateY(-18px);\"><\/div><\/div><div style=\"margin-left: 8px;\"> <div style=\" background-color: #F4F4F4; border-radius: 50%; flex-grow: 0; height: 20px; width: 20px;\"><\/div> <div style=\" width: 0; height: 0; border-top: 2px solid transparent; border-left: 6px solid #f4f4f4; border-bottom: 2px solid transparent; transform: translateX(16px) translateY(-4px) rotate(30deg)\"><\/div><\/div><div style=\"margin-left: auto;\"> <div style=\" width: 0px; border-top: 8px solid #F4F4F4; border-right: 8px solid transparent; transform: translateY(16px);\"><\/div> <div style=\" background-color: #F4F4F4; flex-grow: 0; height: 12px; width: 16px; transform: translateY(-4px);\"><\/div> <div style=\" width: 0; height: 0; border-top: 8px solid #F4F4F4; border-left: 8px solid transparent; transform: translateY(-4px) translateX(8px);\"><\/div><\/div><\/div> <div style=\"display: flex; flex-direction: column; flex-grow: 1; justify-content: center; margin-bottom: 24px;\"> <div style=\" background-color: #F4F4F4; border-radius: 4px; flex-grow: 0; height: 14px; margin-bottom: 6px; width: 224px;\"><\/div> <div style=\" background-color: #F4F4F4; border-radius: 4px; flex-grow: 0; height: 14px; width: 144px;\"><\/div><\/div><\/a><p style=\" color:#c9c8cd; font-family:Arial,sans-serif; font-size:14px; line-height:17px; margin-bottom:0; margin-top:8px; overflow:hidden; padding:8px 0 7px; text-align:center; text-overflow:ellipsis; white-space:nowrap;\"><a href=\"https:\/\/www.instagram.com\/p\/DA3VfM9gQDy\/?utm_source=ig_embed&amp;utm_campaign=loading\" style=\" color:#c9c8cd; font-family:Arial,sans-serif; font-size:14px; font-style:normal; font-weight:normal; line-height:17px; text-decoration:none;\" target=\"_blank\">Uma publica\u00e7\u00e3o compartilhada por Yerry Mina (@yerrymina)<\/a><\/p><\/div><\/blockquote>\n<script async src=\"\/\/www.instagram.com\/embed.js\"><\/script>\n\n\n\n<p>O defensor, que j\u00e1 atuou por Barcelona, Palmeiras, Everton e Fiorentina, teve destaque na Copa do Mundo de 2018 com a sele\u00e7\u00e3o colombiana, principalmente por sua seguran\u00e7a defensiva e efici\u00eancia na bola a\u00e9rea. <\/p>\n\n\n\n<p>Sua experi\u00eancia e qualidade t\u00e9cnica atendem ao perfil desejado pela diretoria atleticana, que busca um jogador de alto n\u00edvel para refor\u00e7ar o setor. Atualmente, o elenco conta com J\u00fanior Alonso, Lyanco, Igor Rabello, R\u00f4mulo e Bruno Fuchs como op\u00e7\u00f5es para a zaga, mas a comiss\u00e3o t\u00e9cnica de Cuca v\u00ea a necessidade de mais uma pe\u00e7a de peso.<\/p>\n\n\n\n<p>As conversas entre Atl\u00e9tico-MG e Mina j\u00e1 acontecem h\u00e1 algumas semanas, mas ainda n\u00e3o houve uma proposta oficial. O clube mineiro estuda o melhor cen\u00e1rio para avan\u00e7ar na negocia\u00e7\u00e3o, considerando tanto a viabilidade financeira quanto a disponibilidade do jogador. Caso a transfer\u00eancia se concretize, o Galo contar\u00e1 com um refor\u00e7o experiente e com bagagem internacional para fortalecer sua equipe na temporada.<\/p>\n\n\n\n<h2 class=\"wp-block-heading\" id=\"h-declaracao-de-marcelo\">Declara\u00e7\u00e3o de Marcelo<\/h2>\n\n\n\n<p>Em entrevista ao canal <em>Antena 3<\/em>, o ex-lateral Marcelo relembrou momentos marcantes de sua carreira no Real Madrid e fez declara\u00e7\u00f5es sobre dois grandes rivais: Carles Puyol, do Barcelona, e Isco, seu ex-companheiro de equipe. Ao falar sobre Puyol, o brasileiro destacou a intensidade do zagueiro espanhol, contando que quase sofreu uma entrada forte durante um confronto entre os dois. Segundo Marcelo, se n\u00e3o tivesse tirado o p\u00e9, poderia ter sido seriamente atingido pelo \u00eddolo catal\u00e3o, evidenciando a entrega e agressividade do ex-defensor do Bar\u00e7a <strong><a href=\"https:\/\/www.gaveanews.com\/index.php\/2025\/02\/11\/real-madrid-x-barcelona-a-declaracao-de-marcelo-direcionada-a-puyol\/\">(leia a mat\u00e9ria completa).<\/a><\/strong><\/p>\n\n\n\n<figure class=\"wp-block-image size-full\"><img loading=\"lazy\" decoding=\"async\" width=\"774\" height=\"436\" src=\"http:\/\/www.gaveanews.com\/wp-content\/uploads\/Marcelo-pelo-Fluminense.webp\" alt=\"\" class=\"wp-image-167658\" srcset=\"https:\/\/www.gaveanews.com\/wp-content\/uploads\/Marcelo-pelo-Fluminense.webp 774w, https:\/\/www.gaveanews.com\/wp-content\/uploads\/Marcelo-pelo-Fluminense-300x169.webp 300w, https:\/\/www.gaveanews.com\/wp-content\/uploads\/Marcelo-pelo-Fluminense-768x433.webp 768w, https:\/\/www.gaveanews.com\/wp-content\/uploads\/Marcelo-pelo-Fluminense-746x420.webp 746w, https:\/\/www.gaveanews.com\/wp-content\/uploads\/Marcelo-pelo-Fluminense-640x361.webp 640w, https:\/\/www.gaveanews.com\/wp-content\/uploads\/Marcelo-pelo-Fluminense-681x384.webp 681w, https:\/\/www.gaveanews.com\/wp-content\/uploads\/Marcelo-pelo-Fluminense-100x56.webp 100w\" sizes=\"auto, (max-width: 774px) 100vw, 774px\" \/><figcaption class=\"wp-element-caption\">Marcelo pelo Fluminense (Foto: Mailson Santana\/Fluminense)<\/figcaption><\/figure>\n\n\n\n<p>Surpreendendo os f\u00e3s, Marcelo tamb\u00e9m revelou que o jogador que mais o impressionou no Real Madrid n\u00e3o foi Cristiano Ronaldo, mas sim Isco. O ex-lateral elogiou a habilidade do meia espanhol, ressaltando sua capacidade de manter a posse de bola e sua confian\u00e7a dentro de campo. Para Marcelo, Isco era um jogador extremamente t\u00e9cnico e dif\u00edcil de desarmar, sendo um dos mais talentosos com quem atuou.<\/p>\n\n\n\n<p>Agora aposentado, Marcelo brincou sobre sua decis\u00e3o de deixar os gramados, afirmando que queria aproveitar momentos simples da vida, como tomar uma cerveja \u00e0s sextas-feiras sem preocupa\u00e7\u00f5es com treinos e jogos. Mesmo fora do futebol profissional, ele segue sendo uma figura respeitada e querida no esporte, mantendo sua leveza e sinceridade ao falar sobre sua trajet\u00f3ria e os bastidores do futebol.<\/p>\n\n\n\n<h2 class=\"wp-block-heading\" id=\"h-decisao-sobre-raphinha\">Decis\u00e3o sobre Raphinha<\/h2>\n\n\n\n<p>O Barcelona est\u00e1 preparando uma proposta para renovar o contrato de Raphinha, valorizando seu desempenho excepcional na temporada. Sob o comando de Hansi Flick, o brasileiro soma quase 40 participa\u00e7\u00f5es em gols, com 24 gols marcados e 15 assist\u00eancias em 35 jogos. Antes da chegada do t\u00e9cnico alem\u00e3o, Raphinha era considerado negoci\u00e1vel, mas agora se tornou pe\u00e7a fundamental no esquema catal\u00e3o, despertando o interesse de clubes europeus e do futebol \u00e1rabe <strong><a href=\"https:\/\/www.gaveanews.com\/index.php\/2025\/02\/11\/barcelona-toma-decisao-importante-sobre-raphinha\/\">(leia a mat\u00e9ria completa).<\/a><\/strong><\/p>\n\n\n\n<figure class=\"wp-block-image size-large\"><img loading=\"lazy\" decoding=\"async\" width=\"820\" height=\"1024\" src=\"http:\/\/www.gaveanews.com\/wp-content\/uploads\/Raphinha-em-acao-pelo-Barcelona-820x1024.webp\" alt=\"\" class=\"wp-image-172534\" srcset=\"https:\/\/www.gaveanews.com\/wp-content\/uploads\/Raphinha-em-acao-pelo-Barcelona-820x1024.webp 820w, https:\/\/www.gaveanews.com\/wp-content\/uploads\/Raphinha-em-acao-pelo-Barcelona-240x300.webp 240w, https:\/\/www.gaveanews.com\/wp-content\/uploads\/Raphinha-em-acao-pelo-Barcelona-768x959.webp 768w, https:\/\/www.gaveanews.com\/wp-content\/uploads\/Raphinha-em-acao-pelo-Barcelona-1229x1536.webp 1229w, https:\/\/www.gaveanews.com\/wp-content\/uploads\/Raphinha-em-acao-pelo-Barcelona-336x420.webp 336w, https:\/\/www.gaveanews.com\/wp-content\/uploads\/Raphinha-em-acao-pelo-Barcelona-672x840.webp 672w, https:\/\/www.gaveanews.com\/wp-content\/uploads\/Raphinha-em-acao-pelo-Barcelona-640x800.webp 640w, https:\/\/www.gaveanews.com\/wp-content\/uploads\/Raphinha-em-acao-pelo-Barcelona-1280x1599.webp 1280w, https:\/\/www.gaveanews.com\/wp-content\/uploads\/Raphinha-em-acao-pelo-Barcelona-681x851.webp 681w, https:\/\/www.gaveanews.com\/wp-content\/uploads\/Raphinha-em-acao-pelo-Barcelona-1362x1702.webp 1362w, https:\/\/www.gaveanews.com\/wp-content\/uploads\/Raphinha-em-acao-pelo-Barcelona-100x125.webp 100w, https:\/\/www.gaveanews.com\/wp-content\/uploads\/Raphinha-em-acao-pelo-Barcelona.webp 1440w\" sizes=\"auto, (max-width: 820px) 100vw, 820px\" \/><figcaption class=\"wp-element-caption\">Raphinha em a\u00e7\u00e3o pelo Barcelona (Foto: Reprodu\u00e7\u00e3o\/Barcelona)<\/figcaption><\/figure>\n\n\n\n<p>Atualmente, o atacante forma um trio ofensivo de destaque ao lado de Lamine Yamal e Robert Lewandowski, levando o Barcelona \u00e0s oitavas de final da Champions League e aproximando o time da briga pelo t\u00edtulo da La Liga. Sua performance tem gerado compara\u00e7\u00f5es com o ic\u00f4nico trio MSN (Messi, Su\u00e1rez e Neymar), que marcou \u00e9poca no clube. Diante disso, a diretoria catal\u00e3 quer evitar poss\u00edveis investidas de outros times e oferecer\u00e1 uma extens\u00e3o de contrato at\u00e9 2029.<\/p>\n\n\n\n<p>Segundo o jornalista David Bernabeu Reverter, o presidente Joan Laporta est\u00e1 empenhado em garantir a perman\u00eancia de Raphinha no clube a longo prazo. Com a renova\u00e7\u00e3o, o Barcelona busca refor\u00e7ar sua base para os pr\u00f3ximos anos e consolidar o brasileiro como um dos pilares do time em sua nova fase competitiva.<\/p>\n","protected":false},"excerpt":{"rendered":"<p>Nas \u00faltimas horas, o foco das not\u00edcias sobre o Barcelona se concentram nos bastidores do clube, com destaques do dia a dia do time. Por conta deste contexto, leia abaixo um resumo preparado pela equipe do portal G\u00e1vea News para lhe manter muito bem informado! Situa\u00e7\u00e3o de Yerry Mina O Atl\u00e9tico-MG segue atento ao mercado [&hellip;]<\/p>\n","protected":false},"author":27,"featured_media":126375,"comment_status":"open","ping_status":"closed","sticky":false,"template":"","format":"standard","meta":{"footnotes":""},"categories":[87],"tags":[],"class_list":["post-226594","post","type-post","status-publish","format-standard","has-post-thumbnail","hentry","category-barcelona"],"yoast_head":"<!-- This site is optimized with the Yoast SEO Premium plugin v24.2 (Yoast SEO v26.9) - https:\/\/yoast.com\/product\/yoast-seo-premium-wordpress\/ -->\n<title>Decis\u00e3o sobre Raphinha, declara\u00e7\u00e3o de Marcelo e situa\u00e7\u00e3o de Yerry Mina: as \u00faltimas not\u00edcias do Barcelona<\/title>\n<meta name=\"robots\" content=\"index, follow, max-snippet:-1, max-image-preview:large, max-video-preview:-1\" \/>\n<link rel=\"canonical\" href=\"https:\/\/www.gaveanews.com\/index.php\/2025\/02\/12\/decisao-sobre-raphinha-declaracao-de-marcelo-e-situacao-de-yerry-mina-as-ultimas-noticias-do-barcelona\/\" \/>\n<meta property=\"og:locale\" content=\"pt_BR\" \/>\n<meta property=\"og:type\" content=\"article\" \/>\n<meta property=\"og:title\" content=\"Decis\u00e3o sobre Raphinha, declara\u00e7\u00e3o de Marcelo e situa\u00e7\u00e3o de Yerry Mina: as \u00faltimas not\u00edcias do Barcelona\" \/>\n<meta property=\"og:description\" content=\"Nas \u00faltimas horas, o foco das not\u00edcias sobre o Barcelona se concentram nos bastidores do clube, com destaques do dia a dia do time. Por conta deste contexto, leia abaixo um resumo preparado pela equipe do portal G\u00e1vea News para lhe manter muito bem informado! Situa\u00e7\u00e3o de Yerry Mina O Atl\u00e9tico-MG segue atento ao mercado [&hellip;]\" \/>\n<meta property=\"og:url\" content=\"https:\/\/www.gaveanews.com\/index.php\/2025\/02\/12\/decisao-sobre-raphinha-declaracao-de-marcelo-e-situacao-de-yerry-mina-as-ultimas-noticias-do-barcelona\/\" \/>\n<meta property=\"og:site_name\" content=\"G\u00e1vea News\" \/>\n<meta property=\"article:publisher\" content=\"https:\/\/facebook.com\/gaveaNews\/\" \/>\n<meta property=\"article:published_time\" content=\"2025-02-12T07:55:00+00:00\" \/>\n<meta property=\"og:image\" content=\"https:\/\/www.gaveanews.com\/wp-content\/uploads\/64f1c8f91532e.webp\" \/>\n\t<meta property=\"og:image:width\" content=\"1200\" \/>\n\t<meta property=\"og:image:height\" content=\"675\" \/>\n\t<meta property=\"og:image:type\" content=\"image\/jpeg\" \/>\n<meta name=\"author\" content=\"Matheus Felipe\" \/>\n<meta name=\"twitter:card\" content=\"summary_large_image\" \/>\n<meta name=\"twitter:label1\" content=\"Escrito por\" \/>\n\t<meta name=\"twitter:data1\" content=\"Matheus Felipe\" \/>\n\t<meta name=\"twitter:label2\" content=\"Est. tempo de leitura\" \/>\n\t<meta name=\"twitter:data2\" content=\"5 minutos\" \/>\n<script type=\"application\/ld+json\" class=\"yoast-schema-graph\">{\"@context\":\"https:\/\/schema.org\",\"@graph\":[{\"@type\":\"NewsArticle\",\"@id\":\"https:\/\/www.gaveanews.com\/index.php\/2025\/02\/12\/decisao-sobre-raphinha-declaracao-de-marcelo-e-situacao-de-yerry-mina-as-ultimas-noticias-do-barcelona\/#article\",\"isPartOf\":{\"@id\":\"https:\/\/www.gaveanews.com\/index.php\/2025\/02\/12\/decisao-sobre-raphinha-declaracao-de-marcelo-e-situacao-de-yerry-mina-as-ultimas-noticias-do-barcelona\/\"},\"author\":{\"name\":\"Matheus Felipe\",\"@id\":\"https:\/\/www.gaveanews.com\/#\/schema\/person\/8207cd4627f56151707418bfc835b2fb\"},\"headline\":\"Decis\u00e3o sobre Raphinha, declara\u00e7\u00e3o de Marcelo e situa\u00e7\u00e3o de Yerry Mina: as \u00faltimas not\u00edcias do Barcelona\",\"datePublished\":\"2025-02-12T07:55:00+00:00\",\"mainEntityOfPage\":{\"@id\":\"https:\/\/www.gaveanews.com\/index.php\/2025\/02\/12\/decisao-sobre-raphinha-declaracao-de-marcelo-e-situacao-de-yerry-mina-as-ultimas-noticias-do-barcelona\/\"},\"wordCount\":818,\"commentCount\":0,\"image\":{\"@id\":\"https:\/\/www.gaveanews.com\/index.php\/2025\/02\/12\/decisao-sobre-raphinha-declaracao-de-marcelo-e-situacao-de-yerry-mina-as-ultimas-noticias-do-barcelona\/#primaryimage\"},\"thumbnailUrl\":\"https:\/\/www.gaveanews.com\/wp-content\/uploads\/64f1c8f91532e.webp\",\"articleSection\":[\"Barcelona\"],\"inLanguage\":\"pt-BR\",\"potentialAction\":[{\"@type\":\"CommentAction\",\"name\":\"Comment\",\"target\":[\"https:\/\/www.gaveanews.com\/index.php\/2025\/02\/12\/decisao-sobre-raphinha-declaracao-de-marcelo-e-situacao-de-yerry-mina-as-ultimas-noticias-do-barcelona\/#respond\"]}],\"copyrightYear\":\"2025\",\"copyrightHolder\":{\"@id\":\"https:\/\/www.gaveanews.com\/#organization\"}},{\"@type\":\"WebPage\",\"@id\":\"https:\/\/www.gaveanews.com\/index.php\/2025\/02\/12\/decisao-sobre-raphinha-declaracao-de-marcelo-e-situacao-de-yerry-mina-as-ultimas-noticias-do-barcelona\/\",\"url\":\"https:\/\/www.gaveanews.com\/index.php\/2025\/02\/12\/decisao-sobre-raphinha-declaracao-de-marcelo-e-situacao-de-yerry-mina-as-ultimas-noticias-do-barcelona\/\",\"name\":\"Decis\u00e3o sobre Raphinha, declara\u00e7\u00e3o de Marcelo e situa\u00e7\u00e3o de Yerry Mina: as \u00faltimas not\u00edcias do Barcelona\",\"isPartOf\":{\"@id\":\"https:\/\/www.gaveanews.com\/#website\"},\"primaryImageOfPage\":{\"@id\":\"https:\/\/www.gaveanews.com\/index.php\/2025\/02\/12\/decisao-sobre-raphinha-declaracao-de-marcelo-e-situacao-de-yerry-mina-as-ultimas-noticias-do-barcelona\/#primaryimage\"},\"image\":{\"@id\":\"https:\/\/www.gaveanews.com\/index.php\/2025\/02\/12\/decisao-sobre-raphinha-declaracao-de-marcelo-e-situacao-de-yerry-mina-as-ultimas-noticias-do-barcelona\/#primaryimage\"},\"thumbnailUrl\":\"https:\/\/www.gaveanews.com\/wp-content\/uploads\/64f1c8f91532e.webp\",\"datePublished\":\"2025-02-12T07:55:00+00:00\",\"author\":{\"@id\":\"https:\/\/www.gaveanews.com\/#\/schema\/person\/8207cd4627f56151707418bfc835b2fb\"},\"breadcrumb\":{\"@id\":\"https:\/\/www.gaveanews.com\/index.php\/2025\/02\/12\/decisao-sobre-raphinha-declaracao-de-marcelo-e-situacao-de-yerry-mina-as-ultimas-noticias-do-barcelona\/#breadcrumb\"},\"inLanguage\":\"pt-BR\",\"potentialAction\":[{\"@type\":\"ReadAction\",\"target\":[\"https:\/\/www.gaveanews.com\/index.php\/2025\/02\/12\/decisao-sobre-raphinha-declaracao-de-marcelo-e-situacao-de-yerry-mina-as-ultimas-noticias-do-barcelona\/\"]}]},{\"@type\":\"ImageObject\",\"inLanguage\":\"pt-BR\",\"@id\":\"https:\/\/www.gaveanews.com\/index.php\/2025\/02\/12\/decisao-sobre-raphinha-declaracao-de-marcelo-e-situacao-de-yerry-mina-as-ultimas-noticias-do-barcelona\/#primaryimage\",\"url\":\"https:\/\/www.gaveanews.com\/wp-content\/uploads\/64f1c8f91532e.webp\",\"contentUrl\":\"https:\/\/www.gaveanews.com\/wp-content\/uploads\/64f1c8f91532e.webp\",\"width\":1200,\"height\":675,\"caption\":\"Escudo do Barcelona (Foto: Reprodu\u00e7\u00e3o)\"},{\"@type\":\"BreadcrumbList\",\"@id\":\"https:\/\/www.gaveanews.com\/index.php\/2025\/02\/12\/decisao-sobre-raphinha-declaracao-de-marcelo-e-situacao-de-yerry-mina-as-ultimas-noticias-do-barcelona\/#breadcrumb\",\"itemListElement\":[{\"@type\":\"ListItem\",\"position\":1,\"name\":\"Home\",\"item\":\"https:\/\/www.gaveanews.com\/\"},{\"@type\":\"ListItem\",\"position\":2,\"name\":\"Decis\u00e3o sobre Raphinha, declara\u00e7\u00e3o de Marcelo e situa\u00e7\u00e3o de Yerry Mina: as \u00faltimas not\u00edcias do Barcelona\"}]},{\"@type\":\"WebSite\",\"@id\":\"https:\/\/www.gaveanews.com\/#website\",\"url\":\"https:\/\/www.gaveanews.com\/\",\"name\":\"G\u00e1vea News\",\"description\":\"Veja todas as not\u00edcias sobre o Flamengo: Contrata\u00e7\u00f5es, categorias de base, resultados das partidas, tabela de classifica\u00e7\u00e3o, pr\u00f3ximos jogos!\",\"potentialAction\":[{\"@type\":\"SearchAction\",\"target\":{\"@type\":\"EntryPoint\",\"urlTemplate\":\"https:\/\/www.gaveanews.com\/?s={search_term_string}\"},\"query-input\":{\"@type\":\"PropertyValueSpecification\",\"valueRequired\":true,\"valueName\":\"search_term_string\"}}],\"inLanguage\":\"pt-BR\"},{\"@type\":\"Person\",\"@id\":\"https:\/\/www.gaveanews.com\/#\/schema\/person\/8207cd4627f56151707418bfc835b2fb\",\"name\":\"Matheus Felipe\",\"image\":{\"@type\":\"ImageObject\",\"inLanguage\":\"pt-BR\",\"@id\":\"https:\/\/www.gaveanews.com\/#\/schema\/person\/image\/\",\"url\":\"https:\/\/secure.gravatar.com\/avatar\/a452ffbed9130f726358b298bb3a99ce4bd3c5338411f8440e87e14d74c7c087?s=96&d=mm&r=g\",\"contentUrl\":\"https:\/\/secure.gravatar.com\/avatar\/a452ffbed9130f726358b298bb3a99ce4bd3c5338411f8440e87e14d74c7c087?s=96&d=mm&r=g\",\"caption\":\"Matheus Felipe\"}}]}<\/script>\n<!-- \/ Yoast SEO Premium plugin. -->","yoast_head_json":{"title":"Decis\u00e3o sobre Raphinha, declara\u00e7\u00e3o de Marcelo e situa\u00e7\u00e3o de Yerry Mina: as \u00faltimas not\u00edcias do Barcelona","robots":{"index":"index","follow":"follow","max-snippet":"max-snippet:-1","max-image-preview":"max-image-preview:large","max-video-preview":"max-video-preview:-1"},"canonical":"https:\/\/www.gaveanews.com\/index.php\/2025\/02\/12\/decisao-sobre-raphinha-declaracao-de-marcelo-e-situacao-de-yerry-mina-as-ultimas-noticias-do-barcelona\/","og_locale":"pt_BR","og_type":"article","og_title":"Decis\u00e3o sobre Raphinha, declara\u00e7\u00e3o de Marcelo e situa\u00e7\u00e3o de Yerry Mina: as \u00faltimas not\u00edcias do Barcelona","og_description":"Nas \u00faltimas horas, o foco das not\u00edcias sobre o Barcelona se concentram nos bastidores do clube, com destaques do dia a dia do time. Por conta deste contexto, leia abaixo um resumo preparado pela equipe do portal G\u00e1vea News para lhe manter muito bem informado! Situa\u00e7\u00e3o de Yerry Mina O Atl\u00e9tico-MG segue atento ao mercado [&hellip;]","og_url":"https:\/\/www.gaveanews.com\/index.php\/2025\/02\/12\/decisao-sobre-raphinha-declaracao-de-marcelo-e-situacao-de-yerry-mina-as-ultimas-noticias-do-barcelona\/","og_site_name":"G\u00e1vea News","article_publisher":"https:\/\/facebook.com\/gaveaNews\/","article_published_time":"2025-02-12T07:55:00+00:00","og_image":[{"width":1200,"height":675,"url":"https:\/\/www.gaveanews.com\/wp-content\/uploads\/64f1c8f91532e.webp","type":"image\/jpeg"}],"author":"Matheus Felipe","twitter_card":"summary_large_image","twitter_misc":{"Escrito por":"Matheus Felipe","Est. tempo de leitura":"5 minutos"},"schema":{"@context":"https:\/\/schema.org","@graph":[{"@type":"NewsArticle","@id":"https:\/\/www.gaveanews.com\/index.php\/2025\/02\/12\/decisao-sobre-raphinha-declaracao-de-marcelo-e-situacao-de-yerry-mina-as-ultimas-noticias-do-barcelona\/#article","isPartOf":{"@id":"https:\/\/www.gaveanews.com\/index.php\/2025\/02\/12\/decisao-sobre-raphinha-declaracao-de-marcelo-e-situacao-de-yerry-mina-as-ultimas-noticias-do-barcelona\/"},"author":{"name":"Matheus Felipe","@id":"https:\/\/www.gaveanews.com\/#\/schema\/person\/8207cd4627f56151707418bfc835b2fb"},"headline":"Decis\u00e3o sobre Raphinha, declara\u00e7\u00e3o de Marcelo e situa\u00e7\u00e3o de Yerry Mina: as \u00faltimas not\u00edcias do Barcelona","datePublished":"2025-02-12T07:55:00+00:00","mainEntityOfPage":{"@id":"https:\/\/www.gaveanews.com\/index.php\/2025\/02\/12\/decisao-sobre-raphinha-declaracao-de-marcelo-e-situacao-de-yerry-mina-as-ultimas-noticias-do-barcelona\/"},"wordCount":818,"commentCount":0,"image":{"@id":"https:\/\/www.gaveanews.com\/index.php\/2025\/02\/12\/decisao-sobre-raphinha-declaracao-de-marcelo-e-situacao-de-yerry-mina-as-ultimas-noticias-do-barcelona\/#primaryimage"},"thumbnailUrl":"https:\/\/www.gaveanews.com\/wp-content\/uploads\/64f1c8f91532e.webp","articleSection":["Barcelona"],"inLanguage":"pt-BR","potentialAction":[{"@type":"CommentAction","name":"Comment","target":["https:\/\/www.gaveanews.com\/index.php\/2025\/02\/12\/decisao-sobre-raphinha-declaracao-de-marcelo-e-situacao-de-yerry-mina-as-ultimas-noticias-do-barcelona\/#respond"]}],"copyrightYear":"2025","copyrightHolder":{"@id":"https:\/\/www.gaveanews.com\/#organization"}},{"@type":"WebPage","@id":"https:\/\/www.gaveanews.com\/index.php\/2025\/02\/12\/decisao-sobre-raphinha-declaracao-de-marcelo-e-situacao-de-yerry-mina-as-ultimas-noticias-do-barcelona\/","url":"https:\/\/www.gaveanews.com\/index.php\/2025\/02\/12\/decisao-sobre-raphinha-declaracao-de-marcelo-e-situacao-de-yerry-mina-as-ultimas-noticias-do-barcelona\/","name":"Decis\u00e3o sobre Raphinha, declara\u00e7\u00e3o de Marcelo e situa\u00e7\u00e3o de Yerry Mina: as \u00faltimas not\u00edcias do Barcelona","isPartOf":{"@id":"https:\/\/www.gaveanews.com\/#website"},"primaryImageOfPage":{"@id":"https:\/\/www.gaveanews.com\/index.php\/2025\/02\/12\/decisao-sobre-raphinha-declaracao-de-marcelo-e-situacao-de-yerry-mina-as-ultimas-noticias-do-barcelona\/#primaryimage"},"image":{"@id":"https:\/\/www.gaveanews.com\/index.php\/2025\/02\/12\/decisao-sobre-raphinha-declaracao-de-marcelo-e-situacao-de-yerry-mina-as-ultimas-noticias-do-barcelona\/#primaryimage"},"thumbnailUrl":"https:\/\/www.gaveanews.com\/wp-content\/uploads\/64f1c8f91532e.webp","datePublished":"2025-02-12T07:55:00+00:00","author":{"@id":"https:\/\/www.gaveanews.com\/#\/schema\/person\/8207cd4627f56151707418bfc835b2fb"},"breadcrumb":{"@id":"https:\/\/www.gaveanews.com\/index.php\/2025\/02\/12\/decisao-sobre-raphinha-declaracao-de-marcelo-e-situacao-de-yerry-mina-as-ultimas-noticias-do-barcelona\/#breadcrumb"},"inLanguage":"pt-BR","potentialAction":[{"@type":"ReadAction","target":["https:\/\/www.gaveanews.com\/index.php\/2025\/02\/12\/decisao-sobre-raphinha-declaracao-de-marcelo-e-situacao-de-yerry-mina-as-ultimas-noticias-do-barcelona\/"]}]},{"@type":"ImageObject","inLanguage":"pt-BR","@id":"https:\/\/www.gaveanews.com\/index.php\/2025\/02\/12\/decisao-sobre-raphinha-declaracao-de-marcelo-e-situacao-de-yerry-mina-as-ultimas-noticias-do-barcelona\/#primaryimage","url":"https:\/\/www.gaveanews.com\/wp-content\/uploads\/64f1c8f91532e.webp","contentUrl":"https:\/\/www.gaveanews.com\/wp-content\/uploads\/64f1c8f91532e.webp","width":1200,"height":675,"caption":"Escudo do Barcelona (Foto: Reprodu\u00e7\u00e3o)"},{"@type":"BreadcrumbList","@id":"https:\/\/www.gaveanews.com\/index.php\/2025\/02\/12\/decisao-sobre-raphinha-declaracao-de-marcelo-e-situacao-de-yerry-mina-as-ultimas-noticias-do-barcelona\/#breadcrumb","itemListElement":[{"@type":"ListItem","position":1,"name":"Home","item":"https:\/\/www.gaveanews.com\/"},{"@type":"ListItem","position":2,"name":"Decis\u00e3o sobre Raphinha, declara\u00e7\u00e3o de Marcelo e situa\u00e7\u00e3o de Yerry Mina: as \u00faltimas not\u00edcias do Barcelona"}]},{"@type":"WebSite","@id":"https:\/\/www.gaveanews.com\/#website","url":"https:\/\/www.gaveanews.com\/","name":"G\u00e1vea News","description":"Veja todas as not\u00edcias sobre o Flamengo: Contrata\u00e7\u00f5es, categorias de base, resultados das partidas, tabela de classifica\u00e7\u00e3o, pr\u00f3ximos jogos!","potentialAction":[{"@type":"SearchAction","target":{"@type":"EntryPoint","urlTemplate":"https:\/\/www.gaveanews.com\/?s={search_term_string}"},"query-input":{"@type":"PropertyValueSpecification","valueRequired":true,"valueName":"search_term_string"}}],"inLanguage":"pt-BR"},{"@type":"Person","@id":"https:\/\/www.gaveanews.com\/#\/schema\/person\/8207cd4627f56151707418bfc835b2fb","name":"Matheus Felipe","image":{"@type":"ImageObject","inLanguage":"pt-BR","@id":"https:\/\/www.gaveanews.com\/#\/schema\/person\/image\/","url":"https:\/\/secure.gravatar.com\/avatar\/a452ffbed9130f726358b298bb3a99ce4bd3c5338411f8440e87e14d74c7c087?s=96&d=mm&r=g","contentUrl":"https:\/\/secure.gravatar.com\/avatar\/a452ffbed9130f726358b298bb3a99ce4bd3c5338411f8440e87e14d74c7c087?s=96&d=mm&r=g","caption":"Matheus Felipe"}}]}},"_links":{"self":[{"href":"https:\/\/www.gaveanews.com\/index.php\/wp-json\/wp\/v2\/posts\/226594","targetHints":{"allow":["GET"]}}],"collection":[{"href":"https:\/\/www.gaveanews.com\/index.php\/wp-json\/wp\/v2\/posts"}],"about":[{"href":"https:\/\/www.gaveanews.com\/index.php\/wp-json\/wp\/v2\/types\/post"}],"author":[{"embeddable":true,"href":"https:\/\/www.gaveanews.com\/index.php\/wp-json\/wp\/v2\/users\/27"}],"replies":[{"embeddable":true,"href":"https:\/\/www.gaveanews.com\/index.php\/wp-json\/wp\/v2\/comments?post=226594"}],"version-history":[{"count":1,"href":"https:\/\/www.gaveanews.com\/index.php\/wp-json\/wp\/v2\/posts\/226594\/revisions"}],"predecessor-version":[{"id":226631,"href":"https:\/\/www.gaveanews.com\/index.php\/wp-json\/wp\/v2\/posts\/226594\/revisions\/226631"}],"wp:featuredmedia":[{"embeddable":true,"href":"https:\/\/www.gaveanews.com\/index.php\/wp-json\/wp\/v2\/media\/126375"}],"wp:attachment":[{"href":"https:\/\/www.gaveanews.com\/index.php\/wp-json\/wp\/v2\/media?parent=226594"}],"wp:term":[{"taxonomy":"category","embeddable":true,"href":"https:\/\/www.gaveanews.com\/index.php\/wp-json\/wp\/v2\/categories?post=226594"},{"taxonomy":"post_tag","embeddable":true,"href":"https:\/\/www.gaveanews.com\/index.php\/wp-json\/wp\/v2\/tags?post=226594"}],"curies":[{"name":"wp","href":"https:\/\/api.w.org\/{rel}","templated":true}]}}