{"id":226595,"date":"2025-02-12T05:55:00","date_gmt":"2025-02-12T08:55:00","guid":{"rendered":"https:\/\/www.gaveanews.com\/?p=226595"},"modified":"2025-02-12T03:18:38","modified_gmt":"2025-02-12T06:18:38","slug":"recado-de-pique-renovacao-de-szczesny-e-situacao-de-alejandro-balde-as-ultimas-noticias-do-barcelona","status":"publish","type":"post","link":"https:\/\/www.gaveanews.com\/index.php\/2025\/02\/12\/recado-de-pique-renovacao-de-szczesny-e-situacao-de-alejandro-balde-as-ultimas-noticias-do-barcelona\/","title":{"rendered":"Recado de Piqu\u00e9, renova\u00e7\u00e3o de Szczesny e situa\u00e7\u00e3o de Alejandro Balde: as \u00faltimas not\u00edcias do Barcelona"},"content":{"rendered":"\n<p>Nas \u00faltimas horas, o foco das not\u00edcias sobre o Barcelona se concentram nos bastidores do clube, com destaques do dia a dia do time.<\/p>\n\n\n\n<p>Por conta deste contexto, leia abaixo um resumo preparado pela equipe do portal G\u00e1vea News para lhe manter muito bem informado!<\/p>\n\n\n\n<h2 class=\"wp-block-heading\" id=\"h-situacao-de-alejandro-balde\">Situa\u00e7\u00e3o de Alejandro Balde<\/h2>\n\n\n\n<p>O Manchester United planeja refor\u00e7ar sua lateral-esquerda e est\u00e1 de olho em Alejandro Balde, do Barcelona. A diretoria dos Red Devils pretende fazer uma oferta de 40 milh\u00f5es de euros (cerca de 239 milh\u00f5es de reais) pelo jovem jogador, aproveitando a crise financeira do clube catal\u00e3o. No entanto, o t\u00e9cnico Hansi Flick pode se opor \u00e0 venda, pois considera Balde uma pe\u00e7a importante no elenco, embora a necessidade de equilibrar as finan\u00e7as possa pesar a favor da negocia\u00e7\u00e3o<strong><a href=\"https:\/\/www.gaveanews.com\/index.php\/2025\/02\/11\/manchester-united-quer-contratar-astro-do-barcelona\/\"> (leia a mat\u00e9ria completa).<\/a><\/strong><\/p>\n\n\n\n<blockquote class=\"instagram-media\" data-instgrm-permalink=\"https:\/\/www.instagram.com\/p\/DF4_whjIGHQ\/?utm_source=ig_embed&amp;utm_campaign=loading\" data-instgrm-version=\"14\" style=\" background:#FFF; border:0; border-radius:3px; box-shadow:0 0 1px 0 rgba(0,0,0,0.5),0 1px 10px 0 rgba(0,0,0,0.15); margin: 1px; max-width:540px; min-width:326px; padding:0; width:99.375%; width:-webkit-calc(100% - 2px); width:calc(100% - 2px);\"><div style=\"padding:16px;\"> <a href=\"https:\/\/www.instagram.com\/p\/DF4_whjIGHQ\/?utm_source=ig_embed&amp;utm_campaign=loading\" style=\" background:#FFFFFF; line-height:0; padding:0 0; text-align:center; text-decoration:none; width:100%;\" target=\"_blank\"> <div style=\" display: flex; flex-direction: row; align-items: center;\"> <div style=\"background-color: #F4F4F4; border-radius: 50%; flex-grow: 0; height: 40px; margin-right: 14px; width: 40px;\"><\/div> <div style=\"display: flex; flex-direction: column; flex-grow: 1; justify-content: center;\"> <div style=\" background-color: #F4F4F4; border-radius: 4px; flex-grow: 0; height: 14px; margin-bottom: 6px; width: 100px;\"><\/div> <div style=\" background-color: #F4F4F4; border-radius: 4px; flex-grow: 0; height: 14px; width: 60px;\"><\/div><\/div><\/div><div style=\"padding: 19% 0;\"><\/div> <div style=\"display:block; height:50px; margin:0 auto 12px; width:50px;\"><svg width=\"50px\" height=\"50px\" viewBox=\"0 0 60 60\" version=\"1.1\" xmlns=\"https:\/\/www.w3.org\/2000\/svg\" xmlns:xlink=\"https:\/\/www.w3.org\/1999\/xlink\"><g stroke=\"none\" stroke-width=\"1\" fill=\"none\" fill-rule=\"evenodd\"><g transform=\"translate(-511.000000, -20.000000)\" fill=\"#000000\"><g><path d=\"M556.869,30.41 C554.814,30.41 553.148,32.076 553.148,34.131 C553.148,36.186 554.814,37.852 556.869,37.852 C558.924,37.852 560.59,36.186 560.59,34.131 C560.59,32.076 558.924,30.41 556.869,30.41 M541,60.657 C535.114,60.657 530.342,55.887 530.342,50 C530.342,44.114 535.114,39.342 541,39.342 C546.887,39.342 551.658,44.114 551.658,50 C551.658,55.887 546.887,60.657 541,60.657 M541,33.886 C532.1,33.886 524.886,41.1 524.886,50 C524.886,58.899 532.1,66.113 541,66.113 C549.9,66.113 557.115,58.899 557.115,50 C557.115,41.1 549.9,33.886 541,33.886 M565.378,62.101 C565.244,65.022 564.756,66.606 564.346,67.663 C563.803,69.06 563.154,70.057 562.106,71.106 C561.058,72.155 560.06,72.803 558.662,73.347 C557.607,73.757 556.021,74.244 553.102,74.378 C549.944,74.521 548.997,74.552 541,74.552 C533.003,74.552 532.056,74.521 528.898,74.378 C525.979,74.244 524.393,73.757 523.338,73.347 C521.94,72.803 520.942,72.155 519.894,71.106 C518.846,70.057 518.197,69.06 517.654,67.663 C517.244,66.606 516.755,65.022 516.623,62.101 C516.479,58.943 516.448,57.996 516.448,50 C516.448,42.003 516.479,41.056 516.623,37.899 C516.755,34.978 517.244,33.391 517.654,32.338 C518.197,30.938 518.846,29.942 519.894,28.894 C520.942,27.846 521.94,27.196 523.338,26.654 C524.393,26.244 525.979,25.756 528.898,25.623 C532.057,25.479 533.004,25.448 541,25.448 C548.997,25.448 549.943,25.479 553.102,25.623 C556.021,25.756 557.607,26.244 558.662,26.654 C560.06,27.196 561.058,27.846 562.106,28.894 C563.154,29.942 563.803,30.938 564.346,32.338 C564.756,33.391 565.244,34.978 565.378,37.899 C565.522,41.056 565.552,42.003 565.552,50 C565.552,57.996 565.522,58.943 565.378,62.101 M570.82,37.631 C570.674,34.438 570.167,32.258 569.425,30.349 C568.659,28.377 567.633,26.702 565.965,25.035 C564.297,23.368 562.623,22.342 560.652,21.575 C558.743,20.834 556.562,20.326 553.369,20.18 C550.169,20.033 549.148,20 541,20 C532.853,20 531.831,20.033 528.631,20.18 C525.438,20.326 523.257,20.834 521.349,21.575 C519.376,22.342 517.703,23.368 516.035,25.035 C514.368,26.702 513.342,28.377 512.574,30.349 C511.834,32.258 511.326,34.438 511.181,37.631 C511.035,40.831 511,41.851 511,50 C511,58.147 511.035,59.17 511.181,62.369 C511.326,65.562 511.834,67.743 512.574,69.651 C513.342,71.625 514.368,73.296 516.035,74.965 C517.703,76.634 519.376,77.658 521.349,78.425 C523.257,79.167 525.438,79.673 528.631,79.82 C531.831,79.965 532.853,80.001 541,80.001 C549.148,80.001 550.169,79.965 553.369,79.82 C556.562,79.673 558.743,79.167 560.652,78.425 C562.623,77.658 564.297,76.634 565.965,74.965 C567.633,73.296 568.659,71.625 569.425,69.651 C570.167,67.743 570.674,65.562 570.82,62.369 C570.966,59.17 571,58.147 571,50 C571,41.851 570.966,40.831 570.82,37.631\"><\/path><\/g><\/g><\/g><\/svg><\/div><div style=\"padding-top: 8px;\"> <div style=\" color:#3897f0; font-family:Arial,sans-serif; font-size:14px; font-style:normal; font-weight:550; line-height:18px;\">Ver essa foto no Instagram<\/div><\/div><div style=\"padding: 12.5% 0;\"><\/div> <div style=\"display: flex; flex-direction: row; margin-bottom: 14px; align-items: center;\"><div> <div style=\"background-color: #F4F4F4; border-radius: 50%; height: 12.5px; width: 12.5px; transform: translateX(0px) translateY(7px);\"><\/div> <div style=\"background-color: #F4F4F4; height: 12.5px; transform: rotate(-45deg) translateX(3px) translateY(1px); width: 12.5px; flex-grow: 0; margin-right: 14px; margin-left: 2px;\"><\/div> <div style=\"background-color: #F4F4F4; border-radius: 50%; height: 12.5px; width: 12.5px; transform: translateX(9px) translateY(-18px);\"><\/div><\/div><div style=\"margin-left: 8px;\"> <div style=\" background-color: #F4F4F4; border-radius: 50%; flex-grow: 0; height: 20px; width: 20px;\"><\/div> <div style=\" width: 0; height: 0; border-top: 2px solid transparent; border-left: 6px solid #f4f4f4; border-bottom: 2px solid transparent; transform: translateX(16px) translateY(-4px) rotate(30deg)\"><\/div><\/div><div style=\"margin-left: auto;\"> <div style=\" width: 0px; border-top: 8px solid #F4F4F4; border-right: 8px solid transparent; transform: translateY(16px);\"><\/div> <div style=\" background-color: #F4F4F4; flex-grow: 0; height: 12px; width: 16px; transform: translateY(-4px);\"><\/div> <div style=\" width: 0; height: 0; border-top: 8px solid #F4F4F4; border-left: 8px solid transparent; transform: translateY(-4px) translateX(8px);\"><\/div><\/div><\/div> <div style=\"display: flex; flex-direction: column; flex-grow: 1; justify-content: center; margin-bottom: 24px;\"> <div style=\" background-color: #F4F4F4; border-radius: 4px; flex-grow: 0; height: 14px; margin-bottom: 6px; width: 224px;\"><\/div> <div style=\" background-color: #F4F4F4; border-radius: 4px; flex-grow: 0; height: 14px; width: 144px;\"><\/div><\/div><\/a><p style=\" color:#c9c8cd; font-family:Arial,sans-serif; font-size:14px; line-height:17px; margin-bottom:0; margin-top:8px; overflow:hidden; padding:8px 0 7px; text-align:center; text-overflow:ellipsis; white-space:nowrap;\"><a href=\"https:\/\/www.instagram.com\/p\/DF4_whjIGHQ\/?utm_source=ig_embed&amp;utm_campaign=loading\" style=\" color:#c9c8cd; font-family:Arial,sans-serif; font-size:14px; font-style:normal; font-weight:normal; line-height:17px; text-decoration:none;\" target=\"_blank\">Uma publica\u00e7\u00e3o compartilhada por ALEJANDRO BALDE (@alejandrobalde)<\/a><\/p><\/div><\/blockquote>\n<script async src=\"\/\/www.instagram.com\/embed.js\"><\/script>\n\n\n\n<p>O t\u00e9cnico Ruben Amorim tem trabalhado para reestruturar o Manchester United, impondo uma mentalidade mais disciplinada e exigente no elenco. <\/p>\n\n\n\n<p>Com isso, a busca por refor\u00e7os pontuais se tornou uma prioridade, e a lateral-esquerda \u00e9 uma posi\u00e7\u00e3o carente, atualmente disputada por Lisandro Mart\u00ednez e Luke Shaw. A contrata\u00e7\u00e3o de Balde daria mais seguran\u00e7a ao setor, trazendo um jogador jovem, r\u00e1pido e com experi\u00eancia no futebol de alto n\u00edvel.<\/p>\n\n\n\n<p>A proposta oficial deve ser apresentada na pr\u00f3xima janela de transfer\u00eancias, durante o inverno europeu. Caso o neg\u00f3cio se concretize, Balde chegaria ao United como pe\u00e7a-chave na reformula\u00e7\u00e3o de Amorim, enquanto o Barcelona aliviaria sua situa\u00e7\u00e3o financeira e ganharia margem para novas contrata\u00e7\u00f5es. A negocia\u00e7\u00e3o promete movimentar o mercado e pode ser decisiva para os planos das duas equipes na pr\u00f3xima temporada.<\/p>\n\n\n\n<h2 class=\"wp-block-heading\" id=\"h-renovacao-de-szczesny\">Renova\u00e7\u00e3o de Szczesny<\/h2>\n\n\n\n<p>O Barcelona se prepara para tomar uma decis\u00e3o importante sobre seu setor defensivo, j\u00e1 que o contrato do goleiro Wojciech Szczesny se encerra ao final da temporada. Inicialmente contratado como solu\u00e7\u00e3o tempor\u00e1ria para suprir a les\u00e3o de Ter Stegen, o polon\u00eas surpreendeu com seu desempenho e se firmou como titular, levantando questionamentos sobre seu futuro no clube. Com a volta do alem\u00e3o prevista para maio, a diretoria avalia a possibilidade de renovar com Szczesny para mant\u00ea-lo como reserva imediato ou at\u00e9 mesmo permitir que ele brigue pela titularidade <strong><a href=\"https:\/\/www.gaveanews.com\/index.php\/2025\/02\/10\/barcelona-prepara-renovacao-de-goleiro-titular\/\">(leia a mat\u00e9ria completa).<\/a><\/strong><\/p>\n\n\n\n<blockquote class=\"instagram-media\" data-instgrm-permalink=\"https:\/\/www.instagram.com\/p\/DEaq6QtOv6d\/?utm_source=ig_embed&amp;utm_campaign=loading\" data-instgrm-version=\"14\" style=\" background:#FFF; border:0; border-radius:3px; box-shadow:0 0 1px 0 rgba(0,0,0,0.5),0 1px 10px 0 rgba(0,0,0,0.15); margin: 1px; max-width:540px; min-width:326px; padding:0; width:99.375%; width:-webkit-calc(100% - 2px); width:calc(100% - 2px);\"><div style=\"padding:16px;\"> <a href=\"https:\/\/www.instagram.com\/p\/DEaq6QtOv6d\/?utm_source=ig_embed&amp;utm_campaign=loading\" style=\" background:#FFFFFF; line-height:0; padding:0 0; text-align:center; text-decoration:none; width:100%;\" target=\"_blank\"> <div style=\" display: flex; flex-direction: row; align-items: center;\"> <div style=\"background-color: #F4F4F4; border-radius: 50%; flex-grow: 0; height: 40px; margin-right: 14px; width: 40px;\"><\/div> <div style=\"display: flex; flex-direction: column; flex-grow: 1; justify-content: center;\"> <div style=\" background-color: #F4F4F4; border-radius: 4px; flex-grow: 0; height: 14px; margin-bottom: 6px; width: 100px;\"><\/div> <div style=\" background-color: #F4F4F4; border-radius: 4px; flex-grow: 0; height: 14px; width: 60px;\"><\/div><\/div><\/div><div style=\"padding: 19% 0;\"><\/div> <div style=\"display:block; height:50px; margin:0 auto 12px; width:50px;\"><svg width=\"50px\" height=\"50px\" viewBox=\"0 0 60 60\" version=\"1.1\" xmlns=\"https:\/\/www.w3.org\/2000\/svg\" xmlns:xlink=\"https:\/\/www.w3.org\/1999\/xlink\"><g stroke=\"none\" stroke-width=\"1\" fill=\"none\" fill-rule=\"evenodd\"><g transform=\"translate(-511.000000, -20.000000)\" fill=\"#000000\"><g><path d=\"M556.869,30.41 C554.814,30.41 553.148,32.076 553.148,34.131 C553.148,36.186 554.814,37.852 556.869,37.852 C558.924,37.852 560.59,36.186 560.59,34.131 C560.59,32.076 558.924,30.41 556.869,30.41 M541,60.657 C535.114,60.657 530.342,55.887 530.342,50 C530.342,44.114 535.114,39.342 541,39.342 C546.887,39.342 551.658,44.114 551.658,50 C551.658,55.887 546.887,60.657 541,60.657 M541,33.886 C532.1,33.886 524.886,41.1 524.886,50 C524.886,58.899 532.1,66.113 541,66.113 C549.9,66.113 557.115,58.899 557.115,50 C557.115,41.1 549.9,33.886 541,33.886 M565.378,62.101 C565.244,65.022 564.756,66.606 564.346,67.663 C563.803,69.06 563.154,70.057 562.106,71.106 C561.058,72.155 560.06,72.803 558.662,73.347 C557.607,73.757 556.021,74.244 553.102,74.378 C549.944,74.521 548.997,74.552 541,74.552 C533.003,74.552 532.056,74.521 528.898,74.378 C525.979,74.244 524.393,73.757 523.338,73.347 C521.94,72.803 520.942,72.155 519.894,71.106 C518.846,70.057 518.197,69.06 517.654,67.663 C517.244,66.606 516.755,65.022 516.623,62.101 C516.479,58.943 516.448,57.996 516.448,50 C516.448,42.003 516.479,41.056 516.623,37.899 C516.755,34.978 517.244,33.391 517.654,32.338 C518.197,30.938 518.846,29.942 519.894,28.894 C520.942,27.846 521.94,27.196 523.338,26.654 C524.393,26.244 525.979,25.756 528.898,25.623 C532.057,25.479 533.004,25.448 541,25.448 C548.997,25.448 549.943,25.479 553.102,25.623 C556.021,25.756 557.607,26.244 558.662,26.654 C560.06,27.196 561.058,27.846 562.106,28.894 C563.154,29.942 563.803,30.938 564.346,32.338 C564.756,33.391 565.244,34.978 565.378,37.899 C565.522,41.056 565.552,42.003 565.552,50 C565.552,57.996 565.522,58.943 565.378,62.101 M570.82,37.631 C570.674,34.438 570.167,32.258 569.425,30.349 C568.659,28.377 567.633,26.702 565.965,25.035 C564.297,23.368 562.623,22.342 560.652,21.575 C558.743,20.834 556.562,20.326 553.369,20.18 C550.169,20.033 549.148,20 541,20 C532.853,20 531.831,20.033 528.631,20.18 C525.438,20.326 523.257,20.834 521.349,21.575 C519.376,22.342 517.703,23.368 516.035,25.035 C514.368,26.702 513.342,28.377 512.574,30.349 C511.834,32.258 511.326,34.438 511.181,37.631 C511.035,40.831 511,41.851 511,50 C511,58.147 511.035,59.17 511.181,62.369 C511.326,65.562 511.834,67.743 512.574,69.651 C513.342,71.625 514.368,73.296 516.035,74.965 C517.703,76.634 519.376,77.658 521.349,78.425 C523.257,79.167 525.438,79.673 528.631,79.82 C531.831,79.965 532.853,80.001 541,80.001 C549.148,80.001 550.169,79.965 553.369,79.82 C556.562,79.673 558.743,79.167 560.652,78.425 C562.623,77.658 564.297,76.634 565.965,74.965 C567.633,73.296 568.659,71.625 569.425,69.651 C570.167,67.743 570.674,65.562 570.82,62.369 C570.966,59.17 571,58.147 571,50 C571,41.851 570.966,40.831 570.82,37.631\"><\/path><\/g><\/g><\/g><\/svg><\/div><div style=\"padding-top: 8px;\"> <div style=\" color:#3897f0; font-family:Arial,sans-serif; font-size:14px; font-style:normal; font-weight:550; line-height:18px;\">Ver essa foto no Instagram<\/div><\/div><div style=\"padding: 12.5% 0;\"><\/div> <div style=\"display: flex; flex-direction: row; margin-bottom: 14px; align-items: center;\"><div> <div style=\"background-color: #F4F4F4; border-radius: 50%; height: 12.5px; width: 12.5px; transform: translateX(0px) translateY(7px);\"><\/div> <div style=\"background-color: #F4F4F4; height: 12.5px; transform: rotate(-45deg) translateX(3px) translateY(1px); width: 12.5px; flex-grow: 0; margin-right: 14px; margin-left: 2px;\"><\/div> <div style=\"background-color: #F4F4F4; border-radius: 50%; height: 12.5px; width: 12.5px; transform: translateX(9px) translateY(-18px);\"><\/div><\/div><div style=\"margin-left: 8px;\"> <div style=\" background-color: #F4F4F4; border-radius: 50%; flex-grow: 0; height: 20px; width: 20px;\"><\/div> <div style=\" width: 0; height: 0; border-top: 2px solid transparent; border-left: 6px solid #f4f4f4; border-bottom: 2px solid transparent; transform: translateX(16px) translateY(-4px) rotate(30deg)\"><\/div><\/div><div style=\"margin-left: auto;\"> <div style=\" width: 0px; border-top: 8px solid #F4F4F4; border-right: 8px solid transparent; transform: translateY(16px);\"><\/div> <div style=\" background-color: #F4F4F4; flex-grow: 0; height: 12px; width: 16px; transform: translateY(-4px);\"><\/div> <div style=\" width: 0; height: 0; border-top: 8px solid #F4F4F4; border-left: 8px solid transparent; transform: translateY(-4px) translateX(8px);\"><\/div><\/div><\/div> <div style=\"display: flex; flex-direction: column; flex-grow: 1; justify-content: center; margin-bottom: 24px;\"> <div style=\" background-color: #F4F4F4; border-radius: 4px; flex-grow: 0; height: 14px; margin-bottom: 6px; width: 224px;\"><\/div> <div style=\" background-color: #F4F4F4; border-radius: 4px; flex-grow: 0; height: 14px; width: 144px;\"><\/div><\/div><\/a><p style=\" color:#c9c8cd; font-family:Arial,sans-serif; font-size:14px; line-height:17px; margin-bottom:0; margin-top:8px; overflow:hidden; padding:8px 0 7px; text-align:center; text-overflow:ellipsis; white-space:nowrap;\"><a href=\"https:\/\/www.instagram.com\/p\/DEaq6QtOv6d\/?utm_source=ig_embed&amp;utm_campaign=loading\" style=\" color:#c9c8cd; font-family:Arial,sans-serif; font-size:14px; font-style:normal; font-weight:normal; line-height:17px; text-decoration:none;\" target=\"_blank\">Uma publica\u00e7\u00e3o compartilhada por FC Barcelona (@fcbarcelona)<\/a><\/p><\/div><\/blockquote>\n<script async src=\"\/\/www.instagram.com\/embed.js\"><\/script>\n\n\n\n<p>Segundo o jornalista Toni Juanmart\u00ed, o Barcelona est\u00e1 inclinado a oferecer uma renova\u00e7\u00e3o ao goleiro de 34 anos, especialmente porque Inaki Pe\u00f1a, insatisfeito com a falta de oportunidades, deseja deixar o clube. Szczesny, por sua vez, estaria disposto a continuar no elenco, mesmo que seja para atuar como suplente, trazendo sua experi\u00eancia e seguran\u00e7a para o setor defensivo da equipe catal\u00e3.<\/p>\n\n\n\n<p>Com passagens por Arsenal, Roma e Juventus, Szczesny mostrou sua qualidade ao longo da temporada, ganhando o respeito da torcida e da comiss\u00e3o t\u00e9cnica. Agora, o Barcelona avalia os pr\u00f3ximos passos para definir a melhor estrat\u00e9gia em rela\u00e7\u00e3o ao gol, garantindo estabilidade para a temporada 2025\/26 e equilibrando a disputa pela posi\u00e7\u00e3o entre o polon\u00eas e Ter Stegen.<\/p>\n\n\n\n<h2 class=\"wp-block-heading\" id=\"h-recado-de-pique\">Recado de Piqu\u00e9<\/h2>\n\n\n\n<p>Gerard Piqu\u00e9 criticou o Real Madrid ap\u00f3s o clube enviar uma carta \u00e0 Real Federa\u00e7\u00e3o Espanhola de Futebol (RFEF), protestando contra a arbitragem no jogo contra o Espanyol. O ex-zagueiro do Barcelona ironizou a atitude dos merengues, classificando a reclama\u00e7\u00e3o como uma &#8220;cortina de fuma\u00e7a&#8221; para desviar a aten\u00e7\u00e3o de problemas internos. Segundo ele, esse tipo de press\u00e3o sobre os \u00e1rbitros faz parte da hist\u00f3ria do clube madrilenho h\u00e1 mais de um s\u00e9culo<strong><a href=\"https:\/\/www.gaveanews.com\/index.php\/2025\/02\/05\/pique-detona-atitude-do-real-madrid\/\"> (leia a mat\u00e9ria completa).<\/a><\/strong><\/p>\n\n\n\n<figure class=\"wp-block-image size-large\"><img loading=\"lazy\" decoding=\"async\" width=\"1024\" height=\"683\" src=\"http:\/\/www.gaveanews.com\/wp-content\/uploads\/Gerard-Pique-ex-jogador-de-futebol-1024x683.webp\" alt=\"\" class=\"wp-image-175638\" srcset=\"https:\/\/www.gaveanews.com\/wp-content\/uploads\/Gerard-Pique-ex-jogador-de-futebol-1024x683.webp 1024w, https:\/\/www.gaveanews.com\/wp-content\/uploads\/Gerard-Pique-ex-jogador-de-futebol-300x200.webp 300w, https:\/\/www.gaveanews.com\/wp-content\/uploads\/Gerard-Pique-ex-jogador-de-futebol-768x512.webp 768w, https:\/\/www.gaveanews.com\/wp-content\/uploads\/Gerard-Pique-ex-jogador-de-futebol-630x420.webp 630w, https:\/\/www.gaveanews.com\/wp-content\/uploads\/Gerard-Pique-ex-jogador-de-futebol-640x427.webp 640w, https:\/\/www.gaveanews.com\/wp-content\/uploads\/Gerard-Pique-ex-jogador-de-futebol-681x454.webp 681w, https:\/\/www.gaveanews.com\/wp-content\/uploads\/Gerard-Pique-ex-jogador-de-futebol-100x67.webp 100w, https:\/\/www.gaveanews.com\/wp-content\/uploads\/Gerard-Pique-ex-jogador-de-futebol.webp 1050w\" sizes=\"auto, (max-width: 1024px) 100vw, 1024px\" \/><figcaption class=\"wp-element-caption\">Gerard Pique, ex-jogador de futebol (Foto: Reprodu\u00e7\u00e3o\/Instagram)<\/figcaption><\/figure>\n\n\n\n<p>O Real Madrid alegou que os erros da arbitragem causaram um &#8220;esc\u00e2ndalo global&#8221;, citando dois lances pol\u00eamicos: uma entrada dura em Mbapp\u00e9, que resultou apenas em um cart\u00e3o amarelo para o advers\u00e1rio, e a anula\u00e7\u00e3o de um gol de Vin\u00edcius J\u00fanior devido a uma falta anterior de Mbapp\u00e9. O clube exigiu acesso \u00e0s conversas da cabine do VAR para esclarecer as decis\u00f5es.<\/p>\n\n\n\n<p>Piqu\u00e9, por sua vez, minimizou a pol\u00eamica e sugeriu que as reclama\u00e7\u00f5es s\u00e3o uma estrat\u00e9gia recorrente do Real Madrid para influenciar a arbitragem. A rivalidade entre os dois clubes segue acirrada, tanto dentro quanto fora de campo, refor\u00e7ando o clima de tens\u00e3o na disputa pela La Liga.<\/p>\n","protected":false},"excerpt":{"rendered":"<p>Nas \u00faltimas horas, o foco das not\u00edcias sobre o Barcelona se concentram nos bastidores do clube, com destaques do dia a dia do time. Por conta deste contexto, leia abaixo um resumo preparado pela equipe do portal G\u00e1vea News para lhe manter muito bem informado! Situa\u00e7\u00e3o de Alejandro Balde O Manchester United planeja refor\u00e7ar sua [&hellip;]<\/p>\n","protected":false},"author":27,"featured_media":122108,"comment_status":"open","ping_status":"closed","sticky":false,"template":"","format":"standard","meta":{"footnotes":""},"categories":[87],"tags":[],"class_list":["post-226595","post","type-post","status-publish","format-standard","has-post-thumbnail","hentry","category-barcelona"],"yoast_head":"<!-- This site is optimized with the Yoast SEO Premium plugin v24.2 (Yoast SEO v26.9) - https:\/\/yoast.com\/product\/yoast-seo-premium-wordpress\/ -->\n<title>Recado de Piqu\u00e9, renova\u00e7\u00e3o de Szczesny e situa\u00e7\u00e3o de Alejandro Balde: as \u00faltimas not\u00edcias do Barcelona<\/title>\n<meta name=\"robots\" content=\"index, follow, max-snippet:-1, max-image-preview:large, max-video-preview:-1\" \/>\n<link rel=\"canonical\" href=\"https:\/\/www.gaveanews.com\/index.php\/2025\/02\/12\/recado-de-pique-renovacao-de-szczesny-e-situacao-de-alejandro-balde-as-ultimas-noticias-do-barcelona\/\" \/>\n<meta property=\"og:locale\" content=\"pt_BR\" \/>\n<meta property=\"og:type\" content=\"article\" \/>\n<meta property=\"og:title\" content=\"Recado de Piqu\u00e9, renova\u00e7\u00e3o de Szczesny e situa\u00e7\u00e3o de Alejandro Balde: as \u00faltimas not\u00edcias do Barcelona\" \/>\n<meta property=\"og:description\" content=\"Nas \u00faltimas horas, o foco das not\u00edcias sobre o Barcelona se concentram nos bastidores do clube, com destaques do dia a dia do time. Por conta deste contexto, leia abaixo um resumo preparado pela equipe do portal G\u00e1vea News para lhe manter muito bem informado! Situa\u00e7\u00e3o de Alejandro Balde O Manchester United planeja refor\u00e7ar sua [&hellip;]\" \/>\n<meta property=\"og:url\" content=\"https:\/\/www.gaveanews.com\/index.php\/2025\/02\/12\/recado-de-pique-renovacao-de-szczesny-e-situacao-de-alejandro-balde-as-ultimas-noticias-do-barcelona\/\" \/>\n<meta property=\"og:site_name\" content=\"G\u00e1vea News\" \/>\n<meta property=\"article:publisher\" content=\"https:\/\/facebook.com\/gaveaNews\/\" \/>\n<meta property=\"article:published_time\" content=\"2025-02-12T08:55:00+00:00\" \/>\n<meta property=\"og:image\" content=\"https:\/\/www.gaveanews.com\/wp-content\/uploads\/barca.webp\" \/>\n\t<meta property=\"og:image:width\" content=\"1000\" \/>\n\t<meta property=\"og:image:height\" content=\"658\" \/>\n\t<meta property=\"og:image:type\" content=\"image\/webp\" \/>\n<meta name=\"author\" content=\"Matheus Felipe\" \/>\n<meta name=\"twitter:card\" content=\"summary_large_image\" \/>\n<meta name=\"twitter:label1\" content=\"Escrito por\" \/>\n\t<meta name=\"twitter:data1\" content=\"Matheus Felipe\" \/>\n\t<meta name=\"twitter:label2\" content=\"Est. tempo de leitura\" \/>\n\t<meta name=\"twitter:data2\" content=\"5 minutos\" \/>\n<script type=\"application\/ld+json\" class=\"yoast-schema-graph\">{\"@context\":\"https:\/\/schema.org\",\"@graph\":[{\"@type\":\"NewsArticle\",\"@id\":\"https:\/\/www.gaveanews.com\/index.php\/2025\/02\/12\/recado-de-pique-renovacao-de-szczesny-e-situacao-de-alejandro-balde-as-ultimas-noticias-do-barcelona\/#article\",\"isPartOf\":{\"@id\":\"https:\/\/www.gaveanews.com\/index.php\/2025\/02\/12\/recado-de-pique-renovacao-de-szczesny-e-situacao-de-alejandro-balde-as-ultimas-noticias-do-barcelona\/\"},\"author\":{\"name\":\"Matheus Felipe\",\"@id\":\"https:\/\/www.gaveanews.com\/#\/schema\/person\/8207cd4627f56151707418bfc835b2fb\"},\"headline\":\"Recado de Piqu\u00e9, renova\u00e7\u00e3o de Szczesny e situa\u00e7\u00e3o de Alejandro Balde: as \u00faltimas not\u00edcias do Barcelona\",\"datePublished\":\"2025-02-12T08:55:00+00:00\",\"mainEntityOfPage\":{\"@id\":\"https:\/\/www.gaveanews.com\/index.php\/2025\/02\/12\/recado-de-pique-renovacao-de-szczesny-e-situacao-de-alejandro-balde-as-ultimas-noticias-do-barcelona\/\"},\"wordCount\":784,\"commentCount\":0,\"image\":{\"@id\":\"https:\/\/www.gaveanews.com\/index.php\/2025\/02\/12\/recado-de-pique-renovacao-de-szczesny-e-situacao-de-alejandro-balde-as-ultimas-noticias-do-barcelona\/#primaryimage\"},\"thumbnailUrl\":\"https:\/\/www.gaveanews.com\/wp-content\/uploads\/barca.webp\",\"articleSection\":[\"Barcelona\"],\"inLanguage\":\"pt-BR\",\"potentialAction\":[{\"@type\":\"CommentAction\",\"name\":\"Comment\",\"target\":[\"https:\/\/www.gaveanews.com\/index.php\/2025\/02\/12\/recado-de-pique-renovacao-de-szczesny-e-situacao-de-alejandro-balde-as-ultimas-noticias-do-barcelona\/#respond\"]}],\"copyrightYear\":\"2025\",\"copyrightHolder\":{\"@id\":\"https:\/\/www.gaveanews.com\/#organization\"}},{\"@type\":\"WebPage\",\"@id\":\"https:\/\/www.gaveanews.com\/index.php\/2025\/02\/12\/recado-de-pique-renovacao-de-szczesny-e-situacao-de-alejandro-balde-as-ultimas-noticias-do-barcelona\/\",\"url\":\"https:\/\/www.gaveanews.com\/index.php\/2025\/02\/12\/recado-de-pique-renovacao-de-szczesny-e-situacao-de-alejandro-balde-as-ultimas-noticias-do-barcelona\/\",\"name\":\"Recado de Piqu\u00e9, renova\u00e7\u00e3o de Szczesny e situa\u00e7\u00e3o de Alejandro Balde: as \u00faltimas not\u00edcias do Barcelona\",\"isPartOf\":{\"@id\":\"https:\/\/www.gaveanews.com\/#website\"},\"primaryImageOfPage\":{\"@id\":\"https:\/\/www.gaveanews.com\/index.php\/2025\/02\/12\/recado-de-pique-renovacao-de-szczesny-e-situacao-de-alejandro-balde-as-ultimas-noticias-do-barcelona\/#primaryimage\"},\"image\":{\"@id\":\"https:\/\/www.gaveanews.com\/index.php\/2025\/02\/12\/recado-de-pique-renovacao-de-szczesny-e-situacao-de-alejandro-balde-as-ultimas-noticias-do-barcelona\/#primaryimage\"},\"thumbnailUrl\":\"https:\/\/www.gaveanews.com\/wp-content\/uploads\/barca.webp\",\"datePublished\":\"2025-02-12T08:55:00+00:00\",\"author\":{\"@id\":\"https:\/\/www.gaveanews.com\/#\/schema\/person\/8207cd4627f56151707418bfc835b2fb\"},\"breadcrumb\":{\"@id\":\"https:\/\/www.gaveanews.com\/index.php\/2025\/02\/12\/recado-de-pique-renovacao-de-szczesny-e-situacao-de-alejandro-balde-as-ultimas-noticias-do-barcelona\/#breadcrumb\"},\"inLanguage\":\"pt-BR\",\"potentialAction\":[{\"@type\":\"ReadAction\",\"target\":[\"https:\/\/www.gaveanews.com\/index.php\/2025\/02\/12\/recado-de-pique-renovacao-de-szczesny-e-situacao-de-alejandro-balde-as-ultimas-noticias-do-barcelona\/\"]}]},{\"@type\":\"ImageObject\",\"inLanguage\":\"pt-BR\",\"@id\":\"https:\/\/www.gaveanews.com\/index.php\/2025\/02\/12\/recado-de-pique-renovacao-de-szczesny-e-situacao-de-alejandro-balde-as-ultimas-noticias-do-barcelona\/#primaryimage\",\"url\":\"https:\/\/www.gaveanews.com\/wp-content\/uploads\/barca.webp\",\"contentUrl\":\"https:\/\/www.gaveanews.com\/wp-content\/uploads\/barca.webp\",\"width\":1000,\"height\":658,\"caption\":\"Escudo do Barcelona (Foto: Reprodu\u00e7\u00e3o)\"},{\"@type\":\"BreadcrumbList\",\"@id\":\"https:\/\/www.gaveanews.com\/index.php\/2025\/02\/12\/recado-de-pique-renovacao-de-szczesny-e-situacao-de-alejandro-balde-as-ultimas-noticias-do-barcelona\/#breadcrumb\",\"itemListElement\":[{\"@type\":\"ListItem\",\"position\":1,\"name\":\"Home\",\"item\":\"https:\/\/www.gaveanews.com\/\"},{\"@type\":\"ListItem\",\"position\":2,\"name\":\"Recado de Piqu\u00e9, renova\u00e7\u00e3o de Szczesny e situa\u00e7\u00e3o de Alejandro Balde: as \u00faltimas not\u00edcias do Barcelona\"}]},{\"@type\":\"WebSite\",\"@id\":\"https:\/\/www.gaveanews.com\/#website\",\"url\":\"https:\/\/www.gaveanews.com\/\",\"name\":\"G\u00e1vea News\",\"description\":\"Veja todas as not\u00edcias sobre o Flamengo: Contrata\u00e7\u00f5es, categorias de base, resultados das partidas, tabela de classifica\u00e7\u00e3o, pr\u00f3ximos jogos!\",\"potentialAction\":[{\"@type\":\"SearchAction\",\"target\":{\"@type\":\"EntryPoint\",\"urlTemplate\":\"https:\/\/www.gaveanews.com\/?s={search_term_string}\"},\"query-input\":{\"@type\":\"PropertyValueSpecification\",\"valueRequired\":true,\"valueName\":\"search_term_string\"}}],\"inLanguage\":\"pt-BR\"},{\"@type\":\"Person\",\"@id\":\"https:\/\/www.gaveanews.com\/#\/schema\/person\/8207cd4627f56151707418bfc835b2fb\",\"name\":\"Matheus Felipe\",\"image\":{\"@type\":\"ImageObject\",\"inLanguage\":\"pt-BR\",\"@id\":\"https:\/\/www.gaveanews.com\/#\/schema\/person\/image\/\",\"url\":\"https:\/\/secure.gravatar.com\/avatar\/a452ffbed9130f726358b298bb3a99ce4bd3c5338411f8440e87e14d74c7c087?s=96&d=mm&r=g\",\"contentUrl\":\"https:\/\/secure.gravatar.com\/avatar\/a452ffbed9130f726358b298bb3a99ce4bd3c5338411f8440e87e14d74c7c087?s=96&d=mm&r=g\",\"caption\":\"Matheus Felipe\"}}]}<\/script>\n<!-- \/ Yoast SEO Premium plugin. -->","yoast_head_json":{"title":"Recado de Piqu\u00e9, renova\u00e7\u00e3o de Szczesny e situa\u00e7\u00e3o de Alejandro Balde: as \u00faltimas not\u00edcias do Barcelona","robots":{"index":"index","follow":"follow","max-snippet":"max-snippet:-1","max-image-preview":"max-image-preview:large","max-video-preview":"max-video-preview:-1"},"canonical":"https:\/\/www.gaveanews.com\/index.php\/2025\/02\/12\/recado-de-pique-renovacao-de-szczesny-e-situacao-de-alejandro-balde-as-ultimas-noticias-do-barcelona\/","og_locale":"pt_BR","og_type":"article","og_title":"Recado de Piqu\u00e9, renova\u00e7\u00e3o de Szczesny e situa\u00e7\u00e3o de Alejandro Balde: as \u00faltimas not\u00edcias do Barcelona","og_description":"Nas \u00faltimas horas, o foco das not\u00edcias sobre o Barcelona se concentram nos bastidores do clube, com destaques do dia a dia do time. Por conta deste contexto, leia abaixo um resumo preparado pela equipe do portal G\u00e1vea News para lhe manter muito bem informado! Situa\u00e7\u00e3o de Alejandro Balde O Manchester United planeja refor\u00e7ar sua [&hellip;]","og_url":"https:\/\/www.gaveanews.com\/index.php\/2025\/02\/12\/recado-de-pique-renovacao-de-szczesny-e-situacao-de-alejandro-balde-as-ultimas-noticias-do-barcelona\/","og_site_name":"G\u00e1vea News","article_publisher":"https:\/\/facebook.com\/gaveaNews\/","article_published_time":"2025-02-12T08:55:00+00:00","og_image":[{"width":1000,"height":658,"url":"https:\/\/www.gaveanews.com\/wp-content\/uploads\/barca.webp","type":"image\/webp"}],"author":"Matheus Felipe","twitter_card":"summary_large_image","twitter_misc":{"Escrito por":"Matheus Felipe","Est. tempo de leitura":"5 minutos"},"schema":{"@context":"https:\/\/schema.org","@graph":[{"@type":"NewsArticle","@id":"https:\/\/www.gaveanews.com\/index.php\/2025\/02\/12\/recado-de-pique-renovacao-de-szczesny-e-situacao-de-alejandro-balde-as-ultimas-noticias-do-barcelona\/#article","isPartOf":{"@id":"https:\/\/www.gaveanews.com\/index.php\/2025\/02\/12\/recado-de-pique-renovacao-de-szczesny-e-situacao-de-alejandro-balde-as-ultimas-noticias-do-barcelona\/"},"author":{"name":"Matheus Felipe","@id":"https:\/\/www.gaveanews.com\/#\/schema\/person\/8207cd4627f56151707418bfc835b2fb"},"headline":"Recado de Piqu\u00e9, renova\u00e7\u00e3o de Szczesny e situa\u00e7\u00e3o de Alejandro Balde: as \u00faltimas not\u00edcias do Barcelona","datePublished":"2025-02-12T08:55:00+00:00","mainEntityOfPage":{"@id":"https:\/\/www.gaveanews.com\/index.php\/2025\/02\/12\/recado-de-pique-renovacao-de-szczesny-e-situacao-de-alejandro-balde-as-ultimas-noticias-do-barcelona\/"},"wordCount":784,"commentCount":0,"image":{"@id":"https:\/\/www.gaveanews.com\/index.php\/2025\/02\/12\/recado-de-pique-renovacao-de-szczesny-e-situacao-de-alejandro-balde-as-ultimas-noticias-do-barcelona\/#primaryimage"},"thumbnailUrl":"https:\/\/www.gaveanews.com\/wp-content\/uploads\/barca.webp","articleSection":["Barcelona"],"inLanguage":"pt-BR","potentialAction":[{"@type":"CommentAction","name":"Comment","target":["https:\/\/www.gaveanews.com\/index.php\/2025\/02\/12\/recado-de-pique-renovacao-de-szczesny-e-situacao-de-alejandro-balde-as-ultimas-noticias-do-barcelona\/#respond"]}],"copyrightYear":"2025","copyrightHolder":{"@id":"https:\/\/www.gaveanews.com\/#organization"}},{"@type":"WebPage","@id":"https:\/\/www.gaveanews.com\/index.php\/2025\/02\/12\/recado-de-pique-renovacao-de-szczesny-e-situacao-de-alejandro-balde-as-ultimas-noticias-do-barcelona\/","url":"https:\/\/www.gaveanews.com\/index.php\/2025\/02\/12\/recado-de-pique-renovacao-de-szczesny-e-situacao-de-alejandro-balde-as-ultimas-noticias-do-barcelona\/","name":"Recado de Piqu\u00e9, renova\u00e7\u00e3o de Szczesny e situa\u00e7\u00e3o de Alejandro Balde: as \u00faltimas not\u00edcias do Barcelona","isPartOf":{"@id":"https:\/\/www.gaveanews.com\/#website"},"primaryImageOfPage":{"@id":"https:\/\/www.gaveanews.com\/index.php\/2025\/02\/12\/recado-de-pique-renovacao-de-szczesny-e-situacao-de-alejandro-balde-as-ultimas-noticias-do-barcelona\/#primaryimage"},"image":{"@id":"https:\/\/www.gaveanews.com\/index.php\/2025\/02\/12\/recado-de-pique-renovacao-de-szczesny-e-situacao-de-alejandro-balde-as-ultimas-noticias-do-barcelona\/#primaryimage"},"thumbnailUrl":"https:\/\/www.gaveanews.com\/wp-content\/uploads\/barca.webp","datePublished":"2025-02-12T08:55:00+00:00","author":{"@id":"https:\/\/www.gaveanews.com\/#\/schema\/person\/8207cd4627f56151707418bfc835b2fb"},"breadcrumb":{"@id":"https:\/\/www.gaveanews.com\/index.php\/2025\/02\/12\/recado-de-pique-renovacao-de-szczesny-e-situacao-de-alejandro-balde-as-ultimas-noticias-do-barcelona\/#breadcrumb"},"inLanguage":"pt-BR","potentialAction":[{"@type":"ReadAction","target":["https:\/\/www.gaveanews.com\/index.php\/2025\/02\/12\/recado-de-pique-renovacao-de-szczesny-e-situacao-de-alejandro-balde-as-ultimas-noticias-do-barcelona\/"]}]},{"@type":"ImageObject","inLanguage":"pt-BR","@id":"https:\/\/www.gaveanews.com\/index.php\/2025\/02\/12\/recado-de-pique-renovacao-de-szczesny-e-situacao-de-alejandro-balde-as-ultimas-noticias-do-barcelona\/#primaryimage","url":"https:\/\/www.gaveanews.com\/wp-content\/uploads\/barca.webp","contentUrl":"https:\/\/www.gaveanews.com\/wp-content\/uploads\/barca.webp","width":1000,"height":658,"caption":"Escudo do Barcelona (Foto: Reprodu\u00e7\u00e3o)"},{"@type":"BreadcrumbList","@id":"https:\/\/www.gaveanews.com\/index.php\/2025\/02\/12\/recado-de-pique-renovacao-de-szczesny-e-situacao-de-alejandro-balde-as-ultimas-noticias-do-barcelona\/#breadcrumb","itemListElement":[{"@type":"ListItem","position":1,"name":"Home","item":"https:\/\/www.gaveanews.com\/"},{"@type":"ListItem","position":2,"name":"Recado de Piqu\u00e9, renova\u00e7\u00e3o de Szczesny e situa\u00e7\u00e3o de Alejandro Balde: as \u00faltimas not\u00edcias do Barcelona"}]},{"@type":"WebSite","@id":"https:\/\/www.gaveanews.com\/#website","url":"https:\/\/www.gaveanews.com\/","name":"G\u00e1vea News","description":"Veja todas as not\u00edcias sobre o Flamengo: Contrata\u00e7\u00f5es, categorias de base, resultados das partidas, tabela de classifica\u00e7\u00e3o, pr\u00f3ximos jogos!","potentialAction":[{"@type":"SearchAction","target":{"@type":"EntryPoint","urlTemplate":"https:\/\/www.gaveanews.com\/?s={search_term_string}"},"query-input":{"@type":"PropertyValueSpecification","valueRequired":true,"valueName":"search_term_string"}}],"inLanguage":"pt-BR"},{"@type":"Person","@id":"https:\/\/www.gaveanews.com\/#\/schema\/person\/8207cd4627f56151707418bfc835b2fb","name":"Matheus Felipe","image":{"@type":"ImageObject","inLanguage":"pt-BR","@id":"https:\/\/www.gaveanews.com\/#\/schema\/person\/image\/","url":"https:\/\/secure.gravatar.com\/avatar\/a452ffbed9130f726358b298bb3a99ce4bd3c5338411f8440e87e14d74c7c087?s=96&d=mm&r=g","contentUrl":"https:\/\/secure.gravatar.com\/avatar\/a452ffbed9130f726358b298bb3a99ce4bd3c5338411f8440e87e14d74c7c087?s=96&d=mm&r=g","caption":"Matheus Felipe"}}]}},"_links":{"self":[{"href":"https:\/\/www.gaveanews.com\/index.php\/wp-json\/wp\/v2\/posts\/226595","targetHints":{"allow":["GET"]}}],"collection":[{"href":"https:\/\/www.gaveanews.com\/index.php\/wp-json\/wp\/v2\/posts"}],"about":[{"href":"https:\/\/www.gaveanews.com\/index.php\/wp-json\/wp\/v2\/types\/post"}],"author":[{"embeddable":true,"href":"https:\/\/www.gaveanews.com\/index.php\/wp-json\/wp\/v2\/users\/27"}],"replies":[{"embeddable":true,"href":"https:\/\/www.gaveanews.com\/index.php\/wp-json\/wp\/v2\/comments?post=226595"}],"version-history":[{"count":1,"href":"https:\/\/www.gaveanews.com\/index.php\/wp-json\/wp\/v2\/posts\/226595\/revisions"}],"predecessor-version":[{"id":226634,"href":"https:\/\/www.gaveanews.com\/index.php\/wp-json\/wp\/v2\/posts\/226595\/revisions\/226634"}],"wp:featuredmedia":[{"embeddable":true,"href":"https:\/\/www.gaveanews.com\/index.php\/wp-json\/wp\/v2\/media\/122108"}],"wp:attachment":[{"href":"https:\/\/www.gaveanews.com\/index.php\/wp-json\/wp\/v2\/media?parent=226595"}],"wp:term":[{"taxonomy":"category","embeddable":true,"href":"https:\/\/www.gaveanews.com\/index.php\/wp-json\/wp\/v2\/categories?post=226595"},{"taxonomy":"post_tag","embeddable":true,"href":"https:\/\/www.gaveanews.com\/index.php\/wp-json\/wp\/v2\/tags?post=226595"}],"curies":[{"name":"wp","href":"https:\/\/api.w.org\/{rel}","templated":true}]}}